{"id":34244,"date":"2022-11-11T09:38:43","date_gmt":"2022-11-11T08:38:43","guid":{"rendered":"https:\/\/www.krafthand.de\/truck\/?p=34244"},"modified":"2022-11-11T09:38:11","modified_gmt":"2022-11-11T08:38:11","slug":"un-klimakonferenz-i-cop27-keyou-praesentiert-wasserstofftechnologie","status":"publish","type":"post","link":"https:\/\/www.krafthand.de\/truck\/artikel\/un-klimakonferenz-i-cop27-keyou-praesentiert-wasserstofftechnologie-34244\/","title":{"rendered":"UN-Klimakonferenz I COP27: KEYOU pr\u00e4sentiert Wasserstofftechnologie"},"content":{"rendered":"<p>Der Weltklimagipfel (COP27) der Vereinten Nationen in Sharm El Sheikh, \u00c4gypten, ist im vollen Gange. Politker:innen aus aller Welt diskutieren \u00fcber die Klimakrise und potenzielle L\u00f6sungsans\u00e4tze, um das 1,5-Grad-Ziel zu erreichen. Vom 7. Bis 9. November fanden sich im Rahmen der COP27 Industrievertreter, F\u00fchrungskr\u00e4fte und Vertreter der UN beim &#8218;Vision 2045 Summit&#8216; ein. Mit dabei auch der M\u00fcnchner Wasserstoffspezialist <a href=\"https:\/\/www.keyou.de\" target=\"_blank\" rel=\"noopener\">KEYOU<\/a>, der seine Wasserstoff-Umr\u00fcsttechnologie f\u00fcr Diesel-Nutzfahrzeuge im Rahmen einer Podiumsdiskussion pr\u00e4sentierte.<\/p>\n<p>Der Klimawandel ist f\u00fcr uns alle sp\u00fcrbar, hei\u00dfe Sommer und milde Winter beinahe die Regel. Bereits seit der ersten UN-Klimakonferenz in Berlin 1995 (COP 1) war das Ziel der teilnehmenden Staaten, die Folgen des Klimawandels abzuschw\u00e4chen und effektive L\u00f6sungen f\u00fcr eine nachhaltige Zukunft zu forcieren. Genau hier setzt die von Reuters und TBD Media ins Leben gerufene Initiative <a href=\"https:\/\/vision2045.com\" target=\"_blank\" rel=\"noopener\">&#8218;Vision 2045&#8216; <\/a>an. \u00dcber 50 weltweit f\u00fchrende Vertreter aus Wirtschaft und Industrie \u2013 darunter F\u00fchrungskr\u00e4fte von b\u00f6rsennotierten Unternehmen wie die CHIRON Group SE oder die AE Group, aber auch die Bundesligisten Borussia Dortmund und TSG Hoffenheim sowie die R&amp;V Versicherung \u2013 wurden w\u00e4hrend eines dreit\u00e4gigen Gipfels in Sharm El Sheikh miteinander vernetzt, um praxisnahe Strategien f\u00fcr eine gerechte und nachhaltige Gesellschaft zu diskutieren.<\/p>\n<p>Die Veranstaltung war gepr\u00e4gt von einer Reihe hochinteressanter Podiumsdiskussionen \u2013 mit handverlesenen Entscheidungstr\u00e4gern aus Politik, Wirtschaft und Gesellschaft, die jeweils eines der 17 UN Nachhaltigkeitsziele zum Inhalt hatten. Auch <a href=\"https:\/\/www.krafthand.de\/truck\/artikel\/vom-pruefstand-auf-die-strasse-keyou-ruestet-dieselmotoren-auf-wasserstoff-um-31546\/\" target=\"_blank\" rel=\"noopener\">Thomas Korn<\/a>, CEO und Mitgr\u00fcnder der KEYOU GmbH, nahm an einer dieser Podiumsdiskussionen teil. Zusammen mit Bj\u00f6rn Brecht von Kieback &amp; Peter, Dietmar Reindl von Immofinanz und Cornelia Ballwie\u00dfer von der Progress-Werk Oberkirch AG diskutierte Korn \u00fcber &#8218;The Cities of the Future&#8216;. Dabei ging er neben der Bedeutung von Wasserstoff als Energietr\u00e4ger unter anderem auch auf die Vorteile und Chancen des Wasserstoffmotors f\u00fcr die Erreichung der weltweiten Klimaziele ein.<\/p>\n<figure id=\"attachment_34250\" aria-describedby=\"caption-attachment-34250\" style=\"width: 420px\" class=\"wp-caption alignleft\"><a href=\"https:\/\/static.krafthand-truck.de\/uploads\/2022\/11\/KEYOU_Thomas-Korn-und-Juergen-Nadler_COP27_Sharm_el_Sheikh.jpg\" target=\"_blank\" rel=\"noopener\"><img fetchpriority=\"high\" decoding=\"async\" class=\"wp-image-34250\" src=\"https:\/\/static.krafthand-truck.de\/uploads\/2022\/11\/KEYOU_Thomas-Korn-und-Juergen-Nadler_COP27_Sharm_el_Sheikh-300x220.jpg\" alt=\"\" width=\"420\" height=\"307\" srcset=\"https:\/\/static.krafthand-truck.de\/uploads\/2022\/11\/KEYOU_Thomas-Korn-und-Juergen-Nadler_COP27_Sharm_el_Sheikh-300x220.jpg 300w, https:\/\/static.krafthand-truck.de\/uploads\/2022\/11\/KEYOU_Thomas-Korn-und-Juergen-Nadler_COP27_Sharm_el_Sheikh-1024x749.jpg 1024w, https:\/\/static.krafthand-truck.de\/uploads\/2022\/11\/KEYOU_Thomas-Korn-und-Juergen-Nadler_COP27_Sharm_el_Sheikh-768x562.jpg 768w, https:\/\/static.krafthand-truck.de\/uploads\/2022\/11\/KEYOU_Thomas-Korn-und-Juergen-Nadler_COP27_Sharm_el_Sheikh.jpg 1200w\" sizes=\"(max-width: 420px) 100vw, 420px\" \/><\/a><figcaption id=\"caption-attachment-34250\" class=\"wp-caption-text\">CEO Thomas Korn (links) und J\u00fcrgen Nadler (Chief Marketing Officer) auf der UN-Klimaschutzkonferenz in Sharm El Sheikh.<\/figcaption><\/figure>\n<p>Das M\u00fcnchner Clean-Mobility-Unternehmen KEYOU, welches mit einer kleinen Delegation nach Sharm El Sheikh reiste und auch die Innovations Days der COP27 besuchte, steht mit seiner Umr\u00fcsttechnologie f\u00fcr den Nutzfahrzeugsektor im Einklang mit den Zielen der Vereinten Nationen und m\u00f6chte mit seiner L\u00f6sung aktiv zu einer CO2-freien Zukunft beitragen. Daf\u00fcr arbeitet das Unternehmen seit 2015 an einer Umr\u00fcstl\u00f6sung f\u00fcr Lkw und Busse. Erst k\u00fcrzlich wurden die ersten <a href=\"https:\/\/www.krafthand.de\/truck\/artikel\/weltpremiere-keyou-praesentiert-18t-lkw-und-12m-stadtbus-mit-wasserstoffmotor-32012\/\" target=\"_blank\" rel=\"noopener\">beiden Prototypfahrzeuge<\/a> der M\u00fcnchner bei einer viel beachteten Weltpremiere auf der IAA Transportation in Hannover einem internationalen Fachpublikum vorgestellt. Mit seiner &#8218;KEYOU-inside&#8216; genannten Technologie erm\u00f6glicht das Unternehmen die kosteneffiziente Transformation konventioneller Motoren zu emissionsfreien Wasserstoffmotoren \u2013 ohne dabei gro\u00dfe \u00c4nderungen am zugrundeliegenden Motor vornehmen zu m\u00fcssen.<\/p>\n<p>Dar\u00fcber hinaus hat der Wasserstoffspezialist einen innovativen &#8218;Hydrogen Mobility as a Service&#8216;-Ansatz entwickelt, der das viel zitierte \u201eHenne-Ei-Problem\u201c aufbricht und Flottenbetreibern und Endkunden durch vollumf\u00e4ngliche Wasserstoff-Mobilit\u00e4tsl\u00f6sung einen einfachen und attraktiven Einstieg in die Welt der alternativen Antriebe bietet.<\/p>\n\r\n\t\t\t\t<div class=\"post-author\">\r\n\t\t\t\t\t<div class=\"khm-cp-author clearfix\">\r\n\t\t\t\t\t\t<div class=\"khm-cp-author__content\">\r\n\t\t\t\t\t\t\t\tKontakt zum Autor:<br \/>\r\n\t\t\t\t\t\t\t\t<strong>Georg Blenk<\/strong>, 08247 \/ 3007-45 |  <a href=\"mailto:georg.blenk@krafthand-medien.de\">georg.blenk@krafthand-medien.de<\/a>\r\n\t\t\t\t\t\t\t<div class=\"khm-cp-author__image\">\r\n\t\t\t\t\t\t<img src=\"https:\/\/static.krafthand-truck.de\/uploads\/2021\/01\/Blenk_6104-250x300-1-removebg-preview.png\" class=\"img-responsive\">\r\n\t\t\t\t\t<\/div>\r\n\t\t\t\t\t\t<\/div>\r\n\t\t\t\t\t<\/div>\r\n\t\t\t\t<\/div>\r\n\t\t\t\t","protected":false},"excerpt":{"rendered":"<p>Thomas Korn, CEO und Mitgr\u00fcnder der KEYOU GmbH, sprach in Sharm El Sheikh \u00fcber die Bedeutung von Wasserstoff als Energietr\u00e4ger und die Vorteile des Wasserstoffmotors f\u00fcr die Erreichung der Klimaziele. <span class=\"excerpt-more__dots\">&#8230;<\/span> <a class=\"excerpt-more__link\" href=\"https:\/\/www.krafthand.de\/truck\/artikel\/un-klimakonferenz-i-cop27-keyou-praesentiert-wasserstofftechnologie-34244\/\" >weiter<\/a><\/p>\n","protected":false},"author":9,"featured_media":34248,"comment_status":"closed","ping_status":"closed","sticky":false,"template":"","format":"standard","meta":{"footnotes":""},"categories":[4913,4235],"tags":[5415,5034,5416,5417,4181],"settings":[3524,3523],"class_list":["post-34244","post","type-post","status-publish","format-standard","has-post-thumbnail","hentry","category-alternative-kraftstoffe","category-unternehmen","tag-cop27","tag-keyou","tag-sharm-el-sheikh","tag-thomas-knorn","tag-wasserstoff"],"yoast_head":"<!-- This site is optimized with the Yoast SEO plugin v27.3 - https:\/\/yoast.com\/product\/yoast-seo-wordpress\/ -->\n<title>UN-Klimakonferenz I COP27: KEYOU pr\u00e4sentiert Wasserstofftechnologie - Krafthand-Truck<\/title>\n<meta name=\"description\" content=\"Thomas Korn, CEO der KEYOU GmbH, sprach in Sharm El Sheikh \u00fcber die Vorteile des Wasserstoffmotors f\u00fcr die Erreichung Klimaziele.\" \/>\n<meta name=\"robots\" content=\"index, follow, max-snippet:-1, max-image-preview:large, max-video-preview:-1\" \/>\n<link rel=\"canonical\" href=\"https:\/\/www.krafthand.de\/truck\/artikel\/un-klimakonferenz-i-cop27-keyou-praesentiert-wasserstofftechnologie-34244\/\" \/>\n<meta property=\"og:locale\" content=\"de_DE\" \/>\n<meta property=\"og:type\" content=\"article\" \/>\n<meta property=\"og:title\" content=\"UN-Klimakonferenz I COP27: KEYOU pr\u00e4sentiert Wasserstofftechnologie - Krafthand-Truck\" \/>\n<meta property=\"og:description\" content=\"Thomas Korn, CEO der KEYOU GmbH, sprach in Sharm El Sheikh \u00fcber die Vorteile des Wasserstoffmotors f\u00fcr die Erreichung Klimaziele.\" \/>\n<meta property=\"og:url\" content=\"https:\/\/www.krafthand-truck.de\/artikel\/un-klimakonferenz-i-cop27-keyou-praesentiert-wasserstofftechnologie-34244\/\" \/>\n<meta property=\"og:site_name\" content=\"Krafthand-Truck\" \/>\n<meta property=\"article:published_time\" content=\"2022-11-11T08:38:43+00:00\" \/>\n<meta property=\"og:image\" content=\"https:\/\/static.krafthand-truck.de\/uploads\/2022\/11\/KEYOU_Thomas-Korn-Vision-2045Klimagipfel_Sharm_el_Sheikh.jpg\" \/>\n\t<meta property=\"og:image:width\" content=\"1200\" \/>\n\t<meta property=\"og:image:height\" content=\"698\" \/>\n\t<meta property=\"og:image:type\" content=\"image\/jpeg\" \/>\n<meta name=\"author\" content=\"georg.blenk@krafthand-medien.de\" \/>\n<meta name=\"twitter:card\" content=\"summary_large_image\" \/>\n<meta name=\"twitter:label1\" content=\"Verfasst von\" \/>\n\t<meta name=\"twitter:data1\" content=\"georg.blenk@krafthand-medien.de\" \/>\n\t<meta name=\"twitter:label2\" content=\"Gesch\u00e4tzte Lesezeit\" \/>\n\t<meta name=\"twitter:data2\" content=\"3\u00a0Minuten\" \/>\n<script type=\"application\/ld+json\" class=\"yoast-schema-graph\">{\"@context\":\"https:\\\/\\\/schema.org\",\"@graph\":[{\"@type\":\"Article\",\"@id\":\"https:\\\/\\\/www.krafthand.de\\\/truck\\\/artikel\\\/un-klimakonferenz-i-cop27-keyou-praesentiert-wasserstofftechnologie-34244\\\/#article\",\"isPartOf\":{\"@id\":\"https:\\\/\\\/www.krafthand.de\\\/truck\\\/artikel\\\/un-klimakonferenz-i-cop27-keyou-praesentiert-wasserstofftechnologie-34244\\\/\"},\"author\":{\"name\":\"georg.blenk@krafthand-medien.de\",\"@id\":\"https:\\\/\\\/www.krafthand.de\\\/truck\\\/#\\\/schema\\\/person\\\/51fa80b1c57034c4bf63f9f988fc24ce\"},\"headline\":\"UN-Klimakonferenz I COP27: KEYOU pr\u00e4sentiert Wasserstofftechnologie\",\"datePublished\":\"2022-11-11T08:38:43+00:00\",\"mainEntityOfPage\":{\"@id\":\"https:\\\/\\\/www.krafthand.de\\\/truck\\\/artikel\\\/un-klimakonferenz-i-cop27-keyou-praesentiert-wasserstofftechnologie-34244\\\/\"},\"wordCount\":509,\"image\":{\"@id\":\"https:\\\/\\\/www.krafthand.de\\\/truck\\\/artikel\\\/un-klimakonferenz-i-cop27-keyou-praesentiert-wasserstofftechnologie-34244\\\/#primaryimage\"},\"thumbnailUrl\":\"https:\\\/\\\/static.krafthand-truck.de\\\/uploads\\\/2022\\\/11\\\/KEYOU_Thomas-Korn-Vision-2045Klimagipfel_Sharm_el_Sheikh.jpg\",\"keywords\":[\"COP27\",\"Keyou\",\"Sharm El Sheikh\",\"Thomas Knorn\",\"Wasserstoff\"],\"articleSection\":[\"Alternative Kraftstoffe\",\"Unternehmen\"],\"inLanguage\":\"de\"},{\"@type\":\"WebPage\",\"@id\":\"https:\\\/\\\/www.krafthand.de\\\/truck\\\/artikel\\\/un-klimakonferenz-i-cop27-keyou-praesentiert-wasserstofftechnologie-34244\\\/\",\"url\":\"https:\\\/\\\/www.krafthand.de\\\/truck\\\/artikel\\\/un-klimakonferenz-i-cop27-keyou-praesentiert-wasserstofftechnologie-34244\\\/\",\"name\":\"UN-Klimakonferenz I COP27: KEYOU pr\u00e4sentiert Wasserstofftechnologie - Krafthand-Truck\",\"isPartOf\":{\"@id\":\"https:\\\/\\\/www.krafthand.de\\\/truck\\\/#website\"},\"primaryImageOfPage\":{\"@id\":\"https:\\\/\\\/www.krafthand.de\\\/truck\\\/artikel\\\/un-klimakonferenz-i-cop27-keyou-praesentiert-wasserstofftechnologie-34244\\\/#primaryimage\"},\"image\":{\"@id\":\"https:\\\/\\\/www.krafthand.de\\\/truck\\\/artikel\\\/un-klimakonferenz-i-cop27-keyou-praesentiert-wasserstofftechnologie-34244\\\/#primaryimage\"},\"thumbnailUrl\":\"https:\\\/\\\/static.krafthand-truck.de\\\/uploads\\\/2022\\\/11\\\/KEYOU_Thomas-Korn-Vision-2045Klimagipfel_Sharm_el_Sheikh.jpg\",\"datePublished\":\"2022-11-11T08:38:43+00:00\",\"author\":{\"@id\":\"https:\\\/\\\/www.krafthand.de\\\/truck\\\/#\\\/schema\\\/person\\\/51fa80b1c57034c4bf63f9f988fc24ce\"},\"description\":\"Thomas Korn, CEO der KEYOU GmbH, sprach in Sharm El Sheikh \u00fcber die Vorteile des Wasserstoffmotors f\u00fcr die Erreichung Klimaziele.\",\"breadcrumb\":{\"@id\":\"https:\\\/\\\/www.krafthand.de\\\/truck\\\/artikel\\\/un-klimakonferenz-i-cop27-keyou-praesentiert-wasserstofftechnologie-34244\\\/#breadcrumb\"},\"inLanguage\":\"de\",\"potentialAction\":[{\"@type\":\"ReadAction\",\"target\":[\"https:\\\/\\\/www.krafthand.de\\\/truck\\\/artikel\\\/un-klimakonferenz-i-cop27-keyou-praesentiert-wasserstofftechnologie-34244\\\/\"]}]},{\"@type\":\"ImageObject\",\"inLanguage\":\"de\",\"@id\":\"https:\\\/\\\/www.krafthand.de\\\/truck\\\/artikel\\\/un-klimakonferenz-i-cop27-keyou-praesentiert-wasserstofftechnologie-34244\\\/#primaryimage\",\"url\":\"https:\\\/\\\/static.krafthand-truck.de\\\/uploads\\\/2022\\\/11\\\/KEYOU_Thomas-Korn-Vision-2045Klimagipfel_Sharm_el_Sheikh.jpg\",\"contentUrl\":\"https:\\\/\\\/static.krafthand-truck.de\\\/uploads\\\/2022\\\/11\\\/KEYOU_Thomas-Korn-Vision-2045Klimagipfel_Sharm_el_Sheikh.jpg\",\"width\":1200,\"height\":698},{\"@type\":\"BreadcrumbList\",\"@id\":\"https:\\\/\\\/www.krafthand.de\\\/truck\\\/artikel\\\/un-klimakonferenz-i-cop27-keyou-praesentiert-wasserstofftechnologie-34244\\\/#breadcrumb\",\"itemListElement\":[{\"@type\":\"ListItem\",\"position\":1,\"name\":\"Krafthand-Truck\",\"item\":\"https:\\\/\\\/www.krafthand.de\\\/truck\\\/\"},{\"@type\":\"ListItem\",\"position\":2,\"name\":\"Nfz-Branche\",\"item\":\"https:\\\/\\\/www.krafthand.de\\\/truck\\\/kategorie\\\/branche\\\/\"},{\"@type\":\"ListItem\",\"position\":3,\"name\":\"Unternehmen\",\"item\":\"https:\\\/\\\/www.krafthand.de\\\/truck\\\/kategorie\\\/branche\\\/unternehmen\\\/\"},{\"@type\":\"ListItem\",\"position\":4,\"name\":\"UN-Klimakonferenz I COP27: KEYOU pr\u00e4sentiert Wasserstofftechnologie\"}]},{\"@type\":\"WebSite\",\"@id\":\"https:\\\/\\\/www.krafthand.de\\\/truck\\\/#website\",\"url\":\"https:\\\/\\\/www.krafthand.de\\\/truck\\\/\",\"name\":\"Krafthand-Truck\",\"description\":\"\",\"potentialAction\":[{\"@type\":\"SearchAction\",\"target\":{\"@type\":\"EntryPoint\",\"urlTemplate\":\"https:\\\/\\\/www.krafthand.de\\\/truck\\\/?s={search_term_string}\"},\"query-input\":{\"@type\":\"PropertyValueSpecification\",\"valueRequired\":true,\"valueName\":\"search_term_string\"}}],\"inLanguage\":\"de\"},{\"@type\":\"Person\",\"@id\":\"https:\\\/\\\/www.krafthand.de\\\/truck\\\/#\\\/schema\\\/person\\\/51fa80b1c57034c4bf63f9f988fc24ce\",\"name\":\"georg.blenk@krafthand-medien.de\",\"image\":{\"@type\":\"ImageObject\",\"inLanguage\":\"de\",\"@id\":\"https:\\\/\\\/secure.gravatar.com\\\/avatar\\\/93713c30affe0aa95d3a4130e499bb1abee2eb31adbdd9ce2aa1543538490215?s=96&d=mm&r=g\",\"url\":\"https:\\\/\\\/secure.gravatar.com\\\/avatar\\\/93713c30affe0aa95d3a4130e499bb1abee2eb31adbdd9ce2aa1543538490215?s=96&d=mm&r=g\",\"contentUrl\":\"https:\\\/\\\/secure.gravatar.com\\\/avatar\\\/93713c30affe0aa95d3a4130e499bb1abee2eb31adbdd9ce2aa1543538490215?s=96&d=mm&r=g\",\"caption\":\"georg.blenk@krafthand-medien.de\"}}]}<\/script>\n<!-- \/ Yoast SEO plugin. -->","yoast_head_json":{"title":"UN-Klimakonferenz I COP27: KEYOU pr\u00e4sentiert Wasserstofftechnologie - Krafthand-Truck","description":"Thomas Korn, CEO der KEYOU GmbH, sprach in Sharm El Sheikh \u00fcber die Vorteile des Wasserstoffmotors f\u00fcr die Erreichung Klimaziele.","robots":{"index":"index","follow":"follow","max-snippet":"max-snippet:-1","max-image-preview":"max-image-preview:large","max-video-preview":"max-video-preview:-1"},"canonical":"https:\/\/www.krafthand.de\/truck\/artikel\/un-klimakonferenz-i-cop27-keyou-praesentiert-wasserstofftechnologie-34244\/","og_locale":"de_DE","og_type":"article","og_title":"UN-Klimakonferenz I COP27: KEYOU pr\u00e4sentiert Wasserstofftechnologie - Krafthand-Truck","og_description":"Thomas Korn, CEO der KEYOU GmbH, sprach in Sharm El Sheikh \u00fcber die Vorteile des Wasserstoffmotors f\u00fcr die Erreichung Klimaziele.","og_url":"https:\/\/www.krafthand-truck.de\/artikel\/un-klimakonferenz-i-cop27-keyou-praesentiert-wasserstofftechnologie-34244\/","og_site_name":"Krafthand-Truck","article_published_time":"2022-11-11T08:38:43+00:00","og_image":[{"width":1200,"height":698,"url":"https:\/\/static.krafthand-truck.de\/uploads\/2022\/11\/KEYOU_Thomas-Korn-Vision-2045Klimagipfel_Sharm_el_Sheikh.jpg","type":"image\/jpeg"}],"author":"georg.blenk@krafthand-medien.de","twitter_card":"summary_large_image","twitter_misc":{"Verfasst von":"georg.blenk@krafthand-medien.de","Gesch\u00e4tzte Lesezeit":"3\u00a0Minuten"},"schema":{"@context":"https:\/\/schema.org","@graph":[{"@type":"Article","@id":"https:\/\/www.krafthand.de\/truck\/artikel\/un-klimakonferenz-i-cop27-keyou-praesentiert-wasserstofftechnologie-34244\/#article","isPartOf":{"@id":"https:\/\/www.krafthand.de\/truck\/artikel\/un-klimakonferenz-i-cop27-keyou-praesentiert-wasserstofftechnologie-34244\/"},"author":{"name":"georg.blenk@krafthand-medien.de","@id":"https:\/\/www.krafthand.de\/truck\/#\/schema\/person\/51fa80b1c57034c4bf63f9f988fc24ce"},"headline":"UN-Klimakonferenz I COP27: KEYOU pr\u00e4sentiert Wasserstofftechnologie","datePublished":"2022-11-11T08:38:43+00:00","mainEntityOfPage":{"@id":"https:\/\/www.krafthand.de\/truck\/artikel\/un-klimakonferenz-i-cop27-keyou-praesentiert-wasserstofftechnologie-34244\/"},"wordCount":509,"image":{"@id":"https:\/\/www.krafthand.de\/truck\/artikel\/un-klimakonferenz-i-cop27-keyou-praesentiert-wasserstofftechnologie-34244\/#primaryimage"},"thumbnailUrl":"https:\/\/static.krafthand-truck.de\/uploads\/2022\/11\/KEYOU_Thomas-Korn-Vision-2045Klimagipfel_Sharm_el_Sheikh.jpg","keywords":["COP27","Keyou","Sharm El Sheikh","Thomas Knorn","Wasserstoff"],"articleSection":["Alternative Kraftstoffe","Unternehmen"],"inLanguage":"de"},{"@type":"WebPage","@id":"https:\/\/www.krafthand.de\/truck\/artikel\/un-klimakonferenz-i-cop27-keyou-praesentiert-wasserstofftechnologie-34244\/","url":"https:\/\/www.krafthand.de\/truck\/artikel\/un-klimakonferenz-i-cop27-keyou-praesentiert-wasserstofftechnologie-34244\/","name":"UN-Klimakonferenz I COP27: KEYOU pr\u00e4sentiert Wasserstofftechnologie - Krafthand-Truck","isPartOf":{"@id":"https:\/\/www.krafthand.de\/truck\/#website"},"primaryImageOfPage":{"@id":"https:\/\/www.krafthand.de\/truck\/artikel\/un-klimakonferenz-i-cop27-keyou-praesentiert-wasserstofftechnologie-34244\/#primaryimage"},"image":{"@id":"https:\/\/www.krafthand.de\/truck\/artikel\/un-klimakonferenz-i-cop27-keyou-praesentiert-wasserstofftechnologie-34244\/#primaryimage"},"thumbnailUrl":"https:\/\/static.krafthand-truck.de\/uploads\/2022\/11\/KEYOU_Thomas-Korn-Vision-2045Klimagipfel_Sharm_el_Sheikh.jpg","datePublished":"2022-11-11T08:38:43+00:00","author":{"@id":"https:\/\/www.krafthand.de\/truck\/#\/schema\/person\/51fa80b1c57034c4bf63f9f988fc24ce"},"description":"Thomas Korn, CEO der KEYOU GmbH, sprach in Sharm El Sheikh \u00fcber die Vorteile des Wasserstoffmotors f\u00fcr die Erreichung Klimaziele.","breadcrumb":{"@id":"https:\/\/www.krafthand.de\/truck\/artikel\/un-klimakonferenz-i-cop27-keyou-praesentiert-wasserstofftechnologie-34244\/#breadcrumb"},"inLanguage":"de","potentialAction":[{"@type":"ReadAction","target":["https:\/\/www.krafthand.de\/truck\/artikel\/un-klimakonferenz-i-cop27-keyou-praesentiert-wasserstofftechnologie-34244\/"]}]},{"@type":"ImageObject","inLanguage":"de","@id":"https:\/\/www.krafthand.de\/truck\/artikel\/un-klimakonferenz-i-cop27-keyou-praesentiert-wasserstofftechnologie-34244\/#primaryimage","url":"https:\/\/static.krafthand-truck.de\/uploads\/2022\/11\/KEYOU_Thomas-Korn-Vision-2045Klimagipfel_Sharm_el_Sheikh.jpg","contentUrl":"https:\/\/static.krafthand-truck.de\/uploads\/2022\/11\/KEYOU_Thomas-Korn-Vision-2045Klimagipfel_Sharm_el_Sheikh.jpg","width":1200,"height":698},{"@type":"BreadcrumbList","@id":"https:\/\/www.krafthand.de\/truck\/artikel\/un-klimakonferenz-i-cop27-keyou-praesentiert-wasserstofftechnologie-34244\/#breadcrumb","itemListElement":[{"@type":"ListItem","position":1,"name":"Krafthand-Truck","item":"https:\/\/www.krafthand.de\/truck\/"},{"@type":"ListItem","position":2,"name":"Nfz-Branche","item":"https:\/\/www.krafthand.de\/truck\/kategorie\/branche\/"},{"@type":"ListItem","position":3,"name":"Unternehmen","item":"https:\/\/www.krafthand.de\/truck\/kategorie\/branche\/unternehmen\/"},{"@type":"ListItem","position":4,"name":"UN-Klimakonferenz I COP27: KEYOU pr\u00e4sentiert Wasserstofftechnologie"}]},{"@type":"WebSite","@id":"https:\/\/www.krafthand.de\/truck\/#website","url":"https:\/\/www.krafthand.de\/truck\/","name":"Krafthand-Truck","description":"","potentialAction":[{"@type":"SearchAction","target":{"@type":"EntryPoint","urlTemplate":"https:\/\/www.krafthand.de\/truck\/?s={search_term_string}"},"query-input":{"@type":"PropertyValueSpecification","valueRequired":true,"valueName":"search_term_string"}}],"inLanguage":"de"},{"@type":"Person","@id":"https:\/\/www.krafthand.de\/truck\/#\/schema\/person\/51fa80b1c57034c4bf63f9f988fc24ce","name":"georg.blenk@krafthand-medien.de","image":{"@type":"ImageObject","inLanguage":"de","@id":"https:\/\/secure.gravatar.com\/avatar\/93713c30affe0aa95d3a4130e499bb1abee2eb31adbdd9ce2aa1543538490215?s=96&d=mm&r=g","url":"https:\/\/secure.gravatar.com\/avatar\/93713c30affe0aa95d3a4130e499bb1abee2eb31adbdd9ce2aa1543538490215?s=96&d=mm&r=g","contentUrl":"https:\/\/secure.gravatar.com\/avatar\/93713c30affe0aa95d3a4130e499bb1abee2eb31adbdd9ce2aa1543538490215?s=96&d=mm&r=g","caption":"georg.blenk@krafthand-medien.de"}}]}},"_links":{"self":[{"href":"https:\/\/www.krafthand.de\/truck\/wp-json\/wp\/v2\/posts\/34244","targetHints":{"allow":["GET"]}}],"collection":[{"href":"https:\/\/www.krafthand.de\/truck\/wp-json\/wp\/v2\/posts"}],"about":[{"href":"https:\/\/www.krafthand.de\/truck\/wp-json\/wp\/v2\/types\/post"}],"author":[{"embeddable":true,"href":"https:\/\/www.krafthand.de\/truck\/wp-json\/wp\/v2\/users\/9"}],"replies":[{"embeddable":true,"href":"https:\/\/www.krafthand.de\/truck\/wp-json\/wp\/v2\/comments?post=34244"}],"version-history":[{"count":11,"href":"https:\/\/www.krafthand.de\/truck\/wp-json\/wp\/v2\/posts\/34244\/revisions"}],"predecessor-version":[{"id":34257,"href":"https:\/\/www.krafthand.de\/truck\/wp-json\/wp\/v2\/posts\/34244\/revisions\/34257"}],"wp:featuredmedia":[{"embeddable":true,"href":"https:\/\/www.krafthand.de\/truck\/wp-json\/wp\/v2\/media\/34248"}],"wp:attachment":[{"href":"https:\/\/www.krafthand.de\/truck\/wp-json\/wp\/v2\/media?parent=34244"}],"wp:term":[{"taxonomy":"category","embeddable":true,"href":"https:\/\/www.krafthand.de\/truck\/wp-json\/wp\/v2\/categories?post=34244"},{"taxonomy":"post_tag","embeddable":true,"href":"https:\/\/www.krafthand.de\/truck\/wp-json\/wp\/v2\/tags?post=34244"},{"taxonomy":"settings","embeddable":true,"href":"https:\/\/www.krafthand.de\/truck\/wp-json\/wp\/v2\/settings?post=34244"}],"curies":[{"name":"wp","href":"https:\/\/api.w.org\/{rel}","templated":true}]}}