{"id":34209,"date":"2022-11-10T08:20:11","date_gmt":"2022-11-10T07:20:11","guid":{"rendered":"https:\/\/www.krafthand.de\/truck\/?p=34209"},"modified":"2022-11-10T08:22:33","modified_gmt":"2022-11-10T07:22:33","slug":"mahle-eroeffnet-virtuelle-werkstatt","status":"publish","type":"post","link":"https:\/\/www.krafthand.de\/truck\/artikel\/mahle-eroeffnet-virtuelle-werkstatt-34209\/","title":{"rendered":"Mahle er\u00f6ffnet virtuelle Werkstatt"},"content":{"rendered":"<p>MAHLE-Aftermarket hat eine virtuelle Werkstatt er\u00f6ffnet und m\u00f6chte informativ und intuitiv seine Produkte f\u00fcr konventionelle und alternative Antriebsstr\u00e4nge jetzt rund um die Uhr erlebbar machen. Das Unternehmen schafft damit ein virtuelles Fortbildungszentrum f\u00fcr Ersatzteile, Batteriediagnose, Kalibrierung, Klima- und Getriebe\u00f6lservice. Zudem bietet die virtuelle Werkstatt N\u00fctzliches zu Schulungen sowie Direktlinks zu zahlreichen weiteren digitalen Informationsangeboten. Auf Wunsch leitet sie den Nutzer auch direkt zum n\u00e4chsten Vertriebspartner weiter.<\/p>\n<blockquote><p>\u201cMit der virtuellen Werkstatt haben wir einen weiteren Baustein in unserem umfangreichen digitalen Informationsangebot geschaffen, um dem zunehmenden Schulungs- und Informationsbedarf der Werkst\u00e4tten gerecht zu werden. Hier zeigen wir unsere ganze Produktpalette direkt am Fahrzeug\u201c, so Olaf Henning, Mitglied der MAHLE Konzernleitung und Leiter des Gesch\u00e4ftsbereichs Aftermarket.<\/p><\/blockquote>\n<p>MAHLE m\u00f6chte den Ausbau seiner digitalen Angebote f\u00fcr freie Pkw- und Nfz-Werkst\u00e4tten und den Handel in hohem Tempo vorantreiben. Auch Werkstattausr\u00fcstung von MAHLE ist im Werkstattkonzept vernetzt, over the air-updatef\u00e4hig und kann auf die Server der Hersteller zugreifen, wenn beispielsweise Security Gateways ins Spiel kommen. So ist ein digitalisiertes Gesamtkonzept das R\u00fcckgrat des MAHLE Aftermarket Angebotes, das von E-Commerce L\u00f6sungen \u00fcber Info- und Supportangebote zu technischen Themen bis hin zu virtuellen Messeauftritten reicht. Die virtuelle Werkstatt ist unter <a href=\"https:\/\/experience.mahle.com\/visitor\/autowerkstatt-2022\/room\/01\/location\/05\" target=\"_blank\" rel=\"noopener\">werkstatt.mahle.com<\/a> zu finden.<\/p>\n<p><i>Den Beitrag finden Sie auch in der Print-Ausgabe 4-2022 der <a href=\"https:\/\/www.krafthand.de\/truck\/magazin\/\" title=\"Zum Magazin\">Krafthand-Truck<\/a>.<\/i><\/p>","protected":false},"excerpt":{"rendered":"<p>MAHLE-Aftermarket hat eine virtuelle Werkstatt er\u00f6ffnet und m\u00f6chte informativ und intuitiv seine Produkte f\u00fcr konventionelle und alternative Antriebsstr\u00e4nge jetzt rund um die Uhr erlebbar machen. <span class=\"excerpt-more__dots\">&#8230;<\/span> <a class=\"excerpt-more__link\" href=\"https:\/\/www.krafthand.de\/truck\/artikel\/mahle-eroeffnet-virtuelle-werkstatt-34209\/\" >weiter<\/a><\/p>\n","protected":false},"author":9,"featured_media":34211,"comment_status":"closed","ping_status":"closed","sticky":false,"template":"","format":"standard","meta":{"footnotes":""},"categories":[4912],"tags":[360,1401,5413],"settings":[4766,3523],"class_list":["post-34209","post","type-post","status-publish","format-standard","has-post-thumbnail","hentry","category-ersatzteile-zubehoer","tag-aftermarket","tag-mahle","tag-virtuelle-werkstatt"],"yoast_head":"<!-- This site is optimized with the Yoast SEO plugin v27.3 - https:\/\/yoast.com\/product\/yoast-seo-wordpress\/ -->\n<title>Mahle er\u00f6ffnet virtuelle Werkstatt - Krafthand-Truck<\/title>\n<meta name=\"description\" content=\"MAHLE-Aftermarket hat eine virtuelle Werkstatt er\u00f6ffnet und m\u00f6chte seine Produkte rund um die Uhr erlebbar machen.\" \/>\n<meta name=\"robots\" content=\"index, follow, max-snippet:-1, max-image-preview:large, max-video-preview:-1\" \/>\n<link rel=\"canonical\" href=\"https:\/\/www.krafthand.de\/truck\/artikel\/mahle-eroeffnet-virtuelle-werkstatt-34209\/\" \/>\n<meta property=\"og:locale\" content=\"de_DE\" \/>\n<meta property=\"og:type\" content=\"article\" \/>\n<meta property=\"og:title\" content=\"Mahle er\u00f6ffnet virtuelle Werkstatt - Krafthand-Truck\" \/>\n<meta property=\"og:description\" content=\"MAHLE-Aftermarket hat eine virtuelle Werkstatt er\u00f6ffnet und m\u00f6chte seine Produkte rund um die Uhr erlebbar machen.\" \/>\n<meta property=\"og:url\" content=\"https:\/\/www.krafthand-truck.de\/artikel\/mahle-eroeffnet-virtuelle-werkstatt-34209\/\" \/>\n<meta property=\"og:site_name\" content=\"Krafthand-Truck\" \/>\n<meta property=\"article:published_time\" content=\"2022-11-10T07:20:11+00:00\" \/>\n<meta property=\"article:modified_time\" content=\"2022-11-10T07:22:33+00:00\" \/>\n<meta property=\"og:image\" content=\"https:\/\/static.krafthand-truck.de\/uploads\/2022\/11\/Mahle_virtuelle_Werkstatt.jpg\" \/>\n\t<meta property=\"og:image:width\" content=\"1200\" \/>\n\t<meta property=\"og:image:height\" content=\"775\" \/>\n\t<meta property=\"og:image:type\" content=\"image\/jpeg\" \/>\n<meta name=\"author\" content=\"georg.blenk@krafthand-medien.de\" \/>\n<meta name=\"twitter:card\" content=\"summary_large_image\" \/>\n<meta name=\"twitter:label1\" content=\"Verfasst von\" \/>\n\t<meta name=\"twitter:data1\" content=\"georg.blenk@krafthand-medien.de\" \/>\n\t<meta name=\"twitter:label2\" content=\"Gesch\u00e4tzte Lesezeit\" \/>\n\t<meta name=\"twitter:data2\" content=\"2\u00a0Minuten\" \/>\n<script type=\"application\/ld+json\" class=\"yoast-schema-graph\">{\"@context\":\"https:\\\/\\\/schema.org\",\"@graph\":[{\"@type\":\"Article\",\"@id\":\"https:\\\/\\\/www.krafthand.de\\\/truck\\\/artikel\\\/mahle-eroeffnet-virtuelle-werkstatt-34209\\\/#article\",\"isPartOf\":{\"@id\":\"https:\\\/\\\/www.krafthand.de\\\/truck\\\/artikel\\\/mahle-eroeffnet-virtuelle-werkstatt-34209\\\/\"},\"author\":{\"name\":\"georg.blenk@krafthand-medien.de\",\"@id\":\"https:\\\/\\\/www.krafthand.de\\\/truck\\\/#\\\/schema\\\/person\\\/51fa80b1c57034c4bf63f9f988fc24ce\"},\"headline\":\"Mahle er\u00f6ffnet virtuelle Werkstatt\",\"datePublished\":\"2022-11-10T07:20:11+00:00\",\"dateModified\":\"2022-11-10T07:22:33+00:00\",\"mainEntityOfPage\":{\"@id\":\"https:\\\/\\\/www.krafthand.de\\\/truck\\\/artikel\\\/mahle-eroeffnet-virtuelle-werkstatt-34209\\\/\"},\"wordCount\":218,\"image\":{\"@id\":\"https:\\\/\\\/www.krafthand.de\\\/truck\\\/artikel\\\/mahle-eroeffnet-virtuelle-werkstatt-34209\\\/#primaryimage\"},\"thumbnailUrl\":\"https:\\\/\\\/static.krafthand-truck.de\\\/uploads\\\/2022\\\/11\\\/Mahle_virtuelle_Werkstatt.jpg\",\"keywords\":[\"Aftermarket\",\"Mahle\",\"virtuelle Werkstatt\"],\"articleSection\":[\"Ersatzteile\\\/Zubeh\u00f6r\"],\"inLanguage\":\"de\"},{\"@type\":\"WebPage\",\"@id\":\"https:\\\/\\\/www.krafthand.de\\\/truck\\\/artikel\\\/mahle-eroeffnet-virtuelle-werkstatt-34209\\\/\",\"url\":\"https:\\\/\\\/www.krafthand.de\\\/truck\\\/artikel\\\/mahle-eroeffnet-virtuelle-werkstatt-34209\\\/\",\"name\":\"Mahle er\u00f6ffnet virtuelle Werkstatt - Krafthand-Truck\",\"isPartOf\":{\"@id\":\"https:\\\/\\\/www.krafthand.de\\\/truck\\\/#website\"},\"primaryImageOfPage\":{\"@id\":\"https:\\\/\\\/www.krafthand.de\\\/truck\\\/artikel\\\/mahle-eroeffnet-virtuelle-werkstatt-34209\\\/#primaryimage\"},\"image\":{\"@id\":\"https:\\\/\\\/www.krafthand.de\\\/truck\\\/artikel\\\/mahle-eroeffnet-virtuelle-werkstatt-34209\\\/#primaryimage\"},\"thumbnailUrl\":\"https:\\\/\\\/static.krafthand-truck.de\\\/uploads\\\/2022\\\/11\\\/Mahle_virtuelle_Werkstatt.jpg\",\"datePublished\":\"2022-11-10T07:20:11+00:00\",\"dateModified\":\"2022-11-10T07:22:33+00:00\",\"author\":{\"@id\":\"https:\\\/\\\/www.krafthand.de\\\/truck\\\/#\\\/schema\\\/person\\\/51fa80b1c57034c4bf63f9f988fc24ce\"},\"description\":\"MAHLE-Aftermarket hat eine virtuelle Werkstatt er\u00f6ffnet und m\u00f6chte seine Produkte rund um die Uhr erlebbar machen.\",\"breadcrumb\":{\"@id\":\"https:\\\/\\\/www.krafthand.de\\\/truck\\\/artikel\\\/mahle-eroeffnet-virtuelle-werkstatt-34209\\\/#breadcrumb\"},\"inLanguage\":\"de\",\"potentialAction\":[{\"@type\":\"ReadAction\",\"target\":[\"https:\\\/\\\/www.krafthand.de\\\/truck\\\/artikel\\\/mahle-eroeffnet-virtuelle-werkstatt-34209\\\/\"]}]},{\"@type\":\"ImageObject\",\"inLanguage\":\"de\",\"@id\":\"https:\\\/\\\/www.krafthand.de\\\/truck\\\/artikel\\\/mahle-eroeffnet-virtuelle-werkstatt-34209\\\/#primaryimage\",\"url\":\"https:\\\/\\\/static.krafthand-truck.de\\\/uploads\\\/2022\\\/11\\\/Mahle_virtuelle_Werkstatt.jpg\",\"contentUrl\":\"https:\\\/\\\/static.krafthand-truck.de\\\/uploads\\\/2022\\\/11\\\/Mahle_virtuelle_Werkstatt.jpg\",\"width\":1200,\"height\":775},{\"@type\":\"BreadcrumbList\",\"@id\":\"https:\\\/\\\/www.krafthand.de\\\/truck\\\/artikel\\\/mahle-eroeffnet-virtuelle-werkstatt-34209\\\/#breadcrumb\",\"itemListElement\":[{\"@type\":\"ListItem\",\"position\":1,\"name\":\"Krafthand-Truck\",\"item\":\"https:\\\/\\\/www.krafthand.de\\\/truck\\\/\"},{\"@type\":\"ListItem\",\"position\":2,\"name\":\"Nfz-Service\",\"item\":\"https:\\\/\\\/www.krafthand.de\\\/truck\\\/kategorie\\\/nfz-service\\\/\"},{\"@type\":\"ListItem\",\"position\":3,\"name\":\"Ersatzteile\\\/Zubeh\u00f6r\",\"item\":\"https:\\\/\\\/www.krafthand.de\\\/truck\\\/kategorie\\\/nfz-service\\\/ersatzteile-zubehoer\\\/\"},{\"@type\":\"ListItem\",\"position\":4,\"name\":\"Mahle er\u00f6ffnet virtuelle Werkstatt\"}]},{\"@type\":\"WebSite\",\"@id\":\"https:\\\/\\\/www.krafthand.de\\\/truck\\\/#website\",\"url\":\"https:\\\/\\\/www.krafthand.de\\\/truck\\\/\",\"name\":\"Krafthand-Truck\",\"description\":\"\",\"potentialAction\":[{\"@type\":\"SearchAction\",\"target\":{\"@type\":\"EntryPoint\",\"urlTemplate\":\"https:\\\/\\\/www.krafthand.de\\\/truck\\\/?s={search_term_string}\"},\"query-input\":{\"@type\":\"PropertyValueSpecification\",\"valueRequired\":true,\"valueName\":\"search_term_string\"}}],\"inLanguage\":\"de\"},{\"@type\":\"Person\",\"@id\":\"https:\\\/\\\/www.krafthand.de\\\/truck\\\/#\\\/schema\\\/person\\\/51fa80b1c57034c4bf63f9f988fc24ce\",\"name\":\"georg.blenk@krafthand-medien.de\",\"image\":{\"@type\":\"ImageObject\",\"inLanguage\":\"de\",\"@id\":\"https:\\\/\\\/secure.gravatar.com\\\/avatar\\\/93713c30affe0aa95d3a4130e499bb1abee2eb31adbdd9ce2aa1543538490215?s=96&d=mm&r=g\",\"url\":\"https:\\\/\\\/secure.gravatar.com\\\/avatar\\\/93713c30affe0aa95d3a4130e499bb1abee2eb31adbdd9ce2aa1543538490215?s=96&d=mm&r=g\",\"contentUrl\":\"https:\\\/\\\/secure.gravatar.com\\\/avatar\\\/93713c30affe0aa95d3a4130e499bb1abee2eb31adbdd9ce2aa1543538490215?s=96&d=mm&r=g\",\"caption\":\"georg.blenk@krafthand-medien.de\"}}]}<\/script>\n<!-- \/ Yoast SEO plugin. -->","yoast_head_json":{"title":"Mahle er\u00f6ffnet virtuelle Werkstatt - Krafthand-Truck","description":"MAHLE-Aftermarket hat eine virtuelle Werkstatt er\u00f6ffnet und m\u00f6chte seine Produkte rund um die Uhr erlebbar machen.","robots":{"index":"index","follow":"follow","max-snippet":"max-snippet:-1","max-image-preview":"max-image-preview:large","max-video-preview":"max-video-preview:-1"},"canonical":"https:\/\/www.krafthand.de\/truck\/artikel\/mahle-eroeffnet-virtuelle-werkstatt-34209\/","og_locale":"de_DE","og_type":"article","og_title":"Mahle er\u00f6ffnet virtuelle Werkstatt - Krafthand-Truck","og_description":"MAHLE-Aftermarket hat eine virtuelle Werkstatt er\u00f6ffnet und m\u00f6chte seine Produkte rund um die Uhr erlebbar machen.","og_url":"https:\/\/www.krafthand-truck.de\/artikel\/mahle-eroeffnet-virtuelle-werkstatt-34209\/","og_site_name":"Krafthand-Truck","article_published_time":"2022-11-10T07:20:11+00:00","article_modified_time":"2022-11-10T07:22:33+00:00","og_image":[{"width":1200,"height":775,"url":"https:\/\/static.krafthand-truck.de\/uploads\/2022\/11\/Mahle_virtuelle_Werkstatt.jpg","type":"image\/jpeg"}],"author":"georg.blenk@krafthand-medien.de","twitter_card":"summary_large_image","twitter_misc":{"Verfasst von":"georg.blenk@krafthand-medien.de","Gesch\u00e4tzte Lesezeit":"2\u00a0Minuten"},"schema":{"@context":"https:\/\/schema.org","@graph":[{"@type":"Article","@id":"https:\/\/www.krafthand.de\/truck\/artikel\/mahle-eroeffnet-virtuelle-werkstatt-34209\/#article","isPartOf":{"@id":"https:\/\/www.krafthand.de\/truck\/artikel\/mahle-eroeffnet-virtuelle-werkstatt-34209\/"},"author":{"name":"georg.blenk@krafthand-medien.de","@id":"https:\/\/www.krafthand.de\/truck\/#\/schema\/person\/51fa80b1c57034c4bf63f9f988fc24ce"},"headline":"Mahle er\u00f6ffnet virtuelle Werkstatt","datePublished":"2022-11-10T07:20:11+00:00","dateModified":"2022-11-10T07:22:33+00:00","mainEntityOfPage":{"@id":"https:\/\/www.krafthand.de\/truck\/artikel\/mahle-eroeffnet-virtuelle-werkstatt-34209\/"},"wordCount":218,"image":{"@id":"https:\/\/www.krafthand.de\/truck\/artikel\/mahle-eroeffnet-virtuelle-werkstatt-34209\/#primaryimage"},"thumbnailUrl":"https:\/\/static.krafthand-truck.de\/uploads\/2022\/11\/Mahle_virtuelle_Werkstatt.jpg","keywords":["Aftermarket","Mahle","virtuelle Werkstatt"],"articleSection":["Ersatzteile\/Zubeh\u00f6r"],"inLanguage":"de"},{"@type":"WebPage","@id":"https:\/\/www.krafthand.de\/truck\/artikel\/mahle-eroeffnet-virtuelle-werkstatt-34209\/","url":"https:\/\/www.krafthand.de\/truck\/artikel\/mahle-eroeffnet-virtuelle-werkstatt-34209\/","name":"Mahle er\u00f6ffnet virtuelle Werkstatt - Krafthand-Truck","isPartOf":{"@id":"https:\/\/www.krafthand.de\/truck\/#website"},"primaryImageOfPage":{"@id":"https:\/\/www.krafthand.de\/truck\/artikel\/mahle-eroeffnet-virtuelle-werkstatt-34209\/#primaryimage"},"image":{"@id":"https:\/\/www.krafthand.de\/truck\/artikel\/mahle-eroeffnet-virtuelle-werkstatt-34209\/#primaryimage"},"thumbnailUrl":"https:\/\/static.krafthand-truck.de\/uploads\/2022\/11\/Mahle_virtuelle_Werkstatt.jpg","datePublished":"2022-11-10T07:20:11+00:00","dateModified":"2022-11-10T07:22:33+00:00","author":{"@id":"https:\/\/www.krafthand.de\/truck\/#\/schema\/person\/51fa80b1c57034c4bf63f9f988fc24ce"},"description":"MAHLE-Aftermarket hat eine virtuelle Werkstatt er\u00f6ffnet und m\u00f6chte seine Produkte rund um die Uhr erlebbar machen.","breadcrumb":{"@id":"https:\/\/www.krafthand.de\/truck\/artikel\/mahle-eroeffnet-virtuelle-werkstatt-34209\/#breadcrumb"},"inLanguage":"de","potentialAction":[{"@type":"ReadAction","target":["https:\/\/www.krafthand.de\/truck\/artikel\/mahle-eroeffnet-virtuelle-werkstatt-34209\/"]}]},{"@type":"ImageObject","inLanguage":"de","@id":"https:\/\/www.krafthand.de\/truck\/artikel\/mahle-eroeffnet-virtuelle-werkstatt-34209\/#primaryimage","url":"https:\/\/static.krafthand-truck.de\/uploads\/2022\/11\/Mahle_virtuelle_Werkstatt.jpg","contentUrl":"https:\/\/static.krafthand-truck.de\/uploads\/2022\/11\/Mahle_virtuelle_Werkstatt.jpg","width":1200,"height":775},{"@type":"BreadcrumbList","@id":"https:\/\/www.krafthand.de\/truck\/artikel\/mahle-eroeffnet-virtuelle-werkstatt-34209\/#breadcrumb","itemListElement":[{"@type":"ListItem","position":1,"name":"Krafthand-Truck","item":"https:\/\/www.krafthand.de\/truck\/"},{"@type":"ListItem","position":2,"name":"Nfz-Service","item":"https:\/\/www.krafthand.de\/truck\/kategorie\/nfz-service\/"},{"@type":"ListItem","position":3,"name":"Ersatzteile\/Zubeh\u00f6r","item":"https:\/\/www.krafthand.de\/truck\/kategorie\/nfz-service\/ersatzteile-zubehoer\/"},{"@type":"ListItem","position":4,"name":"Mahle er\u00f6ffnet virtuelle Werkstatt"}]},{"@type":"WebSite","@id":"https:\/\/www.krafthand.de\/truck\/#website","url":"https:\/\/www.krafthand.de\/truck\/","name":"Krafthand-Truck","description":"","potentialAction":[{"@type":"SearchAction","target":{"@type":"EntryPoint","urlTemplate":"https:\/\/www.krafthand.de\/truck\/?s={search_term_string}"},"query-input":{"@type":"PropertyValueSpecification","valueRequired":true,"valueName":"search_term_string"}}],"inLanguage":"de"},{"@type":"Person","@id":"https:\/\/www.krafthand.de\/truck\/#\/schema\/person\/51fa80b1c57034c4bf63f9f988fc24ce","name":"georg.blenk@krafthand-medien.de","image":{"@type":"ImageObject","inLanguage":"de","@id":"https:\/\/secure.gravatar.com\/avatar\/93713c30affe0aa95d3a4130e499bb1abee2eb31adbdd9ce2aa1543538490215?s=96&d=mm&r=g","url":"https:\/\/secure.gravatar.com\/avatar\/93713c30affe0aa95d3a4130e499bb1abee2eb31adbdd9ce2aa1543538490215?s=96&d=mm&r=g","contentUrl":"https:\/\/secure.gravatar.com\/avatar\/93713c30affe0aa95d3a4130e499bb1abee2eb31adbdd9ce2aa1543538490215?s=96&d=mm&r=g","caption":"georg.blenk@krafthand-medien.de"}}]}},"_links":{"self":[{"href":"https:\/\/www.krafthand.de\/truck\/wp-json\/wp\/v2\/posts\/34209","targetHints":{"allow":["GET"]}}],"collection":[{"href":"https:\/\/www.krafthand.de\/truck\/wp-json\/wp\/v2\/posts"}],"about":[{"href":"https:\/\/www.krafthand.de\/truck\/wp-json\/wp\/v2\/types\/post"}],"author":[{"embeddable":true,"href":"https:\/\/www.krafthand.de\/truck\/wp-json\/wp\/v2\/users\/9"}],"replies":[{"embeddable":true,"href":"https:\/\/www.krafthand.de\/truck\/wp-json\/wp\/v2\/comments?post=34209"}],"version-history":[{"count":2,"href":"https:\/\/www.krafthand.de\/truck\/wp-json\/wp\/v2\/posts\/34209\/revisions"}],"predecessor-version":[{"id":34212,"href":"https:\/\/www.krafthand.de\/truck\/wp-json\/wp\/v2\/posts\/34209\/revisions\/34212"}],"wp:featuredmedia":[{"embeddable":true,"href":"https:\/\/www.krafthand.de\/truck\/wp-json\/wp\/v2\/media\/34211"}],"wp:attachment":[{"href":"https:\/\/www.krafthand.de\/truck\/wp-json\/wp\/v2\/media?parent=34209"}],"wp:term":[{"taxonomy":"category","embeddable":true,"href":"https:\/\/www.krafthand.de\/truck\/wp-json\/wp\/v2\/categories?post=34209"},{"taxonomy":"post_tag","embeddable":true,"href":"https:\/\/www.krafthand.de\/truck\/wp-json\/wp\/v2\/tags?post=34209"},{"taxonomy":"settings","embeddable":true,"href":"https:\/\/www.krafthand.de\/truck\/wp-json\/wp\/v2\/settings?post=34209"}],"curies":[{"name":"wp","href":"https:\/\/api.w.org\/{rel}","templated":true}]}}