{"id":34112,"date":"2022-10-28T11:26:23","date_gmt":"2022-10-28T09:26:23","guid":{"rendered":"https:\/\/www.krafthand.de\/truck\/?p=34112"},"modified":"2022-10-28T11:28:35","modified_gmt":"2022-10-28T09:28:35","slug":"neuer-duravis-van-von-bridgestone-fuer-llkw","status":"publish","type":"post","link":"https:\/\/www.krafthand.de\/truck\/artikel\/neuer-duravis-van-von-bridgestone-fuer-llkw-34112\/","title":{"rendered":"Duravis Van: Neuer Reifen von Bridgestone f\u00fcr Llkw"},"content":{"rendered":"<p>Bridgestone hat den neuen Duravis Van vorgestellt. Der neue Sommerreifen f\u00fcr leichte Nutzfahrzeuge (Llkw) bietet laut Bridgestone eine maximale Effizienz im t\u00e4glichen Einsatz., unabh\u00e4ngig ob im Regionalverkehr oder auf der letzten Meile.<\/p>\n<p>Laut Tests des T\u00dcV S\u00dcD bietet der Duravis Van eine erstklassige Laufleistung, somit eine l\u00e4ngere Lebensdauer und ein herausragendes Bremsverhalten auf trockener und nasser Fahrbahn. Zudem erreicht der neue Pneu das h\u00f6chste EU-Reifenlabel (A) f\u00fcr die Nasshaftung, sodass Fahrer auch bei anspruchsvollen Witterungsbedingungen sicherer auf der Stra\u00dfe unterwegs sein k\u00f6nnen. Im Vergleich zu seinem Vorg\u00e4nger, dem Duravis R660, bietet der Duravis Van laut <a href=\"https:\/\/www.bridgestone.de\/our-products\/transporterreifen\" target=\"_blank\" rel=\"noopener\">Bridgestone<\/a> zudem einen um 21 Prozent verbesserten Rollwiderstand. So sicherte er sich in ausgew\u00e4hlten Gr\u00f6\u00dfen das EU-Reifenlabel B in dieser Kategorie. Damit geht\u00a0 eine verbesserte Kraftstoff- und Energieeffizienz einher, die Betrieben eine h\u00f6here Kraftstoffeinsparung oder eine l\u00e4ngere Batteriereichweite erm\u00f6glichen sollen.<\/p>\n<p>Der Duravis Van mit Enliten Leichtbau-Technologie weist ein neues symmetrisches Reifenprofil und eine optimierte Lauffl\u00e4che auf. Dar\u00fcber hinaus wurden das Lamellendesign und die Verteilung der Hohlr\u00e4ume angepasst. Zudem verbessert die neue Gummimischung laut Bridgestone die chemische Reaktionskontrolle, wodurch der Verst\u00e4rkungsmechanismus und der Rollwiderstand aufeinander abgestimmt werden konnten.<\/p>\n<p>Der neue Premiumreifen ist sowohl f\u00fcr Fahrzeuge mit Verbrennungsmotor als auch f\u00fcr Elektrofahrzeuge geeignet. Speziell f\u00fcr E-Fahrzeuge bietet er eine h\u00f6here Verschlei\u00dftoleranz, die dem h\u00f6heren Gewicht und dem h\u00f6heren Drehmoment von Elektrofahrzeugen entgegenwirkt, w\u00e4hrend sein reduzierter Rollwiderstand die Lebensdauer der Batterie schont. Der Reifen bietet zudem eine Reduzierung der Vorbeifahrger\u00e4usche um 2 dB und wurde daf\u00fcr mit dem EU-Reifenlabel A ausgezeichnet.<\/p>\n<p>&nbsp;<\/p>\n<p><i>Den Beitrag finden Sie auch in der Print-Ausgabe 4-2022 der <a href=\"https:\/\/www.krafthand.de\/truck\/magazin\/\" title=\"Zum Magazin\">Krafthand-Truck<\/a>.<\/i><\/p>","protected":false},"excerpt":{"rendered":"<p>Bridgestone hat den neuen Duravis Van vorgestellt. Der neue Sommerreifen f\u00fcr leichte Nutzfahrzeuge (Llkw) bietet laut Bridgestone eine maximale Effizienz im t\u00e4glichen Einsatz., unabh\u00e4ngig ob im Regionalverkehr oder auf der letzten Meile. <span class=\"excerpt-more__dots\">&#8230;<\/span> <a class=\"excerpt-more__link\" href=\"https:\/\/www.krafthand.de\/truck\/artikel\/neuer-duravis-van-von-bridgestone-fuer-llkw-34112\/\" >weiter<\/a><\/p>\n","protected":false},"author":9,"featured_media":34118,"comment_status":"closed","ping_status":"closed","sticky":false,"template":"","format":"standard","meta":{"footnotes":""},"categories":[4227],"tags":[288,5399],"settings":[4766,3523],"class_list":["post-34112","post","type-post","status-publish","format-standard","has-post-thumbnail","hentry","category-rad-reifen-bremse","tag-bridgestone","tag-duravis-van"],"yoast_head":"<!-- This site is optimized with the Yoast SEO plugin v27.3 - https:\/\/yoast.com\/product\/yoast-seo-wordpress\/ -->\n<title>Bridgestone stellt Duravis Van f\u00fcr Llkw vor I Krafthand-Truck<\/title>\n<meta name=\"description\" content=\"Bridgestone hat den Duravis Van vorgestellt. Der Sommerreifen f\u00fcr leichte Nutzfahrzeuge bietet laut Bridgestone zahlreiche Vorteile.\" \/>\n<meta name=\"robots\" content=\"index, follow, max-snippet:-1, max-image-preview:large, max-video-preview:-1\" \/>\n<link rel=\"canonical\" href=\"https:\/\/www.krafthand.de\/truck\/artikel\/neuer-duravis-van-von-bridgestone-fuer-llkw-34112\/\" \/>\n<meta property=\"og:locale\" content=\"de_DE\" \/>\n<meta property=\"og:type\" content=\"article\" \/>\n<meta property=\"og:title\" content=\"Bridgestone stellt Duravis Van f\u00fcr Llkw vor I Krafthand-Truck\" \/>\n<meta property=\"og:description\" content=\"Bridgestone hat den Duravis Van vorgestellt. Der Sommerreifen f\u00fcr leichte Nutzfahrzeuge bietet laut Bridgestone zahlreiche Vorteile.\" \/>\n<meta property=\"og:url\" content=\"https:\/\/www.krafthand-truck.de\/artikel\/neuer-duravis-van-von-bridgestone-fuer-llkw-34112\/\" \/>\n<meta property=\"og:site_name\" content=\"Krafthand-Truck\" \/>\n<meta property=\"article:published_time\" content=\"2022-10-28T09:26:23+00:00\" \/>\n<meta property=\"article:modified_time\" content=\"2022-10-28T09:28:35+00:00\" \/>\n<meta property=\"og:image\" content=\"https:\/\/static.krafthand-truck.de\/uploads\/2022\/10\/Bridgestone_Duravis_Van-scaled.jpg\" \/>\n\t<meta property=\"og:image:width\" content=\"2560\" \/>\n\t<meta property=\"og:image:height\" content=\"2560\" \/>\n\t<meta property=\"og:image:type\" content=\"image\/jpeg\" \/>\n<meta name=\"author\" content=\"georg.blenk@krafthand-medien.de\" \/>\n<meta name=\"twitter:card\" content=\"summary_large_image\" \/>\n<meta name=\"twitter:label1\" content=\"Verfasst von\" \/>\n\t<meta name=\"twitter:data1\" content=\"georg.blenk@krafthand-medien.de\" \/>\n\t<meta name=\"twitter:label2\" content=\"Gesch\u00e4tzte Lesezeit\" \/>\n\t<meta name=\"twitter:data2\" content=\"2\u00a0Minuten\" \/>\n<script type=\"application\/ld+json\" class=\"yoast-schema-graph\">{\"@context\":\"https:\\\/\\\/schema.org\",\"@graph\":[{\"@type\":\"Article\",\"@id\":\"https:\\\/\\\/www.krafthand.de\\\/truck\\\/artikel\\\/neuer-duravis-van-von-bridgestone-fuer-llkw-34112\\\/#article\",\"isPartOf\":{\"@id\":\"https:\\\/\\\/www.krafthand.de\\\/truck\\\/artikel\\\/neuer-duravis-van-von-bridgestone-fuer-llkw-34112\\\/\"},\"author\":{\"name\":\"georg.blenk@krafthand-medien.de\",\"@id\":\"https:\\\/\\\/www.krafthand.de\\\/truck\\\/#\\\/schema\\\/person\\\/51fa80b1c57034c4bf63f9f988fc24ce\"},\"headline\":\"Duravis Van: Neuer Reifen von Bridgestone f\u00fcr Llkw\",\"datePublished\":\"2022-10-28T09:26:23+00:00\",\"dateModified\":\"2022-10-28T09:28:35+00:00\",\"mainEntityOfPage\":{\"@id\":\"https:\\\/\\\/www.krafthand.de\\\/truck\\\/artikel\\\/neuer-duravis-van-von-bridgestone-fuer-llkw-34112\\\/\"},\"wordCount\":281,\"image\":{\"@id\":\"https:\\\/\\\/www.krafthand.de\\\/truck\\\/artikel\\\/neuer-duravis-van-von-bridgestone-fuer-llkw-34112\\\/#primaryimage\"},\"thumbnailUrl\":\"https:\\\/\\\/static.krafthand-truck.de\\\/uploads\\\/2022\\\/10\\\/Bridgestone_Duravis_Van-scaled.jpg\",\"keywords\":[\"Bridgestone\",\"Duravis Van\"],\"articleSection\":[\"Rad\\\/Reifen\\\/Bremse\"],\"inLanguage\":\"de\"},{\"@type\":\"WebPage\",\"@id\":\"https:\\\/\\\/www.krafthand.de\\\/truck\\\/artikel\\\/neuer-duravis-van-von-bridgestone-fuer-llkw-34112\\\/\",\"url\":\"https:\\\/\\\/www.krafthand.de\\\/truck\\\/artikel\\\/neuer-duravis-van-von-bridgestone-fuer-llkw-34112\\\/\",\"name\":\"Bridgestone stellt Duravis Van f\u00fcr Llkw vor I Krafthand-Truck\",\"isPartOf\":{\"@id\":\"https:\\\/\\\/www.krafthand.de\\\/truck\\\/#website\"},\"primaryImageOfPage\":{\"@id\":\"https:\\\/\\\/www.krafthand.de\\\/truck\\\/artikel\\\/neuer-duravis-van-von-bridgestone-fuer-llkw-34112\\\/#primaryimage\"},\"image\":{\"@id\":\"https:\\\/\\\/www.krafthand.de\\\/truck\\\/artikel\\\/neuer-duravis-van-von-bridgestone-fuer-llkw-34112\\\/#primaryimage\"},\"thumbnailUrl\":\"https:\\\/\\\/static.krafthand-truck.de\\\/uploads\\\/2022\\\/10\\\/Bridgestone_Duravis_Van-scaled.jpg\",\"datePublished\":\"2022-10-28T09:26:23+00:00\",\"dateModified\":\"2022-10-28T09:28:35+00:00\",\"author\":{\"@id\":\"https:\\\/\\\/www.krafthand.de\\\/truck\\\/#\\\/schema\\\/person\\\/51fa80b1c57034c4bf63f9f988fc24ce\"},\"description\":\"Bridgestone hat den Duravis Van vorgestellt. Der Sommerreifen f\u00fcr leichte Nutzfahrzeuge bietet laut Bridgestone zahlreiche Vorteile.\",\"breadcrumb\":{\"@id\":\"https:\\\/\\\/www.krafthand.de\\\/truck\\\/artikel\\\/neuer-duravis-van-von-bridgestone-fuer-llkw-34112\\\/#breadcrumb\"},\"inLanguage\":\"de\",\"potentialAction\":[{\"@type\":\"ReadAction\",\"target\":[\"https:\\\/\\\/www.krafthand.de\\\/truck\\\/artikel\\\/neuer-duravis-van-von-bridgestone-fuer-llkw-34112\\\/\"]}]},{\"@type\":\"ImageObject\",\"inLanguage\":\"de\",\"@id\":\"https:\\\/\\\/www.krafthand.de\\\/truck\\\/artikel\\\/neuer-duravis-van-von-bridgestone-fuer-llkw-34112\\\/#primaryimage\",\"url\":\"https:\\\/\\\/static.krafthand-truck.de\\\/uploads\\\/2022\\\/10\\\/Bridgestone_Duravis_Van-scaled.jpg\",\"contentUrl\":\"https:\\\/\\\/static.krafthand-truck.de\\\/uploads\\\/2022\\\/10\\\/Bridgestone_Duravis_Van-scaled.jpg\",\"width\":2560,\"height\":2560},{\"@type\":\"BreadcrumbList\",\"@id\":\"https:\\\/\\\/www.krafthand.de\\\/truck\\\/artikel\\\/neuer-duravis-van-von-bridgestone-fuer-llkw-34112\\\/#breadcrumb\",\"itemListElement\":[{\"@type\":\"ListItem\",\"position\":1,\"name\":\"Krafthand-Truck\",\"item\":\"https:\\\/\\\/www.krafthand.de\\\/truck\\\/\"},{\"@type\":\"ListItem\",\"position\":2,\"name\":\"Nfz-Technik\",\"item\":\"https:\\\/\\\/www.krafthand.de\\\/truck\\\/kategorie\\\/nfz-technik\\\/\"},{\"@type\":\"ListItem\",\"position\":3,\"name\":\"Rad\\\/Reifen\\\/Bremse\",\"item\":\"https:\\\/\\\/www.krafthand.de\\\/truck\\\/kategorie\\\/nfz-technik\\\/rad-reifen-bremse\\\/\"},{\"@type\":\"ListItem\",\"position\":4,\"name\":\"Duravis Van: Neuer Reifen von Bridgestone f\u00fcr Llkw\"}]},{\"@type\":\"WebSite\",\"@id\":\"https:\\\/\\\/www.krafthand.de\\\/truck\\\/#website\",\"url\":\"https:\\\/\\\/www.krafthand.de\\\/truck\\\/\",\"name\":\"Krafthand-Truck\",\"description\":\"\",\"potentialAction\":[{\"@type\":\"SearchAction\",\"target\":{\"@type\":\"EntryPoint\",\"urlTemplate\":\"https:\\\/\\\/www.krafthand.de\\\/truck\\\/?s={search_term_string}\"},\"query-input\":{\"@type\":\"PropertyValueSpecification\",\"valueRequired\":true,\"valueName\":\"search_term_string\"}}],\"inLanguage\":\"de\"},{\"@type\":\"Person\",\"@id\":\"https:\\\/\\\/www.krafthand.de\\\/truck\\\/#\\\/schema\\\/person\\\/51fa80b1c57034c4bf63f9f988fc24ce\",\"name\":\"georg.blenk@krafthand-medien.de\",\"image\":{\"@type\":\"ImageObject\",\"inLanguage\":\"de\",\"@id\":\"https:\\\/\\\/secure.gravatar.com\\\/avatar\\\/93713c30affe0aa95d3a4130e499bb1abee2eb31adbdd9ce2aa1543538490215?s=96&d=mm&r=g\",\"url\":\"https:\\\/\\\/secure.gravatar.com\\\/avatar\\\/93713c30affe0aa95d3a4130e499bb1abee2eb31adbdd9ce2aa1543538490215?s=96&d=mm&r=g\",\"contentUrl\":\"https:\\\/\\\/secure.gravatar.com\\\/avatar\\\/93713c30affe0aa95d3a4130e499bb1abee2eb31adbdd9ce2aa1543538490215?s=96&d=mm&r=g\",\"caption\":\"georg.blenk@krafthand-medien.de\"}}]}<\/script>\n<!-- \/ Yoast SEO plugin. -->","yoast_head_json":{"title":"Bridgestone stellt Duravis Van f\u00fcr Llkw vor I Krafthand-Truck","description":"Bridgestone hat den Duravis Van vorgestellt. Der Sommerreifen f\u00fcr leichte Nutzfahrzeuge bietet laut Bridgestone zahlreiche Vorteile.","robots":{"index":"index","follow":"follow","max-snippet":"max-snippet:-1","max-image-preview":"max-image-preview:large","max-video-preview":"max-video-preview:-1"},"canonical":"https:\/\/www.krafthand.de\/truck\/artikel\/neuer-duravis-van-von-bridgestone-fuer-llkw-34112\/","og_locale":"de_DE","og_type":"article","og_title":"Bridgestone stellt Duravis Van f\u00fcr Llkw vor I Krafthand-Truck","og_description":"Bridgestone hat den Duravis Van vorgestellt. Der Sommerreifen f\u00fcr leichte Nutzfahrzeuge bietet laut Bridgestone zahlreiche Vorteile.","og_url":"https:\/\/www.krafthand-truck.de\/artikel\/neuer-duravis-van-von-bridgestone-fuer-llkw-34112\/","og_site_name":"Krafthand-Truck","article_published_time":"2022-10-28T09:26:23+00:00","article_modified_time":"2022-10-28T09:28:35+00:00","og_image":[{"width":2560,"height":2560,"url":"https:\/\/static.krafthand-truck.de\/uploads\/2022\/10\/Bridgestone_Duravis_Van-scaled.jpg","type":"image\/jpeg"}],"author":"georg.blenk@krafthand-medien.de","twitter_card":"summary_large_image","twitter_misc":{"Verfasst von":"georg.blenk@krafthand-medien.de","Gesch\u00e4tzte Lesezeit":"2\u00a0Minuten"},"schema":{"@context":"https:\/\/schema.org","@graph":[{"@type":"Article","@id":"https:\/\/www.krafthand.de\/truck\/artikel\/neuer-duravis-van-von-bridgestone-fuer-llkw-34112\/#article","isPartOf":{"@id":"https:\/\/www.krafthand.de\/truck\/artikel\/neuer-duravis-van-von-bridgestone-fuer-llkw-34112\/"},"author":{"name":"georg.blenk@krafthand-medien.de","@id":"https:\/\/www.krafthand.de\/truck\/#\/schema\/person\/51fa80b1c57034c4bf63f9f988fc24ce"},"headline":"Duravis Van: Neuer Reifen von Bridgestone f\u00fcr Llkw","datePublished":"2022-10-28T09:26:23+00:00","dateModified":"2022-10-28T09:28:35+00:00","mainEntityOfPage":{"@id":"https:\/\/www.krafthand.de\/truck\/artikel\/neuer-duravis-van-von-bridgestone-fuer-llkw-34112\/"},"wordCount":281,"image":{"@id":"https:\/\/www.krafthand.de\/truck\/artikel\/neuer-duravis-van-von-bridgestone-fuer-llkw-34112\/#primaryimage"},"thumbnailUrl":"https:\/\/static.krafthand-truck.de\/uploads\/2022\/10\/Bridgestone_Duravis_Van-scaled.jpg","keywords":["Bridgestone","Duravis Van"],"articleSection":["Rad\/Reifen\/Bremse"],"inLanguage":"de"},{"@type":"WebPage","@id":"https:\/\/www.krafthand.de\/truck\/artikel\/neuer-duravis-van-von-bridgestone-fuer-llkw-34112\/","url":"https:\/\/www.krafthand.de\/truck\/artikel\/neuer-duravis-van-von-bridgestone-fuer-llkw-34112\/","name":"Bridgestone stellt Duravis Van f\u00fcr Llkw vor I Krafthand-Truck","isPartOf":{"@id":"https:\/\/www.krafthand.de\/truck\/#website"},"primaryImageOfPage":{"@id":"https:\/\/www.krafthand.de\/truck\/artikel\/neuer-duravis-van-von-bridgestone-fuer-llkw-34112\/#primaryimage"},"image":{"@id":"https:\/\/www.krafthand.de\/truck\/artikel\/neuer-duravis-van-von-bridgestone-fuer-llkw-34112\/#primaryimage"},"thumbnailUrl":"https:\/\/static.krafthand-truck.de\/uploads\/2022\/10\/Bridgestone_Duravis_Van-scaled.jpg","datePublished":"2022-10-28T09:26:23+00:00","dateModified":"2022-10-28T09:28:35+00:00","author":{"@id":"https:\/\/www.krafthand.de\/truck\/#\/schema\/person\/51fa80b1c57034c4bf63f9f988fc24ce"},"description":"Bridgestone hat den Duravis Van vorgestellt. Der Sommerreifen f\u00fcr leichte Nutzfahrzeuge bietet laut Bridgestone zahlreiche Vorteile.","breadcrumb":{"@id":"https:\/\/www.krafthand.de\/truck\/artikel\/neuer-duravis-van-von-bridgestone-fuer-llkw-34112\/#breadcrumb"},"inLanguage":"de","potentialAction":[{"@type":"ReadAction","target":["https:\/\/www.krafthand.de\/truck\/artikel\/neuer-duravis-van-von-bridgestone-fuer-llkw-34112\/"]}]},{"@type":"ImageObject","inLanguage":"de","@id":"https:\/\/www.krafthand.de\/truck\/artikel\/neuer-duravis-van-von-bridgestone-fuer-llkw-34112\/#primaryimage","url":"https:\/\/static.krafthand-truck.de\/uploads\/2022\/10\/Bridgestone_Duravis_Van-scaled.jpg","contentUrl":"https:\/\/static.krafthand-truck.de\/uploads\/2022\/10\/Bridgestone_Duravis_Van-scaled.jpg","width":2560,"height":2560},{"@type":"BreadcrumbList","@id":"https:\/\/www.krafthand.de\/truck\/artikel\/neuer-duravis-van-von-bridgestone-fuer-llkw-34112\/#breadcrumb","itemListElement":[{"@type":"ListItem","position":1,"name":"Krafthand-Truck","item":"https:\/\/www.krafthand.de\/truck\/"},{"@type":"ListItem","position":2,"name":"Nfz-Technik","item":"https:\/\/www.krafthand.de\/truck\/kategorie\/nfz-technik\/"},{"@type":"ListItem","position":3,"name":"Rad\/Reifen\/Bremse","item":"https:\/\/www.krafthand.de\/truck\/kategorie\/nfz-technik\/rad-reifen-bremse\/"},{"@type":"ListItem","position":4,"name":"Duravis Van: Neuer Reifen von Bridgestone f\u00fcr Llkw"}]},{"@type":"WebSite","@id":"https:\/\/www.krafthand.de\/truck\/#website","url":"https:\/\/www.krafthand.de\/truck\/","name":"Krafthand-Truck","description":"","potentialAction":[{"@type":"SearchAction","target":{"@type":"EntryPoint","urlTemplate":"https:\/\/www.krafthand.de\/truck\/?s={search_term_string}"},"query-input":{"@type":"PropertyValueSpecification","valueRequired":true,"valueName":"search_term_string"}}],"inLanguage":"de"},{"@type":"Person","@id":"https:\/\/www.krafthand.de\/truck\/#\/schema\/person\/51fa80b1c57034c4bf63f9f988fc24ce","name":"georg.blenk@krafthand-medien.de","image":{"@type":"ImageObject","inLanguage":"de","@id":"https:\/\/secure.gravatar.com\/avatar\/93713c30affe0aa95d3a4130e499bb1abee2eb31adbdd9ce2aa1543538490215?s=96&d=mm&r=g","url":"https:\/\/secure.gravatar.com\/avatar\/93713c30affe0aa95d3a4130e499bb1abee2eb31adbdd9ce2aa1543538490215?s=96&d=mm&r=g","contentUrl":"https:\/\/secure.gravatar.com\/avatar\/93713c30affe0aa95d3a4130e499bb1abee2eb31adbdd9ce2aa1543538490215?s=96&d=mm&r=g","caption":"georg.blenk@krafthand-medien.de"}}]}},"_links":{"self":[{"href":"https:\/\/www.krafthand.de\/truck\/wp-json\/wp\/v2\/posts\/34112","targetHints":{"allow":["GET"]}}],"collection":[{"href":"https:\/\/www.krafthand.de\/truck\/wp-json\/wp\/v2\/posts"}],"about":[{"href":"https:\/\/www.krafthand.de\/truck\/wp-json\/wp\/v2\/types\/post"}],"author":[{"embeddable":true,"href":"https:\/\/www.krafthand.de\/truck\/wp-json\/wp\/v2\/users\/9"}],"replies":[{"embeddable":true,"href":"https:\/\/www.krafthand.de\/truck\/wp-json\/wp\/v2\/comments?post=34112"}],"version-history":[{"count":10,"href":"https:\/\/www.krafthand.de\/truck\/wp-json\/wp\/v2\/posts\/34112\/revisions"}],"predecessor-version":[{"id":34123,"href":"https:\/\/www.krafthand.de\/truck\/wp-json\/wp\/v2\/posts\/34112\/revisions\/34123"}],"wp:featuredmedia":[{"embeddable":true,"href":"https:\/\/www.krafthand.de\/truck\/wp-json\/wp\/v2\/media\/34118"}],"wp:attachment":[{"href":"https:\/\/www.krafthand.de\/truck\/wp-json\/wp\/v2\/media?parent=34112"}],"wp:term":[{"taxonomy":"category","embeddable":true,"href":"https:\/\/www.krafthand.de\/truck\/wp-json\/wp\/v2\/categories?post=34112"},{"taxonomy":"post_tag","embeddable":true,"href":"https:\/\/www.krafthand.de\/truck\/wp-json\/wp\/v2\/tags?post=34112"},{"taxonomy":"settings","embeddable":true,"href":"https:\/\/www.krafthand.de\/truck\/wp-json\/wp\/v2\/settings?post=34112"}],"curies":[{"name":"wp","href":"https:\/\/api.w.org\/{rel}","templated":true}]}}