{"id":34060,"date":"2022-10-26T12:59:07","date_gmt":"2022-10-26T10:59:07","guid":{"rendered":"https:\/\/www.krafthand.de\/truck\/?p=34060"},"modified":"2022-10-27T09:10:26","modified_gmt":"2022-10-27T07:10:26","slug":"bauma-gedore-zeigt-werkstattwagen-fuer-nfz-werkstaetten-und-spezialwerkzeuge","status":"publish","type":"post","link":"https:\/\/www.krafthand.de\/truck\/artikel\/bauma-gedore-zeigt-werkstattwagen-fuer-nfz-werkstaetten-und-spezialwerkzeuge-34060\/","title":{"rendered":"Bauma: Gedore zeigt Werkstattwagen f\u00fcr Nfz-Werkst\u00e4tten sowie Spezialwerkzeuge"},"content":{"rendered":"<p>Der Werkzeugspezialist <a href=\"https:\/\/www.gedore.com\/de-de\/\" target=\"_blank\" rel=\"noopener\">Gedore<\/a> hat auf der <a href=\"https:\/\/bauma.de\/de\/\" target=\"_blank\" rel=\"noopener\">BAUMA<\/a> einen speziellen Werkstattwagen f\u00fcr Nfz-Profis gezeigt, der mit zahlreichen Tools speziell f\u00fcr Nfz-Mechatroniker(innen) best\u00fcckt ist. Zus\u00e4tzlich waren eine Radnaben-Haltevorrichtung sowie eine Achsschenkel-Bolzenpresse zu sehen.<\/p>\n<p>Der Montagewagen &#8218;1507 XL&#8216; ist als mobiler Arbeitsplatz f\u00fcr Instandsetzungsarbeiten gedacht. Er hat eine H\u00f6he von 985mm, ist 1.200 mm breit und 635mm tief. Die Stahlblech-Konstruktion ist pulverbeschichtet und damit gesch\u00fctzt vor Korrosion. Auf der Bauma zeigte Gedore einen voll ausgestatteten Wagen mit Werkzeugs\u00e4tzen f\u00fcr &#8218;Heavy-Duty&#8216;-Anwendungen mit sieben vollausziehbaren Schubladen mit Auszugssperre (Breite 998mm, Tiefe 474mm). Der Wagen ist aber auch in anderen Konfigurationen (zum Beispiel mit Radnaben-Abzieher-Satz) erh\u00e4ltlich. Unter anderem gibt es &#8218;1507 XL&#8216; auch mit einer 30mm starken Multiplex-Platte aus Buchenholz, die mit Lein\u00f6lfirnis gesch\u00fctzt ist. Grunds\u00e4tzlich verf\u00fcgen die Schubladen \u00fcber eine Tragkraft von 70 kg, sie sind kugelgelagert und k\u00f6nnen zentral abgesperrt werden.<\/p>\n<div class=\"gallery-container\"><div class=\"owl-carousel owl-theme\">\r\n        <div>\r\n        \t<img decoding=\"async\" src=\"https:\/\/static.krafthand-truck.de\/uploads\/2022\/10\/Gedore_Werkstattwagen_10507XL_03_web-1024x576.jpg\" alt=\"\" \/>\r\n          <a href=\"https:\/\/static.krafthand-truck.de\/uploads\/2022\/10\/Gedore_Werkstattwagen_10507XL_03_web-1024x576.jpg\" data-featherlight=\"gallery_69f5a01519514\" class=\"gallery-expand\" data-title=\"Neben entsprechenden Steckeins\u00e4tzen geh\u00f6rt auch ein Teleskop-Drehmomentschl\u00fcssel dazu.\"><i class=\"fa fa-expand\" aria-hidden=\"true\"><\/i><\/a>\r\n        \t<div class=\"gallery-caption wp-caption-text\"><p>Neben entsprechenden Steckeins\u00e4tzen geh\u00f6rt auch ein Teleskop-Drehmomentschl\u00fcssel dazu.<\/p>\n<\/div>\r\n        <\/div>\r\n        <div>\r\n        \t<img decoding=\"async\" src=\"https:\/\/static.krafthand-truck.de\/uploads\/2022\/10\/Gedore_Werkstattwagen_10507XL_01_web-1024x576.jpg\" alt=\"\" \/>\r\n          <a href=\"https:\/\/static.krafthand-truck.de\/uploads\/2022\/10\/Gedore_Werkstattwagen_10507XL_01_web-1024x576.jpg\" data-featherlight=\"gallery_69f5a01519514\" class=\"gallery-expand\" data-title=\"Ein Schlagschl\u00fcsselsatz (TX-Profil) geh\u00f6rte ebenfalls zur Ausstattung des gezeigten Wagens.\"><i class=\"fa fa-expand\" aria-hidden=\"true\"><\/i><\/a>\r\n        \t<div class=\"gallery-caption wp-caption-text\"><p>Ein Schlagschl\u00fcsselsatz (TX-Profil) geh\u00f6rte ebenfalls zur Ausstattung des gezeigten Wagens.<\/p>\n<\/div>\r\n        <\/div>\r\n        <div>\r\n        \t<img decoding=\"async\" src=\"https:\/\/static.krafthand-truck.de\/uploads\/2022\/10\/Gedore_Werkstattwagen_10507XL_04_web-1024x576.jpg\" alt=\"\" \/>\r\n          <a href=\"https:\/\/static.krafthand-truck.de\/uploads\/2022\/10\/Gedore_Werkstattwagen_10507XL_04_web-1024x576.jpg\" data-featherlight=\"gallery_69f5a01519514\" class=\"gallery-expand\" data-title=\"Der Werkstattwagen '1507 XL' ist mit zahlreichen Ring-(Schl\u00fcsseln) in entsprechender Gr\u00f6\u00dfe best\u00fcckt.\"><i class=\"fa fa-expand\" aria-hidden=\"true\"><\/i><\/a>\r\n        \t<div class=\"gallery-caption wp-caption-text\"><p>Der Werkstattwagen &#8218;1507 XL&#8216; ist mit zahlreichen Ring-(Schl\u00fcsseln) in entsprechender Gr\u00f6\u00dfe best\u00fcckt.<\/p>\n<\/div>\r\n        <\/div>\r\n        <div>\r\n        \t<img decoding=\"async\" src=\"https:\/\/static.krafthand-truck.de\/uploads\/2022\/10\/Gedore_Radnaben_Haltevorrichtung_Lkw_web-1024x576.jpg\" alt=\"\" \/>\r\n          <a href=\"https:\/\/static.krafthand-truck.de\/uploads\/2022\/10\/Gedore_Radnaben_Haltevorrichtung_Lkw_web-1024x576.jpg\" data-featherlight=\"gallery_69f5a01519514\" class=\"gallery-expand\" data-title=\"Die Haltevorrichtung f\u00fcr Radnaben.\"><i class=\"fa fa-expand\" aria-hidden=\"true\"><\/i><\/a>\r\n        \t<div class=\"gallery-caption wp-caption-text\"><p>Die Haltevorrichtung f\u00fcr Radnaben.<\/p>\n<\/div>\r\n        <\/div>\r\n        <div>\r\n        \t<img decoding=\"async\" src=\"https:\/\/static.krafthand-truck.de\/uploads\/2022\/10\/Gedore_Achsschenkelpresse_65_Tonnen_Lkw_web-1024x662.jpg\" alt=\"\" \/>\r\n          <a href=\"https:\/\/static.krafthand-truck.de\/uploads\/2022\/10\/Gedore_Achsschenkelpresse_65_Tonnen_Lkw_web-1024x662.jpg\" data-featherlight=\"gallery_69f5a01519514\" class=\"gallery-expand\" data-title=\"65-Tonnen Achsschenkel-Bolzenpresse.\"><i class=\"fa fa-expand\" aria-hidden=\"true\"><\/i><\/a>\r\n        \t<div class=\"gallery-caption wp-caption-text\"><p>65-Tonnen Achsschenkel-Bolzenpresse.<\/p>\n<\/div>\r\n        <\/div><\/div><\/div>\r\n\t<script>\r\n\t\tjQuery(document).ready(function($){\r\n      setTimeout(function(){\r\n  \t\t\t$(\".owl-carousel\").owlCarousel({\r\n  \t\t\t\tloop:true,\r\n    \t\t\tmargin:10,\r\n    \t\t\tresponsiveClass:true,\r\n    \t\t\titems:1,\r\n    \t\t\tautoHeight: true,\r\n          nav: true,\r\n          URLhashListener: true,\r\n          startPosition: \"URLHash\",\r\n          navText: [\r\n            \"<i class='fa fa-chevron-left'><\/i>\",\r\n            \"<i class='fa fa-chevron-right'><\/i>\"\r\n          ],\r\n  \t\t\t});\r\n      }, 2000);\r\n\t\t});\r\n\t<\/script>\r\n\t\n<p>&nbsp;<\/p>\n<p>Zus\u00e4tzlich war eine <strong>Haltvorrichtung f\u00fcr Radnaben<\/strong> zu sehen, die ein Gegenhalten des Radkopfes (Radnabe) \u00fcber die Radbolzen erm\u00f6glicht. Dies erleichtert das L\u00f6sen und kontrolliert den Drehmomentanzug von Radlagern, Bremsscheiben- und Steckachsen-Verschraubungen sowie der Radkapsel.<\/p>\n<p>Ebenfalls zu sehen war eine mobile <strong>Achsschenkel-Bolzenpresse<\/strong>, die bis 65 Tonnen Presskraft erzeugt. Das Ger\u00e4t ist universell passend, verf\u00fcgt \u00fcber eine pneumatische Schnellhubeinrichtung und f\u00fcr den &#8218;ein Mann-Betrieb&#8216; geeignet. Zudem ist der Pressrahmen um 180 Grad drehbar, das Positionieren am Fahrzeug erleichtert eine Dreiachsen-Schnellverstellung.<\/p>\n","protected":false},"excerpt":{"rendered":"<p>Der Werkzeugspezialist Gedore hat auf der BAUMA einen speziellen Werkstattwagen f\u00fcr Nfz-Profis gezeigt, der mit zahlreichen Tools speziell f\u00fcr Nfz-Mechatroniker(innen) best\u00fcckt ist. Zus\u00e4tzlich waren eine Radnaben-Haltevorrichtung sowie eine Achsschenkel-Bolzenpresse zu sehen. <span class=\"excerpt-more__dots\">&#8230;<\/span> <a class=\"excerpt-more__link\" href=\"https:\/\/www.krafthand.de\/truck\/artikel\/bauma-gedore-zeigt-werkstattwagen-fuer-nfz-werkstaetten-und-spezialwerkzeuge-34060\/\" >weiter<\/a><\/p>\n","protected":false},"author":9,"featured_media":34066,"comment_status":"closed","ping_status":"closed","sticky":false,"template":"","format":"standard","meta":{"footnotes":""},"categories":[4221],"tags":[5394,235,5395,1374],"settings":[4766,3523],"class_list":["post-34060","post","type-post","status-publish","format-standard","has-post-thumbnail","hentry","category-werkzeuge","tag-achsschenkel","tag-gedore","tag-montagewagen","tag-werkzeugwagen"],"yoast_head":"<!-- This site is optimized with the Yoast SEO plugin v27.3 - https:\/\/yoast.com\/product\/yoast-seo-wordpress\/ -->\n<title>Gedore-Tools f\u00fcr Lkw-Werkst\u00e4tten I Krafthand-Truck<\/title>\n<meta name=\"description\" content=\"Gedore hat auf der BAUMA einen Werkstattwagen f\u00fcr Nfz-Profis, eine Radnaben-Haltevorrichtung sowie eine Achsschenkel-Bolzenpresse gezeigt.\" \/>\n<meta name=\"robots\" content=\"index, follow, max-snippet:-1, max-image-preview:large, max-video-preview:-1\" \/>\n<link rel=\"canonical\" href=\"https:\/\/www.krafthand.de\/truck\/artikel\/bauma-gedore-zeigt-werkstattwagen-fuer-nfz-werkstaetten-und-spezialwerkzeuge-34060\/\" \/>\n<meta property=\"og:locale\" content=\"de_DE\" \/>\n<meta property=\"og:type\" content=\"article\" \/>\n<meta property=\"og:title\" content=\"Gedore-Tools f\u00fcr Lkw-Werkst\u00e4tten I Krafthand-Truck\" \/>\n<meta property=\"og:description\" content=\"Gedore hat auf der BAUMA einen Werkstattwagen f\u00fcr Nfz-Profis, eine Radnaben-Haltevorrichtung sowie eine Achsschenkel-Bolzenpresse gezeigt.\" \/>\n<meta property=\"og:url\" content=\"https:\/\/www.krafthand-truck.de\/artikel\/bauma-gedore-zeigt-werkstattwagen-fuer-nfz-werkstaetten-und-spezialwerkzeuge-34060\/\" \/>\n<meta property=\"og:site_name\" content=\"Krafthand-Truck\" \/>\n<meta property=\"article:published_time\" content=\"2022-10-26T10:59:07+00:00\" \/>\n<meta property=\"article:modified_time\" content=\"2022-10-27T07:10:26+00:00\" \/>\n<meta property=\"og:image\" content=\"https:\/\/static.krafthand-truck.de\/uploads\/2022\/10\/Gedore_Werkstattwagen_10507XL_02-scaled.jpg\" \/>\n\t<meta property=\"og:image:width\" content=\"2560\" \/>\n\t<meta property=\"og:image:height\" content=\"1440\" \/>\n\t<meta property=\"og:image:type\" content=\"image\/jpeg\" \/>\n<meta name=\"author\" content=\"georg.blenk@krafthand-medien.de\" \/>\n<meta name=\"twitter:card\" content=\"summary_large_image\" \/>\n<meta name=\"twitter:label1\" content=\"Verfasst von\" \/>\n\t<meta name=\"twitter:data1\" content=\"georg.blenk@krafthand-medien.de\" \/>\n\t<meta name=\"twitter:label2\" content=\"Gesch\u00e4tzte Lesezeit\" \/>\n\t<meta name=\"twitter:data2\" content=\"2\u00a0Minuten\" \/>\n<script type=\"application\/ld+json\" class=\"yoast-schema-graph\">{\"@context\":\"https:\\\/\\\/schema.org\",\"@graph\":[{\"@type\":\"Article\",\"@id\":\"https:\\\/\\\/www.krafthand.de\\\/truck\\\/artikel\\\/bauma-gedore-zeigt-werkstattwagen-fuer-nfz-werkstaetten-und-spezialwerkzeuge-34060\\\/#article\",\"isPartOf\":{\"@id\":\"https:\\\/\\\/www.krafthand.de\\\/truck\\\/artikel\\\/bauma-gedore-zeigt-werkstattwagen-fuer-nfz-werkstaetten-und-spezialwerkzeuge-34060\\\/\"},\"author\":{\"name\":\"georg.blenk@krafthand-medien.de\",\"@id\":\"https:\\\/\\\/www.krafthand.de\\\/truck\\\/#\\\/schema\\\/person\\\/51fa80b1c57034c4bf63f9f988fc24ce\"},\"headline\":\"Bauma: Gedore zeigt Werkstattwagen f\u00fcr Nfz-Werkst\u00e4tten sowie Spezialwerkzeuge\",\"datePublished\":\"2022-10-26T10:59:07+00:00\",\"dateModified\":\"2022-10-27T07:10:26+00:00\",\"mainEntityOfPage\":{\"@id\":\"https:\\\/\\\/www.krafthand.de\\\/truck\\\/artikel\\\/bauma-gedore-zeigt-werkstattwagen-fuer-nfz-werkstaetten-und-spezialwerkzeuge-34060\\\/\"},\"wordCount\":246,\"image\":{\"@id\":\"https:\\\/\\\/www.krafthand.de\\\/truck\\\/artikel\\\/bauma-gedore-zeigt-werkstattwagen-fuer-nfz-werkstaetten-und-spezialwerkzeuge-34060\\\/#primaryimage\"},\"thumbnailUrl\":\"https:\\\/\\\/static.krafthand-truck.de\\\/uploads\\\/2022\\\/10\\\/Gedore_Werkstattwagen_10507XL_02-scaled.jpg\",\"keywords\":[\"Achsschenkel\",\"Gedore\",\"Montagewagen\",\"Werkzeugwagen\"],\"articleSection\":[\"Werkzeuge\\\/Tools\"],\"inLanguage\":\"de\"},{\"@type\":\"WebPage\",\"@id\":\"https:\\\/\\\/www.krafthand.de\\\/truck\\\/artikel\\\/bauma-gedore-zeigt-werkstattwagen-fuer-nfz-werkstaetten-und-spezialwerkzeuge-34060\\\/\",\"url\":\"https:\\\/\\\/www.krafthand.de\\\/truck\\\/artikel\\\/bauma-gedore-zeigt-werkstattwagen-fuer-nfz-werkstaetten-und-spezialwerkzeuge-34060\\\/\",\"name\":\"Gedore-Tools f\u00fcr Lkw-Werkst\u00e4tten I Krafthand-Truck\",\"isPartOf\":{\"@id\":\"https:\\\/\\\/www.krafthand.de\\\/truck\\\/#website\"},\"primaryImageOfPage\":{\"@id\":\"https:\\\/\\\/www.krafthand.de\\\/truck\\\/artikel\\\/bauma-gedore-zeigt-werkstattwagen-fuer-nfz-werkstaetten-und-spezialwerkzeuge-34060\\\/#primaryimage\"},\"image\":{\"@id\":\"https:\\\/\\\/www.krafthand.de\\\/truck\\\/artikel\\\/bauma-gedore-zeigt-werkstattwagen-fuer-nfz-werkstaetten-und-spezialwerkzeuge-34060\\\/#primaryimage\"},\"thumbnailUrl\":\"https:\\\/\\\/static.krafthand-truck.de\\\/uploads\\\/2022\\\/10\\\/Gedore_Werkstattwagen_10507XL_02-scaled.jpg\",\"datePublished\":\"2022-10-26T10:59:07+00:00\",\"dateModified\":\"2022-10-27T07:10:26+00:00\",\"author\":{\"@id\":\"https:\\\/\\\/www.krafthand.de\\\/truck\\\/#\\\/schema\\\/person\\\/51fa80b1c57034c4bf63f9f988fc24ce\"},\"description\":\"Gedore hat auf der BAUMA einen Werkstattwagen f\u00fcr Nfz-Profis, eine Radnaben-Haltevorrichtung sowie eine Achsschenkel-Bolzenpresse gezeigt.\",\"breadcrumb\":{\"@id\":\"https:\\\/\\\/www.krafthand.de\\\/truck\\\/artikel\\\/bauma-gedore-zeigt-werkstattwagen-fuer-nfz-werkstaetten-und-spezialwerkzeuge-34060\\\/#breadcrumb\"},\"inLanguage\":\"de\",\"potentialAction\":[{\"@type\":\"ReadAction\",\"target\":[\"https:\\\/\\\/www.krafthand.de\\\/truck\\\/artikel\\\/bauma-gedore-zeigt-werkstattwagen-fuer-nfz-werkstaetten-und-spezialwerkzeuge-34060\\\/\"]}]},{\"@type\":\"ImageObject\",\"inLanguage\":\"de\",\"@id\":\"https:\\\/\\\/www.krafthand.de\\\/truck\\\/artikel\\\/bauma-gedore-zeigt-werkstattwagen-fuer-nfz-werkstaetten-und-spezialwerkzeuge-34060\\\/#primaryimage\",\"url\":\"https:\\\/\\\/static.krafthand-truck.de\\\/uploads\\\/2022\\\/10\\\/Gedore_Werkstattwagen_10507XL_02-scaled.jpg\",\"contentUrl\":\"https:\\\/\\\/static.krafthand-truck.de\\\/uploads\\\/2022\\\/10\\\/Gedore_Werkstattwagen_10507XL_02-scaled.jpg\",\"width\":2560,\"height\":1440},{\"@type\":\"BreadcrumbList\",\"@id\":\"https:\\\/\\\/www.krafthand.de\\\/truck\\\/artikel\\\/bauma-gedore-zeigt-werkstattwagen-fuer-nfz-werkstaetten-und-spezialwerkzeuge-34060\\\/#breadcrumb\",\"itemListElement\":[{\"@type\":\"ListItem\",\"position\":1,\"name\":\"Krafthand-Truck\",\"item\":\"https:\\\/\\\/www.krafthand.de\\\/truck\\\/\"},{\"@type\":\"ListItem\",\"position\":2,\"name\":\"Nfz-Service\",\"item\":\"https:\\\/\\\/www.krafthand.de\\\/truck\\\/kategorie\\\/nfz-service\\\/\"},{\"@type\":\"ListItem\",\"position\":3,\"name\":\"Werkzeuge\\\/Tools\",\"item\":\"https:\\\/\\\/www.krafthand.de\\\/truck\\\/kategorie\\\/nfz-service\\\/werkzeuge\\\/\"},{\"@type\":\"ListItem\",\"position\":4,\"name\":\"Bauma: Gedore zeigt Werkstattwagen f\u00fcr Nfz-Werkst\u00e4tten sowie Spezialwerkzeuge\"}]},{\"@type\":\"WebSite\",\"@id\":\"https:\\\/\\\/www.krafthand.de\\\/truck\\\/#website\",\"url\":\"https:\\\/\\\/www.krafthand.de\\\/truck\\\/\",\"name\":\"Krafthand-Truck\",\"description\":\"\",\"potentialAction\":[{\"@type\":\"SearchAction\",\"target\":{\"@type\":\"EntryPoint\",\"urlTemplate\":\"https:\\\/\\\/www.krafthand.de\\\/truck\\\/?s={search_term_string}\"},\"query-input\":{\"@type\":\"PropertyValueSpecification\",\"valueRequired\":true,\"valueName\":\"search_term_string\"}}],\"inLanguage\":\"de\"},{\"@type\":\"Person\",\"@id\":\"https:\\\/\\\/www.krafthand.de\\\/truck\\\/#\\\/schema\\\/person\\\/51fa80b1c57034c4bf63f9f988fc24ce\",\"name\":\"georg.blenk@krafthand-medien.de\",\"image\":{\"@type\":\"ImageObject\",\"inLanguage\":\"de\",\"@id\":\"https:\\\/\\\/secure.gravatar.com\\\/avatar\\\/93713c30affe0aa95d3a4130e499bb1abee2eb31adbdd9ce2aa1543538490215?s=96&d=mm&r=g\",\"url\":\"https:\\\/\\\/secure.gravatar.com\\\/avatar\\\/93713c30affe0aa95d3a4130e499bb1abee2eb31adbdd9ce2aa1543538490215?s=96&d=mm&r=g\",\"contentUrl\":\"https:\\\/\\\/secure.gravatar.com\\\/avatar\\\/93713c30affe0aa95d3a4130e499bb1abee2eb31adbdd9ce2aa1543538490215?s=96&d=mm&r=g\",\"caption\":\"georg.blenk@krafthand-medien.de\"}}]}<\/script>\n<!-- \/ Yoast SEO plugin. -->","yoast_head_json":{"title":"Gedore-Tools f\u00fcr Lkw-Werkst\u00e4tten I Krafthand-Truck","description":"Gedore hat auf der BAUMA einen Werkstattwagen f\u00fcr Nfz-Profis, eine Radnaben-Haltevorrichtung sowie eine Achsschenkel-Bolzenpresse gezeigt.","robots":{"index":"index","follow":"follow","max-snippet":"max-snippet:-1","max-image-preview":"max-image-preview:large","max-video-preview":"max-video-preview:-1"},"canonical":"https:\/\/www.krafthand.de\/truck\/artikel\/bauma-gedore-zeigt-werkstattwagen-fuer-nfz-werkstaetten-und-spezialwerkzeuge-34060\/","og_locale":"de_DE","og_type":"article","og_title":"Gedore-Tools f\u00fcr Lkw-Werkst\u00e4tten I Krafthand-Truck","og_description":"Gedore hat auf der BAUMA einen Werkstattwagen f\u00fcr Nfz-Profis, eine Radnaben-Haltevorrichtung sowie eine Achsschenkel-Bolzenpresse gezeigt.","og_url":"https:\/\/www.krafthand-truck.de\/artikel\/bauma-gedore-zeigt-werkstattwagen-fuer-nfz-werkstaetten-und-spezialwerkzeuge-34060\/","og_site_name":"Krafthand-Truck","article_published_time":"2022-10-26T10:59:07+00:00","article_modified_time":"2022-10-27T07:10:26+00:00","og_image":[{"width":2560,"height":1440,"url":"https:\/\/static.krafthand-truck.de\/uploads\/2022\/10\/Gedore_Werkstattwagen_10507XL_02-scaled.jpg","type":"image\/jpeg"}],"author":"georg.blenk@krafthand-medien.de","twitter_card":"summary_large_image","twitter_misc":{"Verfasst von":"georg.blenk@krafthand-medien.de","Gesch\u00e4tzte Lesezeit":"2\u00a0Minuten"},"schema":{"@context":"https:\/\/schema.org","@graph":[{"@type":"Article","@id":"https:\/\/www.krafthand.de\/truck\/artikel\/bauma-gedore-zeigt-werkstattwagen-fuer-nfz-werkstaetten-und-spezialwerkzeuge-34060\/#article","isPartOf":{"@id":"https:\/\/www.krafthand.de\/truck\/artikel\/bauma-gedore-zeigt-werkstattwagen-fuer-nfz-werkstaetten-und-spezialwerkzeuge-34060\/"},"author":{"name":"georg.blenk@krafthand-medien.de","@id":"https:\/\/www.krafthand.de\/truck\/#\/schema\/person\/51fa80b1c57034c4bf63f9f988fc24ce"},"headline":"Bauma: Gedore zeigt Werkstattwagen f\u00fcr Nfz-Werkst\u00e4tten sowie Spezialwerkzeuge","datePublished":"2022-10-26T10:59:07+00:00","dateModified":"2022-10-27T07:10:26+00:00","mainEntityOfPage":{"@id":"https:\/\/www.krafthand.de\/truck\/artikel\/bauma-gedore-zeigt-werkstattwagen-fuer-nfz-werkstaetten-und-spezialwerkzeuge-34060\/"},"wordCount":246,"image":{"@id":"https:\/\/www.krafthand.de\/truck\/artikel\/bauma-gedore-zeigt-werkstattwagen-fuer-nfz-werkstaetten-und-spezialwerkzeuge-34060\/#primaryimage"},"thumbnailUrl":"https:\/\/static.krafthand-truck.de\/uploads\/2022\/10\/Gedore_Werkstattwagen_10507XL_02-scaled.jpg","keywords":["Achsschenkel","Gedore","Montagewagen","Werkzeugwagen"],"articleSection":["Werkzeuge\/Tools"],"inLanguage":"de"},{"@type":"WebPage","@id":"https:\/\/www.krafthand.de\/truck\/artikel\/bauma-gedore-zeigt-werkstattwagen-fuer-nfz-werkstaetten-und-spezialwerkzeuge-34060\/","url":"https:\/\/www.krafthand.de\/truck\/artikel\/bauma-gedore-zeigt-werkstattwagen-fuer-nfz-werkstaetten-und-spezialwerkzeuge-34060\/","name":"Gedore-Tools f\u00fcr Lkw-Werkst\u00e4tten I Krafthand-Truck","isPartOf":{"@id":"https:\/\/www.krafthand.de\/truck\/#website"},"primaryImageOfPage":{"@id":"https:\/\/www.krafthand.de\/truck\/artikel\/bauma-gedore-zeigt-werkstattwagen-fuer-nfz-werkstaetten-und-spezialwerkzeuge-34060\/#primaryimage"},"image":{"@id":"https:\/\/www.krafthand.de\/truck\/artikel\/bauma-gedore-zeigt-werkstattwagen-fuer-nfz-werkstaetten-und-spezialwerkzeuge-34060\/#primaryimage"},"thumbnailUrl":"https:\/\/static.krafthand-truck.de\/uploads\/2022\/10\/Gedore_Werkstattwagen_10507XL_02-scaled.jpg","datePublished":"2022-10-26T10:59:07+00:00","dateModified":"2022-10-27T07:10:26+00:00","author":{"@id":"https:\/\/www.krafthand.de\/truck\/#\/schema\/person\/51fa80b1c57034c4bf63f9f988fc24ce"},"description":"Gedore hat auf der BAUMA einen Werkstattwagen f\u00fcr Nfz-Profis, eine Radnaben-Haltevorrichtung sowie eine Achsschenkel-Bolzenpresse gezeigt.","breadcrumb":{"@id":"https:\/\/www.krafthand.de\/truck\/artikel\/bauma-gedore-zeigt-werkstattwagen-fuer-nfz-werkstaetten-und-spezialwerkzeuge-34060\/#breadcrumb"},"inLanguage":"de","potentialAction":[{"@type":"ReadAction","target":["https:\/\/www.krafthand.de\/truck\/artikel\/bauma-gedore-zeigt-werkstattwagen-fuer-nfz-werkstaetten-und-spezialwerkzeuge-34060\/"]}]},{"@type":"ImageObject","inLanguage":"de","@id":"https:\/\/www.krafthand.de\/truck\/artikel\/bauma-gedore-zeigt-werkstattwagen-fuer-nfz-werkstaetten-und-spezialwerkzeuge-34060\/#primaryimage","url":"https:\/\/static.krafthand-truck.de\/uploads\/2022\/10\/Gedore_Werkstattwagen_10507XL_02-scaled.jpg","contentUrl":"https:\/\/static.krafthand-truck.de\/uploads\/2022\/10\/Gedore_Werkstattwagen_10507XL_02-scaled.jpg","width":2560,"height":1440},{"@type":"BreadcrumbList","@id":"https:\/\/www.krafthand.de\/truck\/artikel\/bauma-gedore-zeigt-werkstattwagen-fuer-nfz-werkstaetten-und-spezialwerkzeuge-34060\/#breadcrumb","itemListElement":[{"@type":"ListItem","position":1,"name":"Krafthand-Truck","item":"https:\/\/www.krafthand.de\/truck\/"},{"@type":"ListItem","position":2,"name":"Nfz-Service","item":"https:\/\/www.krafthand.de\/truck\/kategorie\/nfz-service\/"},{"@type":"ListItem","position":3,"name":"Werkzeuge\/Tools","item":"https:\/\/www.krafthand.de\/truck\/kategorie\/nfz-service\/werkzeuge\/"},{"@type":"ListItem","position":4,"name":"Bauma: Gedore zeigt Werkstattwagen f\u00fcr Nfz-Werkst\u00e4tten sowie Spezialwerkzeuge"}]},{"@type":"WebSite","@id":"https:\/\/www.krafthand.de\/truck\/#website","url":"https:\/\/www.krafthand.de\/truck\/","name":"Krafthand-Truck","description":"","potentialAction":[{"@type":"SearchAction","target":{"@type":"EntryPoint","urlTemplate":"https:\/\/www.krafthand.de\/truck\/?s={search_term_string}"},"query-input":{"@type":"PropertyValueSpecification","valueRequired":true,"valueName":"search_term_string"}}],"inLanguage":"de"},{"@type":"Person","@id":"https:\/\/www.krafthand.de\/truck\/#\/schema\/person\/51fa80b1c57034c4bf63f9f988fc24ce","name":"georg.blenk@krafthand-medien.de","image":{"@type":"ImageObject","inLanguage":"de","@id":"https:\/\/secure.gravatar.com\/avatar\/93713c30affe0aa95d3a4130e499bb1abee2eb31adbdd9ce2aa1543538490215?s=96&d=mm&r=g","url":"https:\/\/secure.gravatar.com\/avatar\/93713c30affe0aa95d3a4130e499bb1abee2eb31adbdd9ce2aa1543538490215?s=96&d=mm&r=g","contentUrl":"https:\/\/secure.gravatar.com\/avatar\/93713c30affe0aa95d3a4130e499bb1abee2eb31adbdd9ce2aa1543538490215?s=96&d=mm&r=g","caption":"georg.blenk@krafthand-medien.de"}}]}},"_links":{"self":[{"href":"https:\/\/www.krafthand.de\/truck\/wp-json\/wp\/v2\/posts\/34060","targetHints":{"allow":["GET"]}}],"collection":[{"href":"https:\/\/www.krafthand.de\/truck\/wp-json\/wp\/v2\/posts"}],"about":[{"href":"https:\/\/www.krafthand.de\/truck\/wp-json\/wp\/v2\/types\/post"}],"author":[{"embeddable":true,"href":"https:\/\/www.krafthand.de\/truck\/wp-json\/wp\/v2\/users\/9"}],"replies":[{"embeddable":true,"href":"https:\/\/www.krafthand.de\/truck\/wp-json\/wp\/v2\/comments?post=34060"}],"version-history":[{"count":20,"href":"https:\/\/www.krafthand.de\/truck\/wp-json\/wp\/v2\/posts\/34060\/revisions"}],"predecessor-version":[{"id":34111,"href":"https:\/\/www.krafthand.de\/truck\/wp-json\/wp\/v2\/posts\/34060\/revisions\/34111"}],"wp:featuredmedia":[{"embeddable":true,"href":"https:\/\/www.krafthand.de\/truck\/wp-json\/wp\/v2\/media\/34066"}],"wp:attachment":[{"href":"https:\/\/www.krafthand.de\/truck\/wp-json\/wp\/v2\/media?parent=34060"}],"wp:term":[{"taxonomy":"category","embeddable":true,"href":"https:\/\/www.krafthand.de\/truck\/wp-json\/wp\/v2\/categories?post=34060"},{"taxonomy":"post_tag","embeddable":true,"href":"https:\/\/www.krafthand.de\/truck\/wp-json\/wp\/v2\/tags?post=34060"},{"taxonomy":"settings","embeddable":true,"href":"https:\/\/www.krafthand.de\/truck\/wp-json\/wp\/v2\/settings?post=34060"}],"curies":[{"name":"wp","href":"https:\/\/api.w.org\/{rel}","templated":true}]}}