{"id":34022,"date":"2022-10-26T13:05:05","date_gmt":"2022-10-26T11:05:05","guid":{"rendered":"https:\/\/www.krafthand.de\/truck\/?p=34022"},"modified":"2022-10-26T13:10:26","modified_gmt":"2022-10-26T11:10:26","slug":"weltpremiere-paul-group-zeigt-auf-der-bauma-vollelektrischen-fahrmischer","status":"publish","type":"post","link":"https:\/\/www.krafthand.de\/truck\/artikel\/weltpremiere-paul-group-zeigt-auf-der-bauma-vollelektrischen-fahrmischer-34022\/","title":{"rendered":"Weltpremiere: Paul-Group zeigt auf der BAUMA vollelektrischen Fahrmischer"},"content":{"rendered":"<p>Die Paul Group zeigt derzeit auf der Bauma in M\u00fcnchen mit dem Prototyp &#8218;Battery-Electric Arocs&#8216;\u00a0 einen vollelektrischen Fahrmischer f\u00fcr den Einsatz im Bauverkehr. Der Lkw, der gemeinsam mit <a href=\"https:\/\/www.mercedes-benz-trucks.com\/de_DE\/home.html\" target=\"_blank\" rel=\"noopener\">Mercedes-Benz Trucks<\/a> und <a href=\"https:\/\/www.liebherr.com\/de\/deu\/%C3%BCber-liebherr\/liebherr-weltweit\/deutschland\/bad-schussenried\/liebherr-mischtechnik-gmbh.html\" target=\"_blank\" rel=\"noopener\">Liebherr-Mischtechnik<\/a> entstanden ist, ist das erste Fahrzeug der neuen Produktlinie &#8218;Paul Electric Power&#8216; (PEP) der <a href=\"https:\/\/paul-nutzfahrzeuge.de\" target=\"_blank\" rel=\"noopener\">Paul Group<\/a>.<\/p>\n<h3>200 Kilometer + Betrieb des elektrischen Fahrmischers<\/h3>\n<p>Das Kooperationsprojekt erm\u00f6glicht es, dass mit der Entwicklung von Paul auch im Segment der Fahrmischer bereits heute ein CO2-neutrales Fahrzeug vorgestellt werden kann. Der Battery-Electric Arocs soll bereits ab Ende 2023 in Kleinserie verf\u00fcgbar und flexiblel als 4- und 3-Achser f\u00fcr den Fahrmischer-Aufbau von Liebherr sowie als Pritschen- und Kippanwendungen, konfigurierbar sein. Der Vertrieb erfolgt dann \u00fcber die Paul Group sowie Liebherr-Mischtechnik GmbH.<\/p>\n<blockquote><p>&#8222;Wir sind extrem stolz darauf, mit dieser Entwicklung auf Basis des Mercedes-Benz Arocs ein weiteres Mal unsere Kompetenz und Leistungsf\u00e4higkeit als Fahrzeugentwickler erfolgreich unter Beweis stellen zu k\u00f6nnen. E-Antrieb, Batterien und Fahrzeugmanagement sind von Paul optimal zusammengestellt und integriert, um die hohe Belastung zu erm\u00f6glichen, der so ein Baufahrzeug sowohl im Gel\u00e4nde als auch im urbanen Raum und insbesondere mit elektrischem Betonmischer dauerhaft standhalten muss&#8220;, so Bernhard Wasner, Gesch\u00e4ftsf\u00fchrer der Paul Group auf der Bauma.<\/p><\/blockquote>\n<div class=\"gallery-container\"><div class=\"owl-carousel owl-theme\">\r\n        <div>\r\n        \t<img decoding=\"async\" src=\"https:\/\/static.krafthand-truck.de\/uploads\/2022\/10\/Paul_Nutzfahrzeuge_PEP_Betonmischer01_web-1024x609.jpg\" alt=\"\" \/>\r\n          <a href=\"https:\/\/static.krafthand-truck.de\/uploads\/2022\/10\/Paul_Nutzfahrzeuge_PEP_Betonmischer01_web-1024x609.jpg\" data-featherlight=\"gallery_69f568546dd71\" class=\"gallery-expand\" data-title=\"Der batterieelektrische Fahrmischer ist mit Mercedes-Benz Trucks und Liebherr-Mischtechnik entstanden.\"><i class=\"fa fa-expand\" aria-hidden=\"true\"><\/i><\/a>\r\n        \t<div class=\"gallery-caption wp-caption-text\"><p>Der batterieelektrische Fahrmischer ist mit Mercedes-Benz Trucks und Liebherr-Mischtechnik entstanden.<\/p>\n<\/div>\r\n        <\/div>\r\n        <div>\r\n        \t<img decoding=\"async\" src=\"https:\/\/static.krafthand-truck.de\/uploads\/2022\/10\/Paul_Nutzfahrzeuge_PEP_Betonmischer02_web-1024x576.jpg\" alt=\"\" \/>\r\n          <a href=\"https:\/\/static.krafthand-truck.de\/uploads\/2022\/10\/Paul_Nutzfahrzeuge_PEP_Betonmischer02_web-1024x576.jpg\" data-featherlight=\"gallery_69f568546dd71\" class=\"gallery-expand\" data-title=\"Der Vertrieb soll zuk\u00fcnftig \u00fcber die Paul Group sowie die Liebherr-Mischtechnik erfolgen.\"><i class=\"fa fa-expand\" aria-hidden=\"true\"><\/i><\/a>\r\n        \t<div class=\"gallery-caption wp-caption-text\"><p>Der Vertrieb soll zuk\u00fcnftig \u00fcber die Paul Group sowie die Liebherr-Mischtechnik erfolgen.<\/p>\n<\/div>\r\n        <\/div>\r\n        <div>\r\n        \t<img decoding=\"async\" src=\"https:\/\/static.krafthand-truck.de\/uploads\/2022\/10\/Paul_Nutzfahrzeuge_PEP_Betonmischer04_web-1024x576.jpg\" alt=\"\" \/>\r\n          <a href=\"https:\/\/static.krafthand-truck.de\/uploads\/2022\/10\/Paul_Nutzfahrzeuge_PEP_Betonmischer04_web-1024x576.jpg\" data-featherlight=\"gallery_69f568546dd71\" class=\"gallery-expand\" data-title=\"Der 'Battery-Electric Arocs'.\"><i class=\"fa fa-expand\" aria-hidden=\"true\"><\/i><\/a>\r\n        \t<div class=\"gallery-caption wp-caption-text\"><p>Der &#8218;Battery-Electric Arocs&#8216;.<\/p>\n<\/div>\r\n        <\/div>\r\n        <div>\r\n        \t<img decoding=\"async\" src=\"https:\/\/static.krafthand-truck.de\/uploads\/2022\/10\/Paul_Nutzfahrzeuge_PEP_Betonmischer05_web-1024x576.jpg\" alt=\"\" \/>\r\n          <a href=\"https:\/\/static.krafthand-truck.de\/uploads\/2022\/10\/Paul_Nutzfahrzeuge_PEP_Betonmischer05_web-1024x576.jpg\" data-featherlight=\"gallery_69f568546dd71\" class=\"gallery-expand\" data-title=\"Der Fahrmischer-Aufbau 'ETM 905-E' stammt von Liebherr.\"><i class=\"fa fa-expand\" aria-hidden=\"true\"><\/i><\/a>\r\n        \t<div class=\"gallery-caption wp-caption-text\"><p>Der Fahrmischer-Aufbau &#8218;ETM 905-E&#8216; stammt von Liebherr.<\/p>\n<\/div>\r\n        <\/div>\r\n        <div>\r\n        \t<img decoding=\"async\" src=\"https:\/\/static.krafthand-truck.de\/uploads\/2022\/10\/Paul_Nutzfahrzeuge_PEP_Betonmischer06_web-1024x576.jpg\" alt=\"\" \/>\r\n          <a href=\"https:\/\/static.krafthand-truck.de\/uploads\/2022\/10\/Paul_Nutzfahrzeuge_PEP_Betonmischer06_web-1024x576.jpg\" data-featherlight=\"gallery_69f568546dd71\" class=\"gallery-expand\" data-title=\"Der Prototyp 'Battery-Electric Arocs'.\"><i class=\"fa fa-expand\" aria-hidden=\"true\"><\/i><\/a>\r\n        \t<div class=\"gallery-caption wp-caption-text\"><p>Der Prototyp &#8218;Battery-Electric Arocs&#8216;.<\/p>\n<\/div>\r\n        <\/div><\/div><\/div>\r\n\t<script>\r\n\t\tjQuery(document).ready(function($){\r\n      setTimeout(function(){\r\n  \t\t\t$(\".owl-carousel\").owlCarousel({\r\n  \t\t\t\tloop:true,\r\n    \t\t\tmargin:10,\r\n    \t\t\tresponsiveClass:true,\r\n    \t\t\titems:1,\r\n    \t\t\tautoHeight: true,\r\n          nav: true,\r\n          URLhashListener: true,\r\n          startPosition: \"URLHash\",\r\n          navText: [\r\n            \"<i class='fa fa-chevron-left'><\/i>\",\r\n            \"<i class='fa fa-chevron-right'><\/i>\"\r\n          ],\r\n  \t\t\t});\r\n      }, 2000);\r\n\t\t});\r\n\t<\/script>\r\n\t\n<p>&nbsp;<\/p>\n<h3>In rund 1,5 Stunden geladen<\/h3>\n<p>Der von Paul integrierte elektrische Antriebsstrang bietet eigenen Angaben zufolge eine Dauerleistung von mehr als 300 kW sowie eine Spitzenleistung von mehr als 400 kW. Das Unternehmen stattet das Fahrzeug, dessen Fahrgestell (8&#215;4) samt Kabine auf dem Arocs von Mercedes-Benz Trucks basiert, mit einer elektrischen Zentralmotorl\u00f6sung aus. So k\u00f6nnen die Au\u00dfenplanetenachsen des Arocs genutzt werden, um auch weiterhin die f\u00fcr den robusten Baustelleneinsatz ben\u00f6tigte Bodenfreiheit und Gel\u00e4ndeg\u00e4ngigkeit zu bieten. Der Battery-Electric Arocs, der \u00fcber ein 800-V-Bordnetz verf\u00fcgt, kann mit sechs oder sieben Batteriepaketen mit jeweils 60 kWh nutzbarer Energie konfiguriert werden. Mit sieben Batteriepaketen seien nach ersten Berechnungen Reichweiten von deutlich \u00fcber 200 Kilometern mit Dauerbetrieb des Betonmischers auf der Baustelle m\u00f6glich. Jeweils zwei bis drei Batteriepakete werden im Turm hinter dem Fahrerhaus verbaut, die anderen unter dem Fahrerhaus und im Fahrgestell.<\/p>\n<h3>Neun Kubikmeter eTrommel<\/h3>\n<p>Der elektrische Fahrmischer-Aufbau <strong>ETM-905<\/strong> mit 9-Kubikmeter-Trommel bezieht seine Energie \u00fcber eine Hochvolt-Schnittstelle aus den Fahrzeugbatterien. Aufgeladen werden kann das Fahrzeug er an einer Lades\u00e4ule mit 150 kW innerhalb von rund 1,5 Stunden (bei sechs Batteriepaketen) von 20 auf 80 Prozent, AC Laden wird ebenfalls verf\u00fcgbar sein.<\/p>\n<h3>Service und Wartung<\/h3>\n<p><em>&#8222;Der Service und die Wartung der Fahrzeuge wird k\u00fcnftig in entsprechenden Mercedes-Benz Niederlassungen und Nfz-Werkstattbetrieben erfolgen. Die Mitarbeiter werden von Paul eigens geschult. Interessierte Betriebe k\u00f6nnen sich gerne melden&#8220;<\/em>, so Torsten Ihle, Vertrieb und Key-Account-Manager bei der Paul-Group.<\/p>\n<p>Der Prototype Battery-Electric Arocs ist auf der <a href=\"https:\/\/bauma.de\/de\/\" target=\"_blank\" rel=\"noopener\">Bauma<\/a> am <strong>Stand von Mercedes-Benz Trucks, B4. 324 \/ B4.236<\/strong> noch bis zum 30.10.2022 zu sehen.<\/p>\n<p><strong>Im \u00dcbrigen:<\/strong> Der Wasserstoff-Truck PH2P von Paul mit elektrisch betriebener Haken-Integration, ist auf der Bauma bei Palfinger, Freigel\u00e4nde Nord am Stand 826 zu sehen.<\/p>\n\r\n\t\t\t\t<div class=\"post-author\">\r\n\t\t\t\t\t<div class=\"khm-cp-author clearfix\">\r\n\t\t\t\t\t\t<div class=\"khm-cp-author__content\">\r\n\t\t\t\t\t\t\t\tKontakt zum Autor:<br \/>\r\n\t\t\t\t\t\t\t\t<strong>Georg Blenk<\/strong>, 08247 \/ 3007-45 |  <a href=\"mailto:georg.blenk@krafthand-medien.de\">georg.blenk@krafthand-medien.de<\/a>\r\n\t\t\t\t\t\t\t<div class=\"khm-cp-author__image\">\r\n\t\t\t\t\t\t<img src=\"https:\/\/static.krafthand-truck.de\/uploads\/2021\/01\/Blenk_6104-250x300-1-removebg-preview.png\" class=\"img-responsive\">\r\n\t\t\t\t\t<\/div>\r\n\t\t\t\t\t\t<\/div>\r\n\t\t\t\t\t<\/div>\r\n\t\t\t\t<\/div>\r\n\t\t\t\t","protected":false},"excerpt":{"rendered":"<p>Die Paul Group zeigt auf der Bauma in M\u00fcnchen eine Weltpremiere: Ein Prototyp des &#8218;Battery-Electric Arocs&#8216;, einen vollelektrischen Fahrmischer f\u00fcr den Einsatz im Bauverkehr, der emissionsfrei, leise sowie effizient f\u00e4hrt und arbeitet. <span class=\"excerpt-more__dots\">&#8230;<\/span> <a class=\"excerpt-more__link\" href=\"https:\/\/www.krafthand.de\/truck\/artikel\/weltpremiere-paul-group-zeigt-auf-der-bauma-vollelektrischen-fahrmischer-34022\/\" >weiter<\/a><\/p>\n","protected":false},"author":9,"featured_media":34042,"comment_status":"closed","ping_status":"closed","sticky":false,"template":"","format":"standard","meta":{"footnotes":""},"categories":[4224,4915],"tags":[743,2035,5393,3717,4814,5392],"settings":[3524,3523],"class_list":["post-34022","post","type-post","status-publish","format-standard","has-post-thumbnail","hentry","category-e-antrieb","category-neue-fahrzeuge","tag-arocs","tag-baustellenfahrzeug","tag-betonmischer","tag-etruck","tag-paul-nutzfahrzeuge","tag-pep"],"yoast_head":"<!-- This site is optimized with the Yoast SEO plugin v27.3 - https:\/\/yoast.com\/product\/yoast-seo-wordpress\/ -->\n<title>Bauma: Paul-Group zeigt &#039;Battery-Electric Arocs&#039; I Krafthand-Truck<\/title>\n<meta name=\"description\" content=\"Weltpremiere: Die Paul Group zeigt auf der Bauma mit dem Prototyp &#039;Battery-Electric Arocs&#039;\u00a0 einen vollelektrischen Fahrmischer.\" \/>\n<meta name=\"robots\" content=\"index, follow, max-snippet:-1, max-image-preview:large, max-video-preview:-1\" \/>\n<link rel=\"canonical\" href=\"https:\/\/www.krafthand.de\/truck\/artikel\/weltpremiere-paul-group-zeigt-auf-der-bauma-vollelektrischen-fahrmischer-34022\/\" \/>\n<meta property=\"og:locale\" content=\"de_DE\" \/>\n<meta property=\"og:type\" content=\"article\" \/>\n<meta property=\"og:title\" content=\"Bauma: Paul-Group zeigt &#039;Battery-Electric Arocs&#039; I Krafthand-Truck\" \/>\n<meta property=\"og:description\" content=\"Weltpremiere: Die Paul Group zeigt auf der Bauma mit dem Prototyp &#039;Battery-Electric Arocs&#039;\u00a0 einen vollelektrischen Fahrmischer.\" \/>\n<meta property=\"og:url\" content=\"https:\/\/www.krafthand-truck.de\/artikel\/weltpremiere-paul-group-zeigt-auf-der-bauma-vollelektrischen-fahrmischer-34022\/\" \/>\n<meta property=\"og:site_name\" content=\"Krafthand-Truck\" \/>\n<meta property=\"article:published_time\" content=\"2022-10-26T11:05:05+00:00\" \/>\n<meta property=\"article:modified_time\" content=\"2022-10-26T11:10:26+00:00\" \/>\n<meta property=\"og:image\" content=\"https:\/\/static.krafthand-truck.de\/uploads\/2022\/10\/Bild03-scaled.jpg\" \/>\n\t<meta property=\"og:image:width\" content=\"2560\" \/>\n\t<meta property=\"og:image:height\" content=\"1440\" \/>\n\t<meta property=\"og:image:type\" content=\"image\/jpeg\" \/>\n<meta name=\"author\" content=\"georg.blenk@krafthand-medien.de\" \/>\n<meta name=\"twitter:card\" content=\"summary_large_image\" \/>\n<meta name=\"twitter:label1\" content=\"Verfasst von\" \/>\n\t<meta name=\"twitter:data1\" content=\"georg.blenk@krafthand-medien.de\" \/>\n\t<meta name=\"twitter:label2\" content=\"Gesch\u00e4tzte Lesezeit\" \/>\n\t<meta name=\"twitter:data2\" content=\"3\u00a0Minuten\" \/>\n<script type=\"application\/ld+json\" class=\"yoast-schema-graph\">{\"@context\":\"https:\\\/\\\/schema.org\",\"@graph\":[{\"@type\":\"Article\",\"@id\":\"https:\\\/\\\/www.krafthand.de\\\/truck\\\/artikel\\\/weltpremiere-paul-group-zeigt-auf-der-bauma-vollelektrischen-fahrmischer-34022\\\/#article\",\"isPartOf\":{\"@id\":\"https:\\\/\\\/www.krafthand.de\\\/truck\\\/artikel\\\/weltpremiere-paul-group-zeigt-auf-der-bauma-vollelektrischen-fahrmischer-34022\\\/\"},\"author\":{\"name\":\"georg.blenk@krafthand-medien.de\",\"@id\":\"https:\\\/\\\/www.krafthand.de\\\/truck\\\/#\\\/schema\\\/person\\\/51fa80b1c57034c4bf63f9f988fc24ce\"},\"headline\":\"Weltpremiere: Paul-Group zeigt auf der BAUMA vollelektrischen Fahrmischer\",\"datePublished\":\"2022-10-26T11:05:05+00:00\",\"dateModified\":\"2022-10-26T11:10:26+00:00\",\"mainEntityOfPage\":{\"@id\":\"https:\\\/\\\/www.krafthand.de\\\/truck\\\/artikel\\\/weltpremiere-paul-group-zeigt-auf-der-bauma-vollelektrischen-fahrmischer-34022\\\/\"},\"wordCount\":489,\"image\":{\"@id\":\"https:\\\/\\\/www.krafthand.de\\\/truck\\\/artikel\\\/weltpremiere-paul-group-zeigt-auf-der-bauma-vollelektrischen-fahrmischer-34022\\\/#primaryimage\"},\"thumbnailUrl\":\"https:\\\/\\\/static.krafthand-truck.de\\\/uploads\\\/2022\\\/10\\\/Bild03-scaled.jpg\",\"keywords\":[\"Arocs\",\"Baustellenfahrzeug\",\"Betonmischer\",\"eTruck\",\"Paul Nutzfahrzeuge\",\"PEP\"],\"articleSection\":[\"E-Antrieb (BEV\\\/FCEV)\",\"Neue Fahrzeuge\"],\"inLanguage\":\"de\"},{\"@type\":\"WebPage\",\"@id\":\"https:\\\/\\\/www.krafthand.de\\\/truck\\\/artikel\\\/weltpremiere-paul-group-zeigt-auf-der-bauma-vollelektrischen-fahrmischer-34022\\\/\",\"url\":\"https:\\\/\\\/www.krafthand.de\\\/truck\\\/artikel\\\/weltpremiere-paul-group-zeigt-auf-der-bauma-vollelektrischen-fahrmischer-34022\\\/\",\"name\":\"Bauma: Paul-Group zeigt 'Battery-Electric Arocs' I Krafthand-Truck\",\"isPartOf\":{\"@id\":\"https:\\\/\\\/www.krafthand.de\\\/truck\\\/#website\"},\"primaryImageOfPage\":{\"@id\":\"https:\\\/\\\/www.krafthand.de\\\/truck\\\/artikel\\\/weltpremiere-paul-group-zeigt-auf-der-bauma-vollelektrischen-fahrmischer-34022\\\/#primaryimage\"},\"image\":{\"@id\":\"https:\\\/\\\/www.krafthand.de\\\/truck\\\/artikel\\\/weltpremiere-paul-group-zeigt-auf-der-bauma-vollelektrischen-fahrmischer-34022\\\/#primaryimage\"},\"thumbnailUrl\":\"https:\\\/\\\/static.krafthand-truck.de\\\/uploads\\\/2022\\\/10\\\/Bild03-scaled.jpg\",\"datePublished\":\"2022-10-26T11:05:05+00:00\",\"dateModified\":\"2022-10-26T11:10:26+00:00\",\"author\":{\"@id\":\"https:\\\/\\\/www.krafthand.de\\\/truck\\\/#\\\/schema\\\/person\\\/51fa80b1c57034c4bf63f9f988fc24ce\"},\"description\":\"Weltpremiere: Die Paul Group zeigt auf der Bauma mit dem Prototyp 'Battery-Electric Arocs'\u00a0 einen vollelektrischen Fahrmischer.\",\"breadcrumb\":{\"@id\":\"https:\\\/\\\/www.krafthand.de\\\/truck\\\/artikel\\\/weltpremiere-paul-group-zeigt-auf-der-bauma-vollelektrischen-fahrmischer-34022\\\/#breadcrumb\"},\"inLanguage\":\"de\",\"potentialAction\":[{\"@type\":\"ReadAction\",\"target\":[\"https:\\\/\\\/www.krafthand.de\\\/truck\\\/artikel\\\/weltpremiere-paul-group-zeigt-auf-der-bauma-vollelektrischen-fahrmischer-34022\\\/\"]}]},{\"@type\":\"ImageObject\",\"inLanguage\":\"de\",\"@id\":\"https:\\\/\\\/www.krafthand.de\\\/truck\\\/artikel\\\/weltpremiere-paul-group-zeigt-auf-der-bauma-vollelektrischen-fahrmischer-34022\\\/#primaryimage\",\"url\":\"https:\\\/\\\/static.krafthand-truck.de\\\/uploads\\\/2022\\\/10\\\/Bild03-scaled.jpg\",\"contentUrl\":\"https:\\\/\\\/static.krafthand-truck.de\\\/uploads\\\/2022\\\/10\\\/Bild03-scaled.jpg\",\"width\":2560,\"height\":1440},{\"@type\":\"BreadcrumbList\",\"@id\":\"https:\\\/\\\/www.krafthand.de\\\/truck\\\/artikel\\\/weltpremiere-paul-group-zeigt-auf-der-bauma-vollelektrischen-fahrmischer-34022\\\/#breadcrumb\",\"itemListElement\":[{\"@type\":\"ListItem\",\"position\":1,\"name\":\"Krafthand-Truck\",\"item\":\"https:\\\/\\\/www.krafthand.de\\\/truck\\\/\"},{\"@type\":\"ListItem\",\"position\":2,\"name\":\"Nfz-Technik\",\"item\":\"https:\\\/\\\/www.krafthand.de\\\/truck\\\/kategorie\\\/nfz-technik\\\/\"},{\"@type\":\"ListItem\",\"position\":3,\"name\":\"E-Antrieb (BEV\\\/FCEV)\",\"item\":\"https:\\\/\\\/www.krafthand.de\\\/truck\\\/kategorie\\\/nfz-technik\\\/e-antrieb\\\/\"},{\"@type\":\"ListItem\",\"position\":4,\"name\":\"Weltpremiere: Paul-Group zeigt auf der BAUMA vollelektrischen Fahrmischer\"}]},{\"@type\":\"WebSite\",\"@id\":\"https:\\\/\\\/www.krafthand.de\\\/truck\\\/#website\",\"url\":\"https:\\\/\\\/www.krafthand.de\\\/truck\\\/\",\"name\":\"Krafthand-Truck\",\"description\":\"\",\"potentialAction\":[{\"@type\":\"SearchAction\",\"target\":{\"@type\":\"EntryPoint\",\"urlTemplate\":\"https:\\\/\\\/www.krafthand.de\\\/truck\\\/?s={search_term_string}\"},\"query-input\":{\"@type\":\"PropertyValueSpecification\",\"valueRequired\":true,\"valueName\":\"search_term_string\"}}],\"inLanguage\":\"de\"},{\"@type\":\"Person\",\"@id\":\"https:\\\/\\\/www.krafthand.de\\\/truck\\\/#\\\/schema\\\/person\\\/51fa80b1c57034c4bf63f9f988fc24ce\",\"name\":\"georg.blenk@krafthand-medien.de\",\"image\":{\"@type\":\"ImageObject\",\"inLanguage\":\"de\",\"@id\":\"https:\\\/\\\/secure.gravatar.com\\\/avatar\\\/93713c30affe0aa95d3a4130e499bb1abee2eb31adbdd9ce2aa1543538490215?s=96&d=mm&r=g\",\"url\":\"https:\\\/\\\/secure.gravatar.com\\\/avatar\\\/93713c30affe0aa95d3a4130e499bb1abee2eb31adbdd9ce2aa1543538490215?s=96&d=mm&r=g\",\"contentUrl\":\"https:\\\/\\\/secure.gravatar.com\\\/avatar\\\/93713c30affe0aa95d3a4130e499bb1abee2eb31adbdd9ce2aa1543538490215?s=96&d=mm&r=g\",\"caption\":\"georg.blenk@krafthand-medien.de\"}}]}<\/script>\n<!-- \/ Yoast SEO plugin. -->","yoast_head_json":{"title":"Bauma: Paul-Group zeigt 'Battery-Electric Arocs' I Krafthand-Truck","description":"Weltpremiere: Die Paul Group zeigt auf der Bauma mit dem Prototyp 'Battery-Electric Arocs'\u00a0 einen vollelektrischen Fahrmischer.","robots":{"index":"index","follow":"follow","max-snippet":"max-snippet:-1","max-image-preview":"max-image-preview:large","max-video-preview":"max-video-preview:-1"},"canonical":"https:\/\/www.krafthand.de\/truck\/artikel\/weltpremiere-paul-group-zeigt-auf-der-bauma-vollelektrischen-fahrmischer-34022\/","og_locale":"de_DE","og_type":"article","og_title":"Bauma: Paul-Group zeigt 'Battery-Electric Arocs' I Krafthand-Truck","og_description":"Weltpremiere: Die Paul Group zeigt auf der Bauma mit dem Prototyp 'Battery-Electric Arocs'\u00a0 einen vollelektrischen Fahrmischer.","og_url":"https:\/\/www.krafthand-truck.de\/artikel\/weltpremiere-paul-group-zeigt-auf-der-bauma-vollelektrischen-fahrmischer-34022\/","og_site_name":"Krafthand-Truck","article_published_time":"2022-10-26T11:05:05+00:00","article_modified_time":"2022-10-26T11:10:26+00:00","og_image":[{"width":2560,"height":1440,"url":"https:\/\/static.krafthand-truck.de\/uploads\/2022\/10\/Bild03-scaled.jpg","type":"image\/jpeg"}],"author":"georg.blenk@krafthand-medien.de","twitter_card":"summary_large_image","twitter_misc":{"Verfasst von":"georg.blenk@krafthand-medien.de","Gesch\u00e4tzte Lesezeit":"3\u00a0Minuten"},"schema":{"@context":"https:\/\/schema.org","@graph":[{"@type":"Article","@id":"https:\/\/www.krafthand.de\/truck\/artikel\/weltpremiere-paul-group-zeigt-auf-der-bauma-vollelektrischen-fahrmischer-34022\/#article","isPartOf":{"@id":"https:\/\/www.krafthand.de\/truck\/artikel\/weltpremiere-paul-group-zeigt-auf-der-bauma-vollelektrischen-fahrmischer-34022\/"},"author":{"name":"georg.blenk@krafthand-medien.de","@id":"https:\/\/www.krafthand.de\/truck\/#\/schema\/person\/51fa80b1c57034c4bf63f9f988fc24ce"},"headline":"Weltpremiere: Paul-Group zeigt auf der BAUMA vollelektrischen Fahrmischer","datePublished":"2022-10-26T11:05:05+00:00","dateModified":"2022-10-26T11:10:26+00:00","mainEntityOfPage":{"@id":"https:\/\/www.krafthand.de\/truck\/artikel\/weltpremiere-paul-group-zeigt-auf-der-bauma-vollelektrischen-fahrmischer-34022\/"},"wordCount":489,"image":{"@id":"https:\/\/www.krafthand.de\/truck\/artikel\/weltpremiere-paul-group-zeigt-auf-der-bauma-vollelektrischen-fahrmischer-34022\/#primaryimage"},"thumbnailUrl":"https:\/\/static.krafthand-truck.de\/uploads\/2022\/10\/Bild03-scaled.jpg","keywords":["Arocs","Baustellenfahrzeug","Betonmischer","eTruck","Paul Nutzfahrzeuge","PEP"],"articleSection":["E-Antrieb (BEV\/FCEV)","Neue Fahrzeuge"],"inLanguage":"de"},{"@type":"WebPage","@id":"https:\/\/www.krafthand.de\/truck\/artikel\/weltpremiere-paul-group-zeigt-auf-der-bauma-vollelektrischen-fahrmischer-34022\/","url":"https:\/\/www.krafthand.de\/truck\/artikel\/weltpremiere-paul-group-zeigt-auf-der-bauma-vollelektrischen-fahrmischer-34022\/","name":"Bauma: Paul-Group zeigt 'Battery-Electric Arocs' I Krafthand-Truck","isPartOf":{"@id":"https:\/\/www.krafthand.de\/truck\/#website"},"primaryImageOfPage":{"@id":"https:\/\/www.krafthand.de\/truck\/artikel\/weltpremiere-paul-group-zeigt-auf-der-bauma-vollelektrischen-fahrmischer-34022\/#primaryimage"},"image":{"@id":"https:\/\/www.krafthand.de\/truck\/artikel\/weltpremiere-paul-group-zeigt-auf-der-bauma-vollelektrischen-fahrmischer-34022\/#primaryimage"},"thumbnailUrl":"https:\/\/static.krafthand-truck.de\/uploads\/2022\/10\/Bild03-scaled.jpg","datePublished":"2022-10-26T11:05:05+00:00","dateModified":"2022-10-26T11:10:26+00:00","author":{"@id":"https:\/\/www.krafthand.de\/truck\/#\/schema\/person\/51fa80b1c57034c4bf63f9f988fc24ce"},"description":"Weltpremiere: Die Paul Group zeigt auf der Bauma mit dem Prototyp 'Battery-Electric Arocs'\u00a0 einen vollelektrischen Fahrmischer.","breadcrumb":{"@id":"https:\/\/www.krafthand.de\/truck\/artikel\/weltpremiere-paul-group-zeigt-auf-der-bauma-vollelektrischen-fahrmischer-34022\/#breadcrumb"},"inLanguage":"de","potentialAction":[{"@type":"ReadAction","target":["https:\/\/www.krafthand.de\/truck\/artikel\/weltpremiere-paul-group-zeigt-auf-der-bauma-vollelektrischen-fahrmischer-34022\/"]}]},{"@type":"ImageObject","inLanguage":"de","@id":"https:\/\/www.krafthand.de\/truck\/artikel\/weltpremiere-paul-group-zeigt-auf-der-bauma-vollelektrischen-fahrmischer-34022\/#primaryimage","url":"https:\/\/static.krafthand-truck.de\/uploads\/2022\/10\/Bild03-scaled.jpg","contentUrl":"https:\/\/static.krafthand-truck.de\/uploads\/2022\/10\/Bild03-scaled.jpg","width":2560,"height":1440},{"@type":"BreadcrumbList","@id":"https:\/\/www.krafthand.de\/truck\/artikel\/weltpremiere-paul-group-zeigt-auf-der-bauma-vollelektrischen-fahrmischer-34022\/#breadcrumb","itemListElement":[{"@type":"ListItem","position":1,"name":"Krafthand-Truck","item":"https:\/\/www.krafthand.de\/truck\/"},{"@type":"ListItem","position":2,"name":"Nfz-Technik","item":"https:\/\/www.krafthand.de\/truck\/kategorie\/nfz-technik\/"},{"@type":"ListItem","position":3,"name":"E-Antrieb (BEV\/FCEV)","item":"https:\/\/www.krafthand.de\/truck\/kategorie\/nfz-technik\/e-antrieb\/"},{"@type":"ListItem","position":4,"name":"Weltpremiere: Paul-Group zeigt auf der BAUMA vollelektrischen Fahrmischer"}]},{"@type":"WebSite","@id":"https:\/\/www.krafthand.de\/truck\/#website","url":"https:\/\/www.krafthand.de\/truck\/","name":"Krafthand-Truck","description":"","potentialAction":[{"@type":"SearchAction","target":{"@type":"EntryPoint","urlTemplate":"https:\/\/www.krafthand.de\/truck\/?s={search_term_string}"},"query-input":{"@type":"PropertyValueSpecification","valueRequired":true,"valueName":"search_term_string"}}],"inLanguage":"de"},{"@type":"Person","@id":"https:\/\/www.krafthand.de\/truck\/#\/schema\/person\/51fa80b1c57034c4bf63f9f988fc24ce","name":"georg.blenk@krafthand-medien.de","image":{"@type":"ImageObject","inLanguage":"de","@id":"https:\/\/secure.gravatar.com\/avatar\/93713c30affe0aa95d3a4130e499bb1abee2eb31adbdd9ce2aa1543538490215?s=96&d=mm&r=g","url":"https:\/\/secure.gravatar.com\/avatar\/93713c30affe0aa95d3a4130e499bb1abee2eb31adbdd9ce2aa1543538490215?s=96&d=mm&r=g","contentUrl":"https:\/\/secure.gravatar.com\/avatar\/93713c30affe0aa95d3a4130e499bb1abee2eb31adbdd9ce2aa1543538490215?s=96&d=mm&r=g","caption":"georg.blenk@krafthand-medien.de"}}]}},"_links":{"self":[{"href":"https:\/\/www.krafthand.de\/truck\/wp-json\/wp\/v2\/posts\/34022","targetHints":{"allow":["GET"]}}],"collection":[{"href":"https:\/\/www.krafthand.de\/truck\/wp-json\/wp\/v2\/posts"}],"about":[{"href":"https:\/\/www.krafthand.de\/truck\/wp-json\/wp\/v2\/types\/post"}],"author":[{"embeddable":true,"href":"https:\/\/www.krafthand.de\/truck\/wp-json\/wp\/v2\/users\/9"}],"replies":[{"embeddable":true,"href":"https:\/\/www.krafthand.de\/truck\/wp-json\/wp\/v2\/comments?post=34022"}],"version-history":[{"count":23,"href":"https:\/\/www.krafthand.de\/truck\/wp-json\/wp\/v2\/posts\/34022\/revisions"}],"predecessor-version":[{"id":34059,"href":"https:\/\/www.krafthand.de\/truck\/wp-json\/wp\/v2\/posts\/34022\/revisions\/34059"}],"wp:featuredmedia":[{"embeddable":true,"href":"https:\/\/www.krafthand.de\/truck\/wp-json\/wp\/v2\/media\/34042"}],"wp:attachment":[{"href":"https:\/\/www.krafthand.de\/truck\/wp-json\/wp\/v2\/media?parent=34022"}],"wp:term":[{"taxonomy":"category","embeddable":true,"href":"https:\/\/www.krafthand.de\/truck\/wp-json\/wp\/v2\/categories?post=34022"},{"taxonomy":"post_tag","embeddable":true,"href":"https:\/\/www.krafthand.de\/truck\/wp-json\/wp\/v2\/tags?post=34022"},{"taxonomy":"settings","embeddable":true,"href":"https:\/\/www.krafthand.de\/truck\/wp-json\/wp\/v2\/settings?post=34022"}],"curies":[{"name":"wp","href":"https:\/\/api.w.org\/{rel}","templated":true}]}}