{"id":34005,"date":"2022-10-20T12:03:33","date_gmt":"2022-10-20T10:03:33","guid":{"rendered":"https:\/\/www.krafthand.de\/truck\/?p=34005"},"modified":"2022-10-24T18:34:12","modified_gmt":"2022-10-24T16:34:12","slug":"hella-mit-webinaren-zum-thema-universalbeleuchtung-fuer-nfz","status":"publish","type":"post","link":"https:\/\/www.krafthand.de\/truck\/artikel\/hella-mit-webinaren-zum-thema-universalbeleuchtung-fuer-nfz-34005\/","title":{"rendered":"Hella mit Webinaren zum Thema Universalbeleuchtung f\u00fcr Nfz"},"content":{"rendered":"<p>Nach der Vorjahresveranstaltung &#8218;Digitalisierung des Lichts 2.0&#8216; bietet Licht- und Elektronikexperte HELLA auch in diesem Jahr wieder ein interaktives Webinar an. Im Fokus steht diesmal das Thema <strong>&#8218;Universalbeleuchtung&#8216;<\/strong>. Das Webinar richtet sich sowohl an Nfz-Werkst\u00e4tten und Gro\u00dfh\u00e4ndler als auch an andere Interessierte, die auf der Suche nach Universalbeleuchtungsl\u00f6sungen f\u00fcr Fahrzeuge sind, wie Trucker, Offroader oder Landwirte.<\/p>\n<p>In rund 30 Minuten nehmen Julian Pfenning, HELLA Key Account Manager 24V und Agrar, sowie Markus Kirchner, verantwortlich f\u00fcr das Produktmanagement f\u00fcr Universalbeleuchtung speziell im Bereich Truck bei HELLA, die Webinar-Teilnehmer mit in die Welt der Universalbeleuchtung. Vor einem Showtruck stellen die beiden HELLA Experten die neusten Produkt-Highlights aus den Bereichen Fernscheinwerfer, Kennleuchten und Arbeitsscheinwerfer vor. Zugleich vermitteln sie wertvolle Tipps und Informationen, um das richtige Produkt f\u00fcr jeden Anwendungsbereich zu finden, sei es f\u00fcr Nutzfahrzeuge, Offroad- oder landwirtschaftliche Anforderungen. <strong>Die Termine sind am 25. und 27. Oktober sowie am 2. November 2022.\u00a0<\/strong><\/p>\n<p>Das Online-Format bietet vielf\u00e4ltigen Mehrwert. So erhalten die Teilnehmer aus erster Hand fundierte Informationen von Experten f\u00fcr Experten \u2013 bequem von zu Hause aus am Rechner, am Arbeitsplatz oder von unterwegs. W\u00e4hrend des Webinars k\u00f6nnen die Teilnehmer zudem \u00fcber den Live-Chat jederzeit mit den HELLA Experten interagieren und individuelle Fragen stellen.<\/p>\n<p>Die <strong>Anmeldung zum kostenlosen Webinar<\/strong> &#8218;Universalbeleuchtung&#8216; erfolgt mit wenigen Klicks direkt \u00fcber die <a href=\"https:\/\/www.hella.com\/techworld\/de\/Training\/HELLA-Webinare-60286\/\" target=\"_blank\" rel=\"noopener\">HELLA TECH WORLD. <\/a>\u00a0Ein Mitschnitt des Webinars wird <strong>ab dem 7. November 2022<\/strong> ebenfalls online in der HELLA TECH WORLD zur Verf\u00fcgung stehen.<\/p>\n","protected":false},"excerpt":{"rendered":"<p>Nach der Vorjahresveranstaltung &#8218;Digitalisierung des Lichts 2.0&#8216; bietet Licht- und Elektronikexperte HELLA auch in diesem Jahr wieder ein interaktives Webinar an. Im Fokus steht diesmal das Thema &#8218;Universalbeleuchtung&#8216;. <span class=\"excerpt-more__dots\">&#8230;<\/span> <a class=\"excerpt-more__link\" href=\"https:\/\/www.krafthand.de\/truck\/artikel\/hella-mit-webinaren-zum-thema-universalbeleuchtung-fuer-nfz-34005\/\" >weiter<\/a><\/p>\n","protected":false},"author":9,"featured_media":34006,"comment_status":"closed","ping_status":"closed","sticky":false,"template":"","format":"standard","meta":{"footnotes":""},"categories":[4912,4324],"tags":[482,597,5390,5391],"settings":[3523],"class_list":["post-34005","post","type-post","status-publish","format-standard","has-post-thumbnail","hentry","category-ersatzteile-zubehoer","category-schulungen-bildung","tag-beleuchtung","tag-hella","tag-universalbeleuchtung","tag-zusatzscheinwerfer"],"yoast_head":"<!-- This site is optimized with the Yoast SEO plugin v27.3 - https:\/\/yoast.com\/product\/yoast-seo-wordpress\/ -->\n<title>Hella-Webinar zum Thema Universalbeleuchtung an Lkw<\/title>\n<meta name=\"description\" content=\"HELLA bietet ein interaktives Webinar zum Thema &#039;Universalbeleuchtung&#039; an. Zielgruppen sind u.a. Nfz-Werkst\u00e4tten und Trucker.\" \/>\n<meta name=\"robots\" content=\"index, follow, max-snippet:-1, max-image-preview:large, max-video-preview:-1\" \/>\n<link rel=\"canonical\" href=\"https:\/\/www.krafthand.de\/truck\/artikel\/hella-mit-webinaren-zum-thema-universalbeleuchtung-fuer-nfz-34005\/\" \/>\n<meta property=\"og:locale\" content=\"de_DE\" \/>\n<meta property=\"og:type\" content=\"article\" \/>\n<meta property=\"og:title\" content=\"Hella-Webinar zum Thema Universalbeleuchtung an Lkw\" \/>\n<meta property=\"og:description\" content=\"HELLA bietet ein interaktives Webinar zum Thema &#039;Universalbeleuchtung&#039; an. Zielgruppen sind u.a. Nfz-Werkst\u00e4tten und Trucker.\" \/>\n<meta property=\"og:url\" content=\"https:\/\/www.krafthand-truck.de\/artikel\/hella-mit-webinaren-zum-thema-universalbeleuchtung-fuer-nfz-34005\/\" \/>\n<meta property=\"og:site_name\" content=\"Krafthand-Truck\" \/>\n<meta property=\"article:published_time\" content=\"2022-10-20T10:03:33+00:00\" \/>\n<meta property=\"article:modified_time\" content=\"2022-10-24T16:34:12+00:00\" \/>\n<meta property=\"og:image\" content=\"https:\/\/static.krafthand-truck.de\/uploads\/2022\/10\/HELLA_Webinar_Lkw_Universalbeleuchtung.jpg\" \/>\n\t<meta property=\"og:image:width\" content=\"798\" \/>\n\t<meta property=\"og:image:height\" content=\"525\" \/>\n\t<meta property=\"og:image:type\" content=\"image\/jpeg\" \/>\n<meta name=\"author\" content=\"georg.blenk@krafthand-medien.de\" \/>\n<meta name=\"twitter:card\" content=\"summary_large_image\" \/>\n<meta name=\"twitter:label1\" content=\"Verfasst von\" \/>\n\t<meta name=\"twitter:data1\" content=\"georg.blenk@krafthand-medien.de\" \/>\n\t<meta name=\"twitter:label2\" content=\"Gesch\u00e4tzte Lesezeit\" \/>\n\t<meta name=\"twitter:data2\" content=\"2\u00a0Minuten\" \/>\n<script type=\"application\/ld+json\" class=\"yoast-schema-graph\">{\"@context\":\"https:\\\/\\\/schema.org\",\"@graph\":[{\"@type\":\"Article\",\"@id\":\"https:\\\/\\\/www.krafthand.de\\\/truck\\\/artikel\\\/hella-mit-webinaren-zum-thema-universalbeleuchtung-fuer-nfz-34005\\\/#article\",\"isPartOf\":{\"@id\":\"https:\\\/\\\/www.krafthand.de\\\/truck\\\/artikel\\\/hella-mit-webinaren-zum-thema-universalbeleuchtung-fuer-nfz-34005\\\/\"},\"author\":{\"name\":\"georg.blenk@krafthand-medien.de\",\"@id\":\"https:\\\/\\\/www.krafthand.de\\\/truck\\\/#\\\/schema\\\/person\\\/51fa80b1c57034c4bf63f9f988fc24ce\"},\"headline\":\"Hella mit Webinaren zum Thema Universalbeleuchtung f\u00fcr Nfz\",\"datePublished\":\"2022-10-20T10:03:33+00:00\",\"dateModified\":\"2022-10-24T16:34:12+00:00\",\"mainEntityOfPage\":{\"@id\":\"https:\\\/\\\/www.krafthand.de\\\/truck\\\/artikel\\\/hella-mit-webinaren-zum-thema-universalbeleuchtung-fuer-nfz-34005\\\/\"},\"wordCount\":250,\"image\":{\"@id\":\"https:\\\/\\\/www.krafthand.de\\\/truck\\\/artikel\\\/hella-mit-webinaren-zum-thema-universalbeleuchtung-fuer-nfz-34005\\\/#primaryimage\"},\"thumbnailUrl\":\"https:\\\/\\\/static.krafthand-truck.de\\\/uploads\\\/2022\\\/10\\\/HELLA_Webinar_Lkw_Universalbeleuchtung.jpg\",\"keywords\":[\"Beleuchtung\",\"Hella\",\"Universalbeleuchtung\",\"Zusatzscheinwerfer\"],\"articleSection\":[\"Ersatzteile\\\/Zubeh\u00f6r\",\"Schulungen\\\/Bildung\"],\"inLanguage\":\"de\"},{\"@type\":\"WebPage\",\"@id\":\"https:\\\/\\\/www.krafthand.de\\\/truck\\\/artikel\\\/hella-mit-webinaren-zum-thema-universalbeleuchtung-fuer-nfz-34005\\\/\",\"url\":\"https:\\\/\\\/www.krafthand.de\\\/truck\\\/artikel\\\/hella-mit-webinaren-zum-thema-universalbeleuchtung-fuer-nfz-34005\\\/\",\"name\":\"Hella-Webinar zum Thema Universalbeleuchtung an Lkw\",\"isPartOf\":{\"@id\":\"https:\\\/\\\/www.krafthand.de\\\/truck\\\/#website\"},\"primaryImageOfPage\":{\"@id\":\"https:\\\/\\\/www.krafthand.de\\\/truck\\\/artikel\\\/hella-mit-webinaren-zum-thema-universalbeleuchtung-fuer-nfz-34005\\\/#primaryimage\"},\"image\":{\"@id\":\"https:\\\/\\\/www.krafthand.de\\\/truck\\\/artikel\\\/hella-mit-webinaren-zum-thema-universalbeleuchtung-fuer-nfz-34005\\\/#primaryimage\"},\"thumbnailUrl\":\"https:\\\/\\\/static.krafthand-truck.de\\\/uploads\\\/2022\\\/10\\\/HELLA_Webinar_Lkw_Universalbeleuchtung.jpg\",\"datePublished\":\"2022-10-20T10:03:33+00:00\",\"dateModified\":\"2022-10-24T16:34:12+00:00\",\"author\":{\"@id\":\"https:\\\/\\\/www.krafthand.de\\\/truck\\\/#\\\/schema\\\/person\\\/51fa80b1c57034c4bf63f9f988fc24ce\"},\"description\":\"HELLA bietet ein interaktives Webinar zum Thema 'Universalbeleuchtung' an. Zielgruppen sind u.a. Nfz-Werkst\u00e4tten und Trucker.\",\"breadcrumb\":{\"@id\":\"https:\\\/\\\/www.krafthand.de\\\/truck\\\/artikel\\\/hella-mit-webinaren-zum-thema-universalbeleuchtung-fuer-nfz-34005\\\/#breadcrumb\"},\"inLanguage\":\"de\",\"potentialAction\":[{\"@type\":\"ReadAction\",\"target\":[\"https:\\\/\\\/www.krafthand.de\\\/truck\\\/artikel\\\/hella-mit-webinaren-zum-thema-universalbeleuchtung-fuer-nfz-34005\\\/\"]}]},{\"@type\":\"ImageObject\",\"inLanguage\":\"de\",\"@id\":\"https:\\\/\\\/www.krafthand.de\\\/truck\\\/artikel\\\/hella-mit-webinaren-zum-thema-universalbeleuchtung-fuer-nfz-34005\\\/#primaryimage\",\"url\":\"https:\\\/\\\/static.krafthand-truck.de\\\/uploads\\\/2022\\\/10\\\/HELLA_Webinar_Lkw_Universalbeleuchtung.jpg\",\"contentUrl\":\"https:\\\/\\\/static.krafthand-truck.de\\\/uploads\\\/2022\\\/10\\\/HELLA_Webinar_Lkw_Universalbeleuchtung.jpg\",\"width\":798,\"height\":525},{\"@type\":\"BreadcrumbList\",\"@id\":\"https:\\\/\\\/www.krafthand.de\\\/truck\\\/artikel\\\/hella-mit-webinaren-zum-thema-universalbeleuchtung-fuer-nfz-34005\\\/#breadcrumb\",\"itemListElement\":[{\"@type\":\"ListItem\",\"position\":1,\"name\":\"Krafthand-Truck\",\"item\":\"https:\\\/\\\/www.krafthand.de\\\/truck\\\/\"},{\"@type\":\"ListItem\",\"position\":2,\"name\":\"Nfz-Branche\",\"item\":\"https:\\\/\\\/www.krafthand.de\\\/truck\\\/kategorie\\\/branche\\\/\"},{\"@type\":\"ListItem\",\"position\":3,\"name\":\"Schulungen\\\/Bildung\",\"item\":\"https:\\\/\\\/www.krafthand.de\\\/truck\\\/kategorie\\\/branche\\\/schulungen-bildung\\\/\"},{\"@type\":\"ListItem\",\"position\":4,\"name\":\"Hella mit Webinaren zum Thema Universalbeleuchtung f\u00fcr Nfz\"}]},{\"@type\":\"WebSite\",\"@id\":\"https:\\\/\\\/www.krafthand.de\\\/truck\\\/#website\",\"url\":\"https:\\\/\\\/www.krafthand.de\\\/truck\\\/\",\"name\":\"Krafthand-Truck\",\"description\":\"\",\"potentialAction\":[{\"@type\":\"SearchAction\",\"target\":{\"@type\":\"EntryPoint\",\"urlTemplate\":\"https:\\\/\\\/www.krafthand.de\\\/truck\\\/?s={search_term_string}\"},\"query-input\":{\"@type\":\"PropertyValueSpecification\",\"valueRequired\":true,\"valueName\":\"search_term_string\"}}],\"inLanguage\":\"de\"},{\"@type\":\"Person\",\"@id\":\"https:\\\/\\\/www.krafthand.de\\\/truck\\\/#\\\/schema\\\/person\\\/51fa80b1c57034c4bf63f9f988fc24ce\",\"name\":\"georg.blenk@krafthand-medien.de\",\"image\":{\"@type\":\"ImageObject\",\"inLanguage\":\"de\",\"@id\":\"https:\\\/\\\/secure.gravatar.com\\\/avatar\\\/93713c30affe0aa95d3a4130e499bb1abee2eb31adbdd9ce2aa1543538490215?s=96&d=mm&r=g\",\"url\":\"https:\\\/\\\/secure.gravatar.com\\\/avatar\\\/93713c30affe0aa95d3a4130e499bb1abee2eb31adbdd9ce2aa1543538490215?s=96&d=mm&r=g\",\"contentUrl\":\"https:\\\/\\\/secure.gravatar.com\\\/avatar\\\/93713c30affe0aa95d3a4130e499bb1abee2eb31adbdd9ce2aa1543538490215?s=96&d=mm&r=g\",\"caption\":\"georg.blenk@krafthand-medien.de\"}}]}<\/script>\n<!-- \/ Yoast SEO plugin. -->","yoast_head_json":{"title":"Hella-Webinar zum Thema Universalbeleuchtung an Lkw","description":"HELLA bietet ein interaktives Webinar zum Thema 'Universalbeleuchtung' an. Zielgruppen sind u.a. Nfz-Werkst\u00e4tten und Trucker.","robots":{"index":"index","follow":"follow","max-snippet":"max-snippet:-1","max-image-preview":"max-image-preview:large","max-video-preview":"max-video-preview:-1"},"canonical":"https:\/\/www.krafthand.de\/truck\/artikel\/hella-mit-webinaren-zum-thema-universalbeleuchtung-fuer-nfz-34005\/","og_locale":"de_DE","og_type":"article","og_title":"Hella-Webinar zum Thema Universalbeleuchtung an Lkw","og_description":"HELLA bietet ein interaktives Webinar zum Thema 'Universalbeleuchtung' an. Zielgruppen sind u.a. Nfz-Werkst\u00e4tten und Trucker.","og_url":"https:\/\/www.krafthand-truck.de\/artikel\/hella-mit-webinaren-zum-thema-universalbeleuchtung-fuer-nfz-34005\/","og_site_name":"Krafthand-Truck","article_published_time":"2022-10-20T10:03:33+00:00","article_modified_time":"2022-10-24T16:34:12+00:00","og_image":[{"width":798,"height":525,"url":"https:\/\/static.krafthand-truck.de\/uploads\/2022\/10\/HELLA_Webinar_Lkw_Universalbeleuchtung.jpg","type":"image\/jpeg"}],"author":"georg.blenk@krafthand-medien.de","twitter_card":"summary_large_image","twitter_misc":{"Verfasst von":"georg.blenk@krafthand-medien.de","Gesch\u00e4tzte Lesezeit":"2\u00a0Minuten"},"schema":{"@context":"https:\/\/schema.org","@graph":[{"@type":"Article","@id":"https:\/\/www.krafthand.de\/truck\/artikel\/hella-mit-webinaren-zum-thema-universalbeleuchtung-fuer-nfz-34005\/#article","isPartOf":{"@id":"https:\/\/www.krafthand.de\/truck\/artikel\/hella-mit-webinaren-zum-thema-universalbeleuchtung-fuer-nfz-34005\/"},"author":{"name":"georg.blenk@krafthand-medien.de","@id":"https:\/\/www.krafthand.de\/truck\/#\/schema\/person\/51fa80b1c57034c4bf63f9f988fc24ce"},"headline":"Hella mit Webinaren zum Thema Universalbeleuchtung f\u00fcr Nfz","datePublished":"2022-10-20T10:03:33+00:00","dateModified":"2022-10-24T16:34:12+00:00","mainEntityOfPage":{"@id":"https:\/\/www.krafthand.de\/truck\/artikel\/hella-mit-webinaren-zum-thema-universalbeleuchtung-fuer-nfz-34005\/"},"wordCount":250,"image":{"@id":"https:\/\/www.krafthand.de\/truck\/artikel\/hella-mit-webinaren-zum-thema-universalbeleuchtung-fuer-nfz-34005\/#primaryimage"},"thumbnailUrl":"https:\/\/static.krafthand-truck.de\/uploads\/2022\/10\/HELLA_Webinar_Lkw_Universalbeleuchtung.jpg","keywords":["Beleuchtung","Hella","Universalbeleuchtung","Zusatzscheinwerfer"],"articleSection":["Ersatzteile\/Zubeh\u00f6r","Schulungen\/Bildung"],"inLanguage":"de"},{"@type":"WebPage","@id":"https:\/\/www.krafthand.de\/truck\/artikel\/hella-mit-webinaren-zum-thema-universalbeleuchtung-fuer-nfz-34005\/","url":"https:\/\/www.krafthand.de\/truck\/artikel\/hella-mit-webinaren-zum-thema-universalbeleuchtung-fuer-nfz-34005\/","name":"Hella-Webinar zum Thema Universalbeleuchtung an Lkw","isPartOf":{"@id":"https:\/\/www.krafthand.de\/truck\/#website"},"primaryImageOfPage":{"@id":"https:\/\/www.krafthand.de\/truck\/artikel\/hella-mit-webinaren-zum-thema-universalbeleuchtung-fuer-nfz-34005\/#primaryimage"},"image":{"@id":"https:\/\/www.krafthand.de\/truck\/artikel\/hella-mit-webinaren-zum-thema-universalbeleuchtung-fuer-nfz-34005\/#primaryimage"},"thumbnailUrl":"https:\/\/static.krafthand-truck.de\/uploads\/2022\/10\/HELLA_Webinar_Lkw_Universalbeleuchtung.jpg","datePublished":"2022-10-20T10:03:33+00:00","dateModified":"2022-10-24T16:34:12+00:00","author":{"@id":"https:\/\/www.krafthand.de\/truck\/#\/schema\/person\/51fa80b1c57034c4bf63f9f988fc24ce"},"description":"HELLA bietet ein interaktives Webinar zum Thema 'Universalbeleuchtung' an. Zielgruppen sind u.a. Nfz-Werkst\u00e4tten und Trucker.","breadcrumb":{"@id":"https:\/\/www.krafthand.de\/truck\/artikel\/hella-mit-webinaren-zum-thema-universalbeleuchtung-fuer-nfz-34005\/#breadcrumb"},"inLanguage":"de","potentialAction":[{"@type":"ReadAction","target":["https:\/\/www.krafthand.de\/truck\/artikel\/hella-mit-webinaren-zum-thema-universalbeleuchtung-fuer-nfz-34005\/"]}]},{"@type":"ImageObject","inLanguage":"de","@id":"https:\/\/www.krafthand.de\/truck\/artikel\/hella-mit-webinaren-zum-thema-universalbeleuchtung-fuer-nfz-34005\/#primaryimage","url":"https:\/\/static.krafthand-truck.de\/uploads\/2022\/10\/HELLA_Webinar_Lkw_Universalbeleuchtung.jpg","contentUrl":"https:\/\/static.krafthand-truck.de\/uploads\/2022\/10\/HELLA_Webinar_Lkw_Universalbeleuchtung.jpg","width":798,"height":525},{"@type":"BreadcrumbList","@id":"https:\/\/www.krafthand.de\/truck\/artikel\/hella-mit-webinaren-zum-thema-universalbeleuchtung-fuer-nfz-34005\/#breadcrumb","itemListElement":[{"@type":"ListItem","position":1,"name":"Krafthand-Truck","item":"https:\/\/www.krafthand.de\/truck\/"},{"@type":"ListItem","position":2,"name":"Nfz-Branche","item":"https:\/\/www.krafthand.de\/truck\/kategorie\/branche\/"},{"@type":"ListItem","position":3,"name":"Schulungen\/Bildung","item":"https:\/\/www.krafthand.de\/truck\/kategorie\/branche\/schulungen-bildung\/"},{"@type":"ListItem","position":4,"name":"Hella mit Webinaren zum Thema Universalbeleuchtung f\u00fcr Nfz"}]},{"@type":"WebSite","@id":"https:\/\/www.krafthand.de\/truck\/#website","url":"https:\/\/www.krafthand.de\/truck\/","name":"Krafthand-Truck","description":"","potentialAction":[{"@type":"SearchAction","target":{"@type":"EntryPoint","urlTemplate":"https:\/\/www.krafthand.de\/truck\/?s={search_term_string}"},"query-input":{"@type":"PropertyValueSpecification","valueRequired":true,"valueName":"search_term_string"}}],"inLanguage":"de"},{"@type":"Person","@id":"https:\/\/www.krafthand.de\/truck\/#\/schema\/person\/51fa80b1c57034c4bf63f9f988fc24ce","name":"georg.blenk@krafthand-medien.de","image":{"@type":"ImageObject","inLanguage":"de","@id":"https:\/\/secure.gravatar.com\/avatar\/93713c30affe0aa95d3a4130e499bb1abee2eb31adbdd9ce2aa1543538490215?s=96&d=mm&r=g","url":"https:\/\/secure.gravatar.com\/avatar\/93713c30affe0aa95d3a4130e499bb1abee2eb31adbdd9ce2aa1543538490215?s=96&d=mm&r=g","contentUrl":"https:\/\/secure.gravatar.com\/avatar\/93713c30affe0aa95d3a4130e499bb1abee2eb31adbdd9ce2aa1543538490215?s=96&d=mm&r=g","caption":"georg.blenk@krafthand-medien.de"}}]}},"_links":{"self":[{"href":"https:\/\/www.krafthand.de\/truck\/wp-json\/wp\/v2\/posts\/34005","targetHints":{"allow":["GET"]}}],"collection":[{"href":"https:\/\/www.krafthand.de\/truck\/wp-json\/wp\/v2\/posts"}],"about":[{"href":"https:\/\/www.krafthand.de\/truck\/wp-json\/wp\/v2\/types\/post"}],"author":[{"embeddable":true,"href":"https:\/\/www.krafthand.de\/truck\/wp-json\/wp\/v2\/users\/9"}],"replies":[{"embeddable":true,"href":"https:\/\/www.krafthand.de\/truck\/wp-json\/wp\/v2\/comments?post=34005"}],"version-history":[{"count":6,"href":"https:\/\/www.krafthand.de\/truck\/wp-json\/wp\/v2\/posts\/34005\/revisions"}],"predecessor-version":[{"id":34035,"href":"https:\/\/www.krafthand.de\/truck\/wp-json\/wp\/v2\/posts\/34005\/revisions\/34035"}],"wp:featuredmedia":[{"embeddable":true,"href":"https:\/\/www.krafthand.de\/truck\/wp-json\/wp\/v2\/media\/34006"}],"wp:attachment":[{"href":"https:\/\/www.krafthand.de\/truck\/wp-json\/wp\/v2\/media?parent=34005"}],"wp:term":[{"taxonomy":"category","embeddable":true,"href":"https:\/\/www.krafthand.de\/truck\/wp-json\/wp\/v2\/categories?post=34005"},{"taxonomy":"post_tag","embeddable":true,"href":"https:\/\/www.krafthand.de\/truck\/wp-json\/wp\/v2\/tags?post=34005"},{"taxonomy":"settings","embeddable":true,"href":"https:\/\/www.krafthand.de\/truck\/wp-json\/wp\/v2\/settings?post=34005"}],"curies":[{"name":"wp","href":"https:\/\/api.w.org\/{rel}","templated":true}]}}