{"id":33993,"date":"2022-10-19T18:04:07","date_gmt":"2022-10-19T16:04:07","guid":{"rendered":"https:\/\/www.krafthand.de\/truck\/?p=33993"},"modified":"2022-10-19T18:06:31","modified_gmt":"2022-10-19T16:06:31","slug":"man-erste-probefahrten-mit-etruck-bereits-20-prototypen-gebaut","status":"publish","type":"post","link":"https:\/\/www.krafthand.de\/truck\/artikel\/man-erste-probefahrten-mit-etruck-bereits-20-prototypen-gebaut-33993\/","title":{"rendered":"MAN: Erste Probefahrten mit eTruck &#8211; bereits 20 Prototypen gebaut."},"content":{"rendered":"<p>Im Rahmen der MAN eMobility Experience erm\u00f6glichte der M\u00fcnchener Lkw-Bauer nun erste \u00f6ffentliche Testfahrten mit dem neuen eTruck. Der Elektro-L\u00f6we, der auch auf der IAA Transportation gezeigt wurde, soll 2024 an die ersten Kunden ausgeliefert werden. Das Fahrzeug ist bereits f\u00fcr k\u00fcnftiges Megawatt-Laden vorbereitet. Das soll den neuen eTruck dank hoher Ladeleistungen bei kurzen Ladezeiten auch tauglich f\u00fcr den schweren Fernverkehr mit Tagesreichweiten zwischen 600 und 800 Kilometern machen &#8211; perspektivisch laut <a href=\"https:\/\/www.man.eu\/de\/de\/homepage.html\" target=\"_blank\" rel=\"noopener\">MAN<\/a> sogar bis zu 1.000 Kilometern.<\/p>\n<p>Zusammen mit niedrigen Betriebskosten und einer Energienutzung von Tank zu Rad, die rund zweimal so effizient sei wie im Vergleich zu heutigen Verbrenner-Lkw (aber auch zu Brennstoffzellen Lkw), bieten die batterieelektrischen Fahrzeuge laut MAN die geeignetste Technologie f\u00fcr k\u00fcnftige CO2-freie Nutzfahrzeugflotten. Auch bei der Anwendungsvielfalt und m\u00f6glichen Aufbaukonzepten soll k\u00fcnftige der MAN eTruck dem heutigen Diesel-Lkw in Nichts nachstehen. Ob als klassischer Sattelzug im Ferntransport von gek\u00fchlten Lebensmitteln, als wendiges Drei-Achs-Chassis in der ger\u00e4uscharmen und abgasfreien Abfallentsorgung in der Stadt oder im vollelektrischen Transport von Materialien zur Baustelle mit Chassis und Anh\u00e4nger.<\/p>\n<figure id=\"attachment_33998\" aria-describedby=\"caption-attachment-33998\" style=\"width: 480px\" class=\"wp-caption alignleft\"><a href=\"https:\/\/static.krafthand-truck.de\/uploads\/2022\/10\/MAN_eTruck_IAA_Transportation-scaled.jpg\" target=\"_blank\" rel=\"noopener\"><img fetchpriority=\"high\" decoding=\"async\" class=\"wp-image-33998\" src=\"https:\/\/static.krafthand-truck.de\/uploads\/2022\/10\/MAN_eTruck_IAA_Transportation-300x169.jpg\" alt=\"\" width=\"480\" height=\"270\" srcset=\"https:\/\/static.krafthand-truck.de\/uploads\/2022\/10\/MAN_eTruck_IAA_Transportation-300x169.jpg 300w, https:\/\/static.krafthand-truck.de\/uploads\/2022\/10\/MAN_eTruck_IAA_Transportation-1024x576.jpg 1024w, https:\/\/static.krafthand-truck.de\/uploads\/2022\/10\/MAN_eTruck_IAA_Transportation-768x432.jpg 768w, https:\/\/static.krafthand-truck.de\/uploads\/2022\/10\/MAN_eTruck_IAA_Transportation-1536x864.jpg 1536w, https:\/\/static.krafthand-truck.de\/uploads\/2022\/10\/MAN_eTruck_IAA_Transportation-2048x1152.jpg 2048w, https:\/\/static.krafthand-truck.de\/uploads\/2022\/10\/MAN_eTruck_IAA_Transportation-1320x743.jpg 1320w\" sizes=\"(max-width: 480px) 100vw, 480px\" \/><\/a><figcaption id=\"caption-attachment-33998\" class=\"wp-caption-text\">Ein Prototyp des MAN eTruck war auf der IAA Transportation zu sehen. Bild: Georg Blenk<\/figcaption><\/figure>\n<h3>Flexible Mischproduktion<\/h3>\n<p>20 Prototypen des k\u00fcnftigen eTruck hat MAN in seinem eMobility Center im M\u00fcnchner Hauptwerk bereits aufgelegt. Die geplante Mischserienfertigung mit konventionellen Trucks wird damit bereits unter realen Bedingungen erprobt. Zum Hintergrund: MAN hat f\u00fcr den Hochlauf der Elektromobilit\u00e4t im schweren Nfz-Segment seine Produktion flexibilisiert, sodass auf einem Band \u2013 trotz unterschiedlicher Komponenten, je nach Bedarf der Kunden, Diesel- oder Elektro-Lkw gefertigt werden k\u00f6nnen. Auch die Belegschaft ist vorbereitet und zu gro\u00dfen Teilen bereits f\u00fcr die neue Elektrotechnologie geschult. Bis Ende 2023 werden alle relevanten Fachkr\u00e4fte der Lkw-Produktion f\u00fcr die Serienproduktion von E-Lkw qualifiziert sein.<\/p>\n<p><strong>Batteriepacks in hauseigener Fertigung<\/strong><\/p>\n<p>Investiert wird \u2013 neben einer F\u00f6rderung durch den Freistaat Bayern \u2013 auch in das N\u00fcrnberger MAN Werk. Hier sollen ab 2025 j\u00e4hrlich rund 100.000 Batteriepacks in hauseigener Gro\u00dfserienfertigung hergestellt werden. Im neuen MAN eTruck kommt bereits die dritte Generation der MAN Aktionsbatterien zum Einsatz. Ausgiebige erste Erfahrungen sammelte MAN mit der ersten Generation in der Kleinserie des MAN eTGM, der sich seit 2019 in zahlreichen europ\u00e4ischen L\u00e4ndern im Praxisalltag bei Transportunternehmern mittlerweile \u00fcber 1,5 Millionen Kilometer bew\u00e4hrt hat. Mit der zweiten Generation der Batterien im Stadtbus MAN Lion\u2019s City E konnte zudem ein Reichweitenrekord im Praxiseinsatz \u00fcber 550 Kilometer mit einer Batterieladung aufgestellt werden. Neben der Reichweite stehen bei der Batterieentwicklung von MAN Crashsicherheit, Haltbarkeit sowie Vibrations- und Temperatur-Widerstandsf\u00e4higkeit im Vordergrund.<\/p>\n<blockquote><p>&#8222;Bis 2030 soll die H\u00e4lfte unserer in der EU verkauften Fahrzeuge einen emissionsfreien Antrieb haben. Daf\u00fcr muss aber die Ladeinfrastruktur da sein, in Deutschland und in Europa. Heute hat die deutsche Bundesregierung den Masterplan Ladeinfrastruktur II beschlossen &#8211; zum ersten Mal ist auch der Aufbau der Ladeinfrastruktur f\u00fcr batterie-elektrischen Lkw enthalten. Das ist ein wichtiger, erster Schritt, doch m\u00fcssen die Ziele f\u00fcr Ladestationen und den erforderlichen Fl\u00e4chen- und Energiebedarf konkreter werden\u201c, so Alexander Vlaskamp, Vorstandsvorsitzender von MAN Truck &amp; Bus.<\/p><\/blockquote>\n<p>Im \u00dcbrigen: Detaillierte Eindr\u00fccke zu den Testfahrten gab MAN nicht bekannt.<\/p>\n<div class=\"infobox box-grey\"><\/p>\n<h3>Ladeinfrastruktur: zentrale Voraussetzung f\u00fcr Elektro-Lkw<\/h3>\n<p>Als Teil der Produktentwicklung engagiert sich MAN in zentralen F\u00f6rderprojekten zur Ladetechnologie f\u00fcr schwere Elektro-Lkw. Eines davon ist &#8218;HoLa&#8216; (<a href=\"https:\/\/hochleistungsladen-lkw.de\/hola-de\/\" target=\"_blank\" rel=\"noopener\">Hochleistungsladen im Lkw-Fernverkehr<\/a>), das die Auslegung, Installation und den Betrieb von Lkw-Hochleistungsladestationen anhand von vier Pilot-Standorten entlang der Bundesautobahn A2 untersucht. St\u00e4rkeren Fokus auf die Ladetechnologieentwicklung legt das Projekt &#8218;<a href=\"https:\/\/www.tum.de\/aktuelles\/alle-meldungen\/pressemitteilungen\/detail\/elektro-lkw-ultraschnelles-laden-im-megawattbereich\" target=\"_blank\" rel=\"noopener\">NEFTON<\/a>&#8218; (Nutzfahrzeugelektrifizierung zur Transportsektoroptimierten Netzanbindung). MAN Truck &amp; Bus analysiert dabei gemeinsam mit Partnern aus Wissenschaft und Industrie das System aus vollelektrischem Lkw, Lades\u00e4ule und Netzanbindung sowie deren Auslegung f\u00fcr verschiedene Use Cases im Fernverkehr. Zentrales Ziel von NEFTON ist die Demonstration des Megawatt Charging Systems (MCS) von MAN mit einer Ladeleistung von \u00fcber 2 Megawatt. Damit soll der neu spezifizierte MCS-Ladestandard fr\u00fch erprobt werden. Auch das bidirektionale Laden im Megawattbereich, durch das der Lkw zus\u00e4tzlich als Energiespeicher f\u00fcr das Stromnetz fungieren kann, wird im Projekt untersucht.<\/p>\n<p>\u00dcber die Ladetechnologie und ihre Anwendung hinaus engagiert sich MAN zudem f\u00fcr den Ausbau der Ladeinfrastruktur: Die TRATON Group hat mit weiteren Industriepartnern ein Joint Venture gegr\u00fcndet, um gemeinsam mindestens 1.700 Hochleistungs-Ladepunkte an oder in der N\u00e4he von Autobahnen sowie von Logistik-Hubs in ganz Europa zu errichten. Die Partner investieren daf\u00fcr insgesamt 500 Millionen Euro.<\/p>\n<p>F\u00fcr die k\u00fcnftige Vollelektrifizierung des europ\u00e4ischen Fernverkehrs bedarf es dar\u00fcber hinaus allerdings einer gesamtgesellschaftlichen Anstrengung. Sch\u00e4tzungen des Branchenverbands ACEA zufolge werden 42.000 Ladestationen ben\u00f6tigt. Daher begr\u00fc\u00dft MAN den Masterplan \u201eLaden\u201c der deutschen Bundesregierung, der in K\u00fcrze verabschiedet werden soll. Die Verkehrswende zu CO2-freien Transportl\u00f6sungen im Nutzfahrzeugbereich wird nur gemeinsam gelingen. Bei angenommenen 350.000 Elektro-Lkw auf europ\u00e4ischen Stra\u00dfen bis 2030, w\u00fcrde eine Ladeleistung von 37 Terawattstunden pro Jahr auf Basis erneuerbarer Energien ben\u00f6tigt. Dies entspricht der mittleren Jahresstromerzeugung von rund 6.000 Windkraftanlagen.<\/p>\n<p><\/div>\n<hr \/>\n<p>&nbsp;<\/p>\n\r\n\t\t\t\t<div class=\"post-author\">\r\n\t\t\t\t\t<div class=\"khm-cp-author clearfix\">\r\n\t\t\t\t\t\t<div class=\"khm-cp-author__content\">\r\n\t\t\t\t\t\t\t\tKontakt zum Autor:<br \/>\r\n\t\t\t\t\t\t\t\t<strong>Georg Blenk<\/strong>, 08247 \/ 3007-45 |  <a href=\"mailto:georg.blenk@krafthand-medien.de\">georg.blenk@krafthand-medien.de<\/a>\r\n\t\t\t\t\t\t\t<div class=\"khm-cp-author__image\">\r\n\t\t\t\t\t\t<img src=\"https:\/\/static.krafthand-truck.de\/uploads\/2021\/01\/Blenk_6104-250x300-1-removebg-preview.png\" class=\"img-responsive\">\r\n\t\t\t\t\t<\/div>\r\n\t\t\t\t\t\t<\/div>\r\n\t\t\t\t\t<\/div>\r\n\t\t\t\t<\/div>\r\n\t\t\t\t","protected":false},"excerpt":{"rendered":"<p>Im Rahmen der MAN eMobility Experience erm\u00f6glichte der M\u00fcnchener Lkw-Bauer nun erste \u00f6ffentliche Testfahrten mit dem neuen eTruck. Der Elektro-L\u00f6we, der auch auf der IAA Transportation gezeigt wurde, soll 2024 an die ersten Kunden ausgeliefert werden. Das Fahrzeug ist bereits f\u00fcr k\u00fcnftiges Megawatt-Laden vorbereitet. <span class=\"excerpt-more__dots\">&#8230;<\/span> <a class=\"excerpt-more__link\" href=\"https:\/\/www.krafthand.de\/truck\/artikel\/man-erste-probefahrten-mit-etruck-bereits-20-prototypen-gebaut-33993\/\" >weiter<\/a><\/p>\n","protected":false},"author":9,"featured_media":33997,"comment_status":"closed","ping_status":"closed","sticky":false,"template":"","format":"standard","meta":{"footnotes":""},"categories":[4224,4915],"tags":[3717,4248,152,5389],"settings":[3524,3523],"class_list":["post-33993","post","type-post","status-publish","format-standard","has-post-thumbnail","hentry","category-e-antrieb","category-neue-fahrzeuge","tag-etruck","tag-ladeinfrastruktur","tag-man","tag-testfahrten"],"yoast_head":"<!-- This site is optimized with the Yoast SEO plugin v27.3 - https:\/\/yoast.com\/product\/yoast-seo-wordpress\/ -->\n<title>MAN. Erste Probefahrten mit eTruck I Krafthand-Truck<\/title>\n<meta name=\"description\" content=\"Im Rahmen der MAN eMobility Experience erm\u00f6glichte der M\u00fcnchener Lkw-Bauer erste \u00f6ffentliche Testfahrten mit dem neuen eTruck.\" \/>\n<meta name=\"robots\" content=\"index, follow, max-snippet:-1, max-image-preview:large, max-video-preview:-1\" \/>\n<link rel=\"canonical\" href=\"https:\/\/www.krafthand.de\/truck\/artikel\/man-erste-probefahrten-mit-etruck-bereits-20-prototypen-gebaut-33993\/\" \/>\n<meta property=\"og:locale\" content=\"de_DE\" \/>\n<meta property=\"og:type\" content=\"article\" \/>\n<meta property=\"og:title\" content=\"MAN. Erste Probefahrten mit eTruck I Krafthand-Truck\" \/>\n<meta property=\"og:description\" content=\"Im Rahmen der MAN eMobility Experience erm\u00f6glichte der M\u00fcnchener Lkw-Bauer erste \u00f6ffentliche Testfahrten mit dem neuen eTruck.\" \/>\n<meta property=\"og:url\" content=\"https:\/\/www.krafthand-truck.de\/artikel\/man-erste-probefahrten-mit-etruck-bereits-20-prototypen-gebaut-33993\/\" \/>\n<meta property=\"og:site_name\" content=\"Krafthand-Truck\" \/>\n<meta property=\"article:published_time\" content=\"2022-10-19T16:04:07+00:00\" \/>\n<meta property=\"article:modified_time\" content=\"2022-10-19T16:06:31+00:00\" \/>\n<meta property=\"og:image\" content=\"https:\/\/static.krafthand-truck.de\/uploads\/2022\/10\/MAN_eTruck_Testdrive.jpg\" \/>\n\t<meta property=\"og:image:width\" content=\"1200\" \/>\n\t<meta property=\"og:image:height\" content=\"709\" \/>\n\t<meta property=\"og:image:type\" content=\"image\/jpeg\" \/>\n<meta name=\"author\" content=\"georg.blenk@krafthand-medien.de\" \/>\n<meta name=\"twitter:card\" content=\"summary_large_image\" \/>\n<meta name=\"twitter:label1\" content=\"Verfasst von\" \/>\n\t<meta name=\"twitter:data1\" content=\"georg.blenk@krafthand-medien.de\" \/>\n\t<meta name=\"twitter:label2\" content=\"Gesch\u00e4tzte Lesezeit\" \/>\n\t<meta name=\"twitter:data2\" content=\"5\u00a0Minuten\" \/>\n<script type=\"application\/ld+json\" class=\"yoast-schema-graph\">{\"@context\":\"https:\\\/\\\/schema.org\",\"@graph\":[{\"@type\":\"Article\",\"@id\":\"https:\\\/\\\/www.krafthand.de\\\/truck\\\/artikel\\\/man-erste-probefahrten-mit-etruck-bereits-20-prototypen-gebaut-33993\\\/#article\",\"isPartOf\":{\"@id\":\"https:\\\/\\\/www.krafthand.de\\\/truck\\\/artikel\\\/man-erste-probefahrten-mit-etruck-bereits-20-prototypen-gebaut-33993\\\/\"},\"author\":{\"name\":\"georg.blenk@krafthand-medien.de\",\"@id\":\"https:\\\/\\\/www.krafthand.de\\\/truck\\\/#\\\/schema\\\/person\\\/51fa80b1c57034c4bf63f9f988fc24ce\"},\"headline\":\"MAN: Erste Probefahrten mit eTruck &#8211; bereits 20 Prototypen gebaut.\",\"datePublished\":\"2022-10-19T16:04:07+00:00\",\"dateModified\":\"2022-10-19T16:06:31+00:00\",\"mainEntityOfPage\":{\"@id\":\"https:\\\/\\\/www.krafthand.de\\\/truck\\\/artikel\\\/man-erste-probefahrten-mit-etruck-bereits-20-prototypen-gebaut-33993\\\/\"},\"wordCount\":835,\"image\":{\"@id\":\"https:\\\/\\\/www.krafthand.de\\\/truck\\\/artikel\\\/man-erste-probefahrten-mit-etruck-bereits-20-prototypen-gebaut-33993\\\/#primaryimage\"},\"thumbnailUrl\":\"https:\\\/\\\/static.krafthand-truck.de\\\/uploads\\\/2022\\\/10\\\/MAN_eTruck_Testdrive.jpg\",\"keywords\":[\"eTruck\",\"Ladeinfrastruktur\",\"MAN\",\"Testfahrten\"],\"articleSection\":[\"E-Antrieb (BEV\\\/FCEV)\",\"Neue Fahrzeuge\"],\"inLanguage\":\"de\"},{\"@type\":\"WebPage\",\"@id\":\"https:\\\/\\\/www.krafthand.de\\\/truck\\\/artikel\\\/man-erste-probefahrten-mit-etruck-bereits-20-prototypen-gebaut-33993\\\/\",\"url\":\"https:\\\/\\\/www.krafthand.de\\\/truck\\\/artikel\\\/man-erste-probefahrten-mit-etruck-bereits-20-prototypen-gebaut-33993\\\/\",\"name\":\"MAN. Erste Probefahrten mit eTruck I Krafthand-Truck\",\"isPartOf\":{\"@id\":\"https:\\\/\\\/www.krafthand.de\\\/truck\\\/#website\"},\"primaryImageOfPage\":{\"@id\":\"https:\\\/\\\/www.krafthand.de\\\/truck\\\/artikel\\\/man-erste-probefahrten-mit-etruck-bereits-20-prototypen-gebaut-33993\\\/#primaryimage\"},\"image\":{\"@id\":\"https:\\\/\\\/www.krafthand.de\\\/truck\\\/artikel\\\/man-erste-probefahrten-mit-etruck-bereits-20-prototypen-gebaut-33993\\\/#primaryimage\"},\"thumbnailUrl\":\"https:\\\/\\\/static.krafthand-truck.de\\\/uploads\\\/2022\\\/10\\\/MAN_eTruck_Testdrive.jpg\",\"datePublished\":\"2022-10-19T16:04:07+00:00\",\"dateModified\":\"2022-10-19T16:06:31+00:00\",\"author\":{\"@id\":\"https:\\\/\\\/www.krafthand.de\\\/truck\\\/#\\\/schema\\\/person\\\/51fa80b1c57034c4bf63f9f988fc24ce\"},\"description\":\"Im Rahmen der MAN eMobility Experience erm\u00f6glichte der M\u00fcnchener Lkw-Bauer erste \u00f6ffentliche Testfahrten mit dem neuen eTruck.\",\"breadcrumb\":{\"@id\":\"https:\\\/\\\/www.krafthand.de\\\/truck\\\/artikel\\\/man-erste-probefahrten-mit-etruck-bereits-20-prototypen-gebaut-33993\\\/#breadcrumb\"},\"inLanguage\":\"de\",\"potentialAction\":[{\"@type\":\"ReadAction\",\"target\":[\"https:\\\/\\\/www.krafthand.de\\\/truck\\\/artikel\\\/man-erste-probefahrten-mit-etruck-bereits-20-prototypen-gebaut-33993\\\/\"]}]},{\"@type\":\"ImageObject\",\"inLanguage\":\"de\",\"@id\":\"https:\\\/\\\/www.krafthand.de\\\/truck\\\/artikel\\\/man-erste-probefahrten-mit-etruck-bereits-20-prototypen-gebaut-33993\\\/#primaryimage\",\"url\":\"https:\\\/\\\/static.krafthand-truck.de\\\/uploads\\\/2022\\\/10\\\/MAN_eTruck_Testdrive.jpg\",\"contentUrl\":\"https:\\\/\\\/static.krafthand-truck.de\\\/uploads\\\/2022\\\/10\\\/MAN_eTruck_Testdrive.jpg\",\"width\":1200,\"height\":709},{\"@type\":\"BreadcrumbList\",\"@id\":\"https:\\\/\\\/www.krafthand.de\\\/truck\\\/artikel\\\/man-erste-probefahrten-mit-etruck-bereits-20-prototypen-gebaut-33993\\\/#breadcrumb\",\"itemListElement\":[{\"@type\":\"ListItem\",\"position\":1,\"name\":\"Krafthand-Truck\",\"item\":\"https:\\\/\\\/www.krafthand.de\\\/truck\\\/\"},{\"@type\":\"ListItem\",\"position\":2,\"name\":\"Nfz-Technik\",\"item\":\"https:\\\/\\\/www.krafthand.de\\\/truck\\\/kategorie\\\/nfz-technik\\\/\"},{\"@type\":\"ListItem\",\"position\":3,\"name\":\"E-Antrieb (BEV\\\/FCEV)\",\"item\":\"https:\\\/\\\/www.krafthand.de\\\/truck\\\/kategorie\\\/nfz-technik\\\/e-antrieb\\\/\"},{\"@type\":\"ListItem\",\"position\":4,\"name\":\"MAN: Erste Probefahrten mit eTruck &#8211; bereits 20 Prototypen gebaut.\"}]},{\"@type\":\"WebSite\",\"@id\":\"https:\\\/\\\/www.krafthand.de\\\/truck\\\/#website\",\"url\":\"https:\\\/\\\/www.krafthand.de\\\/truck\\\/\",\"name\":\"Krafthand-Truck\",\"description\":\"\",\"potentialAction\":[{\"@type\":\"SearchAction\",\"target\":{\"@type\":\"EntryPoint\",\"urlTemplate\":\"https:\\\/\\\/www.krafthand.de\\\/truck\\\/?s={search_term_string}\"},\"query-input\":{\"@type\":\"PropertyValueSpecification\",\"valueRequired\":true,\"valueName\":\"search_term_string\"}}],\"inLanguage\":\"de\"},{\"@type\":\"Person\",\"@id\":\"https:\\\/\\\/www.krafthand.de\\\/truck\\\/#\\\/schema\\\/person\\\/51fa80b1c57034c4bf63f9f988fc24ce\",\"name\":\"georg.blenk@krafthand-medien.de\",\"image\":{\"@type\":\"ImageObject\",\"inLanguage\":\"de\",\"@id\":\"https:\\\/\\\/secure.gravatar.com\\\/avatar\\\/93713c30affe0aa95d3a4130e499bb1abee2eb31adbdd9ce2aa1543538490215?s=96&d=mm&r=g\",\"url\":\"https:\\\/\\\/secure.gravatar.com\\\/avatar\\\/93713c30affe0aa95d3a4130e499bb1abee2eb31adbdd9ce2aa1543538490215?s=96&d=mm&r=g\",\"contentUrl\":\"https:\\\/\\\/secure.gravatar.com\\\/avatar\\\/93713c30affe0aa95d3a4130e499bb1abee2eb31adbdd9ce2aa1543538490215?s=96&d=mm&r=g\",\"caption\":\"georg.blenk@krafthand-medien.de\"}}]}<\/script>\n<!-- \/ Yoast SEO plugin. -->","yoast_head_json":{"title":"MAN. Erste Probefahrten mit eTruck I Krafthand-Truck","description":"Im Rahmen der MAN eMobility Experience erm\u00f6glichte der M\u00fcnchener Lkw-Bauer erste \u00f6ffentliche Testfahrten mit dem neuen eTruck.","robots":{"index":"index","follow":"follow","max-snippet":"max-snippet:-1","max-image-preview":"max-image-preview:large","max-video-preview":"max-video-preview:-1"},"canonical":"https:\/\/www.krafthand.de\/truck\/artikel\/man-erste-probefahrten-mit-etruck-bereits-20-prototypen-gebaut-33993\/","og_locale":"de_DE","og_type":"article","og_title":"MAN. Erste Probefahrten mit eTruck I Krafthand-Truck","og_description":"Im Rahmen der MAN eMobility Experience erm\u00f6glichte der M\u00fcnchener Lkw-Bauer erste \u00f6ffentliche Testfahrten mit dem neuen eTruck.","og_url":"https:\/\/www.krafthand-truck.de\/artikel\/man-erste-probefahrten-mit-etruck-bereits-20-prototypen-gebaut-33993\/","og_site_name":"Krafthand-Truck","article_published_time":"2022-10-19T16:04:07+00:00","article_modified_time":"2022-10-19T16:06:31+00:00","og_image":[{"width":1200,"height":709,"url":"https:\/\/static.krafthand-truck.de\/uploads\/2022\/10\/MAN_eTruck_Testdrive.jpg","type":"image\/jpeg"}],"author":"georg.blenk@krafthand-medien.de","twitter_card":"summary_large_image","twitter_misc":{"Verfasst von":"georg.blenk@krafthand-medien.de","Gesch\u00e4tzte Lesezeit":"5\u00a0Minuten"},"schema":{"@context":"https:\/\/schema.org","@graph":[{"@type":"Article","@id":"https:\/\/www.krafthand.de\/truck\/artikel\/man-erste-probefahrten-mit-etruck-bereits-20-prototypen-gebaut-33993\/#article","isPartOf":{"@id":"https:\/\/www.krafthand.de\/truck\/artikel\/man-erste-probefahrten-mit-etruck-bereits-20-prototypen-gebaut-33993\/"},"author":{"name":"georg.blenk@krafthand-medien.de","@id":"https:\/\/www.krafthand.de\/truck\/#\/schema\/person\/51fa80b1c57034c4bf63f9f988fc24ce"},"headline":"MAN: Erste Probefahrten mit eTruck &#8211; bereits 20 Prototypen gebaut.","datePublished":"2022-10-19T16:04:07+00:00","dateModified":"2022-10-19T16:06:31+00:00","mainEntityOfPage":{"@id":"https:\/\/www.krafthand.de\/truck\/artikel\/man-erste-probefahrten-mit-etruck-bereits-20-prototypen-gebaut-33993\/"},"wordCount":835,"image":{"@id":"https:\/\/www.krafthand.de\/truck\/artikel\/man-erste-probefahrten-mit-etruck-bereits-20-prototypen-gebaut-33993\/#primaryimage"},"thumbnailUrl":"https:\/\/static.krafthand-truck.de\/uploads\/2022\/10\/MAN_eTruck_Testdrive.jpg","keywords":["eTruck","Ladeinfrastruktur","MAN","Testfahrten"],"articleSection":["E-Antrieb (BEV\/FCEV)","Neue Fahrzeuge"],"inLanguage":"de"},{"@type":"WebPage","@id":"https:\/\/www.krafthand.de\/truck\/artikel\/man-erste-probefahrten-mit-etruck-bereits-20-prototypen-gebaut-33993\/","url":"https:\/\/www.krafthand.de\/truck\/artikel\/man-erste-probefahrten-mit-etruck-bereits-20-prototypen-gebaut-33993\/","name":"MAN. Erste Probefahrten mit eTruck I Krafthand-Truck","isPartOf":{"@id":"https:\/\/www.krafthand.de\/truck\/#website"},"primaryImageOfPage":{"@id":"https:\/\/www.krafthand.de\/truck\/artikel\/man-erste-probefahrten-mit-etruck-bereits-20-prototypen-gebaut-33993\/#primaryimage"},"image":{"@id":"https:\/\/www.krafthand.de\/truck\/artikel\/man-erste-probefahrten-mit-etruck-bereits-20-prototypen-gebaut-33993\/#primaryimage"},"thumbnailUrl":"https:\/\/static.krafthand-truck.de\/uploads\/2022\/10\/MAN_eTruck_Testdrive.jpg","datePublished":"2022-10-19T16:04:07+00:00","dateModified":"2022-10-19T16:06:31+00:00","author":{"@id":"https:\/\/www.krafthand.de\/truck\/#\/schema\/person\/51fa80b1c57034c4bf63f9f988fc24ce"},"description":"Im Rahmen der MAN eMobility Experience erm\u00f6glichte der M\u00fcnchener Lkw-Bauer erste \u00f6ffentliche Testfahrten mit dem neuen eTruck.","breadcrumb":{"@id":"https:\/\/www.krafthand.de\/truck\/artikel\/man-erste-probefahrten-mit-etruck-bereits-20-prototypen-gebaut-33993\/#breadcrumb"},"inLanguage":"de","potentialAction":[{"@type":"ReadAction","target":["https:\/\/www.krafthand.de\/truck\/artikel\/man-erste-probefahrten-mit-etruck-bereits-20-prototypen-gebaut-33993\/"]}]},{"@type":"ImageObject","inLanguage":"de","@id":"https:\/\/www.krafthand.de\/truck\/artikel\/man-erste-probefahrten-mit-etruck-bereits-20-prototypen-gebaut-33993\/#primaryimage","url":"https:\/\/static.krafthand-truck.de\/uploads\/2022\/10\/MAN_eTruck_Testdrive.jpg","contentUrl":"https:\/\/static.krafthand-truck.de\/uploads\/2022\/10\/MAN_eTruck_Testdrive.jpg","width":1200,"height":709},{"@type":"BreadcrumbList","@id":"https:\/\/www.krafthand.de\/truck\/artikel\/man-erste-probefahrten-mit-etruck-bereits-20-prototypen-gebaut-33993\/#breadcrumb","itemListElement":[{"@type":"ListItem","position":1,"name":"Krafthand-Truck","item":"https:\/\/www.krafthand.de\/truck\/"},{"@type":"ListItem","position":2,"name":"Nfz-Technik","item":"https:\/\/www.krafthand.de\/truck\/kategorie\/nfz-technik\/"},{"@type":"ListItem","position":3,"name":"E-Antrieb (BEV\/FCEV)","item":"https:\/\/www.krafthand.de\/truck\/kategorie\/nfz-technik\/e-antrieb\/"},{"@type":"ListItem","position":4,"name":"MAN: Erste Probefahrten mit eTruck &#8211; bereits 20 Prototypen gebaut."}]},{"@type":"WebSite","@id":"https:\/\/www.krafthand.de\/truck\/#website","url":"https:\/\/www.krafthand.de\/truck\/","name":"Krafthand-Truck","description":"","potentialAction":[{"@type":"SearchAction","target":{"@type":"EntryPoint","urlTemplate":"https:\/\/www.krafthand.de\/truck\/?s={search_term_string}"},"query-input":{"@type":"PropertyValueSpecification","valueRequired":true,"valueName":"search_term_string"}}],"inLanguage":"de"},{"@type":"Person","@id":"https:\/\/www.krafthand.de\/truck\/#\/schema\/person\/51fa80b1c57034c4bf63f9f988fc24ce","name":"georg.blenk@krafthand-medien.de","image":{"@type":"ImageObject","inLanguage":"de","@id":"https:\/\/secure.gravatar.com\/avatar\/93713c30affe0aa95d3a4130e499bb1abee2eb31adbdd9ce2aa1543538490215?s=96&d=mm&r=g","url":"https:\/\/secure.gravatar.com\/avatar\/93713c30affe0aa95d3a4130e499bb1abee2eb31adbdd9ce2aa1543538490215?s=96&d=mm&r=g","contentUrl":"https:\/\/secure.gravatar.com\/avatar\/93713c30affe0aa95d3a4130e499bb1abee2eb31adbdd9ce2aa1543538490215?s=96&d=mm&r=g","caption":"georg.blenk@krafthand-medien.de"}}]}},"_links":{"self":[{"href":"https:\/\/www.krafthand.de\/truck\/wp-json\/wp\/v2\/posts\/33993","targetHints":{"allow":["GET"]}}],"collection":[{"href":"https:\/\/www.krafthand.de\/truck\/wp-json\/wp\/v2\/posts"}],"about":[{"href":"https:\/\/www.krafthand.de\/truck\/wp-json\/wp\/v2\/types\/post"}],"author":[{"embeddable":true,"href":"https:\/\/www.krafthand.de\/truck\/wp-json\/wp\/v2\/users\/9"}],"replies":[{"embeddable":true,"href":"https:\/\/www.krafthand.de\/truck\/wp-json\/wp\/v2\/comments?post=33993"}],"version-history":[{"count":9,"href":"https:\/\/www.krafthand.de\/truck\/wp-json\/wp\/v2\/posts\/33993\/revisions"}],"predecessor-version":[{"id":34004,"href":"https:\/\/www.krafthand.de\/truck\/wp-json\/wp\/v2\/posts\/33993\/revisions\/34004"}],"wp:featuredmedia":[{"embeddable":true,"href":"https:\/\/www.krafthand.de\/truck\/wp-json\/wp\/v2\/media\/33997"}],"wp:attachment":[{"href":"https:\/\/www.krafthand.de\/truck\/wp-json\/wp\/v2\/media?parent=33993"}],"wp:term":[{"taxonomy":"category","embeddable":true,"href":"https:\/\/www.krafthand.de\/truck\/wp-json\/wp\/v2\/categories?post=33993"},{"taxonomy":"post_tag","embeddable":true,"href":"https:\/\/www.krafthand.de\/truck\/wp-json\/wp\/v2\/tags?post=33993"},{"taxonomy":"settings","embeddable":true,"href":"https:\/\/www.krafthand.de\/truck\/wp-json\/wp\/v2\/settings?post=33993"}],"curies":[{"name":"wp","href":"https:\/\/api.w.org\/{rel}","templated":true}]}}