{"id":33910,"date":"2022-10-06T13:49:19","date_gmt":"2022-10-06T11:49:19","guid":{"rendered":"https:\/\/www.krafthand.de\/truck\/?p=33910"},"modified":"2022-10-06T17:11:42","modified_gmt":"2022-10-06T15:11:42","slug":"planungssicherheit-autopromotec-definiert-messetermin-und-plant-zusatzveranstaltung","status":"publish","type":"post","link":"https:\/\/www.krafthand.de\/truck\/artikel\/planungssicherheit-autopromotec-definiert-messetermin-und-plant-zusatzveranstaltung-33910\/","title":{"rendered":"Planungssicherheit: Autopromotec definiert Messetermin und plant Zusatzveranstaltung"},"content":{"rendered":"<p>Der Veranstalter der letzten Autopromotec in Bologna (Promotec S.r.l) hat die Veranstaltung genutzt, um eine Ausstellerbefragung in Auftrag zu geben, die die Pr\u00e4ferenzen f\u00fcr die Terminplanung der n\u00e4chsten Messe ermitteln sollte. Aufgrund des Ergebnisses ziehen es beide Aussteller vor, dass die beiden internationalen Messen f\u00fcr den Automotive Aftermarket \u2013 die <a href=\"https:\/\/www.autopromotec.com\/en\/index.php\" target=\"_blank\" rel=\"noopener\"><strong>Autopromotec<\/strong><\/a> in Bologna und die <a href=\"https:\/\/automechanika.messefrankfurt.com\/frankfurt\/de.html\" target=\"_blank\" rel=\"noopener\"><strong>Automechanika<\/strong><\/a> in Frankfurt zu ihrem traditionellen Zeitplan zur\u00fcckkehren. Demnach findet die 30. Autopromotec vom 21. bis 24. Mai 2025 in Bologna, die Automechanika in Frankfurt turnusm\u00e4\u00dfig vom 10. bis 14. September 2024 statt. Die Vertreter der beiden Leitmessen waren sich einig, die Anforderungen des Marktes zu erf\u00fcllen und den urspr\u00fcnglichen Zeitplan wieder herzustellen. Die letzten beiden Ausgaben der Autopromotec und der Automechanika fanden heuer im gleichen Jahr statt, was einem pandemiebedingten Wechsel geschuldet war.<\/p>\n<blockquote><p>\u201eDurch die beiden Termine vermeiden wir zus\u00e4tzlichen Stress f\u00fcr Unternehmen. Gleichzeitig erm\u00f6glichen wir ihnen die Teilnahme an den beiden Messen und schaffen so zus\u00e4tzlichen Mehrwert&#8220;, so Renzo Servadei, CEO der Autopromotec.<\/p><\/blockquote>\n<h3>Zusatz-Veranstaltung Ende November<\/h3>\n<p>Um quasi die Zeit bis zur n\u00e4chsten <a href=\"https:\/\/www.krafthand.de\/truck\/artikel\/autopromotec-bologna-endlich-wieder-messe-32386\/\" target=\"_blank\" rel=\"noopener\">Autopromotec<\/a> 2025 zu verk\u00fcrzen, plant die Promotec S.r.l eine neue Veranstaltung mit dem Titel <strong>Futuremotive<\/strong>, die vom <strong>16. bis 18. November 2023<\/strong> stattfinden soll. Die noch in der Konzeptionsphase befindliche <strong>Messe\/Kongress<\/strong> richtet sich dem Vernehmen nach an Hersteller, Komponentenlieferanten, H\u00e4ndler und Eink\u00e4ufer. Die Veranstaltung soll sich auf die Herausforderungen konzentrieren vor denen die Mobilit\u00e4tsbranche steht &#8211; von der Energiewende, der Nachhaltigkeit, bis hin zu neuen Gesch\u00e4ftsmodellen.<\/p>\n","protected":false},"excerpt":{"rendered":"<p>Die beiden Leitmessen f\u00fcr den Automotive Aftermarket \u2013 die\u00a0Autopromotec in Bologna und die Automechanika in Frankfurt kehren zu ihrem traditionellen Zeitplan zur\u00fcck. <span class=\"excerpt-more__dots\">&#8230;<\/span> <a class=\"excerpt-more__link\" href=\"https:\/\/www.krafthand.de\/truck\/artikel\/planungssicherheit-autopromotec-definiert-messetermin-und-plant-zusatzveranstaltung-33910\/\" >weiter<\/a><\/p>\n","protected":false},"author":9,"featured_media":32404,"comment_status":"closed","ping_status":"closed","sticky":false,"template":"","format":"standard","meta":{"footnotes":""},"categories":[4236],"tags":[1346,2997],"settings":[4766,3523],"class_list":["post-33910","post","type-post","status-publish","format-standard","has-post-thumbnail","hentry","category-veranstaltungen","tag-automechanika","tag-autopromotec"],"yoast_head":"<!-- This site is optimized with the Yoast SEO plugin v27.3 - https:\/\/yoast.com\/product\/yoast-seo-wordpress\/ -->\n<title>Planungssicherheit: Autopromotec definiert Messetermin und plant Zusatzveranstaltung - Krafthand-Truck<\/title>\n<meta name=\"description\" content=\"Die Autopromotec in Bologna und die Automechanika in Frankfurt kehren zu ihrem traditionellen Zeitplan zur\u00fcck.\" \/>\n<meta name=\"robots\" content=\"index, follow, max-snippet:-1, max-image-preview:large, max-video-preview:-1\" \/>\n<link rel=\"canonical\" href=\"https:\/\/www.krafthand.de\/truck\/artikel\/planungssicherheit-autopromotec-definiert-messetermin-und-plant-zusatzveranstaltung-33910\/\" \/>\n<meta property=\"og:locale\" content=\"de_DE\" \/>\n<meta property=\"og:type\" content=\"article\" \/>\n<meta property=\"og:title\" content=\"Planungssicherheit: Autopromotec definiert Messetermin und plant Zusatzveranstaltung - Krafthand-Truck\" \/>\n<meta property=\"og:description\" content=\"Die Autopromotec in Bologna und die Automechanika in Frankfurt kehren zu ihrem traditionellen Zeitplan zur\u00fcck.\" \/>\n<meta property=\"og:url\" content=\"https:\/\/www.krafthand-truck.de\/artikel\/planungssicherheit-autopromotec-definiert-messetermin-und-plant-zusatzveranstaltung-33910\/\" \/>\n<meta property=\"og:site_name\" content=\"Krafthand-Truck\" \/>\n<meta property=\"article:published_time\" content=\"2022-10-06T11:49:19+00:00\" \/>\n<meta property=\"article:modified_time\" content=\"2022-10-06T15:11:42+00:00\" \/>\n<meta property=\"og:image\" content=\"https:\/\/static.krafthand-truck.de\/uploads\/2022\/05\/Autopromotec_Aufmacher.jpg\" \/>\n\t<meta property=\"og:image:width\" content=\"1200\" \/>\n\t<meta property=\"og:image:height\" content=\"662\" \/>\n\t<meta property=\"og:image:type\" content=\"image\/jpeg\" \/>\n<meta name=\"author\" content=\"georg.blenk@krafthand-medien.de\" \/>\n<meta name=\"twitter:card\" content=\"summary_large_image\" \/>\n<meta name=\"twitter:label1\" content=\"Verfasst von\" \/>\n\t<meta name=\"twitter:data1\" content=\"georg.blenk@krafthand-medien.de\" \/>\n\t<meta name=\"twitter:label2\" content=\"Gesch\u00e4tzte Lesezeit\" \/>\n\t<meta name=\"twitter:data2\" content=\"2\u00a0Minuten\" \/>\n<script type=\"application\/ld+json\" class=\"yoast-schema-graph\">{\"@context\":\"https:\\\/\\\/schema.org\",\"@graph\":[{\"@type\":\"Article\",\"@id\":\"https:\\\/\\\/www.krafthand.de\\\/truck\\\/artikel\\\/planungssicherheit-autopromotec-definiert-messetermin-und-plant-zusatzveranstaltung-33910\\\/#article\",\"isPartOf\":{\"@id\":\"https:\\\/\\\/www.krafthand.de\\\/truck\\\/artikel\\\/planungssicherheit-autopromotec-definiert-messetermin-und-plant-zusatzveranstaltung-33910\\\/\"},\"author\":{\"name\":\"georg.blenk@krafthand-medien.de\",\"@id\":\"https:\\\/\\\/www.krafthand.de\\\/truck\\\/#\\\/schema\\\/person\\\/51fa80b1c57034c4bf63f9f988fc24ce\"},\"headline\":\"Planungssicherheit: Autopromotec definiert Messetermin und plant Zusatzveranstaltung\",\"datePublished\":\"2022-10-06T11:49:19+00:00\",\"dateModified\":\"2022-10-06T15:11:42+00:00\",\"mainEntityOfPage\":{\"@id\":\"https:\\\/\\\/www.krafthand.de\\\/truck\\\/artikel\\\/planungssicherheit-autopromotec-definiert-messetermin-und-plant-zusatzveranstaltung-33910\\\/\"},\"wordCount\":254,\"image\":{\"@id\":\"https:\\\/\\\/www.krafthand.de\\\/truck\\\/artikel\\\/planungssicherheit-autopromotec-definiert-messetermin-und-plant-zusatzveranstaltung-33910\\\/#primaryimage\"},\"thumbnailUrl\":\"https:\\\/\\\/static.krafthand-truck.de\\\/uploads\\\/2022\\\/05\\\/Autopromotec_Aufmacher.jpg\",\"keywords\":[\"Automechanika\",\"Autopromotec\"],\"articleSection\":[\"Veranstaltungen\\\/Messen\"],\"inLanguage\":\"de\"},{\"@type\":\"WebPage\",\"@id\":\"https:\\\/\\\/www.krafthand.de\\\/truck\\\/artikel\\\/planungssicherheit-autopromotec-definiert-messetermin-und-plant-zusatzveranstaltung-33910\\\/\",\"url\":\"https:\\\/\\\/www.krafthand.de\\\/truck\\\/artikel\\\/planungssicherheit-autopromotec-definiert-messetermin-und-plant-zusatzveranstaltung-33910\\\/\",\"name\":\"Planungssicherheit: Autopromotec definiert Messetermin und plant Zusatzveranstaltung - Krafthand-Truck\",\"isPartOf\":{\"@id\":\"https:\\\/\\\/www.krafthand.de\\\/truck\\\/#website\"},\"primaryImageOfPage\":{\"@id\":\"https:\\\/\\\/www.krafthand.de\\\/truck\\\/artikel\\\/planungssicherheit-autopromotec-definiert-messetermin-und-plant-zusatzveranstaltung-33910\\\/#primaryimage\"},\"image\":{\"@id\":\"https:\\\/\\\/www.krafthand.de\\\/truck\\\/artikel\\\/planungssicherheit-autopromotec-definiert-messetermin-und-plant-zusatzveranstaltung-33910\\\/#primaryimage\"},\"thumbnailUrl\":\"https:\\\/\\\/static.krafthand-truck.de\\\/uploads\\\/2022\\\/05\\\/Autopromotec_Aufmacher.jpg\",\"datePublished\":\"2022-10-06T11:49:19+00:00\",\"dateModified\":\"2022-10-06T15:11:42+00:00\",\"author\":{\"@id\":\"https:\\\/\\\/www.krafthand.de\\\/truck\\\/#\\\/schema\\\/person\\\/51fa80b1c57034c4bf63f9f988fc24ce\"},\"description\":\"Die Autopromotec in Bologna und die Automechanika in Frankfurt kehren zu ihrem traditionellen Zeitplan zur\u00fcck.\",\"breadcrumb\":{\"@id\":\"https:\\\/\\\/www.krafthand.de\\\/truck\\\/artikel\\\/planungssicherheit-autopromotec-definiert-messetermin-und-plant-zusatzveranstaltung-33910\\\/#breadcrumb\"},\"inLanguage\":\"de\",\"potentialAction\":[{\"@type\":\"ReadAction\",\"target\":[\"https:\\\/\\\/www.krafthand.de\\\/truck\\\/artikel\\\/planungssicherheit-autopromotec-definiert-messetermin-und-plant-zusatzveranstaltung-33910\\\/\"]}]},{\"@type\":\"ImageObject\",\"inLanguage\":\"de\",\"@id\":\"https:\\\/\\\/www.krafthand.de\\\/truck\\\/artikel\\\/planungssicherheit-autopromotec-definiert-messetermin-und-plant-zusatzveranstaltung-33910\\\/#primaryimage\",\"url\":\"https:\\\/\\\/static.krafthand-truck.de\\\/uploads\\\/2022\\\/05\\\/Autopromotec_Aufmacher.jpg\",\"contentUrl\":\"https:\\\/\\\/static.krafthand-truck.de\\\/uploads\\\/2022\\\/05\\\/Autopromotec_Aufmacher.jpg\",\"width\":1200,\"height\":662},{\"@type\":\"BreadcrumbList\",\"@id\":\"https:\\\/\\\/www.krafthand.de\\\/truck\\\/artikel\\\/planungssicherheit-autopromotec-definiert-messetermin-und-plant-zusatzveranstaltung-33910\\\/#breadcrumb\",\"itemListElement\":[{\"@type\":\"ListItem\",\"position\":1,\"name\":\"Krafthand-Truck\",\"item\":\"https:\\\/\\\/www.krafthand.de\\\/truck\\\/\"},{\"@type\":\"ListItem\",\"position\":2,\"name\":\"Nfz-Branche\",\"item\":\"https:\\\/\\\/www.krafthand.de\\\/truck\\\/kategorie\\\/branche\\\/\"},{\"@type\":\"ListItem\",\"position\":3,\"name\":\"Veranstaltungen\\\/Messen\",\"item\":\"https:\\\/\\\/www.krafthand.de\\\/truck\\\/kategorie\\\/branche\\\/veranstaltungen\\\/\"},{\"@type\":\"ListItem\",\"position\":4,\"name\":\"Planungssicherheit: Autopromotec definiert Messetermin und plant Zusatzveranstaltung\"}]},{\"@type\":\"WebSite\",\"@id\":\"https:\\\/\\\/www.krafthand.de\\\/truck\\\/#website\",\"url\":\"https:\\\/\\\/www.krafthand.de\\\/truck\\\/\",\"name\":\"Krafthand-Truck\",\"description\":\"\",\"potentialAction\":[{\"@type\":\"SearchAction\",\"target\":{\"@type\":\"EntryPoint\",\"urlTemplate\":\"https:\\\/\\\/www.krafthand.de\\\/truck\\\/?s={search_term_string}\"},\"query-input\":{\"@type\":\"PropertyValueSpecification\",\"valueRequired\":true,\"valueName\":\"search_term_string\"}}],\"inLanguage\":\"de\"},{\"@type\":\"Person\",\"@id\":\"https:\\\/\\\/www.krafthand.de\\\/truck\\\/#\\\/schema\\\/person\\\/51fa80b1c57034c4bf63f9f988fc24ce\",\"name\":\"georg.blenk@krafthand-medien.de\",\"image\":{\"@type\":\"ImageObject\",\"inLanguage\":\"de\",\"@id\":\"https:\\\/\\\/secure.gravatar.com\\\/avatar\\\/93713c30affe0aa95d3a4130e499bb1abee2eb31adbdd9ce2aa1543538490215?s=96&d=mm&r=g\",\"url\":\"https:\\\/\\\/secure.gravatar.com\\\/avatar\\\/93713c30affe0aa95d3a4130e499bb1abee2eb31adbdd9ce2aa1543538490215?s=96&d=mm&r=g\",\"contentUrl\":\"https:\\\/\\\/secure.gravatar.com\\\/avatar\\\/93713c30affe0aa95d3a4130e499bb1abee2eb31adbdd9ce2aa1543538490215?s=96&d=mm&r=g\",\"caption\":\"georg.blenk@krafthand-medien.de\"}}]}<\/script>\n<!-- \/ Yoast SEO plugin. -->","yoast_head_json":{"title":"Planungssicherheit: Autopromotec definiert Messetermin und plant Zusatzveranstaltung - Krafthand-Truck","description":"Die Autopromotec in Bologna und die Automechanika in Frankfurt kehren zu ihrem traditionellen Zeitplan zur\u00fcck.","robots":{"index":"index","follow":"follow","max-snippet":"max-snippet:-1","max-image-preview":"max-image-preview:large","max-video-preview":"max-video-preview:-1"},"canonical":"https:\/\/www.krafthand.de\/truck\/artikel\/planungssicherheit-autopromotec-definiert-messetermin-und-plant-zusatzveranstaltung-33910\/","og_locale":"de_DE","og_type":"article","og_title":"Planungssicherheit: Autopromotec definiert Messetermin und plant Zusatzveranstaltung - Krafthand-Truck","og_description":"Die Autopromotec in Bologna und die Automechanika in Frankfurt kehren zu ihrem traditionellen Zeitplan zur\u00fcck.","og_url":"https:\/\/www.krafthand-truck.de\/artikel\/planungssicherheit-autopromotec-definiert-messetermin-und-plant-zusatzveranstaltung-33910\/","og_site_name":"Krafthand-Truck","article_published_time":"2022-10-06T11:49:19+00:00","article_modified_time":"2022-10-06T15:11:42+00:00","og_image":[{"width":1200,"height":662,"url":"https:\/\/static.krafthand-truck.de\/uploads\/2022\/05\/Autopromotec_Aufmacher.jpg","type":"image\/jpeg"}],"author":"georg.blenk@krafthand-medien.de","twitter_card":"summary_large_image","twitter_misc":{"Verfasst von":"georg.blenk@krafthand-medien.de","Gesch\u00e4tzte Lesezeit":"2\u00a0Minuten"},"schema":{"@context":"https:\/\/schema.org","@graph":[{"@type":"Article","@id":"https:\/\/www.krafthand.de\/truck\/artikel\/planungssicherheit-autopromotec-definiert-messetermin-und-plant-zusatzveranstaltung-33910\/#article","isPartOf":{"@id":"https:\/\/www.krafthand.de\/truck\/artikel\/planungssicherheit-autopromotec-definiert-messetermin-und-plant-zusatzveranstaltung-33910\/"},"author":{"name":"georg.blenk@krafthand-medien.de","@id":"https:\/\/www.krafthand.de\/truck\/#\/schema\/person\/51fa80b1c57034c4bf63f9f988fc24ce"},"headline":"Planungssicherheit: Autopromotec definiert Messetermin und plant Zusatzveranstaltung","datePublished":"2022-10-06T11:49:19+00:00","dateModified":"2022-10-06T15:11:42+00:00","mainEntityOfPage":{"@id":"https:\/\/www.krafthand.de\/truck\/artikel\/planungssicherheit-autopromotec-definiert-messetermin-und-plant-zusatzveranstaltung-33910\/"},"wordCount":254,"image":{"@id":"https:\/\/www.krafthand.de\/truck\/artikel\/planungssicherheit-autopromotec-definiert-messetermin-und-plant-zusatzveranstaltung-33910\/#primaryimage"},"thumbnailUrl":"https:\/\/static.krafthand-truck.de\/uploads\/2022\/05\/Autopromotec_Aufmacher.jpg","keywords":["Automechanika","Autopromotec"],"articleSection":["Veranstaltungen\/Messen"],"inLanguage":"de"},{"@type":"WebPage","@id":"https:\/\/www.krafthand.de\/truck\/artikel\/planungssicherheit-autopromotec-definiert-messetermin-und-plant-zusatzveranstaltung-33910\/","url":"https:\/\/www.krafthand.de\/truck\/artikel\/planungssicherheit-autopromotec-definiert-messetermin-und-plant-zusatzveranstaltung-33910\/","name":"Planungssicherheit: Autopromotec definiert Messetermin und plant Zusatzveranstaltung - Krafthand-Truck","isPartOf":{"@id":"https:\/\/www.krafthand.de\/truck\/#website"},"primaryImageOfPage":{"@id":"https:\/\/www.krafthand.de\/truck\/artikel\/planungssicherheit-autopromotec-definiert-messetermin-und-plant-zusatzveranstaltung-33910\/#primaryimage"},"image":{"@id":"https:\/\/www.krafthand.de\/truck\/artikel\/planungssicherheit-autopromotec-definiert-messetermin-und-plant-zusatzveranstaltung-33910\/#primaryimage"},"thumbnailUrl":"https:\/\/static.krafthand-truck.de\/uploads\/2022\/05\/Autopromotec_Aufmacher.jpg","datePublished":"2022-10-06T11:49:19+00:00","dateModified":"2022-10-06T15:11:42+00:00","author":{"@id":"https:\/\/www.krafthand.de\/truck\/#\/schema\/person\/51fa80b1c57034c4bf63f9f988fc24ce"},"description":"Die Autopromotec in Bologna und die Automechanika in Frankfurt kehren zu ihrem traditionellen Zeitplan zur\u00fcck.","breadcrumb":{"@id":"https:\/\/www.krafthand.de\/truck\/artikel\/planungssicherheit-autopromotec-definiert-messetermin-und-plant-zusatzveranstaltung-33910\/#breadcrumb"},"inLanguage":"de","potentialAction":[{"@type":"ReadAction","target":["https:\/\/www.krafthand.de\/truck\/artikel\/planungssicherheit-autopromotec-definiert-messetermin-und-plant-zusatzveranstaltung-33910\/"]}]},{"@type":"ImageObject","inLanguage":"de","@id":"https:\/\/www.krafthand.de\/truck\/artikel\/planungssicherheit-autopromotec-definiert-messetermin-und-plant-zusatzveranstaltung-33910\/#primaryimage","url":"https:\/\/static.krafthand-truck.de\/uploads\/2022\/05\/Autopromotec_Aufmacher.jpg","contentUrl":"https:\/\/static.krafthand-truck.de\/uploads\/2022\/05\/Autopromotec_Aufmacher.jpg","width":1200,"height":662},{"@type":"BreadcrumbList","@id":"https:\/\/www.krafthand.de\/truck\/artikel\/planungssicherheit-autopromotec-definiert-messetermin-und-plant-zusatzveranstaltung-33910\/#breadcrumb","itemListElement":[{"@type":"ListItem","position":1,"name":"Krafthand-Truck","item":"https:\/\/www.krafthand.de\/truck\/"},{"@type":"ListItem","position":2,"name":"Nfz-Branche","item":"https:\/\/www.krafthand.de\/truck\/kategorie\/branche\/"},{"@type":"ListItem","position":3,"name":"Veranstaltungen\/Messen","item":"https:\/\/www.krafthand.de\/truck\/kategorie\/branche\/veranstaltungen\/"},{"@type":"ListItem","position":4,"name":"Planungssicherheit: Autopromotec definiert Messetermin und plant Zusatzveranstaltung"}]},{"@type":"WebSite","@id":"https:\/\/www.krafthand.de\/truck\/#website","url":"https:\/\/www.krafthand.de\/truck\/","name":"Krafthand-Truck","description":"","potentialAction":[{"@type":"SearchAction","target":{"@type":"EntryPoint","urlTemplate":"https:\/\/www.krafthand.de\/truck\/?s={search_term_string}"},"query-input":{"@type":"PropertyValueSpecification","valueRequired":true,"valueName":"search_term_string"}}],"inLanguage":"de"},{"@type":"Person","@id":"https:\/\/www.krafthand.de\/truck\/#\/schema\/person\/51fa80b1c57034c4bf63f9f988fc24ce","name":"georg.blenk@krafthand-medien.de","image":{"@type":"ImageObject","inLanguage":"de","@id":"https:\/\/secure.gravatar.com\/avatar\/93713c30affe0aa95d3a4130e499bb1abee2eb31adbdd9ce2aa1543538490215?s=96&d=mm&r=g","url":"https:\/\/secure.gravatar.com\/avatar\/93713c30affe0aa95d3a4130e499bb1abee2eb31adbdd9ce2aa1543538490215?s=96&d=mm&r=g","contentUrl":"https:\/\/secure.gravatar.com\/avatar\/93713c30affe0aa95d3a4130e499bb1abee2eb31adbdd9ce2aa1543538490215?s=96&d=mm&r=g","caption":"georg.blenk@krafthand-medien.de"}}]}},"_links":{"self":[{"href":"https:\/\/www.krafthand.de\/truck\/wp-json\/wp\/v2\/posts\/33910","targetHints":{"allow":["GET"]}}],"collection":[{"href":"https:\/\/www.krafthand.de\/truck\/wp-json\/wp\/v2\/posts"}],"about":[{"href":"https:\/\/www.krafthand.de\/truck\/wp-json\/wp\/v2\/types\/post"}],"author":[{"embeddable":true,"href":"https:\/\/www.krafthand.de\/truck\/wp-json\/wp\/v2\/users\/9"}],"replies":[{"embeddable":true,"href":"https:\/\/www.krafthand.de\/truck\/wp-json\/wp\/v2\/comments?post=33910"}],"version-history":[{"count":15,"href":"https:\/\/www.krafthand.de\/truck\/wp-json\/wp\/v2\/posts\/33910\/revisions"}],"predecessor-version":[{"id":33930,"href":"https:\/\/www.krafthand.de\/truck\/wp-json\/wp\/v2\/posts\/33910\/revisions\/33930"}],"wp:featuredmedia":[{"embeddable":true,"href":"https:\/\/www.krafthand.de\/truck\/wp-json\/wp\/v2\/media\/32404"}],"wp:attachment":[{"href":"https:\/\/www.krafthand.de\/truck\/wp-json\/wp\/v2\/media?parent=33910"}],"wp:term":[{"taxonomy":"category","embeddable":true,"href":"https:\/\/www.krafthand.de\/truck\/wp-json\/wp\/v2\/categories?post=33910"},{"taxonomy":"post_tag","embeddable":true,"href":"https:\/\/www.krafthand.de\/truck\/wp-json\/wp\/v2\/tags?post=33910"},{"taxonomy":"settings","embeddable":true,"href":"https:\/\/www.krafthand.de\/truck\/wp-json\/wp\/v2\/settings?post=33910"}],"curies":[{"name":"wp","href":"https:\/\/api.w.org\/{rel}","templated":true}]}}