{"id":33860,"date":"2022-09-28T10:12:39","date_gmt":"2022-09-28T08:12:39","guid":{"rendered":"https:\/\/www.krafthand.de\/truck\/?p=33860"},"modified":"2022-09-30T09:59:28","modified_gmt":"2022-09-30T07:59:28","slug":"volta-trucks-und-db-schenker-schliessen-erste-testphase-des-vollelektrischen-volta-zero-ab","status":"publish","type":"post","link":"https:\/\/www.krafthand.de\/truck\/artikel\/volta-trucks-und-db-schenker-schliessen-erste-testphase-des-vollelektrischen-volta-zero-ab-33860\/","title":{"rendered":"Volta Trucks und DB Schenker schlie\u00dfen Testphase des Volta Zero ab"},"content":{"rendered":"<p>Volta Trucks, Hersteller und Dienstleister f\u00fcr vollelektrische Nutzfahrzeuge und DB Schenker, einer der weltweit f\u00fchrenden Logistikdienstleister, haben gemeinsam die erste Testphase mit dem vollelektrischen Volta Zero in Europa abgeschlossen. Zum ersten Mal fuhr ein Prototyp des Volta Zero zur Designverifizierung auf den Stra\u00dfen und im realen Vertriebsumfeld in Paris.<\/p>\n<p>Im Jahr 2021 vereinbarten beide Unternehmen eine weitreichende Partnerschaft und die Vorbestellung von fast 1.500 vollelektrischen Volta Zero Fahrzeugen \u2013 die bisher gr\u00f6\u00dfte Bestellung f\u00fcr mittelschwere elektrifizierte Lkw in Europa. Der vollelektrische 16-Tonnen Volta Zero wird in den europ\u00e4ischen Terminals von DB Schenker eingesetzt, um Waren von den Verteilerzentren in die Stadtzentren und Ballungsr\u00e4ume zu transportieren. Hier sollen das v\u00f6llig neue Design des Fahrzeugs, die sicherheitsorientierte Fahrerkabine zum Schutz gef\u00e4hrdeter Verkehrsteilnehmer und der emissionsfreie Antrieb wichtige Vorteile bieten.\u00a0Gemeinsam m\u00f6chten <a href=\"https:\/\/voltatrucks.com\/de\" target=\"_blank\" rel=\"noopener\">Volta Trucks<\/a> und <a href=\"https:\/\/www.dbschenker.com\/de-de\" target=\"_blank\" rel=\"noopener\">DB Schenker<\/a> die Nutzungsm\u00f6glichkeiten dieser Technologie zur Erweiterung des Leistungsangebots weiter ausloten. Die Markteinf\u00fchrung beginnt laut Volta Trucks an 10 Standorten in f\u00fcnf L\u00e4ndern. Der Volta Zero wird im \u00dcbrigen bei <a href=\"https:\/\/steyr-automotive.com\" target=\"_blank\" rel=\"noopener\">Steyr Automotive<\/a> in \u00d6sterreich produziert. Bei den Einzelkomponenten lege man stark Wert auf namhafte Zulieferer.<\/p>\n<blockquote><p>\u201eSeit Beginn der Zusammenarbeit zwischen DB Schenker und Volta Trucks stehen wir in engem Kontakt und haben die Entwicklung des Fahrzeugs gemeinsam vorangetrieben&#8220;, erkl\u00e4rt Cyrille Bonjean, Executive Vice President Land Transport bei DB Schenker in Europa.<\/p>\n<p>\u201eEs war gro\u00dfartig, das Ergebnis live auf den Stra\u00dfen von Paris zu sehen. Am Anfang stand eine bestimmte Idee \u2013 jetzt ist sie Realit\u00e4t. Wir freuen uns darauf, Anfang 2023 die ersten Pilotfahrzeuge in Europa in die Flotte aufzunehmen&#8220;, so\u00a0Essa Al-Saleh, Chief Executive Officer von Volta Trucks.<\/p><\/blockquote>\n<div class=\"infobox box-grey\"><\/p>\n<p><strong>Der Volta Zero<\/strong><\/p>\n<p><figure id=\"attachment_33865\" aria-describedby=\"caption-attachment-33865\" style=\"width: 380px\" class=\"wp-caption alignright\"><a href=\"https:\/\/static.krafthand-truck.de\/uploads\/2022\/09\/Volta_Zero_IAA_Transportation_Blenk_Georg_Krafthand_Truck.jpg\" target=\"_blank\" rel=\"noopener\"><img fetchpriority=\"high\" decoding=\"async\" class=\"wp-image-33865\" src=\"https:\/\/static.krafthand-truck.de\/uploads\/2022\/09\/Volta_Zero_IAA_Transportation_Blenk_Georg_Krafthand_Truck-300x196.jpg\" alt=\"\" width=\"380\" height=\"248\" srcset=\"https:\/\/static.krafthand-truck.de\/uploads\/2022\/09\/Volta_Zero_IAA_Transportation_Blenk_Georg_Krafthand_Truck-300x196.jpg 300w, https:\/\/static.krafthand-truck.de\/uploads\/2022\/09\/Volta_Zero_IAA_Transportation_Blenk_Georg_Krafthand_Truck-1024x669.jpg 1024w, https:\/\/static.krafthand-truck.de\/uploads\/2022\/09\/Volta_Zero_IAA_Transportation_Blenk_Georg_Krafthand_Truck-768x502.jpg 768w, https:\/\/static.krafthand-truck.de\/uploads\/2022\/09\/Volta_Zero_IAA_Transportation_Blenk_Georg_Krafthand_Truck.jpg 1200w\" sizes=\"(max-width: 380px) 100vw, 380px\" \/><\/a><figcaption id=\"caption-attachment-33865\" class=\"wp-caption-text\">Ein Vorserienfahrzeug des Volta Zero war auch auf der IAA Transportation in Hannover zu sehen. Bild: Georg Blenk<\/figcaption><\/figure><\/p>\n<p>Der Volta Zero ist den Angaben zufolge das weltweit erste vollelektrische 16-Tonnen-Nutzfahrzeug, das speziell f\u00fcr den innerst\u00e4dtischen Warenverkehr entwickelt wurde. Der Lkw wurde von Grund auf mit einer rein elektrischen Reichweite von 150 bis 200 km konzipiert und soll bis 2025 sch\u00e4tzungsweise 1,2 Millionen Tonnen Kohlendioxidemissionen einsparen.<br \/>\nAuch die Sicherheit steht bei Volta Trucks im Mittelpunkt. So m\u00f6chte das Unternehmen den Verlautbarungen nach auch die sichersten Nutzfahrzeuge f\u00fcr den Innenstadtverkehr produzieren. Dank des Wegfalls des Verbrennungsmotors sitzt der Fahrer eines Volta Zero in einer mittigen Fahrposition, mit einer viel niedrigeren Sitzh\u00f6he als bei herk\u00f6mmlichen Nutzfahrzeugen. Dies und die umglaste Kabine bieten dem Fahrer ein weites 220-Grad-Sichtfeld und minimieren gef\u00e4hrliche tote Winkel.<br \/>\nDer Prototyp des Volta Zero wurde im September 2020 vorgestellt, wobei die ersten Fahrzeuge voraussichtlich Ende 2022 bei Kunden in Betrieb gehen werden.<br \/>\nIm November 2021 gab Volta Trucks mit der Bestellung von 1.470 Fahrzeugen durch DB Schenker bekannt. Darauf folgte die Bestellung von <a href=\"https:\/\/www.petitforestier.com\/de-de\" target=\"_blank\" rel=\"noopener\">Petit Forestier<\/a> von 1.000 Volta Zero-Fahrzeugen. Volta Trucks verf\u00fcgt nun \u00fcber einen Gesamtauftragsbestand von rund 6.500 Fahrzeugen mit einem Auftragswert von ca. 1,4 Milliarden Euro.<\/p>\n<p><\/div>\n\r\n\t\t\t\t<div class=\"post-author\">\r\n\t\t\t\t\t<div class=\"khm-cp-author clearfix\">\r\n\t\t\t\t\t\t<div class=\"khm-cp-author__content\">\r\n\t\t\t\t\t\t\t\tKontakt zum Autor:<br \/>\r\n\t\t\t\t\t\t\t\t<strong>Georg Blenk<\/strong>, 08247 \/ 3007-45 |  <a href=\"mailto:georg.blenk@krafthand-medien.de\">georg.blenk@krafthand-medien.de<\/a>\r\n\t\t\t\t\t\t\t<div class=\"khm-cp-author__image\">\r\n\t\t\t\t\t\t<img src=\"https:\/\/static.krafthand-truck.de\/uploads\/2021\/01\/Blenk_6104-250x300-1-removebg-preview.png\" class=\"img-responsive\">\r\n\t\t\t\t\t<\/div>\r\n\t\t\t\t\t\t<\/div>\r\n\t\t\t\t\t<\/div>\r\n\t\t\t\t<\/div>\r\n\t\t\t\t","protected":false},"excerpt":{"rendered":"<p>Volta Trucks, Hersteller und Dienstleister f\u00fcr vollelektrische Nutzfahrzeuge, und DB Schenker, einer der weltweit f\u00fchrenden Logistikdienstleister, haben gemeinsam die Testphase mit dem vollelektrischen Volta Zero in Europa abgeschlossen. <span class=\"excerpt-more__dots\">&#8230;<\/span> <a class=\"excerpt-more__link\" href=\"https:\/\/www.krafthand.de\/truck\/artikel\/volta-trucks-und-db-schenker-schliessen-erste-testphase-des-vollelektrischen-volta-zero-ab-33860\/\" >weiter<\/a><\/p>\n","protected":false},"author":9,"featured_media":33868,"comment_status":"closed","ping_status":"closed","sticky":false,"template":"","format":"standard","meta":{"footnotes":""},"categories":[4224],"tags":[5366,4476,4176],"settings":[3524,3523],"class_list":["post-33860","post","type-post","status-publish","format-standard","has-post-thumbnail","hentry","category-e-antrieb","tag-db-schenker","tag-elkw","tag-volta-trucks"],"yoast_head":"<!-- This site is optimized with the Yoast SEO plugin v27.3 - https:\/\/yoast.com\/product\/yoast-seo-wordpress\/ -->\n<title>Volta Trucks\/DB Schenker: Testphase des Volta Zero<\/title>\n<meta name=\"description\" content=\"Volta Trucks und DB Schenker haben gemeinsam die erste Testphase mit dem vollelektrischen Volta Zero in Europa abgeschlossen.\" \/>\n<meta name=\"robots\" content=\"index, follow, max-snippet:-1, max-image-preview:large, max-video-preview:-1\" \/>\n<link rel=\"canonical\" href=\"https:\/\/www.krafthand.de\/truck\/artikel\/volta-trucks-und-db-schenker-schliessen-erste-testphase-des-vollelektrischen-volta-zero-ab-33860\/\" \/>\n<meta property=\"og:locale\" content=\"de_DE\" \/>\n<meta property=\"og:type\" content=\"article\" \/>\n<meta property=\"og:title\" content=\"Volta Trucks\/DB Schenker: Testphase des Volta Zero\" \/>\n<meta property=\"og:description\" content=\"Volta Trucks und DB Schenker haben gemeinsam die erste Testphase mit dem vollelektrischen Volta Zero in Europa abgeschlossen.\" \/>\n<meta property=\"og:url\" content=\"https:\/\/www.krafthand-truck.de\/artikel\/volta-trucks-und-db-schenker-schliessen-erste-testphase-des-vollelektrischen-volta-zero-ab-33860\/\" \/>\n<meta property=\"og:site_name\" content=\"Krafthand-Truck\" \/>\n<meta property=\"article:published_time\" content=\"2022-09-28T08:12:39+00:00\" \/>\n<meta property=\"article:modified_time\" content=\"2022-09-30T07:59:28+00:00\" \/>\n<meta property=\"og:image\" content=\"https:\/\/static.krafthand-truck.de\/uploads\/2022\/09\/Volta_Trucks_DB_Schenker_Testphase_2022_2.jpg\" \/>\n\t<meta property=\"og:image:width\" content=\"1200\" \/>\n\t<meta property=\"og:image:height\" content=\"633\" \/>\n\t<meta property=\"og:image:type\" content=\"image\/jpeg\" \/>\n<meta name=\"author\" content=\"georg.blenk@krafthand-medien.de\" \/>\n<meta name=\"twitter:card\" content=\"summary_large_image\" \/>\n<meta name=\"twitter:label1\" content=\"Verfasst von\" \/>\n\t<meta name=\"twitter:data1\" content=\"georg.blenk@krafthand-medien.de\" \/>\n\t<meta name=\"twitter:label2\" content=\"Gesch\u00e4tzte Lesezeit\" \/>\n\t<meta name=\"twitter:data2\" content=\"3\u00a0Minuten\" \/>\n<script type=\"application\/ld+json\" class=\"yoast-schema-graph\">{\"@context\":\"https:\\\/\\\/schema.org\",\"@graph\":[{\"@type\":\"Article\",\"@id\":\"https:\\\/\\\/www.krafthand.de\\\/truck\\\/artikel\\\/volta-trucks-und-db-schenker-schliessen-erste-testphase-des-vollelektrischen-volta-zero-ab-33860\\\/#article\",\"isPartOf\":{\"@id\":\"https:\\\/\\\/www.krafthand.de\\\/truck\\\/artikel\\\/volta-trucks-und-db-schenker-schliessen-erste-testphase-des-vollelektrischen-volta-zero-ab-33860\\\/\"},\"author\":{\"name\":\"georg.blenk@krafthand-medien.de\",\"@id\":\"https:\\\/\\\/www.krafthand.de\\\/truck\\\/#\\\/schema\\\/person\\\/51fa80b1c57034c4bf63f9f988fc24ce\"},\"headline\":\"Volta Trucks und DB Schenker schlie\u00dfen Testphase des Volta Zero ab\",\"datePublished\":\"2022-09-28T08:12:39+00:00\",\"dateModified\":\"2022-09-30T07:59:28+00:00\",\"mainEntityOfPage\":{\"@id\":\"https:\\\/\\\/www.krafthand.de\\\/truck\\\/artikel\\\/volta-trucks-und-db-schenker-schliessen-erste-testphase-des-vollelektrischen-volta-zero-ab-33860\\\/\"},\"wordCount\":494,\"image\":{\"@id\":\"https:\\\/\\\/www.krafthand.de\\\/truck\\\/artikel\\\/volta-trucks-und-db-schenker-schliessen-erste-testphase-des-vollelektrischen-volta-zero-ab-33860\\\/#primaryimage\"},\"thumbnailUrl\":\"https:\\\/\\\/static.krafthand-truck.de\\\/uploads\\\/2022\\\/09\\\/Volta_Trucks_DB_Schenker_Testphase_2022_2.jpg\",\"keywords\":[\"DB Schenker\",\"eLkw\",\"Volta-Trucks\"],\"articleSection\":[\"E-Antrieb (BEV\\\/FCEV)\"],\"inLanguage\":\"de\"},{\"@type\":\"WebPage\",\"@id\":\"https:\\\/\\\/www.krafthand.de\\\/truck\\\/artikel\\\/volta-trucks-und-db-schenker-schliessen-erste-testphase-des-vollelektrischen-volta-zero-ab-33860\\\/\",\"url\":\"https:\\\/\\\/www.krafthand.de\\\/truck\\\/artikel\\\/volta-trucks-und-db-schenker-schliessen-erste-testphase-des-vollelektrischen-volta-zero-ab-33860\\\/\",\"name\":\"Volta Trucks\\\/DB Schenker: Testphase des Volta Zero\",\"isPartOf\":{\"@id\":\"https:\\\/\\\/www.krafthand.de\\\/truck\\\/#website\"},\"primaryImageOfPage\":{\"@id\":\"https:\\\/\\\/www.krafthand.de\\\/truck\\\/artikel\\\/volta-trucks-und-db-schenker-schliessen-erste-testphase-des-vollelektrischen-volta-zero-ab-33860\\\/#primaryimage\"},\"image\":{\"@id\":\"https:\\\/\\\/www.krafthand.de\\\/truck\\\/artikel\\\/volta-trucks-und-db-schenker-schliessen-erste-testphase-des-vollelektrischen-volta-zero-ab-33860\\\/#primaryimage\"},\"thumbnailUrl\":\"https:\\\/\\\/static.krafthand-truck.de\\\/uploads\\\/2022\\\/09\\\/Volta_Trucks_DB_Schenker_Testphase_2022_2.jpg\",\"datePublished\":\"2022-09-28T08:12:39+00:00\",\"dateModified\":\"2022-09-30T07:59:28+00:00\",\"author\":{\"@id\":\"https:\\\/\\\/www.krafthand.de\\\/truck\\\/#\\\/schema\\\/person\\\/51fa80b1c57034c4bf63f9f988fc24ce\"},\"description\":\"Volta Trucks und DB Schenker haben gemeinsam die erste Testphase mit dem vollelektrischen Volta Zero in Europa abgeschlossen.\",\"breadcrumb\":{\"@id\":\"https:\\\/\\\/www.krafthand.de\\\/truck\\\/artikel\\\/volta-trucks-und-db-schenker-schliessen-erste-testphase-des-vollelektrischen-volta-zero-ab-33860\\\/#breadcrumb\"},\"inLanguage\":\"de\",\"potentialAction\":[{\"@type\":\"ReadAction\",\"target\":[\"https:\\\/\\\/www.krafthand.de\\\/truck\\\/artikel\\\/volta-trucks-und-db-schenker-schliessen-erste-testphase-des-vollelektrischen-volta-zero-ab-33860\\\/\"]}]},{\"@type\":\"ImageObject\",\"inLanguage\":\"de\",\"@id\":\"https:\\\/\\\/www.krafthand.de\\\/truck\\\/artikel\\\/volta-trucks-und-db-schenker-schliessen-erste-testphase-des-vollelektrischen-volta-zero-ab-33860\\\/#primaryimage\",\"url\":\"https:\\\/\\\/static.krafthand-truck.de\\\/uploads\\\/2022\\\/09\\\/Volta_Trucks_DB_Schenker_Testphase_2022_2.jpg\",\"contentUrl\":\"https:\\\/\\\/static.krafthand-truck.de\\\/uploads\\\/2022\\\/09\\\/Volta_Trucks_DB_Schenker_Testphase_2022_2.jpg\",\"width\":1200,\"height\":633,\"caption\":\"Volta Trucks und DB Schenker habe erste Testphase auf \u00f6ffentlichen Stra\u00dfen abgeschlossen. Bild: Volta Trucks\"},{\"@type\":\"BreadcrumbList\",\"@id\":\"https:\\\/\\\/www.krafthand.de\\\/truck\\\/artikel\\\/volta-trucks-und-db-schenker-schliessen-erste-testphase-des-vollelektrischen-volta-zero-ab-33860\\\/#breadcrumb\",\"itemListElement\":[{\"@type\":\"ListItem\",\"position\":1,\"name\":\"Krafthand-Truck\",\"item\":\"https:\\\/\\\/www.krafthand.de\\\/truck\\\/\"},{\"@type\":\"ListItem\",\"position\":2,\"name\":\"Nfz-Technik\",\"item\":\"https:\\\/\\\/www.krafthand.de\\\/truck\\\/kategorie\\\/nfz-technik\\\/\"},{\"@type\":\"ListItem\",\"position\":3,\"name\":\"E-Antrieb (BEV\\\/FCEV)\",\"item\":\"https:\\\/\\\/www.krafthand.de\\\/truck\\\/kategorie\\\/nfz-technik\\\/e-antrieb\\\/\"},{\"@type\":\"ListItem\",\"position\":4,\"name\":\"Volta Trucks und DB Schenker schlie\u00dfen Testphase des Volta Zero ab\"}]},{\"@type\":\"WebSite\",\"@id\":\"https:\\\/\\\/www.krafthand.de\\\/truck\\\/#website\",\"url\":\"https:\\\/\\\/www.krafthand.de\\\/truck\\\/\",\"name\":\"Krafthand-Truck\",\"description\":\"\",\"potentialAction\":[{\"@type\":\"SearchAction\",\"target\":{\"@type\":\"EntryPoint\",\"urlTemplate\":\"https:\\\/\\\/www.krafthand.de\\\/truck\\\/?s={search_term_string}\"},\"query-input\":{\"@type\":\"PropertyValueSpecification\",\"valueRequired\":true,\"valueName\":\"search_term_string\"}}],\"inLanguage\":\"de\"},{\"@type\":\"Person\",\"@id\":\"https:\\\/\\\/www.krafthand.de\\\/truck\\\/#\\\/schema\\\/person\\\/51fa80b1c57034c4bf63f9f988fc24ce\",\"name\":\"georg.blenk@krafthand-medien.de\",\"image\":{\"@type\":\"ImageObject\",\"inLanguage\":\"de\",\"@id\":\"https:\\\/\\\/secure.gravatar.com\\\/avatar\\\/93713c30affe0aa95d3a4130e499bb1abee2eb31adbdd9ce2aa1543538490215?s=96&d=mm&r=g\",\"url\":\"https:\\\/\\\/secure.gravatar.com\\\/avatar\\\/93713c30affe0aa95d3a4130e499bb1abee2eb31adbdd9ce2aa1543538490215?s=96&d=mm&r=g\",\"contentUrl\":\"https:\\\/\\\/secure.gravatar.com\\\/avatar\\\/93713c30affe0aa95d3a4130e499bb1abee2eb31adbdd9ce2aa1543538490215?s=96&d=mm&r=g\",\"caption\":\"georg.blenk@krafthand-medien.de\"}}]}<\/script>\n<!-- \/ Yoast SEO plugin. -->","yoast_head_json":{"title":"Volta Trucks\/DB Schenker: Testphase des Volta Zero","description":"Volta Trucks und DB Schenker haben gemeinsam die erste Testphase mit dem vollelektrischen Volta Zero in Europa abgeschlossen.","robots":{"index":"index","follow":"follow","max-snippet":"max-snippet:-1","max-image-preview":"max-image-preview:large","max-video-preview":"max-video-preview:-1"},"canonical":"https:\/\/www.krafthand.de\/truck\/artikel\/volta-trucks-und-db-schenker-schliessen-erste-testphase-des-vollelektrischen-volta-zero-ab-33860\/","og_locale":"de_DE","og_type":"article","og_title":"Volta Trucks\/DB Schenker: Testphase des Volta Zero","og_description":"Volta Trucks und DB Schenker haben gemeinsam die erste Testphase mit dem vollelektrischen Volta Zero in Europa abgeschlossen.","og_url":"https:\/\/www.krafthand-truck.de\/artikel\/volta-trucks-und-db-schenker-schliessen-erste-testphase-des-vollelektrischen-volta-zero-ab-33860\/","og_site_name":"Krafthand-Truck","article_published_time":"2022-09-28T08:12:39+00:00","article_modified_time":"2022-09-30T07:59:28+00:00","og_image":[{"width":1200,"height":633,"url":"https:\/\/static.krafthand-truck.de\/uploads\/2022\/09\/Volta_Trucks_DB_Schenker_Testphase_2022_2.jpg","type":"image\/jpeg"}],"author":"georg.blenk@krafthand-medien.de","twitter_card":"summary_large_image","twitter_misc":{"Verfasst von":"georg.blenk@krafthand-medien.de","Gesch\u00e4tzte Lesezeit":"3\u00a0Minuten"},"schema":{"@context":"https:\/\/schema.org","@graph":[{"@type":"Article","@id":"https:\/\/www.krafthand.de\/truck\/artikel\/volta-trucks-und-db-schenker-schliessen-erste-testphase-des-vollelektrischen-volta-zero-ab-33860\/#article","isPartOf":{"@id":"https:\/\/www.krafthand.de\/truck\/artikel\/volta-trucks-und-db-schenker-schliessen-erste-testphase-des-vollelektrischen-volta-zero-ab-33860\/"},"author":{"name":"georg.blenk@krafthand-medien.de","@id":"https:\/\/www.krafthand.de\/truck\/#\/schema\/person\/51fa80b1c57034c4bf63f9f988fc24ce"},"headline":"Volta Trucks und DB Schenker schlie\u00dfen Testphase des Volta Zero ab","datePublished":"2022-09-28T08:12:39+00:00","dateModified":"2022-09-30T07:59:28+00:00","mainEntityOfPage":{"@id":"https:\/\/www.krafthand.de\/truck\/artikel\/volta-trucks-und-db-schenker-schliessen-erste-testphase-des-vollelektrischen-volta-zero-ab-33860\/"},"wordCount":494,"image":{"@id":"https:\/\/www.krafthand.de\/truck\/artikel\/volta-trucks-und-db-schenker-schliessen-erste-testphase-des-vollelektrischen-volta-zero-ab-33860\/#primaryimage"},"thumbnailUrl":"https:\/\/static.krafthand-truck.de\/uploads\/2022\/09\/Volta_Trucks_DB_Schenker_Testphase_2022_2.jpg","keywords":["DB Schenker","eLkw","Volta-Trucks"],"articleSection":["E-Antrieb (BEV\/FCEV)"],"inLanguage":"de"},{"@type":"WebPage","@id":"https:\/\/www.krafthand.de\/truck\/artikel\/volta-trucks-und-db-schenker-schliessen-erste-testphase-des-vollelektrischen-volta-zero-ab-33860\/","url":"https:\/\/www.krafthand.de\/truck\/artikel\/volta-trucks-und-db-schenker-schliessen-erste-testphase-des-vollelektrischen-volta-zero-ab-33860\/","name":"Volta Trucks\/DB Schenker: Testphase des Volta Zero","isPartOf":{"@id":"https:\/\/www.krafthand.de\/truck\/#website"},"primaryImageOfPage":{"@id":"https:\/\/www.krafthand.de\/truck\/artikel\/volta-trucks-und-db-schenker-schliessen-erste-testphase-des-vollelektrischen-volta-zero-ab-33860\/#primaryimage"},"image":{"@id":"https:\/\/www.krafthand.de\/truck\/artikel\/volta-trucks-und-db-schenker-schliessen-erste-testphase-des-vollelektrischen-volta-zero-ab-33860\/#primaryimage"},"thumbnailUrl":"https:\/\/static.krafthand-truck.de\/uploads\/2022\/09\/Volta_Trucks_DB_Schenker_Testphase_2022_2.jpg","datePublished":"2022-09-28T08:12:39+00:00","dateModified":"2022-09-30T07:59:28+00:00","author":{"@id":"https:\/\/www.krafthand.de\/truck\/#\/schema\/person\/51fa80b1c57034c4bf63f9f988fc24ce"},"description":"Volta Trucks und DB Schenker haben gemeinsam die erste Testphase mit dem vollelektrischen Volta Zero in Europa abgeschlossen.","breadcrumb":{"@id":"https:\/\/www.krafthand.de\/truck\/artikel\/volta-trucks-und-db-schenker-schliessen-erste-testphase-des-vollelektrischen-volta-zero-ab-33860\/#breadcrumb"},"inLanguage":"de","potentialAction":[{"@type":"ReadAction","target":["https:\/\/www.krafthand.de\/truck\/artikel\/volta-trucks-und-db-schenker-schliessen-erste-testphase-des-vollelektrischen-volta-zero-ab-33860\/"]}]},{"@type":"ImageObject","inLanguage":"de","@id":"https:\/\/www.krafthand.de\/truck\/artikel\/volta-trucks-und-db-schenker-schliessen-erste-testphase-des-vollelektrischen-volta-zero-ab-33860\/#primaryimage","url":"https:\/\/static.krafthand-truck.de\/uploads\/2022\/09\/Volta_Trucks_DB_Schenker_Testphase_2022_2.jpg","contentUrl":"https:\/\/static.krafthand-truck.de\/uploads\/2022\/09\/Volta_Trucks_DB_Schenker_Testphase_2022_2.jpg","width":1200,"height":633,"caption":"Volta Trucks und DB Schenker habe erste Testphase auf \u00f6ffentlichen Stra\u00dfen abgeschlossen. Bild: Volta Trucks"},{"@type":"BreadcrumbList","@id":"https:\/\/www.krafthand.de\/truck\/artikel\/volta-trucks-und-db-schenker-schliessen-erste-testphase-des-vollelektrischen-volta-zero-ab-33860\/#breadcrumb","itemListElement":[{"@type":"ListItem","position":1,"name":"Krafthand-Truck","item":"https:\/\/www.krafthand.de\/truck\/"},{"@type":"ListItem","position":2,"name":"Nfz-Technik","item":"https:\/\/www.krafthand.de\/truck\/kategorie\/nfz-technik\/"},{"@type":"ListItem","position":3,"name":"E-Antrieb (BEV\/FCEV)","item":"https:\/\/www.krafthand.de\/truck\/kategorie\/nfz-technik\/e-antrieb\/"},{"@type":"ListItem","position":4,"name":"Volta Trucks und DB Schenker schlie\u00dfen Testphase des Volta Zero ab"}]},{"@type":"WebSite","@id":"https:\/\/www.krafthand.de\/truck\/#website","url":"https:\/\/www.krafthand.de\/truck\/","name":"Krafthand-Truck","description":"","potentialAction":[{"@type":"SearchAction","target":{"@type":"EntryPoint","urlTemplate":"https:\/\/www.krafthand.de\/truck\/?s={search_term_string}"},"query-input":{"@type":"PropertyValueSpecification","valueRequired":true,"valueName":"search_term_string"}}],"inLanguage":"de"},{"@type":"Person","@id":"https:\/\/www.krafthand.de\/truck\/#\/schema\/person\/51fa80b1c57034c4bf63f9f988fc24ce","name":"georg.blenk@krafthand-medien.de","image":{"@type":"ImageObject","inLanguage":"de","@id":"https:\/\/secure.gravatar.com\/avatar\/93713c30affe0aa95d3a4130e499bb1abee2eb31adbdd9ce2aa1543538490215?s=96&d=mm&r=g","url":"https:\/\/secure.gravatar.com\/avatar\/93713c30affe0aa95d3a4130e499bb1abee2eb31adbdd9ce2aa1543538490215?s=96&d=mm&r=g","contentUrl":"https:\/\/secure.gravatar.com\/avatar\/93713c30affe0aa95d3a4130e499bb1abee2eb31adbdd9ce2aa1543538490215?s=96&d=mm&r=g","caption":"georg.blenk@krafthand-medien.de"}}]}},"_links":{"self":[{"href":"https:\/\/www.krafthand.de\/truck\/wp-json\/wp\/v2\/posts\/33860","targetHints":{"allow":["GET"]}}],"collection":[{"href":"https:\/\/www.krafthand.de\/truck\/wp-json\/wp\/v2\/posts"}],"about":[{"href":"https:\/\/www.krafthand.de\/truck\/wp-json\/wp\/v2\/types\/post"}],"author":[{"embeddable":true,"href":"https:\/\/www.krafthand.de\/truck\/wp-json\/wp\/v2\/users\/9"}],"replies":[{"embeddable":true,"href":"https:\/\/www.krafthand.de\/truck\/wp-json\/wp\/v2\/comments?post=33860"}],"version-history":[{"count":16,"href":"https:\/\/www.krafthand.de\/truck\/wp-json\/wp\/v2\/posts\/33860\/revisions"}],"predecessor-version":[{"id":33880,"href":"https:\/\/www.krafthand.de\/truck\/wp-json\/wp\/v2\/posts\/33860\/revisions\/33880"}],"wp:featuredmedia":[{"embeddable":true,"href":"https:\/\/www.krafthand.de\/truck\/wp-json\/wp\/v2\/media\/33868"}],"wp:attachment":[{"href":"https:\/\/www.krafthand.de\/truck\/wp-json\/wp\/v2\/media?parent=33860"}],"wp:term":[{"taxonomy":"category","embeddable":true,"href":"https:\/\/www.krafthand.de\/truck\/wp-json\/wp\/v2\/categories?post=33860"},{"taxonomy":"post_tag","embeddable":true,"href":"https:\/\/www.krafthand.de\/truck\/wp-json\/wp\/v2\/tags?post=33860"},{"taxonomy":"settings","embeddable":true,"href":"https:\/\/www.krafthand.de\/truck\/wp-json\/wp\/v2\/settings?post=33860"}],"curies":[{"name":"wp","href":"https:\/\/api.w.org\/{rel}","templated":true}]}}