{"id":33841,"date":"2022-09-27T12:16:34","date_gmt":"2022-09-27T10:16:34","guid":{"rendered":"https:\/\/www.krafthand.de\/truck\/?p=33841"},"modified":"2022-09-27T12:22:35","modified_gmt":"2022-09-27T10:22:35","slug":"krone-nutzfahrzeug-gruppe-astrid-janke-neu-in-der-geschaeftsfuehrung","status":"publish","type":"post","link":"https:\/\/www.krafthand.de\/truck\/artikel\/krone-nutzfahrzeug-gruppe-astrid-janke-neu-in-der-geschaeftsfuehrung-33841\/","title":{"rendered":"Krone Nutzfahrzeug Gruppe: Astrid Janke neu in der Gesch\u00e4ftsf\u00fchrung"},"content":{"rendered":"<p>Astrid Janke (51) hat bereits mit Wirkung 1. April 2022 die Gesch\u00e4ftsf\u00fchrung im Bereich Konstruktion und Entwicklung in der <a href=\"https:\/\/www.krone-trailer.com\" target=\"_blank\" rel=\"noopener\">Krone Nutzfahrzeug Gruppe<\/a> \u00fcbernommen. In den vergangenen Monaten wurde sie von ihrem Vorg\u00e4nger Uwe Sasse sukzessiv in alle Aufgaben eingearbeitet. Sasse hat zwischenzeitlich wie geplant die Altersteilzeit begonnen.<\/p>\n<p>Astrid Janke kann nach ihrem Ingenieursstudium in Stuttgart inzwischen auf mehr als 30 Jahre Berufserfahrung in internationalen Automobil- und Luftfahrtunternehmen zur\u00fcckblicken, davon rund 22 Jahre in F\u00fchrungspositionen. In ihren bisherigen Positionen verantwortete sie unter anderem die Bereiche Strategie, Technologie, Innovation, Forschung, Innovation und Produktentwicklung.\u00a0Janke genie\u00dft nicht nur einen hervorragenden Ruf als \u00fcberaus kompetente Ingenieurin, sondern auch als ausgewiesene Teamplayerin mit langj\u00e4hriger Erfahrung in der Transformation von Entwicklungsbereichen.<\/p>\n<blockquote><p>&#8222;Im Zeitalter der Digitalisierung und Vernetzung kann man die zahlreichen komplexen Aufgaben nur im strategischen Verbund l\u00f6sen. Deshalb geh\u00f6rt auch eine Aussage von Dr. Will Rose zu meinen pers\u00f6nlichen Favoriten: Erfolg misst sich nicht daran, wie hoch man aufgestiegen ist, sondern wie viele Menschen man mitgenommen hat.\u201d<\/p><\/blockquote>\n<p>Alfons B. Veer, CTO der Krone Nutzfahrzeug Gruppe, freut sich \u00fcber die Neuaufstellung im Bereich Konstruktion und Entwicklung. <em>&#8222;Jahrzehntelang hat die Krone Nutzfahrzeug Gruppe von dem herausragenden Know-how unseres langj\u00e4hrigen Gesch\u00e4ftsf\u00fchrers Uwe Sasse profitiert, der die Erfolgsgeschichte unseres Unternehmens ma\u00dfgeblich mitgepr\u00e4gt hat. Insofern war es f\u00fcr uns eine echte Herzensangelegenheit, eine Nachfolge zu finden, die fachlich, aber auch menschlich zum Familienunternehmen Krone passt.&#8220;<\/em><\/p>\n","protected":false},"excerpt":{"rendered":"<p>Astrid Janke (51) hat bereits mit Wirkung 1. April 2022 die Gesch\u00e4ftsf\u00fchrung im Bereich Konstruktion und Entwicklung in der Krone Nutzfahrzeug Gruppe \u00fcbernommen. <span class=\"excerpt-more__dots\">&#8230;<\/span> <a class=\"excerpt-more__link\" href=\"https:\/\/www.krafthand.de\/truck\/artikel\/krone-nutzfahrzeug-gruppe-astrid-janke-neu-in-der-geschaeftsfuehrung-33841\/\" >weiter<\/a><\/p>\n","protected":false},"author":9,"featured_media":33845,"comment_status":"closed","ping_status":"closed","sticky":false,"template":"","format":"standard","meta":{"footnotes":""},"categories":[4238],"tags":[5364,388],"settings":[3523],"class_list":["post-33841","post","type-post","status-publish","format-standard","has-post-thumbnail","hentry","category-koepfe","tag-astrid-janke","tag-krone"],"yoast_head":"<!-- This site is optimized with the Yoast SEO plugin v27.3 - https:\/\/yoast.com\/product\/yoast-seo-wordpress\/ -->\n<title>Krone: Astrid Janke \u00fcbernimmt Gesch\u00e4ftsf\u00fchrung Konstruktion, Entwicklung<\/title>\n<meta name=\"description\" content=\"Astrid Janke hat die Gesch\u00e4ftsf\u00fchrung im Bereich Konstruktion und Entwicklung in der Krone Nutzfahrzeug Gruppe \u00fcbernommen.\" \/>\n<meta name=\"robots\" content=\"index, follow, max-snippet:-1, max-image-preview:large, max-video-preview:-1\" \/>\n<link rel=\"canonical\" href=\"https:\/\/www.krafthand.de\/truck\/artikel\/krone-nutzfahrzeug-gruppe-astrid-janke-neu-in-der-geschaeftsfuehrung-33841\/\" \/>\n<meta property=\"og:locale\" content=\"de_DE\" \/>\n<meta property=\"og:type\" content=\"article\" \/>\n<meta property=\"og:title\" content=\"Krone: Astrid Janke \u00fcbernimmt Gesch\u00e4ftsf\u00fchrung Konstruktion, Entwicklung\" \/>\n<meta property=\"og:description\" content=\"Astrid Janke hat die Gesch\u00e4ftsf\u00fchrung im Bereich Konstruktion und Entwicklung in der Krone Nutzfahrzeug Gruppe \u00fcbernommen.\" \/>\n<meta property=\"og:url\" content=\"https:\/\/www.krafthand-truck.de\/artikel\/krone-nutzfahrzeug-gruppe-astrid-janke-neu-in-der-geschaeftsfuehrung-33841\/\" \/>\n<meta property=\"og:site_name\" content=\"Krafthand-Truck\" \/>\n<meta property=\"article:published_time\" content=\"2022-09-27T10:16:34+00:00\" \/>\n<meta property=\"article:modified_time\" content=\"2022-09-27T10:22:35+00:00\" \/>\n<meta property=\"og:image\" content=\"https:\/\/static.krafthand-truck.de\/uploads\/2022\/09\/KRONE_Astrid-Janke-1.jpg\" \/>\n\t<meta property=\"og:image:width\" content=\"1200\" \/>\n\t<meta property=\"og:image:height\" content=\"798\" \/>\n\t<meta property=\"og:image:type\" content=\"image\/jpeg\" \/>\n<meta name=\"author\" content=\"georg.blenk@krafthand-medien.de\" \/>\n<meta name=\"twitter:card\" content=\"summary_large_image\" \/>\n<meta name=\"twitter:label1\" content=\"Verfasst von\" \/>\n\t<meta name=\"twitter:data1\" content=\"georg.blenk@krafthand-medien.de\" \/>\n\t<meta name=\"twitter:label2\" content=\"Gesch\u00e4tzte Lesezeit\" \/>\n\t<meta name=\"twitter:data2\" content=\"2\u00a0Minuten\" \/>\n<script type=\"application\/ld+json\" class=\"yoast-schema-graph\">{\"@context\":\"https:\\\/\\\/schema.org\",\"@graph\":[{\"@type\":\"Article\",\"@id\":\"https:\\\/\\\/www.krafthand.de\\\/truck\\\/artikel\\\/krone-nutzfahrzeug-gruppe-astrid-janke-neu-in-der-geschaeftsfuehrung-33841\\\/#article\",\"isPartOf\":{\"@id\":\"https:\\\/\\\/www.krafthand.de\\\/truck\\\/artikel\\\/krone-nutzfahrzeug-gruppe-astrid-janke-neu-in-der-geschaeftsfuehrung-33841\\\/\"},\"author\":{\"name\":\"georg.blenk@krafthand-medien.de\",\"@id\":\"https:\\\/\\\/www.krafthand.de\\\/truck\\\/#\\\/schema\\\/person\\\/51fa80b1c57034c4bf63f9f988fc24ce\"},\"headline\":\"Krone Nutzfahrzeug Gruppe: Astrid Janke neu in der Gesch\u00e4ftsf\u00fchrung\",\"datePublished\":\"2022-09-27T10:16:34+00:00\",\"dateModified\":\"2022-09-27T10:22:35+00:00\",\"mainEntityOfPage\":{\"@id\":\"https:\\\/\\\/www.krafthand.de\\\/truck\\\/artikel\\\/krone-nutzfahrzeug-gruppe-astrid-janke-neu-in-der-geschaeftsfuehrung-33841\\\/\"},\"wordCount\":247,\"image\":{\"@id\":\"https:\\\/\\\/www.krafthand.de\\\/truck\\\/artikel\\\/krone-nutzfahrzeug-gruppe-astrid-janke-neu-in-der-geschaeftsfuehrung-33841\\\/#primaryimage\"},\"thumbnailUrl\":\"https:\\\/\\\/static.krafthand-truck.de\\\/uploads\\\/2022\\\/09\\\/KRONE_Astrid-Janke-1.jpg\",\"keywords\":[\"Astrid Janke\",\"Krone\"],\"articleSection\":[\"K\u00f6pfe\\\/Personen\"],\"inLanguage\":\"de\"},{\"@type\":\"WebPage\",\"@id\":\"https:\\\/\\\/www.krafthand.de\\\/truck\\\/artikel\\\/krone-nutzfahrzeug-gruppe-astrid-janke-neu-in-der-geschaeftsfuehrung-33841\\\/\",\"url\":\"https:\\\/\\\/www.krafthand.de\\\/truck\\\/artikel\\\/krone-nutzfahrzeug-gruppe-astrid-janke-neu-in-der-geschaeftsfuehrung-33841\\\/\",\"name\":\"Krone: Astrid Janke \u00fcbernimmt Gesch\u00e4ftsf\u00fchrung Konstruktion, Entwicklung\",\"isPartOf\":{\"@id\":\"https:\\\/\\\/www.krafthand.de\\\/truck\\\/#website\"},\"primaryImageOfPage\":{\"@id\":\"https:\\\/\\\/www.krafthand.de\\\/truck\\\/artikel\\\/krone-nutzfahrzeug-gruppe-astrid-janke-neu-in-der-geschaeftsfuehrung-33841\\\/#primaryimage\"},\"image\":{\"@id\":\"https:\\\/\\\/www.krafthand.de\\\/truck\\\/artikel\\\/krone-nutzfahrzeug-gruppe-astrid-janke-neu-in-der-geschaeftsfuehrung-33841\\\/#primaryimage\"},\"thumbnailUrl\":\"https:\\\/\\\/static.krafthand-truck.de\\\/uploads\\\/2022\\\/09\\\/KRONE_Astrid-Janke-1.jpg\",\"datePublished\":\"2022-09-27T10:16:34+00:00\",\"dateModified\":\"2022-09-27T10:22:35+00:00\",\"author\":{\"@id\":\"https:\\\/\\\/www.krafthand.de\\\/truck\\\/#\\\/schema\\\/person\\\/51fa80b1c57034c4bf63f9f988fc24ce\"},\"description\":\"Astrid Janke hat die Gesch\u00e4ftsf\u00fchrung im Bereich Konstruktion und Entwicklung in der Krone Nutzfahrzeug Gruppe \u00fcbernommen.\",\"breadcrumb\":{\"@id\":\"https:\\\/\\\/www.krafthand.de\\\/truck\\\/artikel\\\/krone-nutzfahrzeug-gruppe-astrid-janke-neu-in-der-geschaeftsfuehrung-33841\\\/#breadcrumb\"},\"inLanguage\":\"de\",\"potentialAction\":[{\"@type\":\"ReadAction\",\"target\":[\"https:\\\/\\\/www.krafthand.de\\\/truck\\\/artikel\\\/krone-nutzfahrzeug-gruppe-astrid-janke-neu-in-der-geschaeftsfuehrung-33841\\\/\"]}]},{\"@type\":\"ImageObject\",\"inLanguage\":\"de\",\"@id\":\"https:\\\/\\\/www.krafthand.de\\\/truck\\\/artikel\\\/krone-nutzfahrzeug-gruppe-astrid-janke-neu-in-der-geschaeftsfuehrung-33841\\\/#primaryimage\",\"url\":\"https:\\\/\\\/static.krafthand-truck.de\\\/uploads\\\/2022\\\/09\\\/KRONE_Astrid-Janke-1.jpg\",\"contentUrl\":\"https:\\\/\\\/static.krafthand-truck.de\\\/uploads\\\/2022\\\/09\\\/KRONE_Astrid-Janke-1.jpg\",\"width\":1200,\"height\":798},{\"@type\":\"BreadcrumbList\",\"@id\":\"https:\\\/\\\/www.krafthand.de\\\/truck\\\/artikel\\\/krone-nutzfahrzeug-gruppe-astrid-janke-neu-in-der-geschaeftsfuehrung-33841\\\/#breadcrumb\",\"itemListElement\":[{\"@type\":\"ListItem\",\"position\":1,\"name\":\"Krafthand-Truck\",\"item\":\"https:\\\/\\\/www.krafthand.de\\\/truck\\\/\"},{\"@type\":\"ListItem\",\"position\":2,\"name\":\"Nfz-Branche\",\"item\":\"https:\\\/\\\/www.krafthand.de\\\/truck\\\/kategorie\\\/branche\\\/\"},{\"@type\":\"ListItem\",\"position\":3,\"name\":\"K\u00f6pfe\\\/Personen\",\"item\":\"https:\\\/\\\/www.krafthand.de\\\/truck\\\/kategorie\\\/branche\\\/koepfe\\\/\"},{\"@type\":\"ListItem\",\"position\":4,\"name\":\"Krone Nutzfahrzeug Gruppe: Astrid Janke neu in der Gesch\u00e4ftsf\u00fchrung\"}]},{\"@type\":\"WebSite\",\"@id\":\"https:\\\/\\\/www.krafthand.de\\\/truck\\\/#website\",\"url\":\"https:\\\/\\\/www.krafthand.de\\\/truck\\\/\",\"name\":\"Krafthand-Truck\",\"description\":\"\",\"potentialAction\":[{\"@type\":\"SearchAction\",\"target\":{\"@type\":\"EntryPoint\",\"urlTemplate\":\"https:\\\/\\\/www.krafthand.de\\\/truck\\\/?s={search_term_string}\"},\"query-input\":{\"@type\":\"PropertyValueSpecification\",\"valueRequired\":true,\"valueName\":\"search_term_string\"}}],\"inLanguage\":\"de\"},{\"@type\":\"Person\",\"@id\":\"https:\\\/\\\/www.krafthand.de\\\/truck\\\/#\\\/schema\\\/person\\\/51fa80b1c57034c4bf63f9f988fc24ce\",\"name\":\"georg.blenk@krafthand-medien.de\",\"image\":{\"@type\":\"ImageObject\",\"inLanguage\":\"de\",\"@id\":\"https:\\\/\\\/secure.gravatar.com\\\/avatar\\\/93713c30affe0aa95d3a4130e499bb1abee2eb31adbdd9ce2aa1543538490215?s=96&d=mm&r=g\",\"url\":\"https:\\\/\\\/secure.gravatar.com\\\/avatar\\\/93713c30affe0aa95d3a4130e499bb1abee2eb31adbdd9ce2aa1543538490215?s=96&d=mm&r=g\",\"contentUrl\":\"https:\\\/\\\/secure.gravatar.com\\\/avatar\\\/93713c30affe0aa95d3a4130e499bb1abee2eb31adbdd9ce2aa1543538490215?s=96&d=mm&r=g\",\"caption\":\"georg.blenk@krafthand-medien.de\"}}]}<\/script>\n<!-- \/ Yoast SEO plugin. -->","yoast_head_json":{"title":"Krone: Astrid Janke \u00fcbernimmt Gesch\u00e4ftsf\u00fchrung Konstruktion, Entwicklung","description":"Astrid Janke hat die Gesch\u00e4ftsf\u00fchrung im Bereich Konstruktion und Entwicklung in der Krone Nutzfahrzeug Gruppe \u00fcbernommen.","robots":{"index":"index","follow":"follow","max-snippet":"max-snippet:-1","max-image-preview":"max-image-preview:large","max-video-preview":"max-video-preview:-1"},"canonical":"https:\/\/www.krafthand.de\/truck\/artikel\/krone-nutzfahrzeug-gruppe-astrid-janke-neu-in-der-geschaeftsfuehrung-33841\/","og_locale":"de_DE","og_type":"article","og_title":"Krone: Astrid Janke \u00fcbernimmt Gesch\u00e4ftsf\u00fchrung Konstruktion, Entwicklung","og_description":"Astrid Janke hat die Gesch\u00e4ftsf\u00fchrung im Bereich Konstruktion und Entwicklung in der Krone Nutzfahrzeug Gruppe \u00fcbernommen.","og_url":"https:\/\/www.krafthand-truck.de\/artikel\/krone-nutzfahrzeug-gruppe-astrid-janke-neu-in-der-geschaeftsfuehrung-33841\/","og_site_name":"Krafthand-Truck","article_published_time":"2022-09-27T10:16:34+00:00","article_modified_time":"2022-09-27T10:22:35+00:00","og_image":[{"width":1200,"height":798,"url":"https:\/\/static.krafthand-truck.de\/uploads\/2022\/09\/KRONE_Astrid-Janke-1.jpg","type":"image\/jpeg"}],"author":"georg.blenk@krafthand-medien.de","twitter_card":"summary_large_image","twitter_misc":{"Verfasst von":"georg.blenk@krafthand-medien.de","Gesch\u00e4tzte Lesezeit":"2\u00a0Minuten"},"schema":{"@context":"https:\/\/schema.org","@graph":[{"@type":"Article","@id":"https:\/\/www.krafthand.de\/truck\/artikel\/krone-nutzfahrzeug-gruppe-astrid-janke-neu-in-der-geschaeftsfuehrung-33841\/#article","isPartOf":{"@id":"https:\/\/www.krafthand.de\/truck\/artikel\/krone-nutzfahrzeug-gruppe-astrid-janke-neu-in-der-geschaeftsfuehrung-33841\/"},"author":{"name":"georg.blenk@krafthand-medien.de","@id":"https:\/\/www.krafthand.de\/truck\/#\/schema\/person\/51fa80b1c57034c4bf63f9f988fc24ce"},"headline":"Krone Nutzfahrzeug Gruppe: Astrid Janke neu in der Gesch\u00e4ftsf\u00fchrung","datePublished":"2022-09-27T10:16:34+00:00","dateModified":"2022-09-27T10:22:35+00:00","mainEntityOfPage":{"@id":"https:\/\/www.krafthand.de\/truck\/artikel\/krone-nutzfahrzeug-gruppe-astrid-janke-neu-in-der-geschaeftsfuehrung-33841\/"},"wordCount":247,"image":{"@id":"https:\/\/www.krafthand.de\/truck\/artikel\/krone-nutzfahrzeug-gruppe-astrid-janke-neu-in-der-geschaeftsfuehrung-33841\/#primaryimage"},"thumbnailUrl":"https:\/\/static.krafthand-truck.de\/uploads\/2022\/09\/KRONE_Astrid-Janke-1.jpg","keywords":["Astrid Janke","Krone"],"articleSection":["K\u00f6pfe\/Personen"],"inLanguage":"de"},{"@type":"WebPage","@id":"https:\/\/www.krafthand.de\/truck\/artikel\/krone-nutzfahrzeug-gruppe-astrid-janke-neu-in-der-geschaeftsfuehrung-33841\/","url":"https:\/\/www.krafthand.de\/truck\/artikel\/krone-nutzfahrzeug-gruppe-astrid-janke-neu-in-der-geschaeftsfuehrung-33841\/","name":"Krone: Astrid Janke \u00fcbernimmt Gesch\u00e4ftsf\u00fchrung Konstruktion, Entwicklung","isPartOf":{"@id":"https:\/\/www.krafthand.de\/truck\/#website"},"primaryImageOfPage":{"@id":"https:\/\/www.krafthand.de\/truck\/artikel\/krone-nutzfahrzeug-gruppe-astrid-janke-neu-in-der-geschaeftsfuehrung-33841\/#primaryimage"},"image":{"@id":"https:\/\/www.krafthand.de\/truck\/artikel\/krone-nutzfahrzeug-gruppe-astrid-janke-neu-in-der-geschaeftsfuehrung-33841\/#primaryimage"},"thumbnailUrl":"https:\/\/static.krafthand-truck.de\/uploads\/2022\/09\/KRONE_Astrid-Janke-1.jpg","datePublished":"2022-09-27T10:16:34+00:00","dateModified":"2022-09-27T10:22:35+00:00","author":{"@id":"https:\/\/www.krafthand.de\/truck\/#\/schema\/person\/51fa80b1c57034c4bf63f9f988fc24ce"},"description":"Astrid Janke hat die Gesch\u00e4ftsf\u00fchrung im Bereich Konstruktion und Entwicklung in der Krone Nutzfahrzeug Gruppe \u00fcbernommen.","breadcrumb":{"@id":"https:\/\/www.krafthand.de\/truck\/artikel\/krone-nutzfahrzeug-gruppe-astrid-janke-neu-in-der-geschaeftsfuehrung-33841\/#breadcrumb"},"inLanguage":"de","potentialAction":[{"@type":"ReadAction","target":["https:\/\/www.krafthand.de\/truck\/artikel\/krone-nutzfahrzeug-gruppe-astrid-janke-neu-in-der-geschaeftsfuehrung-33841\/"]}]},{"@type":"ImageObject","inLanguage":"de","@id":"https:\/\/www.krafthand.de\/truck\/artikel\/krone-nutzfahrzeug-gruppe-astrid-janke-neu-in-der-geschaeftsfuehrung-33841\/#primaryimage","url":"https:\/\/static.krafthand-truck.de\/uploads\/2022\/09\/KRONE_Astrid-Janke-1.jpg","contentUrl":"https:\/\/static.krafthand-truck.de\/uploads\/2022\/09\/KRONE_Astrid-Janke-1.jpg","width":1200,"height":798},{"@type":"BreadcrumbList","@id":"https:\/\/www.krafthand.de\/truck\/artikel\/krone-nutzfahrzeug-gruppe-astrid-janke-neu-in-der-geschaeftsfuehrung-33841\/#breadcrumb","itemListElement":[{"@type":"ListItem","position":1,"name":"Krafthand-Truck","item":"https:\/\/www.krafthand.de\/truck\/"},{"@type":"ListItem","position":2,"name":"Nfz-Branche","item":"https:\/\/www.krafthand.de\/truck\/kategorie\/branche\/"},{"@type":"ListItem","position":3,"name":"K\u00f6pfe\/Personen","item":"https:\/\/www.krafthand.de\/truck\/kategorie\/branche\/koepfe\/"},{"@type":"ListItem","position":4,"name":"Krone Nutzfahrzeug Gruppe: Astrid Janke neu in der Gesch\u00e4ftsf\u00fchrung"}]},{"@type":"WebSite","@id":"https:\/\/www.krafthand.de\/truck\/#website","url":"https:\/\/www.krafthand.de\/truck\/","name":"Krafthand-Truck","description":"","potentialAction":[{"@type":"SearchAction","target":{"@type":"EntryPoint","urlTemplate":"https:\/\/www.krafthand.de\/truck\/?s={search_term_string}"},"query-input":{"@type":"PropertyValueSpecification","valueRequired":true,"valueName":"search_term_string"}}],"inLanguage":"de"},{"@type":"Person","@id":"https:\/\/www.krafthand.de\/truck\/#\/schema\/person\/51fa80b1c57034c4bf63f9f988fc24ce","name":"georg.blenk@krafthand-medien.de","image":{"@type":"ImageObject","inLanguage":"de","@id":"https:\/\/secure.gravatar.com\/avatar\/93713c30affe0aa95d3a4130e499bb1abee2eb31adbdd9ce2aa1543538490215?s=96&d=mm&r=g","url":"https:\/\/secure.gravatar.com\/avatar\/93713c30affe0aa95d3a4130e499bb1abee2eb31adbdd9ce2aa1543538490215?s=96&d=mm&r=g","contentUrl":"https:\/\/secure.gravatar.com\/avatar\/93713c30affe0aa95d3a4130e499bb1abee2eb31adbdd9ce2aa1543538490215?s=96&d=mm&r=g","caption":"georg.blenk@krafthand-medien.de"}}]}},"_links":{"self":[{"href":"https:\/\/www.krafthand.de\/truck\/wp-json\/wp\/v2\/posts\/33841","targetHints":{"allow":["GET"]}}],"collection":[{"href":"https:\/\/www.krafthand.de\/truck\/wp-json\/wp\/v2\/posts"}],"about":[{"href":"https:\/\/www.krafthand.de\/truck\/wp-json\/wp\/v2\/types\/post"}],"author":[{"embeddable":true,"href":"https:\/\/www.krafthand.de\/truck\/wp-json\/wp\/v2\/users\/9"}],"replies":[{"embeddable":true,"href":"https:\/\/www.krafthand.de\/truck\/wp-json\/wp\/v2\/comments?post=33841"}],"version-history":[{"count":2,"href":"https:\/\/www.krafthand.de\/truck\/wp-json\/wp\/v2\/posts\/33841\/revisions"}],"predecessor-version":[{"id":33844,"href":"https:\/\/www.krafthand.de\/truck\/wp-json\/wp\/v2\/posts\/33841\/revisions\/33844"}],"wp:featuredmedia":[{"embeddable":true,"href":"https:\/\/www.krafthand.de\/truck\/wp-json\/wp\/v2\/media\/33845"}],"wp:attachment":[{"href":"https:\/\/www.krafthand.de\/truck\/wp-json\/wp\/v2\/media?parent=33841"}],"wp:term":[{"taxonomy":"category","embeddable":true,"href":"https:\/\/www.krafthand.de\/truck\/wp-json\/wp\/v2\/categories?post=33841"},{"taxonomy":"post_tag","embeddable":true,"href":"https:\/\/www.krafthand.de\/truck\/wp-json\/wp\/v2\/tags?post=33841"},{"taxonomy":"settings","embeddable":true,"href":"https:\/\/www.krafthand.de\/truck\/wp-json\/wp\/v2\/settings?post=33841"}],"curies":[{"name":"wp","href":"https:\/\/api.w.org\/{rel}","templated":true}]}}