{"id":33829,"date":"2022-09-27T09:53:09","date_gmt":"2022-09-27T07:53:09","guid":{"rendered":"https:\/\/www.krafthand.de\/truck\/?p=33829"},"modified":"2022-09-27T10:34:34","modified_gmt":"2022-09-27T08:34:34","slug":"man-startet-initiative-fuer-besseres-image-von-fahrerinnen-und-fahrern","status":"publish","type":"post","link":"https:\/\/www.krafthand.de\/truck\/artikel\/man-startet-initiative-fuer-besseres-image-von-fahrerinnen-und-fahrern-33829\/","title":{"rendered":"MAN startet Initiative f\u00fcr besseres Image von Fahrerinnen und Fahrern"},"content":{"rendered":"<p>Ohne die Transport- und Logistikbranche w\u00fcrde Deutschland stillstehen. Jedoch hat die Branche vor allem mit dem sich weiter versch\u00e4rfenden Mangel an Berufskraftfahrerinnen und Berufskraftfahrern zu k\u00e4mpfen. Hier m\u00f6chte MAN Abhilfe schaffen und ruft darum die Initiative <a href=\"https:\/\/www.fahrenfuerdeutschland.de\" target=\"_blank\" rel=\"noopener\"><strong>\u201eFahren f\u00fcr Deutschland\u201c<\/strong><\/a> ins Leben, die durch den Fahrerclub Trucker\u2019s World, MAN Financial Services, den Bundesverband Wirtschaft, Verkehr und Logistik (BWVL) e.V. sowie von diversen Kundenunternehmen unterst\u00fctzt wird.<\/p>\n<p>Bereits jetzt fehlen in Deutschland rund 80.000 Berufskraftfahrerinnen und Berufskraftfahrer. Und diese Zahl wird sich in den n\u00e4chsten Jahren nochmals deutlich versch\u00e4rfen, denn gem\u00e4\u00df dem Weltdachverband der Stra\u00dfentransportwirtschaft (IRU) werden bis zum Jahr 2027 insgesamt ca. 185.000 Berufskraftfahrer bundesweit fehlen. Besonders dramatisch sieht es aus, wenn man den Anteil der Frauen betrachtet, die im G\u00fcterverkehr sozialversicherungspflichtig besch\u00e4ftigt sind: Gerade einmal 1,9 Prozent. Gr\u00fcnde f\u00fcr diese Entwicklungen gibt es sicherlich viele. Das leider oftmals vorherrschende schlechte Image des Berufsbildes ist einer davon.<\/p>\n<p>Genau hier m\u00f6chte MAN Truck &amp; Bus Deutschland gemeinsam mit dem <a href=\"https:\/\/truckers-world.eu\/de\/\" target=\"_blank\" rel=\"noopener\">Fahrerclub Trucker\u2019s World<\/a>, MAN Financial Services, dem Bundesverband Wirtschaft, Verkehr und Logistik (<a href=\"https:\/\/www.bwvl.de\" target=\"_blank\" rel=\"noopener\">BWVL<\/a>) e.V. sowie mit Partnerunternehmen aus der Transport- und Logistikbranche ansetzen und hat aus diesem Grund die Initiative \u201eFahren f\u00fcr Deutschland\u201c ins Leben gerufen. Ziel soll die nachhaltige Steigerung des Images des Berufsbildes der Berufskraftfahrenden sowie der Transport- und Logistikbranche sein. Gleichzeitig soll die breite \u00d6ffentlichkeit darauf aufmerksam gemacht werden, welchen wichtigen Beitrag Berufskraftfahrerinnen und Berufskraftfahrer tagt\u00e4glich leisten, um die Grund- und G\u00fcterversorgung des Landes sicherzustellen.<\/p>\n<blockquote><p>\u201eDie Pandemie hat schonungslos offengelegt, welche essentielle Aufgabe Lkw-Fahrerinnen und Lkw-Fahrer in unserer Gesellschaft \u00fcbernehmen. Gleichzeitig werden qualifizierte Berufskraftfahrerinnen und Berufskraftfahrer zunehmend zur absoluten Seltenheit. Wir als Nutzfahrzeughersteller m\u00f6chten darum mit unserer Initiative \u201aFahren f\u00fcr Deutschland\u2018 unseren Beitrag dazu leisten, dass dies auch in der Breite der Gesellschaft gesehen und vor allem wertgesch\u00e4tzt wird. Gleichzeitig sehen wir unsere Verantwortung darin, alles daf\u00fcr zu tun, um den Arbeitsalltag der Fahrerinnen und Fahrer nachhaltig zu verbessern.\u201c, sagt Christoph Huber, Vorsitzender der Gesch\u00e4ftsf\u00fchrung der MAN Truck &amp; Bus Deutschland GmbH.<\/p><\/blockquote>\n<p>Im ersten Schritt wird es laut MAN eine breit angelegte Initiative geben, die unter dem Motto <strong>\u201eWir bewegen Deutschland\u201c<\/strong> steht. Sie wurde erstmals zur IAA Transportation 2022 vorgestellt. Daf\u00fcr werden in Zusammenarbeit mit Kundenunternehmen, wie der Spedition Bode aus Reinfeld, der Kurt Kipping Spedition aus Hartha sowie Karl Heinrich Decker Transporte aus D\u00fcren und Weinmann Spedition &amp; Logistik aus Altenm\u00fcster, Gesamtz\u00fcge mit der entsprechenden Botschaft versehen, um so bundes- und europaweit in den Einsatz zu gehen. Begleitet wird das Ganze parallel durch diverse Kommunikationsma\u00dfnahmen, die auf das Thema breitfl\u00e4chig aufmerksam machen sollen. Weitere konkrete Ma\u00dfnahmen f\u00fcr ein besseres Fahrerimage sowie f\u00fcr eine Verbesserung des Arbeitsalltags sollen in der zweiten Jahresh\u00e4lfte des selben Jahres folgen.<\/p>\n<p>Interessenten, die die Initiative unterst\u00fctzen wollen, k\u00f6nnen sich ab sofort per Mail an: <a href=\"mailto:info@fahrenfuerdeutschland.de\" target=\"_blank\" rel=\"noopener\">info@fahrenfuerdeutschland.de<\/a> wenden.<\/p>\n\r\n\t\t\t\t<div class=\"post-author\">\r\n\t\t\t\t\t<div class=\"khm-cp-author clearfix\">\r\n\t\t\t\t\t\t<div class=\"khm-cp-author__content\">\r\n\t\t\t\t\t\t\t\tKontakt zum Autor:<br \/>\r\n\t\t\t\t\t\t\t\t<strong>Georg Blenk<\/strong>, 08247 \/ 3007-45 |  <a href=\"mailto:georg.blenk@krafthand-medien.de\">georg.blenk@krafthand-medien.de<\/a>\r\n\t\t\t\t\t\t\t<div class=\"khm-cp-author__image\">\r\n\t\t\t\t\t\t<img src=\"https:\/\/static.krafthand-truck.de\/uploads\/2021\/01\/Blenk_6104-250x300-1-removebg-preview.png\" class=\"img-responsive\">\r\n\t\t\t\t\t<\/div>\r\n\t\t\t\t\t\t<\/div>\r\n\t\t\t\t\t<\/div>\r\n\t\t\t\t<\/div>\r\n\t\t\t\t","protected":false},"excerpt":{"rendered":"<p>Die Transportbranche k\u00e4mpft mit einem sich stetig versch\u00e4rfenden Mangel an Berufskraftfahrerinnen und Berufskraftfahrern. Hier m\u00f6chte MAN Abhilfe schaffen und hat deshalb die Initiative \u201eFahren f\u00fcr Deutschland\u201c ins Leben gerufen. <span class=\"excerpt-more__dots\">&#8230;<\/span> <a class=\"excerpt-more__link\" href=\"https:\/\/www.krafthand.de\/truck\/artikel\/man-startet-initiative-fuer-besseres-image-von-fahrerinnen-und-fahrern-33829\/\" >weiter<\/a><\/p>\n","protected":false},"author":9,"featured_media":33834,"comment_status":"closed","ping_status":"closed","sticky":false,"template":"","format":"standard","meta":{"footnotes":""},"categories":[4235,4245],"tags":[2301,5363,152],"settings":[3524,4766,3523],"class_list":["post-33829","post","type-post","status-publish","format-standard","has-post-thumbnail","hentry","category-unternehmen","category-verbaende","tag-berufskraftfahrer","tag-fahren-fuer-deutschland","tag-man"],"yoast_head":"<!-- This site is optimized with the Yoast SEO plugin v27.3 - https:\/\/yoast.com\/product\/yoast-seo-wordpress\/ -->\n<title>MAN gr\u00fcndet Initiative &#039;Fahren f\u00fcr Deutschland&#039; I Krafthand-Truck<\/title>\n<meta name=\"description\" content=\"MAN hat die Initiative &#039;Fahren f\u00fcr Deutschland&#039; ins Leben gerufen um das Image von Berufskraftfahrer(innen) zu verbessern.\" \/>\n<meta name=\"robots\" content=\"index, follow, max-snippet:-1, max-image-preview:large, max-video-preview:-1\" \/>\n<link rel=\"canonical\" href=\"https:\/\/www.krafthand.de\/truck\/artikel\/man-startet-initiative-fuer-besseres-image-von-fahrerinnen-und-fahrern-33829\/\" \/>\n<meta property=\"og:locale\" content=\"de_DE\" \/>\n<meta property=\"og:type\" content=\"article\" \/>\n<meta property=\"og:title\" content=\"MAN gr\u00fcndet Initiative &#039;Fahren f\u00fcr Deutschland&#039; I Krafthand-Truck\" \/>\n<meta property=\"og:description\" content=\"MAN hat die Initiative &#039;Fahren f\u00fcr Deutschland&#039; ins Leben gerufen um das Image von Berufskraftfahrer(innen) zu verbessern.\" \/>\n<meta property=\"og:url\" content=\"https:\/\/www.krafthand-truck.de\/artikel\/man-startet-initiative-fuer-besseres-image-von-fahrerinnen-und-fahrern-33829\/\" \/>\n<meta property=\"og:site_name\" content=\"Krafthand-Truck\" \/>\n<meta property=\"article:published_time\" content=\"2022-09-27T07:53:09+00:00\" \/>\n<meta property=\"article:modified_time\" content=\"2022-09-27T08:34:34+00:00\" \/>\n<meta property=\"og:image\" content=\"https:\/\/static.krafthand-truck.de\/uploads\/2022\/09\/man_fahren_fuer_deutschland_trucker3.jpg\" \/>\n\t<meta property=\"og:image:width\" content=\"1200\" \/>\n\t<meta property=\"og:image:height\" content=\"754\" \/>\n\t<meta property=\"og:image:type\" content=\"image\/jpeg\" \/>\n<meta name=\"author\" content=\"georg.blenk@krafthand-medien.de\" \/>\n<meta name=\"twitter:card\" content=\"summary_large_image\" \/>\n<meta name=\"twitter:label1\" content=\"Verfasst von\" \/>\n\t<meta name=\"twitter:data1\" content=\"georg.blenk@krafthand-medien.de\" \/>\n\t<meta name=\"twitter:label2\" content=\"Gesch\u00e4tzte Lesezeit\" \/>\n\t<meta name=\"twitter:data2\" content=\"3\u00a0Minuten\" \/>\n<script type=\"application\/ld+json\" class=\"yoast-schema-graph\">{\"@context\":\"https:\\\/\\\/schema.org\",\"@graph\":[{\"@type\":\"Article\",\"@id\":\"https:\\\/\\\/www.krafthand.de\\\/truck\\\/artikel\\\/man-startet-initiative-fuer-besseres-image-von-fahrerinnen-und-fahrern-33829\\\/#article\",\"isPartOf\":{\"@id\":\"https:\\\/\\\/www.krafthand.de\\\/truck\\\/artikel\\\/man-startet-initiative-fuer-besseres-image-von-fahrerinnen-und-fahrern-33829\\\/\"},\"author\":{\"name\":\"georg.blenk@krafthand-medien.de\",\"@id\":\"https:\\\/\\\/www.krafthand.de\\\/truck\\\/#\\\/schema\\\/person\\\/51fa80b1c57034c4bf63f9f988fc24ce\"},\"headline\":\"MAN startet Initiative f\u00fcr besseres Image von Fahrerinnen und Fahrern\",\"datePublished\":\"2022-09-27T07:53:09+00:00\",\"dateModified\":\"2022-09-27T08:34:34+00:00\",\"mainEntityOfPage\":{\"@id\":\"https:\\\/\\\/www.krafthand.de\\\/truck\\\/artikel\\\/man-startet-initiative-fuer-besseres-image-von-fahrerinnen-und-fahrern-33829\\\/\"},\"wordCount\":497,\"image\":{\"@id\":\"https:\\\/\\\/www.krafthand.de\\\/truck\\\/artikel\\\/man-startet-initiative-fuer-besseres-image-von-fahrerinnen-und-fahrern-33829\\\/#primaryimage\"},\"thumbnailUrl\":\"https:\\\/\\\/static.krafthand-truck.de\\\/uploads\\\/2022\\\/09\\\/man_fahren_fuer_deutschland_trucker3.jpg\",\"keywords\":[\"Berufskraftfahrer\",\"Fahren f\u00fcr Deutschland\",\"MAN\"],\"articleSection\":[\"Unternehmen\",\"Verb\u00e4nde\\\/Politik\\\/Recht\"],\"inLanguage\":\"de\"},{\"@type\":\"WebPage\",\"@id\":\"https:\\\/\\\/www.krafthand.de\\\/truck\\\/artikel\\\/man-startet-initiative-fuer-besseres-image-von-fahrerinnen-und-fahrern-33829\\\/\",\"url\":\"https:\\\/\\\/www.krafthand.de\\\/truck\\\/artikel\\\/man-startet-initiative-fuer-besseres-image-von-fahrerinnen-und-fahrern-33829\\\/\",\"name\":\"MAN gr\u00fcndet Initiative 'Fahren f\u00fcr Deutschland' I Krafthand-Truck\",\"isPartOf\":{\"@id\":\"https:\\\/\\\/www.krafthand.de\\\/truck\\\/#website\"},\"primaryImageOfPage\":{\"@id\":\"https:\\\/\\\/www.krafthand.de\\\/truck\\\/artikel\\\/man-startet-initiative-fuer-besseres-image-von-fahrerinnen-und-fahrern-33829\\\/#primaryimage\"},\"image\":{\"@id\":\"https:\\\/\\\/www.krafthand.de\\\/truck\\\/artikel\\\/man-startet-initiative-fuer-besseres-image-von-fahrerinnen-und-fahrern-33829\\\/#primaryimage\"},\"thumbnailUrl\":\"https:\\\/\\\/static.krafthand-truck.de\\\/uploads\\\/2022\\\/09\\\/man_fahren_fuer_deutschland_trucker3.jpg\",\"datePublished\":\"2022-09-27T07:53:09+00:00\",\"dateModified\":\"2022-09-27T08:34:34+00:00\",\"author\":{\"@id\":\"https:\\\/\\\/www.krafthand.de\\\/truck\\\/#\\\/schema\\\/person\\\/51fa80b1c57034c4bf63f9f988fc24ce\"},\"description\":\"MAN hat die Initiative 'Fahren f\u00fcr Deutschland' ins Leben gerufen um das Image von Berufskraftfahrer(innen) zu verbessern.\",\"breadcrumb\":{\"@id\":\"https:\\\/\\\/www.krafthand.de\\\/truck\\\/artikel\\\/man-startet-initiative-fuer-besseres-image-von-fahrerinnen-und-fahrern-33829\\\/#breadcrumb\"},\"inLanguage\":\"de\",\"potentialAction\":[{\"@type\":\"ReadAction\",\"target\":[\"https:\\\/\\\/www.krafthand.de\\\/truck\\\/artikel\\\/man-startet-initiative-fuer-besseres-image-von-fahrerinnen-und-fahrern-33829\\\/\"]}]},{\"@type\":\"ImageObject\",\"inLanguage\":\"de\",\"@id\":\"https:\\\/\\\/www.krafthand.de\\\/truck\\\/artikel\\\/man-startet-initiative-fuer-besseres-image-von-fahrerinnen-und-fahrern-33829\\\/#primaryimage\",\"url\":\"https:\\\/\\\/static.krafthand-truck.de\\\/uploads\\\/2022\\\/09\\\/man_fahren_fuer_deutschland_trucker3.jpg\",\"contentUrl\":\"https:\\\/\\\/static.krafthand-truck.de\\\/uploads\\\/2022\\\/09\\\/man_fahren_fuer_deutschland_trucker3.jpg\",\"width\":1200,\"height\":754},{\"@type\":\"BreadcrumbList\",\"@id\":\"https:\\\/\\\/www.krafthand.de\\\/truck\\\/artikel\\\/man-startet-initiative-fuer-besseres-image-von-fahrerinnen-und-fahrern-33829\\\/#breadcrumb\",\"itemListElement\":[{\"@type\":\"ListItem\",\"position\":1,\"name\":\"Krafthand-Truck\",\"item\":\"https:\\\/\\\/www.krafthand.de\\\/truck\\\/\"},{\"@type\":\"ListItem\",\"position\":2,\"name\":\"Nfz-Branche\",\"item\":\"https:\\\/\\\/www.krafthand.de\\\/truck\\\/kategorie\\\/branche\\\/\"},{\"@type\":\"ListItem\",\"position\":3,\"name\":\"Verb\u00e4nde\\\/Politik\\\/Recht\",\"item\":\"https:\\\/\\\/www.krafthand.de\\\/truck\\\/kategorie\\\/branche\\\/verbaende\\\/\"},{\"@type\":\"ListItem\",\"position\":4,\"name\":\"MAN startet Initiative f\u00fcr besseres Image von Fahrerinnen und Fahrern\"}]},{\"@type\":\"WebSite\",\"@id\":\"https:\\\/\\\/www.krafthand.de\\\/truck\\\/#website\",\"url\":\"https:\\\/\\\/www.krafthand.de\\\/truck\\\/\",\"name\":\"Krafthand-Truck\",\"description\":\"\",\"potentialAction\":[{\"@type\":\"SearchAction\",\"target\":{\"@type\":\"EntryPoint\",\"urlTemplate\":\"https:\\\/\\\/www.krafthand.de\\\/truck\\\/?s={search_term_string}\"},\"query-input\":{\"@type\":\"PropertyValueSpecification\",\"valueRequired\":true,\"valueName\":\"search_term_string\"}}],\"inLanguage\":\"de\"},{\"@type\":\"Person\",\"@id\":\"https:\\\/\\\/www.krafthand.de\\\/truck\\\/#\\\/schema\\\/person\\\/51fa80b1c57034c4bf63f9f988fc24ce\",\"name\":\"georg.blenk@krafthand-medien.de\",\"image\":{\"@type\":\"ImageObject\",\"inLanguage\":\"de\",\"@id\":\"https:\\\/\\\/secure.gravatar.com\\\/avatar\\\/93713c30affe0aa95d3a4130e499bb1abee2eb31adbdd9ce2aa1543538490215?s=96&d=mm&r=g\",\"url\":\"https:\\\/\\\/secure.gravatar.com\\\/avatar\\\/93713c30affe0aa95d3a4130e499bb1abee2eb31adbdd9ce2aa1543538490215?s=96&d=mm&r=g\",\"contentUrl\":\"https:\\\/\\\/secure.gravatar.com\\\/avatar\\\/93713c30affe0aa95d3a4130e499bb1abee2eb31adbdd9ce2aa1543538490215?s=96&d=mm&r=g\",\"caption\":\"georg.blenk@krafthand-medien.de\"}}]}<\/script>\n<!-- \/ Yoast SEO plugin. -->","yoast_head_json":{"title":"MAN gr\u00fcndet Initiative 'Fahren f\u00fcr Deutschland' I Krafthand-Truck","description":"MAN hat die Initiative 'Fahren f\u00fcr Deutschland' ins Leben gerufen um das Image von Berufskraftfahrer(innen) zu verbessern.","robots":{"index":"index","follow":"follow","max-snippet":"max-snippet:-1","max-image-preview":"max-image-preview:large","max-video-preview":"max-video-preview:-1"},"canonical":"https:\/\/www.krafthand.de\/truck\/artikel\/man-startet-initiative-fuer-besseres-image-von-fahrerinnen-und-fahrern-33829\/","og_locale":"de_DE","og_type":"article","og_title":"MAN gr\u00fcndet Initiative 'Fahren f\u00fcr Deutschland' I Krafthand-Truck","og_description":"MAN hat die Initiative 'Fahren f\u00fcr Deutschland' ins Leben gerufen um das Image von Berufskraftfahrer(innen) zu verbessern.","og_url":"https:\/\/www.krafthand-truck.de\/artikel\/man-startet-initiative-fuer-besseres-image-von-fahrerinnen-und-fahrern-33829\/","og_site_name":"Krafthand-Truck","article_published_time":"2022-09-27T07:53:09+00:00","article_modified_time":"2022-09-27T08:34:34+00:00","og_image":[{"width":1200,"height":754,"url":"https:\/\/static.krafthand-truck.de\/uploads\/2022\/09\/man_fahren_fuer_deutschland_trucker3.jpg","type":"image\/jpeg"}],"author":"georg.blenk@krafthand-medien.de","twitter_card":"summary_large_image","twitter_misc":{"Verfasst von":"georg.blenk@krafthand-medien.de","Gesch\u00e4tzte Lesezeit":"3\u00a0Minuten"},"schema":{"@context":"https:\/\/schema.org","@graph":[{"@type":"Article","@id":"https:\/\/www.krafthand.de\/truck\/artikel\/man-startet-initiative-fuer-besseres-image-von-fahrerinnen-und-fahrern-33829\/#article","isPartOf":{"@id":"https:\/\/www.krafthand.de\/truck\/artikel\/man-startet-initiative-fuer-besseres-image-von-fahrerinnen-und-fahrern-33829\/"},"author":{"name":"georg.blenk@krafthand-medien.de","@id":"https:\/\/www.krafthand.de\/truck\/#\/schema\/person\/51fa80b1c57034c4bf63f9f988fc24ce"},"headline":"MAN startet Initiative f\u00fcr besseres Image von Fahrerinnen und Fahrern","datePublished":"2022-09-27T07:53:09+00:00","dateModified":"2022-09-27T08:34:34+00:00","mainEntityOfPage":{"@id":"https:\/\/www.krafthand.de\/truck\/artikel\/man-startet-initiative-fuer-besseres-image-von-fahrerinnen-und-fahrern-33829\/"},"wordCount":497,"image":{"@id":"https:\/\/www.krafthand.de\/truck\/artikel\/man-startet-initiative-fuer-besseres-image-von-fahrerinnen-und-fahrern-33829\/#primaryimage"},"thumbnailUrl":"https:\/\/static.krafthand-truck.de\/uploads\/2022\/09\/man_fahren_fuer_deutschland_trucker3.jpg","keywords":["Berufskraftfahrer","Fahren f\u00fcr Deutschland","MAN"],"articleSection":["Unternehmen","Verb\u00e4nde\/Politik\/Recht"],"inLanguage":"de"},{"@type":"WebPage","@id":"https:\/\/www.krafthand.de\/truck\/artikel\/man-startet-initiative-fuer-besseres-image-von-fahrerinnen-und-fahrern-33829\/","url":"https:\/\/www.krafthand.de\/truck\/artikel\/man-startet-initiative-fuer-besseres-image-von-fahrerinnen-und-fahrern-33829\/","name":"MAN gr\u00fcndet Initiative 'Fahren f\u00fcr Deutschland' I Krafthand-Truck","isPartOf":{"@id":"https:\/\/www.krafthand.de\/truck\/#website"},"primaryImageOfPage":{"@id":"https:\/\/www.krafthand.de\/truck\/artikel\/man-startet-initiative-fuer-besseres-image-von-fahrerinnen-und-fahrern-33829\/#primaryimage"},"image":{"@id":"https:\/\/www.krafthand.de\/truck\/artikel\/man-startet-initiative-fuer-besseres-image-von-fahrerinnen-und-fahrern-33829\/#primaryimage"},"thumbnailUrl":"https:\/\/static.krafthand-truck.de\/uploads\/2022\/09\/man_fahren_fuer_deutschland_trucker3.jpg","datePublished":"2022-09-27T07:53:09+00:00","dateModified":"2022-09-27T08:34:34+00:00","author":{"@id":"https:\/\/www.krafthand.de\/truck\/#\/schema\/person\/51fa80b1c57034c4bf63f9f988fc24ce"},"description":"MAN hat die Initiative 'Fahren f\u00fcr Deutschland' ins Leben gerufen um das Image von Berufskraftfahrer(innen) zu verbessern.","breadcrumb":{"@id":"https:\/\/www.krafthand.de\/truck\/artikel\/man-startet-initiative-fuer-besseres-image-von-fahrerinnen-und-fahrern-33829\/#breadcrumb"},"inLanguage":"de","potentialAction":[{"@type":"ReadAction","target":["https:\/\/www.krafthand.de\/truck\/artikel\/man-startet-initiative-fuer-besseres-image-von-fahrerinnen-und-fahrern-33829\/"]}]},{"@type":"ImageObject","inLanguage":"de","@id":"https:\/\/www.krafthand.de\/truck\/artikel\/man-startet-initiative-fuer-besseres-image-von-fahrerinnen-und-fahrern-33829\/#primaryimage","url":"https:\/\/static.krafthand-truck.de\/uploads\/2022\/09\/man_fahren_fuer_deutschland_trucker3.jpg","contentUrl":"https:\/\/static.krafthand-truck.de\/uploads\/2022\/09\/man_fahren_fuer_deutschland_trucker3.jpg","width":1200,"height":754},{"@type":"BreadcrumbList","@id":"https:\/\/www.krafthand.de\/truck\/artikel\/man-startet-initiative-fuer-besseres-image-von-fahrerinnen-und-fahrern-33829\/#breadcrumb","itemListElement":[{"@type":"ListItem","position":1,"name":"Krafthand-Truck","item":"https:\/\/www.krafthand.de\/truck\/"},{"@type":"ListItem","position":2,"name":"Nfz-Branche","item":"https:\/\/www.krafthand.de\/truck\/kategorie\/branche\/"},{"@type":"ListItem","position":3,"name":"Verb\u00e4nde\/Politik\/Recht","item":"https:\/\/www.krafthand.de\/truck\/kategorie\/branche\/verbaende\/"},{"@type":"ListItem","position":4,"name":"MAN startet Initiative f\u00fcr besseres Image von Fahrerinnen und Fahrern"}]},{"@type":"WebSite","@id":"https:\/\/www.krafthand.de\/truck\/#website","url":"https:\/\/www.krafthand.de\/truck\/","name":"Krafthand-Truck","description":"","potentialAction":[{"@type":"SearchAction","target":{"@type":"EntryPoint","urlTemplate":"https:\/\/www.krafthand.de\/truck\/?s={search_term_string}"},"query-input":{"@type":"PropertyValueSpecification","valueRequired":true,"valueName":"search_term_string"}}],"inLanguage":"de"},{"@type":"Person","@id":"https:\/\/www.krafthand.de\/truck\/#\/schema\/person\/51fa80b1c57034c4bf63f9f988fc24ce","name":"georg.blenk@krafthand-medien.de","image":{"@type":"ImageObject","inLanguage":"de","@id":"https:\/\/secure.gravatar.com\/avatar\/93713c30affe0aa95d3a4130e499bb1abee2eb31adbdd9ce2aa1543538490215?s=96&d=mm&r=g","url":"https:\/\/secure.gravatar.com\/avatar\/93713c30affe0aa95d3a4130e499bb1abee2eb31adbdd9ce2aa1543538490215?s=96&d=mm&r=g","contentUrl":"https:\/\/secure.gravatar.com\/avatar\/93713c30affe0aa95d3a4130e499bb1abee2eb31adbdd9ce2aa1543538490215?s=96&d=mm&r=g","caption":"georg.blenk@krafthand-medien.de"}}]}},"_links":{"self":[{"href":"https:\/\/www.krafthand.de\/truck\/wp-json\/wp\/v2\/posts\/33829","targetHints":{"allow":["GET"]}}],"collection":[{"href":"https:\/\/www.krafthand.de\/truck\/wp-json\/wp\/v2\/posts"}],"about":[{"href":"https:\/\/www.krafthand.de\/truck\/wp-json\/wp\/v2\/types\/post"}],"author":[{"embeddable":true,"href":"https:\/\/www.krafthand.de\/truck\/wp-json\/wp\/v2\/users\/9"}],"replies":[{"embeddable":true,"href":"https:\/\/www.krafthand.de\/truck\/wp-json\/wp\/v2\/comments?post=33829"}],"version-history":[{"count":6,"href":"https:\/\/www.krafthand.de\/truck\/wp-json\/wp\/v2\/posts\/33829\/revisions"}],"predecessor-version":[{"id":33840,"href":"https:\/\/www.krafthand.de\/truck\/wp-json\/wp\/v2\/posts\/33829\/revisions\/33840"}],"wp:featuredmedia":[{"embeddable":true,"href":"https:\/\/www.krafthand.de\/truck\/wp-json\/wp\/v2\/media\/33834"}],"wp:attachment":[{"href":"https:\/\/www.krafthand.de\/truck\/wp-json\/wp\/v2\/media?parent=33829"}],"wp:term":[{"taxonomy":"category","embeddable":true,"href":"https:\/\/www.krafthand.de\/truck\/wp-json\/wp\/v2\/categories?post=33829"},{"taxonomy":"post_tag","embeddable":true,"href":"https:\/\/www.krafthand.de\/truck\/wp-json\/wp\/v2\/tags?post=33829"},{"taxonomy":"settings","embeddable":true,"href":"https:\/\/www.krafthand.de\/truck\/wp-json\/wp\/v2\/settings?post=33829"}],"curies":[{"name":"wp","href":"https:\/\/api.w.org\/{rel}","templated":true}]}}