{"id":33784,"date":"2022-09-26T11:29:30","date_gmt":"2022-09-26T09:29:30","guid":{"rendered":"https:\/\/www.krafthand.de\/truck\/?p=33784"},"modified":"2022-09-26T11:32:02","modified_gmt":"2022-09-26T09:32:02","slug":"premiere-fuer-die-eachse-von-saietta","status":"publish","type":"post","link":"https:\/\/www.krafthand.de\/truck\/artikel\/premiere-fuer-die-eachse-von-saietta-33784\/","title":{"rendered":"Premiere f\u00fcr die eAchse von Saietta"},"content":{"rendered":"<p>Auf der IAA Transportation zeigte das britische Start-Up <a href=\"https:\/\/www.saietta.com\" target=\"_blank\" rel=\"noopener\">Saietta<\/a> mehrere E-Antriebsl\u00f6sungen f\u00fcr Nutzfahrzeuge. Darunter feierte ein neues Zentralmotor-Konzept seine Weltpremiere. Das Paket der e-Achse f\u00fcr schwere Nutzfahrzeuge aus Motor, Leistungselektronik und Getriebe ist laut Saietta eine optimale Komplettl\u00f6sung f\u00fcr Lkw-Hersteller, die auf Null-Emissionen umstellen m\u00f6chten.<\/p>\n<p>Das neue eAxle-Konzept wurde f\u00fcr Hersteller von Schwerlastfahrzeugen entwickelt, die eine modulare L\u00f6sung f\u00fcr den Antriebsstrang suchen. Die eAchse soll dabei OEMs bei ihrer Aufgabe unterst\u00fctzen, Produkte der n\u00e4chsten Generation in Mobilit\u00e4ts- und Transportl\u00f6sungen zu verwandeln, die nachhaltig, sauber und emissionsfrei sind. Die eAchse verf\u00fcgt \u00fcber zwei Elektromotoren &#8211; mit zus\u00e4tzlichem Getriebe &#8211; die in der Mitte der Achse angeordnet sind. Beide Motoren sind mit einer Radnabe verbunden. Durch das Design kann eine die hohe Drehmomentverteilung der Achse beibehalten werden, w\u00e4hrend sie gleichzeitig die gleiche Grundfl\u00e4che wie eine herk\u00f6mmliche, von einem Dieselmotor angetriebene Achse aufweist. Das eAxle-Konzept von Saietta beherbergt den gesamten Antriebsstrang im hinteren Teil der Achse, so dass Erstausr\u00fcster die M\u00f6glichkeit haben, den neu gewonnenen Raum nach ihren individuellen Bed\u00fcrfnissen zu nutzen, zum Beispiel f\u00fcr den Einbau zus\u00e4tzlicher Batterien und Batteriezellen, eines Systems zur Reichweitenverl\u00e4ngerung oder zur Optimierung der Ladekapazit\u00e4t.<\/p>\n<p>Ebenfalls erstmals auf der <a href=\"https:\/\/iaa-transportation.com\/de\" target=\"_blank\" rel=\"noopener\">IAA Transportation<\/a> vorgestellt wurde eine vollintegrierte eDrive-L\u00f6sung f\u00fcr leichte Nutzfahrzeuge bis zu zwei Tonnen. Sie integriert in einer kompakten Einheit den bew\u00e4hrten Axialflussmotor (AFT) von Saietta, eine selbst entwickelte Leistungselektronik, ein modulares Getriebe und eine ma\u00dfgeschneiderte Achsarchitektur. F\u00fcr die Hersteller von Schwerlastfahrzeugen hat Saietta zus\u00e4tzlich ein neues Hightech-AFT-Radmotor-Konzept und ein neues eAchsen-Konzept entwickelt das der e-Drive Spezialist ebenfalls zum ersten Male zeigte.<\/p>\n","protected":false},"excerpt":{"rendered":"<p>Auf der IAA Transportation zeigte das britische Start-Up Saietta mehrere E-Antriebsl\u00f6sungen f\u00fcr Nutzfahrzeuge. Darunter feierte ein neues Zentralmotor-Konzept seine Weltpremiere. Das Paket der e-Achse f\u00fcr schwere Nutzfahrzeuge aus Motor, Leistungselektronik und Getriebe ist laut Saietta eine optimale Komplettl\u00f6sung f\u00fcr Lkw-Hersteller, die auf Null-Emissionen umstellen m\u00f6chten. <span class=\"excerpt-more__dots\">&#8230;<\/span> <a class=\"excerpt-more__link\" href=\"https:\/\/www.krafthand.de\/truck\/artikel\/premiere-fuer-die-eachse-von-saietta-33784\/\" >weiter<\/a><\/p>\n","protected":false},"author":9,"featured_media":33791,"comment_status":"closed","ping_status":"closed","sticky":false,"template":"","format":"standard","meta":{"footnotes":""},"categories":[4224],"tags":[4501,5360],"settings":[3523],"class_list":["post-33784","post","type-post","status-publish","format-standard","has-post-thumbnail","hentry","category-e-antrieb","tag-eachse","tag-saietta"],"yoast_head":"<!-- This site is optimized with the Yoast SEO plugin v27.3 - https:\/\/yoast.com\/product\/yoast-seo-wordpress\/ -->\n<title>eAchsen-Konzept von Saietta f\u00fcr schwere Lkw I Krafthand-Truck<\/title>\n<meta name=\"description\" content=\"Auf der IAA Transportation zeigte Saietta mehrere E-Antriebsl\u00f6sungen f\u00fcr Nutzfahrzeuge. Darunter ein neues Zentralmotor-Konzept.\" \/>\n<meta name=\"robots\" content=\"index, follow, max-snippet:-1, max-image-preview:large, max-video-preview:-1\" \/>\n<link rel=\"canonical\" href=\"https:\/\/www.krafthand.de\/truck\/artikel\/premiere-fuer-die-eachse-von-saietta-33784\/\" \/>\n<meta property=\"og:locale\" content=\"de_DE\" \/>\n<meta property=\"og:type\" content=\"article\" \/>\n<meta property=\"og:title\" content=\"eAchsen-Konzept von Saietta f\u00fcr schwere Lkw I Krafthand-Truck\" \/>\n<meta property=\"og:description\" content=\"Auf der IAA Transportation zeigte Saietta mehrere E-Antriebsl\u00f6sungen f\u00fcr Nutzfahrzeuge. Darunter ein neues Zentralmotor-Konzept.\" \/>\n<meta property=\"og:url\" content=\"https:\/\/www.krafthand-truck.de\/artikel\/premiere-fuer-die-eachse-von-saietta-33784\/\" \/>\n<meta property=\"og:site_name\" content=\"Krafthand-Truck\" \/>\n<meta property=\"article:published_time\" content=\"2022-09-26T09:29:30+00:00\" \/>\n<meta property=\"article:modified_time\" content=\"2022-09-26T09:32:02+00:00\" \/>\n<meta property=\"og:image\" content=\"https:\/\/static.krafthand-truck.de\/uploads\/2022\/09\/Saietta_Heavy-Duty-eAxle.jpg\" \/>\n\t<meta property=\"og:image:width\" content=\"1200\" \/>\n\t<meta property=\"og:image:height\" content=\"800\" \/>\n\t<meta property=\"og:image:type\" content=\"image\/jpeg\" \/>\n<meta name=\"author\" content=\"georg.blenk@krafthand-medien.de\" \/>\n<meta name=\"twitter:card\" content=\"summary_large_image\" \/>\n<meta name=\"twitter:label1\" content=\"Verfasst von\" \/>\n\t<meta name=\"twitter:data1\" content=\"georg.blenk@krafthand-medien.de\" \/>\n\t<meta name=\"twitter:label2\" content=\"Gesch\u00e4tzte Lesezeit\" \/>\n\t<meta name=\"twitter:data2\" content=\"2\u00a0Minuten\" \/>\n<script type=\"application\/ld+json\" class=\"yoast-schema-graph\">{\"@context\":\"https:\\\/\\\/schema.org\",\"@graph\":[{\"@type\":\"Article\",\"@id\":\"https:\\\/\\\/www.krafthand.de\\\/truck\\\/artikel\\\/premiere-fuer-die-eachse-von-saietta-33784\\\/#article\",\"isPartOf\":{\"@id\":\"https:\\\/\\\/www.krafthand.de\\\/truck\\\/artikel\\\/premiere-fuer-die-eachse-von-saietta-33784\\\/\"},\"author\":{\"name\":\"georg.blenk@krafthand-medien.de\",\"@id\":\"https:\\\/\\\/www.krafthand.de\\\/truck\\\/#\\\/schema\\\/person\\\/51fa80b1c57034c4bf63f9f988fc24ce\"},\"headline\":\"Premiere f\u00fcr die eAchse von Saietta\",\"datePublished\":\"2022-09-26T09:29:30+00:00\",\"dateModified\":\"2022-09-26T09:32:02+00:00\",\"mainEntityOfPage\":{\"@id\":\"https:\\\/\\\/www.krafthand.de\\\/truck\\\/artikel\\\/premiere-fuer-die-eachse-von-saietta-33784\\\/\"},\"wordCount\":291,\"image\":{\"@id\":\"https:\\\/\\\/www.krafthand.de\\\/truck\\\/artikel\\\/premiere-fuer-die-eachse-von-saietta-33784\\\/#primaryimage\"},\"thumbnailUrl\":\"https:\\\/\\\/static.krafthand-truck.de\\\/uploads\\\/2022\\\/09\\\/Saietta_Heavy-Duty-eAxle.jpg\",\"keywords\":[\"eAchse\",\"Saietta\"],\"articleSection\":[\"E-Antrieb (BEV\\\/FCEV)\"],\"inLanguage\":\"de\"},{\"@type\":\"WebPage\",\"@id\":\"https:\\\/\\\/www.krafthand.de\\\/truck\\\/artikel\\\/premiere-fuer-die-eachse-von-saietta-33784\\\/\",\"url\":\"https:\\\/\\\/www.krafthand.de\\\/truck\\\/artikel\\\/premiere-fuer-die-eachse-von-saietta-33784\\\/\",\"name\":\"eAchsen-Konzept von Saietta f\u00fcr schwere Lkw I Krafthand-Truck\",\"isPartOf\":{\"@id\":\"https:\\\/\\\/www.krafthand.de\\\/truck\\\/#website\"},\"primaryImageOfPage\":{\"@id\":\"https:\\\/\\\/www.krafthand.de\\\/truck\\\/artikel\\\/premiere-fuer-die-eachse-von-saietta-33784\\\/#primaryimage\"},\"image\":{\"@id\":\"https:\\\/\\\/www.krafthand.de\\\/truck\\\/artikel\\\/premiere-fuer-die-eachse-von-saietta-33784\\\/#primaryimage\"},\"thumbnailUrl\":\"https:\\\/\\\/static.krafthand-truck.de\\\/uploads\\\/2022\\\/09\\\/Saietta_Heavy-Duty-eAxle.jpg\",\"datePublished\":\"2022-09-26T09:29:30+00:00\",\"dateModified\":\"2022-09-26T09:32:02+00:00\",\"author\":{\"@id\":\"https:\\\/\\\/www.krafthand.de\\\/truck\\\/#\\\/schema\\\/person\\\/51fa80b1c57034c4bf63f9f988fc24ce\"},\"description\":\"Auf der IAA Transportation zeigte Saietta mehrere E-Antriebsl\u00f6sungen f\u00fcr Nutzfahrzeuge. Darunter ein neues Zentralmotor-Konzept.\",\"breadcrumb\":{\"@id\":\"https:\\\/\\\/www.krafthand.de\\\/truck\\\/artikel\\\/premiere-fuer-die-eachse-von-saietta-33784\\\/#breadcrumb\"},\"inLanguage\":\"de\",\"potentialAction\":[{\"@type\":\"ReadAction\",\"target\":[\"https:\\\/\\\/www.krafthand.de\\\/truck\\\/artikel\\\/premiere-fuer-die-eachse-von-saietta-33784\\\/\"]}]},{\"@type\":\"ImageObject\",\"inLanguage\":\"de\",\"@id\":\"https:\\\/\\\/www.krafthand.de\\\/truck\\\/artikel\\\/premiere-fuer-die-eachse-von-saietta-33784\\\/#primaryimage\",\"url\":\"https:\\\/\\\/static.krafthand-truck.de\\\/uploads\\\/2022\\\/09\\\/Saietta_Heavy-Duty-eAxle.jpg\",\"contentUrl\":\"https:\\\/\\\/static.krafthand-truck.de\\\/uploads\\\/2022\\\/09\\\/Saietta_Heavy-Duty-eAxle.jpg\",\"width\":1200,\"height\":800},{\"@type\":\"BreadcrumbList\",\"@id\":\"https:\\\/\\\/www.krafthand.de\\\/truck\\\/artikel\\\/premiere-fuer-die-eachse-von-saietta-33784\\\/#breadcrumb\",\"itemListElement\":[{\"@type\":\"ListItem\",\"position\":1,\"name\":\"Krafthand-Truck\",\"item\":\"https:\\\/\\\/www.krafthand.de\\\/truck\\\/\"},{\"@type\":\"ListItem\",\"position\":2,\"name\":\"Nfz-Technik\",\"item\":\"https:\\\/\\\/www.krafthand.de\\\/truck\\\/kategorie\\\/nfz-technik\\\/\"},{\"@type\":\"ListItem\",\"position\":3,\"name\":\"E-Antrieb (BEV\\\/FCEV)\",\"item\":\"https:\\\/\\\/www.krafthand.de\\\/truck\\\/kategorie\\\/nfz-technik\\\/e-antrieb\\\/\"},{\"@type\":\"ListItem\",\"position\":4,\"name\":\"Premiere f\u00fcr die eAchse von Saietta\"}]},{\"@type\":\"WebSite\",\"@id\":\"https:\\\/\\\/www.krafthand.de\\\/truck\\\/#website\",\"url\":\"https:\\\/\\\/www.krafthand.de\\\/truck\\\/\",\"name\":\"Krafthand-Truck\",\"description\":\"\",\"potentialAction\":[{\"@type\":\"SearchAction\",\"target\":{\"@type\":\"EntryPoint\",\"urlTemplate\":\"https:\\\/\\\/www.krafthand.de\\\/truck\\\/?s={search_term_string}\"},\"query-input\":{\"@type\":\"PropertyValueSpecification\",\"valueRequired\":true,\"valueName\":\"search_term_string\"}}],\"inLanguage\":\"de\"},{\"@type\":\"Person\",\"@id\":\"https:\\\/\\\/www.krafthand.de\\\/truck\\\/#\\\/schema\\\/person\\\/51fa80b1c57034c4bf63f9f988fc24ce\",\"name\":\"georg.blenk@krafthand-medien.de\",\"image\":{\"@type\":\"ImageObject\",\"inLanguage\":\"de\",\"@id\":\"https:\\\/\\\/secure.gravatar.com\\\/avatar\\\/93713c30affe0aa95d3a4130e499bb1abee2eb31adbdd9ce2aa1543538490215?s=96&d=mm&r=g\",\"url\":\"https:\\\/\\\/secure.gravatar.com\\\/avatar\\\/93713c30affe0aa95d3a4130e499bb1abee2eb31adbdd9ce2aa1543538490215?s=96&d=mm&r=g\",\"contentUrl\":\"https:\\\/\\\/secure.gravatar.com\\\/avatar\\\/93713c30affe0aa95d3a4130e499bb1abee2eb31adbdd9ce2aa1543538490215?s=96&d=mm&r=g\",\"caption\":\"georg.blenk@krafthand-medien.de\"}}]}<\/script>\n<!-- \/ Yoast SEO plugin. -->","yoast_head_json":{"title":"eAchsen-Konzept von Saietta f\u00fcr schwere Lkw I Krafthand-Truck","description":"Auf der IAA Transportation zeigte Saietta mehrere E-Antriebsl\u00f6sungen f\u00fcr Nutzfahrzeuge. Darunter ein neues Zentralmotor-Konzept.","robots":{"index":"index","follow":"follow","max-snippet":"max-snippet:-1","max-image-preview":"max-image-preview:large","max-video-preview":"max-video-preview:-1"},"canonical":"https:\/\/www.krafthand.de\/truck\/artikel\/premiere-fuer-die-eachse-von-saietta-33784\/","og_locale":"de_DE","og_type":"article","og_title":"eAchsen-Konzept von Saietta f\u00fcr schwere Lkw I Krafthand-Truck","og_description":"Auf der IAA Transportation zeigte Saietta mehrere E-Antriebsl\u00f6sungen f\u00fcr Nutzfahrzeuge. Darunter ein neues Zentralmotor-Konzept.","og_url":"https:\/\/www.krafthand-truck.de\/artikel\/premiere-fuer-die-eachse-von-saietta-33784\/","og_site_name":"Krafthand-Truck","article_published_time":"2022-09-26T09:29:30+00:00","article_modified_time":"2022-09-26T09:32:02+00:00","og_image":[{"width":1200,"height":800,"url":"https:\/\/static.krafthand-truck.de\/uploads\/2022\/09\/Saietta_Heavy-Duty-eAxle.jpg","type":"image\/jpeg"}],"author":"georg.blenk@krafthand-medien.de","twitter_card":"summary_large_image","twitter_misc":{"Verfasst von":"georg.blenk@krafthand-medien.de","Gesch\u00e4tzte Lesezeit":"2\u00a0Minuten"},"schema":{"@context":"https:\/\/schema.org","@graph":[{"@type":"Article","@id":"https:\/\/www.krafthand.de\/truck\/artikel\/premiere-fuer-die-eachse-von-saietta-33784\/#article","isPartOf":{"@id":"https:\/\/www.krafthand.de\/truck\/artikel\/premiere-fuer-die-eachse-von-saietta-33784\/"},"author":{"name":"georg.blenk@krafthand-medien.de","@id":"https:\/\/www.krafthand.de\/truck\/#\/schema\/person\/51fa80b1c57034c4bf63f9f988fc24ce"},"headline":"Premiere f\u00fcr die eAchse von Saietta","datePublished":"2022-09-26T09:29:30+00:00","dateModified":"2022-09-26T09:32:02+00:00","mainEntityOfPage":{"@id":"https:\/\/www.krafthand.de\/truck\/artikel\/premiere-fuer-die-eachse-von-saietta-33784\/"},"wordCount":291,"image":{"@id":"https:\/\/www.krafthand.de\/truck\/artikel\/premiere-fuer-die-eachse-von-saietta-33784\/#primaryimage"},"thumbnailUrl":"https:\/\/static.krafthand-truck.de\/uploads\/2022\/09\/Saietta_Heavy-Duty-eAxle.jpg","keywords":["eAchse","Saietta"],"articleSection":["E-Antrieb (BEV\/FCEV)"],"inLanguage":"de"},{"@type":"WebPage","@id":"https:\/\/www.krafthand.de\/truck\/artikel\/premiere-fuer-die-eachse-von-saietta-33784\/","url":"https:\/\/www.krafthand.de\/truck\/artikel\/premiere-fuer-die-eachse-von-saietta-33784\/","name":"eAchsen-Konzept von Saietta f\u00fcr schwere Lkw I Krafthand-Truck","isPartOf":{"@id":"https:\/\/www.krafthand.de\/truck\/#website"},"primaryImageOfPage":{"@id":"https:\/\/www.krafthand.de\/truck\/artikel\/premiere-fuer-die-eachse-von-saietta-33784\/#primaryimage"},"image":{"@id":"https:\/\/www.krafthand.de\/truck\/artikel\/premiere-fuer-die-eachse-von-saietta-33784\/#primaryimage"},"thumbnailUrl":"https:\/\/static.krafthand-truck.de\/uploads\/2022\/09\/Saietta_Heavy-Duty-eAxle.jpg","datePublished":"2022-09-26T09:29:30+00:00","dateModified":"2022-09-26T09:32:02+00:00","author":{"@id":"https:\/\/www.krafthand.de\/truck\/#\/schema\/person\/51fa80b1c57034c4bf63f9f988fc24ce"},"description":"Auf der IAA Transportation zeigte Saietta mehrere E-Antriebsl\u00f6sungen f\u00fcr Nutzfahrzeuge. Darunter ein neues Zentralmotor-Konzept.","breadcrumb":{"@id":"https:\/\/www.krafthand.de\/truck\/artikel\/premiere-fuer-die-eachse-von-saietta-33784\/#breadcrumb"},"inLanguage":"de","potentialAction":[{"@type":"ReadAction","target":["https:\/\/www.krafthand.de\/truck\/artikel\/premiere-fuer-die-eachse-von-saietta-33784\/"]}]},{"@type":"ImageObject","inLanguage":"de","@id":"https:\/\/www.krafthand.de\/truck\/artikel\/premiere-fuer-die-eachse-von-saietta-33784\/#primaryimage","url":"https:\/\/static.krafthand-truck.de\/uploads\/2022\/09\/Saietta_Heavy-Duty-eAxle.jpg","contentUrl":"https:\/\/static.krafthand-truck.de\/uploads\/2022\/09\/Saietta_Heavy-Duty-eAxle.jpg","width":1200,"height":800},{"@type":"BreadcrumbList","@id":"https:\/\/www.krafthand.de\/truck\/artikel\/premiere-fuer-die-eachse-von-saietta-33784\/#breadcrumb","itemListElement":[{"@type":"ListItem","position":1,"name":"Krafthand-Truck","item":"https:\/\/www.krafthand.de\/truck\/"},{"@type":"ListItem","position":2,"name":"Nfz-Technik","item":"https:\/\/www.krafthand.de\/truck\/kategorie\/nfz-technik\/"},{"@type":"ListItem","position":3,"name":"E-Antrieb (BEV\/FCEV)","item":"https:\/\/www.krafthand.de\/truck\/kategorie\/nfz-technik\/e-antrieb\/"},{"@type":"ListItem","position":4,"name":"Premiere f\u00fcr die eAchse von Saietta"}]},{"@type":"WebSite","@id":"https:\/\/www.krafthand.de\/truck\/#website","url":"https:\/\/www.krafthand.de\/truck\/","name":"Krafthand-Truck","description":"","potentialAction":[{"@type":"SearchAction","target":{"@type":"EntryPoint","urlTemplate":"https:\/\/www.krafthand.de\/truck\/?s={search_term_string}"},"query-input":{"@type":"PropertyValueSpecification","valueRequired":true,"valueName":"search_term_string"}}],"inLanguage":"de"},{"@type":"Person","@id":"https:\/\/www.krafthand.de\/truck\/#\/schema\/person\/51fa80b1c57034c4bf63f9f988fc24ce","name":"georg.blenk@krafthand-medien.de","image":{"@type":"ImageObject","inLanguage":"de","@id":"https:\/\/secure.gravatar.com\/avatar\/93713c30affe0aa95d3a4130e499bb1abee2eb31adbdd9ce2aa1543538490215?s=96&d=mm&r=g","url":"https:\/\/secure.gravatar.com\/avatar\/93713c30affe0aa95d3a4130e499bb1abee2eb31adbdd9ce2aa1543538490215?s=96&d=mm&r=g","contentUrl":"https:\/\/secure.gravatar.com\/avatar\/93713c30affe0aa95d3a4130e499bb1abee2eb31adbdd9ce2aa1543538490215?s=96&d=mm&r=g","caption":"georg.blenk@krafthand-medien.de"}}]}},"_links":{"self":[{"href":"https:\/\/www.krafthand.de\/truck\/wp-json\/wp\/v2\/posts\/33784","targetHints":{"allow":["GET"]}}],"collection":[{"href":"https:\/\/www.krafthand.de\/truck\/wp-json\/wp\/v2\/posts"}],"about":[{"href":"https:\/\/www.krafthand.de\/truck\/wp-json\/wp\/v2\/types\/post"}],"author":[{"embeddable":true,"href":"https:\/\/www.krafthand.de\/truck\/wp-json\/wp\/v2\/users\/9"}],"replies":[{"embeddable":true,"href":"https:\/\/www.krafthand.de\/truck\/wp-json\/wp\/v2\/comments?post=33784"}],"version-history":[{"count":9,"href":"https:\/\/www.krafthand.de\/truck\/wp-json\/wp\/v2\/posts\/33784\/revisions"}],"predecessor-version":[{"id":33794,"href":"https:\/\/www.krafthand.de\/truck\/wp-json\/wp\/v2\/posts\/33784\/revisions\/33794"}],"wp:featuredmedia":[{"embeddable":true,"href":"https:\/\/www.krafthand.de\/truck\/wp-json\/wp\/v2\/media\/33791"}],"wp:attachment":[{"href":"https:\/\/www.krafthand.de\/truck\/wp-json\/wp\/v2\/media?parent=33784"}],"wp:term":[{"taxonomy":"category","embeddable":true,"href":"https:\/\/www.krafthand.de\/truck\/wp-json\/wp\/v2\/categories?post=33784"},{"taxonomy":"post_tag","embeddable":true,"href":"https:\/\/www.krafthand.de\/truck\/wp-json\/wp\/v2\/tags?post=33784"},{"taxonomy":"settings","embeddable":true,"href":"https:\/\/www.krafthand.de\/truck\/wp-json\/wp\/v2\/settings?post=33784"}],"curies":[{"name":"wp","href":"https:\/\/api.w.org\/{rel}","templated":true}]}}