{"id":33705,"date":"2022-09-21T08:18:49","date_gmt":"2022-09-21T06:18:49","guid":{"rendered":"https:\/\/www.krafthand.de\/truck\/?p=33705"},"modified":"2022-09-22T14:50:18","modified_gmt":"2022-09-22T12:50:18","slug":"betreuung-erster-wasserstoff-lkw-mietflotte","status":"publish","type":"post","link":"https:\/\/www.krafthand.de\/truck\/artikel\/betreuung-erster-wasserstoff-lkw-mietflotte-33705\/","title":{"rendered":"Betreuung erster Wasserstoff-Lkw-Mietflotte"},"content":{"rendered":"<p>Die <a href=\"https:\/\/www.dekra.de\/de\/startseite\/\" target=\"_blank\" rel=\"noopener\">DEKRA<\/a> betreut die erste kommerziell betriebene Vermietflotte von Wasserstoff-Nutzfahrzeugen in Deutschland: Die Sachverst\u00e4ndigenorganisation hat daf\u00fcr eine Partnerschaft mit dem Start-up <a href=\"https:\/\/www.hylane.de\/\" target=\"_blank\" rel=\"noopener\">Hylane<\/a> geschlossen. Die Tochter des Versicherers DEVK ist auf die Bereitstellung umfassender Wasserstoffl\u00f6sungen im Logistiksektor spezialisiert. Die Flotte umfasst zun\u00e4chst 44 Lkw unterschiedlicher Hersteller und wird an Kunden mit verschiedenen Einsatzprofilen in ganz Deutschland vermietet.<\/p>\n<blockquote><p>\u201eUnsere Kolleginnen und Kollegen werden die Fahrzeuge jeweils vor Ort in den Einsatzregionen der Mietkunden mit den jeweils anfallenden Expertendienstleistungen begleiten \u2013 und zwar \u00fcber den gesamten Lebenszyklus, von der Auslieferung bis zur Ausmusterung irgendwann in der Zukunft\u201c, so Guido Kutschera, Vorsitzender der Gesch\u00e4ftsf\u00fchrung der DEKRA Automobil GmbH und Leiter der DEKRA Region Deutschland.<\/p><\/blockquote>\n<p>Neben der Auslieferungspr\u00fcfung werden die DEKRA-Sachverst\u00e4ndigen jeweils die Hauptuntersuchung und Sicherheitspr\u00fcfung durchf\u00fchren, bei Bedarf Zustandsberichte und Gutachten erstellen. Hylane ist im Zuge der Partnerschaft auch Mitglied im DEKRA e.V. geworden.<\/p>\n<p>Die Wasserstoff-Vermietflotte von Hylane wird von der Bundesregierung gef\u00f6rdert. Die Differenz bei den Anschaffungskosten im Vergleich zu Diesel-Lkw wird dadurch zu 80 Prozent abgedeckt. Die Gelder aus der F\u00f6rderung werden 1:1 dazu genutzt, die Mietraten f\u00fcr die angebotenen Fahrzeuge zu reduzieren, sodass Hylane entsprechend attraktive Mietpreise anbieten kann. Die ersten Fahrzeuge werden noch in diesem Jahr an die Hylane-Kunden \u00fcbergeben.<\/p>\n<p><i>Den Beitrag finden Sie auch in der Print-Ausgabe 3\/2022 der <a href=\"https:\/\/www.krafthand.de\/truck\/magazin\/\" title=\"Zum Magazin\">Krafthand-Truck<\/a>.<\/i><\/p>","protected":false},"excerpt":{"rendered":"<p>Die DEKRA betreut die erste kommerziell betriebene Vermietflotte von Wasserstoff-Nutzfahrzeugen in Deutschland: Die Sachverst\u00e4ndigenorganisation hat daf\u00fcr eine Partnerschaft mit dem Start-up Hylane geschlossen. <span class=\"excerpt-more__dots\">&#8230;<\/span> <a class=\"excerpt-more__link\" href=\"https:\/\/www.krafthand.de\/truck\/artikel\/betreuung-erster-wasserstoff-lkw-mietflotte-33705\/\" >weiter<\/a><\/p>\n","protected":false},"author":11,"featured_media":33706,"comment_status":"closed","ping_status":"closed","sticky":false,"template":"","format":"standard","meta":{"footnotes":""},"categories":[4238,4245],"tags":[2151,5188,5127,4266,4181],"settings":[],"class_list":["post-33705","post","type-post","status-publish","format-standard","has-post-thumbnail","hentry","category-koepfe","category-verbaende","tag-dekra","tag-hylane","tag-lkw-vermietung","tag-start-up","tag-wasserstoff"],"yoast_head":"<!-- This site is optimized with the Yoast SEO plugin v27.3 - https:\/\/yoast.com\/product\/yoast-seo-wordpress\/ -->\n<title>Betreuung erster Wasserstoff-Lkw-Mietflotte - Krafthand-Truck<\/title>\n<meta name=\"robots\" content=\"index, follow, max-snippet:-1, max-image-preview:large, max-video-preview:-1\" \/>\n<link rel=\"canonical\" href=\"https:\/\/www.krafthand.de\/truck\/artikel\/betreuung-erster-wasserstoff-lkw-mietflotte-33705\/\" \/>\n<meta property=\"og:locale\" content=\"de_DE\" \/>\n<meta property=\"og:type\" content=\"article\" \/>\n<meta property=\"og:title\" content=\"Betreuung erster Wasserstoff-Lkw-Mietflotte - Krafthand-Truck\" \/>\n<meta property=\"og:description\" content=\"Die DEKRA betreut die erste kommerziell betriebene Vermietflotte von Wasserstoff-Nutzfahrzeugen in Deutschland: Die Sachverst\u00e4ndigenorganisation hat daf\u00fcr eine Partnerschaft mit dem Start-up Hylane geschlossen. ... weiter\" \/>\n<meta property=\"og:url\" content=\"https:\/\/www.krafthand-truck.de\/artikel\/betreuung-erster-wasserstoff-lkw-mietflotte-33705\/\" \/>\n<meta property=\"og:site_name\" content=\"Krafthand-Truck\" \/>\n<meta property=\"article:published_time\" content=\"2022-09-21T06:18:49+00:00\" \/>\n<meta property=\"article:modified_time\" content=\"2022-09-22T12:50:18+00:00\" \/>\n<meta property=\"og:image\" content=\"https:\/\/static.krafthand-truck.de\/uploads\/2022\/09\/03_2022_029.jpg\" \/>\n\t<meta property=\"og:image:width\" content=\"1400\" \/>\n\t<meta property=\"og:image:height\" content=\"933\" \/>\n\t<meta property=\"og:image:type\" content=\"image\/jpeg\" \/>\n<meta name=\"author\" content=\"Redaktion Truck\" \/>\n<meta name=\"twitter:card\" content=\"summary_large_image\" \/>\n<meta name=\"twitter:label1\" content=\"Verfasst von\" \/>\n\t<meta name=\"twitter:data1\" content=\"Redaktion Truck\" \/>\n\t<meta name=\"twitter:label2\" content=\"Gesch\u00e4tzte Lesezeit\" \/>\n\t<meta name=\"twitter:data2\" content=\"2\u00a0Minuten\" \/>\n<script type=\"application\/ld+json\" class=\"yoast-schema-graph\">{\"@context\":\"https:\\\/\\\/schema.org\",\"@graph\":[{\"@type\":\"Article\",\"@id\":\"https:\\\/\\\/www.krafthand.de\\\/truck\\\/artikel\\\/betreuung-erster-wasserstoff-lkw-mietflotte-33705\\\/#article\",\"isPartOf\":{\"@id\":\"https:\\\/\\\/www.krafthand.de\\\/truck\\\/artikel\\\/betreuung-erster-wasserstoff-lkw-mietflotte-33705\\\/\"},\"author\":{\"name\":\"Redaktion Truck\",\"@id\":\"https:\\\/\\\/www.krafthand.de\\\/truck\\\/#\\\/schema\\\/person\\\/5e47d727209575a4b89376746e24f02f\"},\"headline\":\"Betreuung erster Wasserstoff-Lkw-Mietflotte\",\"datePublished\":\"2022-09-21T06:18:49+00:00\",\"dateModified\":\"2022-09-22T12:50:18+00:00\",\"mainEntityOfPage\":{\"@id\":\"https:\\\/\\\/www.krafthand.de\\\/truck\\\/artikel\\\/betreuung-erster-wasserstoff-lkw-mietflotte-33705\\\/\"},\"wordCount\":213,\"image\":{\"@id\":\"https:\\\/\\\/www.krafthand.de\\\/truck\\\/artikel\\\/betreuung-erster-wasserstoff-lkw-mietflotte-33705\\\/#primaryimage\"},\"thumbnailUrl\":\"https:\\\/\\\/static.krafthand-truck.de\\\/uploads\\\/2022\\\/09\\\/03_2022_029.jpg\",\"keywords\":[\"Dekra\",\"Hylane\",\"Lkw-Vermietung\",\"Start-up\",\"Wasserstoff\"],\"articleSection\":[\"K\u00f6pfe\\\/Personen\",\"Verb\u00e4nde\\\/Politik\\\/Recht\"],\"inLanguage\":\"de\"},{\"@type\":\"WebPage\",\"@id\":\"https:\\\/\\\/www.krafthand.de\\\/truck\\\/artikel\\\/betreuung-erster-wasserstoff-lkw-mietflotte-33705\\\/\",\"url\":\"https:\\\/\\\/www.krafthand.de\\\/truck\\\/artikel\\\/betreuung-erster-wasserstoff-lkw-mietflotte-33705\\\/\",\"name\":\"Betreuung erster Wasserstoff-Lkw-Mietflotte - Krafthand-Truck\",\"isPartOf\":{\"@id\":\"https:\\\/\\\/www.krafthand.de\\\/truck\\\/#website\"},\"primaryImageOfPage\":{\"@id\":\"https:\\\/\\\/www.krafthand.de\\\/truck\\\/artikel\\\/betreuung-erster-wasserstoff-lkw-mietflotte-33705\\\/#primaryimage\"},\"image\":{\"@id\":\"https:\\\/\\\/www.krafthand.de\\\/truck\\\/artikel\\\/betreuung-erster-wasserstoff-lkw-mietflotte-33705\\\/#primaryimage\"},\"thumbnailUrl\":\"https:\\\/\\\/static.krafthand-truck.de\\\/uploads\\\/2022\\\/09\\\/03_2022_029.jpg\",\"datePublished\":\"2022-09-21T06:18:49+00:00\",\"dateModified\":\"2022-09-22T12:50:18+00:00\",\"author\":{\"@id\":\"https:\\\/\\\/www.krafthand.de\\\/truck\\\/#\\\/schema\\\/person\\\/5e47d727209575a4b89376746e24f02f\"},\"breadcrumb\":{\"@id\":\"https:\\\/\\\/www.krafthand.de\\\/truck\\\/artikel\\\/betreuung-erster-wasserstoff-lkw-mietflotte-33705\\\/#breadcrumb\"},\"inLanguage\":\"de\",\"potentialAction\":[{\"@type\":\"ReadAction\",\"target\":[\"https:\\\/\\\/www.krafthand.de\\\/truck\\\/artikel\\\/betreuung-erster-wasserstoff-lkw-mietflotte-33705\\\/\"]}]},{\"@type\":\"ImageObject\",\"inLanguage\":\"de\",\"@id\":\"https:\\\/\\\/www.krafthand.de\\\/truck\\\/artikel\\\/betreuung-erster-wasserstoff-lkw-mietflotte-33705\\\/#primaryimage\",\"url\":\"https:\\\/\\\/static.krafthand-truck.de\\\/uploads\\\/2022\\\/09\\\/03_2022_029.jpg\",\"contentUrl\":\"https:\\\/\\\/static.krafthand-truck.de\\\/uploads\\\/2022\\\/09\\\/03_2022_029.jpg\",\"width\":1400,\"height\":933,\"caption\":\"Guido Kutschera, Vorsitzender der Gesch\u00e4ftsf\u00fchrung der DEKRA Automobil GmbH und Leiter der DEKRA Region Deutschland, Hylane-Gesch\u00e4ftsf\u00fchrerin Sara Schiffer und Bernd Zens, Vorstandsmitglied der Hylane-Muttergesellschaft DEVK-Versicherungen (v.l.n.r.). Bild: Thomas K\u00fcppers\\\/DEKRA\"},{\"@type\":\"BreadcrumbList\",\"@id\":\"https:\\\/\\\/www.krafthand.de\\\/truck\\\/artikel\\\/betreuung-erster-wasserstoff-lkw-mietflotte-33705\\\/#breadcrumb\",\"itemListElement\":[{\"@type\":\"ListItem\",\"position\":1,\"name\":\"Krafthand-Truck\",\"item\":\"https:\\\/\\\/www.krafthand.de\\\/truck\\\/\"},{\"@type\":\"ListItem\",\"position\":2,\"name\":\"Nfz-Branche\",\"item\":\"https:\\\/\\\/www.krafthand.de\\\/truck\\\/kategorie\\\/branche\\\/\"},{\"@type\":\"ListItem\",\"position\":3,\"name\":\"K\u00f6pfe\\\/Personen\",\"item\":\"https:\\\/\\\/www.krafthand.de\\\/truck\\\/kategorie\\\/branche\\\/koepfe\\\/\"},{\"@type\":\"ListItem\",\"position\":4,\"name\":\"Betreuung erster Wasserstoff-Lkw-Mietflotte\"}]},{\"@type\":\"WebSite\",\"@id\":\"https:\\\/\\\/www.krafthand.de\\\/truck\\\/#website\",\"url\":\"https:\\\/\\\/www.krafthand.de\\\/truck\\\/\",\"name\":\"Krafthand-Truck\",\"description\":\"\",\"potentialAction\":[{\"@type\":\"SearchAction\",\"target\":{\"@type\":\"EntryPoint\",\"urlTemplate\":\"https:\\\/\\\/www.krafthand.de\\\/truck\\\/?s={search_term_string}\"},\"query-input\":{\"@type\":\"PropertyValueSpecification\",\"valueRequired\":true,\"valueName\":\"search_term_string\"}}],\"inLanguage\":\"de\"},{\"@type\":\"Person\",\"@id\":\"https:\\\/\\\/www.krafthand.de\\\/truck\\\/#\\\/schema\\\/person\\\/5e47d727209575a4b89376746e24f02f\",\"name\":\"Redaktion Truck\",\"image\":{\"@type\":\"ImageObject\",\"inLanguage\":\"de\",\"@id\":\"https:\\\/\\\/secure.gravatar.com\\\/avatar\\\/64cedf5d293ad6eb6600c19e949d032ff0090f240174891ab1517d73ead05c87?s=96&d=mm&r=g\",\"url\":\"https:\\\/\\\/secure.gravatar.com\\\/avatar\\\/64cedf5d293ad6eb6600c19e949d032ff0090f240174891ab1517d73ead05c87?s=96&d=mm&r=g\",\"contentUrl\":\"https:\\\/\\\/secure.gravatar.com\\\/avatar\\\/64cedf5d293ad6eb6600c19e949d032ff0090f240174891ab1517d73ead05c87?s=96&d=mm&r=g\",\"caption\":\"Redaktion Truck\"}}]}<\/script>\n<!-- \/ Yoast SEO plugin. -->","yoast_head_json":{"title":"Betreuung erster Wasserstoff-Lkw-Mietflotte - Krafthand-Truck","robots":{"index":"index","follow":"follow","max-snippet":"max-snippet:-1","max-image-preview":"max-image-preview:large","max-video-preview":"max-video-preview:-1"},"canonical":"https:\/\/www.krafthand.de\/truck\/artikel\/betreuung-erster-wasserstoff-lkw-mietflotte-33705\/","og_locale":"de_DE","og_type":"article","og_title":"Betreuung erster Wasserstoff-Lkw-Mietflotte - Krafthand-Truck","og_description":"Die DEKRA betreut die erste kommerziell betriebene Vermietflotte von Wasserstoff-Nutzfahrzeugen in Deutschland: Die Sachverst\u00e4ndigenorganisation hat daf\u00fcr eine Partnerschaft mit dem Start-up Hylane geschlossen. ... weiter","og_url":"https:\/\/www.krafthand-truck.de\/artikel\/betreuung-erster-wasserstoff-lkw-mietflotte-33705\/","og_site_name":"Krafthand-Truck","article_published_time":"2022-09-21T06:18:49+00:00","article_modified_time":"2022-09-22T12:50:18+00:00","og_image":[{"width":1400,"height":933,"url":"https:\/\/static.krafthand-truck.de\/uploads\/2022\/09\/03_2022_029.jpg","type":"image\/jpeg"}],"author":"Redaktion Truck","twitter_card":"summary_large_image","twitter_misc":{"Verfasst von":"Redaktion Truck","Gesch\u00e4tzte Lesezeit":"2\u00a0Minuten"},"schema":{"@context":"https:\/\/schema.org","@graph":[{"@type":"Article","@id":"https:\/\/www.krafthand.de\/truck\/artikel\/betreuung-erster-wasserstoff-lkw-mietflotte-33705\/#article","isPartOf":{"@id":"https:\/\/www.krafthand.de\/truck\/artikel\/betreuung-erster-wasserstoff-lkw-mietflotte-33705\/"},"author":{"name":"Redaktion Truck","@id":"https:\/\/www.krafthand.de\/truck\/#\/schema\/person\/5e47d727209575a4b89376746e24f02f"},"headline":"Betreuung erster Wasserstoff-Lkw-Mietflotte","datePublished":"2022-09-21T06:18:49+00:00","dateModified":"2022-09-22T12:50:18+00:00","mainEntityOfPage":{"@id":"https:\/\/www.krafthand.de\/truck\/artikel\/betreuung-erster-wasserstoff-lkw-mietflotte-33705\/"},"wordCount":213,"image":{"@id":"https:\/\/www.krafthand.de\/truck\/artikel\/betreuung-erster-wasserstoff-lkw-mietflotte-33705\/#primaryimage"},"thumbnailUrl":"https:\/\/static.krafthand-truck.de\/uploads\/2022\/09\/03_2022_029.jpg","keywords":["Dekra","Hylane","Lkw-Vermietung","Start-up","Wasserstoff"],"articleSection":["K\u00f6pfe\/Personen","Verb\u00e4nde\/Politik\/Recht"],"inLanguage":"de"},{"@type":"WebPage","@id":"https:\/\/www.krafthand.de\/truck\/artikel\/betreuung-erster-wasserstoff-lkw-mietflotte-33705\/","url":"https:\/\/www.krafthand.de\/truck\/artikel\/betreuung-erster-wasserstoff-lkw-mietflotte-33705\/","name":"Betreuung erster Wasserstoff-Lkw-Mietflotte - Krafthand-Truck","isPartOf":{"@id":"https:\/\/www.krafthand.de\/truck\/#website"},"primaryImageOfPage":{"@id":"https:\/\/www.krafthand.de\/truck\/artikel\/betreuung-erster-wasserstoff-lkw-mietflotte-33705\/#primaryimage"},"image":{"@id":"https:\/\/www.krafthand.de\/truck\/artikel\/betreuung-erster-wasserstoff-lkw-mietflotte-33705\/#primaryimage"},"thumbnailUrl":"https:\/\/static.krafthand-truck.de\/uploads\/2022\/09\/03_2022_029.jpg","datePublished":"2022-09-21T06:18:49+00:00","dateModified":"2022-09-22T12:50:18+00:00","author":{"@id":"https:\/\/www.krafthand.de\/truck\/#\/schema\/person\/5e47d727209575a4b89376746e24f02f"},"breadcrumb":{"@id":"https:\/\/www.krafthand.de\/truck\/artikel\/betreuung-erster-wasserstoff-lkw-mietflotte-33705\/#breadcrumb"},"inLanguage":"de","potentialAction":[{"@type":"ReadAction","target":["https:\/\/www.krafthand.de\/truck\/artikel\/betreuung-erster-wasserstoff-lkw-mietflotte-33705\/"]}]},{"@type":"ImageObject","inLanguage":"de","@id":"https:\/\/www.krafthand.de\/truck\/artikel\/betreuung-erster-wasserstoff-lkw-mietflotte-33705\/#primaryimage","url":"https:\/\/static.krafthand-truck.de\/uploads\/2022\/09\/03_2022_029.jpg","contentUrl":"https:\/\/static.krafthand-truck.de\/uploads\/2022\/09\/03_2022_029.jpg","width":1400,"height":933,"caption":"Guido Kutschera, Vorsitzender der Gesch\u00e4ftsf\u00fchrung der DEKRA Automobil GmbH und Leiter der DEKRA Region Deutschland, Hylane-Gesch\u00e4ftsf\u00fchrerin Sara Schiffer und Bernd Zens, Vorstandsmitglied der Hylane-Muttergesellschaft DEVK-Versicherungen (v.l.n.r.). Bild: Thomas K\u00fcppers\/DEKRA"},{"@type":"BreadcrumbList","@id":"https:\/\/www.krafthand.de\/truck\/artikel\/betreuung-erster-wasserstoff-lkw-mietflotte-33705\/#breadcrumb","itemListElement":[{"@type":"ListItem","position":1,"name":"Krafthand-Truck","item":"https:\/\/www.krafthand.de\/truck\/"},{"@type":"ListItem","position":2,"name":"Nfz-Branche","item":"https:\/\/www.krafthand.de\/truck\/kategorie\/branche\/"},{"@type":"ListItem","position":3,"name":"K\u00f6pfe\/Personen","item":"https:\/\/www.krafthand.de\/truck\/kategorie\/branche\/koepfe\/"},{"@type":"ListItem","position":4,"name":"Betreuung erster Wasserstoff-Lkw-Mietflotte"}]},{"@type":"WebSite","@id":"https:\/\/www.krafthand.de\/truck\/#website","url":"https:\/\/www.krafthand.de\/truck\/","name":"Krafthand-Truck","description":"","potentialAction":[{"@type":"SearchAction","target":{"@type":"EntryPoint","urlTemplate":"https:\/\/www.krafthand.de\/truck\/?s={search_term_string}"},"query-input":{"@type":"PropertyValueSpecification","valueRequired":true,"valueName":"search_term_string"}}],"inLanguage":"de"},{"@type":"Person","@id":"https:\/\/www.krafthand.de\/truck\/#\/schema\/person\/5e47d727209575a4b89376746e24f02f","name":"Redaktion Truck","image":{"@type":"ImageObject","inLanguage":"de","@id":"https:\/\/secure.gravatar.com\/avatar\/64cedf5d293ad6eb6600c19e949d032ff0090f240174891ab1517d73ead05c87?s=96&d=mm&r=g","url":"https:\/\/secure.gravatar.com\/avatar\/64cedf5d293ad6eb6600c19e949d032ff0090f240174891ab1517d73ead05c87?s=96&d=mm&r=g","contentUrl":"https:\/\/secure.gravatar.com\/avatar\/64cedf5d293ad6eb6600c19e949d032ff0090f240174891ab1517d73ead05c87?s=96&d=mm&r=g","caption":"Redaktion Truck"}}]}},"_links":{"self":[{"href":"https:\/\/www.krafthand.de\/truck\/wp-json\/wp\/v2\/posts\/33705","targetHints":{"allow":["GET"]}}],"collection":[{"href":"https:\/\/www.krafthand.de\/truck\/wp-json\/wp\/v2\/posts"}],"about":[{"href":"https:\/\/www.krafthand.de\/truck\/wp-json\/wp\/v2\/types\/post"}],"author":[{"embeddable":true,"href":"https:\/\/www.krafthand.de\/truck\/wp-json\/wp\/v2\/users\/11"}],"replies":[{"embeddable":true,"href":"https:\/\/www.krafthand.de\/truck\/wp-json\/wp\/v2\/comments?post=33705"}],"version-history":[{"count":6,"href":"https:\/\/www.krafthand.de\/truck\/wp-json\/wp\/v2\/posts\/33705\/revisions"}],"predecessor-version":[{"id":33738,"href":"https:\/\/www.krafthand.de\/truck\/wp-json\/wp\/v2\/posts\/33705\/revisions\/33738"}],"wp:featuredmedia":[{"embeddable":true,"href":"https:\/\/www.krafthand.de\/truck\/wp-json\/wp\/v2\/media\/33706"}],"wp:attachment":[{"href":"https:\/\/www.krafthand.de\/truck\/wp-json\/wp\/v2\/media?parent=33705"}],"wp:term":[{"taxonomy":"category","embeddable":true,"href":"https:\/\/www.krafthand.de\/truck\/wp-json\/wp\/v2\/categories?post=33705"},{"taxonomy":"post_tag","embeddable":true,"href":"https:\/\/www.krafthand.de\/truck\/wp-json\/wp\/v2\/tags?post=33705"},{"taxonomy":"settings","embeddable":true,"href":"https:\/\/www.krafthand.de\/truck\/wp-json\/wp\/v2\/settings?post=33705"}],"curies":[{"name":"wp","href":"https:\/\/api.w.org\/{rel}","templated":true}]}}