{"id":33666,"date":"2022-09-19T07:37:19","date_gmt":"2022-09-19T05:37:19","guid":{"rendered":"https:\/\/www.krafthand.de\/truck\/?p=33666"},"modified":"2022-09-16T17:46:09","modified_gmt":"2022-09-16T15:46:09","slug":"strom-speicher-batterietechnik-fuer-nutzfahrzeuge","status":"publish","type":"post","link":"https:\/\/www.krafthand.de\/truck\/artikel\/strom-speicher-batterietechnik-fuer-nutzfahrzeuge-33666\/","title":{"rendered":"Strom-Speicher &#8211; Batterietechnik f\u00fcr Nutzfahrzeuge"},"content":{"rendered":"<p>Der Automobilzulieferer Webasto mit Hauptsitz im bayerischen Stockdorf ist f\u00fcr seine Dach-\/Heiz- und K\u00fchlsysteme bekannt. Doch l\u00e4ngst investiert das global aufgestellte Unternehmen in neue Technologien, um den Transformationsprozess hin zur Dekarbonisierung des Stra\u00dfenverkehrs aktiv mit zu gestalten. Dazu geh\u00f6ren mit dem Unternehmensbereich Batteriesysteme auch Batteriemodule f\u00fcr elektrische Nutzfahrzeuge. <strong>Robert Gantner ist Director Businnes Development <a href=\"https:\/\/www.webasto-group.com\/en\/original-equipment\/battery-systems\/?object=42\" target=\"_blank\" rel=\"noopener\">Battery-Systems<\/a> und hat uns Auskunft \u00fcber den aktuellen Stand der Entwicklung gegeben.<\/strong><\/p>\n<p class=\"text-question\">Herr Gantner, welche L\u00f6sungen pr\u00e4sentiert Webasto auf der IAA Transportation im September?<\/p><p class=\"text-answer\"><\/p>\n<figure id=\"attachment_33668\" aria-describedby=\"caption-attachment-33668\" style=\"width: 420px\" class=\"wp-caption alignright\"><a href=\"https:\/\/static.krafthand-truck.de\/uploads\/2022\/09\/03_2022_005_2.jpg\" target=\"_blank\" rel=\"noopener\"><img fetchpriority=\"high\" decoding=\"async\" class=\"wp-image-33668\" src=\"https:\/\/static.krafthand-truck.de\/uploads\/2022\/09\/03_2022_005_2-300x228.jpg\" alt=\"\" width=\"420\" height=\"319\" srcset=\"https:\/\/static.krafthand-truck.de\/uploads\/2022\/09\/03_2022_005_2-300x228.jpg 300w, https:\/\/static.krafthand-truck.de\/uploads\/2022\/09\/03_2022_005_2-1024x778.jpg 1024w, https:\/\/static.krafthand-truck.de\/uploads\/2022\/09\/03_2022_005_2-768x583.jpg 768w, https:\/\/static.krafthand-truck.de\/uploads\/2022\/09\/03_2022_005_2-1320x1002.jpg 1320w, https:\/\/static.krafthand-truck.de\/uploads\/2022\/09\/03_2022_005_2.jpg 1400w\" sizes=\"(max-width: 420px) 100vw, 420px\" \/><\/a><figcaption id=\"caption-attachment-33668\" class=\"wp-caption-text\">Die CV NextGen-Battery f\u00fcr Nutzfahrzeuge soll mehr Energie liefern.<\/figcaption><\/figure>\n<p>Erstmals wird unsere Standard-Batterie f\u00fcr Nutzfahrzeuge auf der Messe zu sehen sein. Mit ihrer robusten Bauweise eignet sie sich ideal f\u00fcr den Einsatz in Lkw, Bussen und Baumaschinen. Die Dieselfahrzeuge haben in der Regel einen sehr hohen Kraftstoffverbrauch, weshalb auch im Bereich Baumaschinen k\u00fcnftig vermehrt batterieelektrische Fahrzeuge zum Einsatz kommen werden. Webasto hat sich zuletzt unter anderem mit dem niederl\u00e4ndischen Start-up E.C.E. zusammengetan und erste Bagger f\u00fcr den elektrischen Betrieb umger\u00fcstet.\u00a0Neben dem aktuellen Batterie-Modell zeigt Webasto auf der <a href=\"https:\/\/iaa-transportation.com\/de\" target=\"_blank\" rel=\"noopener\"><strong>IAA Transportation<\/strong><\/a> <strong>(Halle 12, Stand B21)<\/strong> zudem den Nachfolger: Die NextGen-Battery baut die Vorteile der ersten Generation weiter aus und liefert deutlich mehr Energie im gleichen Bauraum. Sie ist voraussichtlich ab 2024 verf\u00fcgbar.<\/p>\n<p class=\"text-question\">Was steckt hinter der Vehicle Interface Box (VIB), dem Vehicle Interface Gateway (VIG)?<\/p><p class=\"text-answer\"><\/p>\n<p>Als Schnittstelle zwischen Standardbatteriesystem und Fahrzeug bietet Webasto neben der Vehicle Interface Box (VIB), die unter anderem die elektrische Verschaltung von bis zu 10 Batteriesystemen \u00fcbernimmt, seit Juni auch das Vehicle Interface Gateway (VIG) an. Damit lassen sich in einem 400-Volt-System bis zu neun und einem 800-Volt-System bis zu 18 Akkupakete mit einer Gesamtkapazit\u00e4t von bis zu 630 kWh ansteuern. Dank seiner kompakten Bauweise ist es auch f\u00fcr Fahrzeuge mit kleinerem Bauraum geeignet. Unsere Kunden sollen ihr Batteriesystem m\u00f6glichst flexibel gestalten k\u00f6nnen. Das VIG bietet gerade im Hinblick auf Platz und Leistung noch mehr M\u00f6glichkeiten, die jeweiligen Anforderungen zu bedienen.<\/p>\n<p class=\"text-question\">Wie realisieren Sie die K\u00fchlung\/Heizung der Batteriepacks?<\/p><p class=\"text-answer\"><\/p>\n<p>Das Webasto eBTM 2.0 ist eine eigenst\u00e4ndige Thermomanagementeinheit f\u00fcr Antriebsbatterien. Sie gew\u00e4hrleistet die optimale Funktionsf\u00e4higkeit wassergek\u00fchlter Batteriepacks von elektrischen Nutzfahrzeugen und sorgt f\u00fcr die langfristige Bestleistung der Batteriezellen. Die Temperatur wird je nach Umgebungsbedingungen dynamisch angepasst. Per Vorkonditionierung wird w\u00e4hrend der Ladephasen oder vor dem Betrieb die optimale Temperatur f\u00fcr die Batteriezellen erzeugt. Das Thermomanagement ist entscheidend f\u00fcr die Lebensdauer und Funktionalit\u00e4t der Batterie. Webasto bietet hier sowohl Standardl\u00f6sungen als auch kundenspezifische Entwicklungen f\u00fcr OEM-Projekte an.<\/p>\n<figure id=\"attachment_33669\" aria-describedby=\"caption-attachment-33669\" style=\"width: 420px\" class=\"wp-caption alignleft\"><a href=\"https:\/\/static.krafthand-truck.de\/uploads\/2022\/09\/03_2022_005_3.jpg\" target=\"_blank\" rel=\"noopener\"><img decoding=\"async\" class=\"wp-image-33669\" src=\"https:\/\/static.krafthand-truck.de\/uploads\/2022\/09\/03_2022_005_3-300x221.jpg\" alt=\"\" width=\"420\" height=\"309\" srcset=\"https:\/\/static.krafthand-truck.de\/uploads\/2022\/09\/03_2022_005_3-300x221.jpg 300w, https:\/\/static.krafthand-truck.de\/uploads\/2022\/09\/03_2022_005_3.jpg 627w\" sizes=\"(max-width: 420px) 100vw, 420px\" \/><\/a><figcaption id=\"caption-attachment-33669\" class=\"wp-caption-text\">Innenleben eines Webasto- Battery-Packs.<\/figcaption><\/figure>\n<p class=\"text-question\">\u00dcbernimmt Webasto auch das Recyclen der Batterien?<\/p><p class=\"text-answer\"><\/p>\n<p>Gem\u00e4\u00df den gesetzlichen Bestimmungen nimmt Webasto die Batterien am Ende ihrer ersten Nutzungsdauer zur\u00fcck. Durch die Zusammenarbeit mit spezialisierten Recyclingunternehmen gew\u00e4hrleisten wir eine hohe R\u00fcckgewinnungsquote der Rohstoffe, die wir f\u00fcr die Batterien verwenden. Dar\u00fcber hinaus entwickeln wir Strategien f\u00fcr die Zweitverwertung. Zum Beispiel werden wir die Batterien aus Fahrzeugprototypen als Batteriespeicher am Produktionsstandort Schierling nutzen.<\/p>\n<p class=\"text-question\">Kann Webasto auch die Ladeinfrastruktur (f\u00fcr Speditionen) liefern?<\/p><p class=\"text-answer\"><\/p>\n<p>Ja, auch daf\u00fcr haben wir nat\u00fcrlich L\u00f6sungen im Angebot. Die Webasto Next und die Webasto Unite sind unsere intelligenten Wallboxen. Beide Ladestationen sind sowohl als 11- als auch als 22-kW-Variante erh\u00e4ltlich und verf\u00fcgen \u00fcber eine Schnittstelle f\u00fcr verschiedene Energiemanagementsysteme, sodass zum Beispiel auch PV-optimiertes Laden m\u00f6glich ist. Ein lokales Lastmanagement verhindert Lastspitzen und Netz\u00fcberlastungen. S\u00e4mtliche Daten, wie etwa das Ladeprofil, werden im Backendsystem Webasto-Charge-Connect erfasst, das sich mit seinen umfassenden Funktionen auch an Flottenbetreiber richtet. Eine Eichrechtskonformit\u00e4t und damit die M\u00f6glichkeit, die Webasto Unite auch in Deutschland in \u00f6ffentlichen Bereichen einzusetzen, folgt im September. Im \u00dcbrigen: Webasto pr\u00fcft den Eintritt in den Markt f\u00fcr DC-Lader mit h\u00f6heren Ladeleistungen.<\/p>\n<p class=\"text-question\">Wie gestalten sich die Produktionskapazit\u00e4ten am Standort Schierling?<\/p><p class=\"text-answer\"><\/p>\n<p>2021 haben wir in unserem Technologiewerk in Schierling knapp 20.000 Batterie- und Speichermodule hergestellt. Die Besonderheit der Anlage liegt in der flexiblen Fertigung sowie der Modularit\u00e4t der Produktionsstationen, die einen schnellen Wechsel zwischen Standard-Batterie und individualisierten Kundenprojekten m\u00f6glich macht. Das Technologiewerk in Schierling ist aufgrund der hochmodernen Ausstattung auch Vorbild f\u00fcr andere Webasto Batteriewerke, wie zum Beispiel in Dangjin.<\/p>\n<figure id=\"attachment_33670\" aria-describedby=\"caption-attachment-33670\" style=\"width: 260px\" class=\"wp-caption alignleft\"><a href=\"https:\/\/static.krafthand-truck.de\/uploads\/2022\/09\/03_2022_005_004.jpg\" target=\"_blank\" rel=\"noopener\"><img decoding=\"async\" class=\"wp-image-33670\" src=\"https:\/\/static.krafthand-truck.de\/uploads\/2022\/09\/03_2022_005_004-215x300.jpg\" alt=\"\" width=\"260\" height=\"362\" srcset=\"https:\/\/static.krafthand-truck.de\/uploads\/2022\/09\/03_2022_005_004-215x300.jpg 215w, https:\/\/static.krafthand-truck.de\/uploads\/2022\/09\/03_2022_005_004-735x1024.jpg 735w, https:\/\/static.krafthand-truck.de\/uploads\/2022\/09\/03_2022_005_004-768x1070.jpg 768w, https:\/\/static.krafthand-truck.de\/uploads\/2022\/09\/03_2022_005_004.jpg 861w\" sizes=\"(max-width: 260px) 100vw, 260px\" \/><\/a><figcaption id=\"caption-attachment-33670\" class=\"wp-caption-text\"><em>\u201eZu unseren Kunden im Batteriebereich geh\u00f6ren beispielsweise MAN, Lohr, Goldhofer oder Green G.\u201c<\/em>, so Robert Gantner.<\/figcaption><\/figure>\n<p class=\"text-question\">Wie sieht das Kundenspektrum aus?<\/p><p class=\"text-answer\"><\/p>\n<p>Wir verstehen uns als globaler innovativer Systempartner der gesamten Mobilit\u00e4tsbranche. Im Batterie-Bereich haben wir aktuell rund 25 Kunden mit festen Auftr\u00e4gen. Bei den Nutzfahrzeugherstellern sind das unter anderem MAN, Lohr, Goldhofer oder Green G. Im Pkw-Segment produzieren wir Batterien f\u00fcr Hyundai-Kia, Great Wall Motors und k\u00fcnftig auch f\u00fcr einen deutschen Hersteller.\u201c<\/p>\n<p class=\"text-question\">Wo sehen Sie die nahen Herausforderungen was die Entwicklungen von Hochvoltbatterien angeht?<\/p><p class=\"text-answer\"><\/p>\n<p>Der Markterfolg von elektrischen Antrieben in allen Marktsegmenten f\u00fchrt dazu, dass wir zusammen mit unseren Kunden und Zulieferern flexibler und schneller werden m\u00fcssen. Dar\u00fcber hinaus steigt die Anzahl der Projekte und das Auftragsvolumen schnell an. Hier profitiert Webasto von seiner jahrzehntelangen Erfahrung, derart gro\u00dfe Projekte erfolgreich durchzuf\u00fchren.<\/p>\n<p>Technologisch treibt der Wunsch nach Reichweite, Schnellladef\u00e4higkeit und Kostensenkung die Entwicklung. Neue Integrationskonzepte sind hier ein Teil der Antwort \u2013 die Batterie wird damit immer mehr zum Bestandteil des Fahrzeugs. Welchen Einfluss verschiedene Festk\u00f6rperzellkonzepte auf die Weiterentwicklung haben werden, ist noch nicht final beantwortet.<\/p>\n<p class=\"text-question\">K\u00f6nnen bei Bedarf auch Einzelzellen in den Batterieblocks getauscht werden?<\/p><p class=\"text-answer\"><\/p>\n<p>Das jeweilige Servicekonzept ist sehr stark kundenabh\u00e4ngig. Hier haben wir aktuell die verschiedensten L\u00f6sungen im Einsatz, welche zum Beispiel auch den Austausch von Zellmodulen in unseren Werken beinhalten. Einen Einzelzelltausch als Reparaturl\u00f6sung haben wir noch nicht im Einsatz.<\/p>\n<p class=\"text-question\">Setzen Sie auf Lithium-Technologie? Kommen anteilig andere \u201aseltene Erden\u2018 zum Einsatz?<\/p><p class=\"text-answer\"><\/p>\n<p>Ja, wir setzten auf Lithium-Technologie, sowohl bei unserer Standard-Batterie als auch bei kundenspezifischen L\u00f6sungen. Dabei ist allerdings anzumerken, dass das Spektrum an Lithium-Zellen sehr breit ist und sowohl Technologien mit als auch ohne seltene Erden beinhaltet. Und auch die oben genannten Festk\u00f6rperzellen sind im Grundsatz Lithium-Zellen.<\/p>\n<p class=\"text-question\">Wie verhindern Sie den \u201aDurchz\u00fcndungsprozess\u2018 (Thermal-Runaway)?<\/p><p class=\"text-answer\"><\/p>\n<p>Der exotherme Thermal-Runaway einer Zelle wird im Batteriesystem durch zahlreiche passive und aktive Sicherheitsma\u00dfnahmen systematisch verhindert, zum Beispiel durch Temperatur\u00fcberwachung oder einen \u00dcberladeschutz. Dar\u00fcber hinaus werden die Zellen intensiv auf ihre Robustheit gepr\u00fcft und abgesichert. Hier stellt der automobile Qualit\u00e4tsstandard sehr hohe Anforderungen, die weit \u00fcber Consumer-Produkte hinausgehen. F\u00fcr den extrem seltenen Fall einer Spontanreaktion sind weitere Ma\u00dfnahmen in der Batterie verbaut, die die Sicherheit der Fahrzeuginsassen gew\u00e4hrleisten. Deren Wirksamkeit ist im Rahmen von umfangreichen Tests abgesichert.<\/p>\n<p><i>Den Beitrag finden Sie auch in der Print-Ausgabe 3-2022 der <a href=\"https:\/\/www.krafthand.de\/truck\/magazin\/\" title=\"Zum Magazin\">Krafthand-Truck<\/a>.<\/i><\/p>\r\n\t\t\t\t<div class=\"post-author\">\r\n\t\t\t\t\t<div class=\"khm-cp-author clearfix\">\r\n\t\t\t\t\t\t<div class=\"khm-cp-author__content\">\r\n\t\t\t\t\t\t\t\tKontakt zum Autor:<br \/>\r\n\t\t\t\t\t\t\t\t<strong>Georg Blenk<\/strong>, 08247 \/ 3007-45 |  <a href=\"mailto:georg.blenk@krafthand-medien.de\">georg.blenk@krafthand-medien.de<\/a>\r\n\t\t\t\t\t\t\t<div class=\"khm-cp-author__image\">\r\n\t\t\t\t\t\t<img src=\"https:\/\/static.krafthand-truck.de\/uploads\/2021\/01\/Blenk_6104-250x300-1-removebg-preview.png\" class=\"img-responsive\">\r\n\t\t\t\t\t<\/div>\r\n\t\t\t\t\t\t<\/div>\r\n\t\t\t\t\t<\/div>\r\n\t\t\t\t<\/div>\r\n\t\t\t\t","protected":false},"excerpt":{"rendered":"<p>Der Automobilzulieferer Webasto mit Hauptsitz im bayerischen Stockdorf ist f\u00fcr seine Dach-\/Heiz- und K\u00fchlsysteme bekannt. Doch l\u00e4ngst investiert das global aufgestellte Unternehmen in neue Technologien, um den Transformationsprozess hin zur Dekarbonisierung des Stra\u00dfenverkehrs aktiv mit zu gestalten. Dazu geh\u00f6ren mit dem Unternehmensbereich Batteriesysteme auch Batteriemodule f\u00fcr elektrische Nutzfahrzeuge. <span class=\"excerpt-more__dots\">&#8230;<\/span> <a class=\"excerpt-more__link\" href=\"https:\/\/www.krafthand.de\/truck\/artikel\/strom-speicher-batterietechnik-fuer-nutzfahrzeuge-33666\/\" >weiter<\/a><\/p>\n","protected":false},"author":11,"featured_media":33667,"comment_status":"closed","ping_status":"closed","sticky":false,"template":"","format":"standard","meta":{"footnotes":""},"categories":[4224,4235],"tags":[1502,5262,4177,5353,1334],"settings":[3524,3523],"class_list":["post-33666","post","type-post","status-publish","format-standard","has-post-thumbnail","hentry","category-e-antrieb","category-unternehmen","tag-batterie","tag-batteriepack","tag-e-lkw","tag-robert-gantner","tag-webasto"],"yoast_head":"<!-- This site is optimized with the Yoast SEO plugin v27.3 - https:\/\/yoast.com\/product\/yoast-seo-wordpress\/ -->\n<title>Interview mit Robert Gantner, Webasto-Batteriemodule f\u00fcr E-Lkw<\/title>\n<meta name=\"description\" content=\"Der Automobilzulieferer Webasto mit Hauptsitz im bayerischen Stockdorf fertigt Batteriemodule f\u00fcr elektrische Nutzfahrzeuge.\" \/>\n<meta name=\"robots\" content=\"index, follow, max-snippet:-1, max-image-preview:large, max-video-preview:-1\" \/>\n<link rel=\"canonical\" href=\"https:\/\/www.krafthand.de\/truck\/artikel\/strom-speicher-batterietechnik-fuer-nutzfahrzeuge-33666\/\" \/>\n<meta property=\"og:locale\" content=\"de_DE\" \/>\n<meta property=\"og:type\" content=\"article\" \/>\n<meta property=\"og:title\" content=\"Interview mit Robert Gantner, Webasto-Batteriemodule f\u00fcr E-Lkw\" \/>\n<meta property=\"og:description\" content=\"Der Automobilzulieferer Webasto mit Hauptsitz im bayerischen Stockdorf fertigt Batteriemodule f\u00fcr elektrische Nutzfahrzeuge.\" \/>\n<meta property=\"og:url\" content=\"https:\/\/www.krafthand-truck.de\/artikel\/strom-speicher-batterietechnik-fuer-nutzfahrzeuge-33666\/\" \/>\n<meta property=\"og:site_name\" content=\"Krafthand-Truck\" \/>\n<meta property=\"article:published_time\" content=\"2022-09-19T05:37:19+00:00\" \/>\n<meta property=\"og:image\" content=\"https:\/\/static.krafthand-truck.de\/uploads\/2022\/09\/03_2022_005_1.jpg\" \/>\n\t<meta property=\"og:image:width\" content=\"1301\" \/>\n\t<meta property=\"og:image:height\" content=\"720\" \/>\n\t<meta property=\"og:image:type\" content=\"image\/jpeg\" \/>\n<meta name=\"author\" content=\"Redaktion Truck\" \/>\n<meta name=\"twitter:card\" content=\"summary_large_image\" \/>\n<meta name=\"twitter:label1\" content=\"Verfasst von\" \/>\n\t<meta name=\"twitter:data1\" content=\"Redaktion Truck\" \/>\n\t<meta name=\"twitter:label2\" content=\"Gesch\u00e4tzte Lesezeit\" \/>\n\t<meta name=\"twitter:data2\" content=\"7\u00a0Minuten\" \/>\n<script type=\"application\/ld+json\" class=\"yoast-schema-graph\">{\"@context\":\"https:\\\/\\\/schema.org\",\"@graph\":[{\"@type\":\"Article\",\"@id\":\"https:\\\/\\\/www.krafthand.de\\\/truck\\\/artikel\\\/strom-speicher-batterietechnik-fuer-nutzfahrzeuge-33666\\\/#article\",\"isPartOf\":{\"@id\":\"https:\\\/\\\/www.krafthand.de\\\/truck\\\/artikel\\\/strom-speicher-batterietechnik-fuer-nutzfahrzeuge-33666\\\/\"},\"author\":{\"name\":\"Redaktion Truck\",\"@id\":\"https:\\\/\\\/www.krafthand.de\\\/truck\\\/#\\\/schema\\\/person\\\/5e47d727209575a4b89376746e24f02f\"},\"headline\":\"Strom-Speicher &#8211; Batterietechnik f\u00fcr Nutzfahrzeuge\",\"datePublished\":\"2022-09-19T05:37:19+00:00\",\"mainEntityOfPage\":{\"@id\":\"https:\\\/\\\/www.krafthand.de\\\/truck\\\/artikel\\\/strom-speicher-batterietechnik-fuer-nutzfahrzeuge-33666\\\/\"},\"wordCount\":1137,\"image\":{\"@id\":\"https:\\\/\\\/www.krafthand.de\\\/truck\\\/artikel\\\/strom-speicher-batterietechnik-fuer-nutzfahrzeuge-33666\\\/#primaryimage\"},\"thumbnailUrl\":\"https:\\\/\\\/static.krafthand-truck.de\\\/uploads\\\/2022\\\/09\\\/03_2022_005_1.jpg\",\"keywords\":[\"Batterie\",\"Batteriepack\",\"E-Lkw\",\"Robert Gantner\",\"Webasto\"],\"articleSection\":[\"E-Antrieb (BEV\\\/FCEV)\",\"Unternehmen\"],\"inLanguage\":\"de\"},{\"@type\":\"WebPage\",\"@id\":\"https:\\\/\\\/www.krafthand.de\\\/truck\\\/artikel\\\/strom-speicher-batterietechnik-fuer-nutzfahrzeuge-33666\\\/\",\"url\":\"https:\\\/\\\/www.krafthand.de\\\/truck\\\/artikel\\\/strom-speicher-batterietechnik-fuer-nutzfahrzeuge-33666\\\/\",\"name\":\"Interview mit Robert Gantner, Webasto-Batteriemodule f\u00fcr E-Lkw\",\"isPartOf\":{\"@id\":\"https:\\\/\\\/www.krafthand.de\\\/truck\\\/#website\"},\"primaryImageOfPage\":{\"@id\":\"https:\\\/\\\/www.krafthand.de\\\/truck\\\/artikel\\\/strom-speicher-batterietechnik-fuer-nutzfahrzeuge-33666\\\/#primaryimage\"},\"image\":{\"@id\":\"https:\\\/\\\/www.krafthand.de\\\/truck\\\/artikel\\\/strom-speicher-batterietechnik-fuer-nutzfahrzeuge-33666\\\/#primaryimage\"},\"thumbnailUrl\":\"https:\\\/\\\/static.krafthand-truck.de\\\/uploads\\\/2022\\\/09\\\/03_2022_005_1.jpg\",\"datePublished\":\"2022-09-19T05:37:19+00:00\",\"author\":{\"@id\":\"https:\\\/\\\/www.krafthand.de\\\/truck\\\/#\\\/schema\\\/person\\\/5e47d727209575a4b89376746e24f02f\"},\"description\":\"Der Automobilzulieferer Webasto mit Hauptsitz im bayerischen Stockdorf fertigt Batteriemodule f\u00fcr elektrische Nutzfahrzeuge.\",\"breadcrumb\":{\"@id\":\"https:\\\/\\\/www.krafthand.de\\\/truck\\\/artikel\\\/strom-speicher-batterietechnik-fuer-nutzfahrzeuge-33666\\\/#breadcrumb\"},\"inLanguage\":\"de\",\"potentialAction\":[{\"@type\":\"ReadAction\",\"target\":[\"https:\\\/\\\/www.krafthand.de\\\/truck\\\/artikel\\\/strom-speicher-batterietechnik-fuer-nutzfahrzeuge-33666\\\/\"]}]},{\"@type\":\"ImageObject\",\"inLanguage\":\"de\",\"@id\":\"https:\\\/\\\/www.krafthand.de\\\/truck\\\/artikel\\\/strom-speicher-batterietechnik-fuer-nutzfahrzeuge-33666\\\/#primaryimage\",\"url\":\"https:\\\/\\\/static.krafthand-truck.de\\\/uploads\\\/2022\\\/09\\\/03_2022_005_1.jpg\",\"contentUrl\":\"https:\\\/\\\/static.krafthand-truck.de\\\/uploads\\\/2022\\\/09\\\/03_2022_005_1.jpg\",\"width\":1301,\"height\":720,\"caption\":\"Batteriesystem inklusive Thermomanagement am Beispiel eines Lkw. Die Anordnung der Batteriepacks ist variabel. Bilder: Webasto\"},{\"@type\":\"BreadcrumbList\",\"@id\":\"https:\\\/\\\/www.krafthand.de\\\/truck\\\/artikel\\\/strom-speicher-batterietechnik-fuer-nutzfahrzeuge-33666\\\/#breadcrumb\",\"itemListElement\":[{\"@type\":\"ListItem\",\"position\":1,\"name\":\"Krafthand-Truck\",\"item\":\"https:\\\/\\\/www.krafthand.de\\\/truck\\\/\"},{\"@type\":\"ListItem\",\"position\":2,\"name\":\"Nfz-Branche\",\"item\":\"https:\\\/\\\/www.krafthand.de\\\/truck\\\/kategorie\\\/branche\\\/\"},{\"@type\":\"ListItem\",\"position\":3,\"name\":\"Unternehmen\",\"item\":\"https:\\\/\\\/www.krafthand.de\\\/truck\\\/kategorie\\\/branche\\\/unternehmen\\\/\"},{\"@type\":\"ListItem\",\"position\":4,\"name\":\"Strom-Speicher &#8211; Batterietechnik f\u00fcr Nutzfahrzeuge\"}]},{\"@type\":\"WebSite\",\"@id\":\"https:\\\/\\\/www.krafthand.de\\\/truck\\\/#website\",\"url\":\"https:\\\/\\\/www.krafthand.de\\\/truck\\\/\",\"name\":\"Krafthand-Truck\",\"description\":\"\",\"potentialAction\":[{\"@type\":\"SearchAction\",\"target\":{\"@type\":\"EntryPoint\",\"urlTemplate\":\"https:\\\/\\\/www.krafthand.de\\\/truck\\\/?s={search_term_string}\"},\"query-input\":{\"@type\":\"PropertyValueSpecification\",\"valueRequired\":true,\"valueName\":\"search_term_string\"}}],\"inLanguage\":\"de\"},{\"@type\":\"Person\",\"@id\":\"https:\\\/\\\/www.krafthand.de\\\/truck\\\/#\\\/schema\\\/person\\\/5e47d727209575a4b89376746e24f02f\",\"name\":\"Redaktion Truck\",\"image\":{\"@type\":\"ImageObject\",\"inLanguage\":\"de\",\"@id\":\"https:\\\/\\\/secure.gravatar.com\\\/avatar\\\/64cedf5d293ad6eb6600c19e949d032ff0090f240174891ab1517d73ead05c87?s=96&d=mm&r=g\",\"url\":\"https:\\\/\\\/secure.gravatar.com\\\/avatar\\\/64cedf5d293ad6eb6600c19e949d032ff0090f240174891ab1517d73ead05c87?s=96&d=mm&r=g\",\"contentUrl\":\"https:\\\/\\\/secure.gravatar.com\\\/avatar\\\/64cedf5d293ad6eb6600c19e949d032ff0090f240174891ab1517d73ead05c87?s=96&d=mm&r=g\",\"caption\":\"Redaktion Truck\"}}]}<\/script>\n<!-- \/ Yoast SEO plugin. -->","yoast_head_json":{"title":"Interview mit Robert Gantner, Webasto-Batteriemodule f\u00fcr E-Lkw","description":"Der Automobilzulieferer Webasto mit Hauptsitz im bayerischen Stockdorf fertigt Batteriemodule f\u00fcr elektrische Nutzfahrzeuge.","robots":{"index":"index","follow":"follow","max-snippet":"max-snippet:-1","max-image-preview":"max-image-preview:large","max-video-preview":"max-video-preview:-1"},"canonical":"https:\/\/www.krafthand.de\/truck\/artikel\/strom-speicher-batterietechnik-fuer-nutzfahrzeuge-33666\/","og_locale":"de_DE","og_type":"article","og_title":"Interview mit Robert Gantner, Webasto-Batteriemodule f\u00fcr E-Lkw","og_description":"Der Automobilzulieferer Webasto mit Hauptsitz im bayerischen Stockdorf fertigt Batteriemodule f\u00fcr elektrische Nutzfahrzeuge.","og_url":"https:\/\/www.krafthand-truck.de\/artikel\/strom-speicher-batterietechnik-fuer-nutzfahrzeuge-33666\/","og_site_name":"Krafthand-Truck","article_published_time":"2022-09-19T05:37:19+00:00","og_image":[{"width":1301,"height":720,"url":"https:\/\/static.krafthand-truck.de\/uploads\/2022\/09\/03_2022_005_1.jpg","type":"image\/jpeg"}],"author":"Redaktion Truck","twitter_card":"summary_large_image","twitter_misc":{"Verfasst von":"Redaktion Truck","Gesch\u00e4tzte Lesezeit":"7\u00a0Minuten"},"schema":{"@context":"https:\/\/schema.org","@graph":[{"@type":"Article","@id":"https:\/\/www.krafthand.de\/truck\/artikel\/strom-speicher-batterietechnik-fuer-nutzfahrzeuge-33666\/#article","isPartOf":{"@id":"https:\/\/www.krafthand.de\/truck\/artikel\/strom-speicher-batterietechnik-fuer-nutzfahrzeuge-33666\/"},"author":{"name":"Redaktion Truck","@id":"https:\/\/www.krafthand.de\/truck\/#\/schema\/person\/5e47d727209575a4b89376746e24f02f"},"headline":"Strom-Speicher &#8211; Batterietechnik f\u00fcr Nutzfahrzeuge","datePublished":"2022-09-19T05:37:19+00:00","mainEntityOfPage":{"@id":"https:\/\/www.krafthand.de\/truck\/artikel\/strom-speicher-batterietechnik-fuer-nutzfahrzeuge-33666\/"},"wordCount":1137,"image":{"@id":"https:\/\/www.krafthand.de\/truck\/artikel\/strom-speicher-batterietechnik-fuer-nutzfahrzeuge-33666\/#primaryimage"},"thumbnailUrl":"https:\/\/static.krafthand-truck.de\/uploads\/2022\/09\/03_2022_005_1.jpg","keywords":["Batterie","Batteriepack","E-Lkw","Robert Gantner","Webasto"],"articleSection":["E-Antrieb (BEV\/FCEV)","Unternehmen"],"inLanguage":"de"},{"@type":"WebPage","@id":"https:\/\/www.krafthand.de\/truck\/artikel\/strom-speicher-batterietechnik-fuer-nutzfahrzeuge-33666\/","url":"https:\/\/www.krafthand.de\/truck\/artikel\/strom-speicher-batterietechnik-fuer-nutzfahrzeuge-33666\/","name":"Interview mit Robert Gantner, Webasto-Batteriemodule f\u00fcr E-Lkw","isPartOf":{"@id":"https:\/\/www.krafthand.de\/truck\/#website"},"primaryImageOfPage":{"@id":"https:\/\/www.krafthand.de\/truck\/artikel\/strom-speicher-batterietechnik-fuer-nutzfahrzeuge-33666\/#primaryimage"},"image":{"@id":"https:\/\/www.krafthand.de\/truck\/artikel\/strom-speicher-batterietechnik-fuer-nutzfahrzeuge-33666\/#primaryimage"},"thumbnailUrl":"https:\/\/static.krafthand-truck.de\/uploads\/2022\/09\/03_2022_005_1.jpg","datePublished":"2022-09-19T05:37:19+00:00","author":{"@id":"https:\/\/www.krafthand.de\/truck\/#\/schema\/person\/5e47d727209575a4b89376746e24f02f"},"description":"Der Automobilzulieferer Webasto mit Hauptsitz im bayerischen Stockdorf fertigt Batteriemodule f\u00fcr elektrische Nutzfahrzeuge.","breadcrumb":{"@id":"https:\/\/www.krafthand.de\/truck\/artikel\/strom-speicher-batterietechnik-fuer-nutzfahrzeuge-33666\/#breadcrumb"},"inLanguage":"de","potentialAction":[{"@type":"ReadAction","target":["https:\/\/www.krafthand.de\/truck\/artikel\/strom-speicher-batterietechnik-fuer-nutzfahrzeuge-33666\/"]}]},{"@type":"ImageObject","inLanguage":"de","@id":"https:\/\/www.krafthand.de\/truck\/artikel\/strom-speicher-batterietechnik-fuer-nutzfahrzeuge-33666\/#primaryimage","url":"https:\/\/static.krafthand-truck.de\/uploads\/2022\/09\/03_2022_005_1.jpg","contentUrl":"https:\/\/static.krafthand-truck.de\/uploads\/2022\/09\/03_2022_005_1.jpg","width":1301,"height":720,"caption":"Batteriesystem inklusive Thermomanagement am Beispiel eines Lkw. Die Anordnung der Batteriepacks ist variabel. Bilder: Webasto"},{"@type":"BreadcrumbList","@id":"https:\/\/www.krafthand.de\/truck\/artikel\/strom-speicher-batterietechnik-fuer-nutzfahrzeuge-33666\/#breadcrumb","itemListElement":[{"@type":"ListItem","position":1,"name":"Krafthand-Truck","item":"https:\/\/www.krafthand.de\/truck\/"},{"@type":"ListItem","position":2,"name":"Nfz-Branche","item":"https:\/\/www.krafthand.de\/truck\/kategorie\/branche\/"},{"@type":"ListItem","position":3,"name":"Unternehmen","item":"https:\/\/www.krafthand.de\/truck\/kategorie\/branche\/unternehmen\/"},{"@type":"ListItem","position":4,"name":"Strom-Speicher &#8211; Batterietechnik f\u00fcr Nutzfahrzeuge"}]},{"@type":"WebSite","@id":"https:\/\/www.krafthand.de\/truck\/#website","url":"https:\/\/www.krafthand.de\/truck\/","name":"Krafthand-Truck","description":"","potentialAction":[{"@type":"SearchAction","target":{"@type":"EntryPoint","urlTemplate":"https:\/\/www.krafthand.de\/truck\/?s={search_term_string}"},"query-input":{"@type":"PropertyValueSpecification","valueRequired":true,"valueName":"search_term_string"}}],"inLanguage":"de"},{"@type":"Person","@id":"https:\/\/www.krafthand.de\/truck\/#\/schema\/person\/5e47d727209575a4b89376746e24f02f","name":"Redaktion Truck","image":{"@type":"ImageObject","inLanguage":"de","@id":"https:\/\/secure.gravatar.com\/avatar\/64cedf5d293ad6eb6600c19e949d032ff0090f240174891ab1517d73ead05c87?s=96&d=mm&r=g","url":"https:\/\/secure.gravatar.com\/avatar\/64cedf5d293ad6eb6600c19e949d032ff0090f240174891ab1517d73ead05c87?s=96&d=mm&r=g","contentUrl":"https:\/\/secure.gravatar.com\/avatar\/64cedf5d293ad6eb6600c19e949d032ff0090f240174891ab1517d73ead05c87?s=96&d=mm&r=g","caption":"Redaktion Truck"}}]}},"_links":{"self":[{"href":"https:\/\/www.krafthand.de\/truck\/wp-json\/wp\/v2\/posts\/33666","targetHints":{"allow":["GET"]}}],"collection":[{"href":"https:\/\/www.krafthand.de\/truck\/wp-json\/wp\/v2\/posts"}],"about":[{"href":"https:\/\/www.krafthand.de\/truck\/wp-json\/wp\/v2\/types\/post"}],"author":[{"embeddable":true,"href":"https:\/\/www.krafthand.de\/truck\/wp-json\/wp\/v2\/users\/11"}],"replies":[{"embeddable":true,"href":"https:\/\/www.krafthand.de\/truck\/wp-json\/wp\/v2\/comments?post=33666"}],"version-history":[{"count":8,"href":"https:\/\/www.krafthand.de\/truck\/wp-json\/wp\/v2\/posts\/33666\/revisions"}],"predecessor-version":[{"id":33678,"href":"https:\/\/www.krafthand.de\/truck\/wp-json\/wp\/v2\/posts\/33666\/revisions\/33678"}],"wp:featuredmedia":[{"embeddable":true,"href":"https:\/\/www.krafthand.de\/truck\/wp-json\/wp\/v2\/media\/33667"}],"wp:attachment":[{"href":"https:\/\/www.krafthand.de\/truck\/wp-json\/wp\/v2\/media?parent=33666"}],"wp:term":[{"taxonomy":"category","embeddable":true,"href":"https:\/\/www.krafthand.de\/truck\/wp-json\/wp\/v2\/categories?post=33666"},{"taxonomy":"post_tag","embeddable":true,"href":"https:\/\/www.krafthand.de\/truck\/wp-json\/wp\/v2\/tags?post=33666"},{"taxonomy":"settings","embeddable":true,"href":"https:\/\/www.krafthand.de\/truck\/wp-json\/wp\/v2\/settings?post=33666"}],"curies":[{"name":"wp","href":"https:\/\/api.w.org\/{rel}","templated":true}]}}