{"id":33641,"date":"2022-09-16T17:07:51","date_gmt":"2022-09-16T15:07:51","guid":{"rendered":"https:\/\/www.krafthand.de\/truck\/?p=33641"},"modified":"2022-09-16T18:17:57","modified_gmt":"2022-09-16T16:17:57","slug":"plattform-zukunft","status":"publish","type":"post","link":"https:\/\/www.krafthand.de\/truck\/artikel\/plattform-zukunft-33641\/","title":{"rendered":"Plattform Zukunft"},"content":{"rendered":"<p>Deutsche und internationale Transport- und Logistik-Unternehmen machen sich bereit f\u00fcr die IAA Transportation. Vormals IAA Nutzfahrzeuge, vernetzt die \u201aneue\u2018 IAA Transportation erstmals die relevanten Akteure aus den Bereichen Nutzfahrzeuge, Busse und Logistik mit f\u00fchrenden Tech-Anbietern und Zulieferern.<\/p>\n<p>Ein wichtiges Ziel des neuen Konzeptes sei es dem VDA zufolge, als erste internationale Plattform im Verkehrsbereich den Fokus erfolgreich auf die klimaneutrale und technologische Transformation der gesamten Transportbranche zu richten.<\/p>\n<p>Zu den gr\u00f6\u00dften Ausstellern der <a href=\"https:\/\/iaa-transportation.com\/de\" target=\"_blank\" rel=\"noopener\">IAA Transportation<\/a> z\u00e4hlen in diesem Jahr renommierte Nutzfahrzeughersteller wie <strong>Daimler Truck, DAF, Ford, IVECO, MAN<\/strong> oder <strong>Scania<\/strong>, die ihre neuesten Produkte und Entwicklungen auf umfangreichen Standfl\u00e4chen sowie im Rahmen innovativer und abwechslungsreicher Formate pr\u00e4sentieren werden.<\/p>\n<p>Insgesamt erwartet die Messe mehr als 1.200 Aussteller aus \u00fcber 40 L\u00e4ndern, darunter zahlreiche etablierte Unternehmen und Startups, die zum ersten Mal mit einem Stand auf der IAA vertreten sind, insbesondere aus den Bereichen Technologie, Infrastruktur, Energie, Personen- und Last-Mile-Transport. Zum Beispiel: Amazon relay, Linde, Samsung, Siemens, oder neue Fahrzeughersteller mit einem Fokus auf nachhaltige Antriebe wie <strong>Nikola, Quantron<\/strong> oder <strong>Volta Trucks<\/strong>.<\/p>\n<p>&nbsp;<\/p>\n<div class=\"infobox box-grey\"><\/p>\n<p><figure id=\"attachment_33643\" aria-describedby=\"caption-attachment-33643\" style=\"width: 140px\" class=\"wp-caption alignleft\"><a href=\"https:\/\/static.krafthand-truck.de\/uploads\/2022\/09\/03_2022_028_2.jpg\" target=\"_blank\" rel=\"noopener\"><img decoding=\"async\" class=\"wp-image-33643\" src=\"https:\/\/static.krafthand-truck.de\/uploads\/2022\/09\/03_2022_028_2-224x300.jpg\" alt=\"\" width=\"140\" height=\"188\" srcset=\"https:\/\/static.krafthand-truck.de\/uploads\/2022\/09\/03_2022_028_2-224x300.jpg 224w, https:\/\/static.krafthand-truck.de\/uploads\/2022\/09\/03_2022_028_2-765x1024.jpg 765w, https:\/\/static.krafthand-truck.de\/uploads\/2022\/09\/03_2022_028_2-768x1029.jpg 768w, https:\/\/static.krafthand-truck.de\/uploads\/2022\/09\/03_2022_028_2.jpg 896w\" sizes=\"(max-width: 140px) 100vw, 140px\" \/><\/a><figcaption id=\"caption-attachment-33643\" class=\"wp-caption-text\"><span style=\"color: #ffcc00;\">J\u00fcrgen Mindel<\/span><\/figcaption><\/figure><\/p>\n<p><span style=\"color: #ffcc00;\"><em>\u201eWir sind hocherfreut \u00fcber die hervorragende Resonanz der Unternehmen auf unser neues Veranstaltungskonzept. Nach mehr als zwei Jahren pandemiebedingter Einschr\u00e4nkungen steigt nicht nur bei uns, sondern auch bei den Firmen jeden Tag die Vorfreude darauf, sich wieder live und pers\u00f6nlich zu begegnen, um neue Kontakte zu kn\u00fcpfen, bereits bestehende zu vertiefen und spannende Produkte und Konzepte zu diskutieren. Mit der IAA Transportation bieten wir den perfekten Rahmen daf\u00fcr\u201c<\/em>, so VDA-Gesch\u00e4ftsf\u00fchrer J\u00fcrgen Mindel.<\/span><\/p>\n<p>&nbsp;<\/p>\n<p><\/div>\n<p>&nbsp;<\/p>\n<p>Unter dem Motto \u201ePeople and Goods on the move\u201c findet die neue IAA Transportation vom 20. bis 25. September 2022 auf dem Gel\u00e4nde der Deutschen Messe AG in Hannover statt.<\/p>\n<p><i>Den Beitrag finden Sie auch in der Print-Ausgabe 3-2022 der <a href=\"https:\/\/www.krafthand.de\/truck\/magazin\/\" title=\"Zum Magazin\">Krafthand-Truck<\/a>.<\/i><\/p>\r\n\t\t\t\t<div class=\"post-author\">\r\n\t\t\t\t\t<div class=\"khm-cp-author clearfix\">\r\n\t\t\t\t\t\t<div class=\"khm-cp-author__content\">\r\n\t\t\t\t\t\t\t\tKontakt zum Autor:<br \/>\r\n\t\t\t\t\t\t\t\t<strong>Georg Blenk<\/strong>, 08247 \/ 3007-45 |  <a href=\"mailto:georg.blenk@krafthand-medien.de\">georg.blenk@krafthand-medien.de<\/a>\r\n\t\t\t\t\t\t\t<div class=\"khm-cp-author__image\">\r\n\t\t\t\t\t\t<img src=\"https:\/\/static.krafthand-truck.de\/uploads\/2021\/01\/Blenk_6104-250x300-1-removebg-preview.png\" class=\"img-responsive\">\r\n\t\t\t\t\t<\/div>\r\n\t\t\t\t\t\t<\/div>\r\n\t\t\t\t\t<\/div>\r\n\t\t\t\t<\/div>\r\n\t\t\t\t","protected":false},"excerpt":{"rendered":"<p>Deutsche und internationale Transport- und Logistik-Unternehmen machen sich bereit f\u00fcr die IAA Transportation. Vormals IAA Nutzfahrzeuge, vernetzt die \u201aneue\u2018 IAA Transportation erstmals die relevanten Akteure aus den Bereichen Nutzfahrzeuge, Busse und Logistik mit f\u00fchrenden Tech-Anbietern und Zulieferern. <span class=\"excerpt-more__dots\">&#8230;<\/span> <a class=\"excerpt-more__link\" href=\"https:\/\/www.krafthand.de\/truck\/artikel\/plattform-zukunft-33641\/\" >weiter<\/a><\/p>\n","protected":false},"author":9,"featured_media":33690,"comment_status":"closed","ping_status":"closed","sticky":false,"template":"","format":"standard","meta":{"footnotes":""},"categories":[4236],"tags":[5238],"settings":[3524,3523],"class_list":["post-33641","post","type-post","status-publish","format-standard","has-post-thumbnail","hentry","category-veranstaltungen","tag-iaa-transportation"],"yoast_head":"<!-- This site is optimized with the Yoast SEO plugin v27.3 - https:\/\/yoast.com\/product\/yoast-seo-wordpress\/ -->\n<title>IAA Transportation 2022 - Plattform Zukunft I Krafthand-Truck<\/title>\n<meta name=\"description\" content=\"Deutsche und internationale Transport- und Logistik-Unternehmen machen sich bereit f\u00fcr die IAA Transportation 2022.\" \/>\n<meta name=\"robots\" content=\"index, follow, max-snippet:-1, max-image-preview:large, max-video-preview:-1\" \/>\n<link rel=\"canonical\" href=\"https:\/\/www.krafthand.de\/truck\/artikel\/plattform-zukunft-33641\/\" \/>\n<meta property=\"og:locale\" content=\"de_DE\" \/>\n<meta property=\"og:type\" content=\"article\" \/>\n<meta property=\"og:title\" content=\"IAA Transportation 2022 - Plattform Zukunft I Krafthand-Truck\" \/>\n<meta property=\"og:description\" content=\"Deutsche und internationale Transport- und Logistik-Unternehmen machen sich bereit f\u00fcr die IAA Transportation 2022.\" \/>\n<meta property=\"og:url\" content=\"https:\/\/www.krafthand-truck.de\/artikel\/plattform-zukunft-33641\/\" \/>\n<meta property=\"og:site_name\" content=\"Krafthand-Truck\" \/>\n<meta property=\"article:published_time\" content=\"2022-09-16T15:07:51+00:00\" \/>\n<meta property=\"article:modified_time\" content=\"2022-09-16T16:17:57+00:00\" \/>\n<meta property=\"og:image\" content=\"https:\/\/static.krafthand-truck.de\/uploads\/2022\/09\/IAA_Transportation_2022_Header.jpg\" \/>\n\t<meta property=\"og:image:width\" content=\"1200\" \/>\n\t<meta property=\"og:image:height\" content=\"375\" \/>\n\t<meta property=\"og:image:type\" content=\"image\/jpeg\" \/>\n<meta name=\"author\" content=\"georg.blenk@krafthand-medien.de\" \/>\n<meta name=\"twitter:card\" content=\"summary_large_image\" \/>\n<meta name=\"twitter:label1\" content=\"Verfasst von\" \/>\n\t<meta name=\"twitter:data1\" content=\"georg.blenk@krafthand-medien.de\" \/>\n\t<meta name=\"twitter:label2\" content=\"Gesch\u00e4tzte Lesezeit\" \/>\n\t<meta name=\"twitter:data2\" content=\"2\u00a0Minuten\" \/>\n<script type=\"application\/ld+json\" class=\"yoast-schema-graph\">{\"@context\":\"https:\\\/\\\/schema.org\",\"@graph\":[{\"@type\":\"Article\",\"@id\":\"https:\\\/\\\/www.krafthand.de\\\/truck\\\/artikel\\\/plattform-zukunft-33641\\\/#article\",\"isPartOf\":{\"@id\":\"https:\\\/\\\/www.krafthand.de\\\/truck\\\/artikel\\\/plattform-zukunft-33641\\\/\"},\"author\":{\"name\":\"georg.blenk@krafthand-medien.de\",\"@id\":\"https:\\\/\\\/www.krafthand.de\\\/truck\\\/#\\\/schema\\\/person\\\/51fa80b1c57034c4bf63f9f988fc24ce\"},\"headline\":\"Plattform Zukunft\",\"datePublished\":\"2022-09-16T15:07:51+00:00\",\"dateModified\":\"2022-09-16T16:17:57+00:00\",\"mainEntityOfPage\":{\"@id\":\"https:\\\/\\\/www.krafthand.de\\\/truck\\\/artikel\\\/plattform-zukunft-33641\\\/\"},\"wordCount\":299,\"image\":{\"@id\":\"https:\\\/\\\/www.krafthand.de\\\/truck\\\/artikel\\\/plattform-zukunft-33641\\\/#primaryimage\"},\"thumbnailUrl\":\"https:\\\/\\\/static.krafthand-truck.de\\\/uploads\\\/2022\\\/09\\\/IAA_Transportation_2022_Header.jpg\",\"keywords\":[\"IAA Transportation\"],\"articleSection\":[\"Veranstaltungen\\\/Messen\"],\"inLanguage\":\"de\"},{\"@type\":\"WebPage\",\"@id\":\"https:\\\/\\\/www.krafthand.de\\\/truck\\\/artikel\\\/plattform-zukunft-33641\\\/\",\"url\":\"https:\\\/\\\/www.krafthand.de\\\/truck\\\/artikel\\\/plattform-zukunft-33641\\\/\",\"name\":\"IAA Transportation 2022 - Plattform Zukunft I Krafthand-Truck\",\"isPartOf\":{\"@id\":\"https:\\\/\\\/www.krafthand.de\\\/truck\\\/#website\"},\"primaryImageOfPage\":{\"@id\":\"https:\\\/\\\/www.krafthand.de\\\/truck\\\/artikel\\\/plattform-zukunft-33641\\\/#primaryimage\"},\"image\":{\"@id\":\"https:\\\/\\\/www.krafthand.de\\\/truck\\\/artikel\\\/plattform-zukunft-33641\\\/#primaryimage\"},\"thumbnailUrl\":\"https:\\\/\\\/static.krafthand-truck.de\\\/uploads\\\/2022\\\/09\\\/IAA_Transportation_2022_Header.jpg\",\"datePublished\":\"2022-09-16T15:07:51+00:00\",\"dateModified\":\"2022-09-16T16:17:57+00:00\",\"author\":{\"@id\":\"https:\\\/\\\/www.krafthand.de\\\/truck\\\/#\\\/schema\\\/person\\\/51fa80b1c57034c4bf63f9f988fc24ce\"},\"description\":\"Deutsche und internationale Transport- und Logistik-Unternehmen machen sich bereit f\u00fcr die IAA Transportation 2022.\",\"breadcrumb\":{\"@id\":\"https:\\\/\\\/www.krafthand.de\\\/truck\\\/artikel\\\/plattform-zukunft-33641\\\/#breadcrumb\"},\"inLanguage\":\"de\",\"potentialAction\":[{\"@type\":\"ReadAction\",\"target\":[\"https:\\\/\\\/www.krafthand.de\\\/truck\\\/artikel\\\/plattform-zukunft-33641\\\/\"]}]},{\"@type\":\"ImageObject\",\"inLanguage\":\"de\",\"@id\":\"https:\\\/\\\/www.krafthand.de\\\/truck\\\/artikel\\\/plattform-zukunft-33641\\\/#primaryimage\",\"url\":\"https:\\\/\\\/static.krafthand-truck.de\\\/uploads\\\/2022\\\/09\\\/IAA_Transportation_2022_Header.jpg\",\"contentUrl\":\"https:\\\/\\\/static.krafthand-truck.de\\\/uploads\\\/2022\\\/09\\\/IAA_Transportation_2022_Header.jpg\",\"width\":1200,\"height\":375},{\"@type\":\"BreadcrumbList\",\"@id\":\"https:\\\/\\\/www.krafthand.de\\\/truck\\\/artikel\\\/plattform-zukunft-33641\\\/#breadcrumb\",\"itemListElement\":[{\"@type\":\"ListItem\",\"position\":1,\"name\":\"Krafthand-Truck\",\"item\":\"https:\\\/\\\/www.krafthand.de\\\/truck\\\/\"},{\"@type\":\"ListItem\",\"position\":2,\"name\":\"Nfz-Branche\",\"item\":\"https:\\\/\\\/www.krafthand.de\\\/truck\\\/kategorie\\\/branche\\\/\"},{\"@type\":\"ListItem\",\"position\":3,\"name\":\"Veranstaltungen\\\/Messen\",\"item\":\"https:\\\/\\\/www.krafthand.de\\\/truck\\\/kategorie\\\/branche\\\/veranstaltungen\\\/\"},{\"@type\":\"ListItem\",\"position\":4,\"name\":\"Plattform Zukunft\"}]},{\"@type\":\"WebSite\",\"@id\":\"https:\\\/\\\/www.krafthand.de\\\/truck\\\/#website\",\"url\":\"https:\\\/\\\/www.krafthand.de\\\/truck\\\/\",\"name\":\"Krafthand-Truck\",\"description\":\"\",\"potentialAction\":[{\"@type\":\"SearchAction\",\"target\":{\"@type\":\"EntryPoint\",\"urlTemplate\":\"https:\\\/\\\/www.krafthand.de\\\/truck\\\/?s={search_term_string}\"},\"query-input\":{\"@type\":\"PropertyValueSpecification\",\"valueRequired\":true,\"valueName\":\"search_term_string\"}}],\"inLanguage\":\"de\"},{\"@type\":\"Person\",\"@id\":\"https:\\\/\\\/www.krafthand.de\\\/truck\\\/#\\\/schema\\\/person\\\/51fa80b1c57034c4bf63f9f988fc24ce\",\"name\":\"georg.blenk@krafthand-medien.de\",\"image\":{\"@type\":\"ImageObject\",\"inLanguage\":\"de\",\"@id\":\"https:\\\/\\\/secure.gravatar.com\\\/avatar\\\/93713c30affe0aa95d3a4130e499bb1abee2eb31adbdd9ce2aa1543538490215?s=96&d=mm&r=g\",\"url\":\"https:\\\/\\\/secure.gravatar.com\\\/avatar\\\/93713c30affe0aa95d3a4130e499bb1abee2eb31adbdd9ce2aa1543538490215?s=96&d=mm&r=g\",\"contentUrl\":\"https:\\\/\\\/secure.gravatar.com\\\/avatar\\\/93713c30affe0aa95d3a4130e499bb1abee2eb31adbdd9ce2aa1543538490215?s=96&d=mm&r=g\",\"caption\":\"georg.blenk@krafthand-medien.de\"}}]}<\/script>\n<!-- \/ Yoast SEO plugin. -->","yoast_head_json":{"title":"IAA Transportation 2022 - Plattform Zukunft I Krafthand-Truck","description":"Deutsche und internationale Transport- und Logistik-Unternehmen machen sich bereit f\u00fcr die IAA Transportation 2022.","robots":{"index":"index","follow":"follow","max-snippet":"max-snippet:-1","max-image-preview":"max-image-preview:large","max-video-preview":"max-video-preview:-1"},"canonical":"https:\/\/www.krafthand.de\/truck\/artikel\/plattform-zukunft-33641\/","og_locale":"de_DE","og_type":"article","og_title":"IAA Transportation 2022 - Plattform Zukunft I Krafthand-Truck","og_description":"Deutsche und internationale Transport- und Logistik-Unternehmen machen sich bereit f\u00fcr die IAA Transportation 2022.","og_url":"https:\/\/www.krafthand-truck.de\/artikel\/plattform-zukunft-33641\/","og_site_name":"Krafthand-Truck","article_published_time":"2022-09-16T15:07:51+00:00","article_modified_time":"2022-09-16T16:17:57+00:00","og_image":[{"width":1200,"height":375,"url":"https:\/\/static.krafthand-truck.de\/uploads\/2022\/09\/IAA_Transportation_2022_Header.jpg","type":"image\/jpeg"}],"author":"georg.blenk@krafthand-medien.de","twitter_card":"summary_large_image","twitter_misc":{"Verfasst von":"georg.blenk@krafthand-medien.de","Gesch\u00e4tzte Lesezeit":"2\u00a0Minuten"},"schema":{"@context":"https:\/\/schema.org","@graph":[{"@type":"Article","@id":"https:\/\/www.krafthand.de\/truck\/artikel\/plattform-zukunft-33641\/#article","isPartOf":{"@id":"https:\/\/www.krafthand.de\/truck\/artikel\/plattform-zukunft-33641\/"},"author":{"name":"georg.blenk@krafthand-medien.de","@id":"https:\/\/www.krafthand.de\/truck\/#\/schema\/person\/51fa80b1c57034c4bf63f9f988fc24ce"},"headline":"Plattform Zukunft","datePublished":"2022-09-16T15:07:51+00:00","dateModified":"2022-09-16T16:17:57+00:00","mainEntityOfPage":{"@id":"https:\/\/www.krafthand.de\/truck\/artikel\/plattform-zukunft-33641\/"},"wordCount":299,"image":{"@id":"https:\/\/www.krafthand.de\/truck\/artikel\/plattform-zukunft-33641\/#primaryimage"},"thumbnailUrl":"https:\/\/static.krafthand-truck.de\/uploads\/2022\/09\/IAA_Transportation_2022_Header.jpg","keywords":["IAA Transportation"],"articleSection":["Veranstaltungen\/Messen"],"inLanguage":"de"},{"@type":"WebPage","@id":"https:\/\/www.krafthand.de\/truck\/artikel\/plattform-zukunft-33641\/","url":"https:\/\/www.krafthand.de\/truck\/artikel\/plattform-zukunft-33641\/","name":"IAA Transportation 2022 - Plattform Zukunft I Krafthand-Truck","isPartOf":{"@id":"https:\/\/www.krafthand.de\/truck\/#website"},"primaryImageOfPage":{"@id":"https:\/\/www.krafthand.de\/truck\/artikel\/plattform-zukunft-33641\/#primaryimage"},"image":{"@id":"https:\/\/www.krafthand.de\/truck\/artikel\/plattform-zukunft-33641\/#primaryimage"},"thumbnailUrl":"https:\/\/static.krafthand-truck.de\/uploads\/2022\/09\/IAA_Transportation_2022_Header.jpg","datePublished":"2022-09-16T15:07:51+00:00","dateModified":"2022-09-16T16:17:57+00:00","author":{"@id":"https:\/\/www.krafthand.de\/truck\/#\/schema\/person\/51fa80b1c57034c4bf63f9f988fc24ce"},"description":"Deutsche und internationale Transport- und Logistik-Unternehmen machen sich bereit f\u00fcr die IAA Transportation 2022.","breadcrumb":{"@id":"https:\/\/www.krafthand.de\/truck\/artikel\/plattform-zukunft-33641\/#breadcrumb"},"inLanguage":"de","potentialAction":[{"@type":"ReadAction","target":["https:\/\/www.krafthand.de\/truck\/artikel\/plattform-zukunft-33641\/"]}]},{"@type":"ImageObject","inLanguage":"de","@id":"https:\/\/www.krafthand.de\/truck\/artikel\/plattform-zukunft-33641\/#primaryimage","url":"https:\/\/static.krafthand-truck.de\/uploads\/2022\/09\/IAA_Transportation_2022_Header.jpg","contentUrl":"https:\/\/static.krafthand-truck.de\/uploads\/2022\/09\/IAA_Transportation_2022_Header.jpg","width":1200,"height":375},{"@type":"BreadcrumbList","@id":"https:\/\/www.krafthand.de\/truck\/artikel\/plattform-zukunft-33641\/#breadcrumb","itemListElement":[{"@type":"ListItem","position":1,"name":"Krafthand-Truck","item":"https:\/\/www.krafthand.de\/truck\/"},{"@type":"ListItem","position":2,"name":"Nfz-Branche","item":"https:\/\/www.krafthand.de\/truck\/kategorie\/branche\/"},{"@type":"ListItem","position":3,"name":"Veranstaltungen\/Messen","item":"https:\/\/www.krafthand.de\/truck\/kategorie\/branche\/veranstaltungen\/"},{"@type":"ListItem","position":4,"name":"Plattform Zukunft"}]},{"@type":"WebSite","@id":"https:\/\/www.krafthand.de\/truck\/#website","url":"https:\/\/www.krafthand.de\/truck\/","name":"Krafthand-Truck","description":"","potentialAction":[{"@type":"SearchAction","target":{"@type":"EntryPoint","urlTemplate":"https:\/\/www.krafthand.de\/truck\/?s={search_term_string}"},"query-input":{"@type":"PropertyValueSpecification","valueRequired":true,"valueName":"search_term_string"}}],"inLanguage":"de"},{"@type":"Person","@id":"https:\/\/www.krafthand.de\/truck\/#\/schema\/person\/51fa80b1c57034c4bf63f9f988fc24ce","name":"georg.blenk@krafthand-medien.de","image":{"@type":"ImageObject","inLanguage":"de","@id":"https:\/\/secure.gravatar.com\/avatar\/93713c30affe0aa95d3a4130e499bb1abee2eb31adbdd9ce2aa1543538490215?s=96&d=mm&r=g","url":"https:\/\/secure.gravatar.com\/avatar\/93713c30affe0aa95d3a4130e499bb1abee2eb31adbdd9ce2aa1543538490215?s=96&d=mm&r=g","contentUrl":"https:\/\/secure.gravatar.com\/avatar\/93713c30affe0aa95d3a4130e499bb1abee2eb31adbdd9ce2aa1543538490215?s=96&d=mm&r=g","caption":"georg.blenk@krafthand-medien.de"}}]}},"_links":{"self":[{"href":"https:\/\/www.krafthand.de\/truck\/wp-json\/wp\/v2\/posts\/33641","targetHints":{"allow":["GET"]}}],"collection":[{"href":"https:\/\/www.krafthand.de\/truck\/wp-json\/wp\/v2\/posts"}],"about":[{"href":"https:\/\/www.krafthand.de\/truck\/wp-json\/wp\/v2\/types\/post"}],"author":[{"embeddable":true,"href":"https:\/\/www.krafthand.de\/truck\/wp-json\/wp\/v2\/users\/9"}],"replies":[{"embeddable":true,"href":"https:\/\/www.krafthand.de\/truck\/wp-json\/wp\/v2\/comments?post=33641"}],"version-history":[{"count":22,"href":"https:\/\/www.krafthand.de\/truck\/wp-json\/wp\/v2\/posts\/33641\/revisions"}],"predecessor-version":[{"id":33665,"href":"https:\/\/www.krafthand.de\/truck\/wp-json\/wp\/v2\/posts\/33641\/revisions\/33665"}],"wp:featuredmedia":[{"embeddable":true,"href":"https:\/\/www.krafthand.de\/truck\/wp-json\/wp\/v2\/media\/33690"}],"wp:attachment":[{"href":"https:\/\/www.krafthand.de\/truck\/wp-json\/wp\/v2\/media?parent=33641"}],"wp:term":[{"taxonomy":"category","embeddable":true,"href":"https:\/\/www.krafthand.de\/truck\/wp-json\/wp\/v2\/categories?post=33641"},{"taxonomy":"post_tag","embeddable":true,"href":"https:\/\/www.krafthand.de\/truck\/wp-json\/wp\/v2\/tags?post=33641"},{"taxonomy":"settings","embeddable":true,"href":"https:\/\/www.krafthand.de\/truck\/wp-json\/wp\/v2\/settings?post=33641"}],"curies":[{"name":"wp","href":"https:\/\/api.w.org\/{rel}","templated":true}]}}