{"id":33560,"date":"2022-09-15T10:27:50","date_gmt":"2022-09-15T08:27:50","guid":{"rendered":"https:\/\/www.krafthand.de\/truck\/?p=33560"},"modified":"2022-09-15T10:35:19","modified_gmt":"2022-09-15T08:35:19","slug":"bpw-und-alltrucks-vereinbaren-strategische-partnerschaft","status":"publish","type":"post","link":"https:\/\/www.krafthand.de\/truck\/artikel\/bpw-und-alltrucks-vereinbaren-strategische-partnerschaft-33560\/","title":{"rendered":"BPW und Alltrucks vereinbaren strategische Partnerschaft"},"content":{"rendered":"<p>Alltrucks, das Werkstattsystem f\u00fcr Nutzfahrzeugwerkst\u00e4tten von Bosch, Knorr-Bremse und ZF, verst\u00e4rkt das Servicenetzwerk des Achsenspezialisten BPW in Europa und erweitert gleichzeitig die eigene Service- und Trailer-Kompetenz durch Achsen, Fahrwerksl\u00f6sungen und e-LKW-Antriebe. Die Alltrucks Partner in Mitteleuropa bieten ab Anfang 2023 Mobilit\u00e4tsprodukte und digitale Ersatzteilservices von BPW. Fahrzeugbetreiber sollen von mehr Tempo, Sicherheit und N\u00e4he beim Trailer-Service profitieren.<\/p>\n<p>Das markenu\u0308bergreifende Full-Service-Werkstattkonzept <a href=\"https:\/\/www.alltrucks.com\" target=\"_blank\" rel=\"noopener\">&#8218;Alltrucks Truck &amp; Trailer Service&#8216;<\/a> und die <a href=\"https:\/\/www.bpw.de\" target=\"_blank\" rel=\"noopener\">BPW Bergische Achsen KG<\/a> haben im Vorfeld der <a href=\"https:\/\/iaa-transportation.com\/de\" target=\"_blank\" rel=\"noopener\">IAA Transportation<\/a> eine internationale Zusammenarbeit vereinbart. BPW m\u00f6chte durch die Kooperation sein Servicenetzwerk zun\u00e4chst um die Alltrucks Werkst\u00e4tten in Deutschland, den Niederlanden, \u00d6sterreich und der Schweiz erweitern. Anschlie\u00dfend soll die Zusammenarbeit schrittweise in Europa ausgeweitet werden.<\/p>\n<h3>Start im Januar 2023<\/h3>\n<p>Ab Januar 2023 werden Alltrucks Partnerwerkst\u00e4tten sowie ausgew\u00e4hlte bestehende BPW-Servicepartner Wartungen und Reparaturen von Trailer-Achsen und -Fahrwerkskomponenten anbieten. Durch Schulungen, digitale Dienstleistungen, einfachen und smarten Ersatzteilservice sowie vereinheitlichte Prozesse m\u00f6chten BPW und Alltrucks f\u00fcr einen professionellen Ansatz im Aftersales und dadurch f\u00fcr mehr N\u00e4he, Tempo und Sicherheit beim Trailer-Service \u2013 und damit f\u00fcr mehr Uptime und Kundenzufriedenheit sorgen.<\/p>\n<p>Spezialisierte Alltrucks Partnerwerkst\u00e4tten \u00fcbernehmen zudem den Service f\u00fcr BAX, die neue Marke f\u00fcr elektrische Lkw mit BPW Achsantriebssystem. Als Serienfahrzeug mit EU-Typgenehmigung und dem erweiterten, eMobility-geschulten Werkstattnetz von Alltrucks ist der neue <a href=\"https:\/\/www.krafthand.de\/truck\/artikel\/elektrisch-auf-achse-der-bax-7-5-und-die-technik-dahinter-32746\/\" target=\"_blank\" rel=\"noopener\">BAX 7.5<\/a> startklar f\u00fcr die europaweite Markteinf\u00fchrung.<\/p>\n<h3>Support durch Ersatzteilnetzwerk<\/h3>\n<p>BPW unterst\u00fctzt Alltrucks zudem durch das eigene Ersatzteilhandelsnetzwerk. Dabei erhalten die Werkst\u00e4tten Zugriff auf innovative digitale Dienste \u2013 etwa eine Smartphone-App, durch die sich Ersatzteile in Sekundenschnelle identifizieren und zuk\u00fcnftig auch Wartungsvorschriften abrufen lassen. BPW bietet auf Wunsch auch ein digitales Ersatzteillager, das in die Werkstatt integriert werden kann oder als vorger\u00fcsteter Container (\u201eUpbox\u201c) auf dem Gel\u00e4nde abgestellt wird: Ben\u00f6tigte Ersatzteile k\u00f6nnen vom Werkstattpersonal einfach aus den Regalen entnommen werden; sie werden per Funketikett automatisch identifiziert, abgerechnet und nachbest\u00fcckt.<\/p>\n<blockquote><p>\u201eDurch die Partnerschaft mit Alltrucks k\u00f6nnen wir Fahrzeugbetreibern europaweit eine herausragende, einheitliche Servicequalit\u00e4t rund um den Trailer bieten. Auf diese Weise k\u00f6nnen wir die digitale Effizienz unserer L\u00f6sungen und die optimale Uptime noch engmaschiger gew\u00e4hrleisten, &#8220; so Thore Bakker, General Manager Trailer Solutions &amp; Mobility Services bei BPW.<\/p><\/blockquote>\n<p>Homer Smyrliadis, Gesch\u00e4ftsfu\u0308hrer von Alltrucks erg\u00e4nzt: <em>\u201eMit BPW st\u00e4rken wir unser Full-Service-Werkstattsystem um einen weiteren europ\u00e4ischen Branchenf\u00fchrer der Nutzfahrzeugindustrie. Dies bringt uns einen gro\u00dfen Schritt n\u00e4her in Richtung eines ganzheitlichen, effizienten und sicheren Mobilit\u00e4tskonzepts f\u00fcr Transportunternehmen. Das Engagement unserer beiden Unternehmen f\u00fcr h\u00f6chste Qualit\u00e4t und Service macht diese Kooperation ideal, um die steigenden Erwartungen der Kunden zu erfu\u0308llen.\u201c<\/em><\/p>\n<p>Alltrucks ist auf der IAA Transportation in <strong>Halle 12, Stand B50<\/strong> zu finden.<\/p>\n","protected":false},"excerpt":{"rendered":"<p>Alltrucks, das Werkstattsystem f\u00fcr Nutzfahrzeugwerkst\u00e4tten von Bosch, Knorr-Bremse und ZF, verst\u00e4rkt das Servicenetzwerk des Achsenspezialisten BPW in Europa und erweitert gleichzeitig die eigene Service- und Trailer-Kompetenz durch Achsen, Fahrwerksl\u00f6sungen und e-LKW-Antriebe. <span class=\"excerpt-more__dots\">&#8230;<\/span> <a class=\"excerpt-more__link\" href=\"https:\/\/www.krafthand.de\/truck\/artikel\/bpw-und-alltrucks-vereinbaren-strategische-partnerschaft-33560\/\" >weiter<\/a><\/p>\n","protected":false},"author":9,"featured_media":33564,"comment_status":"closed","ping_status":"closed","sticky":false,"template":"","format":"standard","meta":{"footnotes":""},"categories":[4238,4235],"tags":[182,173],"settings":[4766,3523],"class_list":["post-33560","post","type-post","status-publish","format-standard","has-post-thumbnail","hentry","category-koepfe","category-unternehmen","tag-alltrucks","tag-bpw"],"yoast_head":"<!-- This site is optimized with the Yoast SEO plugin v27.3 - https:\/\/yoast.com\/product\/yoast-seo-wordpress\/ -->\n<title>Alltrucks und BPW kooperieren I Krafthand-Truck<\/title>\n<meta name=\"description\" content=\"Alltrucks verst\u00e4rkt das Servicenetzwerk von BPW und erweitert die Kompetenz durch Achsen, Fahrwerksl\u00f6sungen und e-LKW-Antriebe.\" \/>\n<meta name=\"robots\" content=\"index, follow, max-snippet:-1, max-image-preview:large, max-video-preview:-1\" \/>\n<link rel=\"canonical\" href=\"https:\/\/www.krafthand.de\/truck\/artikel\/bpw-und-alltrucks-vereinbaren-strategische-partnerschaft-33560\/\" \/>\n<meta property=\"og:locale\" content=\"de_DE\" \/>\n<meta property=\"og:type\" content=\"article\" \/>\n<meta property=\"og:title\" content=\"Alltrucks und BPW kooperieren I Krafthand-Truck\" \/>\n<meta property=\"og:description\" content=\"Alltrucks verst\u00e4rkt das Servicenetzwerk von BPW und erweitert die Kompetenz durch Achsen, Fahrwerksl\u00f6sungen und e-LKW-Antriebe.\" \/>\n<meta property=\"og:url\" content=\"https:\/\/www.krafthand-truck.de\/artikel\/bpw-und-alltrucks-vereinbaren-strategische-partnerschaft-33560\/\" \/>\n<meta property=\"og:site_name\" content=\"Krafthand-Truck\" \/>\n<meta property=\"article:published_time\" content=\"2022-09-15T08:27:50+00:00\" \/>\n<meta property=\"article:modified_time\" content=\"2022-09-15T08:35:19+00:00\" \/>\n<meta property=\"og:image\" content=\"https:\/\/static.krafthand-truck.de\/uploads\/2022\/09\/BPW-Alltrucks-Bakker-Smyrliadis_Alltrucks.jpg\" \/>\n\t<meta property=\"og:image:width\" content=\"1200\" \/>\n\t<meta property=\"og:image:height\" content=\"800\" \/>\n\t<meta property=\"og:image:type\" content=\"image\/jpeg\" \/>\n<meta name=\"author\" content=\"georg.blenk@krafthand-medien.de\" \/>\n<meta name=\"twitter:card\" content=\"summary_large_image\" \/>\n<meta name=\"twitter:label1\" content=\"Verfasst von\" \/>\n\t<meta name=\"twitter:data1\" content=\"georg.blenk@krafthand-medien.de\" \/>\n\t<meta name=\"twitter:label2\" content=\"Gesch\u00e4tzte Lesezeit\" \/>\n\t<meta name=\"twitter:data2\" content=\"3\u00a0Minuten\" \/>\n<script type=\"application\/ld+json\" class=\"yoast-schema-graph\">{\"@context\":\"https:\\\/\\\/schema.org\",\"@graph\":[{\"@type\":\"Article\",\"@id\":\"https:\\\/\\\/www.krafthand.de\\\/truck\\\/artikel\\\/bpw-und-alltrucks-vereinbaren-strategische-partnerschaft-33560\\\/#article\",\"isPartOf\":{\"@id\":\"https:\\\/\\\/www.krafthand.de\\\/truck\\\/artikel\\\/bpw-und-alltrucks-vereinbaren-strategische-partnerschaft-33560\\\/\"},\"author\":{\"name\":\"georg.blenk@krafthand-medien.de\",\"@id\":\"https:\\\/\\\/www.krafthand.de\\\/truck\\\/#\\\/schema\\\/person\\\/51fa80b1c57034c4bf63f9f988fc24ce\"},\"headline\":\"BPW und Alltrucks vereinbaren strategische Partnerschaft\",\"datePublished\":\"2022-09-15T08:27:50+00:00\",\"dateModified\":\"2022-09-15T08:35:19+00:00\",\"mainEntityOfPage\":{\"@id\":\"https:\\\/\\\/www.krafthand.de\\\/truck\\\/artikel\\\/bpw-und-alltrucks-vereinbaren-strategische-partnerschaft-33560\\\/\"},\"wordCount\":461,\"image\":{\"@id\":\"https:\\\/\\\/www.krafthand.de\\\/truck\\\/artikel\\\/bpw-und-alltrucks-vereinbaren-strategische-partnerschaft-33560\\\/#primaryimage\"},\"thumbnailUrl\":\"https:\\\/\\\/static.krafthand-truck.de\\\/uploads\\\/2022\\\/09\\\/BPW-Alltrucks-Bakker-Smyrliadis_Alltrucks.jpg\",\"keywords\":[\"Alltrucks\",\"BPW\"],\"articleSection\":[\"K\u00f6pfe\\\/Personen\",\"Unternehmen\"],\"inLanguage\":\"de\"},{\"@type\":\"WebPage\",\"@id\":\"https:\\\/\\\/www.krafthand.de\\\/truck\\\/artikel\\\/bpw-und-alltrucks-vereinbaren-strategische-partnerschaft-33560\\\/\",\"url\":\"https:\\\/\\\/www.krafthand.de\\\/truck\\\/artikel\\\/bpw-und-alltrucks-vereinbaren-strategische-partnerschaft-33560\\\/\",\"name\":\"Alltrucks und BPW kooperieren I Krafthand-Truck\",\"isPartOf\":{\"@id\":\"https:\\\/\\\/www.krafthand.de\\\/truck\\\/#website\"},\"primaryImageOfPage\":{\"@id\":\"https:\\\/\\\/www.krafthand.de\\\/truck\\\/artikel\\\/bpw-und-alltrucks-vereinbaren-strategische-partnerschaft-33560\\\/#primaryimage\"},\"image\":{\"@id\":\"https:\\\/\\\/www.krafthand.de\\\/truck\\\/artikel\\\/bpw-und-alltrucks-vereinbaren-strategische-partnerschaft-33560\\\/#primaryimage\"},\"thumbnailUrl\":\"https:\\\/\\\/static.krafthand-truck.de\\\/uploads\\\/2022\\\/09\\\/BPW-Alltrucks-Bakker-Smyrliadis_Alltrucks.jpg\",\"datePublished\":\"2022-09-15T08:27:50+00:00\",\"dateModified\":\"2022-09-15T08:35:19+00:00\",\"author\":{\"@id\":\"https:\\\/\\\/www.krafthand.de\\\/truck\\\/#\\\/schema\\\/person\\\/51fa80b1c57034c4bf63f9f988fc24ce\"},\"description\":\"Alltrucks verst\u00e4rkt das Servicenetzwerk von BPW und erweitert die Kompetenz durch Achsen, Fahrwerksl\u00f6sungen und e-LKW-Antriebe.\",\"breadcrumb\":{\"@id\":\"https:\\\/\\\/www.krafthand.de\\\/truck\\\/artikel\\\/bpw-und-alltrucks-vereinbaren-strategische-partnerschaft-33560\\\/#breadcrumb\"},\"inLanguage\":\"de\",\"potentialAction\":[{\"@type\":\"ReadAction\",\"target\":[\"https:\\\/\\\/www.krafthand.de\\\/truck\\\/artikel\\\/bpw-und-alltrucks-vereinbaren-strategische-partnerschaft-33560\\\/\"]}]},{\"@type\":\"ImageObject\",\"inLanguage\":\"de\",\"@id\":\"https:\\\/\\\/www.krafthand.de\\\/truck\\\/artikel\\\/bpw-und-alltrucks-vereinbaren-strategische-partnerschaft-33560\\\/#primaryimage\",\"url\":\"https:\\\/\\\/static.krafthand-truck.de\\\/uploads\\\/2022\\\/09\\\/BPW-Alltrucks-Bakker-Smyrliadis_Alltrucks.jpg\",\"contentUrl\":\"https:\\\/\\\/static.krafthand-truck.de\\\/uploads\\\/2022\\\/09\\\/BPW-Alltrucks-Bakker-Smyrliadis_Alltrucks.jpg\",\"width\":1200,\"height\":800},{\"@type\":\"BreadcrumbList\",\"@id\":\"https:\\\/\\\/www.krafthand.de\\\/truck\\\/artikel\\\/bpw-und-alltrucks-vereinbaren-strategische-partnerschaft-33560\\\/#breadcrumb\",\"itemListElement\":[{\"@type\":\"ListItem\",\"position\":1,\"name\":\"Krafthand-Truck\",\"item\":\"https:\\\/\\\/www.krafthand.de\\\/truck\\\/\"},{\"@type\":\"ListItem\",\"position\":2,\"name\":\"Nfz-Branche\",\"item\":\"https:\\\/\\\/www.krafthand.de\\\/truck\\\/kategorie\\\/branche\\\/\"},{\"@type\":\"ListItem\",\"position\":3,\"name\":\"Unternehmen\",\"item\":\"https:\\\/\\\/www.krafthand.de\\\/truck\\\/kategorie\\\/branche\\\/unternehmen\\\/\"},{\"@type\":\"ListItem\",\"position\":4,\"name\":\"BPW und Alltrucks vereinbaren strategische Partnerschaft\"}]},{\"@type\":\"WebSite\",\"@id\":\"https:\\\/\\\/www.krafthand.de\\\/truck\\\/#website\",\"url\":\"https:\\\/\\\/www.krafthand.de\\\/truck\\\/\",\"name\":\"Krafthand-Truck\",\"description\":\"\",\"potentialAction\":[{\"@type\":\"SearchAction\",\"target\":{\"@type\":\"EntryPoint\",\"urlTemplate\":\"https:\\\/\\\/www.krafthand.de\\\/truck\\\/?s={search_term_string}\"},\"query-input\":{\"@type\":\"PropertyValueSpecification\",\"valueRequired\":true,\"valueName\":\"search_term_string\"}}],\"inLanguage\":\"de\"},{\"@type\":\"Person\",\"@id\":\"https:\\\/\\\/www.krafthand.de\\\/truck\\\/#\\\/schema\\\/person\\\/51fa80b1c57034c4bf63f9f988fc24ce\",\"name\":\"georg.blenk@krafthand-medien.de\",\"image\":{\"@type\":\"ImageObject\",\"inLanguage\":\"de\",\"@id\":\"https:\\\/\\\/secure.gravatar.com\\\/avatar\\\/93713c30affe0aa95d3a4130e499bb1abee2eb31adbdd9ce2aa1543538490215?s=96&d=mm&r=g\",\"url\":\"https:\\\/\\\/secure.gravatar.com\\\/avatar\\\/93713c30affe0aa95d3a4130e499bb1abee2eb31adbdd9ce2aa1543538490215?s=96&d=mm&r=g\",\"contentUrl\":\"https:\\\/\\\/secure.gravatar.com\\\/avatar\\\/93713c30affe0aa95d3a4130e499bb1abee2eb31adbdd9ce2aa1543538490215?s=96&d=mm&r=g\",\"caption\":\"georg.blenk@krafthand-medien.de\"}}]}<\/script>\n<!-- \/ Yoast SEO plugin. -->","yoast_head_json":{"title":"Alltrucks und BPW kooperieren I Krafthand-Truck","description":"Alltrucks verst\u00e4rkt das Servicenetzwerk von BPW und erweitert die Kompetenz durch Achsen, Fahrwerksl\u00f6sungen und e-LKW-Antriebe.","robots":{"index":"index","follow":"follow","max-snippet":"max-snippet:-1","max-image-preview":"max-image-preview:large","max-video-preview":"max-video-preview:-1"},"canonical":"https:\/\/www.krafthand.de\/truck\/artikel\/bpw-und-alltrucks-vereinbaren-strategische-partnerschaft-33560\/","og_locale":"de_DE","og_type":"article","og_title":"Alltrucks und BPW kooperieren I Krafthand-Truck","og_description":"Alltrucks verst\u00e4rkt das Servicenetzwerk von BPW und erweitert die Kompetenz durch Achsen, Fahrwerksl\u00f6sungen und e-LKW-Antriebe.","og_url":"https:\/\/www.krafthand-truck.de\/artikel\/bpw-und-alltrucks-vereinbaren-strategische-partnerschaft-33560\/","og_site_name":"Krafthand-Truck","article_published_time":"2022-09-15T08:27:50+00:00","article_modified_time":"2022-09-15T08:35:19+00:00","og_image":[{"width":1200,"height":800,"url":"https:\/\/static.krafthand-truck.de\/uploads\/2022\/09\/BPW-Alltrucks-Bakker-Smyrliadis_Alltrucks.jpg","type":"image\/jpeg"}],"author":"georg.blenk@krafthand-medien.de","twitter_card":"summary_large_image","twitter_misc":{"Verfasst von":"georg.blenk@krafthand-medien.de","Gesch\u00e4tzte Lesezeit":"3\u00a0Minuten"},"schema":{"@context":"https:\/\/schema.org","@graph":[{"@type":"Article","@id":"https:\/\/www.krafthand.de\/truck\/artikel\/bpw-und-alltrucks-vereinbaren-strategische-partnerschaft-33560\/#article","isPartOf":{"@id":"https:\/\/www.krafthand.de\/truck\/artikel\/bpw-und-alltrucks-vereinbaren-strategische-partnerschaft-33560\/"},"author":{"name":"georg.blenk@krafthand-medien.de","@id":"https:\/\/www.krafthand.de\/truck\/#\/schema\/person\/51fa80b1c57034c4bf63f9f988fc24ce"},"headline":"BPW und Alltrucks vereinbaren strategische Partnerschaft","datePublished":"2022-09-15T08:27:50+00:00","dateModified":"2022-09-15T08:35:19+00:00","mainEntityOfPage":{"@id":"https:\/\/www.krafthand.de\/truck\/artikel\/bpw-und-alltrucks-vereinbaren-strategische-partnerschaft-33560\/"},"wordCount":461,"image":{"@id":"https:\/\/www.krafthand.de\/truck\/artikel\/bpw-und-alltrucks-vereinbaren-strategische-partnerschaft-33560\/#primaryimage"},"thumbnailUrl":"https:\/\/static.krafthand-truck.de\/uploads\/2022\/09\/BPW-Alltrucks-Bakker-Smyrliadis_Alltrucks.jpg","keywords":["Alltrucks","BPW"],"articleSection":["K\u00f6pfe\/Personen","Unternehmen"],"inLanguage":"de"},{"@type":"WebPage","@id":"https:\/\/www.krafthand.de\/truck\/artikel\/bpw-und-alltrucks-vereinbaren-strategische-partnerschaft-33560\/","url":"https:\/\/www.krafthand.de\/truck\/artikel\/bpw-und-alltrucks-vereinbaren-strategische-partnerschaft-33560\/","name":"Alltrucks und BPW kooperieren I Krafthand-Truck","isPartOf":{"@id":"https:\/\/www.krafthand.de\/truck\/#website"},"primaryImageOfPage":{"@id":"https:\/\/www.krafthand.de\/truck\/artikel\/bpw-und-alltrucks-vereinbaren-strategische-partnerschaft-33560\/#primaryimage"},"image":{"@id":"https:\/\/www.krafthand.de\/truck\/artikel\/bpw-und-alltrucks-vereinbaren-strategische-partnerschaft-33560\/#primaryimage"},"thumbnailUrl":"https:\/\/static.krafthand-truck.de\/uploads\/2022\/09\/BPW-Alltrucks-Bakker-Smyrliadis_Alltrucks.jpg","datePublished":"2022-09-15T08:27:50+00:00","dateModified":"2022-09-15T08:35:19+00:00","author":{"@id":"https:\/\/www.krafthand.de\/truck\/#\/schema\/person\/51fa80b1c57034c4bf63f9f988fc24ce"},"description":"Alltrucks verst\u00e4rkt das Servicenetzwerk von BPW und erweitert die Kompetenz durch Achsen, Fahrwerksl\u00f6sungen und e-LKW-Antriebe.","breadcrumb":{"@id":"https:\/\/www.krafthand.de\/truck\/artikel\/bpw-und-alltrucks-vereinbaren-strategische-partnerschaft-33560\/#breadcrumb"},"inLanguage":"de","potentialAction":[{"@type":"ReadAction","target":["https:\/\/www.krafthand.de\/truck\/artikel\/bpw-und-alltrucks-vereinbaren-strategische-partnerschaft-33560\/"]}]},{"@type":"ImageObject","inLanguage":"de","@id":"https:\/\/www.krafthand.de\/truck\/artikel\/bpw-und-alltrucks-vereinbaren-strategische-partnerschaft-33560\/#primaryimage","url":"https:\/\/static.krafthand-truck.de\/uploads\/2022\/09\/BPW-Alltrucks-Bakker-Smyrliadis_Alltrucks.jpg","contentUrl":"https:\/\/static.krafthand-truck.de\/uploads\/2022\/09\/BPW-Alltrucks-Bakker-Smyrliadis_Alltrucks.jpg","width":1200,"height":800},{"@type":"BreadcrumbList","@id":"https:\/\/www.krafthand.de\/truck\/artikel\/bpw-und-alltrucks-vereinbaren-strategische-partnerschaft-33560\/#breadcrumb","itemListElement":[{"@type":"ListItem","position":1,"name":"Krafthand-Truck","item":"https:\/\/www.krafthand.de\/truck\/"},{"@type":"ListItem","position":2,"name":"Nfz-Branche","item":"https:\/\/www.krafthand.de\/truck\/kategorie\/branche\/"},{"@type":"ListItem","position":3,"name":"Unternehmen","item":"https:\/\/www.krafthand.de\/truck\/kategorie\/branche\/unternehmen\/"},{"@type":"ListItem","position":4,"name":"BPW und Alltrucks vereinbaren strategische Partnerschaft"}]},{"@type":"WebSite","@id":"https:\/\/www.krafthand.de\/truck\/#website","url":"https:\/\/www.krafthand.de\/truck\/","name":"Krafthand-Truck","description":"","potentialAction":[{"@type":"SearchAction","target":{"@type":"EntryPoint","urlTemplate":"https:\/\/www.krafthand.de\/truck\/?s={search_term_string}"},"query-input":{"@type":"PropertyValueSpecification","valueRequired":true,"valueName":"search_term_string"}}],"inLanguage":"de"},{"@type":"Person","@id":"https:\/\/www.krafthand.de\/truck\/#\/schema\/person\/51fa80b1c57034c4bf63f9f988fc24ce","name":"georg.blenk@krafthand-medien.de","image":{"@type":"ImageObject","inLanguage":"de","@id":"https:\/\/secure.gravatar.com\/avatar\/93713c30affe0aa95d3a4130e499bb1abee2eb31adbdd9ce2aa1543538490215?s=96&d=mm&r=g","url":"https:\/\/secure.gravatar.com\/avatar\/93713c30affe0aa95d3a4130e499bb1abee2eb31adbdd9ce2aa1543538490215?s=96&d=mm&r=g","contentUrl":"https:\/\/secure.gravatar.com\/avatar\/93713c30affe0aa95d3a4130e499bb1abee2eb31adbdd9ce2aa1543538490215?s=96&d=mm&r=g","caption":"georg.blenk@krafthand-medien.de"}}]}},"_links":{"self":[{"href":"https:\/\/www.krafthand.de\/truck\/wp-json\/wp\/v2\/posts\/33560","targetHints":{"allow":["GET"]}}],"collection":[{"href":"https:\/\/www.krafthand.de\/truck\/wp-json\/wp\/v2\/posts"}],"about":[{"href":"https:\/\/www.krafthand.de\/truck\/wp-json\/wp\/v2\/types\/post"}],"author":[{"embeddable":true,"href":"https:\/\/www.krafthand.de\/truck\/wp-json\/wp\/v2\/users\/9"}],"replies":[{"embeddable":true,"href":"https:\/\/www.krafthand.de\/truck\/wp-json\/wp\/v2\/comments?post=33560"}],"version-history":[{"count":11,"href":"https:\/\/www.krafthand.de\/truck\/wp-json\/wp\/v2\/posts\/33560\/revisions"}],"predecessor-version":[{"id":33572,"href":"https:\/\/www.krafthand.de\/truck\/wp-json\/wp\/v2\/posts\/33560\/revisions\/33572"}],"wp:featuredmedia":[{"embeddable":true,"href":"https:\/\/www.krafthand.de\/truck\/wp-json\/wp\/v2\/media\/33564"}],"wp:attachment":[{"href":"https:\/\/www.krafthand.de\/truck\/wp-json\/wp\/v2\/media?parent=33560"}],"wp:term":[{"taxonomy":"category","embeddable":true,"href":"https:\/\/www.krafthand.de\/truck\/wp-json\/wp\/v2\/categories?post=33560"},{"taxonomy":"post_tag","embeddable":true,"href":"https:\/\/www.krafthand.de\/truck\/wp-json\/wp\/v2\/tags?post=33560"},{"taxonomy":"settings","embeddable":true,"href":"https:\/\/www.krafthand.de\/truck\/wp-json\/wp\/v2\/settings?post=33560"}],"curies":[{"name":"wp","href":"https:\/\/api.w.org\/{rel}","templated":true}]}}