{"id":33523,"date":"2022-09-13T17:57:20","date_gmt":"2022-09-13T15:57:20","guid":{"rendered":"https:\/\/www.krafthand.de\/truck\/?p=33523"},"modified":"2022-09-13T17:59:58","modified_gmt":"2022-09-13T15:59:58","slug":"reifengrosshaendler-bohnenkamp-vergroessert-lagerkapazitaet","status":"publish","type":"post","link":"https:\/\/www.krafthand.de\/truck\/artikel\/reifengrosshaendler-bohnenkamp-vergroessert-lagerkapazitaet-33523\/","title":{"rendered":"Reifengro\u00dfh\u00e4ndler Bohnenkamp vergr\u00f6\u00dfert Lagerkapazit\u00e4t"},"content":{"rendered":"<p>Der Osnabr\u00fccker Reifengro\u00dfh\u00e4ndler <a href=\"https:\/\/www.bohnenkamp.de\" target=\"_blank\" rel=\"noopener\">Bohnenkamp<\/a> hat ein 17.000 Quadratmeter gro\u00dfes Au\u00dfenlager in Betrieb genommen. Die neuen Fl\u00e4chen sollen die Flexibilit\u00e4t und die Liefersicherheit des Gro\u00dfh\u00e4ndlers f\u00fcr Nutzfahrzeugreifen maximieren.<\/p>\n<p>Das neue Objekt liegt verkehrsg\u00fcnstig im Niedersachsenpark zwischen Rieste und Neuenkirchen-V\u00f6rden an der A1 und ist mit f\u00fcnf Lkw-Shuttles an die zentrale Reifenlogistik in Osnabr\u00fcck angebunden. Hier lagert Bohnenkamp Lkw-Reifen bis zum 54 Zoll gro\u00dfen Agrar-Profil. <em>\u201eAlles au\u00dfer Kleinreifen\u201c<\/em> bringt es Bohnenkamp-Logistikleiter Thomas Kettler auf den Punkt. Dank des breiten Warenbestands und elf Verladebr\u00fccken dient die zus\u00e4tzliche Lagerfl\u00e4che auch als eigenst\u00e4ndiger Warenumschlagplatz und kann so den hoch frequentierten Hauptsitz des Unternehmens entlasten.<\/p>\n<p>Mit der Erweiterung der Lagerfl\u00e4che m\u00f6chte die Bohnenkamp AG die Produktverf\u00fcgbarkeit und die Servicequalit\u00e4t auch in Zukunft sicher. <em>\u201eStetige Warenfl\u00fcsse w\u00e4ren nat\u00fcrlich ideal. Allerdings m\u00fcssen wir uns wie derzeit fast alle global vernetzten Unternehmen mit den aktuellen Unw\u00e4gbarkeiten auseinandersetzen\u201c<\/em>, sagt Thomas Kettler. <em>\u201eDie au\u00dfergew\u00f6hnlichen Faktoren k\u00f6nnen wir aber mit einer breiter aufgestellten Lagerhaltung sehr gut kompensieren und unseren Kundinnen und Kunden auch k\u00fcnftig den gewohnten partnerschaftlichen Service und verl\u00e4ssliche Verf\u00fcgbarkeit garantieren.\u201c<\/em><\/p>\n","protected":false},"excerpt":{"rendered":"<p>Der Osnabr\u00fccker Reifengro\u00dfh\u00e4ndler Bohnenkamp hat ein 17.000 Quadratmeter gro\u00dfes Au\u00dfenlager in Betrieb genommen. Die neuen Fl\u00e4chen sollen die Flexibilit\u00e4t und die Liefersicherheit des Gro\u00dfh\u00e4ndlers f\u00fcr Nutzfahrzeugreifen maximieren. <span class=\"excerpt-more__dots\">&#8230;<\/span> <a class=\"excerpt-more__link\" href=\"https:\/\/www.krafthand.de\/truck\/artikel\/reifengrosshaendler-bohnenkamp-vergroessert-lagerkapazitaet-33523\/\" >weiter<\/a><\/p>\n","protected":false},"author":9,"featured_media":33524,"comment_status":"closed","ping_status":"closed","sticky":false,"template":"","format":"standard","meta":{"footnotes":""},"categories":[4227,4235],"tags":[5016,299,99],"settings":[3523],"class_list":["post-33523","post","type-post","status-publish","format-standard","has-post-thumbnail","hentry","category-rad-reifen-bremse","category-unternehmen","tag-bohnenkamp","tag-lkw-reifen","tag-reifen"],"yoast_head":"<!-- This site is optimized with the Yoast SEO plugin v27.3 - https:\/\/yoast.com\/product\/yoast-seo-wordpress\/ -->\n<title>Reifengro\u00dfh\u00e4ndler Bohnenkamp vergr\u00f6\u00dfert Lagerkapazit\u00e4t - Krafthand-Truck<\/title>\n<meta name=\"robots\" content=\"index, follow, max-snippet:-1, max-image-preview:large, max-video-preview:-1\" \/>\n<link rel=\"canonical\" href=\"https:\/\/www.krafthand.de\/truck\/artikel\/reifengrosshaendler-bohnenkamp-vergroessert-lagerkapazitaet-33523\/\" \/>\n<meta property=\"og:locale\" content=\"de_DE\" \/>\n<meta property=\"og:type\" content=\"article\" \/>\n<meta property=\"og:title\" content=\"Reifengro\u00dfh\u00e4ndler Bohnenkamp vergr\u00f6\u00dfert Lagerkapazit\u00e4t - Krafthand-Truck\" \/>\n<meta property=\"og:description\" content=\"Der Osnabr\u00fccker Reifengro\u00dfh\u00e4ndler Bohnenkamp hat ein 17.000 Quadratmeter gro\u00dfes Au\u00dfenlager in Betrieb genommen. Die neuen Fl\u00e4chen sollen die Flexibilit\u00e4t und die Liefersicherheit des Gro\u00dfh\u00e4ndlers f\u00fcr Nutzfahrzeugreifen maximieren. ... weiter\" \/>\n<meta property=\"og:url\" content=\"https:\/\/www.krafthand-truck.de\/artikel\/reifengrosshaendler-bohnenkamp-vergroessert-lagerkapazitaet-33523\/\" \/>\n<meta property=\"og:site_name\" content=\"Krafthand-Truck\" \/>\n<meta property=\"article:published_time\" content=\"2022-09-13T15:57:20+00:00\" \/>\n<meta property=\"article:modified_time\" content=\"2022-09-13T15:59:58+00:00\" \/>\n<meta property=\"og:image\" content=\"https:\/\/static.krafthand-truck.de\/uploads\/2022\/09\/Bohenkamp_Aussenlager_Niedersachsenpark_Lkw_Reifen.jpg\" \/>\n\t<meta property=\"og:image:width\" content=\"900\" \/>\n\t<meta property=\"og:image:height\" content=\"622\" \/>\n\t<meta property=\"og:image:type\" content=\"image\/jpeg\" \/>\n<meta name=\"author\" content=\"georg.blenk@krafthand-medien.de\" \/>\n<meta name=\"twitter:card\" content=\"summary_large_image\" \/>\n<meta name=\"twitter:label1\" content=\"Verfasst von\" \/>\n\t<meta name=\"twitter:data1\" content=\"georg.blenk@krafthand-medien.de\" \/>\n\t<meta name=\"twitter:label2\" content=\"Gesch\u00e4tzte Lesezeit\" \/>\n\t<meta name=\"twitter:data2\" content=\"1\u00a0Minute\" \/>\n<script type=\"application\/ld+json\" class=\"yoast-schema-graph\">{\"@context\":\"https:\\\/\\\/schema.org\",\"@graph\":[{\"@type\":\"Article\",\"@id\":\"https:\\\/\\\/www.krafthand.de\\\/truck\\\/artikel\\\/reifengrosshaendler-bohnenkamp-vergroessert-lagerkapazitaet-33523\\\/#article\",\"isPartOf\":{\"@id\":\"https:\\\/\\\/www.krafthand.de\\\/truck\\\/artikel\\\/reifengrosshaendler-bohnenkamp-vergroessert-lagerkapazitaet-33523\\\/\"},\"author\":{\"name\":\"georg.blenk@krafthand-medien.de\",\"@id\":\"https:\\\/\\\/www.krafthand.de\\\/truck\\\/#\\\/schema\\\/person\\\/51fa80b1c57034c4bf63f9f988fc24ce\"},\"headline\":\"Reifengro\u00dfh\u00e4ndler Bohnenkamp vergr\u00f6\u00dfert Lagerkapazit\u00e4t\",\"datePublished\":\"2022-09-13T15:57:20+00:00\",\"dateModified\":\"2022-09-13T15:59:58+00:00\",\"mainEntityOfPage\":{\"@id\":\"https:\\\/\\\/www.krafthand.de\\\/truck\\\/artikel\\\/reifengrosshaendler-bohnenkamp-vergroessert-lagerkapazitaet-33523\\\/\"},\"wordCount\":211,\"image\":{\"@id\":\"https:\\\/\\\/www.krafthand.de\\\/truck\\\/artikel\\\/reifengrosshaendler-bohnenkamp-vergroessert-lagerkapazitaet-33523\\\/#primaryimage\"},\"thumbnailUrl\":\"https:\\\/\\\/static.krafthand-truck.de\\\/uploads\\\/2022\\\/09\\\/Bohenkamp_Aussenlager_Niedersachsenpark_Lkw_Reifen.jpg\",\"keywords\":[\"Bohnenkamp\",\"Lkw-Reifen\",\"Reifen\"],\"articleSection\":[\"Rad\\\/Reifen\\\/Bremse\",\"Unternehmen\"],\"inLanguage\":\"de\"},{\"@type\":\"WebPage\",\"@id\":\"https:\\\/\\\/www.krafthand.de\\\/truck\\\/artikel\\\/reifengrosshaendler-bohnenkamp-vergroessert-lagerkapazitaet-33523\\\/\",\"url\":\"https:\\\/\\\/www.krafthand.de\\\/truck\\\/artikel\\\/reifengrosshaendler-bohnenkamp-vergroessert-lagerkapazitaet-33523\\\/\",\"name\":\"Reifengro\u00dfh\u00e4ndler Bohnenkamp vergr\u00f6\u00dfert Lagerkapazit\u00e4t - Krafthand-Truck\",\"isPartOf\":{\"@id\":\"https:\\\/\\\/www.krafthand.de\\\/truck\\\/#website\"},\"primaryImageOfPage\":{\"@id\":\"https:\\\/\\\/www.krafthand.de\\\/truck\\\/artikel\\\/reifengrosshaendler-bohnenkamp-vergroessert-lagerkapazitaet-33523\\\/#primaryimage\"},\"image\":{\"@id\":\"https:\\\/\\\/www.krafthand.de\\\/truck\\\/artikel\\\/reifengrosshaendler-bohnenkamp-vergroessert-lagerkapazitaet-33523\\\/#primaryimage\"},\"thumbnailUrl\":\"https:\\\/\\\/static.krafthand-truck.de\\\/uploads\\\/2022\\\/09\\\/Bohenkamp_Aussenlager_Niedersachsenpark_Lkw_Reifen.jpg\",\"datePublished\":\"2022-09-13T15:57:20+00:00\",\"dateModified\":\"2022-09-13T15:59:58+00:00\",\"author\":{\"@id\":\"https:\\\/\\\/www.krafthand.de\\\/truck\\\/#\\\/schema\\\/person\\\/51fa80b1c57034c4bf63f9f988fc24ce\"},\"breadcrumb\":{\"@id\":\"https:\\\/\\\/www.krafthand.de\\\/truck\\\/artikel\\\/reifengrosshaendler-bohnenkamp-vergroessert-lagerkapazitaet-33523\\\/#breadcrumb\"},\"inLanguage\":\"de\",\"potentialAction\":[{\"@type\":\"ReadAction\",\"target\":[\"https:\\\/\\\/www.krafthand.de\\\/truck\\\/artikel\\\/reifengrosshaendler-bohnenkamp-vergroessert-lagerkapazitaet-33523\\\/\"]}]},{\"@type\":\"ImageObject\",\"inLanguage\":\"de\",\"@id\":\"https:\\\/\\\/www.krafthand.de\\\/truck\\\/artikel\\\/reifengrosshaendler-bohnenkamp-vergroessert-lagerkapazitaet-33523\\\/#primaryimage\",\"url\":\"https:\\\/\\\/static.krafthand-truck.de\\\/uploads\\\/2022\\\/09\\\/Bohenkamp_Aussenlager_Niedersachsenpark_Lkw_Reifen.jpg\",\"contentUrl\":\"https:\\\/\\\/static.krafthand-truck.de\\\/uploads\\\/2022\\\/09\\\/Bohenkamp_Aussenlager_Niedersachsenpark_Lkw_Reifen.jpg\",\"width\":900,\"height\":622},{\"@type\":\"BreadcrumbList\",\"@id\":\"https:\\\/\\\/www.krafthand.de\\\/truck\\\/artikel\\\/reifengrosshaendler-bohnenkamp-vergroessert-lagerkapazitaet-33523\\\/#breadcrumb\",\"itemListElement\":[{\"@type\":\"ListItem\",\"position\":1,\"name\":\"Krafthand-Truck\",\"item\":\"https:\\\/\\\/www.krafthand.de\\\/truck\\\/\"},{\"@type\":\"ListItem\",\"position\":2,\"name\":\"Nfz-Branche\",\"item\":\"https:\\\/\\\/www.krafthand.de\\\/truck\\\/kategorie\\\/branche\\\/\"},{\"@type\":\"ListItem\",\"position\":3,\"name\":\"Unternehmen\",\"item\":\"https:\\\/\\\/www.krafthand.de\\\/truck\\\/kategorie\\\/branche\\\/unternehmen\\\/\"},{\"@type\":\"ListItem\",\"position\":4,\"name\":\"Reifengro\u00dfh\u00e4ndler Bohnenkamp vergr\u00f6\u00dfert Lagerkapazit\u00e4t\"}]},{\"@type\":\"WebSite\",\"@id\":\"https:\\\/\\\/www.krafthand.de\\\/truck\\\/#website\",\"url\":\"https:\\\/\\\/www.krafthand.de\\\/truck\\\/\",\"name\":\"Krafthand-Truck\",\"description\":\"\",\"potentialAction\":[{\"@type\":\"SearchAction\",\"target\":{\"@type\":\"EntryPoint\",\"urlTemplate\":\"https:\\\/\\\/www.krafthand.de\\\/truck\\\/?s={search_term_string}\"},\"query-input\":{\"@type\":\"PropertyValueSpecification\",\"valueRequired\":true,\"valueName\":\"search_term_string\"}}],\"inLanguage\":\"de\"},{\"@type\":\"Person\",\"@id\":\"https:\\\/\\\/www.krafthand.de\\\/truck\\\/#\\\/schema\\\/person\\\/51fa80b1c57034c4bf63f9f988fc24ce\",\"name\":\"georg.blenk@krafthand-medien.de\",\"image\":{\"@type\":\"ImageObject\",\"inLanguage\":\"de\",\"@id\":\"https:\\\/\\\/secure.gravatar.com\\\/avatar\\\/93713c30affe0aa95d3a4130e499bb1abee2eb31adbdd9ce2aa1543538490215?s=96&d=mm&r=g\",\"url\":\"https:\\\/\\\/secure.gravatar.com\\\/avatar\\\/93713c30affe0aa95d3a4130e499bb1abee2eb31adbdd9ce2aa1543538490215?s=96&d=mm&r=g\",\"contentUrl\":\"https:\\\/\\\/secure.gravatar.com\\\/avatar\\\/93713c30affe0aa95d3a4130e499bb1abee2eb31adbdd9ce2aa1543538490215?s=96&d=mm&r=g\",\"caption\":\"georg.blenk@krafthand-medien.de\"}}]}<\/script>\n<!-- \/ Yoast SEO plugin. -->","yoast_head_json":{"title":"Reifengro\u00dfh\u00e4ndler Bohnenkamp vergr\u00f6\u00dfert Lagerkapazit\u00e4t - Krafthand-Truck","robots":{"index":"index","follow":"follow","max-snippet":"max-snippet:-1","max-image-preview":"max-image-preview:large","max-video-preview":"max-video-preview:-1"},"canonical":"https:\/\/www.krafthand.de\/truck\/artikel\/reifengrosshaendler-bohnenkamp-vergroessert-lagerkapazitaet-33523\/","og_locale":"de_DE","og_type":"article","og_title":"Reifengro\u00dfh\u00e4ndler Bohnenkamp vergr\u00f6\u00dfert Lagerkapazit\u00e4t - Krafthand-Truck","og_description":"Der Osnabr\u00fccker Reifengro\u00dfh\u00e4ndler Bohnenkamp hat ein 17.000 Quadratmeter gro\u00dfes Au\u00dfenlager in Betrieb genommen. Die neuen Fl\u00e4chen sollen die Flexibilit\u00e4t und die Liefersicherheit des Gro\u00dfh\u00e4ndlers f\u00fcr Nutzfahrzeugreifen maximieren. ... weiter","og_url":"https:\/\/www.krafthand-truck.de\/artikel\/reifengrosshaendler-bohnenkamp-vergroessert-lagerkapazitaet-33523\/","og_site_name":"Krafthand-Truck","article_published_time":"2022-09-13T15:57:20+00:00","article_modified_time":"2022-09-13T15:59:58+00:00","og_image":[{"width":900,"height":622,"url":"https:\/\/static.krafthand-truck.de\/uploads\/2022\/09\/Bohenkamp_Aussenlager_Niedersachsenpark_Lkw_Reifen.jpg","type":"image\/jpeg"}],"author":"georg.blenk@krafthand-medien.de","twitter_card":"summary_large_image","twitter_misc":{"Verfasst von":"georg.blenk@krafthand-medien.de","Gesch\u00e4tzte Lesezeit":"1\u00a0Minute"},"schema":{"@context":"https:\/\/schema.org","@graph":[{"@type":"Article","@id":"https:\/\/www.krafthand.de\/truck\/artikel\/reifengrosshaendler-bohnenkamp-vergroessert-lagerkapazitaet-33523\/#article","isPartOf":{"@id":"https:\/\/www.krafthand.de\/truck\/artikel\/reifengrosshaendler-bohnenkamp-vergroessert-lagerkapazitaet-33523\/"},"author":{"name":"georg.blenk@krafthand-medien.de","@id":"https:\/\/www.krafthand.de\/truck\/#\/schema\/person\/51fa80b1c57034c4bf63f9f988fc24ce"},"headline":"Reifengro\u00dfh\u00e4ndler Bohnenkamp vergr\u00f6\u00dfert Lagerkapazit\u00e4t","datePublished":"2022-09-13T15:57:20+00:00","dateModified":"2022-09-13T15:59:58+00:00","mainEntityOfPage":{"@id":"https:\/\/www.krafthand.de\/truck\/artikel\/reifengrosshaendler-bohnenkamp-vergroessert-lagerkapazitaet-33523\/"},"wordCount":211,"image":{"@id":"https:\/\/www.krafthand.de\/truck\/artikel\/reifengrosshaendler-bohnenkamp-vergroessert-lagerkapazitaet-33523\/#primaryimage"},"thumbnailUrl":"https:\/\/static.krafthand-truck.de\/uploads\/2022\/09\/Bohenkamp_Aussenlager_Niedersachsenpark_Lkw_Reifen.jpg","keywords":["Bohnenkamp","Lkw-Reifen","Reifen"],"articleSection":["Rad\/Reifen\/Bremse","Unternehmen"],"inLanguage":"de"},{"@type":"WebPage","@id":"https:\/\/www.krafthand.de\/truck\/artikel\/reifengrosshaendler-bohnenkamp-vergroessert-lagerkapazitaet-33523\/","url":"https:\/\/www.krafthand.de\/truck\/artikel\/reifengrosshaendler-bohnenkamp-vergroessert-lagerkapazitaet-33523\/","name":"Reifengro\u00dfh\u00e4ndler Bohnenkamp vergr\u00f6\u00dfert Lagerkapazit\u00e4t - Krafthand-Truck","isPartOf":{"@id":"https:\/\/www.krafthand.de\/truck\/#website"},"primaryImageOfPage":{"@id":"https:\/\/www.krafthand.de\/truck\/artikel\/reifengrosshaendler-bohnenkamp-vergroessert-lagerkapazitaet-33523\/#primaryimage"},"image":{"@id":"https:\/\/www.krafthand.de\/truck\/artikel\/reifengrosshaendler-bohnenkamp-vergroessert-lagerkapazitaet-33523\/#primaryimage"},"thumbnailUrl":"https:\/\/static.krafthand-truck.de\/uploads\/2022\/09\/Bohenkamp_Aussenlager_Niedersachsenpark_Lkw_Reifen.jpg","datePublished":"2022-09-13T15:57:20+00:00","dateModified":"2022-09-13T15:59:58+00:00","author":{"@id":"https:\/\/www.krafthand.de\/truck\/#\/schema\/person\/51fa80b1c57034c4bf63f9f988fc24ce"},"breadcrumb":{"@id":"https:\/\/www.krafthand.de\/truck\/artikel\/reifengrosshaendler-bohnenkamp-vergroessert-lagerkapazitaet-33523\/#breadcrumb"},"inLanguage":"de","potentialAction":[{"@type":"ReadAction","target":["https:\/\/www.krafthand.de\/truck\/artikel\/reifengrosshaendler-bohnenkamp-vergroessert-lagerkapazitaet-33523\/"]}]},{"@type":"ImageObject","inLanguage":"de","@id":"https:\/\/www.krafthand.de\/truck\/artikel\/reifengrosshaendler-bohnenkamp-vergroessert-lagerkapazitaet-33523\/#primaryimage","url":"https:\/\/static.krafthand-truck.de\/uploads\/2022\/09\/Bohenkamp_Aussenlager_Niedersachsenpark_Lkw_Reifen.jpg","contentUrl":"https:\/\/static.krafthand-truck.de\/uploads\/2022\/09\/Bohenkamp_Aussenlager_Niedersachsenpark_Lkw_Reifen.jpg","width":900,"height":622},{"@type":"BreadcrumbList","@id":"https:\/\/www.krafthand.de\/truck\/artikel\/reifengrosshaendler-bohnenkamp-vergroessert-lagerkapazitaet-33523\/#breadcrumb","itemListElement":[{"@type":"ListItem","position":1,"name":"Krafthand-Truck","item":"https:\/\/www.krafthand.de\/truck\/"},{"@type":"ListItem","position":2,"name":"Nfz-Branche","item":"https:\/\/www.krafthand.de\/truck\/kategorie\/branche\/"},{"@type":"ListItem","position":3,"name":"Unternehmen","item":"https:\/\/www.krafthand.de\/truck\/kategorie\/branche\/unternehmen\/"},{"@type":"ListItem","position":4,"name":"Reifengro\u00dfh\u00e4ndler Bohnenkamp vergr\u00f6\u00dfert Lagerkapazit\u00e4t"}]},{"@type":"WebSite","@id":"https:\/\/www.krafthand.de\/truck\/#website","url":"https:\/\/www.krafthand.de\/truck\/","name":"Krafthand-Truck","description":"","potentialAction":[{"@type":"SearchAction","target":{"@type":"EntryPoint","urlTemplate":"https:\/\/www.krafthand.de\/truck\/?s={search_term_string}"},"query-input":{"@type":"PropertyValueSpecification","valueRequired":true,"valueName":"search_term_string"}}],"inLanguage":"de"},{"@type":"Person","@id":"https:\/\/www.krafthand.de\/truck\/#\/schema\/person\/51fa80b1c57034c4bf63f9f988fc24ce","name":"georg.blenk@krafthand-medien.de","image":{"@type":"ImageObject","inLanguage":"de","@id":"https:\/\/secure.gravatar.com\/avatar\/93713c30affe0aa95d3a4130e499bb1abee2eb31adbdd9ce2aa1543538490215?s=96&d=mm&r=g","url":"https:\/\/secure.gravatar.com\/avatar\/93713c30affe0aa95d3a4130e499bb1abee2eb31adbdd9ce2aa1543538490215?s=96&d=mm&r=g","contentUrl":"https:\/\/secure.gravatar.com\/avatar\/93713c30affe0aa95d3a4130e499bb1abee2eb31adbdd9ce2aa1543538490215?s=96&d=mm&r=g","caption":"georg.blenk@krafthand-medien.de"}}]}},"_links":{"self":[{"href":"https:\/\/www.krafthand.de\/truck\/wp-json\/wp\/v2\/posts\/33523","targetHints":{"allow":["GET"]}}],"collection":[{"href":"https:\/\/www.krafthand.de\/truck\/wp-json\/wp\/v2\/posts"}],"about":[{"href":"https:\/\/www.krafthand.de\/truck\/wp-json\/wp\/v2\/types\/post"}],"author":[{"embeddable":true,"href":"https:\/\/www.krafthand.de\/truck\/wp-json\/wp\/v2\/users\/9"}],"replies":[{"embeddable":true,"href":"https:\/\/www.krafthand.de\/truck\/wp-json\/wp\/v2\/comments?post=33523"}],"version-history":[{"count":3,"href":"https:\/\/www.krafthand.de\/truck\/wp-json\/wp\/v2\/posts\/33523\/revisions"}],"predecessor-version":[{"id":33527,"href":"https:\/\/www.krafthand.de\/truck\/wp-json\/wp\/v2\/posts\/33523\/revisions\/33527"}],"wp:featuredmedia":[{"embeddable":true,"href":"https:\/\/www.krafthand.de\/truck\/wp-json\/wp\/v2\/media\/33524"}],"wp:attachment":[{"href":"https:\/\/www.krafthand.de\/truck\/wp-json\/wp\/v2\/media?parent=33523"}],"wp:term":[{"taxonomy":"category","embeddable":true,"href":"https:\/\/www.krafthand.de\/truck\/wp-json\/wp\/v2\/categories?post=33523"},{"taxonomy":"post_tag","embeddable":true,"href":"https:\/\/www.krafthand.de\/truck\/wp-json\/wp\/v2\/tags?post=33523"},{"taxonomy":"settings","embeddable":true,"href":"https:\/\/www.krafthand.de\/truck\/wp-json\/wp\/v2\/settings?post=33523"}],"curies":[{"name":"wp","href":"https:\/\/api.w.org\/{rel}","templated":true}]}}