{"id":33498,"date":"2022-09-13T10:28:31","date_gmt":"2022-09-13T08:28:31","guid":{"rendered":"https:\/\/www.krafthand.de\/truck\/?p=33498"},"modified":"2022-09-13T10:30:54","modified_gmt":"2022-09-13T08:30:54","slug":"kamera-kalibrierung-das-ccs-2-dynamics","status":"publish","type":"post","link":"https:\/\/www.krafthand.de\/truck\/artikel\/kamera-kalibrierung-das-ccs-2-dynamics-33498\/","title":{"rendered":"Kamera-Kalibrierung:  Das CCS-2-Dynamics von TEXA"},"content":{"rendered":"<p>TEXA stellt auf der Automechanika mit der \u201aCCS-2-Dynamics\u2018 eine mehrbereichsf\u00e4hige und transportable Kalibriereinrichtung f\u00fcr Kamerasysteme vor. Das System ist sowohl f\u00fcr Pkw als auch f\u00fcr leichte Nutzfahrzeuge und Lkw geeignet. Das ,CCS-2-Dynamics\u2018 ist kompakt, stabil, leicht zerlegbar und kann in einem Kleintransporter transportiert werden.<\/p>\n<p>Die Konfiguration kann in zwei Versionen, f\u00fcr die Bereiche Pkw und Lkw, erfolgen. Die Bluetooth-Entfernungsmesser, die direkt mit der IDC5-Software kommunizieren, garantieren die korrekte Positionierung der Kalibriertafel mittels gef\u00fchrter Diagnose.<\/p>\n<p>Das \u201aCCS-2-Dynamics\u2018 ist mit vier drehbaren R\u00e4dern ausgestattet, die f\u00fcr eine schnelle Positionierung sorgen. Verstellbare St\u00fctzen stabilisieren das System. In der Konfiguration \u201aCar\u2018 ist es h\u00f6hen-, l\u00e4ngs- und querverstellbar. In der Konfiguration ,Truck\u2018 quer und axial. Das System kann mit weiterem Ausrichtungszubeh\u00f6r vervollst\u00e4ndigt werden. Einmal durch Radgreifer oder mit einem Kit zur Kontrolle der Achsgeometrie. \u00c4nderung an der Konfiguration k\u00f6nnen laut Texa auch nach dem Kauf der Vorrichtung vorgenommen werden.<\/p>\n<p><a href=\"https:\/\/www.texadeutschland.com\/\" target=\"_blank\" rel=\"noopener\">TEXA<\/a> ist auf der <a href=\"https:\/\/automechanika.messefrankfurt.com\/frankfurt\/de.html\" target=\"_blank\" rel=\"noopener\">Automechanika<\/a> in <strong>Halle 8, Stand A25 und E96<\/strong> zu finden.<\/p>\n<p><i>Den Beitrag finden Sie auch in der Print-Ausgabe 3-2022 der <a href=\"https:\/\/www.krafthand.de\/truck\/magazin\/\" title=\"Zum Magazin\">Krafthand-Truck<\/a>.<\/i><\/p>","protected":false},"excerpt":{"rendered":"<p>Texa stellt auf der Automechanika mit der \u201aCCS-2-Dynamics\u2018 eine mehrbereichsf\u00e4hige und transportable Kalibriereinrichtung f\u00fcr Kamerasysteme vor. Das System ist sowohl f\u00fcr Pkw als auch f\u00fcr leichte Nutzfahrzeuge und Lkw geeignet. <span class=\"excerpt-more__dots\">&#8230;<\/span> <a class=\"excerpt-more__link\" href=\"https:\/\/www.krafthand.de\/truck\/artikel\/kamera-kalibrierung-das-ccs-2-dynamics-33498\/\" >weiter<\/a><\/p>\n","protected":false},"author":11,"featured_media":33499,"comment_status":"closed","ping_status":"closed","sticky":false,"template":"","format":"standard","meta":{"footnotes":""},"categories":[4225,4220],"tags":[4769,5342,5341,1593],"settings":[3523],"class_list":["post-33498","post","type-post","status-publish","format-standard","has-post-thumbnail","hentry","category-ssistenzsysteme","category-werkstattausruestung","tag-adas","tag-ccs-2","tag-kalibrieren","tag-texa"],"yoast_head":"<!-- This site is optimized with the Yoast SEO plugin v27.3 - https:\/\/yoast.com\/product\/yoast-seo-wordpress\/ -->\n<title>TEXA stellt auf der Automechanika das Kalibriersystem CCS-2 vor<\/title>\n<meta name=\"description\" content=\"Texa stellt auf der Automechanika mit der \u201aCCS-2-Dynamics\u2018 eine mehrbereichsf\u00e4hige Kalibriereinrichtung f\u00fcr Kamerasysteme vor.\" \/>\n<meta name=\"robots\" content=\"index, follow, max-snippet:-1, max-image-preview:large, max-video-preview:-1\" \/>\n<link rel=\"canonical\" href=\"https:\/\/www.krafthand.de\/truck\/artikel\/kamera-kalibrierung-das-ccs-2-dynamics-33498\/\" \/>\n<meta property=\"og:locale\" content=\"de_DE\" \/>\n<meta property=\"og:type\" content=\"article\" \/>\n<meta property=\"og:title\" content=\"TEXA stellt auf der Automechanika das Kalibriersystem CCS-2 vor\" \/>\n<meta property=\"og:description\" content=\"Texa stellt auf der Automechanika mit der \u201aCCS-2-Dynamics\u2018 eine mehrbereichsf\u00e4hige Kalibriereinrichtung f\u00fcr Kamerasysteme vor.\" \/>\n<meta property=\"og:url\" content=\"https:\/\/www.krafthand-truck.de\/artikel\/kamera-kalibrierung-das-ccs-2-dynamics-33498\/\" \/>\n<meta property=\"og:site_name\" content=\"Krafthand-Truck\" \/>\n<meta property=\"article:published_time\" content=\"2022-09-13T08:28:31+00:00\" \/>\n<meta property=\"article:modified_time\" content=\"2022-09-13T08:30:54+00:00\" \/>\n<meta property=\"og:image\" content=\"https:\/\/static.krafthand-truck.de\/uploads\/2022\/09\/03_2022_020.jpg\" \/>\n\t<meta property=\"og:image:width\" content=\"1400\" \/>\n\t<meta property=\"og:image:height\" content=\"829\" \/>\n\t<meta property=\"og:image:type\" content=\"image\/jpeg\" \/>\n<meta name=\"author\" content=\"Redaktion Truck\" \/>\n<meta name=\"twitter:card\" content=\"summary_large_image\" \/>\n<meta name=\"twitter:label1\" content=\"Verfasst von\" \/>\n\t<meta name=\"twitter:data1\" content=\"Redaktion Truck\" \/>\n\t<meta name=\"twitter:label2\" content=\"Gesch\u00e4tzte Lesezeit\" \/>\n\t<meta name=\"twitter:data2\" content=\"1\u00a0Minute\" \/>\n<script type=\"application\/ld+json\" class=\"yoast-schema-graph\">{\"@context\":\"https:\\\/\\\/schema.org\",\"@graph\":[{\"@type\":\"Article\",\"@id\":\"https:\\\/\\\/www.krafthand.de\\\/truck\\\/artikel\\\/kamera-kalibrierung-das-ccs-2-dynamics-33498\\\/#article\",\"isPartOf\":{\"@id\":\"https:\\\/\\\/www.krafthand.de\\\/truck\\\/artikel\\\/kamera-kalibrierung-das-ccs-2-dynamics-33498\\\/\"},\"author\":{\"name\":\"Redaktion Truck\",\"@id\":\"https:\\\/\\\/www.krafthand.de\\\/truck\\\/#\\\/schema\\\/person\\\/5e47d727209575a4b89376746e24f02f\"},\"headline\":\"Kamera-Kalibrierung: Das CCS-2-Dynamics von TEXA\",\"datePublished\":\"2022-09-13T08:28:31+00:00\",\"dateModified\":\"2022-09-13T08:30:54+00:00\",\"mainEntityOfPage\":{\"@id\":\"https:\\\/\\\/www.krafthand.de\\\/truck\\\/artikel\\\/kamera-kalibrierung-das-ccs-2-dynamics-33498\\\/\"},\"wordCount\":181,\"image\":{\"@id\":\"https:\\\/\\\/www.krafthand.de\\\/truck\\\/artikel\\\/kamera-kalibrierung-das-ccs-2-dynamics-33498\\\/#primaryimage\"},\"thumbnailUrl\":\"https:\\\/\\\/static.krafthand-truck.de\\\/uploads\\\/2022\\\/09\\\/03_2022_020.jpg\",\"keywords\":[\"ADAS\",\"CCS-2\",\"Kalibrieren\",\"Texa\"],\"articleSection\":[\"Assistenzsysteme\",\"Werkstattausr\u00fcstung\"],\"inLanguage\":\"de\"},{\"@type\":\"WebPage\",\"@id\":\"https:\\\/\\\/www.krafthand.de\\\/truck\\\/artikel\\\/kamera-kalibrierung-das-ccs-2-dynamics-33498\\\/\",\"url\":\"https:\\\/\\\/www.krafthand.de\\\/truck\\\/artikel\\\/kamera-kalibrierung-das-ccs-2-dynamics-33498\\\/\",\"name\":\"TEXA stellt auf der Automechanika das Kalibriersystem CCS-2 vor\",\"isPartOf\":{\"@id\":\"https:\\\/\\\/www.krafthand.de\\\/truck\\\/#website\"},\"primaryImageOfPage\":{\"@id\":\"https:\\\/\\\/www.krafthand.de\\\/truck\\\/artikel\\\/kamera-kalibrierung-das-ccs-2-dynamics-33498\\\/#primaryimage\"},\"image\":{\"@id\":\"https:\\\/\\\/www.krafthand.de\\\/truck\\\/artikel\\\/kamera-kalibrierung-das-ccs-2-dynamics-33498\\\/#primaryimage\"},\"thumbnailUrl\":\"https:\\\/\\\/static.krafthand-truck.de\\\/uploads\\\/2022\\\/09\\\/03_2022_020.jpg\",\"datePublished\":\"2022-09-13T08:28:31+00:00\",\"dateModified\":\"2022-09-13T08:30:54+00:00\",\"author\":{\"@id\":\"https:\\\/\\\/www.krafthand.de\\\/truck\\\/#\\\/schema\\\/person\\\/5e47d727209575a4b89376746e24f02f\"},\"description\":\"Texa stellt auf der Automechanika mit der \u201aCCS-2-Dynamics\u2018 eine mehrbereichsf\u00e4hige Kalibriereinrichtung f\u00fcr Kamerasysteme vor.\",\"breadcrumb\":{\"@id\":\"https:\\\/\\\/www.krafthand.de\\\/truck\\\/artikel\\\/kamera-kalibrierung-das-ccs-2-dynamics-33498\\\/#breadcrumb\"},\"inLanguage\":\"de\",\"potentialAction\":[{\"@type\":\"ReadAction\",\"target\":[\"https:\\\/\\\/www.krafthand.de\\\/truck\\\/artikel\\\/kamera-kalibrierung-das-ccs-2-dynamics-33498\\\/\"]}]},{\"@type\":\"ImageObject\",\"inLanguage\":\"de\",\"@id\":\"https:\\\/\\\/www.krafthand.de\\\/truck\\\/artikel\\\/kamera-kalibrierung-das-ccs-2-dynamics-33498\\\/#primaryimage\",\"url\":\"https:\\\/\\\/static.krafthand-truck.de\\\/uploads\\\/2022\\\/09\\\/03_2022_020.jpg\",\"contentUrl\":\"https:\\\/\\\/static.krafthand-truck.de\\\/uploads\\\/2022\\\/09\\\/03_2022_020.jpg\",\"width\":1400,\"height\":829},{\"@type\":\"BreadcrumbList\",\"@id\":\"https:\\\/\\\/www.krafthand.de\\\/truck\\\/artikel\\\/kamera-kalibrierung-das-ccs-2-dynamics-33498\\\/#breadcrumb\",\"itemListElement\":[{\"@type\":\"ListItem\",\"position\":1,\"name\":\"Krafthand-Truck\",\"item\":\"https:\\\/\\\/www.krafthand.de\\\/truck\\\/\"},{\"@type\":\"ListItem\",\"position\":2,\"name\":\"Nfz-Service\",\"item\":\"https:\\\/\\\/www.krafthand.de\\\/truck\\\/kategorie\\\/nfz-service\\\/\"},{\"@type\":\"ListItem\",\"position\":3,\"name\":\"Werkstattausr\u00fcstung\",\"item\":\"https:\\\/\\\/www.krafthand.de\\\/truck\\\/kategorie\\\/nfz-service\\\/werkstattausruestung\\\/\"},{\"@type\":\"ListItem\",\"position\":4,\"name\":\"Kamera-Kalibrierung: Das CCS-2-Dynamics von TEXA\"}]},{\"@type\":\"WebSite\",\"@id\":\"https:\\\/\\\/www.krafthand.de\\\/truck\\\/#website\",\"url\":\"https:\\\/\\\/www.krafthand.de\\\/truck\\\/\",\"name\":\"Krafthand-Truck\",\"description\":\"\",\"potentialAction\":[{\"@type\":\"SearchAction\",\"target\":{\"@type\":\"EntryPoint\",\"urlTemplate\":\"https:\\\/\\\/www.krafthand.de\\\/truck\\\/?s={search_term_string}\"},\"query-input\":{\"@type\":\"PropertyValueSpecification\",\"valueRequired\":true,\"valueName\":\"search_term_string\"}}],\"inLanguage\":\"de\"},{\"@type\":\"Person\",\"@id\":\"https:\\\/\\\/www.krafthand.de\\\/truck\\\/#\\\/schema\\\/person\\\/5e47d727209575a4b89376746e24f02f\",\"name\":\"Redaktion Truck\",\"image\":{\"@type\":\"ImageObject\",\"inLanguage\":\"de\",\"@id\":\"https:\\\/\\\/secure.gravatar.com\\\/avatar\\\/64cedf5d293ad6eb6600c19e949d032ff0090f240174891ab1517d73ead05c87?s=96&d=mm&r=g\",\"url\":\"https:\\\/\\\/secure.gravatar.com\\\/avatar\\\/64cedf5d293ad6eb6600c19e949d032ff0090f240174891ab1517d73ead05c87?s=96&d=mm&r=g\",\"contentUrl\":\"https:\\\/\\\/secure.gravatar.com\\\/avatar\\\/64cedf5d293ad6eb6600c19e949d032ff0090f240174891ab1517d73ead05c87?s=96&d=mm&r=g\",\"caption\":\"Redaktion Truck\"}}]}<\/script>\n<!-- \/ Yoast SEO plugin. -->","yoast_head_json":{"title":"TEXA stellt auf der Automechanika das Kalibriersystem CCS-2 vor","description":"Texa stellt auf der Automechanika mit der \u201aCCS-2-Dynamics\u2018 eine mehrbereichsf\u00e4hige Kalibriereinrichtung f\u00fcr Kamerasysteme vor.","robots":{"index":"index","follow":"follow","max-snippet":"max-snippet:-1","max-image-preview":"max-image-preview:large","max-video-preview":"max-video-preview:-1"},"canonical":"https:\/\/www.krafthand.de\/truck\/artikel\/kamera-kalibrierung-das-ccs-2-dynamics-33498\/","og_locale":"de_DE","og_type":"article","og_title":"TEXA stellt auf der Automechanika das Kalibriersystem CCS-2 vor","og_description":"Texa stellt auf der Automechanika mit der \u201aCCS-2-Dynamics\u2018 eine mehrbereichsf\u00e4hige Kalibriereinrichtung f\u00fcr Kamerasysteme vor.","og_url":"https:\/\/www.krafthand-truck.de\/artikel\/kamera-kalibrierung-das-ccs-2-dynamics-33498\/","og_site_name":"Krafthand-Truck","article_published_time":"2022-09-13T08:28:31+00:00","article_modified_time":"2022-09-13T08:30:54+00:00","og_image":[{"width":1400,"height":829,"url":"https:\/\/static.krafthand-truck.de\/uploads\/2022\/09\/03_2022_020.jpg","type":"image\/jpeg"}],"author":"Redaktion Truck","twitter_card":"summary_large_image","twitter_misc":{"Verfasst von":"Redaktion Truck","Gesch\u00e4tzte Lesezeit":"1\u00a0Minute"},"schema":{"@context":"https:\/\/schema.org","@graph":[{"@type":"Article","@id":"https:\/\/www.krafthand.de\/truck\/artikel\/kamera-kalibrierung-das-ccs-2-dynamics-33498\/#article","isPartOf":{"@id":"https:\/\/www.krafthand.de\/truck\/artikel\/kamera-kalibrierung-das-ccs-2-dynamics-33498\/"},"author":{"name":"Redaktion Truck","@id":"https:\/\/www.krafthand.de\/truck\/#\/schema\/person\/5e47d727209575a4b89376746e24f02f"},"headline":"Kamera-Kalibrierung: Das CCS-2-Dynamics von TEXA","datePublished":"2022-09-13T08:28:31+00:00","dateModified":"2022-09-13T08:30:54+00:00","mainEntityOfPage":{"@id":"https:\/\/www.krafthand.de\/truck\/artikel\/kamera-kalibrierung-das-ccs-2-dynamics-33498\/"},"wordCount":181,"image":{"@id":"https:\/\/www.krafthand.de\/truck\/artikel\/kamera-kalibrierung-das-ccs-2-dynamics-33498\/#primaryimage"},"thumbnailUrl":"https:\/\/static.krafthand-truck.de\/uploads\/2022\/09\/03_2022_020.jpg","keywords":["ADAS","CCS-2","Kalibrieren","Texa"],"articleSection":["Assistenzsysteme","Werkstattausr\u00fcstung"],"inLanguage":"de"},{"@type":"WebPage","@id":"https:\/\/www.krafthand.de\/truck\/artikel\/kamera-kalibrierung-das-ccs-2-dynamics-33498\/","url":"https:\/\/www.krafthand.de\/truck\/artikel\/kamera-kalibrierung-das-ccs-2-dynamics-33498\/","name":"TEXA stellt auf der Automechanika das Kalibriersystem CCS-2 vor","isPartOf":{"@id":"https:\/\/www.krafthand.de\/truck\/#website"},"primaryImageOfPage":{"@id":"https:\/\/www.krafthand.de\/truck\/artikel\/kamera-kalibrierung-das-ccs-2-dynamics-33498\/#primaryimage"},"image":{"@id":"https:\/\/www.krafthand.de\/truck\/artikel\/kamera-kalibrierung-das-ccs-2-dynamics-33498\/#primaryimage"},"thumbnailUrl":"https:\/\/static.krafthand-truck.de\/uploads\/2022\/09\/03_2022_020.jpg","datePublished":"2022-09-13T08:28:31+00:00","dateModified":"2022-09-13T08:30:54+00:00","author":{"@id":"https:\/\/www.krafthand.de\/truck\/#\/schema\/person\/5e47d727209575a4b89376746e24f02f"},"description":"Texa stellt auf der Automechanika mit der \u201aCCS-2-Dynamics\u2018 eine mehrbereichsf\u00e4hige Kalibriereinrichtung f\u00fcr Kamerasysteme vor.","breadcrumb":{"@id":"https:\/\/www.krafthand.de\/truck\/artikel\/kamera-kalibrierung-das-ccs-2-dynamics-33498\/#breadcrumb"},"inLanguage":"de","potentialAction":[{"@type":"ReadAction","target":["https:\/\/www.krafthand.de\/truck\/artikel\/kamera-kalibrierung-das-ccs-2-dynamics-33498\/"]}]},{"@type":"ImageObject","inLanguage":"de","@id":"https:\/\/www.krafthand.de\/truck\/artikel\/kamera-kalibrierung-das-ccs-2-dynamics-33498\/#primaryimage","url":"https:\/\/static.krafthand-truck.de\/uploads\/2022\/09\/03_2022_020.jpg","contentUrl":"https:\/\/static.krafthand-truck.de\/uploads\/2022\/09\/03_2022_020.jpg","width":1400,"height":829},{"@type":"BreadcrumbList","@id":"https:\/\/www.krafthand.de\/truck\/artikel\/kamera-kalibrierung-das-ccs-2-dynamics-33498\/#breadcrumb","itemListElement":[{"@type":"ListItem","position":1,"name":"Krafthand-Truck","item":"https:\/\/www.krafthand.de\/truck\/"},{"@type":"ListItem","position":2,"name":"Nfz-Service","item":"https:\/\/www.krafthand.de\/truck\/kategorie\/nfz-service\/"},{"@type":"ListItem","position":3,"name":"Werkstattausr\u00fcstung","item":"https:\/\/www.krafthand.de\/truck\/kategorie\/nfz-service\/werkstattausruestung\/"},{"@type":"ListItem","position":4,"name":"Kamera-Kalibrierung: Das CCS-2-Dynamics von TEXA"}]},{"@type":"WebSite","@id":"https:\/\/www.krafthand.de\/truck\/#website","url":"https:\/\/www.krafthand.de\/truck\/","name":"Krafthand-Truck","description":"","potentialAction":[{"@type":"SearchAction","target":{"@type":"EntryPoint","urlTemplate":"https:\/\/www.krafthand.de\/truck\/?s={search_term_string}"},"query-input":{"@type":"PropertyValueSpecification","valueRequired":true,"valueName":"search_term_string"}}],"inLanguage":"de"},{"@type":"Person","@id":"https:\/\/www.krafthand.de\/truck\/#\/schema\/person\/5e47d727209575a4b89376746e24f02f","name":"Redaktion Truck","image":{"@type":"ImageObject","inLanguage":"de","@id":"https:\/\/secure.gravatar.com\/avatar\/64cedf5d293ad6eb6600c19e949d032ff0090f240174891ab1517d73ead05c87?s=96&d=mm&r=g","url":"https:\/\/secure.gravatar.com\/avatar\/64cedf5d293ad6eb6600c19e949d032ff0090f240174891ab1517d73ead05c87?s=96&d=mm&r=g","contentUrl":"https:\/\/secure.gravatar.com\/avatar\/64cedf5d293ad6eb6600c19e949d032ff0090f240174891ab1517d73ead05c87?s=96&d=mm&r=g","caption":"Redaktion Truck"}}]}},"_links":{"self":[{"href":"https:\/\/www.krafthand.de\/truck\/wp-json\/wp\/v2\/posts\/33498","targetHints":{"allow":["GET"]}}],"collection":[{"href":"https:\/\/www.krafthand.de\/truck\/wp-json\/wp\/v2\/posts"}],"about":[{"href":"https:\/\/www.krafthand.de\/truck\/wp-json\/wp\/v2\/types\/post"}],"author":[{"embeddable":true,"href":"https:\/\/www.krafthand.de\/truck\/wp-json\/wp\/v2\/users\/11"}],"replies":[{"embeddable":true,"href":"https:\/\/www.krafthand.de\/truck\/wp-json\/wp\/v2\/comments?post=33498"}],"version-history":[{"count":4,"href":"https:\/\/www.krafthand.de\/truck\/wp-json\/wp\/v2\/posts\/33498\/revisions"}],"predecessor-version":[{"id":33503,"href":"https:\/\/www.krafthand.de\/truck\/wp-json\/wp\/v2\/posts\/33498\/revisions\/33503"}],"wp:featuredmedia":[{"embeddable":true,"href":"https:\/\/www.krafthand.de\/truck\/wp-json\/wp\/v2\/media\/33499"}],"wp:attachment":[{"href":"https:\/\/www.krafthand.de\/truck\/wp-json\/wp\/v2\/media?parent=33498"}],"wp:term":[{"taxonomy":"category","embeddable":true,"href":"https:\/\/www.krafthand.de\/truck\/wp-json\/wp\/v2\/categories?post=33498"},{"taxonomy":"post_tag","embeddable":true,"href":"https:\/\/www.krafthand.de\/truck\/wp-json\/wp\/v2\/tags?post=33498"},{"taxonomy":"settings","embeddable":true,"href":"https:\/\/www.krafthand.de\/truck\/wp-json\/wp\/v2\/settings?post=33498"}],"curies":[{"name":"wp","href":"https:\/\/api.w.org\/{rel}","templated":true}]}}