{"id":33478,"date":"2022-09-12T10:09:28","date_gmt":"2022-09-12T08:09:28","guid":{"rendered":"https:\/\/www.krafthand.de\/truck\/?p=33478"},"modified":"2022-09-12T10:16:54","modified_gmt":"2022-09-12T08:16:54","slug":"schwerlast-hebebuehne-kar-350-von-omer","status":"publish","type":"post","link":"https:\/\/www.krafthand.de\/truck\/artikel\/schwerlast-hebebuehne-kar-350-von-omer-33478\/","title":{"rendered":"Schwerlast-Hebeb\u00fchne KAR 350 von Omer"},"content":{"rendered":"<p>Der italienische Spezialist f\u00fcr Hebetechnik, Omer, zeigt auf der Automechanika unter anderem die Schwerlasthebeb\u00fchne KAR 350. Die elektro-hydraulische Halbscherenb\u00fchne besticht durch Ihre barrierefreie Konstruktion. Die KAR 350 hat eine Tragkraft von 35 Tonnen und verf\u00fcgt \u00fcber ein elektronisches Lastausgleichssystem. Die Standard-Fahrbahnl\u00e4ngen der gesamten KAR-Reihe betragen 9.000 mm, 10.000 mm, 11.000 mm, auf Anfrage k\u00f6nnen die L\u00e4ngen individuell angepasst werden (min. 6.000 mm und max. 15.000 mm). Die Fahrbahnbreite betr\u00e4gt 930 mm. Zur Sicherheit tragen eine doppelte Lastabsicherung (hydraulisch, mechanisch), ein akustisches Signal bei Ablassen der B\u00fchne sowie eine Totmannsteuerung bei.<\/p>\n<p>Als Zubeh\u00f6r liefert <a href=\"https:\/\/omerlift.de\/\" target=\"_blank\" rel=\"noopener\">Omer<\/a> beispielsweise Traversen, eine B\u00fchnenbeleuchtung, automatische Grubenabdeckplatten, eine Anti-Rutschbeschichtung, ein Achsmess-Kit, einen Druckluftanschluss oder ein Elektro-Kit. Die <strong>KAR 350<\/strong> ist sowohl als Aufbau- als auch als Unterflur-Version verf\u00fcgbar.<\/p>\n<p><strong>Omer<\/strong> ist auf der <a href=\"https:\/\/automechanika.messefrankfurt.com\/frankfurt\/de.html\" target=\"_blank\" rel=\"noopener\">Automechanika<\/a> in <strong>Halle 8, Stand B32<\/strong> zu finden.<\/p>\n<p><i>Den Beitrag finden Sie auch in der Print-Ausgabe 3-2022 der <a href=\"https:\/\/www.krafthand.de\/truck\/magazin\/\" title=\"Zum Magazin\">Krafthand-Truck<\/a>.<\/i><\/p>","protected":false},"excerpt":{"rendered":"<p>Der italienische Spezialist f\u00fcr Hebetechnik, Omer, zeigt auf der Automechanika unter anderem die Schwerlasthebeb\u00fchne KAR 350. Die elektro-hydraulische Halbscherenb\u00fchne besticht durch Ihre barrierefreie Konstruktion. <span class=\"excerpt-more__dots\">&#8230;<\/span> <a class=\"excerpt-more__link\" href=\"https:\/\/www.krafthand.de\/truck\/artikel\/schwerlast-hebebuehne-kar-350-von-omer-33478\/\" >weiter<\/a><\/p>\n","protected":false},"author":9,"featured_media":33488,"comment_status":"closed","ping_status":"closed","sticky":false,"template":"","format":"standard","meta":{"footnotes":""},"categories":[4220],"tags":[3289,5340,5339],"settings":[4766],"class_list":["post-33478","post","type-post","status-publish","format-standard","has-post-thumbnail","hentry","category-werkstattausruestung","tag-hebebuehne","tag-kar-350","tag-omer"],"yoast_head":"<!-- This site is optimized with the Yoast SEO plugin v27.3 - https:\/\/yoast.com\/product\/yoast-seo-wordpress\/ -->\n<title>Schwerlast-Hebeb\u00fchne KAR 350 von Omer - Krafthand-Truck<\/title>\n<meta name=\"description\" content=\"Omer zeigt auf der Automechanika die elektro-hydraulische Schwerlasthebeb\u00fchne KAR 350 f\u00fcr Lkw. Sie hat eine Tragkraft von 35 Tonnen.\" \/>\n<meta name=\"robots\" content=\"index, follow, max-snippet:-1, max-image-preview:large, max-video-preview:-1\" \/>\n<link rel=\"canonical\" href=\"https:\/\/www.krafthand.de\/truck\/artikel\/schwerlast-hebebuehne-kar-350-von-omer-33478\/\" \/>\n<meta property=\"og:locale\" content=\"de_DE\" \/>\n<meta property=\"og:type\" content=\"article\" \/>\n<meta property=\"og:title\" content=\"Schwerlast-Hebeb\u00fchne KAR 350 von Omer - Krafthand-Truck\" \/>\n<meta property=\"og:description\" content=\"Omer zeigt auf der Automechanika die elektro-hydraulische Schwerlasthebeb\u00fchne KAR 350 f\u00fcr Lkw. Sie hat eine Tragkraft von 35 Tonnen.\" \/>\n<meta property=\"og:url\" content=\"https:\/\/www.krafthand-truck.de\/artikel\/schwerlast-hebebuehne-kar-350-von-omer-33478\/\" \/>\n<meta property=\"og:site_name\" content=\"Krafthand-Truck\" \/>\n<meta property=\"article:published_time\" content=\"2022-09-12T08:09:28+00:00\" \/>\n<meta property=\"article:modified_time\" content=\"2022-09-12T08:16:54+00:00\" \/>\n<meta property=\"og:image\" content=\"https:\/\/static.krafthand-truck.de\/uploads\/2022\/09\/Omer_KAR_350_Lkw_Hebebuehne.jpg\" \/>\n\t<meta property=\"og:image:width\" content=\"1200\" \/>\n\t<meta property=\"og:image:height\" content=\"846\" \/>\n\t<meta property=\"og:image:type\" content=\"image\/jpeg\" \/>\n<meta name=\"author\" content=\"georg.blenk@krafthand-medien.de\" \/>\n<meta name=\"twitter:card\" content=\"summary_large_image\" \/>\n<meta name=\"twitter:label1\" content=\"Verfasst von\" \/>\n\t<meta name=\"twitter:data1\" content=\"georg.blenk@krafthand-medien.de\" \/>\n\t<meta name=\"twitter:label2\" content=\"Gesch\u00e4tzte Lesezeit\" \/>\n\t<meta name=\"twitter:data2\" content=\"1\u00a0Minute\" \/>\n<script type=\"application\/ld+json\" class=\"yoast-schema-graph\">{\"@context\":\"https:\\\/\\\/schema.org\",\"@graph\":[{\"@type\":\"Article\",\"@id\":\"https:\\\/\\\/www.krafthand.de\\\/truck\\\/artikel\\\/schwerlast-hebebuehne-kar-350-von-omer-33478\\\/#article\",\"isPartOf\":{\"@id\":\"https:\\\/\\\/www.krafthand.de\\\/truck\\\/artikel\\\/schwerlast-hebebuehne-kar-350-von-omer-33478\\\/\"},\"author\":{\"name\":\"georg.blenk@krafthand-medien.de\",\"@id\":\"https:\\\/\\\/www.krafthand.de\\\/truck\\\/#\\\/schema\\\/person\\\/51fa80b1c57034c4bf63f9f988fc24ce\"},\"headline\":\"Schwerlast-Hebeb\u00fchne KAR 350 von Omer\",\"datePublished\":\"2022-09-12T08:09:28+00:00\",\"dateModified\":\"2022-09-12T08:16:54+00:00\",\"mainEntityOfPage\":{\"@id\":\"https:\\\/\\\/www.krafthand.de\\\/truck\\\/artikel\\\/schwerlast-hebebuehne-kar-350-von-omer-33478\\\/\"},\"wordCount\":139,\"image\":{\"@id\":\"https:\\\/\\\/www.krafthand.de\\\/truck\\\/artikel\\\/schwerlast-hebebuehne-kar-350-von-omer-33478\\\/#primaryimage\"},\"thumbnailUrl\":\"https:\\\/\\\/static.krafthand-truck.de\\\/uploads\\\/2022\\\/09\\\/Omer_KAR_350_Lkw_Hebebuehne.jpg\",\"keywords\":[\"Hebeb\u00fchne\",\"KAR 350\",\"Omer\"],\"articleSection\":[\"Werkstattausr\u00fcstung\"],\"inLanguage\":\"de\"},{\"@type\":\"WebPage\",\"@id\":\"https:\\\/\\\/www.krafthand.de\\\/truck\\\/artikel\\\/schwerlast-hebebuehne-kar-350-von-omer-33478\\\/\",\"url\":\"https:\\\/\\\/www.krafthand.de\\\/truck\\\/artikel\\\/schwerlast-hebebuehne-kar-350-von-omer-33478\\\/\",\"name\":\"Schwerlast-Hebeb\u00fchne KAR 350 von Omer - Krafthand-Truck\",\"isPartOf\":{\"@id\":\"https:\\\/\\\/www.krafthand.de\\\/truck\\\/#website\"},\"primaryImageOfPage\":{\"@id\":\"https:\\\/\\\/www.krafthand.de\\\/truck\\\/artikel\\\/schwerlast-hebebuehne-kar-350-von-omer-33478\\\/#primaryimage\"},\"image\":{\"@id\":\"https:\\\/\\\/www.krafthand.de\\\/truck\\\/artikel\\\/schwerlast-hebebuehne-kar-350-von-omer-33478\\\/#primaryimage\"},\"thumbnailUrl\":\"https:\\\/\\\/static.krafthand-truck.de\\\/uploads\\\/2022\\\/09\\\/Omer_KAR_350_Lkw_Hebebuehne.jpg\",\"datePublished\":\"2022-09-12T08:09:28+00:00\",\"dateModified\":\"2022-09-12T08:16:54+00:00\",\"author\":{\"@id\":\"https:\\\/\\\/www.krafthand.de\\\/truck\\\/#\\\/schema\\\/person\\\/51fa80b1c57034c4bf63f9f988fc24ce\"},\"description\":\"Omer zeigt auf der Automechanika die elektro-hydraulische Schwerlasthebeb\u00fchne KAR 350 f\u00fcr Lkw. Sie hat eine Tragkraft von 35 Tonnen.\",\"breadcrumb\":{\"@id\":\"https:\\\/\\\/www.krafthand.de\\\/truck\\\/artikel\\\/schwerlast-hebebuehne-kar-350-von-omer-33478\\\/#breadcrumb\"},\"inLanguage\":\"de\",\"potentialAction\":[{\"@type\":\"ReadAction\",\"target\":[\"https:\\\/\\\/www.krafthand.de\\\/truck\\\/artikel\\\/schwerlast-hebebuehne-kar-350-von-omer-33478\\\/\"]}]},{\"@type\":\"ImageObject\",\"inLanguage\":\"de\",\"@id\":\"https:\\\/\\\/www.krafthand.de\\\/truck\\\/artikel\\\/schwerlast-hebebuehne-kar-350-von-omer-33478\\\/#primaryimage\",\"url\":\"https:\\\/\\\/static.krafthand-truck.de\\\/uploads\\\/2022\\\/09\\\/Omer_KAR_350_Lkw_Hebebuehne.jpg\",\"contentUrl\":\"https:\\\/\\\/static.krafthand-truck.de\\\/uploads\\\/2022\\\/09\\\/Omer_KAR_350_Lkw_Hebebuehne.jpg\",\"width\":1200,\"height\":846},{\"@type\":\"BreadcrumbList\",\"@id\":\"https:\\\/\\\/www.krafthand.de\\\/truck\\\/artikel\\\/schwerlast-hebebuehne-kar-350-von-omer-33478\\\/#breadcrumb\",\"itemListElement\":[{\"@type\":\"ListItem\",\"position\":1,\"name\":\"Krafthand-Truck\",\"item\":\"https:\\\/\\\/www.krafthand.de\\\/truck\\\/\"},{\"@type\":\"ListItem\",\"position\":2,\"name\":\"Nfz-Service\",\"item\":\"https:\\\/\\\/www.krafthand.de\\\/truck\\\/kategorie\\\/nfz-service\\\/\"},{\"@type\":\"ListItem\",\"position\":3,\"name\":\"Werkstattausr\u00fcstung\",\"item\":\"https:\\\/\\\/www.krafthand.de\\\/truck\\\/kategorie\\\/nfz-service\\\/werkstattausruestung\\\/\"},{\"@type\":\"ListItem\",\"position\":4,\"name\":\"Schwerlast-Hebeb\u00fchne KAR 350 von Omer\"}]},{\"@type\":\"WebSite\",\"@id\":\"https:\\\/\\\/www.krafthand.de\\\/truck\\\/#website\",\"url\":\"https:\\\/\\\/www.krafthand.de\\\/truck\\\/\",\"name\":\"Krafthand-Truck\",\"description\":\"\",\"potentialAction\":[{\"@type\":\"SearchAction\",\"target\":{\"@type\":\"EntryPoint\",\"urlTemplate\":\"https:\\\/\\\/www.krafthand.de\\\/truck\\\/?s={search_term_string}\"},\"query-input\":{\"@type\":\"PropertyValueSpecification\",\"valueRequired\":true,\"valueName\":\"search_term_string\"}}],\"inLanguage\":\"de\"},{\"@type\":\"Person\",\"@id\":\"https:\\\/\\\/www.krafthand.de\\\/truck\\\/#\\\/schema\\\/person\\\/51fa80b1c57034c4bf63f9f988fc24ce\",\"name\":\"georg.blenk@krafthand-medien.de\",\"image\":{\"@type\":\"ImageObject\",\"inLanguage\":\"de\",\"@id\":\"https:\\\/\\\/secure.gravatar.com\\\/avatar\\\/93713c30affe0aa95d3a4130e499bb1abee2eb31adbdd9ce2aa1543538490215?s=96&d=mm&r=g\",\"url\":\"https:\\\/\\\/secure.gravatar.com\\\/avatar\\\/93713c30affe0aa95d3a4130e499bb1abee2eb31adbdd9ce2aa1543538490215?s=96&d=mm&r=g\",\"contentUrl\":\"https:\\\/\\\/secure.gravatar.com\\\/avatar\\\/93713c30affe0aa95d3a4130e499bb1abee2eb31adbdd9ce2aa1543538490215?s=96&d=mm&r=g\",\"caption\":\"georg.blenk@krafthand-medien.de\"}}]}<\/script>\n<!-- \/ Yoast SEO plugin. -->","yoast_head_json":{"title":"Schwerlast-Hebeb\u00fchne KAR 350 von Omer - Krafthand-Truck","description":"Omer zeigt auf der Automechanika die elektro-hydraulische Schwerlasthebeb\u00fchne KAR 350 f\u00fcr Lkw. Sie hat eine Tragkraft von 35 Tonnen.","robots":{"index":"index","follow":"follow","max-snippet":"max-snippet:-1","max-image-preview":"max-image-preview:large","max-video-preview":"max-video-preview:-1"},"canonical":"https:\/\/www.krafthand.de\/truck\/artikel\/schwerlast-hebebuehne-kar-350-von-omer-33478\/","og_locale":"de_DE","og_type":"article","og_title":"Schwerlast-Hebeb\u00fchne KAR 350 von Omer - Krafthand-Truck","og_description":"Omer zeigt auf der Automechanika die elektro-hydraulische Schwerlasthebeb\u00fchne KAR 350 f\u00fcr Lkw. Sie hat eine Tragkraft von 35 Tonnen.","og_url":"https:\/\/www.krafthand-truck.de\/artikel\/schwerlast-hebebuehne-kar-350-von-omer-33478\/","og_site_name":"Krafthand-Truck","article_published_time":"2022-09-12T08:09:28+00:00","article_modified_time":"2022-09-12T08:16:54+00:00","og_image":[{"width":1200,"height":846,"url":"https:\/\/static.krafthand-truck.de\/uploads\/2022\/09\/Omer_KAR_350_Lkw_Hebebuehne.jpg","type":"image\/jpeg"}],"author":"georg.blenk@krafthand-medien.de","twitter_card":"summary_large_image","twitter_misc":{"Verfasst von":"georg.blenk@krafthand-medien.de","Gesch\u00e4tzte Lesezeit":"1\u00a0Minute"},"schema":{"@context":"https:\/\/schema.org","@graph":[{"@type":"Article","@id":"https:\/\/www.krafthand.de\/truck\/artikel\/schwerlast-hebebuehne-kar-350-von-omer-33478\/#article","isPartOf":{"@id":"https:\/\/www.krafthand.de\/truck\/artikel\/schwerlast-hebebuehne-kar-350-von-omer-33478\/"},"author":{"name":"georg.blenk@krafthand-medien.de","@id":"https:\/\/www.krafthand.de\/truck\/#\/schema\/person\/51fa80b1c57034c4bf63f9f988fc24ce"},"headline":"Schwerlast-Hebeb\u00fchne KAR 350 von Omer","datePublished":"2022-09-12T08:09:28+00:00","dateModified":"2022-09-12T08:16:54+00:00","mainEntityOfPage":{"@id":"https:\/\/www.krafthand.de\/truck\/artikel\/schwerlast-hebebuehne-kar-350-von-omer-33478\/"},"wordCount":139,"image":{"@id":"https:\/\/www.krafthand.de\/truck\/artikel\/schwerlast-hebebuehne-kar-350-von-omer-33478\/#primaryimage"},"thumbnailUrl":"https:\/\/static.krafthand-truck.de\/uploads\/2022\/09\/Omer_KAR_350_Lkw_Hebebuehne.jpg","keywords":["Hebeb\u00fchne","KAR 350","Omer"],"articleSection":["Werkstattausr\u00fcstung"],"inLanguage":"de"},{"@type":"WebPage","@id":"https:\/\/www.krafthand.de\/truck\/artikel\/schwerlast-hebebuehne-kar-350-von-omer-33478\/","url":"https:\/\/www.krafthand.de\/truck\/artikel\/schwerlast-hebebuehne-kar-350-von-omer-33478\/","name":"Schwerlast-Hebeb\u00fchne KAR 350 von Omer - Krafthand-Truck","isPartOf":{"@id":"https:\/\/www.krafthand.de\/truck\/#website"},"primaryImageOfPage":{"@id":"https:\/\/www.krafthand.de\/truck\/artikel\/schwerlast-hebebuehne-kar-350-von-omer-33478\/#primaryimage"},"image":{"@id":"https:\/\/www.krafthand.de\/truck\/artikel\/schwerlast-hebebuehne-kar-350-von-omer-33478\/#primaryimage"},"thumbnailUrl":"https:\/\/static.krafthand-truck.de\/uploads\/2022\/09\/Omer_KAR_350_Lkw_Hebebuehne.jpg","datePublished":"2022-09-12T08:09:28+00:00","dateModified":"2022-09-12T08:16:54+00:00","author":{"@id":"https:\/\/www.krafthand.de\/truck\/#\/schema\/person\/51fa80b1c57034c4bf63f9f988fc24ce"},"description":"Omer zeigt auf der Automechanika die elektro-hydraulische Schwerlasthebeb\u00fchne KAR 350 f\u00fcr Lkw. Sie hat eine Tragkraft von 35 Tonnen.","breadcrumb":{"@id":"https:\/\/www.krafthand.de\/truck\/artikel\/schwerlast-hebebuehne-kar-350-von-omer-33478\/#breadcrumb"},"inLanguage":"de","potentialAction":[{"@type":"ReadAction","target":["https:\/\/www.krafthand.de\/truck\/artikel\/schwerlast-hebebuehne-kar-350-von-omer-33478\/"]}]},{"@type":"ImageObject","inLanguage":"de","@id":"https:\/\/www.krafthand.de\/truck\/artikel\/schwerlast-hebebuehne-kar-350-von-omer-33478\/#primaryimage","url":"https:\/\/static.krafthand-truck.de\/uploads\/2022\/09\/Omer_KAR_350_Lkw_Hebebuehne.jpg","contentUrl":"https:\/\/static.krafthand-truck.de\/uploads\/2022\/09\/Omer_KAR_350_Lkw_Hebebuehne.jpg","width":1200,"height":846},{"@type":"BreadcrumbList","@id":"https:\/\/www.krafthand.de\/truck\/artikel\/schwerlast-hebebuehne-kar-350-von-omer-33478\/#breadcrumb","itemListElement":[{"@type":"ListItem","position":1,"name":"Krafthand-Truck","item":"https:\/\/www.krafthand.de\/truck\/"},{"@type":"ListItem","position":2,"name":"Nfz-Service","item":"https:\/\/www.krafthand.de\/truck\/kategorie\/nfz-service\/"},{"@type":"ListItem","position":3,"name":"Werkstattausr\u00fcstung","item":"https:\/\/www.krafthand.de\/truck\/kategorie\/nfz-service\/werkstattausruestung\/"},{"@type":"ListItem","position":4,"name":"Schwerlast-Hebeb\u00fchne KAR 350 von Omer"}]},{"@type":"WebSite","@id":"https:\/\/www.krafthand.de\/truck\/#website","url":"https:\/\/www.krafthand.de\/truck\/","name":"Krafthand-Truck","description":"","potentialAction":[{"@type":"SearchAction","target":{"@type":"EntryPoint","urlTemplate":"https:\/\/www.krafthand.de\/truck\/?s={search_term_string}"},"query-input":{"@type":"PropertyValueSpecification","valueRequired":true,"valueName":"search_term_string"}}],"inLanguage":"de"},{"@type":"Person","@id":"https:\/\/www.krafthand.de\/truck\/#\/schema\/person\/51fa80b1c57034c4bf63f9f988fc24ce","name":"georg.blenk@krafthand-medien.de","image":{"@type":"ImageObject","inLanguage":"de","@id":"https:\/\/secure.gravatar.com\/avatar\/93713c30affe0aa95d3a4130e499bb1abee2eb31adbdd9ce2aa1543538490215?s=96&d=mm&r=g","url":"https:\/\/secure.gravatar.com\/avatar\/93713c30affe0aa95d3a4130e499bb1abee2eb31adbdd9ce2aa1543538490215?s=96&d=mm&r=g","contentUrl":"https:\/\/secure.gravatar.com\/avatar\/93713c30affe0aa95d3a4130e499bb1abee2eb31adbdd9ce2aa1543538490215?s=96&d=mm&r=g","caption":"georg.blenk@krafthand-medien.de"}}]}},"_links":{"self":[{"href":"https:\/\/www.krafthand.de\/truck\/wp-json\/wp\/v2\/posts\/33478","targetHints":{"allow":["GET"]}}],"collection":[{"href":"https:\/\/www.krafthand.de\/truck\/wp-json\/wp\/v2\/posts"}],"about":[{"href":"https:\/\/www.krafthand.de\/truck\/wp-json\/wp\/v2\/types\/post"}],"author":[{"embeddable":true,"href":"https:\/\/www.krafthand.de\/truck\/wp-json\/wp\/v2\/users\/9"}],"replies":[{"embeddable":true,"href":"https:\/\/www.krafthand.de\/truck\/wp-json\/wp\/v2\/comments?post=33478"}],"version-history":[{"count":5,"href":"https:\/\/www.krafthand.de\/truck\/wp-json\/wp\/v2\/posts\/33478\/revisions"}],"predecessor-version":[{"id":33490,"href":"https:\/\/www.krafthand.de\/truck\/wp-json\/wp\/v2\/posts\/33478\/revisions\/33490"}],"wp:featuredmedia":[{"embeddable":true,"href":"https:\/\/www.krafthand.de\/truck\/wp-json\/wp\/v2\/media\/33488"}],"wp:attachment":[{"href":"https:\/\/www.krafthand.de\/truck\/wp-json\/wp\/v2\/media?parent=33478"}],"wp:term":[{"taxonomy":"category","embeddable":true,"href":"https:\/\/www.krafthand.de\/truck\/wp-json\/wp\/v2\/categories?post=33478"},{"taxonomy":"post_tag","embeddable":true,"href":"https:\/\/www.krafthand.de\/truck\/wp-json\/wp\/v2\/tags?post=33478"},{"taxonomy":"settings","embeddable":true,"href":"https:\/\/www.krafthand.de\/truck\/wp-json\/wp\/v2\/settings?post=33478"}],"curies":[{"name":"wp","href":"https:\/\/api.w.org\/{rel}","templated":true}]}}