{"id":33400,"date":"2022-09-06T12:07:22","date_gmt":"2022-09-06T10:07:22","guid":{"rendered":"https:\/\/www.krafthand.de\/truck\/?p=33400"},"modified":"2022-09-06T12:14:50","modified_gmt":"2022-09-06T10:14:50","slug":"wabcowuerth-auf-der-iaa-transportation","status":"publish","type":"post","link":"https:\/\/www.krafthand.de\/truck\/artikel\/wabcowuerth-auf-der-iaa-transportation-33400\/","title":{"rendered":"WabcoW\u00fcrth auf der IAA Transportation"},"content":{"rendered":"<p>Vom 20. bis 25. September 2022 \u00f6ffnet die <a href=\"https:\/\/iaa-transportation.com\/de\" target=\"_blank\" rel=\"noopener\">IAA Transportation<\/a> in Hannover wieder ihre Tore. Das im Bereich der Nutzfahrzeugdiagnose etablierte Unternehmen WabcoW\u00fcrth Workshop Services GmbH (WabcoW\u00fcrth ) pr\u00e4sentiert auf der weltweit wichtigsten Plattform der Nutzfahrzeugindustrie seine neuen Diagnose-L\u00f6sungen. Dabei ist das Unternehmen auf zwei Messest\u00e4nden vertreten: Im Innenbereich auf dem W\u00fcrth Stand in <strong>Halle 13\/C47<\/strong> und im Freigel\u00e4nde auf dem eigenen <a href=\"https:\/\/www.wabcowuerth.com\/de\/wabcowuerth\/start.php\" target=\"_blank\" rel=\"noopener\">WabcoW\u00fcrth<\/a> <strong>Stand Q59<\/strong>.<\/p>\n<h4>Mehrmarkendiagnose, Updates<\/h4>\n<p>Die Besucherinnen und Besucher erwarten Highlights rund um die W.EASY Mehrmarken-Diagnose &#8211; sowie Neuheiten aus den Bereichen mobiler Klimaservice und Live-Kalibrierung modernster Fahrerassistenzsysteme. Im Vordergrund der Pr\u00e4sentation steht die modular aufgebaute Mehrmarken-Diagnose W.EASY. Diese Gesamtl\u00f6sung \u00fcberzeugt durch die integrierte <a href=\"https:\/\/wabco-solutioncentre.com\/de\/\" target=\"_blank\" rel=\"noopener\">Wabco<\/a>&#8211; und <a href=\"https:\/\/www.haldex.com\/de\/europe\/\" target=\"_blank\" rel=\"noopener\">Haldex<\/a>-Kompetenz. Jedem Kunden steht dabei ein individuelles Paket aus Hardware, Software, Hotline und Training zur Verf\u00fcgung. WabcoW\u00fcrth arbeitet stetig an den neuesten Entwicklungen wie erweiterte Fehlerinformationen, Kalibrierung von Fahrerassistenzsystemen oder Secure Gateway Diagnosel\u00f6sungen. Das Messeteam informiert vor Ort \u00fcber weitere Projekte, die in der Pipeline sind.<\/p>\n<h4>Kalibrierung digitaler Seitenspiegel,\u00a0 Klimaservice<\/h4>\n<p>Ein weiteres Highlight stellt das Thema &#8218;Kalibrierung digitaler Seitenspiegel an Trucks&#8216; dar. Mit der Mirror Cam Calibration von WabcoW\u00fcrth erfolgt die Kalibrierung der digitalen Seitenspiegel an Nutzfahrzeugen eigenen Angaben zufolge einfach und pr\u00e4zise. Eine schnell ausgerichtete Messreferenz er\u00fcbrigt aufwendige Messungen und zus\u00e4tzliche Markierungen am Boden.<\/p>\n<p>Neben der Nutzfahrzeugdiagnose umfasst das Produktportfolio von WabcoW\u00fcrth auch Klimaserviceger\u00e4te, die ebenfalls auf der Messe pr\u00e4sentiert werden. Die Besucher erleben die Premiere des mobilen Klimaserviceanh\u00e4ngers und erhalten erste Einblicke in die j\u00fcngsten Entwicklungen &#8211; die neue Connectivity Box und das erste CO2-Klimaserviceger\u00e4t.<\/p>\n\r\n\t\t\t\t<div class=\"post-author\">\r\n\t\t\t\t\t<div class=\"khm-cp-author clearfix\">\r\n\t\t\t\t\t\t<div class=\"khm-cp-author__content\">\r\n\t\t\t\t\t\t\t\tKontakt zum Autor:<br \/>\r\n\t\t\t\t\t\t\t\t<strong>Georg Blenk<\/strong>, 08247 \/ 3007-45 |  <a href=\"mailto:georg.blenk@krafthand-medien.de\">georg.blenk@krafthand-medien.de<\/a>\r\n\t\t\t\t\t\t\t<div class=\"khm-cp-author__image\">\r\n\t\t\t\t\t\t<img src=\"https:\/\/static.krafthand-truck.de\/uploads\/2021\/01\/Blenk_6104-250x300-1-removebg-preview.png\" class=\"img-responsive\">\r\n\t\t\t\t\t<\/div>\r\n\t\t\t\t\t\t<\/div>\r\n\t\t\t\t\t<\/div>\r\n\t\t\t\t<\/div>\r\n\t\t\t\t","protected":false},"excerpt":{"rendered":"<p>Vom 20. bis 25. September 2022 \u00f6ffnet die IAA Transportation in Hannover wieder ihre Tore. Die WabcoW\u00fcrth Workshop Services GmbH (WabcoW\u00fcrth ) pr\u00e4sentiert auf der weltweit wichtigsten Plattform der Nutzfahrzeugindustrie seine neuesten Diagnose-L\u00f6sungen. <span class=\"excerpt-more__dots\">&#8230;<\/span> <a class=\"excerpt-more__link\" href=\"https:\/\/www.krafthand.de\/truck\/artikel\/wabcowuerth-auf-der-iaa-transportation-33400\/\" >weiter<\/a><\/p>\n","protected":false},"author":9,"featured_media":33405,"comment_status":"closed","ping_status":"closed","sticky":false,"template":"","format":"standard","meta":{"footnotes":""},"categories":[4225,4216,4236,4220],"tags":[80,4882,1626,259],"settings":[3524,4766,3523],"class_list":["post-33400","post","type-post","status-publish","format-standard","has-post-thumbnail","hentry","category-ssistenzsysteme","category-nfz-service","category-veranstaltungen","category-werkstattausruestung","tag-klimaservice","tag-mirror-cam","tag-w-easy","tag-wabcowuerth"],"yoast_head":"<!-- This site is optimized with the Yoast SEO plugin v27.3 - https:\/\/yoast.com\/product\/yoast-seo-wordpress\/ -->\n<title>WabcoW\u00fcrth auf der IAA Transportation - Krafthand-Truck<\/title>\n<meta name=\"description\" content=\"WabcoW\u00fcrth pr\u00e4sentiert auf IAA Transportation seine neuesten Diagnose-L\u00f6sungen, inklusive einem neuem Klimaserviceger\u00e4t.\" \/>\n<meta name=\"robots\" content=\"index, follow, max-snippet:-1, max-image-preview:large, max-video-preview:-1\" \/>\n<link rel=\"canonical\" href=\"https:\/\/www.krafthand.de\/truck\/artikel\/wabcowuerth-auf-der-iaa-transportation-33400\/\" \/>\n<meta property=\"og:locale\" content=\"de_DE\" \/>\n<meta property=\"og:type\" content=\"article\" \/>\n<meta property=\"og:title\" content=\"WabcoW\u00fcrth auf der IAA Transportation - Krafthand-Truck\" \/>\n<meta property=\"og:description\" content=\"WabcoW\u00fcrth pr\u00e4sentiert auf IAA Transportation seine neuesten Diagnose-L\u00f6sungen, inklusive einem neuem Klimaserviceger\u00e4t.\" \/>\n<meta property=\"og:url\" content=\"https:\/\/www.krafthand-truck.de\/artikel\/wabcowuerth-auf-der-iaa-transportation-33400\/\" \/>\n<meta property=\"og:site_name\" content=\"Krafthand-Truck\" \/>\n<meta property=\"article:published_time\" content=\"2022-09-06T10:07:22+00:00\" \/>\n<meta property=\"article:modified_time\" content=\"2022-09-06T10:14:50+00:00\" \/>\n<meta property=\"og:image\" content=\"https:\/\/static.krafthand-truck.de\/uploads\/2022\/09\/Wabco_Wuerth_IAA-Transportation_2022.jpg\" \/>\n\t<meta property=\"og:image:width\" content=\"1200\" \/>\n\t<meta property=\"og:image:height\" content=\"675\" \/>\n\t<meta property=\"og:image:type\" content=\"image\/jpeg\" \/>\n<meta name=\"author\" content=\"georg.blenk@krafthand-medien.de\" \/>\n<meta name=\"twitter:card\" content=\"summary_large_image\" \/>\n<meta name=\"twitter:label1\" content=\"Verfasst von\" \/>\n\t<meta name=\"twitter:data1\" content=\"georg.blenk@krafthand-medien.de\" \/>\n\t<meta name=\"twitter:label2\" content=\"Gesch\u00e4tzte Lesezeit\" \/>\n\t<meta name=\"twitter:data2\" content=\"2\u00a0Minuten\" \/>\n<script type=\"application\/ld+json\" class=\"yoast-schema-graph\">{\"@context\":\"https:\\\/\\\/schema.org\",\"@graph\":[{\"@type\":\"Article\",\"@id\":\"https:\\\/\\\/www.krafthand.de\\\/truck\\\/artikel\\\/wabcowuerth-auf-der-iaa-transportation-33400\\\/#article\",\"isPartOf\":{\"@id\":\"https:\\\/\\\/www.krafthand.de\\\/truck\\\/artikel\\\/wabcowuerth-auf-der-iaa-transportation-33400\\\/\"},\"author\":{\"name\":\"georg.blenk@krafthand-medien.de\",\"@id\":\"https:\\\/\\\/www.krafthand.de\\\/truck\\\/#\\\/schema\\\/person\\\/51fa80b1c57034c4bf63f9f988fc24ce\"},\"headline\":\"WabcoW\u00fcrth auf der IAA Transportation\",\"datePublished\":\"2022-09-06T10:07:22+00:00\",\"dateModified\":\"2022-09-06T10:14:50+00:00\",\"mainEntityOfPage\":{\"@id\":\"https:\\\/\\\/www.krafthand.de\\\/truck\\\/artikel\\\/wabcowuerth-auf-der-iaa-transportation-33400\\\/\"},\"wordCount\":273,\"image\":{\"@id\":\"https:\\\/\\\/www.krafthand.de\\\/truck\\\/artikel\\\/wabcowuerth-auf-der-iaa-transportation-33400\\\/#primaryimage\"},\"thumbnailUrl\":\"https:\\\/\\\/static.krafthand-truck.de\\\/uploads\\\/2022\\\/09\\\/Wabco_Wuerth_IAA-Transportation_2022.jpg\",\"keywords\":[\"Klimaservice\",\"Mirror-Cam\",\"W.Easy\",\"Wabcow\u00fcrth\"],\"articleSection\":[\"Assistenzsysteme\",\"Nfz-Service\",\"Veranstaltungen\\\/Messen\",\"Werkstattausr\u00fcstung\"],\"inLanguage\":\"de\"},{\"@type\":\"WebPage\",\"@id\":\"https:\\\/\\\/www.krafthand.de\\\/truck\\\/artikel\\\/wabcowuerth-auf-der-iaa-transportation-33400\\\/\",\"url\":\"https:\\\/\\\/www.krafthand.de\\\/truck\\\/artikel\\\/wabcowuerth-auf-der-iaa-transportation-33400\\\/\",\"name\":\"WabcoW\u00fcrth auf der IAA Transportation - Krafthand-Truck\",\"isPartOf\":{\"@id\":\"https:\\\/\\\/www.krafthand.de\\\/truck\\\/#website\"},\"primaryImageOfPage\":{\"@id\":\"https:\\\/\\\/www.krafthand.de\\\/truck\\\/artikel\\\/wabcowuerth-auf-der-iaa-transportation-33400\\\/#primaryimage\"},\"image\":{\"@id\":\"https:\\\/\\\/www.krafthand.de\\\/truck\\\/artikel\\\/wabcowuerth-auf-der-iaa-transportation-33400\\\/#primaryimage\"},\"thumbnailUrl\":\"https:\\\/\\\/static.krafthand-truck.de\\\/uploads\\\/2022\\\/09\\\/Wabco_Wuerth_IAA-Transportation_2022.jpg\",\"datePublished\":\"2022-09-06T10:07:22+00:00\",\"dateModified\":\"2022-09-06T10:14:50+00:00\",\"author\":{\"@id\":\"https:\\\/\\\/www.krafthand.de\\\/truck\\\/#\\\/schema\\\/person\\\/51fa80b1c57034c4bf63f9f988fc24ce\"},\"description\":\"WabcoW\u00fcrth pr\u00e4sentiert auf IAA Transportation seine neuesten Diagnose-L\u00f6sungen, inklusive einem neuem Klimaserviceger\u00e4t.\",\"breadcrumb\":{\"@id\":\"https:\\\/\\\/www.krafthand.de\\\/truck\\\/artikel\\\/wabcowuerth-auf-der-iaa-transportation-33400\\\/#breadcrumb\"},\"inLanguage\":\"de\",\"potentialAction\":[{\"@type\":\"ReadAction\",\"target\":[\"https:\\\/\\\/www.krafthand.de\\\/truck\\\/artikel\\\/wabcowuerth-auf-der-iaa-transportation-33400\\\/\"]}]},{\"@type\":\"ImageObject\",\"inLanguage\":\"de\",\"@id\":\"https:\\\/\\\/www.krafthand.de\\\/truck\\\/artikel\\\/wabcowuerth-auf-der-iaa-transportation-33400\\\/#primaryimage\",\"url\":\"https:\\\/\\\/static.krafthand-truck.de\\\/uploads\\\/2022\\\/09\\\/Wabco_Wuerth_IAA-Transportation_2022.jpg\",\"contentUrl\":\"https:\\\/\\\/static.krafthand-truck.de\\\/uploads\\\/2022\\\/09\\\/Wabco_Wuerth_IAA-Transportation_2022.jpg\",\"width\":1200,\"height\":675},{\"@type\":\"BreadcrumbList\",\"@id\":\"https:\\\/\\\/www.krafthand.de\\\/truck\\\/artikel\\\/wabcowuerth-auf-der-iaa-transportation-33400\\\/#breadcrumb\",\"itemListElement\":[{\"@type\":\"ListItem\",\"position\":1,\"name\":\"Krafthand-Truck\",\"item\":\"https:\\\/\\\/www.krafthand.de\\\/truck\\\/\"},{\"@type\":\"ListItem\",\"position\":2,\"name\":\"Nfz-Branche\",\"item\":\"https:\\\/\\\/www.krafthand.de\\\/truck\\\/kategorie\\\/branche\\\/\"},{\"@type\":\"ListItem\",\"position\":3,\"name\":\"Veranstaltungen\\\/Messen\",\"item\":\"https:\\\/\\\/www.krafthand.de\\\/truck\\\/kategorie\\\/branche\\\/veranstaltungen\\\/\"},{\"@type\":\"ListItem\",\"position\":4,\"name\":\"WabcoW\u00fcrth auf der IAA Transportation\"}]},{\"@type\":\"WebSite\",\"@id\":\"https:\\\/\\\/www.krafthand.de\\\/truck\\\/#website\",\"url\":\"https:\\\/\\\/www.krafthand.de\\\/truck\\\/\",\"name\":\"Krafthand-Truck\",\"description\":\"\",\"potentialAction\":[{\"@type\":\"SearchAction\",\"target\":{\"@type\":\"EntryPoint\",\"urlTemplate\":\"https:\\\/\\\/www.krafthand.de\\\/truck\\\/?s={search_term_string}\"},\"query-input\":{\"@type\":\"PropertyValueSpecification\",\"valueRequired\":true,\"valueName\":\"search_term_string\"}}],\"inLanguage\":\"de\"},{\"@type\":\"Person\",\"@id\":\"https:\\\/\\\/www.krafthand.de\\\/truck\\\/#\\\/schema\\\/person\\\/51fa80b1c57034c4bf63f9f988fc24ce\",\"name\":\"georg.blenk@krafthand-medien.de\",\"image\":{\"@type\":\"ImageObject\",\"inLanguage\":\"de\",\"@id\":\"https:\\\/\\\/secure.gravatar.com\\\/avatar\\\/93713c30affe0aa95d3a4130e499bb1abee2eb31adbdd9ce2aa1543538490215?s=96&d=mm&r=g\",\"url\":\"https:\\\/\\\/secure.gravatar.com\\\/avatar\\\/93713c30affe0aa95d3a4130e499bb1abee2eb31adbdd9ce2aa1543538490215?s=96&d=mm&r=g\",\"contentUrl\":\"https:\\\/\\\/secure.gravatar.com\\\/avatar\\\/93713c30affe0aa95d3a4130e499bb1abee2eb31adbdd9ce2aa1543538490215?s=96&d=mm&r=g\",\"caption\":\"georg.blenk@krafthand-medien.de\"}}]}<\/script>\n<!-- \/ Yoast SEO plugin. -->","yoast_head_json":{"title":"WabcoW\u00fcrth auf der IAA Transportation - Krafthand-Truck","description":"WabcoW\u00fcrth pr\u00e4sentiert auf IAA Transportation seine neuesten Diagnose-L\u00f6sungen, inklusive einem neuem Klimaserviceger\u00e4t.","robots":{"index":"index","follow":"follow","max-snippet":"max-snippet:-1","max-image-preview":"max-image-preview:large","max-video-preview":"max-video-preview:-1"},"canonical":"https:\/\/www.krafthand.de\/truck\/artikel\/wabcowuerth-auf-der-iaa-transportation-33400\/","og_locale":"de_DE","og_type":"article","og_title":"WabcoW\u00fcrth auf der IAA Transportation - Krafthand-Truck","og_description":"WabcoW\u00fcrth pr\u00e4sentiert auf IAA Transportation seine neuesten Diagnose-L\u00f6sungen, inklusive einem neuem Klimaserviceger\u00e4t.","og_url":"https:\/\/www.krafthand-truck.de\/artikel\/wabcowuerth-auf-der-iaa-transportation-33400\/","og_site_name":"Krafthand-Truck","article_published_time":"2022-09-06T10:07:22+00:00","article_modified_time":"2022-09-06T10:14:50+00:00","og_image":[{"width":1200,"height":675,"url":"https:\/\/static.krafthand-truck.de\/uploads\/2022\/09\/Wabco_Wuerth_IAA-Transportation_2022.jpg","type":"image\/jpeg"}],"author":"georg.blenk@krafthand-medien.de","twitter_card":"summary_large_image","twitter_misc":{"Verfasst von":"georg.blenk@krafthand-medien.de","Gesch\u00e4tzte Lesezeit":"2\u00a0Minuten"},"schema":{"@context":"https:\/\/schema.org","@graph":[{"@type":"Article","@id":"https:\/\/www.krafthand.de\/truck\/artikel\/wabcowuerth-auf-der-iaa-transportation-33400\/#article","isPartOf":{"@id":"https:\/\/www.krafthand.de\/truck\/artikel\/wabcowuerth-auf-der-iaa-transportation-33400\/"},"author":{"name":"georg.blenk@krafthand-medien.de","@id":"https:\/\/www.krafthand.de\/truck\/#\/schema\/person\/51fa80b1c57034c4bf63f9f988fc24ce"},"headline":"WabcoW\u00fcrth auf der IAA Transportation","datePublished":"2022-09-06T10:07:22+00:00","dateModified":"2022-09-06T10:14:50+00:00","mainEntityOfPage":{"@id":"https:\/\/www.krafthand.de\/truck\/artikel\/wabcowuerth-auf-der-iaa-transportation-33400\/"},"wordCount":273,"image":{"@id":"https:\/\/www.krafthand.de\/truck\/artikel\/wabcowuerth-auf-der-iaa-transportation-33400\/#primaryimage"},"thumbnailUrl":"https:\/\/static.krafthand-truck.de\/uploads\/2022\/09\/Wabco_Wuerth_IAA-Transportation_2022.jpg","keywords":["Klimaservice","Mirror-Cam","W.Easy","Wabcow\u00fcrth"],"articleSection":["Assistenzsysteme","Nfz-Service","Veranstaltungen\/Messen","Werkstattausr\u00fcstung"],"inLanguage":"de"},{"@type":"WebPage","@id":"https:\/\/www.krafthand.de\/truck\/artikel\/wabcowuerth-auf-der-iaa-transportation-33400\/","url":"https:\/\/www.krafthand.de\/truck\/artikel\/wabcowuerth-auf-der-iaa-transportation-33400\/","name":"WabcoW\u00fcrth auf der IAA Transportation - Krafthand-Truck","isPartOf":{"@id":"https:\/\/www.krafthand.de\/truck\/#website"},"primaryImageOfPage":{"@id":"https:\/\/www.krafthand.de\/truck\/artikel\/wabcowuerth-auf-der-iaa-transportation-33400\/#primaryimage"},"image":{"@id":"https:\/\/www.krafthand.de\/truck\/artikel\/wabcowuerth-auf-der-iaa-transportation-33400\/#primaryimage"},"thumbnailUrl":"https:\/\/static.krafthand-truck.de\/uploads\/2022\/09\/Wabco_Wuerth_IAA-Transportation_2022.jpg","datePublished":"2022-09-06T10:07:22+00:00","dateModified":"2022-09-06T10:14:50+00:00","author":{"@id":"https:\/\/www.krafthand.de\/truck\/#\/schema\/person\/51fa80b1c57034c4bf63f9f988fc24ce"},"description":"WabcoW\u00fcrth pr\u00e4sentiert auf IAA Transportation seine neuesten Diagnose-L\u00f6sungen, inklusive einem neuem Klimaserviceger\u00e4t.","breadcrumb":{"@id":"https:\/\/www.krafthand.de\/truck\/artikel\/wabcowuerth-auf-der-iaa-transportation-33400\/#breadcrumb"},"inLanguage":"de","potentialAction":[{"@type":"ReadAction","target":["https:\/\/www.krafthand.de\/truck\/artikel\/wabcowuerth-auf-der-iaa-transportation-33400\/"]}]},{"@type":"ImageObject","inLanguage":"de","@id":"https:\/\/www.krafthand.de\/truck\/artikel\/wabcowuerth-auf-der-iaa-transportation-33400\/#primaryimage","url":"https:\/\/static.krafthand-truck.de\/uploads\/2022\/09\/Wabco_Wuerth_IAA-Transportation_2022.jpg","contentUrl":"https:\/\/static.krafthand-truck.de\/uploads\/2022\/09\/Wabco_Wuerth_IAA-Transportation_2022.jpg","width":1200,"height":675},{"@type":"BreadcrumbList","@id":"https:\/\/www.krafthand.de\/truck\/artikel\/wabcowuerth-auf-der-iaa-transportation-33400\/#breadcrumb","itemListElement":[{"@type":"ListItem","position":1,"name":"Krafthand-Truck","item":"https:\/\/www.krafthand.de\/truck\/"},{"@type":"ListItem","position":2,"name":"Nfz-Branche","item":"https:\/\/www.krafthand.de\/truck\/kategorie\/branche\/"},{"@type":"ListItem","position":3,"name":"Veranstaltungen\/Messen","item":"https:\/\/www.krafthand.de\/truck\/kategorie\/branche\/veranstaltungen\/"},{"@type":"ListItem","position":4,"name":"WabcoW\u00fcrth auf der IAA Transportation"}]},{"@type":"WebSite","@id":"https:\/\/www.krafthand.de\/truck\/#website","url":"https:\/\/www.krafthand.de\/truck\/","name":"Krafthand-Truck","description":"","potentialAction":[{"@type":"SearchAction","target":{"@type":"EntryPoint","urlTemplate":"https:\/\/www.krafthand.de\/truck\/?s={search_term_string}"},"query-input":{"@type":"PropertyValueSpecification","valueRequired":true,"valueName":"search_term_string"}}],"inLanguage":"de"},{"@type":"Person","@id":"https:\/\/www.krafthand.de\/truck\/#\/schema\/person\/51fa80b1c57034c4bf63f9f988fc24ce","name":"georg.blenk@krafthand-medien.de","image":{"@type":"ImageObject","inLanguage":"de","@id":"https:\/\/secure.gravatar.com\/avatar\/93713c30affe0aa95d3a4130e499bb1abee2eb31adbdd9ce2aa1543538490215?s=96&d=mm&r=g","url":"https:\/\/secure.gravatar.com\/avatar\/93713c30affe0aa95d3a4130e499bb1abee2eb31adbdd9ce2aa1543538490215?s=96&d=mm&r=g","contentUrl":"https:\/\/secure.gravatar.com\/avatar\/93713c30affe0aa95d3a4130e499bb1abee2eb31adbdd9ce2aa1543538490215?s=96&d=mm&r=g","caption":"georg.blenk@krafthand-medien.de"}}]}},"_links":{"self":[{"href":"https:\/\/www.krafthand.de\/truck\/wp-json\/wp\/v2\/posts\/33400","targetHints":{"allow":["GET"]}}],"collection":[{"href":"https:\/\/www.krafthand.de\/truck\/wp-json\/wp\/v2\/posts"}],"about":[{"href":"https:\/\/www.krafthand.de\/truck\/wp-json\/wp\/v2\/types\/post"}],"author":[{"embeddable":true,"href":"https:\/\/www.krafthand.de\/truck\/wp-json\/wp\/v2\/users\/9"}],"replies":[{"embeddable":true,"href":"https:\/\/www.krafthand.de\/truck\/wp-json\/wp\/v2\/comments?post=33400"}],"version-history":[{"count":10,"href":"https:\/\/www.krafthand.de\/truck\/wp-json\/wp\/v2\/posts\/33400\/revisions"}],"predecessor-version":[{"id":33411,"href":"https:\/\/www.krafthand.de\/truck\/wp-json\/wp\/v2\/posts\/33400\/revisions\/33411"}],"wp:featuredmedia":[{"embeddable":true,"href":"https:\/\/www.krafthand.de\/truck\/wp-json\/wp\/v2\/media\/33405"}],"wp:attachment":[{"href":"https:\/\/www.krafthand.de\/truck\/wp-json\/wp\/v2\/media?parent=33400"}],"wp:term":[{"taxonomy":"category","embeddable":true,"href":"https:\/\/www.krafthand.de\/truck\/wp-json\/wp\/v2\/categories?post=33400"},{"taxonomy":"post_tag","embeddable":true,"href":"https:\/\/www.krafthand.de\/truck\/wp-json\/wp\/v2\/tags?post=33400"},{"taxonomy":"settings","embeddable":true,"href":"https:\/\/www.krafthand.de\/truck\/wp-json\/wp\/v2\/settings?post=33400"}],"curies":[{"name":"wp","href":"https:\/\/api.w.org\/{rel}","templated":true}]}}