{"id":33326,"date":"2022-09-01T09:00:11","date_gmt":"2022-09-01T07:00:11","guid":{"rendered":"https:\/\/www.krafthand.de\/truck\/?p=33326"},"modified":"2022-09-02T09:46:24","modified_gmt":"2022-09-02T07:46:24","slug":"mobility-hub-spatenstich-fuer-wasserstoff-multifuel-tankanlage-in-passau","status":"publish","type":"post","link":"https:\/\/www.krafthand.de\/truck\/artikel\/mobility-hub-spatenstich-fuer-wasserstoff-multifuel-tankanlage-in-passau-33326\/","title":{"rendered":"Mobility-Hub: Spatenstich f\u00fcr Wasserstoff-\/Multifuel-Tankanlage nahe Passau"},"content":{"rendered":"<p>Mit einem Spatenstich in Passau-Sperrwies auf dem Gel\u00e4nde der Paul Group begann jetzt der Bau der gr\u00f6\u00dften \u00f6ffentlichen Wasserstofftankstelle Bayerns. Der Tankstelleninfrastruktur-Betreiber <a href=\"https:\/\/www.maierkorduletsch.at\" target=\"_blank\" rel=\"noopener\">Maier Korduletsch<\/a> errichtet einen der leistungsst\u00e4rksten Mobility Hubs f\u00fcr Fahrzeuge mit Wasserstoff-Antrieb \u2013 einen E-Ladepark in Kombination mit einer konventionellen Tankstelle.<\/p>\n<h3>Next-Mobility-Konsortium<\/h3>\n<figure id=\"attachment_33341\" aria-describedby=\"caption-attachment-33341\" style=\"width: 380px\" class=\"wp-caption alignright\"><a href=\"https:\/\/static.krafthand-truck.de\/uploads\/2022\/09\/Paul_Nutzfahrzeuge_Spatenstich-Mobility-Hub-Passau.jpg\" target=\"_blank\" rel=\"noopener\"><img fetchpriority=\"high\" decoding=\"async\" class=\"wp-image-33341\" src=\"https:\/\/static.krafthand-truck.de\/uploads\/2022\/09\/Paul_Nutzfahrzeuge_Spatenstich-Mobility-Hub-Passau-300x200.jpg\" alt=\"\" width=\"380\" height=\"253\" srcset=\"https:\/\/static.krafthand-truck.de\/uploads\/2022\/09\/Paul_Nutzfahrzeuge_Spatenstich-Mobility-Hub-Passau-300x200.jpg 300w, https:\/\/static.krafthand-truck.de\/uploads\/2022\/09\/Paul_Nutzfahrzeuge_Spatenstich-Mobility-Hub-Passau-1024x683.jpg 1024w, https:\/\/static.krafthand-truck.de\/uploads\/2022\/09\/Paul_Nutzfahrzeuge_Spatenstich-Mobility-Hub-Passau-768x512.jpg 768w, https:\/\/static.krafthand-truck.de\/uploads\/2022\/09\/Paul_Nutzfahrzeuge_Spatenstich-Mobility-Hub-Passau.jpg 1200w\" sizes=\"(max-width: 380px) 100vw, 380px\" \/><\/a><figcaption id=\"caption-attachment-33341\" class=\"wp-caption-text\">Spatenstich am 31.8.2022 zum H2-Mobility Hub in der N\u00e4he von Passau.<\/figcaption><\/figure>\n<p>Im Rahmen des sogenannten Next-Mobility-Konsortiums entsteht zusammen mit der <a href=\"https:\/\/paul-nutzfahrzeuge.de\" target=\"_blank\" rel=\"noopener\">Paul Group<\/a>, dem Entwickler des ersten Wasserstoff-Brennstoffzellen-Lkw aus Deutschland und der <a href=\"https:\/\/www.shell.de\" target=\"_blank\" rel=\"noopener\">Shell Deutschland<\/a> ein \u00d6kosystem, das die Dekarbonisierung des Verkehrssektors beschleunigen soll. Hubert Aiwanger, Bayerischer Staatsminister f\u00fcr Wirtschaft, Landesentwicklung und Energie, dessen Ministerium zwei Millionen Euro F\u00f6rdergeld f\u00fcr den Bau der Wasserstofftankstelle zur Verf\u00fcgung gestellt hat, setzte den ersten Spatenstich.<\/p>\n<p><strong>Serviceangebot mit Fokus auf alternative Antriebe<\/strong><\/p>\n<p>F\u00fcr Wasserstoff-Lkw wird es an dem neuen Mobility Hub, der Mitte 2023 er\u00f6ffnen soll, zwei Zapfpunkte mit je 350 bar Druck geben. Dank einer extrem leistungsf\u00e4higen Verdichter- und Speicherl\u00f6sung sowie durch den Einsatz von zwei Kompressoren k\u00f6nnen dort zweimal f\u00fcnf Lkw pro S\u00e4ule parallel und ohne Wartezeiten hintereinander tanken. Die Anlieferung des Wasserstoffs wird \u00fcber mehrere Druck-Trailer sichergestellt, die jeweils \u00fcber ein Fassungsverm\u00f6gen von 1.000 kg H2 verf\u00fcgen. \u00dcber einen Hoch- und Mitteldruckspeicher sowie eine K\u00fchlung bei der Betankung kann die Betankungsperformance dauerhaft sichergestellt werden. Je nach Fahrzeugmodell k\u00f6nnen zwischen 25 und 40 kg in 10 min getankt werden.<\/p>\n<blockquote><p>\u201eMit den zwei S\u00e4ulen k\u00f6nnen bis zu 10 Wasserstoff Lkw pro Stunde betankt werden. Diese St\u00e4rke ist bisher einmalig in Europa. Wir schaffen hier die modernste und leistungsf\u00e4higste Tankm\u00f6glichkeit f\u00fcr Wasserstoff in der Gro\u00dfregion S\u00fcdbayern\u201c, so Lorenz Maier, Gesch\u00e4ftsf\u00fchrer von Maier Korduletsch.<\/p><\/blockquote>\n<h3>Unmittelbare an der Autobahn<\/h3>\n<p>Der Mobility Hub wird in unmittelbarer N\u00e4he der Autobahnabfahrt Passau-Mitte errichtet. Hier wird nicht nur Wasserstoff angeboten, sondern auch alle weiteren Antriebsarten bedient. Neben Benzin, Diesel und Wasserstoff k\u00f6nnen auch Elektrofahrzeuge geladen werden \u2013 ein Schnellladepark mit zehn Schnellladepunkten, die zeitglich jeweils 150 kW abgeben, k\u00f6nnen auch batterieelektrisch betriebene Fahrzeuge bedienen. Zus\u00e4tzlich werden auch moderne Kraftstoffe wie R33 mit bis zu 33 Prozent Biokomponenten und der Dieselzusatz AdBlue angeboten.<\/p>\n<figure id=\"attachment_33339\" aria-describedby=\"caption-attachment-33339\" style=\"width: 800px\" class=\"wp-caption aligncenter\"><img decoding=\"async\" class=\"wp-image-33339\" src=\"https:\/\/static.krafthand-truck.de\/uploads\/2022\/09\/Paul_Nutzfahrzeuge_02-300x169.jpg\" alt=\"\" width=\"800\" height=\"450\" srcset=\"https:\/\/static.krafthand-truck.de\/uploads\/2022\/09\/Paul_Nutzfahrzeuge_02-300x169.jpg 300w, https:\/\/static.krafthand-truck.de\/uploads\/2022\/09\/Paul_Nutzfahrzeuge_02-1024x576.jpg 1024w, https:\/\/static.krafthand-truck.de\/uploads\/2022\/09\/Paul_Nutzfahrzeuge_02-768x432.jpg 768w, https:\/\/static.krafthand-truck.de\/uploads\/2022\/09\/Paul_Nutzfahrzeuge_02.jpg 1200w\" sizes=\"(max-width: 800px) 100vw, 800px\" \/><figcaption id=\"caption-attachment-33339\" class=\"wp-caption-text\">Der neue Mobility-Hub an der Autobahnausfahrt Passau-Mitte.<\/figcaption><\/figure>\n<h3>Smartes Energiemanagement<\/h3>\n<p>Die Wartezeiten bei allen Tankvorg\u00e4ngen sollen zuk\u00fcnftig kurz sein. Dennoch seien Kunden auch selbstverst\u00e4ndlich f\u00fcr Pausen willkommen. Auf mehr als 200 Quadratmetern werden sie einen Shop mit Reisebedarf vorfinden sowie gastronomische Angebote. Schon bei der Planung wurde laut Angaben gro\u00dfer Wert auf eine au\u00dfergew\u00f6hnlich hohe Aufenthaltsqualit\u00e4t gelegt. Und nicht zuletzt das Energiemanagement des gesamten Hubs selbst ist zukunftsweisend konzipiert: Ein vollintegriertes, sektorengekoppeltes Energiekonzept bildet das Herzst\u00fcck dieses neu entwickelten Mobility Hubs. Ein eigener Energiespeicher bietet die M\u00f6glichkeit, Lastspitzkappung, Flexibilisierung und eine effektivere Nutzung der regenerativen Energien vor Ort zu kombinieren. Alle Dachfl\u00e4chen der Anlage, auf denen es m\u00f6glich ist, sollen mit Photovoltaik-Elementen ausgestattet werden, die zus\u00e4tzlich zum nachhaltig ausgerichteten, geringen CO2-Verbrauch des gesamten Hubs bis zu 1 Megawatt Leistung produzieren.<\/p>\n<blockquote><p>\u201eEs freut mich ganz besonders, dass Maier Korduletsch hier an einem der meistfrequentierten Autoh\u00e4user und einer der beliebtesten Servicestationen Bayerns nun zus\u00e4tzlich zu Tankdienstleistungen auch leistungsstarke Wasserstoffbetankung f\u00fcr Lkw sowie E-Ladem\u00f6glichkeiten f\u00fcr Pkw und Lkw anbieten wird&#8220;, so Josef Paul, Gesch\u00e4ftsf\u00fchrer der Paul Group und quasi Hausherr des Paul Service Center in Passau-Sperrwies.<\/p><\/blockquote>\n<p>Auf der Veranstaltung am 31. August \u00e4usserte sich auch J\u00f6rg Debus, Energy Transition Advisor der Shell Deutschland GmbH, vor Ort und erkl\u00e4rte: <em>\u201eDer Mobility Hub an diesem Standort ist unter anderem mit seiner N\u00e4he zu \u00d6sterreich ein wichtiger Baustein f\u00fcr die Mobilit\u00e4t von Wasserstoff-Trucks in Europa. Wir unterst\u00fctzen den europaweiten Ausbau der Infrastruktur, um die Zukunftstechnologie Wasserstoff auf die Stra\u00dfe zu bringen und die Vision von CO2-neutralem Transport Wirklichkeit werden zu lassen. Mit innovativen mittelst\u00e4ndischen Partnern wie Maier Korduletsch und Paul sind wir in der Lage diesen Prozess deutlich zu beschleunigen.\u201c<\/em><\/p>\n<p>&nbsp;<\/p>\n<div class=\"infobox box-grey\"><\/p>\n<p><strong>Das Next Mobility Konsortium<\/strong><\/p>\n<p>Die Paul Group, Maier Korduletsch und Shell bilden gemeinsam das Next Mobility Konsortium, das ein ganzheitliches Konzept f\u00fcr mittelschwere, mit Wasserstoff-Brennstoffzellen angetriebene Lkw realisiert \u2013 von der Produktion der H2-Lkw \u00fcber die Wasserstoff-Herstellung bis zu Logistik und Betankungsm\u00f6glichkeiten. Es soll eine regionale, skalierbare Wertsch\u00f6pfungskette geschaffen werden. Die Paul Group hat mit PH2P den ersten Wasserstoff-Brennzellen-Truck aus Deutschland entwickelt.<\/p>\n<p><\/div>\n\r\n\t\t\t\t<div class=\"post-author\">\r\n\t\t\t\t\t<div class=\"khm-cp-author clearfix\">\r\n\t\t\t\t\t\t<div class=\"khm-cp-author__content\">\r\n\t\t\t\t\t\t\t\tKontakt zum Autor:<br \/>\r\n\t\t\t\t\t\t\t\t<strong>Georg Blenk<\/strong>, 08247 \/ 3007-45 |  <a href=\"mailto:georg.blenk@krafthand-medien.de\">georg.blenk@krafthand-medien.de<\/a>\r\n\t\t\t\t\t\t\t<div class=\"khm-cp-author__image\">\r\n\t\t\t\t\t\t<img src=\"https:\/\/static.krafthand-truck.de\/uploads\/2021\/01\/Blenk_6104-250x300-1-removebg-preview.png\" class=\"img-responsive\">\r\n\t\t\t\t\t<\/div>\r\n\t\t\t\t\t\t<\/div>\r\n\t\t\t\t\t<\/div>\r\n\t\t\t\t<\/div>\r\n\t\t\t\t","protected":false},"excerpt":{"rendered":"<p>Im Rahmen des sogenannten Next-Mobility-Konsortiums entsteht in Passau zusammen mit der Paul Group, dem Entwickler des ersten Wasserstoff-Brennstoffzellen-Lkw aus Deutschland und der Shell Deutschland eine hochmoderne Multi-Fuel-Tankstellenanlage.  <span class=\"excerpt-more__dots\">&#8230;<\/span> <a class=\"excerpt-more__link\" href=\"https:\/\/www.krafthand.de\/truck\/artikel\/mobility-hub-spatenstich-fuer-wasserstoff-multifuel-tankanlage-in-passau-33326\/\" >weiter<\/a><\/p>\n","protected":false},"author":9,"featured_media":33337,"comment_status":"closed","ping_status":"closed","sticky":false,"template":"","format":"standard","meta":{"footnotes":""},"categories":[4913,4224,4235],"tags":[4348,5319,5318,4814,5320,4123,4181],"settings":[3524,4766,3523],"class_list":["post-33326","post","type-post","status-publish","format-standard","has-post-thumbnail","hentry","category-alternative-kraftstoffe","category-e-antrieb","category-unternehmen","tag-fcev","tag-mobility-hub","tag-passau","tag-paul-nutzfahrzeuge","tag-ph2p","tag-shell","tag-wasserstoff"],"yoast_head":"<!-- This site is optimized with the Yoast SEO plugin v27.3 - https:\/\/yoast.com\/product\/yoast-seo-wordpress\/ -->\n<title>Next Mobilty Hub - H2-Tankanlage nahe Passau I Krafthand-Truck<\/title>\n<meta name=\"description\" content=\"Next-Mobility-Konsortium: Nahe Passau entsteht eine hochmoderne Multi-Fuel-Tankstellenanlage, inklusive Wasserstoff-Betankungsanlage.\" \/>\n<meta name=\"robots\" content=\"index, follow, max-snippet:-1, max-image-preview:large, max-video-preview:-1\" \/>\n<link rel=\"canonical\" href=\"https:\/\/www.krafthand.de\/truck\/artikel\/mobility-hub-spatenstich-fuer-wasserstoff-multifuel-tankanlage-in-passau-33326\/\" \/>\n<meta property=\"og:locale\" content=\"de_DE\" \/>\n<meta property=\"og:type\" content=\"article\" \/>\n<meta property=\"og:title\" content=\"Next Mobilty Hub - H2-Tankanlage nahe Passau I Krafthand-Truck\" \/>\n<meta property=\"og:description\" content=\"Next-Mobility-Konsortium: Nahe Passau entsteht eine hochmoderne Multi-Fuel-Tankstellenanlage, inklusive Wasserstoff-Betankungsanlage.\" \/>\n<meta property=\"og:url\" content=\"https:\/\/www.krafthand-truck.de\/artikel\/mobility-hub-spatenstich-fuer-wasserstoff-multifuel-tankanlage-in-passau-33326\/\" \/>\n<meta property=\"og:site_name\" content=\"Krafthand-Truck\" \/>\n<meta property=\"article:published_time\" content=\"2022-09-01T07:00:11+00:00\" \/>\n<meta property=\"article:modified_time\" content=\"2022-09-02T07:46:24+00:00\" \/>\n<meta property=\"og:image\" content=\"https:\/\/static.krafthand-truck.de\/uploads\/2022\/09\/PH2P-Truck-der-PAul-Group-an-H2-Tankstelle-Passau-Sperrwies-Foto_-Next-Mobility-Konsortium.jpg\" \/>\n\t<meta property=\"og:image:width\" content=\"1200\" \/>\n\t<meta property=\"og:image:height\" content=\"626\" \/>\n\t<meta property=\"og:image:type\" content=\"image\/jpeg\" \/>\n<meta name=\"author\" content=\"georg.blenk@krafthand-medien.de\" \/>\n<meta name=\"twitter:card\" content=\"summary_large_image\" \/>\n<meta name=\"twitter:label1\" content=\"Verfasst von\" \/>\n\t<meta name=\"twitter:data1\" content=\"georg.blenk@krafthand-medien.de\" \/>\n\t<meta name=\"twitter:label2\" content=\"Gesch\u00e4tzte Lesezeit\" \/>\n\t<meta name=\"twitter:data2\" content=\"5\u00a0Minuten\" \/>\n<script type=\"application\/ld+json\" class=\"yoast-schema-graph\">{\"@context\":\"https:\\\/\\\/schema.org\",\"@graph\":[{\"@type\":\"Article\",\"@id\":\"https:\\\/\\\/www.krafthand.de\\\/truck\\\/artikel\\\/mobility-hub-spatenstich-fuer-wasserstoff-multifuel-tankanlage-in-passau-33326\\\/#article\",\"isPartOf\":{\"@id\":\"https:\\\/\\\/www.krafthand.de\\\/truck\\\/artikel\\\/mobility-hub-spatenstich-fuer-wasserstoff-multifuel-tankanlage-in-passau-33326\\\/\"},\"author\":{\"name\":\"georg.blenk@krafthand-medien.de\",\"@id\":\"https:\\\/\\\/www.krafthand.de\\\/truck\\\/#\\\/schema\\\/person\\\/51fa80b1c57034c4bf63f9f988fc24ce\"},\"headline\":\"Mobility-Hub: Spatenstich f\u00fcr Wasserstoff-\\\/Multifuel-Tankanlage nahe Passau\",\"datePublished\":\"2022-09-01T07:00:11+00:00\",\"dateModified\":\"2022-09-02T07:46:24+00:00\",\"mainEntityOfPage\":{\"@id\":\"https:\\\/\\\/www.krafthand.de\\\/truck\\\/artikel\\\/mobility-hub-spatenstich-fuer-wasserstoff-multifuel-tankanlage-in-passau-33326\\\/\"},\"wordCount\":748,\"image\":{\"@id\":\"https:\\\/\\\/www.krafthand.de\\\/truck\\\/artikel\\\/mobility-hub-spatenstich-fuer-wasserstoff-multifuel-tankanlage-in-passau-33326\\\/#primaryimage\"},\"thumbnailUrl\":\"https:\\\/\\\/static.krafthand-truck.de\\\/uploads\\\/2022\\\/09\\\/PH2P-Truck-der-PAul-Group-an-H2-Tankstelle-Passau-Sperrwies-Foto_-Next-Mobility-Konsortium.jpg\",\"keywords\":[\"FCEV\",\"Mobility Hub\",\"Passau\",\"Paul Nutzfahrzeuge\",\"PH2P\",\"Shell\",\"Wasserstoff\"],\"articleSection\":[\"Alternative Kraftstoffe\",\"E-Antrieb (BEV\\\/FCEV)\",\"Unternehmen\"],\"inLanguage\":\"de\"},{\"@type\":\"WebPage\",\"@id\":\"https:\\\/\\\/www.krafthand.de\\\/truck\\\/artikel\\\/mobility-hub-spatenstich-fuer-wasserstoff-multifuel-tankanlage-in-passau-33326\\\/\",\"url\":\"https:\\\/\\\/www.krafthand.de\\\/truck\\\/artikel\\\/mobility-hub-spatenstich-fuer-wasserstoff-multifuel-tankanlage-in-passau-33326\\\/\",\"name\":\"Next Mobilty Hub - H2-Tankanlage nahe Passau I Krafthand-Truck\",\"isPartOf\":{\"@id\":\"https:\\\/\\\/www.krafthand.de\\\/truck\\\/#website\"},\"primaryImageOfPage\":{\"@id\":\"https:\\\/\\\/www.krafthand.de\\\/truck\\\/artikel\\\/mobility-hub-spatenstich-fuer-wasserstoff-multifuel-tankanlage-in-passau-33326\\\/#primaryimage\"},\"image\":{\"@id\":\"https:\\\/\\\/www.krafthand.de\\\/truck\\\/artikel\\\/mobility-hub-spatenstich-fuer-wasserstoff-multifuel-tankanlage-in-passau-33326\\\/#primaryimage\"},\"thumbnailUrl\":\"https:\\\/\\\/static.krafthand-truck.de\\\/uploads\\\/2022\\\/09\\\/PH2P-Truck-der-PAul-Group-an-H2-Tankstelle-Passau-Sperrwies-Foto_-Next-Mobility-Konsortium.jpg\",\"datePublished\":\"2022-09-01T07:00:11+00:00\",\"dateModified\":\"2022-09-02T07:46:24+00:00\",\"author\":{\"@id\":\"https:\\\/\\\/www.krafthand.de\\\/truck\\\/#\\\/schema\\\/person\\\/51fa80b1c57034c4bf63f9f988fc24ce\"},\"description\":\"Next-Mobility-Konsortium: Nahe Passau entsteht eine hochmoderne Multi-Fuel-Tankstellenanlage, inklusive Wasserstoff-Betankungsanlage.\",\"breadcrumb\":{\"@id\":\"https:\\\/\\\/www.krafthand.de\\\/truck\\\/artikel\\\/mobility-hub-spatenstich-fuer-wasserstoff-multifuel-tankanlage-in-passau-33326\\\/#breadcrumb\"},\"inLanguage\":\"de\",\"potentialAction\":[{\"@type\":\"ReadAction\",\"target\":[\"https:\\\/\\\/www.krafthand.de\\\/truck\\\/artikel\\\/mobility-hub-spatenstich-fuer-wasserstoff-multifuel-tankanlage-in-passau-33326\\\/\"]}]},{\"@type\":\"ImageObject\",\"inLanguage\":\"de\",\"@id\":\"https:\\\/\\\/www.krafthand.de\\\/truck\\\/artikel\\\/mobility-hub-spatenstich-fuer-wasserstoff-multifuel-tankanlage-in-passau-33326\\\/#primaryimage\",\"url\":\"https:\\\/\\\/static.krafthand-truck.de\\\/uploads\\\/2022\\\/09\\\/PH2P-Truck-der-PAul-Group-an-H2-Tankstelle-Passau-Sperrwies-Foto_-Next-Mobility-Konsortium.jpg\",\"contentUrl\":\"https:\\\/\\\/static.krafthand-truck.de\\\/uploads\\\/2022\\\/09\\\/PH2P-Truck-der-PAul-Group-an-H2-Tankstelle-Passau-Sperrwies-Foto_-Next-Mobility-Konsortium.jpg\",\"width\":1200,\"height\":626},{\"@type\":\"BreadcrumbList\",\"@id\":\"https:\\\/\\\/www.krafthand.de\\\/truck\\\/artikel\\\/mobility-hub-spatenstich-fuer-wasserstoff-multifuel-tankanlage-in-passau-33326\\\/#breadcrumb\",\"itemListElement\":[{\"@type\":\"ListItem\",\"position\":1,\"name\":\"Krafthand-Truck\",\"item\":\"https:\\\/\\\/www.krafthand.de\\\/truck\\\/\"},{\"@type\":\"ListItem\",\"position\":2,\"name\":\"Nfz-Branche\",\"item\":\"https:\\\/\\\/www.krafthand.de\\\/truck\\\/kategorie\\\/branche\\\/\"},{\"@type\":\"ListItem\",\"position\":3,\"name\":\"Unternehmen\",\"item\":\"https:\\\/\\\/www.krafthand.de\\\/truck\\\/kategorie\\\/branche\\\/unternehmen\\\/\"},{\"@type\":\"ListItem\",\"position\":4,\"name\":\"Mobility-Hub: Spatenstich f\u00fcr Wasserstoff-\\\/Multifuel-Tankanlage nahe Passau\"}]},{\"@type\":\"WebSite\",\"@id\":\"https:\\\/\\\/www.krafthand.de\\\/truck\\\/#website\",\"url\":\"https:\\\/\\\/www.krafthand.de\\\/truck\\\/\",\"name\":\"Krafthand-Truck\",\"description\":\"\",\"potentialAction\":[{\"@type\":\"SearchAction\",\"target\":{\"@type\":\"EntryPoint\",\"urlTemplate\":\"https:\\\/\\\/www.krafthand.de\\\/truck\\\/?s={search_term_string}\"},\"query-input\":{\"@type\":\"PropertyValueSpecification\",\"valueRequired\":true,\"valueName\":\"search_term_string\"}}],\"inLanguage\":\"de\"},{\"@type\":\"Person\",\"@id\":\"https:\\\/\\\/www.krafthand.de\\\/truck\\\/#\\\/schema\\\/person\\\/51fa80b1c57034c4bf63f9f988fc24ce\",\"name\":\"georg.blenk@krafthand-medien.de\",\"image\":{\"@type\":\"ImageObject\",\"inLanguage\":\"de\",\"@id\":\"https:\\\/\\\/secure.gravatar.com\\\/avatar\\\/93713c30affe0aa95d3a4130e499bb1abee2eb31adbdd9ce2aa1543538490215?s=96&d=mm&r=g\",\"url\":\"https:\\\/\\\/secure.gravatar.com\\\/avatar\\\/93713c30affe0aa95d3a4130e499bb1abee2eb31adbdd9ce2aa1543538490215?s=96&d=mm&r=g\",\"contentUrl\":\"https:\\\/\\\/secure.gravatar.com\\\/avatar\\\/93713c30affe0aa95d3a4130e499bb1abee2eb31adbdd9ce2aa1543538490215?s=96&d=mm&r=g\",\"caption\":\"georg.blenk@krafthand-medien.de\"}}]}<\/script>\n<!-- \/ Yoast SEO plugin. -->","yoast_head_json":{"title":"Next Mobilty Hub - H2-Tankanlage nahe Passau I Krafthand-Truck","description":"Next-Mobility-Konsortium: Nahe Passau entsteht eine hochmoderne Multi-Fuel-Tankstellenanlage, inklusive Wasserstoff-Betankungsanlage.","robots":{"index":"index","follow":"follow","max-snippet":"max-snippet:-1","max-image-preview":"max-image-preview:large","max-video-preview":"max-video-preview:-1"},"canonical":"https:\/\/www.krafthand.de\/truck\/artikel\/mobility-hub-spatenstich-fuer-wasserstoff-multifuel-tankanlage-in-passau-33326\/","og_locale":"de_DE","og_type":"article","og_title":"Next Mobilty Hub - H2-Tankanlage nahe Passau I Krafthand-Truck","og_description":"Next-Mobility-Konsortium: Nahe Passau entsteht eine hochmoderne Multi-Fuel-Tankstellenanlage, inklusive Wasserstoff-Betankungsanlage.","og_url":"https:\/\/www.krafthand-truck.de\/artikel\/mobility-hub-spatenstich-fuer-wasserstoff-multifuel-tankanlage-in-passau-33326\/","og_site_name":"Krafthand-Truck","article_published_time":"2022-09-01T07:00:11+00:00","article_modified_time":"2022-09-02T07:46:24+00:00","og_image":[{"width":1200,"height":626,"url":"https:\/\/static.krafthand-truck.de\/uploads\/2022\/09\/PH2P-Truck-der-PAul-Group-an-H2-Tankstelle-Passau-Sperrwies-Foto_-Next-Mobility-Konsortium.jpg","type":"image\/jpeg"}],"author":"georg.blenk@krafthand-medien.de","twitter_card":"summary_large_image","twitter_misc":{"Verfasst von":"georg.blenk@krafthand-medien.de","Gesch\u00e4tzte Lesezeit":"5\u00a0Minuten"},"schema":{"@context":"https:\/\/schema.org","@graph":[{"@type":"Article","@id":"https:\/\/www.krafthand.de\/truck\/artikel\/mobility-hub-spatenstich-fuer-wasserstoff-multifuel-tankanlage-in-passau-33326\/#article","isPartOf":{"@id":"https:\/\/www.krafthand.de\/truck\/artikel\/mobility-hub-spatenstich-fuer-wasserstoff-multifuel-tankanlage-in-passau-33326\/"},"author":{"name":"georg.blenk@krafthand-medien.de","@id":"https:\/\/www.krafthand.de\/truck\/#\/schema\/person\/51fa80b1c57034c4bf63f9f988fc24ce"},"headline":"Mobility-Hub: Spatenstich f\u00fcr Wasserstoff-\/Multifuel-Tankanlage nahe Passau","datePublished":"2022-09-01T07:00:11+00:00","dateModified":"2022-09-02T07:46:24+00:00","mainEntityOfPage":{"@id":"https:\/\/www.krafthand.de\/truck\/artikel\/mobility-hub-spatenstich-fuer-wasserstoff-multifuel-tankanlage-in-passau-33326\/"},"wordCount":748,"image":{"@id":"https:\/\/www.krafthand.de\/truck\/artikel\/mobility-hub-spatenstich-fuer-wasserstoff-multifuel-tankanlage-in-passau-33326\/#primaryimage"},"thumbnailUrl":"https:\/\/static.krafthand-truck.de\/uploads\/2022\/09\/PH2P-Truck-der-PAul-Group-an-H2-Tankstelle-Passau-Sperrwies-Foto_-Next-Mobility-Konsortium.jpg","keywords":["FCEV","Mobility Hub","Passau","Paul Nutzfahrzeuge","PH2P","Shell","Wasserstoff"],"articleSection":["Alternative Kraftstoffe","E-Antrieb (BEV\/FCEV)","Unternehmen"],"inLanguage":"de"},{"@type":"WebPage","@id":"https:\/\/www.krafthand.de\/truck\/artikel\/mobility-hub-spatenstich-fuer-wasserstoff-multifuel-tankanlage-in-passau-33326\/","url":"https:\/\/www.krafthand.de\/truck\/artikel\/mobility-hub-spatenstich-fuer-wasserstoff-multifuel-tankanlage-in-passau-33326\/","name":"Next Mobilty Hub - H2-Tankanlage nahe Passau I Krafthand-Truck","isPartOf":{"@id":"https:\/\/www.krafthand.de\/truck\/#website"},"primaryImageOfPage":{"@id":"https:\/\/www.krafthand.de\/truck\/artikel\/mobility-hub-spatenstich-fuer-wasserstoff-multifuel-tankanlage-in-passau-33326\/#primaryimage"},"image":{"@id":"https:\/\/www.krafthand.de\/truck\/artikel\/mobility-hub-spatenstich-fuer-wasserstoff-multifuel-tankanlage-in-passau-33326\/#primaryimage"},"thumbnailUrl":"https:\/\/static.krafthand-truck.de\/uploads\/2022\/09\/PH2P-Truck-der-PAul-Group-an-H2-Tankstelle-Passau-Sperrwies-Foto_-Next-Mobility-Konsortium.jpg","datePublished":"2022-09-01T07:00:11+00:00","dateModified":"2022-09-02T07:46:24+00:00","author":{"@id":"https:\/\/www.krafthand.de\/truck\/#\/schema\/person\/51fa80b1c57034c4bf63f9f988fc24ce"},"description":"Next-Mobility-Konsortium: Nahe Passau entsteht eine hochmoderne Multi-Fuel-Tankstellenanlage, inklusive Wasserstoff-Betankungsanlage.","breadcrumb":{"@id":"https:\/\/www.krafthand.de\/truck\/artikel\/mobility-hub-spatenstich-fuer-wasserstoff-multifuel-tankanlage-in-passau-33326\/#breadcrumb"},"inLanguage":"de","potentialAction":[{"@type":"ReadAction","target":["https:\/\/www.krafthand.de\/truck\/artikel\/mobility-hub-spatenstich-fuer-wasserstoff-multifuel-tankanlage-in-passau-33326\/"]}]},{"@type":"ImageObject","inLanguage":"de","@id":"https:\/\/www.krafthand.de\/truck\/artikel\/mobility-hub-spatenstich-fuer-wasserstoff-multifuel-tankanlage-in-passau-33326\/#primaryimage","url":"https:\/\/static.krafthand-truck.de\/uploads\/2022\/09\/PH2P-Truck-der-PAul-Group-an-H2-Tankstelle-Passau-Sperrwies-Foto_-Next-Mobility-Konsortium.jpg","contentUrl":"https:\/\/static.krafthand-truck.de\/uploads\/2022\/09\/PH2P-Truck-der-PAul-Group-an-H2-Tankstelle-Passau-Sperrwies-Foto_-Next-Mobility-Konsortium.jpg","width":1200,"height":626},{"@type":"BreadcrumbList","@id":"https:\/\/www.krafthand.de\/truck\/artikel\/mobility-hub-spatenstich-fuer-wasserstoff-multifuel-tankanlage-in-passau-33326\/#breadcrumb","itemListElement":[{"@type":"ListItem","position":1,"name":"Krafthand-Truck","item":"https:\/\/www.krafthand.de\/truck\/"},{"@type":"ListItem","position":2,"name":"Nfz-Branche","item":"https:\/\/www.krafthand.de\/truck\/kategorie\/branche\/"},{"@type":"ListItem","position":3,"name":"Unternehmen","item":"https:\/\/www.krafthand.de\/truck\/kategorie\/branche\/unternehmen\/"},{"@type":"ListItem","position":4,"name":"Mobility-Hub: Spatenstich f\u00fcr Wasserstoff-\/Multifuel-Tankanlage nahe Passau"}]},{"@type":"WebSite","@id":"https:\/\/www.krafthand.de\/truck\/#website","url":"https:\/\/www.krafthand.de\/truck\/","name":"Krafthand-Truck","description":"","potentialAction":[{"@type":"SearchAction","target":{"@type":"EntryPoint","urlTemplate":"https:\/\/www.krafthand.de\/truck\/?s={search_term_string}"},"query-input":{"@type":"PropertyValueSpecification","valueRequired":true,"valueName":"search_term_string"}}],"inLanguage":"de"},{"@type":"Person","@id":"https:\/\/www.krafthand.de\/truck\/#\/schema\/person\/51fa80b1c57034c4bf63f9f988fc24ce","name":"georg.blenk@krafthand-medien.de","image":{"@type":"ImageObject","inLanguage":"de","@id":"https:\/\/secure.gravatar.com\/avatar\/93713c30affe0aa95d3a4130e499bb1abee2eb31adbdd9ce2aa1543538490215?s=96&d=mm&r=g","url":"https:\/\/secure.gravatar.com\/avatar\/93713c30affe0aa95d3a4130e499bb1abee2eb31adbdd9ce2aa1543538490215?s=96&d=mm&r=g","contentUrl":"https:\/\/secure.gravatar.com\/avatar\/93713c30affe0aa95d3a4130e499bb1abee2eb31adbdd9ce2aa1543538490215?s=96&d=mm&r=g","caption":"georg.blenk@krafthand-medien.de"}}]}},"_links":{"self":[{"href":"https:\/\/www.krafthand.de\/truck\/wp-json\/wp\/v2\/posts\/33326","targetHints":{"allow":["GET"]}}],"collection":[{"href":"https:\/\/www.krafthand.de\/truck\/wp-json\/wp\/v2\/posts"}],"about":[{"href":"https:\/\/www.krafthand.de\/truck\/wp-json\/wp\/v2\/types\/post"}],"author":[{"embeddable":true,"href":"https:\/\/www.krafthand.de\/truck\/wp-json\/wp\/v2\/users\/9"}],"replies":[{"embeddable":true,"href":"https:\/\/www.krafthand.de\/truck\/wp-json\/wp\/v2\/comments?post=33326"}],"version-history":[{"count":18,"href":"https:\/\/www.krafthand.de\/truck\/wp-json\/wp\/v2\/posts\/33326\/revisions"}],"predecessor-version":[{"id":33354,"href":"https:\/\/www.krafthand.de\/truck\/wp-json\/wp\/v2\/posts\/33326\/revisions\/33354"}],"wp:featuredmedia":[{"embeddable":true,"href":"https:\/\/www.krafthand.de\/truck\/wp-json\/wp\/v2\/media\/33337"}],"wp:attachment":[{"href":"https:\/\/www.krafthand.de\/truck\/wp-json\/wp\/v2\/media?parent=33326"}],"wp:term":[{"taxonomy":"category","embeddable":true,"href":"https:\/\/www.krafthand.de\/truck\/wp-json\/wp\/v2\/categories?post=33326"},{"taxonomy":"post_tag","embeddable":true,"href":"https:\/\/www.krafthand.de\/truck\/wp-json\/wp\/v2\/tags?post=33326"},{"taxonomy":"settings","embeddable":true,"href":"https:\/\/www.krafthand.de\/truck\/wp-json\/wp\/v2\/settings?post=33326"}],"curies":[{"name":"wp","href":"https:\/\/api.w.org\/{rel}","templated":true}]}}