{"id":33262,"date":"2022-08-22T10:42:37","date_gmt":"2022-08-22T08:42:37","guid":{"rendered":"https:\/\/www.krafthand.de\/truck\/?p=33262"},"modified":"2022-09-12T09:20:55","modified_gmt":"2022-09-12T07:20:55","slug":"schaeffler-automotive-aftermarket-loesungen-fuer-heute-und-morgen","status":"publish","type":"post","link":"https:\/\/www.krafthand.de\/truck\/artikel\/schaeffler-automotive-aftermarket-loesungen-fuer-heute-und-morgen-33262\/","title":{"rendered":"Schaeffler Automotive Aftermarket: L\u00f6sungen f\u00fcr heute und morgen"},"content":{"rendered":"<p>Der Automobil- und Industriezulieferer Schaeffler pr\u00e4sentiert auf der Automechanika Frankfurt vom 13. bis 17. September 2022 sein komplettes Portfolio an Reparaturl\u00f6sungen f\u00fcr Verbrenner, Hybride und Elektrofahrzeuge. \u201eYour business is our focus\u201c ist das Leitmotiv hinter dem Messeauftritt der <a href=\"https:\/\/aftermarket.schaeffler.de\/de\" target=\"_blank\" rel=\"noopener\">Schaeffler-Sparte Automotive Aftermarket<\/a>. In diesem Sinne hat das Unternehmen eine Vielzahl von Neuheiten seiner Produktmarken <a href=\"https:\/\/aftermarket.schaeffler.de\/de\/clutch-system\" target=\"_blank\" rel=\"noopener\">LuK<\/a>, INA und <a href=\"https:\/\/aftermarket.schaeffler.de\/de\/wheel-bearing\" target=\"_blank\" rel=\"noopener\">FAG<\/a> im Messegep\u00e4ck und befasst sich auf seinem Stand intensiv mit dem Reparaturalltag in der Pkw- und Nfz-Werkstatt und der Mobilit\u00e4t der Zukunft.<\/p>\n<p>Der Messestand von Schaeffler unterteilt sich in diesem Jahr in drei Themenbereiche: \u201aMarket-Centric\u2018, \u201aCustomer-Oriented\u2018 und \u201aFuture-Ready\u2018. \u201aMarket-Centric\u2018 soll die Bed\u00fcrfnisse der Kunden in den Mittelpunkt stellen und beinhaltet Reparaturl\u00f6sungen, die Werkst\u00e4tten heute und in naher Zukunft ben\u00f6tigen. Zus\u00e4tzlich bildet der Support einen ma\u00dfgeblichen Schwerpunkt des Messestandes \u2013 insbesondere die Servicemarke REPXPERT. Sie steht im Zentrum des Bereichs \u201aCustomer-Oriented\u2018. Nicht zuletzt widmet Schaeffler im Bereich \u201aFuture-Ready\u2018 einen Teil der Messepr\u00e4senz den Themen Mobilit\u00e4t der Zukunft und Nachhaltigkeit. Hier steht beispielsweise das \u201aRolling Chassis\u2018 der Schaeffler Gruppe im Zentrum des Interesses \u2013 eine auf autonomes Fahren ausgerichtete, platzsparende, skalierbare Fahrzeugarchitektur mit Drive-by-Wire-Technologie, vier elektrischen Hoch- oder Niedervolt-Power-Wheel-Radnabenantrieben und Einzelradlenkung.<\/p>\n<p>Schaeffler ist auf der <a href=\"https:\/\/automechanika.messefrankfurt.com\/frankfurt\/de.html\" target=\"_blank\" rel=\"noopener\">Automechanika<\/a> im Forum 0, Halle A02 zu finden.<\/p>\n<p><i>Den Beitrag finden Sie auch in der Print-Ausgabe 3-2022 der <a href=\"https:\/\/www.krafthand.de\/truck\/magazin\/\" title=\"Zum Magazin\">Krafthand-Truck<\/a>.<\/i><\/p>","protected":false},"excerpt":{"rendered":"<p>Der Automobil- und Industriezulieferer Schaeffler pr\u00e4sentiert auf der Automechanika Frankfurt vom 13. bis 17. September 2022 sein komplettes Portfolio an Reparaturl\u00f6sungen f\u00fcr Verbrenner, Hybride und Elektrofahrzeuge. \u201eYour business is our focus\u201c ist das Leitmotiv hinter dem Messeauftritt der Schaeffler-Sparte Automotive Aftermarket. In diesem Sinne hat das Unternehmen eine Vielzahl von Neuheiten seiner Produktmarken LuK, INA <span class=\"excerpt-more__dots\">&#8230;<\/span> <a class=\"excerpt-more__link\" href=\"https:\/\/www.krafthand.de\/truck\/artikel\/schaeffler-automotive-aftermarket-loesungen-fuer-heute-und-morgen-33262\/\" >weiter<\/a><\/p>\n","protected":false},"author":9,"featured_media":33264,"comment_status":"closed","ping_status":"closed","sticky":false,"template":"","format":"standard","meta":{"footnotes":""},"categories":[],"tags":[4133,5307,823,645],"settings":[4766,3523],"class_list":["post-33262","post","type-post","status-publish","format-standard","has-post-thumbnail","hentry","tag-fag","tag-ina","tag-luk","tag-schaeffler"],"yoast_head":"<!-- This site is optimized with the Yoast SEO plugin v27.3 - https:\/\/yoast.com\/product\/yoast-seo-wordpress\/ -->\n<title>Schaeffler auf der Automechanika 2022 I Krafthand-Truck<\/title>\n<meta name=\"description\" content=\"Schaeffler pr\u00e4sentiert auf der Automechanika in Frankfurt sein Portfolio an Reparaturl\u00f6sungen f\u00fcr Pkw und Lkw.\" \/>\n<meta name=\"robots\" content=\"index, follow, max-snippet:-1, max-image-preview:large, max-video-preview:-1\" \/>\n<link rel=\"canonical\" href=\"https:\/\/www.krafthand.de\/truck\/artikel\/schaeffler-automotive-aftermarket-loesungen-fuer-heute-und-morgen-33262\/\" \/>\n<meta property=\"og:locale\" content=\"de_DE\" \/>\n<meta property=\"og:type\" content=\"article\" \/>\n<meta property=\"og:title\" content=\"Schaeffler auf der Automechanika 2022 I Krafthand-Truck\" \/>\n<meta property=\"og:description\" content=\"Schaeffler pr\u00e4sentiert auf der Automechanika in Frankfurt sein Portfolio an Reparaturl\u00f6sungen f\u00fcr Pkw und Lkw.\" \/>\n<meta property=\"og:url\" content=\"https:\/\/www.krafthand-truck.de\/artikel\/schaeffler-automotive-aftermarket-loesungen-fuer-heute-und-morgen-33262\/\" \/>\n<meta property=\"og:site_name\" content=\"Krafthand-Truck\" \/>\n<meta property=\"article:published_time\" content=\"2022-08-22T08:42:37+00:00\" \/>\n<meta property=\"article:modified_time\" content=\"2022-09-12T07:20:55+00:00\" \/>\n<meta property=\"og:image\" content=\"https:\/\/static.krafthand-truck.de\/uploads\/2022\/08\/Schaeffler_Automotive_Aftermarket_Automechanika_2022.jpg\" \/>\n\t<meta property=\"og:image:width\" content=\"1200\" \/>\n\t<meta property=\"og:image:height\" content=\"680\" \/>\n\t<meta property=\"og:image:type\" content=\"image\/jpeg\" \/>\n<meta name=\"author\" content=\"georg.blenk@krafthand-medien.de\" \/>\n<meta name=\"twitter:card\" content=\"summary_large_image\" \/>\n<meta name=\"twitter:label1\" content=\"Verfasst von\" \/>\n\t<meta name=\"twitter:data1\" content=\"georg.blenk@krafthand-medien.de\" \/>\n\t<meta name=\"twitter:label2\" content=\"Gesch\u00e4tzte Lesezeit\" \/>\n\t<meta name=\"twitter:data2\" content=\"2\u00a0Minuten\" \/>\n<script type=\"application\/ld+json\" class=\"yoast-schema-graph\">{\"@context\":\"https:\\\/\\\/schema.org\",\"@graph\":[{\"@type\":\"Article\",\"@id\":\"https:\\\/\\\/www.krafthand.de\\\/truck\\\/artikel\\\/schaeffler-automotive-aftermarket-loesungen-fuer-heute-und-morgen-33262\\\/#article\",\"isPartOf\":{\"@id\":\"https:\\\/\\\/www.krafthand.de\\\/truck\\\/artikel\\\/schaeffler-automotive-aftermarket-loesungen-fuer-heute-und-morgen-33262\\\/\"},\"author\":{\"name\":\"georg.blenk@krafthand-medien.de\",\"@id\":\"https:\\\/\\\/www.krafthand.de\\\/truck\\\/#\\\/schema\\\/person\\\/51fa80b1c57034c4bf63f9f988fc24ce\"},\"headline\":\"Schaeffler Automotive Aftermarket: L\u00f6sungen f\u00fcr heute und morgen\",\"datePublished\":\"2022-08-22T08:42:37+00:00\",\"dateModified\":\"2022-09-12T07:20:55+00:00\",\"mainEntityOfPage\":{\"@id\":\"https:\\\/\\\/www.krafthand.de\\\/truck\\\/artikel\\\/schaeffler-automotive-aftermarket-loesungen-fuer-heute-und-morgen-33262\\\/\"},\"wordCount\":215,\"image\":{\"@id\":\"https:\\\/\\\/www.krafthand.de\\\/truck\\\/artikel\\\/schaeffler-automotive-aftermarket-loesungen-fuer-heute-und-morgen-33262\\\/#primaryimage\"},\"thumbnailUrl\":\"https:\\\/\\\/static.krafthand-truck.de\\\/uploads\\\/2022\\\/08\\\/Schaeffler_Automotive_Aftermarket_Automechanika_2022.jpg\",\"keywords\":[\"FAG\",\"INA\",\"LuK\",\"Schaeffler\"],\"inLanguage\":\"de\"},{\"@type\":\"WebPage\",\"@id\":\"https:\\\/\\\/www.krafthand.de\\\/truck\\\/artikel\\\/schaeffler-automotive-aftermarket-loesungen-fuer-heute-und-morgen-33262\\\/\",\"url\":\"https:\\\/\\\/www.krafthand.de\\\/truck\\\/artikel\\\/schaeffler-automotive-aftermarket-loesungen-fuer-heute-und-morgen-33262\\\/\",\"name\":\"Schaeffler auf der Automechanika 2022 I Krafthand-Truck\",\"isPartOf\":{\"@id\":\"https:\\\/\\\/www.krafthand.de\\\/truck\\\/#website\"},\"primaryImageOfPage\":{\"@id\":\"https:\\\/\\\/www.krafthand.de\\\/truck\\\/artikel\\\/schaeffler-automotive-aftermarket-loesungen-fuer-heute-und-morgen-33262\\\/#primaryimage\"},\"image\":{\"@id\":\"https:\\\/\\\/www.krafthand.de\\\/truck\\\/artikel\\\/schaeffler-automotive-aftermarket-loesungen-fuer-heute-und-morgen-33262\\\/#primaryimage\"},\"thumbnailUrl\":\"https:\\\/\\\/static.krafthand-truck.de\\\/uploads\\\/2022\\\/08\\\/Schaeffler_Automotive_Aftermarket_Automechanika_2022.jpg\",\"datePublished\":\"2022-08-22T08:42:37+00:00\",\"dateModified\":\"2022-09-12T07:20:55+00:00\",\"author\":{\"@id\":\"https:\\\/\\\/www.krafthand.de\\\/truck\\\/#\\\/schema\\\/person\\\/51fa80b1c57034c4bf63f9f988fc24ce\"},\"description\":\"Schaeffler pr\u00e4sentiert auf der Automechanika in Frankfurt sein Portfolio an Reparaturl\u00f6sungen f\u00fcr Pkw und Lkw.\",\"breadcrumb\":{\"@id\":\"https:\\\/\\\/www.krafthand.de\\\/truck\\\/artikel\\\/schaeffler-automotive-aftermarket-loesungen-fuer-heute-und-morgen-33262\\\/#breadcrumb\"},\"inLanguage\":\"de\",\"potentialAction\":[{\"@type\":\"ReadAction\",\"target\":[\"https:\\\/\\\/www.krafthand.de\\\/truck\\\/artikel\\\/schaeffler-automotive-aftermarket-loesungen-fuer-heute-und-morgen-33262\\\/\"]}]},{\"@type\":\"ImageObject\",\"inLanguage\":\"de\",\"@id\":\"https:\\\/\\\/www.krafthand.de\\\/truck\\\/artikel\\\/schaeffler-automotive-aftermarket-loesungen-fuer-heute-und-morgen-33262\\\/#primaryimage\",\"url\":\"https:\\\/\\\/static.krafthand-truck.de\\\/uploads\\\/2022\\\/08\\\/Schaeffler_Automotive_Aftermarket_Automechanika_2022.jpg\",\"contentUrl\":\"https:\\\/\\\/static.krafthand-truck.de\\\/uploads\\\/2022\\\/08\\\/Schaeffler_Automotive_Aftermarket_Automechanika_2022.jpg\",\"width\":1200,\"height\":680},{\"@type\":\"BreadcrumbList\",\"@id\":\"https:\\\/\\\/www.krafthand.de\\\/truck\\\/artikel\\\/schaeffler-automotive-aftermarket-loesungen-fuer-heute-und-morgen-33262\\\/#breadcrumb\",\"itemListElement\":[{\"@type\":\"ListItem\",\"position\":1,\"name\":\"Krafthand-Truck\",\"item\":\"https:\\\/\\\/www.krafthand.de\\\/truck\\\/\"},{\"@type\":\"ListItem\",\"position\":2,\"name\":\"Schaeffler Automotive Aftermarket: L\u00f6sungen f\u00fcr heute und morgen\"}]},{\"@type\":\"WebSite\",\"@id\":\"https:\\\/\\\/www.krafthand.de\\\/truck\\\/#website\",\"url\":\"https:\\\/\\\/www.krafthand.de\\\/truck\\\/\",\"name\":\"Krafthand-Truck\",\"description\":\"\",\"potentialAction\":[{\"@type\":\"SearchAction\",\"target\":{\"@type\":\"EntryPoint\",\"urlTemplate\":\"https:\\\/\\\/www.krafthand.de\\\/truck\\\/?s={search_term_string}\"},\"query-input\":{\"@type\":\"PropertyValueSpecification\",\"valueRequired\":true,\"valueName\":\"search_term_string\"}}],\"inLanguage\":\"de\"},{\"@type\":\"Person\",\"@id\":\"https:\\\/\\\/www.krafthand.de\\\/truck\\\/#\\\/schema\\\/person\\\/51fa80b1c57034c4bf63f9f988fc24ce\",\"name\":\"georg.blenk@krafthand-medien.de\",\"image\":{\"@type\":\"ImageObject\",\"inLanguage\":\"de\",\"@id\":\"https:\\\/\\\/secure.gravatar.com\\\/avatar\\\/93713c30affe0aa95d3a4130e499bb1abee2eb31adbdd9ce2aa1543538490215?s=96&d=mm&r=g\",\"url\":\"https:\\\/\\\/secure.gravatar.com\\\/avatar\\\/93713c30affe0aa95d3a4130e499bb1abee2eb31adbdd9ce2aa1543538490215?s=96&d=mm&r=g\",\"contentUrl\":\"https:\\\/\\\/secure.gravatar.com\\\/avatar\\\/93713c30affe0aa95d3a4130e499bb1abee2eb31adbdd9ce2aa1543538490215?s=96&d=mm&r=g\",\"caption\":\"georg.blenk@krafthand-medien.de\"}}]}<\/script>\n<!-- \/ Yoast SEO plugin. -->","yoast_head_json":{"title":"Schaeffler auf der Automechanika 2022 I Krafthand-Truck","description":"Schaeffler pr\u00e4sentiert auf der Automechanika in Frankfurt sein Portfolio an Reparaturl\u00f6sungen f\u00fcr Pkw und Lkw.","robots":{"index":"index","follow":"follow","max-snippet":"max-snippet:-1","max-image-preview":"max-image-preview:large","max-video-preview":"max-video-preview:-1"},"canonical":"https:\/\/www.krafthand.de\/truck\/artikel\/schaeffler-automotive-aftermarket-loesungen-fuer-heute-und-morgen-33262\/","og_locale":"de_DE","og_type":"article","og_title":"Schaeffler auf der Automechanika 2022 I Krafthand-Truck","og_description":"Schaeffler pr\u00e4sentiert auf der Automechanika in Frankfurt sein Portfolio an Reparaturl\u00f6sungen f\u00fcr Pkw und Lkw.","og_url":"https:\/\/www.krafthand-truck.de\/artikel\/schaeffler-automotive-aftermarket-loesungen-fuer-heute-und-morgen-33262\/","og_site_name":"Krafthand-Truck","article_published_time":"2022-08-22T08:42:37+00:00","article_modified_time":"2022-09-12T07:20:55+00:00","og_image":[{"width":1200,"height":680,"url":"https:\/\/static.krafthand-truck.de\/uploads\/2022\/08\/Schaeffler_Automotive_Aftermarket_Automechanika_2022.jpg","type":"image\/jpeg"}],"author":"georg.blenk@krafthand-medien.de","twitter_card":"summary_large_image","twitter_misc":{"Verfasst von":"georg.blenk@krafthand-medien.de","Gesch\u00e4tzte Lesezeit":"2\u00a0Minuten"},"schema":{"@context":"https:\/\/schema.org","@graph":[{"@type":"Article","@id":"https:\/\/www.krafthand.de\/truck\/artikel\/schaeffler-automotive-aftermarket-loesungen-fuer-heute-und-morgen-33262\/#article","isPartOf":{"@id":"https:\/\/www.krafthand.de\/truck\/artikel\/schaeffler-automotive-aftermarket-loesungen-fuer-heute-und-morgen-33262\/"},"author":{"name":"georg.blenk@krafthand-medien.de","@id":"https:\/\/www.krafthand.de\/truck\/#\/schema\/person\/51fa80b1c57034c4bf63f9f988fc24ce"},"headline":"Schaeffler Automotive Aftermarket: L\u00f6sungen f\u00fcr heute und morgen","datePublished":"2022-08-22T08:42:37+00:00","dateModified":"2022-09-12T07:20:55+00:00","mainEntityOfPage":{"@id":"https:\/\/www.krafthand.de\/truck\/artikel\/schaeffler-automotive-aftermarket-loesungen-fuer-heute-und-morgen-33262\/"},"wordCount":215,"image":{"@id":"https:\/\/www.krafthand.de\/truck\/artikel\/schaeffler-automotive-aftermarket-loesungen-fuer-heute-und-morgen-33262\/#primaryimage"},"thumbnailUrl":"https:\/\/static.krafthand-truck.de\/uploads\/2022\/08\/Schaeffler_Automotive_Aftermarket_Automechanika_2022.jpg","keywords":["FAG","INA","LuK","Schaeffler"],"inLanguage":"de"},{"@type":"WebPage","@id":"https:\/\/www.krafthand.de\/truck\/artikel\/schaeffler-automotive-aftermarket-loesungen-fuer-heute-und-morgen-33262\/","url":"https:\/\/www.krafthand.de\/truck\/artikel\/schaeffler-automotive-aftermarket-loesungen-fuer-heute-und-morgen-33262\/","name":"Schaeffler auf der Automechanika 2022 I Krafthand-Truck","isPartOf":{"@id":"https:\/\/www.krafthand.de\/truck\/#website"},"primaryImageOfPage":{"@id":"https:\/\/www.krafthand.de\/truck\/artikel\/schaeffler-automotive-aftermarket-loesungen-fuer-heute-und-morgen-33262\/#primaryimage"},"image":{"@id":"https:\/\/www.krafthand.de\/truck\/artikel\/schaeffler-automotive-aftermarket-loesungen-fuer-heute-und-morgen-33262\/#primaryimage"},"thumbnailUrl":"https:\/\/static.krafthand-truck.de\/uploads\/2022\/08\/Schaeffler_Automotive_Aftermarket_Automechanika_2022.jpg","datePublished":"2022-08-22T08:42:37+00:00","dateModified":"2022-09-12T07:20:55+00:00","author":{"@id":"https:\/\/www.krafthand.de\/truck\/#\/schema\/person\/51fa80b1c57034c4bf63f9f988fc24ce"},"description":"Schaeffler pr\u00e4sentiert auf der Automechanika in Frankfurt sein Portfolio an Reparaturl\u00f6sungen f\u00fcr Pkw und Lkw.","breadcrumb":{"@id":"https:\/\/www.krafthand.de\/truck\/artikel\/schaeffler-automotive-aftermarket-loesungen-fuer-heute-und-morgen-33262\/#breadcrumb"},"inLanguage":"de","potentialAction":[{"@type":"ReadAction","target":["https:\/\/www.krafthand.de\/truck\/artikel\/schaeffler-automotive-aftermarket-loesungen-fuer-heute-und-morgen-33262\/"]}]},{"@type":"ImageObject","inLanguage":"de","@id":"https:\/\/www.krafthand.de\/truck\/artikel\/schaeffler-automotive-aftermarket-loesungen-fuer-heute-und-morgen-33262\/#primaryimage","url":"https:\/\/static.krafthand-truck.de\/uploads\/2022\/08\/Schaeffler_Automotive_Aftermarket_Automechanika_2022.jpg","contentUrl":"https:\/\/static.krafthand-truck.de\/uploads\/2022\/08\/Schaeffler_Automotive_Aftermarket_Automechanika_2022.jpg","width":1200,"height":680},{"@type":"BreadcrumbList","@id":"https:\/\/www.krafthand.de\/truck\/artikel\/schaeffler-automotive-aftermarket-loesungen-fuer-heute-und-morgen-33262\/#breadcrumb","itemListElement":[{"@type":"ListItem","position":1,"name":"Krafthand-Truck","item":"https:\/\/www.krafthand.de\/truck\/"},{"@type":"ListItem","position":2,"name":"Schaeffler Automotive Aftermarket: L\u00f6sungen f\u00fcr heute und morgen"}]},{"@type":"WebSite","@id":"https:\/\/www.krafthand.de\/truck\/#website","url":"https:\/\/www.krafthand.de\/truck\/","name":"Krafthand-Truck","description":"","potentialAction":[{"@type":"SearchAction","target":{"@type":"EntryPoint","urlTemplate":"https:\/\/www.krafthand.de\/truck\/?s={search_term_string}"},"query-input":{"@type":"PropertyValueSpecification","valueRequired":true,"valueName":"search_term_string"}}],"inLanguage":"de"},{"@type":"Person","@id":"https:\/\/www.krafthand.de\/truck\/#\/schema\/person\/51fa80b1c57034c4bf63f9f988fc24ce","name":"georg.blenk@krafthand-medien.de","image":{"@type":"ImageObject","inLanguage":"de","@id":"https:\/\/secure.gravatar.com\/avatar\/93713c30affe0aa95d3a4130e499bb1abee2eb31adbdd9ce2aa1543538490215?s=96&d=mm&r=g","url":"https:\/\/secure.gravatar.com\/avatar\/93713c30affe0aa95d3a4130e499bb1abee2eb31adbdd9ce2aa1543538490215?s=96&d=mm&r=g","contentUrl":"https:\/\/secure.gravatar.com\/avatar\/93713c30affe0aa95d3a4130e499bb1abee2eb31adbdd9ce2aa1543538490215?s=96&d=mm&r=g","caption":"georg.blenk@krafthand-medien.de"}}]}},"_links":{"self":[{"href":"https:\/\/www.krafthand.de\/truck\/wp-json\/wp\/v2\/posts\/33262","targetHints":{"allow":["GET"]}}],"collection":[{"href":"https:\/\/www.krafthand.de\/truck\/wp-json\/wp\/v2\/posts"}],"about":[{"href":"https:\/\/www.krafthand.de\/truck\/wp-json\/wp\/v2\/types\/post"}],"author":[{"embeddable":true,"href":"https:\/\/www.krafthand.de\/truck\/wp-json\/wp\/v2\/users\/9"}],"replies":[{"embeddable":true,"href":"https:\/\/www.krafthand.de\/truck\/wp-json\/wp\/v2\/comments?post=33262"}],"version-history":[{"count":4,"href":"https:\/\/www.krafthand.de\/truck\/wp-json\/wp\/v2\/posts\/33262\/revisions"}],"predecessor-version":[{"id":33267,"href":"https:\/\/www.krafthand.de\/truck\/wp-json\/wp\/v2\/posts\/33262\/revisions\/33267"}],"wp:featuredmedia":[{"embeddable":true,"href":"https:\/\/www.krafthand.de\/truck\/wp-json\/wp\/v2\/media\/33264"}],"wp:attachment":[{"href":"https:\/\/www.krafthand.de\/truck\/wp-json\/wp\/v2\/media?parent=33262"}],"wp:term":[{"taxonomy":"category","embeddable":true,"href":"https:\/\/www.krafthand.de\/truck\/wp-json\/wp\/v2\/categories?post=33262"},{"taxonomy":"post_tag","embeddable":true,"href":"https:\/\/www.krafthand.de\/truck\/wp-json\/wp\/v2\/tags?post=33262"},{"taxonomy":"settings","embeddable":true,"href":"https:\/\/www.krafthand.de\/truck\/wp-json\/wp\/v2\/settings?post=33262"}],"curies":[{"name":"wp","href":"https:\/\/api.w.org\/{rel}","templated":true}]}}