{"id":33224,"date":"2022-08-12T13:43:43","date_gmt":"2022-08-12T11:43:43","guid":{"rendered":"https:\/\/www.krafthand.de\/truck\/?p=33224"},"modified":"2022-08-12T14:50:11","modified_gmt":"2022-08-12T12:50:11","slug":"auflieger-anders-denken-der-etrailer-von-trailer-dynamics","status":"publish","type":"post","link":"https:\/\/www.krafthand.de\/truck\/artikel\/auflieger-anders-denken-der-etrailer-von-trailer-dynamics-33224\/","title":{"rendered":"Auflieger anders denken: Der eTrailer von Trailer Dynamics"},"content":{"rendered":"<p>Die Trailer Dynamics GmbH mit Sitz in Eschweiler wurde 2018 von einem Gr\u00fcnderteam um Abdullah Jaber und Michael W. Nimtsch als Erst-Investor gegr\u00fcndet. Das junge Unternehmen hat mit dem eTrailer einen Sattelauflieger auf den Weg gebracht, der \u00fcber einen eigenen batterie-elektrischen Antriebsstrang verf\u00fcgt. Der eTrailer kann wie ein konventioneller Sattelauflieger an jede Sattelzugmaschine angekoppelt werden, egal ob Diesel oder Batterieelektrisch. Eine leistungsstarke, gemeinsam mit der Krone Tochter Gigant entwickelte elektrische Achse ersetzt eine der nicht angetriebenen Achsen des Trailers.<\/p>\n<p>Um den eTrailer auf die Stra\u00dfe zu bringen, arbeitet <a href=\"https:\/\/www.trailerdynamics.de\" target=\"_blank\" rel=\"noopener\">Trailer Dynamics<\/a> mit dem Traditionsunternehmen <a href=\"https:\/\/www.krone-trailer.com\/produkte\/\" target=\"_blank\" rel=\"noopener\">Krone<\/a> zusammen. Im Rahmen einer strategischen Partnerschaft hat man ein gemeinsames Ziel ausgegeben \u2013 die serienreife Entwicklung eines elektrifizierten Trailers, der den Dieselverbrauch und die Emissionen von Dieselzugmaschinen deutlich reduziert, aber auch in Zukunft kann der eTrailer helfen die Reichweite von batterieelektrischen Sattelzugmaschinen deutlich zu erh\u00f6hen. Der eTrailer von Trailer Dynamics und Krone adressiert die Betreiber von Bestandsflotten von Diesel-Sattelzugmaschinen und f\u00fchrt diese einer emissionsreduzierten Anwendung zu.<\/p>\n<blockquote><p><em>\u201eKlares Ziel der Entwicklung des eTrailers von Trailer Dynamics und Krone ist nicht nur die Dekarbonisierung des G\u00fcterschwerlastverkehrs, sondern in einer wirtschaftlich sinnvollen Anwendung unsern Kunden eine positive TCO im Vergleich zum Standard-Trailer zu erm\u00f6glichen\u201c<\/em> erl\u00e4utert Michael Nimtsch.<\/p><\/blockquote>\n<p>Mit dem eMegaLiner konnte man Ende September 2021 auf dem Krone Executive Logistics (Krone-Future-Lab, Lingen) einen fr\u00fchen Prototyp(en) vorstellen. Bereits bei den ersten Validierungsfahrten, die von der SGS T\u00dcV Saar GmbH begleitet wurden, konnte der eMegaLiner die angestrebten Dieselminderung von \u00fcber 20 Prozent erreichen. \u201eTrailer Dynamics und Krone arbeiten gleichberechtigt und partnerschaftlich zusammen. Unser Ziel ist nachhaltig gemeinsamen Erfolg zu erzielen\u201c, erg\u00e4nzt Jochen M\u00e4hlmann, ebenfalls Gesch\u00e4ftsf\u00fchrer der Trailer Dynamics GmbH.<\/p>\n<p>&nbsp;<\/p>\n<figure id=\"attachment_33227\" aria-describedby=\"caption-attachment-33227\" style=\"width: 800px\" class=\"wp-caption aligncenter\"><img fetchpriority=\"high\" decoding=\"async\" class=\"wp-image-33227\" src=\"https:\/\/static.krafthand-truck.de\/uploads\/2022\/08\/eTrailer_Trailer_Dynamics_02-300x169.jpg\" alt=\"\" width=\"800\" height=\"450\" srcset=\"https:\/\/static.krafthand-truck.de\/uploads\/2022\/08\/eTrailer_Trailer_Dynamics_02-300x169.jpg 300w, https:\/\/static.krafthand-truck.de\/uploads\/2022\/08\/eTrailer_Trailer_Dynamics_02-1024x576.jpg 1024w, https:\/\/static.krafthand-truck.de\/uploads\/2022\/08\/eTrailer_Trailer_Dynamics_02-768x432.jpg 768w, https:\/\/static.krafthand-truck.de\/uploads\/2022\/08\/eTrailer_Trailer_Dynamics_02.jpg 1200w\" sizes=\"(max-width: 800px) 100vw, 800px\" \/><figcaption id=\"caption-attachment-33227\" class=\"wp-caption-text\">Die wesentlichen Komponenten des eTrailer.<\/figcaption><\/figure>\n<h3>Die eAchse<\/h3>\n<p>Die Basis des eTrailer ist die elektrische Achse, eine Gemeinschaftsentwicklung von Trailer Dynamics und <a href=\"https:\/\/www.gigant.com\" target=\"_blank\" rel=\"noopener\">GIGANT<\/a>. Sie unterst\u00fctzt die Diesel-Sattelzugmaschine in Peak-Situationen und ist zus\u00e4tzlich rekuperier-f\u00e4hig. Der Clou: Die VCU des eTrailers steuert mit Hilfe des von der Sattelzugmaschine bereitgestellten Signals \u00fcber eine ISO-11992-Verbindung und dem sensierten K\u00f6nigszapfen (King-Pin) den gesamten Antriebsstrang des eTrailers in Echtzeit. Die Verwendung des eTrailers ist zudem Zugmaschinen-unabh\u00e4ngig. Die 800V-Technologie erlaubt ein schnelles Laden der Batterien und umgekehrt eine hohe Leistungsverf\u00fcgbarkeit des elektrischen Antriebsstrangs. Die beiden Synchronmotoren leisten zusammen bis zu 580 KW und k\u00f6nnen bis zu 30.000 Nm auf die Stra\u00dfe bringen. Der Antrieb kann zudem laut Trailer Dynamics die Gesamteffizienz des Systems durch seine F\u00e4higkeit zur Rekuperation erh\u00f6hen und gleichzeitig den Verschlei\u00df und die Beanspruchung der konventionellen Reibbremse durch die Funktion der verschlei\u00dffreien Dauerbremsung verringern. Die Effizienz des gesamten elektrischen Antriebsstrangs liegt den Angaben zufolge deutlich \u00fcber 80 Prozent. Weitere technische Details gab Trailer Dynamics noch nicht bekannt.<\/p>\n<p>&nbsp;<\/p>\n<div class=\"gallery-container\"><div class=\"owl-carousel owl-theme\">\r\n        <div>\r\n        \t<img decoding=\"async\" src=\"https:\/\/static.krafthand-truck.de\/uploads\/2022\/08\/eTrailer_Trailer_Dynamics_eAchse_03-1024x762.jpg\" alt=\"\" \/>\r\n          <a href=\"https:\/\/static.krafthand-truck.de\/uploads\/2022\/08\/eTrailer_Trailer_Dynamics_eAchse_03-1024x762.jpg\" data-featherlight=\"gallery_69f5527242361\" class=\"gallery-expand\" data-title=\"Die eAchse. Ein zuk\u00fcnftiger Entwicklungsschritt ist auch die Umsetzung von Torque-Vectroring.\"><i class=\"fa fa-expand\" aria-hidden=\"true\"><\/i><\/a>\r\n        \t<div class=\"gallery-caption wp-caption-text\"><p>Die eAchse. Ein zuk\u00fcnftiger Entwicklungsschritt ist auch die Umsetzung von Torque-Vectroring.<\/p>\n<\/div>\r\n        <\/div>\r\n        <div>\r\n        \t<img decoding=\"async\" src=\"https:\/\/static.krafthand-truck.de\/uploads\/2022\/08\/eTrailer_Trailer_Dynamics_eAchse_04-1024x765.jpg\" alt=\"\" \/>\r\n          <a href=\"https:\/\/static.krafthand-truck.de\/uploads\/2022\/08\/eTrailer_Trailer_Dynamics_eAchse_04-1024x765.jpg\" data-featherlight=\"gallery_69f5527242361\" class=\"gallery-expand\" data-title=\"Die eAchse und ihre Einbaulage.\"><i class=\"fa fa-expand\" aria-hidden=\"true\"><\/i><\/a>\r\n        \t<div class=\"gallery-caption wp-caption-text\"><p>Die eAchse und ihre Einbaulage.<\/p>\n<\/div>\r\n        <\/div><\/div><\/div>\r\n\t<script>\r\n\t\tjQuery(document).ready(function($){\r\n      setTimeout(function(){\r\n  \t\t\t$(\".owl-carousel\").owlCarousel({\r\n  \t\t\t\tloop:true,\r\n    \t\t\tmargin:10,\r\n    \t\t\tresponsiveClass:true,\r\n    \t\t\titems:1,\r\n    \t\t\tautoHeight: true,\r\n          nav: true,\r\n          URLhashListener: true,\r\n          startPosition: \"URLHash\",\r\n          navText: [\r\n            \"<i class='fa fa-chevron-left'><\/i>\",\r\n            \"<i class='fa fa-chevron-right'><\/i>\"\r\n          ],\r\n  \t\t\t});\r\n      }, 2000);\r\n\t\t});\r\n\t<\/script>\r\n\t\n<h3>Die Batterie-Packs<\/h3>\n<p>Der eTrailer wird mit einem modular aufgebauten 300-600 kWh Lithium-Eisenphosphat-Batterie- System (LiFePo4) ausgestattet. Die verbauten Battery-Packs zeichnen sich laut Trailer Dynamics durch eine hohe Zyklenfestigkeit aus und sind dadurch besonders f\u00fcr den intensiven Einsatz in Lkw geeignet. <em>\u201eDie Batterien sind langlebig, robust und f\u00fcr ihren hohen Sicherheitsstandard bekannt. Daher eignen sich die LFP-Batterien hervorragend f\u00fcr den Einsatz im elektrifizierten G\u00fcterschwerlastverkehr. Das Batteriesystem ist mit einem Thermomanagement ausgestattet, sodass wir davon ausgehen, dass die eingesetzten Batterien eine \u00e4quivalente Lebensdauer zu den mechanischen Baugruppen des Trailers aufweisen werden\u201c<\/em>, erg\u00e4nzt Abdullah Jaber.<\/p>\n<p>&nbsp;<\/p>\n<div class=\"infobox box-grey\"><\/p>\n<h3><em>&#8222;Schnittstellen schaffen, L\u00f6sungen erarbeiten, Zukunft gestalten*&#8220;<\/em><\/h3>\n<p><strong>Trailer Dynamics<br \/>\n<\/strong>Predektive Algorythmen, Batteriemanagement und Auslegung,<br \/>\nAntriebsstrang, Regeltechnik, Aerodynamik.<\/p>\n<p><strong>Krone<br \/>\n<\/strong>Produktion, Vertrieb, Marktzugang, Servicenetz, Telematik.<\/p>\n<h6>*Quelle: Vortrag \u201aPartnerschaften f\u00fcr disruptive Innovationen\u2018 &#8211; Zukunftskongress Nutzfahrzeuge, Dr. Stefan Binnewies, COO Fahrzeugwerk Bernhard Krone GmbH &amp; Co KG, Abdullah Jaber, CEO, Trailer-Dynamics GmbH, 2022<\/h6>\n<p><\/div>\n<p>&nbsp;<\/p>\n<h3><\/h3>\n<h3>Das Fahrgestell<\/h3>\n<p>Das in der ersten Phase eingesetzte Fahrgestell des eTrailer basiert auf dem Krone MegaLiner und dem Krone CoolLiner. Es nimmt die eAchse, den Batteriekasten, den sensorischen K\u00f6nigszapfen, die Control Unit und weitere Nebenaggregate und Systeme auf. Weitere Anpassungen beziehen sich auf die Themen Leichtbau und Integration.<\/p>\n<h3>Predictive Drivetrain Control<\/h3>\n<p>Das sogenannte PDC (Predictive-Drivetrain-Control) optimiert beim eTrailer von Trailer Dynamics und Krone den Einsatz der elektrischen Ressourcen \u00fcber die gesamte Fahrstrecke und erm\u00f6glicht die Integration von Telematik- und ERP-Daten f\u00fcr einen optimalen Einsatz des eTrailers. Dies erm\u00f6glicht die exakte Planung und Steuerung des Unterst\u00fctzungsgrads des elektrischen Antriebsstrangs sowie die Absch\u00e4tzung der zu erwartenden Rekuperations-Leistung f\u00fcr die entsprechende Route. Der sensorische K\u00f6nigszapfen des eTrailers sowie weitere Sensoren sind der Schl\u00fcssel f\u00fcr die intelligente Nachf\u00fchrung des eTrailer und seine Synchronisation mit der Sattelzugmaschine. Beispielsweise wird die Zugmaschine durch den elektrischen Zusatzantrieb insbesondere bei Steigungen und Anfahrten, aber auch w\u00e4hrend der Konstant-Fahrt auf der Autobahn unterst\u00fctzt. Ben\u00f6tigt man bei den genannten Aufgaben nicht alle elektrischen Ressourcen, unterst\u00fctzt die eAchse den Dieselantrieb der Zugmaschine permanent \u00fcber die gesamte Strecke mit der verbleibenden Energie. Das gesamte Sattelzugsystem wird so in einen elektrischen Plug-In-Hybrid umgewandelt. <em>\u201eZiel ist es, die Diesel-Zugmaschine im sogenannten \u201aSweet-Spot\u2018 zu betreiben, also im optimalen Energie-\/Leistungszustand,\u201c<\/em> erg\u00e4nzt Abdullah Jaber. Ist der eTrailer an einen batterieelektrischen Lkw aufgesattelt, ergeben sich erhebliche Reichweitenpotenziale.<\/p>\n<h3>Der eTrailer als Energiepuffer<\/h3>\n<p>Der eTrailer k\u00f6nnte zuk\u00fcnftig auch als \u201aVirtuell-Operating-Reserve\u2018 (VOR = Virtueller Energiespeicher) dienen. Der Ausbau erneuerbarer Energien beeinflusst die Votalit\u00e4t der Stromnetze. Energieversorger m\u00fcssen in Europa eine Frequenz von 50 Hz des Stromnetzes aufrechterhalten. \u00c4ndern sich die Bedarfe, so kann es zu Frequenz\u00e4nderungen kommen, Strom muss kurzfristig zugekauft oder gr\u00f6\u00dfere Verbraucher abgeschaltet werden. Ein Schwarm an Batteriespeichern, wie es zahlreiche, eTrailer w\u00e4hrend des Chargens im Depot der Kunden darstellen, kann entsprechende Stromschwankungen abfedern. Die Voraussetzung: Die Speicherkapazit\u00e4t und damit das Regelpotenzial w\u00e4chst mit der Zahl der eTrailer, die in dem VOR-Schwarm eingebunden sind.<\/p>\n<h3>Neuerungen &#8211; Ausblick<\/h3>\n<p>Auf der <a href=\"https:\/\/iaa-transportation.com\/de\" target=\"_blank\" rel=\"noopener\">IAA Transportation<\/a> <strong>(Halle 27, Stand C40, Krone-Messestand)<\/strong> zeigt Trailer Dynamics erstmals diese Neuerungen und wirft einen Blick auf die Zukunft. Im \u00dcbrigen: Derzeit sind Trailer mit angetrieben Achsen noch nicht zulassungsf\u00e4hig. Trailer Dynamics, die Industrie und der VDA arbeiten in Arbeitsgruppen mit der UN und der EU an einer entsprechenden Anpassung der Regulatorik um den eTrailer einer uneingeschr\u00e4nkten Stra\u00dfenzulassung zuzuf\u00fchren. Es besteht breiter Konsens unter den beteiligten Parteien, dass dies kurzfristig erfolgen soll.<\/p>\n<p><i>Den Beitrag finden Sie auch in der Print-Ausgabe 3-2022 der <a href=\"https:\/\/www.krafthand.de\/truck\/magazin\/\" title=\"Zum Magazin\">Krafthand-Truck<\/a>.<\/i><\/p>\r\n\t\t\t\t<div class=\"post-author\">\r\n\t\t\t\t\t<div class=\"khm-cp-author clearfix\">\r\n\t\t\t\t\t\t<div class=\"khm-cp-author__content\">\r\n\t\t\t\t\t\t\t\tKontakt zum Autor:<br \/>\r\n\t\t\t\t\t\t\t\t<strong>Georg Blenk<\/strong>, 08247 \/ 3007-45 |  <a href=\"mailto:georg.blenk@krafthand-medien.de\">georg.blenk@krafthand-medien.de<\/a>\r\n\t\t\t\t\t\t\t<div class=\"khm-cp-author__image\">\r\n\t\t\t\t\t\t<img src=\"https:\/\/static.krafthand-truck.de\/uploads\/2021\/01\/Blenk_6104-250x300-1-removebg-preview.png\" class=\"img-responsive\">\r\n\t\t\t\t\t<\/div>\r\n\t\t\t\t\t\t<\/div>\r\n\t\t\t\t\t<\/div>\r\n\t\t\t\t<\/div>\r\n\t\t\t\t","protected":false},"excerpt":{"rendered":"<p>Die Trailer Dynamics GmbH mit Sitz in Eschweiler wurde 2018 von einem Gr\u00fcnderteam um Abdullah Jaber und Michael W. Nimtsch als Erst-Investor gegr\u00fcndet. Das junge Unternehmen hat mit dem eTrailer einen Sattelauflieger auf den Weg gebracht, der \u00fcber einen eigenen batterie-elektrischen Antriebsstrang verf\u00fcgt. Wir stellen das Fahrzeug vor. <span class=\"excerpt-more__dots\">&#8230;<\/span> <a class=\"excerpt-more__link\" href=\"https:\/\/www.krafthand.de\/truck\/artikel\/auflieger-anders-denken-der-etrailer-von-trailer-dynamics-33224\/\" >weiter<\/a><\/p>\n","protected":false},"author":9,"featured_media":33229,"comment_status":"closed","ping_status":"closed","sticky":false,"template":"","format":"standard","meta":{"footnotes":""},"categories":[4224,4914],"tags":[5305,5010,5304,5306,5012],"settings":[3524,4766,3523],"class_list":["post-33224","post","type-post","status-publish","format-standard","has-post-thumbnail","hentry","category-e-antrieb","category-trailer-aufbauten","tag-abdullah-jaber","tag-etrailer","tag-jochen-maehlmann","tag-michael-nimtsch","tag-trailer-dynamics"],"yoast_head":"<!-- This site is optimized with the Yoast SEO plugin v27.3 - https:\/\/yoast.com\/product\/yoast-seo-wordpress\/ -->\n<title>Der eTrailer von Trailer Dynamics I Krafthand-Truck<\/title>\n<meta name=\"description\" content=\"Trailer Dynamics hat mit dem eTrailer einen Auflieger entwickelt, der \u00fcber einen eigenen batterie-elektrischen Antriebsstrang verf\u00fcgt.\" \/>\n<meta name=\"robots\" content=\"index, follow, max-snippet:-1, max-image-preview:large, max-video-preview:-1\" \/>\n<link rel=\"canonical\" href=\"https:\/\/www.krafthand.de\/truck\/artikel\/auflieger-anders-denken-der-etrailer-von-trailer-dynamics-33224\/\" \/>\n<meta property=\"og:locale\" content=\"de_DE\" \/>\n<meta property=\"og:type\" content=\"article\" \/>\n<meta property=\"og:title\" content=\"Der eTrailer von Trailer Dynamics I Krafthand-Truck\" \/>\n<meta property=\"og:description\" content=\"Trailer Dynamics hat mit dem eTrailer einen Auflieger entwickelt, der \u00fcber einen eigenen batterie-elektrischen Antriebsstrang verf\u00fcgt.\" \/>\n<meta property=\"og:url\" content=\"https:\/\/www.krafthand-truck.de\/artikel\/auflieger-anders-denken-der-etrailer-von-trailer-dynamics-33224\/\" \/>\n<meta property=\"og:site_name\" content=\"Krafthand-Truck\" \/>\n<meta property=\"article:published_time\" content=\"2022-08-12T11:43:43+00:00\" \/>\n<meta property=\"article:modified_time\" content=\"2022-08-12T12:50:11+00:00\" \/>\n<meta property=\"og:image\" content=\"https:\/\/static.krafthand-truck.de\/uploads\/2022\/08\/eTrailer_Trailer_Dynamics_01.jpg\" \/>\n\t<meta property=\"og:image:width\" content=\"1200\" \/>\n\t<meta property=\"og:image:height\" content=\"580\" \/>\n\t<meta property=\"og:image:type\" content=\"image\/jpeg\" \/>\n<meta name=\"author\" content=\"georg.blenk@krafthand-medien.de\" \/>\n<meta name=\"twitter:card\" content=\"summary_large_image\" \/>\n<meta name=\"twitter:label1\" content=\"Verfasst von\" \/>\n\t<meta name=\"twitter:data1\" content=\"georg.blenk@krafthand-medien.de\" \/>\n\t<meta name=\"twitter:label2\" content=\"Gesch\u00e4tzte Lesezeit\" \/>\n\t<meta name=\"twitter:data2\" content=\"6\u00a0Minuten\" \/>\n<script type=\"application\/ld+json\" class=\"yoast-schema-graph\">{\"@context\":\"https:\\\/\\\/schema.org\",\"@graph\":[{\"@type\":\"Article\",\"@id\":\"https:\\\/\\\/www.krafthand.de\\\/truck\\\/artikel\\\/auflieger-anders-denken-der-etrailer-von-trailer-dynamics-33224\\\/#article\",\"isPartOf\":{\"@id\":\"https:\\\/\\\/www.krafthand.de\\\/truck\\\/artikel\\\/auflieger-anders-denken-der-etrailer-von-trailer-dynamics-33224\\\/\"},\"author\":{\"name\":\"georg.blenk@krafthand-medien.de\",\"@id\":\"https:\\\/\\\/www.krafthand.de\\\/truck\\\/#\\\/schema\\\/person\\\/51fa80b1c57034c4bf63f9f988fc24ce\"},\"headline\":\"Auflieger anders denken: Der eTrailer von Trailer Dynamics\",\"datePublished\":\"2022-08-12T11:43:43+00:00\",\"dateModified\":\"2022-08-12T12:50:11+00:00\",\"mainEntityOfPage\":{\"@id\":\"https:\\\/\\\/www.krafthand.de\\\/truck\\\/artikel\\\/auflieger-anders-denken-der-etrailer-von-trailer-dynamics-33224\\\/\"},\"wordCount\":1038,\"image\":{\"@id\":\"https:\\\/\\\/www.krafthand.de\\\/truck\\\/artikel\\\/auflieger-anders-denken-der-etrailer-von-trailer-dynamics-33224\\\/#primaryimage\"},\"thumbnailUrl\":\"https:\\\/\\\/static.krafthand-truck.de\\\/uploads\\\/2022\\\/08\\\/eTrailer_Trailer_Dynamics_01.jpg\",\"keywords\":[\"Abdullah Jaber\",\"eTrailer\",\"Jochen M\u00e4hlmann\",\"Michael Nimtsch\",\"Trailer-Dynamics\"],\"articleSection\":[\"E-Antrieb (BEV\\\/FCEV)\",\"Trailer\\\/Aufbauten\"],\"inLanguage\":\"de\"},{\"@type\":\"WebPage\",\"@id\":\"https:\\\/\\\/www.krafthand.de\\\/truck\\\/artikel\\\/auflieger-anders-denken-der-etrailer-von-trailer-dynamics-33224\\\/\",\"url\":\"https:\\\/\\\/www.krafthand.de\\\/truck\\\/artikel\\\/auflieger-anders-denken-der-etrailer-von-trailer-dynamics-33224\\\/\",\"name\":\"Der eTrailer von Trailer Dynamics I Krafthand-Truck\",\"isPartOf\":{\"@id\":\"https:\\\/\\\/www.krafthand.de\\\/truck\\\/#website\"},\"primaryImageOfPage\":{\"@id\":\"https:\\\/\\\/www.krafthand.de\\\/truck\\\/artikel\\\/auflieger-anders-denken-der-etrailer-von-trailer-dynamics-33224\\\/#primaryimage\"},\"image\":{\"@id\":\"https:\\\/\\\/www.krafthand.de\\\/truck\\\/artikel\\\/auflieger-anders-denken-der-etrailer-von-trailer-dynamics-33224\\\/#primaryimage\"},\"thumbnailUrl\":\"https:\\\/\\\/static.krafthand-truck.de\\\/uploads\\\/2022\\\/08\\\/eTrailer_Trailer_Dynamics_01.jpg\",\"datePublished\":\"2022-08-12T11:43:43+00:00\",\"dateModified\":\"2022-08-12T12:50:11+00:00\",\"author\":{\"@id\":\"https:\\\/\\\/www.krafthand.de\\\/truck\\\/#\\\/schema\\\/person\\\/51fa80b1c57034c4bf63f9f988fc24ce\"},\"description\":\"Trailer Dynamics hat mit dem eTrailer einen Auflieger entwickelt, der \u00fcber einen eigenen batterie-elektrischen Antriebsstrang verf\u00fcgt.\",\"breadcrumb\":{\"@id\":\"https:\\\/\\\/www.krafthand.de\\\/truck\\\/artikel\\\/auflieger-anders-denken-der-etrailer-von-trailer-dynamics-33224\\\/#breadcrumb\"},\"inLanguage\":\"de\",\"potentialAction\":[{\"@type\":\"ReadAction\",\"target\":[\"https:\\\/\\\/www.krafthand.de\\\/truck\\\/artikel\\\/auflieger-anders-denken-der-etrailer-von-trailer-dynamics-33224\\\/\"]}]},{\"@type\":\"ImageObject\",\"inLanguage\":\"de\",\"@id\":\"https:\\\/\\\/www.krafthand.de\\\/truck\\\/artikel\\\/auflieger-anders-denken-der-etrailer-von-trailer-dynamics-33224\\\/#primaryimage\",\"url\":\"https:\\\/\\\/static.krafthand-truck.de\\\/uploads\\\/2022\\\/08\\\/eTrailer_Trailer_Dynamics_01.jpg\",\"contentUrl\":\"https:\\\/\\\/static.krafthand-truck.de\\\/uploads\\\/2022\\\/08\\\/eTrailer_Trailer_Dynamics_01.jpg\",\"width\":1200,\"height\":580},{\"@type\":\"BreadcrumbList\",\"@id\":\"https:\\\/\\\/www.krafthand.de\\\/truck\\\/artikel\\\/auflieger-anders-denken-der-etrailer-von-trailer-dynamics-33224\\\/#breadcrumb\",\"itemListElement\":[{\"@type\":\"ListItem\",\"position\":1,\"name\":\"Krafthand-Truck\",\"item\":\"https:\\\/\\\/www.krafthand.de\\\/truck\\\/\"},{\"@type\":\"ListItem\",\"position\":2,\"name\":\"Nfz-Technik\",\"item\":\"https:\\\/\\\/www.krafthand.de\\\/truck\\\/kategorie\\\/nfz-technik\\\/\"},{\"@type\":\"ListItem\",\"position\":3,\"name\":\"Trailer\\\/Aufbauten\",\"item\":\"https:\\\/\\\/www.krafthand.de\\\/truck\\\/kategorie\\\/nfz-technik\\\/trailer-aufbauten\\\/\"},{\"@type\":\"ListItem\",\"position\":4,\"name\":\"Auflieger anders denken: Der eTrailer von Trailer Dynamics\"}]},{\"@type\":\"WebSite\",\"@id\":\"https:\\\/\\\/www.krafthand.de\\\/truck\\\/#website\",\"url\":\"https:\\\/\\\/www.krafthand.de\\\/truck\\\/\",\"name\":\"Krafthand-Truck\",\"description\":\"\",\"potentialAction\":[{\"@type\":\"SearchAction\",\"target\":{\"@type\":\"EntryPoint\",\"urlTemplate\":\"https:\\\/\\\/www.krafthand.de\\\/truck\\\/?s={search_term_string}\"},\"query-input\":{\"@type\":\"PropertyValueSpecification\",\"valueRequired\":true,\"valueName\":\"search_term_string\"}}],\"inLanguage\":\"de\"},{\"@type\":\"Person\",\"@id\":\"https:\\\/\\\/www.krafthand.de\\\/truck\\\/#\\\/schema\\\/person\\\/51fa80b1c57034c4bf63f9f988fc24ce\",\"name\":\"georg.blenk@krafthand-medien.de\",\"image\":{\"@type\":\"ImageObject\",\"inLanguage\":\"de\",\"@id\":\"https:\\\/\\\/secure.gravatar.com\\\/avatar\\\/93713c30affe0aa95d3a4130e499bb1abee2eb31adbdd9ce2aa1543538490215?s=96&d=mm&r=g\",\"url\":\"https:\\\/\\\/secure.gravatar.com\\\/avatar\\\/93713c30affe0aa95d3a4130e499bb1abee2eb31adbdd9ce2aa1543538490215?s=96&d=mm&r=g\",\"contentUrl\":\"https:\\\/\\\/secure.gravatar.com\\\/avatar\\\/93713c30affe0aa95d3a4130e499bb1abee2eb31adbdd9ce2aa1543538490215?s=96&d=mm&r=g\",\"caption\":\"georg.blenk@krafthand-medien.de\"}}]}<\/script>\n<!-- \/ Yoast SEO plugin. -->","yoast_head_json":{"title":"Der eTrailer von Trailer Dynamics I Krafthand-Truck","description":"Trailer Dynamics hat mit dem eTrailer einen Auflieger entwickelt, der \u00fcber einen eigenen batterie-elektrischen Antriebsstrang verf\u00fcgt.","robots":{"index":"index","follow":"follow","max-snippet":"max-snippet:-1","max-image-preview":"max-image-preview:large","max-video-preview":"max-video-preview:-1"},"canonical":"https:\/\/www.krafthand.de\/truck\/artikel\/auflieger-anders-denken-der-etrailer-von-trailer-dynamics-33224\/","og_locale":"de_DE","og_type":"article","og_title":"Der eTrailer von Trailer Dynamics I Krafthand-Truck","og_description":"Trailer Dynamics hat mit dem eTrailer einen Auflieger entwickelt, der \u00fcber einen eigenen batterie-elektrischen Antriebsstrang verf\u00fcgt.","og_url":"https:\/\/www.krafthand-truck.de\/artikel\/auflieger-anders-denken-der-etrailer-von-trailer-dynamics-33224\/","og_site_name":"Krafthand-Truck","article_published_time":"2022-08-12T11:43:43+00:00","article_modified_time":"2022-08-12T12:50:11+00:00","og_image":[{"width":1200,"height":580,"url":"https:\/\/static.krafthand-truck.de\/uploads\/2022\/08\/eTrailer_Trailer_Dynamics_01.jpg","type":"image\/jpeg"}],"author":"georg.blenk@krafthand-medien.de","twitter_card":"summary_large_image","twitter_misc":{"Verfasst von":"georg.blenk@krafthand-medien.de","Gesch\u00e4tzte Lesezeit":"6\u00a0Minuten"},"schema":{"@context":"https:\/\/schema.org","@graph":[{"@type":"Article","@id":"https:\/\/www.krafthand.de\/truck\/artikel\/auflieger-anders-denken-der-etrailer-von-trailer-dynamics-33224\/#article","isPartOf":{"@id":"https:\/\/www.krafthand.de\/truck\/artikel\/auflieger-anders-denken-der-etrailer-von-trailer-dynamics-33224\/"},"author":{"name":"georg.blenk@krafthand-medien.de","@id":"https:\/\/www.krafthand.de\/truck\/#\/schema\/person\/51fa80b1c57034c4bf63f9f988fc24ce"},"headline":"Auflieger anders denken: Der eTrailer von Trailer Dynamics","datePublished":"2022-08-12T11:43:43+00:00","dateModified":"2022-08-12T12:50:11+00:00","mainEntityOfPage":{"@id":"https:\/\/www.krafthand.de\/truck\/artikel\/auflieger-anders-denken-der-etrailer-von-trailer-dynamics-33224\/"},"wordCount":1038,"image":{"@id":"https:\/\/www.krafthand.de\/truck\/artikel\/auflieger-anders-denken-der-etrailer-von-trailer-dynamics-33224\/#primaryimage"},"thumbnailUrl":"https:\/\/static.krafthand-truck.de\/uploads\/2022\/08\/eTrailer_Trailer_Dynamics_01.jpg","keywords":["Abdullah Jaber","eTrailer","Jochen M\u00e4hlmann","Michael Nimtsch","Trailer-Dynamics"],"articleSection":["E-Antrieb (BEV\/FCEV)","Trailer\/Aufbauten"],"inLanguage":"de"},{"@type":"WebPage","@id":"https:\/\/www.krafthand.de\/truck\/artikel\/auflieger-anders-denken-der-etrailer-von-trailer-dynamics-33224\/","url":"https:\/\/www.krafthand.de\/truck\/artikel\/auflieger-anders-denken-der-etrailer-von-trailer-dynamics-33224\/","name":"Der eTrailer von Trailer Dynamics I Krafthand-Truck","isPartOf":{"@id":"https:\/\/www.krafthand.de\/truck\/#website"},"primaryImageOfPage":{"@id":"https:\/\/www.krafthand.de\/truck\/artikel\/auflieger-anders-denken-der-etrailer-von-trailer-dynamics-33224\/#primaryimage"},"image":{"@id":"https:\/\/www.krafthand.de\/truck\/artikel\/auflieger-anders-denken-der-etrailer-von-trailer-dynamics-33224\/#primaryimage"},"thumbnailUrl":"https:\/\/static.krafthand-truck.de\/uploads\/2022\/08\/eTrailer_Trailer_Dynamics_01.jpg","datePublished":"2022-08-12T11:43:43+00:00","dateModified":"2022-08-12T12:50:11+00:00","author":{"@id":"https:\/\/www.krafthand.de\/truck\/#\/schema\/person\/51fa80b1c57034c4bf63f9f988fc24ce"},"description":"Trailer Dynamics hat mit dem eTrailer einen Auflieger entwickelt, der \u00fcber einen eigenen batterie-elektrischen Antriebsstrang verf\u00fcgt.","breadcrumb":{"@id":"https:\/\/www.krafthand.de\/truck\/artikel\/auflieger-anders-denken-der-etrailer-von-trailer-dynamics-33224\/#breadcrumb"},"inLanguage":"de","potentialAction":[{"@type":"ReadAction","target":["https:\/\/www.krafthand.de\/truck\/artikel\/auflieger-anders-denken-der-etrailer-von-trailer-dynamics-33224\/"]}]},{"@type":"ImageObject","inLanguage":"de","@id":"https:\/\/www.krafthand.de\/truck\/artikel\/auflieger-anders-denken-der-etrailer-von-trailer-dynamics-33224\/#primaryimage","url":"https:\/\/static.krafthand-truck.de\/uploads\/2022\/08\/eTrailer_Trailer_Dynamics_01.jpg","contentUrl":"https:\/\/static.krafthand-truck.de\/uploads\/2022\/08\/eTrailer_Trailer_Dynamics_01.jpg","width":1200,"height":580},{"@type":"BreadcrumbList","@id":"https:\/\/www.krafthand.de\/truck\/artikel\/auflieger-anders-denken-der-etrailer-von-trailer-dynamics-33224\/#breadcrumb","itemListElement":[{"@type":"ListItem","position":1,"name":"Krafthand-Truck","item":"https:\/\/www.krafthand.de\/truck\/"},{"@type":"ListItem","position":2,"name":"Nfz-Technik","item":"https:\/\/www.krafthand.de\/truck\/kategorie\/nfz-technik\/"},{"@type":"ListItem","position":3,"name":"Trailer\/Aufbauten","item":"https:\/\/www.krafthand.de\/truck\/kategorie\/nfz-technik\/trailer-aufbauten\/"},{"@type":"ListItem","position":4,"name":"Auflieger anders denken: Der eTrailer von Trailer Dynamics"}]},{"@type":"WebSite","@id":"https:\/\/www.krafthand.de\/truck\/#website","url":"https:\/\/www.krafthand.de\/truck\/","name":"Krafthand-Truck","description":"","potentialAction":[{"@type":"SearchAction","target":{"@type":"EntryPoint","urlTemplate":"https:\/\/www.krafthand.de\/truck\/?s={search_term_string}"},"query-input":{"@type":"PropertyValueSpecification","valueRequired":true,"valueName":"search_term_string"}}],"inLanguage":"de"},{"@type":"Person","@id":"https:\/\/www.krafthand.de\/truck\/#\/schema\/person\/51fa80b1c57034c4bf63f9f988fc24ce","name":"georg.blenk@krafthand-medien.de","image":{"@type":"ImageObject","inLanguage":"de","@id":"https:\/\/secure.gravatar.com\/avatar\/93713c30affe0aa95d3a4130e499bb1abee2eb31adbdd9ce2aa1543538490215?s=96&d=mm&r=g","url":"https:\/\/secure.gravatar.com\/avatar\/93713c30affe0aa95d3a4130e499bb1abee2eb31adbdd9ce2aa1543538490215?s=96&d=mm&r=g","contentUrl":"https:\/\/secure.gravatar.com\/avatar\/93713c30affe0aa95d3a4130e499bb1abee2eb31adbdd9ce2aa1543538490215?s=96&d=mm&r=g","caption":"georg.blenk@krafthand-medien.de"}}]}},"_links":{"self":[{"href":"https:\/\/www.krafthand.de\/truck\/wp-json\/wp\/v2\/posts\/33224","targetHints":{"allow":["GET"]}}],"collection":[{"href":"https:\/\/www.krafthand.de\/truck\/wp-json\/wp\/v2\/posts"}],"about":[{"href":"https:\/\/www.krafthand.de\/truck\/wp-json\/wp\/v2\/types\/post"}],"author":[{"embeddable":true,"href":"https:\/\/www.krafthand.de\/truck\/wp-json\/wp\/v2\/users\/9"}],"replies":[{"embeddable":true,"href":"https:\/\/www.krafthand.de\/truck\/wp-json\/wp\/v2\/comments?post=33224"}],"version-history":[{"count":25,"href":"https:\/\/www.krafthand.de\/truck\/wp-json\/wp\/v2\/posts\/33224\/revisions"}],"predecessor-version":[{"id":33253,"href":"https:\/\/www.krafthand.de\/truck\/wp-json\/wp\/v2\/posts\/33224\/revisions\/33253"}],"wp:featuredmedia":[{"embeddable":true,"href":"https:\/\/www.krafthand.de\/truck\/wp-json\/wp\/v2\/media\/33229"}],"wp:attachment":[{"href":"https:\/\/www.krafthand.de\/truck\/wp-json\/wp\/v2\/media?parent=33224"}],"wp:term":[{"taxonomy":"category","embeddable":true,"href":"https:\/\/www.krafthand.de\/truck\/wp-json\/wp\/v2\/categories?post=33224"},{"taxonomy":"post_tag","embeddable":true,"href":"https:\/\/www.krafthand.de\/truck\/wp-json\/wp\/v2\/tags?post=33224"},{"taxonomy":"settings","embeddable":true,"href":"https:\/\/www.krafthand.de\/truck\/wp-json\/wp\/v2\/settings?post=33224"}],"curies":[{"name":"wp","href":"https:\/\/api.w.org\/{rel}","templated":true}]}}