{"id":33219,"date":"2022-08-12T12:57:49","date_gmt":"2022-08-12T10:57:49","guid":{"rendered":"https:\/\/www.krafthand.de\/truck\/?p=33219"},"modified":"2022-08-12T12:57:49","modified_gmt":"2022-08-12T10:57:49","slug":"kaercher-neues-trockeneis-strahlgeraet","status":"publish","type":"post","link":"https:\/\/www.krafthand.de\/truck\/artikel\/kaercher-neues-trockeneis-strahlgeraet-33219\/","title":{"rendered":"K\u00e4rcher: Neues Trockeneis-Strahlger\u00e4t"},"content":{"rendered":"<p>Die Reinigung mit Trockeneis erzielt sehr gute Ergebnisse \u2013 von der Reinigung von Motorkomponenten am Lkw bis zur Vorbereitung von Rahmenteilen f\u00fcr Lackierarbeiten. Doch die verwendeten Pellets m\u00fcssen frisch sein, da sonst die Reinigungsleistung geringer wird und die Pellets zu Gas sublimieren. Selbst in geeigneten K\u00fchlboxen sind sie nur wenige Tage lagerbar.<\/p>\n<p>Mit dem IB 10\/8 L2P pr\u00e4sentiert K\u00e4rcher auf der Automechanika das erste Ger\u00e4t auf den Markt, welches selbst Trockeneis erzeugt. In Kombination mit der einfachen Bedienung, die keine Spezialausbildung erfordert, m\u00f6chte K\u00e4rcher die Vorteile des Trockeneisstrahlens unkompliziert nutzbar machen.<br \/>\nBislang werden Trockeneispellets in gro\u00dfen Hydraulikpressen, sogenannten Pelletizern, hergestellt und auf Bestellung geliefert. Dies ist umst\u00e4ndlich und speziell bei kleineren Mengen teuer. Aus diesem Grund wird h\u00e4ufig auf Trockeneisstrahlen als Reinigungstechnik verzichtet, obwohl es sehr effizientes Arbeiten erm\u00f6glicht.<\/p>\n<p>F\u00fcr den IB 10\/8 L2P hat <a href=\"https:\/\/www.kaercher.com\/de\/professional.html\" target=\"_blank\" rel=\"noopener\">K\u00e4rcher<\/a> eine technische L\u00f6sung entwickelt, welche die Trockeneisproduktion in Echtzeit auf kleinstem Raum erm\u00f6glicht. An Logistik werden lediglich zwei Dinge ben\u00f6tigt: fl\u00fcssiges CO2 als Ausgangsmaterial, das verlustfrei in Flaschen eingelagert werden kann sowie ein Druckluftnetz oder einen kompakten Kompressor. Die ergonomisch gestaltete Strahlpistole eignet sich auch f\u00fcr Arbeiten in engen, verwinkelten Bereichen. Durch eine intuitive Ger\u00e4testeuerung sowie zahlreiche Assistenzsysteme, beispielsweise zur \u00dcberpr\u00fcfung von Mindestdruck, korrektem Anschluss der Kabel oder \u00dcberhitzungsgefahr, ist die Maschine leicht zu bedienen. Die Anwendung ist ohne lange Einweisungen und aufw\u00e4ndige Planung m\u00f6glich.<\/p>\n<p>K\u00e4rcher ist auf der <a href=\"https:\/\/automechanika.messefrankfurt.com\/frankfurt\/de.html\" target=\"_blank\" rel=\"noopener\">Automechanika<\/a> in <strong>Halle 8, Stand B28<\/strong> und <strong>Halle 12, Stand A51<\/strong> zu finden.<\/p>\n<p><i>Den Beitrag finden Sie auch in der Print-Ausgabe 3-2022 der <a href=\"https:\/\/www.krafthand.de\/truck\/magazin\/\" title=\"Zum Magazin\">Krafthand-Truck<\/a>.<\/i><\/p>","protected":false},"excerpt":{"rendered":"<p>Mit dem IB 10\/8 L2P pr\u00e4sentiert K\u00e4rcher auf der Automechanika das erste Ger\u00e4t auf den Markt, welches selbst Trockeneis erzeugt. In Kombination mit der einfachen Bedienung, die keine Spezialausbildung erfordert, m\u00f6chte K\u00e4rcher die Vorteile des Trockeneisstrahlens so unkompliziert nutzbar machen. <span class=\"excerpt-more__dots\">&#8230;<\/span> <a class=\"excerpt-more__link\" href=\"https:\/\/www.krafthand.de\/truck\/artikel\/kaercher-neues-trockeneis-strahlgeraet-33219\/\" >weiter<\/a><\/p>\n","protected":false},"author":9,"featured_media":33221,"comment_status":"closed","ping_status":"closed","sticky":false,"template":"","format":"standard","meta":{"footnotes":""},"categories":[4220],"tags":[3190,5303,5302,5301],"settings":[4766,3523],"class_list":["post-33219","post","type-post","status-publish","format-standard","has-post-thumbnail","hentry","category-werkstattausruestung","tag-kaercher","tag-reiniger","tag-strahlgeraet","tag-trockeneis"],"yoast_head":"<!-- This site is optimized with the Yoast SEO plugin v27.3 - https:\/\/yoast.com\/product\/yoast-seo-wordpress\/ -->\n<title>Neuer Trockeneisreiniger von K\u00e4rcher I Krafthand-Truck<\/title>\n<meta name=\"description\" content=\"Mit dem IB 10\/8 L2P pr\u00e4sentiert K\u00e4rcher auf der Automechanika das erste Ger\u00e4t auf den Markt, welches selbst Trockeneis erzeugt.\" \/>\n<meta name=\"robots\" content=\"index, follow, max-snippet:-1, max-image-preview:large, max-video-preview:-1\" \/>\n<link rel=\"canonical\" href=\"https:\/\/www.krafthand.de\/truck\/artikel\/kaercher-neues-trockeneis-strahlgeraet-33219\/\" \/>\n<meta property=\"og:locale\" content=\"de_DE\" \/>\n<meta property=\"og:type\" content=\"article\" \/>\n<meta property=\"og:title\" content=\"Neuer Trockeneisreiniger von K\u00e4rcher I Krafthand-Truck\" \/>\n<meta property=\"og:description\" content=\"Mit dem IB 10\/8 L2P pr\u00e4sentiert K\u00e4rcher auf der Automechanika das erste Ger\u00e4t auf den Markt, welches selbst Trockeneis erzeugt.\" \/>\n<meta property=\"og:url\" content=\"https:\/\/www.krafthand-truck.de\/artikel\/kaercher-neues-trockeneis-strahlgeraet-33219\/\" \/>\n<meta property=\"og:site_name\" content=\"Krafthand-Truck\" \/>\n<meta property=\"article:published_time\" content=\"2022-08-12T10:57:49+00:00\" \/>\n<meta property=\"og:image\" content=\"https:\/\/static.krafthand-truck.de\/uploads\/2022\/08\/Kaercher_Trockeneisstrahlgeraet_Krafthand_Truck.jpg\" \/>\n\t<meta property=\"og:image:width\" content=\"1200\" \/>\n\t<meta property=\"og:image:height\" content=\"1508\" \/>\n\t<meta property=\"og:image:type\" content=\"image\/jpeg\" \/>\n<meta name=\"author\" content=\"georg.blenk@krafthand-medien.de\" \/>\n<meta name=\"twitter:card\" content=\"summary_large_image\" \/>\n<meta name=\"twitter:label1\" content=\"Verfasst von\" \/>\n\t<meta name=\"twitter:data1\" content=\"georg.blenk@krafthand-medien.de\" \/>\n\t<meta name=\"twitter:label2\" content=\"Gesch\u00e4tzte Lesezeit\" \/>\n\t<meta name=\"twitter:data2\" content=\"2\u00a0Minuten\" \/>\n<script type=\"application\/ld+json\" class=\"yoast-schema-graph\">{\"@context\":\"https:\\\/\\\/schema.org\",\"@graph\":[{\"@type\":\"Article\",\"@id\":\"https:\\\/\\\/www.krafthand.de\\\/truck\\\/artikel\\\/kaercher-neues-trockeneis-strahlgeraet-33219\\\/#article\",\"isPartOf\":{\"@id\":\"https:\\\/\\\/www.krafthand.de\\\/truck\\\/artikel\\\/kaercher-neues-trockeneis-strahlgeraet-33219\\\/\"},\"author\":{\"name\":\"georg.blenk@krafthand-medien.de\",\"@id\":\"https:\\\/\\\/www.krafthand.de\\\/truck\\\/#\\\/schema\\\/person\\\/51fa80b1c57034c4bf63f9f988fc24ce\"},\"headline\":\"K\u00e4rcher: Neues Trockeneis-Strahlger\u00e4t\",\"datePublished\":\"2022-08-12T10:57:49+00:00\",\"mainEntityOfPage\":{\"@id\":\"https:\\\/\\\/www.krafthand.de\\\/truck\\\/artikel\\\/kaercher-neues-trockeneis-strahlgeraet-33219\\\/\"},\"wordCount\":264,\"image\":{\"@id\":\"https:\\\/\\\/www.krafthand.de\\\/truck\\\/artikel\\\/kaercher-neues-trockeneis-strahlgeraet-33219\\\/#primaryimage\"},\"thumbnailUrl\":\"https:\\\/\\\/static.krafthand-truck.de\\\/uploads\\\/2022\\\/08\\\/Kaercher_Trockeneisstrahlgeraet_Krafthand_Truck.jpg\",\"keywords\":[\"K\u00e4rcher\",\"Reiniger\",\"Strahlger\u00e4t\",\"Trockeneis\"],\"articleSection\":[\"Werkstattausr\u00fcstung\"],\"inLanguage\":\"de\"},{\"@type\":\"WebPage\",\"@id\":\"https:\\\/\\\/www.krafthand.de\\\/truck\\\/artikel\\\/kaercher-neues-trockeneis-strahlgeraet-33219\\\/\",\"url\":\"https:\\\/\\\/www.krafthand.de\\\/truck\\\/artikel\\\/kaercher-neues-trockeneis-strahlgeraet-33219\\\/\",\"name\":\"Neuer Trockeneisreiniger von K\u00e4rcher I Krafthand-Truck\",\"isPartOf\":{\"@id\":\"https:\\\/\\\/www.krafthand.de\\\/truck\\\/#website\"},\"primaryImageOfPage\":{\"@id\":\"https:\\\/\\\/www.krafthand.de\\\/truck\\\/artikel\\\/kaercher-neues-trockeneis-strahlgeraet-33219\\\/#primaryimage\"},\"image\":{\"@id\":\"https:\\\/\\\/www.krafthand.de\\\/truck\\\/artikel\\\/kaercher-neues-trockeneis-strahlgeraet-33219\\\/#primaryimage\"},\"thumbnailUrl\":\"https:\\\/\\\/static.krafthand-truck.de\\\/uploads\\\/2022\\\/08\\\/Kaercher_Trockeneisstrahlgeraet_Krafthand_Truck.jpg\",\"datePublished\":\"2022-08-12T10:57:49+00:00\",\"author\":{\"@id\":\"https:\\\/\\\/www.krafthand.de\\\/truck\\\/#\\\/schema\\\/person\\\/51fa80b1c57034c4bf63f9f988fc24ce\"},\"description\":\"Mit dem IB 10\\\/8 L2P pr\u00e4sentiert K\u00e4rcher auf der Automechanika das erste Ger\u00e4t auf den Markt, welches selbst Trockeneis erzeugt.\",\"breadcrumb\":{\"@id\":\"https:\\\/\\\/www.krafthand.de\\\/truck\\\/artikel\\\/kaercher-neues-trockeneis-strahlgeraet-33219\\\/#breadcrumb\"},\"inLanguage\":\"de\",\"potentialAction\":[{\"@type\":\"ReadAction\",\"target\":[\"https:\\\/\\\/www.krafthand.de\\\/truck\\\/artikel\\\/kaercher-neues-trockeneis-strahlgeraet-33219\\\/\"]}]},{\"@type\":\"ImageObject\",\"inLanguage\":\"de\",\"@id\":\"https:\\\/\\\/www.krafthand.de\\\/truck\\\/artikel\\\/kaercher-neues-trockeneis-strahlgeraet-33219\\\/#primaryimage\",\"url\":\"https:\\\/\\\/static.krafthand-truck.de\\\/uploads\\\/2022\\\/08\\\/Kaercher_Trockeneisstrahlgeraet_Krafthand_Truck.jpg\",\"contentUrl\":\"https:\\\/\\\/static.krafthand-truck.de\\\/uploads\\\/2022\\\/08\\\/Kaercher_Trockeneisstrahlgeraet_Krafthand_Truck.jpg\",\"width\":1200,\"height\":1508},{\"@type\":\"BreadcrumbList\",\"@id\":\"https:\\\/\\\/www.krafthand.de\\\/truck\\\/artikel\\\/kaercher-neues-trockeneis-strahlgeraet-33219\\\/#breadcrumb\",\"itemListElement\":[{\"@type\":\"ListItem\",\"position\":1,\"name\":\"Krafthand-Truck\",\"item\":\"https:\\\/\\\/www.krafthand.de\\\/truck\\\/\"},{\"@type\":\"ListItem\",\"position\":2,\"name\":\"Nfz-Service\",\"item\":\"https:\\\/\\\/www.krafthand.de\\\/truck\\\/kategorie\\\/nfz-service\\\/\"},{\"@type\":\"ListItem\",\"position\":3,\"name\":\"Werkstattausr\u00fcstung\",\"item\":\"https:\\\/\\\/www.krafthand.de\\\/truck\\\/kategorie\\\/nfz-service\\\/werkstattausruestung\\\/\"},{\"@type\":\"ListItem\",\"position\":4,\"name\":\"K\u00e4rcher: Neues Trockeneis-Strahlger\u00e4t\"}]},{\"@type\":\"WebSite\",\"@id\":\"https:\\\/\\\/www.krafthand.de\\\/truck\\\/#website\",\"url\":\"https:\\\/\\\/www.krafthand.de\\\/truck\\\/\",\"name\":\"Krafthand-Truck\",\"description\":\"\",\"potentialAction\":[{\"@type\":\"SearchAction\",\"target\":{\"@type\":\"EntryPoint\",\"urlTemplate\":\"https:\\\/\\\/www.krafthand.de\\\/truck\\\/?s={search_term_string}\"},\"query-input\":{\"@type\":\"PropertyValueSpecification\",\"valueRequired\":true,\"valueName\":\"search_term_string\"}}],\"inLanguage\":\"de\"},{\"@type\":\"Person\",\"@id\":\"https:\\\/\\\/www.krafthand.de\\\/truck\\\/#\\\/schema\\\/person\\\/51fa80b1c57034c4bf63f9f988fc24ce\",\"name\":\"georg.blenk@krafthand-medien.de\",\"image\":{\"@type\":\"ImageObject\",\"inLanguage\":\"de\",\"@id\":\"https:\\\/\\\/secure.gravatar.com\\\/avatar\\\/93713c30affe0aa95d3a4130e499bb1abee2eb31adbdd9ce2aa1543538490215?s=96&d=mm&r=g\",\"url\":\"https:\\\/\\\/secure.gravatar.com\\\/avatar\\\/93713c30affe0aa95d3a4130e499bb1abee2eb31adbdd9ce2aa1543538490215?s=96&d=mm&r=g\",\"contentUrl\":\"https:\\\/\\\/secure.gravatar.com\\\/avatar\\\/93713c30affe0aa95d3a4130e499bb1abee2eb31adbdd9ce2aa1543538490215?s=96&d=mm&r=g\",\"caption\":\"georg.blenk@krafthand-medien.de\"}}]}<\/script>\n<!-- \/ Yoast SEO plugin. -->","yoast_head_json":{"title":"Neuer Trockeneisreiniger von K\u00e4rcher I Krafthand-Truck","description":"Mit dem IB 10\/8 L2P pr\u00e4sentiert K\u00e4rcher auf der Automechanika das erste Ger\u00e4t auf den Markt, welches selbst Trockeneis erzeugt.","robots":{"index":"index","follow":"follow","max-snippet":"max-snippet:-1","max-image-preview":"max-image-preview:large","max-video-preview":"max-video-preview:-1"},"canonical":"https:\/\/www.krafthand.de\/truck\/artikel\/kaercher-neues-trockeneis-strahlgeraet-33219\/","og_locale":"de_DE","og_type":"article","og_title":"Neuer Trockeneisreiniger von K\u00e4rcher I Krafthand-Truck","og_description":"Mit dem IB 10\/8 L2P pr\u00e4sentiert K\u00e4rcher auf der Automechanika das erste Ger\u00e4t auf den Markt, welches selbst Trockeneis erzeugt.","og_url":"https:\/\/www.krafthand-truck.de\/artikel\/kaercher-neues-trockeneis-strahlgeraet-33219\/","og_site_name":"Krafthand-Truck","article_published_time":"2022-08-12T10:57:49+00:00","og_image":[{"width":1200,"height":1508,"url":"https:\/\/static.krafthand-truck.de\/uploads\/2022\/08\/Kaercher_Trockeneisstrahlgeraet_Krafthand_Truck.jpg","type":"image\/jpeg"}],"author":"georg.blenk@krafthand-medien.de","twitter_card":"summary_large_image","twitter_misc":{"Verfasst von":"georg.blenk@krafthand-medien.de","Gesch\u00e4tzte Lesezeit":"2\u00a0Minuten"},"schema":{"@context":"https:\/\/schema.org","@graph":[{"@type":"Article","@id":"https:\/\/www.krafthand.de\/truck\/artikel\/kaercher-neues-trockeneis-strahlgeraet-33219\/#article","isPartOf":{"@id":"https:\/\/www.krafthand.de\/truck\/artikel\/kaercher-neues-trockeneis-strahlgeraet-33219\/"},"author":{"name":"georg.blenk@krafthand-medien.de","@id":"https:\/\/www.krafthand.de\/truck\/#\/schema\/person\/51fa80b1c57034c4bf63f9f988fc24ce"},"headline":"K\u00e4rcher: Neues Trockeneis-Strahlger\u00e4t","datePublished":"2022-08-12T10:57:49+00:00","mainEntityOfPage":{"@id":"https:\/\/www.krafthand.de\/truck\/artikel\/kaercher-neues-trockeneis-strahlgeraet-33219\/"},"wordCount":264,"image":{"@id":"https:\/\/www.krafthand.de\/truck\/artikel\/kaercher-neues-trockeneis-strahlgeraet-33219\/#primaryimage"},"thumbnailUrl":"https:\/\/static.krafthand-truck.de\/uploads\/2022\/08\/Kaercher_Trockeneisstrahlgeraet_Krafthand_Truck.jpg","keywords":["K\u00e4rcher","Reiniger","Strahlger\u00e4t","Trockeneis"],"articleSection":["Werkstattausr\u00fcstung"],"inLanguage":"de"},{"@type":"WebPage","@id":"https:\/\/www.krafthand.de\/truck\/artikel\/kaercher-neues-trockeneis-strahlgeraet-33219\/","url":"https:\/\/www.krafthand.de\/truck\/artikel\/kaercher-neues-trockeneis-strahlgeraet-33219\/","name":"Neuer Trockeneisreiniger von K\u00e4rcher I Krafthand-Truck","isPartOf":{"@id":"https:\/\/www.krafthand.de\/truck\/#website"},"primaryImageOfPage":{"@id":"https:\/\/www.krafthand.de\/truck\/artikel\/kaercher-neues-trockeneis-strahlgeraet-33219\/#primaryimage"},"image":{"@id":"https:\/\/www.krafthand.de\/truck\/artikel\/kaercher-neues-trockeneis-strahlgeraet-33219\/#primaryimage"},"thumbnailUrl":"https:\/\/static.krafthand-truck.de\/uploads\/2022\/08\/Kaercher_Trockeneisstrahlgeraet_Krafthand_Truck.jpg","datePublished":"2022-08-12T10:57:49+00:00","author":{"@id":"https:\/\/www.krafthand.de\/truck\/#\/schema\/person\/51fa80b1c57034c4bf63f9f988fc24ce"},"description":"Mit dem IB 10\/8 L2P pr\u00e4sentiert K\u00e4rcher auf der Automechanika das erste Ger\u00e4t auf den Markt, welches selbst Trockeneis erzeugt.","breadcrumb":{"@id":"https:\/\/www.krafthand.de\/truck\/artikel\/kaercher-neues-trockeneis-strahlgeraet-33219\/#breadcrumb"},"inLanguage":"de","potentialAction":[{"@type":"ReadAction","target":["https:\/\/www.krafthand.de\/truck\/artikel\/kaercher-neues-trockeneis-strahlgeraet-33219\/"]}]},{"@type":"ImageObject","inLanguage":"de","@id":"https:\/\/www.krafthand.de\/truck\/artikel\/kaercher-neues-trockeneis-strahlgeraet-33219\/#primaryimage","url":"https:\/\/static.krafthand-truck.de\/uploads\/2022\/08\/Kaercher_Trockeneisstrahlgeraet_Krafthand_Truck.jpg","contentUrl":"https:\/\/static.krafthand-truck.de\/uploads\/2022\/08\/Kaercher_Trockeneisstrahlgeraet_Krafthand_Truck.jpg","width":1200,"height":1508},{"@type":"BreadcrumbList","@id":"https:\/\/www.krafthand.de\/truck\/artikel\/kaercher-neues-trockeneis-strahlgeraet-33219\/#breadcrumb","itemListElement":[{"@type":"ListItem","position":1,"name":"Krafthand-Truck","item":"https:\/\/www.krafthand.de\/truck\/"},{"@type":"ListItem","position":2,"name":"Nfz-Service","item":"https:\/\/www.krafthand.de\/truck\/kategorie\/nfz-service\/"},{"@type":"ListItem","position":3,"name":"Werkstattausr\u00fcstung","item":"https:\/\/www.krafthand.de\/truck\/kategorie\/nfz-service\/werkstattausruestung\/"},{"@type":"ListItem","position":4,"name":"K\u00e4rcher: Neues Trockeneis-Strahlger\u00e4t"}]},{"@type":"WebSite","@id":"https:\/\/www.krafthand.de\/truck\/#website","url":"https:\/\/www.krafthand.de\/truck\/","name":"Krafthand-Truck","description":"","potentialAction":[{"@type":"SearchAction","target":{"@type":"EntryPoint","urlTemplate":"https:\/\/www.krafthand.de\/truck\/?s={search_term_string}"},"query-input":{"@type":"PropertyValueSpecification","valueRequired":true,"valueName":"search_term_string"}}],"inLanguage":"de"},{"@type":"Person","@id":"https:\/\/www.krafthand.de\/truck\/#\/schema\/person\/51fa80b1c57034c4bf63f9f988fc24ce","name":"georg.blenk@krafthand-medien.de","image":{"@type":"ImageObject","inLanguage":"de","@id":"https:\/\/secure.gravatar.com\/avatar\/93713c30affe0aa95d3a4130e499bb1abee2eb31adbdd9ce2aa1543538490215?s=96&d=mm&r=g","url":"https:\/\/secure.gravatar.com\/avatar\/93713c30affe0aa95d3a4130e499bb1abee2eb31adbdd9ce2aa1543538490215?s=96&d=mm&r=g","contentUrl":"https:\/\/secure.gravatar.com\/avatar\/93713c30affe0aa95d3a4130e499bb1abee2eb31adbdd9ce2aa1543538490215?s=96&d=mm&r=g","caption":"georg.blenk@krafthand-medien.de"}}]}},"_links":{"self":[{"href":"https:\/\/www.krafthand.de\/truck\/wp-json\/wp\/v2\/posts\/33219","targetHints":{"allow":["GET"]}}],"collection":[{"href":"https:\/\/www.krafthand.de\/truck\/wp-json\/wp\/v2\/posts"}],"about":[{"href":"https:\/\/www.krafthand.de\/truck\/wp-json\/wp\/v2\/types\/post"}],"author":[{"embeddable":true,"href":"https:\/\/www.krafthand.de\/truck\/wp-json\/wp\/v2\/users\/9"}],"replies":[{"embeddable":true,"href":"https:\/\/www.krafthand.de\/truck\/wp-json\/wp\/v2\/comments?post=33219"}],"version-history":[{"count":3,"href":"https:\/\/www.krafthand.de\/truck\/wp-json\/wp\/v2\/posts\/33219\/revisions"}],"predecessor-version":[{"id":33223,"href":"https:\/\/www.krafthand.de\/truck\/wp-json\/wp\/v2\/posts\/33219\/revisions\/33223"}],"wp:featuredmedia":[{"embeddable":true,"href":"https:\/\/www.krafthand.de\/truck\/wp-json\/wp\/v2\/media\/33221"}],"wp:attachment":[{"href":"https:\/\/www.krafthand.de\/truck\/wp-json\/wp\/v2\/media?parent=33219"}],"wp:term":[{"taxonomy":"category","embeddable":true,"href":"https:\/\/www.krafthand.de\/truck\/wp-json\/wp\/v2\/categories?post=33219"},{"taxonomy":"post_tag","embeddable":true,"href":"https:\/\/www.krafthand.de\/truck\/wp-json\/wp\/v2\/tags?post=33219"},{"taxonomy":"settings","embeddable":true,"href":"https:\/\/www.krafthand.de\/truck\/wp-json\/wp\/v2\/settings?post=33219"}],"curies":[{"name":"wp","href":"https:\/\/api.w.org\/{rel}","templated":true}]}}