{"id":33207,"date":"2022-08-11T15:08:45","date_gmt":"2022-08-11T13:08:45","guid":{"rendered":"https:\/\/www.krafthand.de\/truck\/?p=33207"},"modified":"2022-08-11T15:15:30","modified_gmt":"2022-08-11T13:15:30","slug":"die-gtue-praesentiert-sich-auf-der-automechanika-und-der-iaa-transportation","status":"publish","type":"post","link":"https:\/\/www.krafthand.de\/truck\/artikel\/die-gtue-praesentiert-sich-auf-der-automechanika-und-der-iaa-transportation-33207\/","title":{"rendered":"GT\u00dc: Automechanika und IAA Transportation"},"content":{"rendered":"<p>Die GT\u00dc pr\u00e4sentiert sich im September 2022 auf zwei hochrangigen Fachmessen, der Automechanika, die vom 13. bis 17. September 2022 in Frankfurt stattfindet und der IAA Transportation (20. bis 25. September 2022 in Hannover). Im Mittelpunkt der Messeauftritte steht das umfangreiche Dienstleistungsportfolio.<\/p>\n<h3>Automechanika<\/h3>\n<p>Die Messepr\u00e4sentation der <a href=\"https:\/\/www.gtue.de\/de\" target=\"_blank\" rel=\"noopener\">GT\u00dc<\/a> auf der <a href=\"https:\/\/automechanika.messefrankfurt.com\/frankfurt\/de.html\" target=\"_blank\" rel=\"noopener\">Automechanika<\/a> <strong>(Halle 9.1 auf Stand E 06)<\/strong> hat die umfangreichen Services insbesondere f\u00fcr Kunden aus dem Umfeld von Werkst\u00e4tten, Autoh\u00e4usern und das Pr\u00fcfwesen zum Schwerpunkt. Neben den amtlichen Dienstleistungen informiert die GT\u00dc \u00fcber ihre freiwirtschaftlichen Dienstleistungen, den Pr\u00fcfmittelservice sowie Neuheiten, beispielsweise den <a href=\"https:\/\/aviloo.com\/batterietest.html\" target=\"_blank\" rel=\"noopener\">AVILOO-Batterietest<\/a>.<\/p>\n<h3>IAA Transportation<\/h3>\n<p>Auf der <a href=\"https:\/\/iaa-transportation.com\/de\" target=\"_blank\" rel=\"noopener\">IAA Transportation<\/a> in Hannover pr\u00e4sentiert sich die GT\u00dc gemeinsam mit ihrem luxemburgischen Gemeinschaftsunternehmen <a href=\"https:\/\/www.ateel.com\" target=\"_blank\" rel=\"noopener\">ATEEL S.\u00e0 r. l.<\/a> Beide informieren in <strong>Halle 12 auf Stand A25<\/strong> insbesondere zu Homologations-Dienstleistungen. Auf der internationalen Leitmesse f\u00fcr Mobilit\u00e4t, Transport und Logistik sind traditionsgem\u00e4\u00df zahlreiche Fahrzeughersteller, Aufbauunternehmen und Zulieferer der Transport- und Logistikbranche vertreten, die kontinuierlich neue Produkte in den Verkehr bringen, manche in Einzel- und Kleinserienfertigung. F\u00fcr diese sind die GT\u00dc mit ihrem Technischen Dienst und ATEEL erfahrene Partner im gesamten Homologationsprozess.<\/p>\n","protected":false},"excerpt":{"rendered":"<p>Die GT\u00dc pr\u00e4sentiert sich auf der Automechanika (13. bis 17. September 2022 in Frankfurt) und der IAA Transportation (20. bis 25. September 2022 in Hannover). Im Mittelpunkt der Messeauftritte steht das umfangreiche Portfolio. <span class=\"excerpt-more__dots\">&#8230;<\/span> <a class=\"excerpt-more__link\" href=\"https:\/\/www.krafthand.de\/truck\/artikel\/die-gtue-praesentiert-sich-auf-der-automechanika-und-der-iaa-transportation-33207\/\" >weiter<\/a><\/p>\n","protected":false},"author":9,"featured_media":33210,"comment_status":"closed","ping_status":"closed","sticky":false,"template":"","format":"standard","meta":{"footnotes":""},"categories":[4235,4236],"tags":[1346,5300,5238],"settings":[3523],"class_list":["post-33207","post","type-post","status-publish","format-standard","has-post-thumbnail","hentry","category-unternehmen","category-veranstaltungen","tag-automechanika","tag-gtue","tag-iaa-transportation"],"yoast_head":"<!-- This site is optimized with the Yoast SEO plugin v27.3 - https:\/\/yoast.com\/product\/yoast-seo-wordpress\/ -->\n<title>GT\u00dc: Automechanika und IAA Transportation - Krafthand-Truck<\/title>\n<meta name=\"description\" content=\"Die GT\u00dc pr\u00e4sentiert sich im September auf der Automechanika und der IAA Transportation. Im Mittelpunkt steht das Portfolio der GT\u00dc.\" \/>\n<meta name=\"robots\" content=\"index, follow, max-snippet:-1, max-image-preview:large, max-video-preview:-1\" \/>\n<link rel=\"canonical\" href=\"https:\/\/www.krafthand.de\/truck\/artikel\/die-gtue-praesentiert-sich-auf-der-automechanika-und-der-iaa-transportation-33207\/\" \/>\n<meta property=\"og:locale\" content=\"de_DE\" \/>\n<meta property=\"og:type\" content=\"article\" \/>\n<meta property=\"og:title\" content=\"GT\u00dc: Automechanika und IAA Transportation - Krafthand-Truck\" \/>\n<meta property=\"og:description\" content=\"Die GT\u00dc pr\u00e4sentiert sich im September auf der Automechanika und der IAA Transportation. Im Mittelpunkt steht das Portfolio der GT\u00dc.\" \/>\n<meta property=\"og:url\" content=\"https:\/\/www.krafthand-truck.de\/artikel\/die-gtue-praesentiert-sich-auf-der-automechanika-und-der-iaa-transportation-33207\/\" \/>\n<meta property=\"og:site_name\" content=\"Krafthand-Truck\" \/>\n<meta property=\"article:published_time\" content=\"2022-08-11T13:08:45+00:00\" \/>\n<meta property=\"article:modified_time\" content=\"2022-08-11T13:15:30+00:00\" \/>\n<meta property=\"og:image\" content=\"https:\/\/static.krafthand-truck.de\/uploads\/2022\/08\/GTUE_Automechanika_IAA_Transportation_2022.jpg\" \/>\n\t<meta property=\"og:image:width\" content=\"1200\" \/>\n\t<meta property=\"og:image:height\" content=\"688\" \/>\n\t<meta property=\"og:image:type\" content=\"image\/jpeg\" \/>\n<meta name=\"author\" content=\"georg.blenk@krafthand-medien.de\" \/>\n<meta name=\"twitter:card\" content=\"summary_large_image\" \/>\n<meta name=\"twitter:label1\" content=\"Verfasst von\" \/>\n\t<meta name=\"twitter:data1\" content=\"georg.blenk@krafthand-medien.de\" \/>\n\t<meta name=\"twitter:label2\" content=\"Gesch\u00e4tzte Lesezeit\" \/>\n\t<meta name=\"twitter:data2\" content=\"1\u00a0Minute\" \/>\n<script type=\"application\/ld+json\" class=\"yoast-schema-graph\">{\"@context\":\"https:\\\/\\\/schema.org\",\"@graph\":[{\"@type\":\"Article\",\"@id\":\"https:\\\/\\\/www.krafthand.de\\\/truck\\\/artikel\\\/die-gtue-praesentiert-sich-auf-der-automechanika-und-der-iaa-transportation-33207\\\/#article\",\"isPartOf\":{\"@id\":\"https:\\\/\\\/www.krafthand.de\\\/truck\\\/artikel\\\/die-gtue-praesentiert-sich-auf-der-automechanika-und-der-iaa-transportation-33207\\\/\"},\"author\":{\"name\":\"georg.blenk@krafthand-medien.de\",\"@id\":\"https:\\\/\\\/www.krafthand.de\\\/truck\\\/#\\\/schema\\\/person\\\/51fa80b1c57034c4bf63f9f988fc24ce\"},\"headline\":\"GT\u00dc: Automechanika und IAA Transportation\",\"datePublished\":\"2022-08-11T13:08:45+00:00\",\"dateModified\":\"2022-08-11T13:15:30+00:00\",\"mainEntityOfPage\":{\"@id\":\"https:\\\/\\\/www.krafthand.de\\\/truck\\\/artikel\\\/die-gtue-praesentiert-sich-auf-der-automechanika-und-der-iaa-transportation-33207\\\/\"},\"wordCount\":180,\"image\":{\"@id\":\"https:\\\/\\\/www.krafthand.de\\\/truck\\\/artikel\\\/die-gtue-praesentiert-sich-auf-der-automechanika-und-der-iaa-transportation-33207\\\/#primaryimage\"},\"thumbnailUrl\":\"https:\\\/\\\/static.krafthand-truck.de\\\/uploads\\\/2022\\\/08\\\/GTUE_Automechanika_IAA_Transportation_2022.jpg\",\"keywords\":[\"Automechanika\",\"GT\u00dc\",\"IAA Transportation\"],\"articleSection\":[\"Unternehmen\",\"Veranstaltungen\\\/Messen\"],\"inLanguage\":\"de\"},{\"@type\":\"WebPage\",\"@id\":\"https:\\\/\\\/www.krafthand.de\\\/truck\\\/artikel\\\/die-gtue-praesentiert-sich-auf-der-automechanika-und-der-iaa-transportation-33207\\\/\",\"url\":\"https:\\\/\\\/www.krafthand.de\\\/truck\\\/artikel\\\/die-gtue-praesentiert-sich-auf-der-automechanika-und-der-iaa-transportation-33207\\\/\",\"name\":\"GT\u00dc: Automechanika und IAA Transportation - Krafthand-Truck\",\"isPartOf\":{\"@id\":\"https:\\\/\\\/www.krafthand.de\\\/truck\\\/#website\"},\"primaryImageOfPage\":{\"@id\":\"https:\\\/\\\/www.krafthand.de\\\/truck\\\/artikel\\\/die-gtue-praesentiert-sich-auf-der-automechanika-und-der-iaa-transportation-33207\\\/#primaryimage\"},\"image\":{\"@id\":\"https:\\\/\\\/www.krafthand.de\\\/truck\\\/artikel\\\/die-gtue-praesentiert-sich-auf-der-automechanika-und-der-iaa-transportation-33207\\\/#primaryimage\"},\"thumbnailUrl\":\"https:\\\/\\\/static.krafthand-truck.de\\\/uploads\\\/2022\\\/08\\\/GTUE_Automechanika_IAA_Transportation_2022.jpg\",\"datePublished\":\"2022-08-11T13:08:45+00:00\",\"dateModified\":\"2022-08-11T13:15:30+00:00\",\"author\":{\"@id\":\"https:\\\/\\\/www.krafthand.de\\\/truck\\\/#\\\/schema\\\/person\\\/51fa80b1c57034c4bf63f9f988fc24ce\"},\"description\":\"Die GT\u00dc pr\u00e4sentiert sich im September auf der Automechanika und der IAA Transportation. Im Mittelpunkt steht das Portfolio der GT\u00dc.\",\"breadcrumb\":{\"@id\":\"https:\\\/\\\/www.krafthand.de\\\/truck\\\/artikel\\\/die-gtue-praesentiert-sich-auf-der-automechanika-und-der-iaa-transportation-33207\\\/#breadcrumb\"},\"inLanguage\":\"de\",\"potentialAction\":[{\"@type\":\"ReadAction\",\"target\":[\"https:\\\/\\\/www.krafthand.de\\\/truck\\\/artikel\\\/die-gtue-praesentiert-sich-auf-der-automechanika-und-der-iaa-transportation-33207\\\/\"]}]},{\"@type\":\"ImageObject\",\"inLanguage\":\"de\",\"@id\":\"https:\\\/\\\/www.krafthand.de\\\/truck\\\/artikel\\\/die-gtue-praesentiert-sich-auf-der-automechanika-und-der-iaa-transportation-33207\\\/#primaryimage\",\"url\":\"https:\\\/\\\/static.krafthand-truck.de\\\/uploads\\\/2022\\\/08\\\/GTUE_Automechanika_IAA_Transportation_2022.jpg\",\"contentUrl\":\"https:\\\/\\\/static.krafthand-truck.de\\\/uploads\\\/2022\\\/08\\\/GTUE_Automechanika_IAA_Transportation_2022.jpg\",\"width\":1200,\"height\":688},{\"@type\":\"BreadcrumbList\",\"@id\":\"https:\\\/\\\/www.krafthand.de\\\/truck\\\/artikel\\\/die-gtue-praesentiert-sich-auf-der-automechanika-und-der-iaa-transportation-33207\\\/#breadcrumb\",\"itemListElement\":[{\"@type\":\"ListItem\",\"position\":1,\"name\":\"Krafthand-Truck\",\"item\":\"https:\\\/\\\/www.krafthand.de\\\/truck\\\/\"},{\"@type\":\"ListItem\",\"position\":2,\"name\":\"Nfz-Branche\",\"item\":\"https:\\\/\\\/www.krafthand.de\\\/truck\\\/kategorie\\\/branche\\\/\"},{\"@type\":\"ListItem\",\"position\":3,\"name\":\"Veranstaltungen\\\/Messen\",\"item\":\"https:\\\/\\\/www.krafthand.de\\\/truck\\\/kategorie\\\/branche\\\/veranstaltungen\\\/\"},{\"@type\":\"ListItem\",\"position\":4,\"name\":\"GT\u00dc: Automechanika und IAA Transportation\"}]},{\"@type\":\"WebSite\",\"@id\":\"https:\\\/\\\/www.krafthand.de\\\/truck\\\/#website\",\"url\":\"https:\\\/\\\/www.krafthand.de\\\/truck\\\/\",\"name\":\"Krafthand-Truck\",\"description\":\"\",\"potentialAction\":[{\"@type\":\"SearchAction\",\"target\":{\"@type\":\"EntryPoint\",\"urlTemplate\":\"https:\\\/\\\/www.krafthand.de\\\/truck\\\/?s={search_term_string}\"},\"query-input\":{\"@type\":\"PropertyValueSpecification\",\"valueRequired\":true,\"valueName\":\"search_term_string\"}}],\"inLanguage\":\"de\"},{\"@type\":\"Person\",\"@id\":\"https:\\\/\\\/www.krafthand.de\\\/truck\\\/#\\\/schema\\\/person\\\/51fa80b1c57034c4bf63f9f988fc24ce\",\"name\":\"georg.blenk@krafthand-medien.de\",\"image\":{\"@type\":\"ImageObject\",\"inLanguage\":\"de\",\"@id\":\"https:\\\/\\\/secure.gravatar.com\\\/avatar\\\/93713c30affe0aa95d3a4130e499bb1abee2eb31adbdd9ce2aa1543538490215?s=96&d=mm&r=g\",\"url\":\"https:\\\/\\\/secure.gravatar.com\\\/avatar\\\/93713c30affe0aa95d3a4130e499bb1abee2eb31adbdd9ce2aa1543538490215?s=96&d=mm&r=g\",\"contentUrl\":\"https:\\\/\\\/secure.gravatar.com\\\/avatar\\\/93713c30affe0aa95d3a4130e499bb1abee2eb31adbdd9ce2aa1543538490215?s=96&d=mm&r=g\",\"caption\":\"georg.blenk@krafthand-medien.de\"}}]}<\/script>\n<!-- \/ Yoast SEO plugin. -->","yoast_head_json":{"title":"GT\u00dc: Automechanika und IAA Transportation - Krafthand-Truck","description":"Die GT\u00dc pr\u00e4sentiert sich im September auf der Automechanika und der IAA Transportation. Im Mittelpunkt steht das Portfolio der GT\u00dc.","robots":{"index":"index","follow":"follow","max-snippet":"max-snippet:-1","max-image-preview":"max-image-preview:large","max-video-preview":"max-video-preview:-1"},"canonical":"https:\/\/www.krafthand.de\/truck\/artikel\/die-gtue-praesentiert-sich-auf-der-automechanika-und-der-iaa-transportation-33207\/","og_locale":"de_DE","og_type":"article","og_title":"GT\u00dc: Automechanika und IAA Transportation - Krafthand-Truck","og_description":"Die GT\u00dc pr\u00e4sentiert sich im September auf der Automechanika und der IAA Transportation. Im Mittelpunkt steht das Portfolio der GT\u00dc.","og_url":"https:\/\/www.krafthand-truck.de\/artikel\/die-gtue-praesentiert-sich-auf-der-automechanika-und-der-iaa-transportation-33207\/","og_site_name":"Krafthand-Truck","article_published_time":"2022-08-11T13:08:45+00:00","article_modified_time":"2022-08-11T13:15:30+00:00","og_image":[{"width":1200,"height":688,"url":"https:\/\/static.krafthand-truck.de\/uploads\/2022\/08\/GTUE_Automechanika_IAA_Transportation_2022.jpg","type":"image\/jpeg"}],"author":"georg.blenk@krafthand-medien.de","twitter_card":"summary_large_image","twitter_misc":{"Verfasst von":"georg.blenk@krafthand-medien.de","Gesch\u00e4tzte Lesezeit":"1\u00a0Minute"},"schema":{"@context":"https:\/\/schema.org","@graph":[{"@type":"Article","@id":"https:\/\/www.krafthand.de\/truck\/artikel\/die-gtue-praesentiert-sich-auf-der-automechanika-und-der-iaa-transportation-33207\/#article","isPartOf":{"@id":"https:\/\/www.krafthand.de\/truck\/artikel\/die-gtue-praesentiert-sich-auf-der-automechanika-und-der-iaa-transportation-33207\/"},"author":{"name":"georg.blenk@krafthand-medien.de","@id":"https:\/\/www.krafthand.de\/truck\/#\/schema\/person\/51fa80b1c57034c4bf63f9f988fc24ce"},"headline":"GT\u00dc: Automechanika und IAA Transportation","datePublished":"2022-08-11T13:08:45+00:00","dateModified":"2022-08-11T13:15:30+00:00","mainEntityOfPage":{"@id":"https:\/\/www.krafthand.de\/truck\/artikel\/die-gtue-praesentiert-sich-auf-der-automechanika-und-der-iaa-transportation-33207\/"},"wordCount":180,"image":{"@id":"https:\/\/www.krafthand.de\/truck\/artikel\/die-gtue-praesentiert-sich-auf-der-automechanika-und-der-iaa-transportation-33207\/#primaryimage"},"thumbnailUrl":"https:\/\/static.krafthand-truck.de\/uploads\/2022\/08\/GTUE_Automechanika_IAA_Transportation_2022.jpg","keywords":["Automechanika","GT\u00dc","IAA Transportation"],"articleSection":["Unternehmen","Veranstaltungen\/Messen"],"inLanguage":"de"},{"@type":"WebPage","@id":"https:\/\/www.krafthand.de\/truck\/artikel\/die-gtue-praesentiert-sich-auf-der-automechanika-und-der-iaa-transportation-33207\/","url":"https:\/\/www.krafthand.de\/truck\/artikel\/die-gtue-praesentiert-sich-auf-der-automechanika-und-der-iaa-transportation-33207\/","name":"GT\u00dc: Automechanika und IAA Transportation - Krafthand-Truck","isPartOf":{"@id":"https:\/\/www.krafthand.de\/truck\/#website"},"primaryImageOfPage":{"@id":"https:\/\/www.krafthand.de\/truck\/artikel\/die-gtue-praesentiert-sich-auf-der-automechanika-und-der-iaa-transportation-33207\/#primaryimage"},"image":{"@id":"https:\/\/www.krafthand.de\/truck\/artikel\/die-gtue-praesentiert-sich-auf-der-automechanika-und-der-iaa-transportation-33207\/#primaryimage"},"thumbnailUrl":"https:\/\/static.krafthand-truck.de\/uploads\/2022\/08\/GTUE_Automechanika_IAA_Transportation_2022.jpg","datePublished":"2022-08-11T13:08:45+00:00","dateModified":"2022-08-11T13:15:30+00:00","author":{"@id":"https:\/\/www.krafthand.de\/truck\/#\/schema\/person\/51fa80b1c57034c4bf63f9f988fc24ce"},"description":"Die GT\u00dc pr\u00e4sentiert sich im September auf der Automechanika und der IAA Transportation. Im Mittelpunkt steht das Portfolio der GT\u00dc.","breadcrumb":{"@id":"https:\/\/www.krafthand.de\/truck\/artikel\/die-gtue-praesentiert-sich-auf-der-automechanika-und-der-iaa-transportation-33207\/#breadcrumb"},"inLanguage":"de","potentialAction":[{"@type":"ReadAction","target":["https:\/\/www.krafthand.de\/truck\/artikel\/die-gtue-praesentiert-sich-auf-der-automechanika-und-der-iaa-transportation-33207\/"]}]},{"@type":"ImageObject","inLanguage":"de","@id":"https:\/\/www.krafthand.de\/truck\/artikel\/die-gtue-praesentiert-sich-auf-der-automechanika-und-der-iaa-transportation-33207\/#primaryimage","url":"https:\/\/static.krafthand-truck.de\/uploads\/2022\/08\/GTUE_Automechanika_IAA_Transportation_2022.jpg","contentUrl":"https:\/\/static.krafthand-truck.de\/uploads\/2022\/08\/GTUE_Automechanika_IAA_Transportation_2022.jpg","width":1200,"height":688},{"@type":"BreadcrumbList","@id":"https:\/\/www.krafthand.de\/truck\/artikel\/die-gtue-praesentiert-sich-auf-der-automechanika-und-der-iaa-transportation-33207\/#breadcrumb","itemListElement":[{"@type":"ListItem","position":1,"name":"Krafthand-Truck","item":"https:\/\/www.krafthand.de\/truck\/"},{"@type":"ListItem","position":2,"name":"Nfz-Branche","item":"https:\/\/www.krafthand.de\/truck\/kategorie\/branche\/"},{"@type":"ListItem","position":3,"name":"Veranstaltungen\/Messen","item":"https:\/\/www.krafthand.de\/truck\/kategorie\/branche\/veranstaltungen\/"},{"@type":"ListItem","position":4,"name":"GT\u00dc: Automechanika und IAA Transportation"}]},{"@type":"WebSite","@id":"https:\/\/www.krafthand.de\/truck\/#website","url":"https:\/\/www.krafthand.de\/truck\/","name":"Krafthand-Truck","description":"","potentialAction":[{"@type":"SearchAction","target":{"@type":"EntryPoint","urlTemplate":"https:\/\/www.krafthand.de\/truck\/?s={search_term_string}"},"query-input":{"@type":"PropertyValueSpecification","valueRequired":true,"valueName":"search_term_string"}}],"inLanguage":"de"},{"@type":"Person","@id":"https:\/\/www.krafthand.de\/truck\/#\/schema\/person\/51fa80b1c57034c4bf63f9f988fc24ce","name":"georg.blenk@krafthand-medien.de","image":{"@type":"ImageObject","inLanguage":"de","@id":"https:\/\/secure.gravatar.com\/avatar\/93713c30affe0aa95d3a4130e499bb1abee2eb31adbdd9ce2aa1543538490215?s=96&d=mm&r=g","url":"https:\/\/secure.gravatar.com\/avatar\/93713c30affe0aa95d3a4130e499bb1abee2eb31adbdd9ce2aa1543538490215?s=96&d=mm&r=g","contentUrl":"https:\/\/secure.gravatar.com\/avatar\/93713c30affe0aa95d3a4130e499bb1abee2eb31adbdd9ce2aa1543538490215?s=96&d=mm&r=g","caption":"georg.blenk@krafthand-medien.de"}}]}},"_links":{"self":[{"href":"https:\/\/www.krafthand.de\/truck\/wp-json\/wp\/v2\/posts\/33207","targetHints":{"allow":["GET"]}}],"collection":[{"href":"https:\/\/www.krafthand.de\/truck\/wp-json\/wp\/v2\/posts"}],"about":[{"href":"https:\/\/www.krafthand.de\/truck\/wp-json\/wp\/v2\/types\/post"}],"author":[{"embeddable":true,"href":"https:\/\/www.krafthand.de\/truck\/wp-json\/wp\/v2\/users\/9"}],"replies":[{"embeddable":true,"href":"https:\/\/www.krafthand.de\/truck\/wp-json\/wp\/v2\/comments?post=33207"}],"version-history":[{"count":10,"href":"https:\/\/www.krafthand.de\/truck\/wp-json\/wp\/v2\/posts\/33207\/revisions"}],"predecessor-version":[{"id":33218,"href":"https:\/\/www.krafthand.de\/truck\/wp-json\/wp\/v2\/posts\/33207\/revisions\/33218"}],"wp:featuredmedia":[{"embeddable":true,"href":"https:\/\/www.krafthand.de\/truck\/wp-json\/wp\/v2\/media\/33210"}],"wp:attachment":[{"href":"https:\/\/www.krafthand.de\/truck\/wp-json\/wp\/v2\/media?parent=33207"}],"wp:term":[{"taxonomy":"category","embeddable":true,"href":"https:\/\/www.krafthand.de\/truck\/wp-json\/wp\/v2\/categories?post=33207"},{"taxonomy":"post_tag","embeddable":true,"href":"https:\/\/www.krafthand.de\/truck\/wp-json\/wp\/v2\/tags?post=33207"},{"taxonomy":"settings","embeddable":true,"href":"https:\/\/www.krafthand.de\/truck\/wp-json\/wp\/v2\/settings?post=33207"}],"curies":[{"name":"wp","href":"https:\/\/api.w.org\/{rel}","templated":true}]}}