{"id":33198,"date":"2022-08-15T07:23:29","date_gmt":"2022-08-15T05:23:29","guid":{"rendered":"https:\/\/www.krafthand.de\/truck\/?p=33198"},"modified":"2022-08-22T10:08:25","modified_gmt":"2022-08-22T08:08:25","slug":"auger-sicher-gefedert","status":"publish","type":"post","link":"https:\/\/www.krafthand.de\/truck\/artikel\/auger-sicher-gefedert-33198\/","title":{"rendered":"Auger: Sicher gefedert"},"content":{"rendered":"<p>Die Nutzfahrzeugteile-Spezialist <a href=\"https:\/\/www.iamauger.com\/de\" target=\"_blank\" rel=\"noopener\">Auger<\/a> zeigt auf der Automechanika in Frankfurt sein umfangreiches Produktportfolio. Unter anderem hat Auger \u00fcber 1.300 Referenzen zum Thema Luftfederung im Programm. Es handelt sich um Luftfederb\u00e4lge, einzelne B\u00e4lge, mit oder ohne Kolben. Zus\u00e4tzlich sind Roll-, Zwei- und Drei-Faltenb\u00e4lge f\u00fcr eine Vielzahl von Anwendungen lieferbar.<\/p>\n<p><em>\u201eDer Luftfederbalg geh\u00f6rt zu den Kernkompetenzen unseres Konzerns, der vor vielen Jahren mit der Entwicklung und Produktion von Gummi-Metall-Teilen begonnen hat und inzwischen beinahe s\u00e4mtliche Teile f\u00fcr Nutzfahrzeuge baut\u201c<\/em>, so Michael Storm, Leiter Vertrieb Deutschland, \u00d6sterreich, Schweiz und Benelux. Inzwischen seien es 13 Fabriken, die die Ersatzteilversorgung unter anderem in Europa sicherstellen.<\/p>\n<p><em>\u201eDen Luftfederb\u00e4lgen wird h\u00e4ufig zu wenig Beachtung geschenkt \u2013 und pl\u00f6tzlich funktionieren sie nicht mehr oder nicht mehr in vollem Umfang\u201c<\/em>, berichtet Daniel Most, Gebietsverkaufsleiter Nfz bei Auger, aus der Praxis. Der Auflieger lasse sich dann nur noch schlecht ab- und aufsatteln, unterwegs k\u00f6nne sogar die Ladung in Mitleidenschaft gezogen werden, weil die Luftfederung heftige St\u00f6\u00dfe nicht mehr abfedere. Most empfiehlt deswegen, regelm\u00e4\u00dfig einen Blick auf die Luftfederb\u00e4lge zu werfen. Wenn das Gummi por\u00f6s werde oder beispielsweise eingeklemmte Steinchen den Balg besch\u00e4digt h\u00e4tten, dann sei es an der Zeit, f\u00fcr Ersatz zu sorgen und neue einzubauen.<\/p>\n<p>Die Vertriebs-Zentrale und das deutsche Zentrallager der Auger Autotechnik GmbH sind noch in K\u00f6ln angesiedelt. Von hier aus geht jedes Teil \u00fcber Nacht auf die Reise. Aber nicht mehr lange: in Neukirchen-Vluyn baut das Unternehmen gerade eine neue Zentrale und ein neues Lager mit einer dreifach h\u00f6heren Kapazit\u00e4t, um den deutschen Markt noch besser bedienen zu k\u00f6nnen. Der Umzug ist f\u00fcr den Fr\u00fchsommer geplant.<\/p>\n<p>Auger ist auf der <a href=\"https:\/\/automechanika.messefrankfurt.com\/frankfurt\/de.html\" target=\"_blank\" rel=\"noopener\">Automechanika<\/a> in <strong>Halle 3, Stand A71<\/strong> zu finden.<\/p>\n<p><i>Den Beitrag finden Sie auch in der Print-Ausgabe 3-2022 der <a href=\"https:\/\/www.krafthand.de\/truck\/magazin\/\" title=\"Zum Magazin\">Krafthand-Truck<\/a>.<\/i><\/p>","protected":false},"excerpt":{"rendered":"<p>Die Nutzfahrzeugteile-Spezialist Auger zeigt auf der Automechanika in Frankfurt sein umfangreiches Produktportfolio. Unter anderem hat Auger \u00fcber 1.300 Referenzen zum Thema Luftfederung im Programm. <span class=\"excerpt-more__dots\">&#8230;<\/span> <a class=\"excerpt-more__link\" href=\"https:\/\/www.krafthand.de\/truck\/artikel\/auger-sicher-gefedert-33198\/\" >weiter<\/a><\/p>\n","protected":false},"author":9,"featured_media":33200,"comment_status":"closed","ping_status":"closed","sticky":false,"template":"","format":"standard","meta":{"footnotes":""},"categories":[4912,4226],"tags":[4119,2048],"settings":[4766],"class_list":["post-33198","post","type-post","status-publish","format-standard","has-post-thumbnail","hentry","category-ersatzteile-zubehoer","category-fahrwerk","tag-auger","tag-luftfederung"],"yoast_head":"<!-- This site is optimized with the Yoast SEO plugin v27.3 - https:\/\/yoast.com\/product\/yoast-seo-wordpress\/ -->\n<title>Auger: Sicher gefedert - Krafthand-Truck<\/title>\n<meta name=\"description\" content=\"Auger zeigt auf der Automechanika sein Portfolio. Unter anderem hat der Lkw-Teilespezialist \u00fcber 1.300 Referenzen zum Thema Luftfederung im Programm.\" \/>\n<meta name=\"robots\" content=\"index, follow, max-snippet:-1, max-image-preview:large, max-video-preview:-1\" \/>\n<link rel=\"canonical\" href=\"https:\/\/www.krafthand.de\/truck\/artikel\/auger-sicher-gefedert-33198\/\" \/>\n<meta property=\"og:locale\" content=\"de_DE\" \/>\n<meta property=\"og:type\" content=\"article\" \/>\n<meta property=\"og:title\" content=\"Auger: Sicher gefedert - Krafthand-Truck\" \/>\n<meta property=\"og:description\" content=\"Auger zeigt auf der Automechanika sein Portfolio. Unter anderem hat der Lkw-Teilespezialist \u00fcber 1.300 Referenzen zum Thema Luftfederung im Programm.\" \/>\n<meta property=\"og:url\" content=\"https:\/\/www.krafthand-truck.de\/artikel\/auger-sicher-gefedert-33198\/\" \/>\n<meta property=\"og:site_name\" content=\"Krafthand-Truck\" \/>\n<meta property=\"article:published_time\" content=\"2022-08-15T05:23:29+00:00\" \/>\n<meta property=\"article:modified_time\" content=\"2022-08-22T08:08:25+00:00\" \/>\n<meta property=\"og:image\" content=\"https:\/\/static.krafthand-truck.de\/uploads\/2022\/08\/Auger_Luftfederbaelge_Lkw.jpg\" \/>\n\t<meta property=\"og:image:width\" content=\"1200\" \/>\n\t<meta property=\"og:image:height\" content=\"801\" \/>\n\t<meta property=\"og:image:type\" content=\"image\/jpeg\" \/>\n<meta name=\"author\" content=\"georg.blenk@krafthand-medien.de\" \/>\n<meta name=\"twitter:card\" content=\"summary_large_image\" \/>\n<meta name=\"twitter:label1\" content=\"Verfasst von\" \/>\n\t<meta name=\"twitter:data1\" content=\"georg.blenk@krafthand-medien.de\" \/>\n\t<meta name=\"twitter:label2\" content=\"Gesch\u00e4tzte Lesezeit\" \/>\n\t<meta name=\"twitter:data2\" content=\"2\u00a0Minuten\" \/>\n<script type=\"application\/ld+json\" class=\"yoast-schema-graph\">{\"@context\":\"https:\\\/\\\/schema.org\",\"@graph\":[{\"@type\":\"Article\",\"@id\":\"https:\\\/\\\/www.krafthand.de\\\/truck\\\/artikel\\\/auger-sicher-gefedert-33198\\\/#article\",\"isPartOf\":{\"@id\":\"https:\\\/\\\/www.krafthand.de\\\/truck\\\/artikel\\\/auger-sicher-gefedert-33198\\\/\"},\"author\":{\"name\":\"georg.blenk@krafthand-medien.de\",\"@id\":\"https:\\\/\\\/www.krafthand.de\\\/truck\\\/#\\\/schema\\\/person\\\/51fa80b1c57034c4bf63f9f988fc24ce\"},\"headline\":\"Auger: Sicher gefedert\",\"datePublished\":\"2022-08-15T05:23:29+00:00\",\"dateModified\":\"2022-08-22T08:08:25+00:00\",\"mainEntityOfPage\":{\"@id\":\"https:\\\/\\\/www.krafthand.de\\\/truck\\\/artikel\\\/auger-sicher-gefedert-33198\\\/\"},\"wordCount\":295,\"image\":{\"@id\":\"https:\\\/\\\/www.krafthand.de\\\/truck\\\/artikel\\\/auger-sicher-gefedert-33198\\\/#primaryimage\"},\"thumbnailUrl\":\"https:\\\/\\\/static.krafthand-truck.de\\\/uploads\\\/2022\\\/08\\\/Auger_Luftfederbaelge_Lkw.jpg\",\"keywords\":[\"Auger\",\"Luftfederung\"],\"articleSection\":[\"Ersatzteile\\\/Zubeh\u00f6r\",\"Fahrwerk\\\/D\u00e4mpfung\"],\"inLanguage\":\"de\"},{\"@type\":\"WebPage\",\"@id\":\"https:\\\/\\\/www.krafthand.de\\\/truck\\\/artikel\\\/auger-sicher-gefedert-33198\\\/\",\"url\":\"https:\\\/\\\/www.krafthand.de\\\/truck\\\/artikel\\\/auger-sicher-gefedert-33198\\\/\",\"name\":\"Auger: Sicher gefedert - Krafthand-Truck\",\"isPartOf\":{\"@id\":\"https:\\\/\\\/www.krafthand.de\\\/truck\\\/#website\"},\"primaryImageOfPage\":{\"@id\":\"https:\\\/\\\/www.krafthand.de\\\/truck\\\/artikel\\\/auger-sicher-gefedert-33198\\\/#primaryimage\"},\"image\":{\"@id\":\"https:\\\/\\\/www.krafthand.de\\\/truck\\\/artikel\\\/auger-sicher-gefedert-33198\\\/#primaryimage\"},\"thumbnailUrl\":\"https:\\\/\\\/static.krafthand-truck.de\\\/uploads\\\/2022\\\/08\\\/Auger_Luftfederbaelge_Lkw.jpg\",\"datePublished\":\"2022-08-15T05:23:29+00:00\",\"dateModified\":\"2022-08-22T08:08:25+00:00\",\"author\":{\"@id\":\"https:\\\/\\\/www.krafthand.de\\\/truck\\\/#\\\/schema\\\/person\\\/51fa80b1c57034c4bf63f9f988fc24ce\"},\"description\":\"Auger zeigt auf der Automechanika sein Portfolio. Unter anderem hat der Lkw-Teilespezialist \u00fcber 1.300 Referenzen zum Thema Luftfederung im Programm.\",\"breadcrumb\":{\"@id\":\"https:\\\/\\\/www.krafthand.de\\\/truck\\\/artikel\\\/auger-sicher-gefedert-33198\\\/#breadcrumb\"},\"inLanguage\":\"de\",\"potentialAction\":[{\"@type\":\"ReadAction\",\"target\":[\"https:\\\/\\\/www.krafthand.de\\\/truck\\\/artikel\\\/auger-sicher-gefedert-33198\\\/\"]}]},{\"@type\":\"ImageObject\",\"inLanguage\":\"de\",\"@id\":\"https:\\\/\\\/www.krafthand.de\\\/truck\\\/artikel\\\/auger-sicher-gefedert-33198\\\/#primaryimage\",\"url\":\"https:\\\/\\\/static.krafthand-truck.de\\\/uploads\\\/2022\\\/08\\\/Auger_Luftfederbaelge_Lkw.jpg\",\"contentUrl\":\"https:\\\/\\\/static.krafthand-truck.de\\\/uploads\\\/2022\\\/08\\\/Auger_Luftfederbaelge_Lkw.jpg\",\"width\":1200,\"height\":801},{\"@type\":\"BreadcrumbList\",\"@id\":\"https:\\\/\\\/www.krafthand.de\\\/truck\\\/artikel\\\/auger-sicher-gefedert-33198\\\/#breadcrumb\",\"itemListElement\":[{\"@type\":\"ListItem\",\"position\":1,\"name\":\"Krafthand-Truck\",\"item\":\"https:\\\/\\\/www.krafthand.de\\\/truck\\\/\"},{\"@type\":\"ListItem\",\"position\":2,\"name\":\"Nfz-Service\",\"item\":\"https:\\\/\\\/www.krafthand.de\\\/truck\\\/kategorie\\\/nfz-service\\\/\"},{\"@type\":\"ListItem\",\"position\":3,\"name\":\"Ersatzteile\\\/Zubeh\u00f6r\",\"item\":\"https:\\\/\\\/www.krafthand.de\\\/truck\\\/kategorie\\\/nfz-service\\\/ersatzteile-zubehoer\\\/\"},{\"@type\":\"ListItem\",\"position\":4,\"name\":\"Auger: Sicher gefedert\"}]},{\"@type\":\"WebSite\",\"@id\":\"https:\\\/\\\/www.krafthand.de\\\/truck\\\/#website\",\"url\":\"https:\\\/\\\/www.krafthand.de\\\/truck\\\/\",\"name\":\"Krafthand-Truck\",\"description\":\"\",\"potentialAction\":[{\"@type\":\"SearchAction\",\"target\":{\"@type\":\"EntryPoint\",\"urlTemplate\":\"https:\\\/\\\/www.krafthand.de\\\/truck\\\/?s={search_term_string}\"},\"query-input\":{\"@type\":\"PropertyValueSpecification\",\"valueRequired\":true,\"valueName\":\"search_term_string\"}}],\"inLanguage\":\"de\"},{\"@type\":\"Person\",\"@id\":\"https:\\\/\\\/www.krafthand.de\\\/truck\\\/#\\\/schema\\\/person\\\/51fa80b1c57034c4bf63f9f988fc24ce\",\"name\":\"georg.blenk@krafthand-medien.de\",\"image\":{\"@type\":\"ImageObject\",\"inLanguage\":\"de\",\"@id\":\"https:\\\/\\\/secure.gravatar.com\\\/avatar\\\/93713c30affe0aa95d3a4130e499bb1abee2eb31adbdd9ce2aa1543538490215?s=96&d=mm&r=g\",\"url\":\"https:\\\/\\\/secure.gravatar.com\\\/avatar\\\/93713c30affe0aa95d3a4130e499bb1abee2eb31adbdd9ce2aa1543538490215?s=96&d=mm&r=g\",\"contentUrl\":\"https:\\\/\\\/secure.gravatar.com\\\/avatar\\\/93713c30affe0aa95d3a4130e499bb1abee2eb31adbdd9ce2aa1543538490215?s=96&d=mm&r=g\",\"caption\":\"georg.blenk@krafthand-medien.de\"}}]}<\/script>\n<!-- \/ Yoast SEO plugin. -->","yoast_head_json":{"title":"Auger: Sicher gefedert - Krafthand-Truck","description":"Auger zeigt auf der Automechanika sein Portfolio. Unter anderem hat der Lkw-Teilespezialist \u00fcber 1.300 Referenzen zum Thema Luftfederung im Programm.","robots":{"index":"index","follow":"follow","max-snippet":"max-snippet:-1","max-image-preview":"max-image-preview:large","max-video-preview":"max-video-preview:-1"},"canonical":"https:\/\/www.krafthand.de\/truck\/artikel\/auger-sicher-gefedert-33198\/","og_locale":"de_DE","og_type":"article","og_title":"Auger: Sicher gefedert - Krafthand-Truck","og_description":"Auger zeigt auf der Automechanika sein Portfolio. Unter anderem hat der Lkw-Teilespezialist \u00fcber 1.300 Referenzen zum Thema Luftfederung im Programm.","og_url":"https:\/\/www.krafthand-truck.de\/artikel\/auger-sicher-gefedert-33198\/","og_site_name":"Krafthand-Truck","article_published_time":"2022-08-15T05:23:29+00:00","article_modified_time":"2022-08-22T08:08:25+00:00","og_image":[{"width":1200,"height":801,"url":"https:\/\/static.krafthand-truck.de\/uploads\/2022\/08\/Auger_Luftfederbaelge_Lkw.jpg","type":"image\/jpeg"}],"author":"georg.blenk@krafthand-medien.de","twitter_card":"summary_large_image","twitter_misc":{"Verfasst von":"georg.blenk@krafthand-medien.de","Gesch\u00e4tzte Lesezeit":"2\u00a0Minuten"},"schema":{"@context":"https:\/\/schema.org","@graph":[{"@type":"Article","@id":"https:\/\/www.krafthand.de\/truck\/artikel\/auger-sicher-gefedert-33198\/#article","isPartOf":{"@id":"https:\/\/www.krafthand.de\/truck\/artikel\/auger-sicher-gefedert-33198\/"},"author":{"name":"georg.blenk@krafthand-medien.de","@id":"https:\/\/www.krafthand.de\/truck\/#\/schema\/person\/51fa80b1c57034c4bf63f9f988fc24ce"},"headline":"Auger: Sicher gefedert","datePublished":"2022-08-15T05:23:29+00:00","dateModified":"2022-08-22T08:08:25+00:00","mainEntityOfPage":{"@id":"https:\/\/www.krafthand.de\/truck\/artikel\/auger-sicher-gefedert-33198\/"},"wordCount":295,"image":{"@id":"https:\/\/www.krafthand.de\/truck\/artikel\/auger-sicher-gefedert-33198\/#primaryimage"},"thumbnailUrl":"https:\/\/static.krafthand-truck.de\/uploads\/2022\/08\/Auger_Luftfederbaelge_Lkw.jpg","keywords":["Auger","Luftfederung"],"articleSection":["Ersatzteile\/Zubeh\u00f6r","Fahrwerk\/D\u00e4mpfung"],"inLanguage":"de"},{"@type":"WebPage","@id":"https:\/\/www.krafthand.de\/truck\/artikel\/auger-sicher-gefedert-33198\/","url":"https:\/\/www.krafthand.de\/truck\/artikel\/auger-sicher-gefedert-33198\/","name":"Auger: Sicher gefedert - Krafthand-Truck","isPartOf":{"@id":"https:\/\/www.krafthand.de\/truck\/#website"},"primaryImageOfPage":{"@id":"https:\/\/www.krafthand.de\/truck\/artikel\/auger-sicher-gefedert-33198\/#primaryimage"},"image":{"@id":"https:\/\/www.krafthand.de\/truck\/artikel\/auger-sicher-gefedert-33198\/#primaryimage"},"thumbnailUrl":"https:\/\/static.krafthand-truck.de\/uploads\/2022\/08\/Auger_Luftfederbaelge_Lkw.jpg","datePublished":"2022-08-15T05:23:29+00:00","dateModified":"2022-08-22T08:08:25+00:00","author":{"@id":"https:\/\/www.krafthand.de\/truck\/#\/schema\/person\/51fa80b1c57034c4bf63f9f988fc24ce"},"description":"Auger zeigt auf der Automechanika sein Portfolio. Unter anderem hat der Lkw-Teilespezialist \u00fcber 1.300 Referenzen zum Thema Luftfederung im Programm.","breadcrumb":{"@id":"https:\/\/www.krafthand.de\/truck\/artikel\/auger-sicher-gefedert-33198\/#breadcrumb"},"inLanguage":"de","potentialAction":[{"@type":"ReadAction","target":["https:\/\/www.krafthand.de\/truck\/artikel\/auger-sicher-gefedert-33198\/"]}]},{"@type":"ImageObject","inLanguage":"de","@id":"https:\/\/www.krafthand.de\/truck\/artikel\/auger-sicher-gefedert-33198\/#primaryimage","url":"https:\/\/static.krafthand-truck.de\/uploads\/2022\/08\/Auger_Luftfederbaelge_Lkw.jpg","contentUrl":"https:\/\/static.krafthand-truck.de\/uploads\/2022\/08\/Auger_Luftfederbaelge_Lkw.jpg","width":1200,"height":801},{"@type":"BreadcrumbList","@id":"https:\/\/www.krafthand.de\/truck\/artikel\/auger-sicher-gefedert-33198\/#breadcrumb","itemListElement":[{"@type":"ListItem","position":1,"name":"Krafthand-Truck","item":"https:\/\/www.krafthand.de\/truck\/"},{"@type":"ListItem","position":2,"name":"Nfz-Service","item":"https:\/\/www.krafthand.de\/truck\/kategorie\/nfz-service\/"},{"@type":"ListItem","position":3,"name":"Ersatzteile\/Zubeh\u00f6r","item":"https:\/\/www.krafthand.de\/truck\/kategorie\/nfz-service\/ersatzteile-zubehoer\/"},{"@type":"ListItem","position":4,"name":"Auger: Sicher gefedert"}]},{"@type":"WebSite","@id":"https:\/\/www.krafthand.de\/truck\/#website","url":"https:\/\/www.krafthand.de\/truck\/","name":"Krafthand-Truck","description":"","potentialAction":[{"@type":"SearchAction","target":{"@type":"EntryPoint","urlTemplate":"https:\/\/www.krafthand.de\/truck\/?s={search_term_string}"},"query-input":{"@type":"PropertyValueSpecification","valueRequired":true,"valueName":"search_term_string"}}],"inLanguage":"de"},{"@type":"Person","@id":"https:\/\/www.krafthand.de\/truck\/#\/schema\/person\/51fa80b1c57034c4bf63f9f988fc24ce","name":"georg.blenk@krafthand-medien.de","image":{"@type":"ImageObject","inLanguage":"de","@id":"https:\/\/secure.gravatar.com\/avatar\/93713c30affe0aa95d3a4130e499bb1abee2eb31adbdd9ce2aa1543538490215?s=96&d=mm&r=g","url":"https:\/\/secure.gravatar.com\/avatar\/93713c30affe0aa95d3a4130e499bb1abee2eb31adbdd9ce2aa1543538490215?s=96&d=mm&r=g","contentUrl":"https:\/\/secure.gravatar.com\/avatar\/93713c30affe0aa95d3a4130e499bb1abee2eb31adbdd9ce2aa1543538490215?s=96&d=mm&r=g","caption":"georg.blenk@krafthand-medien.de"}}]}},"_links":{"self":[{"href":"https:\/\/www.krafthand.de\/truck\/wp-json\/wp\/v2\/posts\/33198","targetHints":{"allow":["GET"]}}],"collection":[{"href":"https:\/\/www.krafthand.de\/truck\/wp-json\/wp\/v2\/posts"}],"about":[{"href":"https:\/\/www.krafthand.de\/truck\/wp-json\/wp\/v2\/types\/post"}],"author":[{"embeddable":true,"href":"https:\/\/www.krafthand.de\/truck\/wp-json\/wp\/v2\/users\/9"}],"replies":[{"embeddable":true,"href":"https:\/\/www.krafthand.de\/truck\/wp-json\/wp\/v2\/comments?post=33198"}],"version-history":[{"count":3,"href":"https:\/\/www.krafthand.de\/truck\/wp-json\/wp\/v2\/posts\/33198\/revisions"}],"predecessor-version":[{"id":33202,"href":"https:\/\/www.krafthand.de\/truck\/wp-json\/wp\/v2\/posts\/33198\/revisions\/33202"}],"wp:featuredmedia":[{"embeddable":true,"href":"https:\/\/www.krafthand.de\/truck\/wp-json\/wp\/v2\/media\/33200"}],"wp:attachment":[{"href":"https:\/\/www.krafthand.de\/truck\/wp-json\/wp\/v2\/media?parent=33198"}],"wp:term":[{"taxonomy":"category","embeddable":true,"href":"https:\/\/www.krafthand.de\/truck\/wp-json\/wp\/v2\/categories?post=33198"},{"taxonomy":"post_tag","embeddable":true,"href":"https:\/\/www.krafthand.de\/truck\/wp-json\/wp\/v2\/tags?post=33198"},{"taxonomy":"settings","embeddable":true,"href":"https:\/\/www.krafthand.de\/truck\/wp-json\/wp\/v2\/settings?post=33198"}],"curies":[{"name":"wp","href":"https:\/\/api.w.org\/{rel}","templated":true}]}}