{"id":33185,"date":"2022-08-10T12:25:30","date_gmt":"2022-08-10T10:25:30","guid":{"rendered":"https:\/\/www.krafthand.de\/truck\/?p=33185"},"modified":"2022-08-10T12:30:46","modified_gmt":"2022-08-10T10:30:46","slug":"sonic-neuer-extragrosser-werkstattwagen","status":"publish","type":"post","link":"https:\/\/www.krafthand.de\/truck\/artikel\/sonic-neuer-extragrosser-werkstattwagen-33185\/","title":{"rendered":"Sonic: Neuer, extragro\u00dfer Werkstattwagen"},"content":{"rendered":"<p>Sonic hat mit dem S13 einen ger\u00e4umigen Werkstattwagen im Programm. Er eignet sich den Angaben zufolge speziell f\u00fcr Nutzfahrzeug-Werkst\u00e4tten. Seine gr\u00f6\u00dfere Standfl\u00e4che, die ideale Arbeitsh\u00f6he sowie die gro\u00dfe Holzarbeitsplatte erm\u00f6glichen eine gute Kombination aus Stauraum und Arbeitsplatz.<\/p>\n<p>Der Werkstattwagen hat 13 Schubladen, die zu einhundert Prozent ausziehbar sind und \u00fcber kugelgelagerten Schienen verf\u00fcgen. Ein Blockiersystem verhindert, dass mehrere Schubladen gleichzeitig ge\u00f6ffnet werden k\u00f6nnen. Zus\u00e4tzliche Ablagem\u00f6glichkeiten seitlich und auf der R\u00fcckseite des S13 sorgen f\u00fcr mehr Komfort. Zus\u00e4tzlich ist der Werkstattwagen mit einem Dosenhalter, einem Abfallbeh\u00e4lter sowie einem Dokumentenhalter ausgestattet. Der S13 Werkstattwagen ist elektrostatisch in schwarz (RAL 9004) pulverbeschichtet und mit dem Sonic Foam System (SFS) small und medium kompatibel. Best\u00fcckt ist die \u201afahrende Werkbank\u2018 mit 540 g\u00e4ngigen Werkzeugen, die in 10 Schubladen, untergebracht sind. Damit er ger\u00e4uscharm l\u00e4uft steht er auf vier Vollgummir\u00e4dern.<\/p>\n<p><a href=\"https:\/\/sonic-equipment.com\/de\/home\" target=\"_blank\" rel=\"noopener\">Sonic<\/a> ist auf der <a href=\"https:\/\/automechanika.messefrankfurt.com\/frankfurt\/de.html\" target=\"_blank\" rel=\"noopener\">Automechanika<\/a> in <strong>Halle 8, Stand A79<\/strong> zu finden.<\/p>\n<p><i>Den Beitrag finden Sie auch in der Print-Ausgabe 3-2022 der <a href=\"https:\/\/www.krafthand.de\/truck\/magazin\/\" title=\"Zum Magazin\">Krafthand-Truck<\/a>.<\/i><\/p>","protected":false},"excerpt":{"rendered":"<p>Sonic hat mit dem S13 einen ger\u00e4umigen Werkstattwagen im Programm. Er eignet sich speziell f\u00fcr Nutzfahrzeug-Werkst\u00e4tten. Seine gr\u00f6\u00dfere Standfl\u00e4che, die ideale Arbeitsh\u00f6he sowie die gro\u00dfe Holzarbeitsplatte sollen eine gute Kombination aus Stauraum und Arbeitsplatz erm\u00f6glichen. <span class=\"excerpt-more__dots\">&#8230;<\/span> <a class=\"excerpt-more__link\" href=\"https:\/\/www.krafthand.de\/truck\/artikel\/sonic-neuer-extragrosser-werkstattwagen-33185\/\" >weiter<\/a><\/p>\n","protected":false},"author":9,"featured_media":33186,"comment_status":"closed","ping_status":"closed","sticky":false,"template":"","format":"standard","meta":{"footnotes":""},"categories":[4220],"tags":[5297,4503],"settings":[4766,3523],"class_list":["post-33185","post","type-post","status-publish","format-standard","has-post-thumbnail","hentry","category-werkstattausruestung","tag-sonic","tag-werkstattwagen"],"yoast_head":"<!-- This site is optimized with the Yoast SEO plugin v27.3 - https:\/\/yoast.com\/product\/yoast-seo-wordpress\/ -->\n<title>Sonic-Werkstattwagen f\u00fcr Lkw-Betriebe I Krafthand-Truck<\/title>\n<meta name=\"description\" content=\"Sonic hat mit dem S13 einen ger\u00e4umigen Werkstattwagen im Programm. Er eignet sich speziell f\u00fcr Nutzfahrzeug-Werkst\u00e4tten.\" \/>\n<meta name=\"robots\" content=\"index, follow, max-snippet:-1, max-image-preview:large, max-video-preview:-1\" \/>\n<link rel=\"canonical\" href=\"https:\/\/www.krafthand.de\/truck\/artikel\/sonic-neuer-extragrosser-werkstattwagen-33185\/\" \/>\n<meta property=\"og:locale\" content=\"de_DE\" \/>\n<meta property=\"og:type\" content=\"article\" \/>\n<meta property=\"og:title\" content=\"Sonic-Werkstattwagen f\u00fcr Lkw-Betriebe I Krafthand-Truck\" \/>\n<meta property=\"og:description\" content=\"Sonic hat mit dem S13 einen ger\u00e4umigen Werkstattwagen im Programm. Er eignet sich speziell f\u00fcr Nutzfahrzeug-Werkst\u00e4tten.\" \/>\n<meta property=\"og:url\" content=\"https:\/\/www.krafthand-truck.de\/artikel\/sonic-neuer-extragrosser-werkstattwagen-33185\/\" \/>\n<meta property=\"og:site_name\" content=\"Krafthand-Truck\" \/>\n<meta property=\"article:published_time\" content=\"2022-08-10T10:25:30+00:00\" \/>\n<meta property=\"article:modified_time\" content=\"2022-08-10T10:30:46+00:00\" \/>\n<meta property=\"og:image\" content=\"https:\/\/static.krafthand-truck.de\/uploads\/2022\/08\/Sonic_Werkstattwagen_Lkw.jpg\" \/>\n\t<meta property=\"og:image:width\" content=\"1200\" \/>\n\t<meta property=\"og:image:height\" content=\"729\" \/>\n\t<meta property=\"og:image:type\" content=\"image\/jpeg\" \/>\n<meta name=\"author\" content=\"georg.blenk@krafthand-medien.de\" \/>\n<meta name=\"twitter:card\" content=\"summary_large_image\" \/>\n<meta name=\"twitter:label1\" content=\"Verfasst von\" \/>\n\t<meta name=\"twitter:data1\" content=\"georg.blenk@krafthand-medien.de\" \/>\n\t<meta name=\"twitter:label2\" content=\"Gesch\u00e4tzte Lesezeit\" \/>\n\t<meta name=\"twitter:data2\" content=\"1\u00a0Minute\" \/>\n<script type=\"application\/ld+json\" class=\"yoast-schema-graph\">{\"@context\":\"https:\\\/\\\/schema.org\",\"@graph\":[{\"@type\":\"Article\",\"@id\":\"https:\\\/\\\/www.krafthand.de\\\/truck\\\/artikel\\\/sonic-neuer-extragrosser-werkstattwagen-33185\\\/#article\",\"isPartOf\":{\"@id\":\"https:\\\/\\\/www.krafthand.de\\\/truck\\\/artikel\\\/sonic-neuer-extragrosser-werkstattwagen-33185\\\/\"},\"author\":{\"name\":\"georg.blenk@krafthand-medien.de\",\"@id\":\"https:\\\/\\\/www.krafthand.de\\\/truck\\\/#\\\/schema\\\/person\\\/51fa80b1c57034c4bf63f9f988fc24ce\"},\"headline\":\"Sonic: Neuer, extragro\u00dfer Werkstattwagen\",\"datePublished\":\"2022-08-10T10:25:30+00:00\",\"dateModified\":\"2022-08-10T10:30:46+00:00\",\"mainEntityOfPage\":{\"@id\":\"https:\\\/\\\/www.krafthand.de\\\/truck\\\/artikel\\\/sonic-neuer-extragrosser-werkstattwagen-33185\\\/\"},\"wordCount\":168,\"image\":{\"@id\":\"https:\\\/\\\/www.krafthand.de\\\/truck\\\/artikel\\\/sonic-neuer-extragrosser-werkstattwagen-33185\\\/#primaryimage\"},\"thumbnailUrl\":\"https:\\\/\\\/static.krafthand-truck.de\\\/uploads\\\/2022\\\/08\\\/Sonic_Werkstattwagen_Lkw.jpg\",\"keywords\":[\"Sonic\",\"Werkstattwagen\"],\"articleSection\":[\"Werkstattausr\u00fcstung\"],\"inLanguage\":\"de\"},{\"@type\":\"WebPage\",\"@id\":\"https:\\\/\\\/www.krafthand.de\\\/truck\\\/artikel\\\/sonic-neuer-extragrosser-werkstattwagen-33185\\\/\",\"url\":\"https:\\\/\\\/www.krafthand.de\\\/truck\\\/artikel\\\/sonic-neuer-extragrosser-werkstattwagen-33185\\\/\",\"name\":\"Sonic-Werkstattwagen f\u00fcr Lkw-Betriebe I Krafthand-Truck\",\"isPartOf\":{\"@id\":\"https:\\\/\\\/www.krafthand.de\\\/truck\\\/#website\"},\"primaryImageOfPage\":{\"@id\":\"https:\\\/\\\/www.krafthand.de\\\/truck\\\/artikel\\\/sonic-neuer-extragrosser-werkstattwagen-33185\\\/#primaryimage\"},\"image\":{\"@id\":\"https:\\\/\\\/www.krafthand.de\\\/truck\\\/artikel\\\/sonic-neuer-extragrosser-werkstattwagen-33185\\\/#primaryimage\"},\"thumbnailUrl\":\"https:\\\/\\\/static.krafthand-truck.de\\\/uploads\\\/2022\\\/08\\\/Sonic_Werkstattwagen_Lkw.jpg\",\"datePublished\":\"2022-08-10T10:25:30+00:00\",\"dateModified\":\"2022-08-10T10:30:46+00:00\",\"author\":{\"@id\":\"https:\\\/\\\/www.krafthand.de\\\/truck\\\/#\\\/schema\\\/person\\\/51fa80b1c57034c4bf63f9f988fc24ce\"},\"description\":\"Sonic hat mit dem S13 einen ger\u00e4umigen Werkstattwagen im Programm. Er eignet sich speziell f\u00fcr Nutzfahrzeug-Werkst\u00e4tten.\",\"breadcrumb\":{\"@id\":\"https:\\\/\\\/www.krafthand.de\\\/truck\\\/artikel\\\/sonic-neuer-extragrosser-werkstattwagen-33185\\\/#breadcrumb\"},\"inLanguage\":\"de\",\"potentialAction\":[{\"@type\":\"ReadAction\",\"target\":[\"https:\\\/\\\/www.krafthand.de\\\/truck\\\/artikel\\\/sonic-neuer-extragrosser-werkstattwagen-33185\\\/\"]}]},{\"@type\":\"ImageObject\",\"inLanguage\":\"de\",\"@id\":\"https:\\\/\\\/www.krafthand.de\\\/truck\\\/artikel\\\/sonic-neuer-extragrosser-werkstattwagen-33185\\\/#primaryimage\",\"url\":\"https:\\\/\\\/static.krafthand-truck.de\\\/uploads\\\/2022\\\/08\\\/Sonic_Werkstattwagen_Lkw.jpg\",\"contentUrl\":\"https:\\\/\\\/static.krafthand-truck.de\\\/uploads\\\/2022\\\/08\\\/Sonic_Werkstattwagen_Lkw.jpg\",\"width\":1200,\"height\":729},{\"@type\":\"BreadcrumbList\",\"@id\":\"https:\\\/\\\/www.krafthand.de\\\/truck\\\/artikel\\\/sonic-neuer-extragrosser-werkstattwagen-33185\\\/#breadcrumb\",\"itemListElement\":[{\"@type\":\"ListItem\",\"position\":1,\"name\":\"Krafthand-Truck\",\"item\":\"https:\\\/\\\/www.krafthand.de\\\/truck\\\/\"},{\"@type\":\"ListItem\",\"position\":2,\"name\":\"Nfz-Service\",\"item\":\"https:\\\/\\\/www.krafthand.de\\\/truck\\\/kategorie\\\/nfz-service\\\/\"},{\"@type\":\"ListItem\",\"position\":3,\"name\":\"Werkstattausr\u00fcstung\",\"item\":\"https:\\\/\\\/www.krafthand.de\\\/truck\\\/kategorie\\\/nfz-service\\\/werkstattausruestung\\\/\"},{\"@type\":\"ListItem\",\"position\":4,\"name\":\"Sonic: Neuer, extragro\u00dfer Werkstattwagen\"}]},{\"@type\":\"WebSite\",\"@id\":\"https:\\\/\\\/www.krafthand.de\\\/truck\\\/#website\",\"url\":\"https:\\\/\\\/www.krafthand.de\\\/truck\\\/\",\"name\":\"Krafthand-Truck\",\"description\":\"\",\"potentialAction\":[{\"@type\":\"SearchAction\",\"target\":{\"@type\":\"EntryPoint\",\"urlTemplate\":\"https:\\\/\\\/www.krafthand.de\\\/truck\\\/?s={search_term_string}\"},\"query-input\":{\"@type\":\"PropertyValueSpecification\",\"valueRequired\":true,\"valueName\":\"search_term_string\"}}],\"inLanguage\":\"de\"},{\"@type\":\"Person\",\"@id\":\"https:\\\/\\\/www.krafthand.de\\\/truck\\\/#\\\/schema\\\/person\\\/51fa80b1c57034c4bf63f9f988fc24ce\",\"name\":\"georg.blenk@krafthand-medien.de\",\"image\":{\"@type\":\"ImageObject\",\"inLanguage\":\"de\",\"@id\":\"https:\\\/\\\/secure.gravatar.com\\\/avatar\\\/93713c30affe0aa95d3a4130e499bb1abee2eb31adbdd9ce2aa1543538490215?s=96&d=mm&r=g\",\"url\":\"https:\\\/\\\/secure.gravatar.com\\\/avatar\\\/93713c30affe0aa95d3a4130e499bb1abee2eb31adbdd9ce2aa1543538490215?s=96&d=mm&r=g\",\"contentUrl\":\"https:\\\/\\\/secure.gravatar.com\\\/avatar\\\/93713c30affe0aa95d3a4130e499bb1abee2eb31adbdd9ce2aa1543538490215?s=96&d=mm&r=g\",\"caption\":\"georg.blenk@krafthand-medien.de\"}}]}<\/script>\n<!-- \/ Yoast SEO plugin. -->","yoast_head_json":{"title":"Sonic-Werkstattwagen f\u00fcr Lkw-Betriebe I Krafthand-Truck","description":"Sonic hat mit dem S13 einen ger\u00e4umigen Werkstattwagen im Programm. Er eignet sich speziell f\u00fcr Nutzfahrzeug-Werkst\u00e4tten.","robots":{"index":"index","follow":"follow","max-snippet":"max-snippet:-1","max-image-preview":"max-image-preview:large","max-video-preview":"max-video-preview:-1"},"canonical":"https:\/\/www.krafthand.de\/truck\/artikel\/sonic-neuer-extragrosser-werkstattwagen-33185\/","og_locale":"de_DE","og_type":"article","og_title":"Sonic-Werkstattwagen f\u00fcr Lkw-Betriebe I Krafthand-Truck","og_description":"Sonic hat mit dem S13 einen ger\u00e4umigen Werkstattwagen im Programm. Er eignet sich speziell f\u00fcr Nutzfahrzeug-Werkst\u00e4tten.","og_url":"https:\/\/www.krafthand-truck.de\/artikel\/sonic-neuer-extragrosser-werkstattwagen-33185\/","og_site_name":"Krafthand-Truck","article_published_time":"2022-08-10T10:25:30+00:00","article_modified_time":"2022-08-10T10:30:46+00:00","og_image":[{"width":1200,"height":729,"url":"https:\/\/static.krafthand-truck.de\/uploads\/2022\/08\/Sonic_Werkstattwagen_Lkw.jpg","type":"image\/jpeg"}],"author":"georg.blenk@krafthand-medien.de","twitter_card":"summary_large_image","twitter_misc":{"Verfasst von":"georg.blenk@krafthand-medien.de","Gesch\u00e4tzte Lesezeit":"1\u00a0Minute"},"schema":{"@context":"https:\/\/schema.org","@graph":[{"@type":"Article","@id":"https:\/\/www.krafthand.de\/truck\/artikel\/sonic-neuer-extragrosser-werkstattwagen-33185\/#article","isPartOf":{"@id":"https:\/\/www.krafthand.de\/truck\/artikel\/sonic-neuer-extragrosser-werkstattwagen-33185\/"},"author":{"name":"georg.blenk@krafthand-medien.de","@id":"https:\/\/www.krafthand.de\/truck\/#\/schema\/person\/51fa80b1c57034c4bf63f9f988fc24ce"},"headline":"Sonic: Neuer, extragro\u00dfer Werkstattwagen","datePublished":"2022-08-10T10:25:30+00:00","dateModified":"2022-08-10T10:30:46+00:00","mainEntityOfPage":{"@id":"https:\/\/www.krafthand.de\/truck\/artikel\/sonic-neuer-extragrosser-werkstattwagen-33185\/"},"wordCount":168,"image":{"@id":"https:\/\/www.krafthand.de\/truck\/artikel\/sonic-neuer-extragrosser-werkstattwagen-33185\/#primaryimage"},"thumbnailUrl":"https:\/\/static.krafthand-truck.de\/uploads\/2022\/08\/Sonic_Werkstattwagen_Lkw.jpg","keywords":["Sonic","Werkstattwagen"],"articleSection":["Werkstattausr\u00fcstung"],"inLanguage":"de"},{"@type":"WebPage","@id":"https:\/\/www.krafthand.de\/truck\/artikel\/sonic-neuer-extragrosser-werkstattwagen-33185\/","url":"https:\/\/www.krafthand.de\/truck\/artikel\/sonic-neuer-extragrosser-werkstattwagen-33185\/","name":"Sonic-Werkstattwagen f\u00fcr Lkw-Betriebe I Krafthand-Truck","isPartOf":{"@id":"https:\/\/www.krafthand.de\/truck\/#website"},"primaryImageOfPage":{"@id":"https:\/\/www.krafthand.de\/truck\/artikel\/sonic-neuer-extragrosser-werkstattwagen-33185\/#primaryimage"},"image":{"@id":"https:\/\/www.krafthand.de\/truck\/artikel\/sonic-neuer-extragrosser-werkstattwagen-33185\/#primaryimage"},"thumbnailUrl":"https:\/\/static.krafthand-truck.de\/uploads\/2022\/08\/Sonic_Werkstattwagen_Lkw.jpg","datePublished":"2022-08-10T10:25:30+00:00","dateModified":"2022-08-10T10:30:46+00:00","author":{"@id":"https:\/\/www.krafthand.de\/truck\/#\/schema\/person\/51fa80b1c57034c4bf63f9f988fc24ce"},"description":"Sonic hat mit dem S13 einen ger\u00e4umigen Werkstattwagen im Programm. Er eignet sich speziell f\u00fcr Nutzfahrzeug-Werkst\u00e4tten.","breadcrumb":{"@id":"https:\/\/www.krafthand.de\/truck\/artikel\/sonic-neuer-extragrosser-werkstattwagen-33185\/#breadcrumb"},"inLanguage":"de","potentialAction":[{"@type":"ReadAction","target":["https:\/\/www.krafthand.de\/truck\/artikel\/sonic-neuer-extragrosser-werkstattwagen-33185\/"]}]},{"@type":"ImageObject","inLanguage":"de","@id":"https:\/\/www.krafthand.de\/truck\/artikel\/sonic-neuer-extragrosser-werkstattwagen-33185\/#primaryimage","url":"https:\/\/static.krafthand-truck.de\/uploads\/2022\/08\/Sonic_Werkstattwagen_Lkw.jpg","contentUrl":"https:\/\/static.krafthand-truck.de\/uploads\/2022\/08\/Sonic_Werkstattwagen_Lkw.jpg","width":1200,"height":729},{"@type":"BreadcrumbList","@id":"https:\/\/www.krafthand.de\/truck\/artikel\/sonic-neuer-extragrosser-werkstattwagen-33185\/#breadcrumb","itemListElement":[{"@type":"ListItem","position":1,"name":"Krafthand-Truck","item":"https:\/\/www.krafthand.de\/truck\/"},{"@type":"ListItem","position":2,"name":"Nfz-Service","item":"https:\/\/www.krafthand.de\/truck\/kategorie\/nfz-service\/"},{"@type":"ListItem","position":3,"name":"Werkstattausr\u00fcstung","item":"https:\/\/www.krafthand.de\/truck\/kategorie\/nfz-service\/werkstattausruestung\/"},{"@type":"ListItem","position":4,"name":"Sonic: Neuer, extragro\u00dfer Werkstattwagen"}]},{"@type":"WebSite","@id":"https:\/\/www.krafthand.de\/truck\/#website","url":"https:\/\/www.krafthand.de\/truck\/","name":"Krafthand-Truck","description":"","potentialAction":[{"@type":"SearchAction","target":{"@type":"EntryPoint","urlTemplate":"https:\/\/www.krafthand.de\/truck\/?s={search_term_string}"},"query-input":{"@type":"PropertyValueSpecification","valueRequired":true,"valueName":"search_term_string"}}],"inLanguage":"de"},{"@type":"Person","@id":"https:\/\/www.krafthand.de\/truck\/#\/schema\/person\/51fa80b1c57034c4bf63f9f988fc24ce","name":"georg.blenk@krafthand-medien.de","image":{"@type":"ImageObject","inLanguage":"de","@id":"https:\/\/secure.gravatar.com\/avatar\/93713c30affe0aa95d3a4130e499bb1abee2eb31adbdd9ce2aa1543538490215?s=96&d=mm&r=g","url":"https:\/\/secure.gravatar.com\/avatar\/93713c30affe0aa95d3a4130e499bb1abee2eb31adbdd9ce2aa1543538490215?s=96&d=mm&r=g","contentUrl":"https:\/\/secure.gravatar.com\/avatar\/93713c30affe0aa95d3a4130e499bb1abee2eb31adbdd9ce2aa1543538490215?s=96&d=mm&r=g","caption":"georg.blenk@krafthand-medien.de"}}]}},"_links":{"self":[{"href":"https:\/\/www.krafthand.de\/truck\/wp-json\/wp\/v2\/posts\/33185","targetHints":{"allow":["GET"]}}],"collection":[{"href":"https:\/\/www.krafthand.de\/truck\/wp-json\/wp\/v2\/posts"}],"about":[{"href":"https:\/\/www.krafthand.de\/truck\/wp-json\/wp\/v2\/types\/post"}],"author":[{"embeddable":true,"href":"https:\/\/www.krafthand.de\/truck\/wp-json\/wp\/v2\/users\/9"}],"replies":[{"embeddable":true,"href":"https:\/\/www.krafthand.de\/truck\/wp-json\/wp\/v2\/comments?post=33185"}],"version-history":[{"count":1,"href":"https:\/\/www.krafthand.de\/truck\/wp-json\/wp\/v2\/posts\/33185\/revisions"}],"predecessor-version":[{"id":33187,"href":"https:\/\/www.krafthand.de\/truck\/wp-json\/wp\/v2\/posts\/33185\/revisions\/33187"}],"wp:featuredmedia":[{"embeddable":true,"href":"https:\/\/www.krafthand.de\/truck\/wp-json\/wp\/v2\/media\/33186"}],"wp:attachment":[{"href":"https:\/\/www.krafthand.de\/truck\/wp-json\/wp\/v2\/media?parent=33185"}],"wp:term":[{"taxonomy":"category","embeddable":true,"href":"https:\/\/www.krafthand.de\/truck\/wp-json\/wp\/v2\/categories?post=33185"},{"taxonomy":"post_tag","embeddable":true,"href":"https:\/\/www.krafthand.de\/truck\/wp-json\/wp\/v2\/tags?post=33185"},{"taxonomy":"settings","embeddable":true,"href":"https:\/\/www.krafthand.de\/truck\/wp-json\/wp\/v2\/settings?post=33185"}],"curies":[{"name":"wp","href":"https:\/\/api.w.org\/{rel}","templated":true}]}}