{"id":33138,"date":"2022-08-09T09:16:23","date_gmt":"2022-08-09T07:16:23","guid":{"rendered":"https:\/\/www.krafthand.de\/truck\/?p=33138"},"modified":"2022-08-10T23:15:00","modified_gmt":"2022-08-10T21:15:00","slug":"elektrisch-hoch-hinaus-gelingt-mit-e-truck-terren-der-hoehenweltrekord","status":"publish","type":"post","link":"https:\/\/www.krafthand.de\/truck\/artikel\/elektrisch-hoch-hinaus-gelingt-mit-e-truck-terren-der-hoehenweltrekord-33138\/","title":{"rendered":"Elektrisch hoch hinaus: Gelingt mit dem E-Truck &#8218;Terren&#8216; der H\u00f6henweltrekord?"},"content":{"rendered":"<p>Peak Evolution ist ein ehrgeiziges Projekt der drei Schweizer T\u00fcftler und Schulfreunde Patrik und David Koller und David Pr\u00f6schel. Sie haben mit dem &#8218;Terren&#8216; ein elektrisch betriebenes Nutzfahrzeug konstruiert und gebaut, mit dem sie den aktuellen H\u00f6henweltrekord f\u00fcr Fahrzeuge aller Art auf umweltfreundliche Art brechen wollen. Ihr Eigenbau-Prototyp soll den 6.893 Meter hohen Ojos del Salado in Chile erreichen.<\/p>\n<h3>Start Mitte Oktober<\/h3>\n<p>Am 26. August wird der Expeditions-Truck im Schweizerischen Altenrhein\/Thal, gelegen am Bodensee im Dreil\u00e4ndereck Deutschland, \u00d6sterreich und Schweiz, offiziell der Presse und Experten vorgestellt. Zeitgleich beginnen Testfahrten mit dem auf einem Aebi von Aebi Schmidt basierenden Nutzfahrzeug. Expeditionsstart ist voraussichtlich Mitte Oktober. Dann wird das Fahrzeug im Container nach Valparaiso in Chile verschifft, und Anfang Dezember dort ankommen. Nach einer Akklimatisierungsphase von rund f\u00fcnf Wochen im Camp Atacama in einer H\u00f6he von 5.200 Metern, ist es das Ziel, Anfang Januar 2023 den 6.893 Meter hohen Gipfel zu erreichen und damit dank e-Antrieb den neuen H\u00f6henweltrekord aller Fahrzeuge aufzustellen. Der Vorteil: Elektromotoren sind im Unterschied zu Verbrennungsmotoren f\u00fcr den reibungslosen Betrieb nicht auf gen\u00fcgend Sauerstoff angewiesen. Solch au\u00dfergew\u00f6hnliche H\u00f6henlagen, verbunden mit tiefen Temperaturen, stellen f\u00fcr Batterie und Elektronik dennoch sehr anspruchsvolle Herausforderungen dar.<\/p>\n<h3>Professionelle Dokumentation<\/h3>\n<p>Begleitet werden die drei Schweizer von einem Filmteam unter der Leitung des Dokumentarfilmers Claudio von Planta. Die Firma Zenventures ist auf Expeditionen spezialisiert, die Rekord-Abenteuer und Nachhaltigkeit thematisieren. Das Projekt <a href=\"https:\/\/peakevolution.ch\" target=\"_blank\" rel=\"noopener\">Peak Evolution<\/a> wird bereits durch <a href=\"https:\/\/eco-volta.com\" target=\"_blank\" rel=\"noopener\">Ecovolta<\/a>, <a href=\"https:\/\/www.bosch.com\/de\/forschung\/innovationsfelder\/e-mobilitaet-und-elektrifizierte-systeme\/\" target=\"_blank\" rel=\"noopener\">Bosch<\/a>, <a href=\"https:\/\/www.3acomposites.com\" target=\"_blank\" rel=\"noopener\">3A Composites<\/a>, <a href=\"https:\/\/deu.sika.com\" target=\"_blank\" rel=\"noopener\">Sika<\/a>, VDS, <a href=\"https:\/\/www.studer.com\/de\" target=\"_blank\" rel=\"noopener\">Studer<\/a>, <a href=\"https:\/\/www.megasol.ch\" target=\"_blank\" rel=\"noopener\">Megasol<\/a> und <a href=\"https:\/\/kyburz-gmbh.de\" target=\"_blank\" rel=\"noopener\">Kyburz<\/a> unterst\u00fctzt. Auch die Schweizer Agentur f\u00fcr Innovationsf\u00f6rderung <a href=\"https:\/\/www.innosuisse.ch\/inno\/de\/home.html\" target=\"_blank\" rel=\"noopener\">Innosuisse<\/a> sowie <a href=\"https:\/\/www.startfeld.ch\" target=\"_blank\" rel=\"noopener\">Startfeld<\/a>, ein Netzwerk f\u00fcr Innovationen und Startups rund um den Berg S\u00e4ntis sowie die Schweizer Gemeinde La Punt f\u00f6rdern das Expeditionsprojekt.<\/p>\n<p>&nbsp;<\/p>\n<figure id=\"attachment_33143\" aria-describedby=\"caption-attachment-33143\" style=\"width: 800px\" class=\"wp-caption aligncenter\"><img fetchpriority=\"high\" decoding=\"async\" class=\"wp-image-33143\" src=\"https:\/\/static.krafthand-truck.de\/uploads\/2022\/08\/Terren_Peak_Evolution_Team-1024x576.jpg\" alt=\"\" width=\"800\" height=\"450\" srcset=\"https:\/\/static.krafthand-truck.de\/uploads\/2022\/08\/Terren_Peak_Evolution_Team-1024x576.jpg 1024w, https:\/\/static.krafthand-truck.de\/uploads\/2022\/08\/Terren_Peak_Evolution_Team-300x169.jpg 300w, https:\/\/static.krafthand-truck.de\/uploads\/2022\/08\/Terren_Peak_Evolution_Team-768x432.jpg 768w, https:\/\/static.krafthand-truck.de\/uploads\/2022\/08\/Terren_Peak_Evolution_Team.jpg 1200w\" sizes=\"(max-width: 800px) 100vw, 800px\" \/><figcaption id=\"caption-attachment-33143\" class=\"wp-caption-text\">Die drei T\u00fcftler David Pr\u00f6schel, Patrik und David Koller (v.l.n.r.) wollen mit dem &#8218;Terren&#8216; den h\u00f6chsten aktiven Vulkan mit einem Elektronutzfahrzeug erklimmen. Bild: Peak Evolution<\/figcaption><\/figure>\n<h3>Expertenteam<\/h3>\n<p>Das Schweizer Expeditionsteam, bestehend aus Patrik und David Koller und David Pr\u00f6schel, steht also in den Startl\u00f6chern. David Koller ist als Head of Engineering und gelernter Maschinenbauingenieur der Mann, der das Fahrzeug genau kennt: <em>&#8222;Ich habe vollstes Vertrauen in unseren Terren, mit ihm werden wir beweisen, dass umweltfreundliche, Elektrofahrzeuge auch unter extremen Bedingungen H\u00f6chstleistung bringen werden und Dieselmotoren \u00fcberlegen sind.&#8220;<\/em> Patrik Koller, bei dem als Head of Finance die Projektkosten zusammen laufen, erg\u00e4nzt: <em>&#8222;Als Mann f\u00fcrs Geld erfreut es mich besonders, dass wir den Terren mittels Solarenergie unterwegs v\u00f6llig kostenlos auftanken k\u00f6nnen.&#8220;<\/em> David P\u00f6schel ist Head of Development und bringt reichlich Expeditionserfahrung mit. <em>&#8222;Es wird ein gro\u00dfes Abenteuer mit einer klaren nachhaltigen Botschaft, n\u00e4mlich mutig neue Wege zu gehen, um unsere Umwelt zu retten.&#8220;<\/em><\/p>\n<h3>Das Fahrzeug, die Technik<\/h3>\n<p>Ausgangs-Fahrzeug war ein Mehrzweck-Transporter VT450 der Firma <a href=\"https:\/\/www.aebi-schmidt.com\/de\/\" target=\"_blank\" rel=\"noopener\">Aebi Schmidt<\/a>. Das darauf basierende neu entwickelte Expeditions-Modell Terren (steht f\u00fcr \u201eErde\u201c in R\u00e4toromanisch) hat nur noch wenige Gemeinsamkeiten mit dem urspr\u00fcnglichen Fahrzeug. F\u00fcr die ben\u00f6tigte Steigleistung sorgen zwei Elektro-Motoren mit je 140 kW, insgesamt 280 kW (entspricht 380 PS\/ 280 kW). Damit wurde laut Peak Evolution die urspr\u00fcngliche Leistung der Dieselversion mehr als verdoppelt. 35.000Nm Drehmoment an den extra gro\u00df dimensionierten R\u00e4dern (42 Zoll) erm\u00f6glichen das Befahren einer Rampe mit 100 Prozent Steigung mit einem Gesamtgewicht von 10 Tonnen \u2013 damit hat der Terren mehr Zugkraft als ein durchschnittlicher 40 Tonnen Sattelschlepper. Daf\u00fcr wurde der Antriebsstrang komplett \u00fcberarbeitet. Den Angaben zufolge l\u00e4sst sich damit eine Reduktion des Totalenergieverbrauchs um 75 Prozent erreichen. Gleichzeitig ist die Zugkraft um 20 Prozent h\u00f6her und dies bei massiv reduzierten L\u00e4rmemissionen und h\u00f6herem Fahrkomfort. Das Leergewicht des Terren betr\u00e4gt rund vier Tonnen, das Maximalgewicht zehn Tonnen, die Zuladung demnach sechs Tonnen. Das Fahrzeug ist f\u00fcnf Meter lang und 2,15 Meter breit.<\/p>\n<h3>Die Mission (Imagevideo)<\/h3>\n<div class=\"brlbs-cmpnt-container brlbs-cmpnt-content-blocker brlbs-cmpnt-with-individual-styles\" data-borlabs-cookie-content-blocker-id=\"youtube-content-blocker\" data-borlabs-cookie-content=\"PGlmcmFtZSB0aXRsZT0iUGVhayBFdm9sdXRpb24gIzAxIFRIRSBNSVNTSU9OIiB3aWR0aD0iNjY1IiBoZWlnaHQ9IjM3NCIgc3JjPSJodHRwczovL3d3dy55b3V0dWJlLW5vY29va2llLmNvbS9lbWJlZC94YUN6VHJoeWxQTT9mZWF0dXJlPW9lbWJlZCIgZnJhbWVib3JkZXI9IjAiIGFsbG93PSJhY2NlbGVyb21ldGVyOyBhdXRvcGxheTsgY2xpcGJvYXJkLXdyaXRlOyBlbmNyeXB0ZWQtbWVkaWE7IGd5cm9zY29wZTsgcGljdHVyZS1pbi1waWN0dXJlOyB3ZWItc2hhcmUiIHJlZmVycmVycG9saWN5PSJzdHJpY3Qtb3JpZ2luLXdoZW4tY3Jvc3Mtb3JpZ2luIiBhbGxvd2Z1bGxzY3JlZW4+PC9pZnJhbWU+\">\n<div class=\"brlbs-cmpnt-cb-preset-c brlbs-cmpnt-cb-youtube\">\n<div class=\"brlbs-cmpnt-cb-thumbnail\" style=\"background-image: url('https:\/\/static.krafthand-truck.de\/uploads\/borlabs-cookie\/1\/yt_xaCzTrhylPM_hqdefault.jpg')\"><\/div>\n<div class=\"brlbs-cmpnt-cb-main\">\n<div class=\"brlbs-cmpnt-cb-play-button\"><\/div>\n<div class=\"brlbs-cmpnt-cb-content\">\n<p class=\"brlbs-cmpnt-cb-description\">Sie sehen gerade einen Platzhalterinhalt von <strong>YouTube<\/strong>. Um auf den eigentlichen Inhalt zuzugreifen, klicken Sie auf die Schaltfl\u00e4che unten. Bitte beachten Sie, dass dabei Daten an Drittanbieter weitergegeben werden.<\/p>\n<p> <a class=\"brlbs-cmpnt-cb-provider-toggle\" href=\"#\" data-borlabs-cookie-show-provider-information role=\"button\">Mehr Informationen<\/a> <\/div>\n<div class=\"brlbs-cmpnt-cb-buttons\"> <a class=\"brlbs-cmpnt-cb-btn\" href=\"#\" data-borlabs-cookie-unblock role=\"button\">Inhalt entsperren<\/a> <a class=\"brlbs-cmpnt-cb-btn\" href=\"#\" data-borlabs-cookie-accept-service role=\"button\" style=\"display: inherit\">Erforderlichen Service akzeptieren und Inhalte entsperren<\/a> <\/div>\n<\/p><\/div>\n<\/p><\/div>\n<\/div>\n\r\n\t\t\t\t<div class=\"post-author\">\r\n\t\t\t\t\t<div class=\"khm-cp-author clearfix\">\r\n\t\t\t\t\t\t<div class=\"khm-cp-author__content\">\r\n\t\t\t\t\t\t\t\tKontakt zum Autor:<br \/>\r\n\t\t\t\t\t\t\t\t<strong>Georg Blenk<\/strong>, 08247 \/ 3007-45 |  <a href=\"mailto:georg.blenk@krafthand-medien.de\">georg.blenk@krafthand-medien.de<\/a>\r\n\t\t\t\t\t\t\t<div class=\"khm-cp-author__image\">\r\n\t\t\t\t\t\t<img src=\"https:\/\/static.krafthand-truck.de\/uploads\/2021\/01\/Blenk_6104-250x300-1-removebg-preview.png\" class=\"img-responsive\">\r\n\t\t\t\t\t<\/div>\r\n\t\t\t\t\t\t<\/div>\r\n\t\t\t\t\t<\/div>\r\n\t\t\t\t<\/div>\r\n\t\t\t\t","protected":false},"excerpt":{"rendered":"<p>Peak Evolution ist ein ehrgeiziges Projekt der drei Schweizer T\u00fcftler und Schulfreunde Patrik und David Koller und David Pr\u00f6schel. Sie haben mit dem &#8218;Terren&#8216; ein elektrisch betriebenes Nutzfahrzeug konstruiert und gebaut, mit dem sie den aktuellen H\u00f6henweltrekord f\u00fcr Fahrzeuge aller Art brechen wollen. Ihr Eigenbau-Prototyp soll den 6.893 Meter hohen Ojos del Salado in Chile erreichen. <span class=\"excerpt-more__dots\">&#8230;<\/span> <a class=\"excerpt-more__link\" href=\"https:\/\/www.krafthand.de\/truck\/artikel\/elektrisch-hoch-hinaus-gelingt-mit-e-truck-terren-der-hoehenweltrekord-33138\/\" >weiter<\/a><\/p>\n","protected":false},"author":9,"featured_media":33163,"comment_status":"closed","ping_status":"closed","sticky":false,"template":"","format":"standard","meta":{"footnotes":""},"categories":[4224,4915,4237],"tags":[4178,5290,5289,5288],"settings":[3524,3523],"class_list":["post-33138","post","type-post","status-publish","format-standard","has-post-thumbnail","hentry","category-e-antrieb","category-neue-fahrzeuge","category-studien","tag-e-truck","tag-hoehenweltrekord","tag-peak-evolution","tag-terren"],"yoast_head":"<!-- This site is optimized with the Yoast SEO plugin v27.3 - https:\/\/yoast.com\/product\/yoast-seo-wordpress\/ -->\n<title>Gelingt mit dem E-Truck &#039;Terren&#039; der H\u00f6henweltrekord?<\/title>\n<meta name=\"description\" content=\"Peak Evolution m\u00f6chte mit dem Terren den H\u00f6henweltrekord brechen. Der Prototyp soll den 6.893 Meter hohen Ojos del Salado in Chile erreichen.\" \/>\n<meta name=\"robots\" content=\"index, follow, max-snippet:-1, max-image-preview:large, max-video-preview:-1\" \/>\n<link rel=\"canonical\" href=\"https:\/\/www.krafthand.de\/truck\/artikel\/elektrisch-hoch-hinaus-gelingt-mit-e-truck-terren-der-hoehenweltrekord-33138\/\" \/>\n<meta property=\"og:locale\" content=\"de_DE\" \/>\n<meta property=\"og:type\" content=\"article\" \/>\n<meta property=\"og:title\" content=\"Gelingt mit dem E-Truck &#039;Terren&#039; der H\u00f6henweltrekord?\" \/>\n<meta property=\"og:description\" content=\"Peak Evolution m\u00f6chte mit dem Terren den H\u00f6henweltrekord brechen. Der Prototyp soll den 6.893 Meter hohen Ojos del Salado in Chile erreichen.\" \/>\n<meta property=\"og:url\" content=\"https:\/\/www.krafthand-truck.de\/artikel\/elektrisch-hoch-hinaus-gelingt-mit-e-truck-terren-der-hoehenweltrekord-33138\/\" \/>\n<meta property=\"og:site_name\" content=\"Krafthand-Truck\" \/>\n<meta property=\"article:published_time\" content=\"2022-08-09T07:16:23+00:00\" \/>\n<meta property=\"article:modified_time\" content=\"2022-08-10T21:15:00+00:00\" \/>\n<meta property=\"og:image\" content=\"https:\/\/static.krafthand-truck.de\/uploads\/2022\/08\/Terren_Peak_Evolution_Hoehenweltrekord.jpg\" \/>\n\t<meta property=\"og:image:width\" content=\"1200\" \/>\n\t<meta property=\"og:image:height\" content=\"520\" \/>\n\t<meta property=\"og:image:type\" content=\"image\/jpeg\" \/>\n<meta name=\"author\" content=\"georg.blenk@krafthand-medien.de\" \/>\n<meta name=\"twitter:card\" content=\"summary_large_image\" \/>\n<meta name=\"twitter:label1\" content=\"Verfasst von\" \/>\n\t<meta name=\"twitter:data1\" content=\"georg.blenk@krafthand-medien.de\" \/>\n\t<meta name=\"twitter:label2\" content=\"Gesch\u00e4tzte Lesezeit\" \/>\n\t<meta name=\"twitter:data2\" content=\"4\u00a0Minuten\" \/>\n<script type=\"application\/ld+json\" class=\"yoast-schema-graph\">{\"@context\":\"https:\\\/\\\/schema.org\",\"@graph\":[{\"@type\":\"Article\",\"@id\":\"https:\\\/\\\/www.krafthand.de\\\/truck\\\/artikel\\\/elektrisch-hoch-hinaus-gelingt-mit-e-truck-terren-der-hoehenweltrekord-33138\\\/#article\",\"isPartOf\":{\"@id\":\"https:\\\/\\\/www.krafthand.de\\\/truck\\\/artikel\\\/elektrisch-hoch-hinaus-gelingt-mit-e-truck-terren-der-hoehenweltrekord-33138\\\/\"},\"author\":{\"name\":\"georg.blenk@krafthand-medien.de\",\"@id\":\"https:\\\/\\\/www.krafthand.de\\\/truck\\\/#\\\/schema\\\/person\\\/51fa80b1c57034c4bf63f9f988fc24ce\"},\"headline\":\"Elektrisch hoch hinaus: Gelingt mit dem E-Truck &#8218;Terren&#8216; der H\u00f6henweltrekord?\",\"datePublished\":\"2022-08-09T07:16:23+00:00\",\"dateModified\":\"2022-08-10T21:15:00+00:00\",\"mainEntityOfPage\":{\"@id\":\"https:\\\/\\\/www.krafthand.de\\\/truck\\\/artikel\\\/elektrisch-hoch-hinaus-gelingt-mit-e-truck-terren-der-hoehenweltrekord-33138\\\/\"},\"wordCount\":650,\"image\":{\"@id\":\"https:\\\/\\\/www.krafthand.de\\\/truck\\\/artikel\\\/elektrisch-hoch-hinaus-gelingt-mit-e-truck-terren-der-hoehenweltrekord-33138\\\/#primaryimage\"},\"thumbnailUrl\":\"https:\\\/\\\/static.krafthand-truck.de\\\/uploads\\\/2022\\\/08\\\/Terren_Peak_Evolution_Hoehenweltrekord.jpg\",\"keywords\":[\"E-Truck\",\"H\u00f6henweltrekord\",\"Peak Evolution\",\"Terren\"],\"articleSection\":[\"E-Antrieb (BEV\\\/FCEV)\",\"Neue Fahrzeuge\",\"Studien\\\/F+E\"],\"inLanguage\":\"de\"},{\"@type\":\"WebPage\",\"@id\":\"https:\\\/\\\/www.krafthand.de\\\/truck\\\/artikel\\\/elektrisch-hoch-hinaus-gelingt-mit-e-truck-terren-der-hoehenweltrekord-33138\\\/\",\"url\":\"https:\\\/\\\/www.krafthand.de\\\/truck\\\/artikel\\\/elektrisch-hoch-hinaus-gelingt-mit-e-truck-terren-der-hoehenweltrekord-33138\\\/\",\"name\":\"Gelingt mit dem E-Truck 'Terren' der H\u00f6henweltrekord?\",\"isPartOf\":{\"@id\":\"https:\\\/\\\/www.krafthand.de\\\/truck\\\/#website\"},\"primaryImageOfPage\":{\"@id\":\"https:\\\/\\\/www.krafthand.de\\\/truck\\\/artikel\\\/elektrisch-hoch-hinaus-gelingt-mit-e-truck-terren-der-hoehenweltrekord-33138\\\/#primaryimage\"},\"image\":{\"@id\":\"https:\\\/\\\/www.krafthand.de\\\/truck\\\/artikel\\\/elektrisch-hoch-hinaus-gelingt-mit-e-truck-terren-der-hoehenweltrekord-33138\\\/#primaryimage\"},\"thumbnailUrl\":\"https:\\\/\\\/static.krafthand-truck.de\\\/uploads\\\/2022\\\/08\\\/Terren_Peak_Evolution_Hoehenweltrekord.jpg\",\"datePublished\":\"2022-08-09T07:16:23+00:00\",\"dateModified\":\"2022-08-10T21:15:00+00:00\",\"author\":{\"@id\":\"https:\\\/\\\/www.krafthand.de\\\/truck\\\/#\\\/schema\\\/person\\\/51fa80b1c57034c4bf63f9f988fc24ce\"},\"description\":\"Peak Evolution m\u00f6chte mit dem Terren den H\u00f6henweltrekord brechen. Der Prototyp soll den 6.893 Meter hohen Ojos del Salado in Chile erreichen.\",\"breadcrumb\":{\"@id\":\"https:\\\/\\\/www.krafthand.de\\\/truck\\\/artikel\\\/elektrisch-hoch-hinaus-gelingt-mit-e-truck-terren-der-hoehenweltrekord-33138\\\/#breadcrumb\"},\"inLanguage\":\"de\",\"potentialAction\":[{\"@type\":\"ReadAction\",\"target\":[\"https:\\\/\\\/www.krafthand.de\\\/truck\\\/artikel\\\/elektrisch-hoch-hinaus-gelingt-mit-e-truck-terren-der-hoehenweltrekord-33138\\\/\"]}]},{\"@type\":\"ImageObject\",\"inLanguage\":\"de\",\"@id\":\"https:\\\/\\\/www.krafthand.de\\\/truck\\\/artikel\\\/elektrisch-hoch-hinaus-gelingt-mit-e-truck-terren-der-hoehenweltrekord-33138\\\/#primaryimage\",\"url\":\"https:\\\/\\\/static.krafthand-truck.de\\\/uploads\\\/2022\\\/08\\\/Terren_Peak_Evolution_Hoehenweltrekord.jpg\",\"contentUrl\":\"https:\\\/\\\/static.krafthand-truck.de\\\/uploads\\\/2022\\\/08\\\/Terren_Peak_Evolution_Hoehenweltrekord.jpg\",\"width\":1200,\"height\":520},{\"@type\":\"BreadcrumbList\",\"@id\":\"https:\\\/\\\/www.krafthand.de\\\/truck\\\/artikel\\\/elektrisch-hoch-hinaus-gelingt-mit-e-truck-terren-der-hoehenweltrekord-33138\\\/#breadcrumb\",\"itemListElement\":[{\"@type\":\"ListItem\",\"position\":1,\"name\":\"Krafthand-Truck\",\"item\":\"https:\\\/\\\/www.krafthand.de\\\/truck\\\/\"},{\"@type\":\"ListItem\",\"position\":2,\"name\":\"IT+Fuhrpark\",\"item\":\"https:\\\/\\\/www.krafthand.de\\\/truck\\\/kategorie\\\/fuhrpark\\\/\"},{\"@type\":\"ListItem\",\"position\":3,\"name\":\"Neue Fahrzeuge\",\"item\":\"https:\\\/\\\/www.krafthand.de\\\/truck\\\/kategorie\\\/fuhrpark\\\/neue-fahrzeuge\\\/\"},{\"@type\":\"ListItem\",\"position\":4,\"name\":\"Elektrisch hoch hinaus: Gelingt mit dem E-Truck &#8218;Terren&#8216; der H\u00f6henweltrekord?\"}]},{\"@type\":\"WebSite\",\"@id\":\"https:\\\/\\\/www.krafthand.de\\\/truck\\\/#website\",\"url\":\"https:\\\/\\\/www.krafthand.de\\\/truck\\\/\",\"name\":\"Krafthand-Truck\",\"description\":\"\",\"potentialAction\":[{\"@type\":\"SearchAction\",\"target\":{\"@type\":\"EntryPoint\",\"urlTemplate\":\"https:\\\/\\\/www.krafthand.de\\\/truck\\\/?s={search_term_string}\"},\"query-input\":{\"@type\":\"PropertyValueSpecification\",\"valueRequired\":true,\"valueName\":\"search_term_string\"}}],\"inLanguage\":\"de\"},{\"@type\":\"Person\",\"@id\":\"https:\\\/\\\/www.krafthand.de\\\/truck\\\/#\\\/schema\\\/person\\\/51fa80b1c57034c4bf63f9f988fc24ce\",\"name\":\"georg.blenk@krafthand-medien.de\",\"image\":{\"@type\":\"ImageObject\",\"inLanguage\":\"de\",\"@id\":\"https:\\\/\\\/secure.gravatar.com\\\/avatar\\\/93713c30affe0aa95d3a4130e499bb1abee2eb31adbdd9ce2aa1543538490215?s=96&d=mm&r=g\",\"url\":\"https:\\\/\\\/secure.gravatar.com\\\/avatar\\\/93713c30affe0aa95d3a4130e499bb1abee2eb31adbdd9ce2aa1543538490215?s=96&d=mm&r=g\",\"contentUrl\":\"https:\\\/\\\/secure.gravatar.com\\\/avatar\\\/93713c30affe0aa95d3a4130e499bb1abee2eb31adbdd9ce2aa1543538490215?s=96&d=mm&r=g\",\"caption\":\"georg.blenk@krafthand-medien.de\"}}]}<\/script>\n<!-- \/ Yoast SEO plugin. -->","yoast_head_json":{"title":"Gelingt mit dem E-Truck 'Terren' der H\u00f6henweltrekord?","description":"Peak Evolution m\u00f6chte mit dem Terren den H\u00f6henweltrekord brechen. Der Prototyp soll den 6.893 Meter hohen Ojos del Salado in Chile erreichen.","robots":{"index":"index","follow":"follow","max-snippet":"max-snippet:-1","max-image-preview":"max-image-preview:large","max-video-preview":"max-video-preview:-1"},"canonical":"https:\/\/www.krafthand.de\/truck\/artikel\/elektrisch-hoch-hinaus-gelingt-mit-e-truck-terren-der-hoehenweltrekord-33138\/","og_locale":"de_DE","og_type":"article","og_title":"Gelingt mit dem E-Truck 'Terren' der H\u00f6henweltrekord?","og_description":"Peak Evolution m\u00f6chte mit dem Terren den H\u00f6henweltrekord brechen. Der Prototyp soll den 6.893 Meter hohen Ojos del Salado in Chile erreichen.","og_url":"https:\/\/www.krafthand-truck.de\/artikel\/elektrisch-hoch-hinaus-gelingt-mit-e-truck-terren-der-hoehenweltrekord-33138\/","og_site_name":"Krafthand-Truck","article_published_time":"2022-08-09T07:16:23+00:00","article_modified_time":"2022-08-10T21:15:00+00:00","og_image":[{"width":1200,"height":520,"url":"https:\/\/static.krafthand-truck.de\/uploads\/2022\/08\/Terren_Peak_Evolution_Hoehenweltrekord.jpg","type":"image\/jpeg"}],"author":"georg.blenk@krafthand-medien.de","twitter_card":"summary_large_image","twitter_misc":{"Verfasst von":"georg.blenk@krafthand-medien.de","Gesch\u00e4tzte Lesezeit":"4\u00a0Minuten"},"schema":{"@context":"https:\/\/schema.org","@graph":[{"@type":"Article","@id":"https:\/\/www.krafthand.de\/truck\/artikel\/elektrisch-hoch-hinaus-gelingt-mit-e-truck-terren-der-hoehenweltrekord-33138\/#article","isPartOf":{"@id":"https:\/\/www.krafthand.de\/truck\/artikel\/elektrisch-hoch-hinaus-gelingt-mit-e-truck-terren-der-hoehenweltrekord-33138\/"},"author":{"name":"georg.blenk@krafthand-medien.de","@id":"https:\/\/www.krafthand.de\/truck\/#\/schema\/person\/51fa80b1c57034c4bf63f9f988fc24ce"},"headline":"Elektrisch hoch hinaus: Gelingt mit dem E-Truck &#8218;Terren&#8216; der H\u00f6henweltrekord?","datePublished":"2022-08-09T07:16:23+00:00","dateModified":"2022-08-10T21:15:00+00:00","mainEntityOfPage":{"@id":"https:\/\/www.krafthand.de\/truck\/artikel\/elektrisch-hoch-hinaus-gelingt-mit-e-truck-terren-der-hoehenweltrekord-33138\/"},"wordCount":650,"image":{"@id":"https:\/\/www.krafthand.de\/truck\/artikel\/elektrisch-hoch-hinaus-gelingt-mit-e-truck-terren-der-hoehenweltrekord-33138\/#primaryimage"},"thumbnailUrl":"https:\/\/static.krafthand-truck.de\/uploads\/2022\/08\/Terren_Peak_Evolution_Hoehenweltrekord.jpg","keywords":["E-Truck","H\u00f6henweltrekord","Peak Evolution","Terren"],"articleSection":["E-Antrieb (BEV\/FCEV)","Neue Fahrzeuge","Studien\/F+E"],"inLanguage":"de"},{"@type":"WebPage","@id":"https:\/\/www.krafthand.de\/truck\/artikel\/elektrisch-hoch-hinaus-gelingt-mit-e-truck-terren-der-hoehenweltrekord-33138\/","url":"https:\/\/www.krafthand.de\/truck\/artikel\/elektrisch-hoch-hinaus-gelingt-mit-e-truck-terren-der-hoehenweltrekord-33138\/","name":"Gelingt mit dem E-Truck 'Terren' der H\u00f6henweltrekord?","isPartOf":{"@id":"https:\/\/www.krafthand.de\/truck\/#website"},"primaryImageOfPage":{"@id":"https:\/\/www.krafthand.de\/truck\/artikel\/elektrisch-hoch-hinaus-gelingt-mit-e-truck-terren-der-hoehenweltrekord-33138\/#primaryimage"},"image":{"@id":"https:\/\/www.krafthand.de\/truck\/artikel\/elektrisch-hoch-hinaus-gelingt-mit-e-truck-terren-der-hoehenweltrekord-33138\/#primaryimage"},"thumbnailUrl":"https:\/\/static.krafthand-truck.de\/uploads\/2022\/08\/Terren_Peak_Evolution_Hoehenweltrekord.jpg","datePublished":"2022-08-09T07:16:23+00:00","dateModified":"2022-08-10T21:15:00+00:00","author":{"@id":"https:\/\/www.krafthand.de\/truck\/#\/schema\/person\/51fa80b1c57034c4bf63f9f988fc24ce"},"description":"Peak Evolution m\u00f6chte mit dem Terren den H\u00f6henweltrekord brechen. Der Prototyp soll den 6.893 Meter hohen Ojos del Salado in Chile erreichen.","breadcrumb":{"@id":"https:\/\/www.krafthand.de\/truck\/artikel\/elektrisch-hoch-hinaus-gelingt-mit-e-truck-terren-der-hoehenweltrekord-33138\/#breadcrumb"},"inLanguage":"de","potentialAction":[{"@type":"ReadAction","target":["https:\/\/www.krafthand.de\/truck\/artikel\/elektrisch-hoch-hinaus-gelingt-mit-e-truck-terren-der-hoehenweltrekord-33138\/"]}]},{"@type":"ImageObject","inLanguage":"de","@id":"https:\/\/www.krafthand.de\/truck\/artikel\/elektrisch-hoch-hinaus-gelingt-mit-e-truck-terren-der-hoehenweltrekord-33138\/#primaryimage","url":"https:\/\/static.krafthand-truck.de\/uploads\/2022\/08\/Terren_Peak_Evolution_Hoehenweltrekord.jpg","contentUrl":"https:\/\/static.krafthand-truck.de\/uploads\/2022\/08\/Terren_Peak_Evolution_Hoehenweltrekord.jpg","width":1200,"height":520},{"@type":"BreadcrumbList","@id":"https:\/\/www.krafthand.de\/truck\/artikel\/elektrisch-hoch-hinaus-gelingt-mit-e-truck-terren-der-hoehenweltrekord-33138\/#breadcrumb","itemListElement":[{"@type":"ListItem","position":1,"name":"Krafthand-Truck","item":"https:\/\/www.krafthand.de\/truck\/"},{"@type":"ListItem","position":2,"name":"IT+Fuhrpark","item":"https:\/\/www.krafthand.de\/truck\/kategorie\/fuhrpark\/"},{"@type":"ListItem","position":3,"name":"Neue Fahrzeuge","item":"https:\/\/www.krafthand.de\/truck\/kategorie\/fuhrpark\/neue-fahrzeuge\/"},{"@type":"ListItem","position":4,"name":"Elektrisch hoch hinaus: Gelingt mit dem E-Truck &#8218;Terren&#8216; der H\u00f6henweltrekord?"}]},{"@type":"WebSite","@id":"https:\/\/www.krafthand.de\/truck\/#website","url":"https:\/\/www.krafthand.de\/truck\/","name":"Krafthand-Truck","description":"","potentialAction":[{"@type":"SearchAction","target":{"@type":"EntryPoint","urlTemplate":"https:\/\/www.krafthand.de\/truck\/?s={search_term_string}"},"query-input":{"@type":"PropertyValueSpecification","valueRequired":true,"valueName":"search_term_string"}}],"inLanguage":"de"},{"@type":"Person","@id":"https:\/\/www.krafthand.de\/truck\/#\/schema\/person\/51fa80b1c57034c4bf63f9f988fc24ce","name":"georg.blenk@krafthand-medien.de","image":{"@type":"ImageObject","inLanguage":"de","@id":"https:\/\/secure.gravatar.com\/avatar\/93713c30affe0aa95d3a4130e499bb1abee2eb31adbdd9ce2aa1543538490215?s=96&d=mm&r=g","url":"https:\/\/secure.gravatar.com\/avatar\/93713c30affe0aa95d3a4130e499bb1abee2eb31adbdd9ce2aa1543538490215?s=96&d=mm&r=g","contentUrl":"https:\/\/secure.gravatar.com\/avatar\/93713c30affe0aa95d3a4130e499bb1abee2eb31adbdd9ce2aa1543538490215?s=96&d=mm&r=g","caption":"georg.blenk@krafthand-medien.de"}}]}},"_links":{"self":[{"href":"https:\/\/www.krafthand.de\/truck\/wp-json\/wp\/v2\/posts\/33138","targetHints":{"allow":["GET"]}}],"collection":[{"href":"https:\/\/www.krafthand.de\/truck\/wp-json\/wp\/v2\/posts"}],"about":[{"href":"https:\/\/www.krafthand.de\/truck\/wp-json\/wp\/v2\/types\/post"}],"author":[{"embeddable":true,"href":"https:\/\/www.krafthand.de\/truck\/wp-json\/wp\/v2\/users\/9"}],"replies":[{"embeddable":true,"href":"https:\/\/www.krafthand.de\/truck\/wp-json\/wp\/v2\/comments?post=33138"}],"version-history":[{"count":24,"href":"https:\/\/www.krafthand.de\/truck\/wp-json\/wp\/v2\/posts\/33138\/revisions"}],"predecessor-version":[{"id":33165,"href":"https:\/\/www.krafthand.de\/truck\/wp-json\/wp\/v2\/posts\/33138\/revisions\/33165"}],"wp:featuredmedia":[{"embeddable":true,"href":"https:\/\/www.krafthand.de\/truck\/wp-json\/wp\/v2\/media\/33163"}],"wp:attachment":[{"href":"https:\/\/www.krafthand.de\/truck\/wp-json\/wp\/v2\/media?parent=33138"}],"wp:term":[{"taxonomy":"category","embeddable":true,"href":"https:\/\/www.krafthand.de\/truck\/wp-json\/wp\/v2\/categories?post=33138"},{"taxonomy":"post_tag","embeddable":true,"href":"https:\/\/www.krafthand.de\/truck\/wp-json\/wp\/v2\/tags?post=33138"},{"taxonomy":"settings","embeddable":true,"href":"https:\/\/www.krafthand.de\/truck\/wp-json\/wp\/v2\/settings?post=33138"}],"curies":[{"name":"wp","href":"https:\/\/api.w.org\/{rel}","templated":true}]}}