{"id":33114,"date":"2022-08-08T10:13:51","date_gmt":"2022-08-08T08:13:51","guid":{"rendered":"https:\/\/www.krafthand.de\/truck\/?p=33114"},"modified":"2022-08-10T23:22:40","modified_gmt":"2022-08-10T21:22:40","slug":"forvia-demo-truck-und-licht-expertise","status":"publish","type":"post","link":"https:\/\/www.krafthand.de\/truck\/artikel\/forvia-demo-truck-und-licht-expertise-33114\/","title":{"rendered":"FORVIA: Demo-Truck und Hella-Licht-Expertise auf der IAA Transportation"},"content":{"rendered":"<p><a href=\"https:\/\/www.faurecia.de\/\" target=\"_blank\" rel=\"noopener\">Faurecia<\/a> und <a href=\"https:\/\/www.hella.com\/hella-com\/index.html\" target=\"_blank\" rel=\"noopener\">HELLA<\/a> treten auf der diesj\u00e4hrigen IAA Transportation erstmals gemeinsam unter der \u00fcbergreifenden Dachmarke <a href=\"https:\/\/www.forvia.com\/de\/\" target=\"_blank\" rel=\"noopener\">FORVIA<\/a> auf. Highlight des Messeauftritts ist ein Brennstoffzellen-Demo-Truck. Mit dem Fahrzeug m\u00f6chte FORVIA seine Systemf\u00e4higkeiten auf dem Gebiet schwerer Brennstoffzellen-Fahrzeuge zeigen. Der gesamte Wasserstoff-Antriebsstrang, einschlie\u00dflich eines kompletten Wasserstoffspeichersystems, mit einer Speichermenge von 80 Kilogramm gasf\u00f6rmigem Wasserstoff und einem 150-kW-Brennstoffzellen-Stack von <a href=\"https:\/\/www.symbio.one\/en\/#!\" target=\"_blank\" rel=\"noopener\">Symbio<\/a> (ein <a href=\"https:\/\/www.krafthand.de\/truck\/artikel\/brennstoffzelle-michelin-kann-mehr-als-reifen-27807\/\" target=\"_blank\" rel=\"noopener\">Joint-Venture<\/a> zwischen Faurecia und Michelin), wird dargestellt.<\/p>\n<figure id=\"attachment_33118\" aria-describedby=\"caption-attachment-33118\" style=\"width: 420px\" class=\"wp-caption alignleft\"><a href=\"https:\/\/static.krafthand-truck.de\/uploads\/2022\/08\/Hella_LeDay_Flex_III_Scheinwerfer.jpg\" target=\"_blank\" rel=\"noopener\"><img fetchpriority=\"high\" decoding=\"async\" class=\"wp-image-33118\" src=\"https:\/\/static.krafthand-truck.de\/uploads\/2022\/08\/Hella_LeDay_Flex_III_Scheinwerfer-300x196.jpg\" alt=\"\" width=\"420\" height=\"274\" srcset=\"https:\/\/static.krafthand-truck.de\/uploads\/2022\/08\/Hella_LeDay_Flex_III_Scheinwerfer-300x196.jpg 300w, https:\/\/static.krafthand-truck.de\/uploads\/2022\/08\/Hella_LeDay_Flex_III_Scheinwerfer-1024x668.jpg 1024w, https:\/\/static.krafthand-truck.de\/uploads\/2022\/08\/Hella_LeDay_Flex_III_Scheinwerfer-768x501.jpg 768w, https:\/\/static.krafthand-truck.de\/uploads\/2022\/08\/Hella_LeDay_Flex_III_Scheinwerfer.jpg 1200w\" sizes=\"(max-width: 420px) 100vw, 420px\" \/><\/a><figcaption id=\"caption-attachment-33118\" class=\"wp-caption-text\">Das modulare Lichtsystem LEDayFlex III verf\u00fcgt \u00fcber Tagfahrlicht, Positionslicht und Blinklicht und ist mit EdgeLight-Technologie ausgestattet. Bild: HELLA<\/figcaption><\/figure>\n<p>Dar\u00fcber hinaus zeigt der Demo-Truck rund 30 Licht- und Elektronikprodukte von HELLA. Zus\u00e4tzlich ist mit einer von Faurecia und <a href=\"https:\/\/www.searsseating.com\/europe-de\/\" target=\"_blank\" rel=\"noopener\">Sears-Seating<\/a> gemeinsam entwickelten Sitzplattform, eine Weltpremiere angek\u00fcndigt.<\/p>\n<p>HELLA pr\u00e4sentiert auf dem gemeinsamen Messestand beispielsweise eine brandneue, modulare Voll-LED-Kombinationsheckleuchte f\u00fcr 24-V-Lkw und Anh\u00e4nger. Der patentierte LED-Lichtvorhang, der das R\u00fccklicht der Voll-LED-Kombinationsheckleuchte bildet, kann bei der Lichtl\u00f6sung mit gedruckten grafischen Strukturen wie Punkten, Streifen und Formen individuell gestaltet werden.<\/p>\n<p>Zudem zeigt HELLA das neue modulare Lichtsystem LEDayFlex III. Die LED-Leuchte verf\u00fcgt \u00fcber Tagfahrlicht, Positionslicht und Blinklicht und ist mit der EdgeLight-Technologie ausgestattet. Dar\u00fcber hinaus sind verschiedene elektronische L\u00f6sungen von Hella, darunter intelligente Batteriesensoren, Regen-Licht-Klima-Sensoren sowie diverse Sensoren und Aktoren, Teil des Ausstellungsprogramms.<\/p>\n<p>Last but not least stellt Faurecia zum ersten Mal eine kryogene Wasserstoffspeicherl\u00f6sung vor.<\/p>\n<p>FORVIA ist auf der <a href=\"https:\/\/iaa-transportation.com\/de\/besucher\/iaa-2022\" target=\"_blank\" rel=\"noopener\">IAA Transportation<\/a> (20. bis 25. September 2022 in Hannover) in <strong>Halle 12, Stand B27 und B31<\/strong> zu finden.<\/p>\n<p><i>Den Beitrag finden Sie auch in der Print-Ausgabe 3-2022 der <a href=\"https:\/\/www.krafthand.de\/truck\/magazin\/\" title=\"Zum Magazin\">Krafthand-Truck<\/a>.<\/i><\/p>\r\n\t\t\t\t<div class=\"post-author\">\r\n\t\t\t\t\t<div class=\"khm-cp-author clearfix\">\r\n\t\t\t\t\t\t<div class=\"khm-cp-author__content\">\r\n\t\t\t\t\t\t\t\tKontakt zum Autor:<br \/>\r\n\t\t\t\t\t\t\t\t<strong>Georg Blenk<\/strong>, 08247 \/ 3007-45 |  <a href=\"mailto:georg.blenk@krafthand-medien.de\">georg.blenk@krafthand-medien.de<\/a>\r\n\t\t\t\t\t\t\t<div class=\"khm-cp-author__image\">\r\n\t\t\t\t\t\t<img src=\"https:\/\/static.krafthand-truck.de\/uploads\/2021\/01\/Blenk_6104-250x300-1-removebg-preview.png\" class=\"img-responsive\">\r\n\t\t\t\t\t<\/div>\r\n\t\t\t\t\t\t<\/div>\r\n\t\t\t\t\t<\/div>\r\n\t\t\t\t<\/div>\r\n\t\t\t\t","protected":false},"excerpt":{"rendered":"<p>Faurecia und HELLA treten auf der diesj\u00e4hrigen IAA Transportation erstmals gemeinsam unter der \u00fcbergreifenden Dachmarke FORVIA auf. Ein Highlight des Messeauftritts ist ein Brennstoffzellen-Demo-Truck. <span class=\"excerpt-more__dots\">&#8230;<\/span> <a class=\"excerpt-more__link\" href=\"https:\/\/www.krafthand.de\/truck\/artikel\/forvia-demo-truck-und-licht-expertise-33114\/\" >weiter<\/a><\/p>\n","protected":false},"author":9,"featured_media":33117,"comment_status":"closed","ping_status":"closed","sticky":false,"template":"","format":"standard","meta":{"footnotes":""},"categories":[4224,4915,4229],"tags":[4431,5285,597,4432],"settings":[3524,4766,3523],"class_list":["post-33114","post","type-post","status-publish","format-standard","has-post-thumbnail","hentry","category-e-antrieb","category-neue-fahrzeuge","category-nfz-teile-systeme","tag-faurecia","tag-forvia","tag-hella","tag-symbio"],"yoast_head":"<!-- This site is optimized with the Yoast SEO plugin v27.3 - https:\/\/yoast.com\/product\/yoast-seo-wordpress\/ -->\n<title>Faurecia I HELLA I FORVIA I IAA Transportation I Krafthand-Truck<\/title>\n<meta name=\"description\" content=\"Faurecia und HELLA treten auf der IAA Transportation unter der Marke FORVIA auf. Highlight des Messeauftritts ist ein Brennstoffzellen-Demo-Truck.\" \/>\n<meta name=\"robots\" content=\"index, follow, max-snippet:-1, max-image-preview:large, max-video-preview:-1\" \/>\n<link rel=\"canonical\" href=\"https:\/\/www.krafthand.de\/truck\/artikel\/forvia-demo-truck-und-licht-expertise-33114\/\" \/>\n<meta property=\"og:locale\" content=\"de_DE\" \/>\n<meta property=\"og:type\" content=\"article\" \/>\n<meta property=\"og:title\" content=\"Faurecia I HELLA I FORVIA I IAA Transportation I Krafthand-Truck\" \/>\n<meta property=\"og:description\" content=\"Faurecia und HELLA treten auf der IAA Transportation unter der Marke FORVIA auf. Highlight des Messeauftritts ist ein Brennstoffzellen-Demo-Truck.\" \/>\n<meta property=\"og:url\" content=\"https:\/\/www.krafthand-truck.de\/artikel\/forvia-demo-truck-und-licht-expertise-33114\/\" \/>\n<meta property=\"og:site_name\" content=\"Krafthand-Truck\" \/>\n<meta property=\"article:published_time\" content=\"2022-08-08T08:13:51+00:00\" \/>\n<meta property=\"article:modified_time\" content=\"2022-08-10T21:22:40+00:00\" \/>\n<meta property=\"og:image\" content=\"https:\/\/static.krafthand-truck.de\/uploads\/2022\/08\/Forvia_Hella_Faurecia_IAA_Transportation.jpg\" \/>\n\t<meta property=\"og:image:width\" content=\"1200\" \/>\n\t<meta property=\"og:image:height\" content=\"509\" \/>\n\t<meta property=\"og:image:type\" content=\"image\/jpeg\" \/>\n<meta name=\"author\" content=\"georg.blenk@krafthand-medien.de\" \/>\n<meta name=\"twitter:card\" content=\"summary_large_image\" \/>\n<meta name=\"twitter:label1\" content=\"Verfasst von\" \/>\n\t<meta name=\"twitter:data1\" content=\"georg.blenk@krafthand-medien.de\" \/>\n\t<meta name=\"twitter:label2\" content=\"Gesch\u00e4tzte Lesezeit\" \/>\n\t<meta name=\"twitter:data2\" content=\"2\u00a0Minuten\" \/>\n<script type=\"application\/ld+json\" class=\"yoast-schema-graph\">{\"@context\":\"https:\\\/\\\/schema.org\",\"@graph\":[{\"@type\":\"Article\",\"@id\":\"https:\\\/\\\/www.krafthand.de\\\/truck\\\/artikel\\\/forvia-demo-truck-und-licht-expertise-33114\\\/#article\",\"isPartOf\":{\"@id\":\"https:\\\/\\\/www.krafthand.de\\\/truck\\\/artikel\\\/forvia-demo-truck-und-licht-expertise-33114\\\/\"},\"author\":{\"name\":\"georg.blenk@krafthand-medien.de\",\"@id\":\"https:\\\/\\\/www.krafthand.de\\\/truck\\\/#\\\/schema\\\/person\\\/51fa80b1c57034c4bf63f9f988fc24ce\"},\"headline\":\"FORVIA: Demo-Truck und Hella-Licht-Expertise auf der IAA Transportation\",\"datePublished\":\"2022-08-08T08:13:51+00:00\",\"dateModified\":\"2022-08-10T21:22:40+00:00\",\"mainEntityOfPage\":{\"@id\":\"https:\\\/\\\/www.krafthand.de\\\/truck\\\/artikel\\\/forvia-demo-truck-und-licht-expertise-33114\\\/\"},\"wordCount\":253,\"image\":{\"@id\":\"https:\\\/\\\/www.krafthand.de\\\/truck\\\/artikel\\\/forvia-demo-truck-und-licht-expertise-33114\\\/#primaryimage\"},\"thumbnailUrl\":\"https:\\\/\\\/static.krafthand-truck.de\\\/uploads\\\/2022\\\/08\\\/Forvia_Hella_Faurecia_IAA_Transportation.jpg\",\"keywords\":[\"Faurecia\",\"Forvia\",\"Hella\",\"Symbio\"],\"articleSection\":[\"E-Antrieb (BEV\\\/FCEV)\",\"Neue Fahrzeuge\",\"Nfz-Teile\\\/Systeme\"],\"inLanguage\":\"de\"},{\"@type\":\"WebPage\",\"@id\":\"https:\\\/\\\/www.krafthand.de\\\/truck\\\/artikel\\\/forvia-demo-truck-und-licht-expertise-33114\\\/\",\"url\":\"https:\\\/\\\/www.krafthand.de\\\/truck\\\/artikel\\\/forvia-demo-truck-und-licht-expertise-33114\\\/\",\"name\":\"Faurecia I HELLA I FORVIA I IAA Transportation I Krafthand-Truck\",\"isPartOf\":{\"@id\":\"https:\\\/\\\/www.krafthand.de\\\/truck\\\/#website\"},\"primaryImageOfPage\":{\"@id\":\"https:\\\/\\\/www.krafthand.de\\\/truck\\\/artikel\\\/forvia-demo-truck-und-licht-expertise-33114\\\/#primaryimage\"},\"image\":{\"@id\":\"https:\\\/\\\/www.krafthand.de\\\/truck\\\/artikel\\\/forvia-demo-truck-und-licht-expertise-33114\\\/#primaryimage\"},\"thumbnailUrl\":\"https:\\\/\\\/static.krafthand-truck.de\\\/uploads\\\/2022\\\/08\\\/Forvia_Hella_Faurecia_IAA_Transportation.jpg\",\"datePublished\":\"2022-08-08T08:13:51+00:00\",\"dateModified\":\"2022-08-10T21:22:40+00:00\",\"author\":{\"@id\":\"https:\\\/\\\/www.krafthand.de\\\/truck\\\/#\\\/schema\\\/person\\\/51fa80b1c57034c4bf63f9f988fc24ce\"},\"description\":\"Faurecia und HELLA treten auf der IAA Transportation unter der Marke FORVIA auf. Highlight des Messeauftritts ist ein Brennstoffzellen-Demo-Truck.\",\"breadcrumb\":{\"@id\":\"https:\\\/\\\/www.krafthand.de\\\/truck\\\/artikel\\\/forvia-demo-truck-und-licht-expertise-33114\\\/#breadcrumb\"},\"inLanguage\":\"de\",\"potentialAction\":[{\"@type\":\"ReadAction\",\"target\":[\"https:\\\/\\\/www.krafthand.de\\\/truck\\\/artikel\\\/forvia-demo-truck-und-licht-expertise-33114\\\/\"]}]},{\"@type\":\"ImageObject\",\"inLanguage\":\"de\",\"@id\":\"https:\\\/\\\/www.krafthand.de\\\/truck\\\/artikel\\\/forvia-demo-truck-und-licht-expertise-33114\\\/#primaryimage\",\"url\":\"https:\\\/\\\/static.krafthand-truck.de\\\/uploads\\\/2022\\\/08\\\/Forvia_Hella_Faurecia_IAA_Transportation.jpg\",\"contentUrl\":\"https:\\\/\\\/static.krafthand-truck.de\\\/uploads\\\/2022\\\/08\\\/Forvia_Hella_Faurecia_IAA_Transportation.jpg\",\"width\":1200,\"height\":509,\"caption\":\"Das im Demo-Truck integrierte Wasserstoffspeichersystem von Faurecia kann 80 kg gasf\u00f6rmigem Wasserstoff speichern. Bild: Faurecia\"},{\"@type\":\"BreadcrumbList\",\"@id\":\"https:\\\/\\\/www.krafthand.de\\\/truck\\\/artikel\\\/forvia-demo-truck-und-licht-expertise-33114\\\/#breadcrumb\",\"itemListElement\":[{\"@type\":\"ListItem\",\"position\":1,\"name\":\"Krafthand-Truck\",\"item\":\"https:\\\/\\\/www.krafthand.de\\\/truck\\\/\"},{\"@type\":\"ListItem\",\"position\":2,\"name\":\"IT+Fuhrpark\",\"item\":\"https:\\\/\\\/www.krafthand.de\\\/truck\\\/kategorie\\\/fuhrpark\\\/\"},{\"@type\":\"ListItem\",\"position\":3,\"name\":\"Neue Fahrzeuge\",\"item\":\"https:\\\/\\\/www.krafthand.de\\\/truck\\\/kategorie\\\/fuhrpark\\\/neue-fahrzeuge\\\/\"},{\"@type\":\"ListItem\",\"position\":4,\"name\":\"FORVIA: Demo-Truck und Hella-Licht-Expertise auf der IAA Transportation\"}]},{\"@type\":\"WebSite\",\"@id\":\"https:\\\/\\\/www.krafthand.de\\\/truck\\\/#website\",\"url\":\"https:\\\/\\\/www.krafthand.de\\\/truck\\\/\",\"name\":\"Krafthand-Truck\",\"description\":\"\",\"potentialAction\":[{\"@type\":\"SearchAction\",\"target\":{\"@type\":\"EntryPoint\",\"urlTemplate\":\"https:\\\/\\\/www.krafthand.de\\\/truck\\\/?s={search_term_string}\"},\"query-input\":{\"@type\":\"PropertyValueSpecification\",\"valueRequired\":true,\"valueName\":\"search_term_string\"}}],\"inLanguage\":\"de\"},{\"@type\":\"Person\",\"@id\":\"https:\\\/\\\/www.krafthand.de\\\/truck\\\/#\\\/schema\\\/person\\\/51fa80b1c57034c4bf63f9f988fc24ce\",\"name\":\"georg.blenk@krafthand-medien.de\",\"image\":{\"@type\":\"ImageObject\",\"inLanguage\":\"de\",\"@id\":\"https:\\\/\\\/secure.gravatar.com\\\/avatar\\\/93713c30affe0aa95d3a4130e499bb1abee2eb31adbdd9ce2aa1543538490215?s=96&d=mm&r=g\",\"url\":\"https:\\\/\\\/secure.gravatar.com\\\/avatar\\\/93713c30affe0aa95d3a4130e499bb1abee2eb31adbdd9ce2aa1543538490215?s=96&d=mm&r=g\",\"contentUrl\":\"https:\\\/\\\/secure.gravatar.com\\\/avatar\\\/93713c30affe0aa95d3a4130e499bb1abee2eb31adbdd9ce2aa1543538490215?s=96&d=mm&r=g\",\"caption\":\"georg.blenk@krafthand-medien.de\"}}]}<\/script>\n<!-- \/ Yoast SEO plugin. -->","yoast_head_json":{"title":"Faurecia I HELLA I FORVIA I IAA Transportation I Krafthand-Truck","description":"Faurecia und HELLA treten auf der IAA Transportation unter der Marke FORVIA auf. Highlight des Messeauftritts ist ein Brennstoffzellen-Demo-Truck.","robots":{"index":"index","follow":"follow","max-snippet":"max-snippet:-1","max-image-preview":"max-image-preview:large","max-video-preview":"max-video-preview:-1"},"canonical":"https:\/\/www.krafthand.de\/truck\/artikel\/forvia-demo-truck-und-licht-expertise-33114\/","og_locale":"de_DE","og_type":"article","og_title":"Faurecia I HELLA I FORVIA I IAA Transportation I Krafthand-Truck","og_description":"Faurecia und HELLA treten auf der IAA Transportation unter der Marke FORVIA auf. Highlight des Messeauftritts ist ein Brennstoffzellen-Demo-Truck.","og_url":"https:\/\/www.krafthand-truck.de\/artikel\/forvia-demo-truck-und-licht-expertise-33114\/","og_site_name":"Krafthand-Truck","article_published_time":"2022-08-08T08:13:51+00:00","article_modified_time":"2022-08-10T21:22:40+00:00","og_image":[{"width":1200,"height":509,"url":"https:\/\/static.krafthand-truck.de\/uploads\/2022\/08\/Forvia_Hella_Faurecia_IAA_Transportation.jpg","type":"image\/jpeg"}],"author":"georg.blenk@krafthand-medien.de","twitter_card":"summary_large_image","twitter_misc":{"Verfasst von":"georg.blenk@krafthand-medien.de","Gesch\u00e4tzte Lesezeit":"2\u00a0Minuten"},"schema":{"@context":"https:\/\/schema.org","@graph":[{"@type":"Article","@id":"https:\/\/www.krafthand.de\/truck\/artikel\/forvia-demo-truck-und-licht-expertise-33114\/#article","isPartOf":{"@id":"https:\/\/www.krafthand.de\/truck\/artikel\/forvia-demo-truck-und-licht-expertise-33114\/"},"author":{"name":"georg.blenk@krafthand-medien.de","@id":"https:\/\/www.krafthand.de\/truck\/#\/schema\/person\/51fa80b1c57034c4bf63f9f988fc24ce"},"headline":"FORVIA: Demo-Truck und Hella-Licht-Expertise auf der IAA Transportation","datePublished":"2022-08-08T08:13:51+00:00","dateModified":"2022-08-10T21:22:40+00:00","mainEntityOfPage":{"@id":"https:\/\/www.krafthand.de\/truck\/artikel\/forvia-demo-truck-und-licht-expertise-33114\/"},"wordCount":253,"image":{"@id":"https:\/\/www.krafthand.de\/truck\/artikel\/forvia-demo-truck-und-licht-expertise-33114\/#primaryimage"},"thumbnailUrl":"https:\/\/static.krafthand-truck.de\/uploads\/2022\/08\/Forvia_Hella_Faurecia_IAA_Transportation.jpg","keywords":["Faurecia","Forvia","Hella","Symbio"],"articleSection":["E-Antrieb (BEV\/FCEV)","Neue Fahrzeuge","Nfz-Teile\/Systeme"],"inLanguage":"de"},{"@type":"WebPage","@id":"https:\/\/www.krafthand.de\/truck\/artikel\/forvia-demo-truck-und-licht-expertise-33114\/","url":"https:\/\/www.krafthand.de\/truck\/artikel\/forvia-demo-truck-und-licht-expertise-33114\/","name":"Faurecia I HELLA I FORVIA I IAA Transportation I Krafthand-Truck","isPartOf":{"@id":"https:\/\/www.krafthand.de\/truck\/#website"},"primaryImageOfPage":{"@id":"https:\/\/www.krafthand.de\/truck\/artikel\/forvia-demo-truck-und-licht-expertise-33114\/#primaryimage"},"image":{"@id":"https:\/\/www.krafthand.de\/truck\/artikel\/forvia-demo-truck-und-licht-expertise-33114\/#primaryimage"},"thumbnailUrl":"https:\/\/static.krafthand-truck.de\/uploads\/2022\/08\/Forvia_Hella_Faurecia_IAA_Transportation.jpg","datePublished":"2022-08-08T08:13:51+00:00","dateModified":"2022-08-10T21:22:40+00:00","author":{"@id":"https:\/\/www.krafthand.de\/truck\/#\/schema\/person\/51fa80b1c57034c4bf63f9f988fc24ce"},"description":"Faurecia und HELLA treten auf der IAA Transportation unter der Marke FORVIA auf. Highlight des Messeauftritts ist ein Brennstoffzellen-Demo-Truck.","breadcrumb":{"@id":"https:\/\/www.krafthand.de\/truck\/artikel\/forvia-demo-truck-und-licht-expertise-33114\/#breadcrumb"},"inLanguage":"de","potentialAction":[{"@type":"ReadAction","target":["https:\/\/www.krafthand.de\/truck\/artikel\/forvia-demo-truck-und-licht-expertise-33114\/"]}]},{"@type":"ImageObject","inLanguage":"de","@id":"https:\/\/www.krafthand.de\/truck\/artikel\/forvia-demo-truck-und-licht-expertise-33114\/#primaryimage","url":"https:\/\/static.krafthand-truck.de\/uploads\/2022\/08\/Forvia_Hella_Faurecia_IAA_Transportation.jpg","contentUrl":"https:\/\/static.krafthand-truck.de\/uploads\/2022\/08\/Forvia_Hella_Faurecia_IAA_Transportation.jpg","width":1200,"height":509,"caption":"Das im Demo-Truck integrierte Wasserstoffspeichersystem von Faurecia kann 80 kg gasf\u00f6rmigem Wasserstoff speichern. Bild: Faurecia"},{"@type":"BreadcrumbList","@id":"https:\/\/www.krafthand.de\/truck\/artikel\/forvia-demo-truck-und-licht-expertise-33114\/#breadcrumb","itemListElement":[{"@type":"ListItem","position":1,"name":"Krafthand-Truck","item":"https:\/\/www.krafthand.de\/truck\/"},{"@type":"ListItem","position":2,"name":"IT+Fuhrpark","item":"https:\/\/www.krafthand.de\/truck\/kategorie\/fuhrpark\/"},{"@type":"ListItem","position":3,"name":"Neue Fahrzeuge","item":"https:\/\/www.krafthand.de\/truck\/kategorie\/fuhrpark\/neue-fahrzeuge\/"},{"@type":"ListItem","position":4,"name":"FORVIA: Demo-Truck und Hella-Licht-Expertise auf der IAA Transportation"}]},{"@type":"WebSite","@id":"https:\/\/www.krafthand.de\/truck\/#website","url":"https:\/\/www.krafthand.de\/truck\/","name":"Krafthand-Truck","description":"","potentialAction":[{"@type":"SearchAction","target":{"@type":"EntryPoint","urlTemplate":"https:\/\/www.krafthand.de\/truck\/?s={search_term_string}"},"query-input":{"@type":"PropertyValueSpecification","valueRequired":true,"valueName":"search_term_string"}}],"inLanguage":"de"},{"@type":"Person","@id":"https:\/\/www.krafthand.de\/truck\/#\/schema\/person\/51fa80b1c57034c4bf63f9f988fc24ce","name":"georg.blenk@krafthand-medien.de","image":{"@type":"ImageObject","inLanguage":"de","@id":"https:\/\/secure.gravatar.com\/avatar\/93713c30affe0aa95d3a4130e499bb1abee2eb31adbdd9ce2aa1543538490215?s=96&d=mm&r=g","url":"https:\/\/secure.gravatar.com\/avatar\/93713c30affe0aa95d3a4130e499bb1abee2eb31adbdd9ce2aa1543538490215?s=96&d=mm&r=g","contentUrl":"https:\/\/secure.gravatar.com\/avatar\/93713c30affe0aa95d3a4130e499bb1abee2eb31adbdd9ce2aa1543538490215?s=96&d=mm&r=g","caption":"georg.blenk@krafthand-medien.de"}}]}},"_links":{"self":[{"href":"https:\/\/www.krafthand.de\/truck\/wp-json\/wp\/v2\/posts\/33114","targetHints":{"allow":["GET"]}}],"collection":[{"href":"https:\/\/www.krafthand.de\/truck\/wp-json\/wp\/v2\/posts"}],"about":[{"href":"https:\/\/www.krafthand.de\/truck\/wp-json\/wp\/v2\/types\/post"}],"author":[{"embeddable":true,"href":"https:\/\/www.krafthand.de\/truck\/wp-json\/wp\/v2\/users\/9"}],"replies":[{"embeddable":true,"href":"https:\/\/www.krafthand.de\/truck\/wp-json\/wp\/v2\/comments?post=33114"}],"version-history":[{"count":16,"href":"https:\/\/www.krafthand.de\/truck\/wp-json\/wp\/v2\/posts\/33114\/revisions"}],"predecessor-version":[{"id":33189,"href":"https:\/\/www.krafthand.de\/truck\/wp-json\/wp\/v2\/posts\/33114\/revisions\/33189"}],"wp:featuredmedia":[{"embeddable":true,"href":"https:\/\/www.krafthand.de\/truck\/wp-json\/wp\/v2\/media\/33117"}],"wp:attachment":[{"href":"https:\/\/www.krafthand.de\/truck\/wp-json\/wp\/v2\/media?parent=33114"}],"wp:term":[{"taxonomy":"category","embeddable":true,"href":"https:\/\/www.krafthand.de\/truck\/wp-json\/wp\/v2\/categories?post=33114"},{"taxonomy":"post_tag","embeddable":true,"href":"https:\/\/www.krafthand.de\/truck\/wp-json\/wp\/v2\/tags?post=33114"},{"taxonomy":"settings","embeddable":true,"href":"https:\/\/www.krafthand.de\/truck\/wp-json\/wp\/v2\/settings?post=33114"}],"curies":[{"name":"wp","href":"https:\/\/api.w.org\/{rel}","templated":true}]}}