{"id":33097,"date":"2022-08-05T12:08:39","date_gmt":"2022-08-05T10:08:39","guid":{"rendered":"https:\/\/www.krafthand.de\/truck\/?p=33097"},"modified":"2022-08-05T12:09:48","modified_gmt":"2022-08-05T10:09:48","slug":"avl-ditest-servicegeraete-fuer-co2-klimaanlagen","status":"publish","type":"post","link":"https:\/\/www.krafthand.de\/truck\/artikel\/avl-ditest-servicegeraete-fuer-co2-klimaanlagen-33097\/","title":{"rendered":"AVL DiTEST: Serviceger\u00e4te f\u00fcr CO2-Klimaanlagen"},"content":{"rendered":"<p>Mit sorgf\u00e4ltigen Klimaservices tragen Werkst\u00e4tten einen wichtigen Teil zum Klimaschutz bei. <a href=\"https:\/\/avlditest.com\/de\/startseite.html\" target=\"_blank\" rel=\"noopener\">AVL DiTEST<\/a> m\u00f6chte auch Nutzfahrzeugwerkst\u00e4tten dabei unterst\u00fctzten. So erm\u00f6glichen die Klimaserviceger\u00e4te ADS-310 und 340 einen vollautomatischen Klimaservice an Pkw und Nutzfahrzeugen (Bussen) mit CO2-Klimaanlagen.<\/p>\n<p>Der Einsatz des Naturgases CO2 (R744) als K\u00e4ltemittel f\u00fcr Fahrzeuge ist auf dem Vormarsch. Sowohl f\u00fcr die Umwelt, technisch als auch kostenseitig bietet CO2 viele Vorteile und ist mit einem GWP (Global-Warming-Potential) von 1 faktisch klimaneutral. Technisch er\u00f6ffnet das Gas durch die m\u00f6gliche Nutzung als K\u00fchl- und Heizmittel neue Anwendungsbereiche f\u00fcr Elektrobusse wie beispielsweise den Daimler eCitaro (EvoBus) und Solaris Urbino. \u201eWir haben fr\u00fch in die richtige Technologie investiert und mit dem ADS 340, als bislang einziger Hersteller, ein vollautomatisches Klimaserviceger\u00e4t f\u00fcr die professionelle Arbeit an Bussen mit CO2-Klimaanlage entwickelt\u201c, so Dietmar Muchitsch, Produktmanager bei AVL DiTEST.<\/p>\n<p>Der Leistungsumfang der Ger\u00e4te umfasst den vollautomatischen Ablauf und die automatische Dokumentation der durchgef\u00fchrten Arbeiten, einen sicheren Umgang mit dem Arbeitsdruck von bis zu 140 bar und eine hohe Bef\u00fcllgenauigkeit. ADS 310 und 340 sind f\u00fcr den permanenten Einsatz in der Nfz- und Pkw-Werkstatt konzipiert und erm\u00f6glichen ein einfaches und schnelles Wechseln der CO2-Flaschen.<\/p>\n<p>AVL DiTest finden Sie auf der <a href=\"https:\/\/automechanika.messefrankfurt.com\/frankfurt\/de.html\" target=\"_blank\" rel=\"noopener\">Automechanika<\/a> in <strong>Halle 8, Stand C30 und in Halle 9, Stand E62K<\/strong><\/p>\n<p><i>Den Beitrag finden Sie auch in der Print-Ausgabe 3-2022 der <a href=\"https:\/\/www.krafthand.de\/truck\/magazin\/\" title=\"Zum Magazin\">Krafthand-Truck<\/a>.<\/i><\/p>","protected":false},"excerpt":{"rendered":"<p>Mit sorgf\u00e4ltigen Klimaservices tragen Werkst\u00e4tten einen wichtigen Teil zum Klimaschutz bei. AVL DiTEST m\u00f6chte auch Nutzfahrzeugwerkst\u00e4tten dabei unterst\u00fctzten. So erm\u00f6glichen die Klimaserviceger\u00e4te ADS-310 und 340 einen vollautomatischen Klimaservice an Pkw und Nutzfahrzeugen (Bussen) mit CO2-Klimaanlagen. <span class=\"excerpt-more__dots\">&#8230;<\/span> <a class=\"excerpt-more__link\" href=\"https:\/\/www.krafthand.de\/truck\/artikel\/avl-ditest-servicegeraete-fuer-co2-klimaanlagen-33097\/\" >weiter<\/a><\/p>\n","protected":false},"author":9,"featured_media":33099,"comment_status":"closed","ping_status":"closed","sticky":false,"template":"","format":"standard","meta":{"footnotes":""},"categories":[4220],"tags":[5281,555,80,5282],"settings":[4766,3523],"class_list":["post-33097","post","type-post","status-publish","format-standard","has-post-thumbnail","hentry","category-werkstattausruestung","tag-avlditest","tag-co2","tag-klimaservice","tag-r744"],"yoast_head":"<!-- This site is optimized with the Yoast SEO plugin v27.3 - https:\/\/yoast.com\/product\/yoast-seo-wordpress\/ -->\n<title>Klimaserviceger\u00e4te f\u00fcr R744 I CO2 I AVL DiTest I Krafthand-Truck<\/title>\n<meta name=\"description\" content=\"Die Klimaserviceger\u00e4te ADS-310 \/ 340 von AVL DiTEST erm\u00f6glichen einen vollautomatischen Klimaservice an Pkw und Nutzfahrzeugen mit CO2-Klimaanlagen.\" \/>\n<meta name=\"robots\" content=\"index, follow, max-snippet:-1, max-image-preview:large, max-video-preview:-1\" \/>\n<link rel=\"canonical\" href=\"https:\/\/www.krafthand.de\/truck\/artikel\/avl-ditest-servicegeraete-fuer-co2-klimaanlagen-33097\/\" \/>\n<meta property=\"og:locale\" content=\"de_DE\" \/>\n<meta property=\"og:type\" content=\"article\" \/>\n<meta property=\"og:title\" content=\"Klimaserviceger\u00e4te f\u00fcr R744 I CO2 I AVL DiTest I Krafthand-Truck\" \/>\n<meta property=\"og:description\" content=\"Die Klimaserviceger\u00e4te ADS-310 \/ 340 von AVL DiTEST erm\u00f6glichen einen vollautomatischen Klimaservice an Pkw und Nutzfahrzeugen mit CO2-Klimaanlagen.\" \/>\n<meta property=\"og:url\" content=\"https:\/\/www.krafthand-truck.de\/artikel\/avl-ditest-servicegeraete-fuer-co2-klimaanlagen-33097\/\" \/>\n<meta property=\"og:site_name\" content=\"Krafthand-Truck\" \/>\n<meta property=\"article:published_time\" content=\"2022-08-05T10:08:39+00:00\" \/>\n<meta property=\"article:modified_time\" content=\"2022-08-05T10:09:48+00:00\" \/>\n<meta property=\"og:image\" content=\"https:\/\/static.krafthand-truck.de\/uploads\/2022\/08\/AVL_DiTest_Klimaservicegeraet_CO2.jpg\" \/>\n\t<meta property=\"og:image:width\" content=\"1200\" \/>\n\t<meta property=\"og:image:height\" content=\"1800\" \/>\n\t<meta property=\"og:image:type\" content=\"image\/jpeg\" \/>\n<meta name=\"author\" content=\"georg.blenk@krafthand-medien.de\" \/>\n<meta name=\"twitter:card\" content=\"summary_large_image\" \/>\n<meta name=\"twitter:label1\" content=\"Verfasst von\" \/>\n\t<meta name=\"twitter:data1\" content=\"georg.blenk@krafthand-medien.de\" \/>\n\t<meta name=\"twitter:label2\" content=\"Gesch\u00e4tzte Lesezeit\" \/>\n\t<meta name=\"twitter:data2\" content=\"2\u00a0Minuten\" \/>\n<script type=\"application\/ld+json\" class=\"yoast-schema-graph\">{\"@context\":\"https:\\\/\\\/schema.org\",\"@graph\":[{\"@type\":\"Article\",\"@id\":\"https:\\\/\\\/www.krafthand.de\\\/truck\\\/artikel\\\/avl-ditest-servicegeraete-fuer-co2-klimaanlagen-33097\\\/#article\",\"isPartOf\":{\"@id\":\"https:\\\/\\\/www.krafthand.de\\\/truck\\\/artikel\\\/avl-ditest-servicegeraete-fuer-co2-klimaanlagen-33097\\\/\"},\"author\":{\"name\":\"georg.blenk@krafthand-medien.de\",\"@id\":\"https:\\\/\\\/www.krafthand.de\\\/truck\\\/#\\\/schema\\\/person\\\/51fa80b1c57034c4bf63f9f988fc24ce\"},\"headline\":\"AVL DiTEST: Serviceger\u00e4te f\u00fcr CO2-Klimaanlagen\",\"datePublished\":\"2022-08-05T10:08:39+00:00\",\"dateModified\":\"2022-08-05T10:09:48+00:00\",\"mainEntityOfPage\":{\"@id\":\"https:\\\/\\\/www.krafthand.de\\\/truck\\\/artikel\\\/avl-ditest-servicegeraete-fuer-co2-klimaanlagen-33097\\\/\"},\"wordCount\":230,\"image\":{\"@id\":\"https:\\\/\\\/www.krafthand.de\\\/truck\\\/artikel\\\/avl-ditest-servicegeraete-fuer-co2-klimaanlagen-33097\\\/#primaryimage\"},\"thumbnailUrl\":\"https:\\\/\\\/static.krafthand-truck.de\\\/uploads\\\/2022\\\/08\\\/AVL_DiTest_Klimaservicegeraet_CO2.jpg\",\"keywords\":[\"AVLDitest\",\"CO2\",\"Klimaservice\",\"R744\"],\"articleSection\":[\"Werkstattausr\u00fcstung\"],\"inLanguage\":\"de\"},{\"@type\":\"WebPage\",\"@id\":\"https:\\\/\\\/www.krafthand.de\\\/truck\\\/artikel\\\/avl-ditest-servicegeraete-fuer-co2-klimaanlagen-33097\\\/\",\"url\":\"https:\\\/\\\/www.krafthand.de\\\/truck\\\/artikel\\\/avl-ditest-servicegeraete-fuer-co2-klimaanlagen-33097\\\/\",\"name\":\"Klimaserviceger\u00e4te f\u00fcr R744 I CO2 I AVL DiTest I Krafthand-Truck\",\"isPartOf\":{\"@id\":\"https:\\\/\\\/www.krafthand.de\\\/truck\\\/#website\"},\"primaryImageOfPage\":{\"@id\":\"https:\\\/\\\/www.krafthand.de\\\/truck\\\/artikel\\\/avl-ditest-servicegeraete-fuer-co2-klimaanlagen-33097\\\/#primaryimage\"},\"image\":{\"@id\":\"https:\\\/\\\/www.krafthand.de\\\/truck\\\/artikel\\\/avl-ditest-servicegeraete-fuer-co2-klimaanlagen-33097\\\/#primaryimage\"},\"thumbnailUrl\":\"https:\\\/\\\/static.krafthand-truck.de\\\/uploads\\\/2022\\\/08\\\/AVL_DiTest_Klimaservicegeraet_CO2.jpg\",\"datePublished\":\"2022-08-05T10:08:39+00:00\",\"dateModified\":\"2022-08-05T10:09:48+00:00\",\"author\":{\"@id\":\"https:\\\/\\\/www.krafthand.de\\\/truck\\\/#\\\/schema\\\/person\\\/51fa80b1c57034c4bf63f9f988fc24ce\"},\"description\":\"Die Klimaserviceger\u00e4te ADS-310 \\\/ 340 von AVL DiTEST erm\u00f6glichen einen vollautomatischen Klimaservice an Pkw und Nutzfahrzeugen mit CO2-Klimaanlagen.\",\"breadcrumb\":{\"@id\":\"https:\\\/\\\/www.krafthand.de\\\/truck\\\/artikel\\\/avl-ditest-servicegeraete-fuer-co2-klimaanlagen-33097\\\/#breadcrumb\"},\"inLanguage\":\"de\",\"potentialAction\":[{\"@type\":\"ReadAction\",\"target\":[\"https:\\\/\\\/www.krafthand.de\\\/truck\\\/artikel\\\/avl-ditest-servicegeraete-fuer-co2-klimaanlagen-33097\\\/\"]}]},{\"@type\":\"ImageObject\",\"inLanguage\":\"de\",\"@id\":\"https:\\\/\\\/www.krafthand.de\\\/truck\\\/artikel\\\/avl-ditest-servicegeraete-fuer-co2-klimaanlagen-33097\\\/#primaryimage\",\"url\":\"https:\\\/\\\/static.krafthand-truck.de\\\/uploads\\\/2022\\\/08\\\/AVL_DiTest_Klimaservicegeraet_CO2.jpg\",\"contentUrl\":\"https:\\\/\\\/static.krafthand-truck.de\\\/uploads\\\/2022\\\/08\\\/AVL_DiTest_Klimaservicegeraet_CO2.jpg\",\"width\":1200,\"height\":1800},{\"@type\":\"BreadcrumbList\",\"@id\":\"https:\\\/\\\/www.krafthand.de\\\/truck\\\/artikel\\\/avl-ditest-servicegeraete-fuer-co2-klimaanlagen-33097\\\/#breadcrumb\",\"itemListElement\":[{\"@type\":\"ListItem\",\"position\":1,\"name\":\"Krafthand-Truck\",\"item\":\"https:\\\/\\\/www.krafthand.de\\\/truck\\\/\"},{\"@type\":\"ListItem\",\"position\":2,\"name\":\"Nfz-Service\",\"item\":\"https:\\\/\\\/www.krafthand.de\\\/truck\\\/kategorie\\\/nfz-service\\\/\"},{\"@type\":\"ListItem\",\"position\":3,\"name\":\"Werkstattausr\u00fcstung\",\"item\":\"https:\\\/\\\/www.krafthand.de\\\/truck\\\/kategorie\\\/nfz-service\\\/werkstattausruestung\\\/\"},{\"@type\":\"ListItem\",\"position\":4,\"name\":\"AVL DiTEST: Serviceger\u00e4te f\u00fcr CO2-Klimaanlagen\"}]},{\"@type\":\"WebSite\",\"@id\":\"https:\\\/\\\/www.krafthand.de\\\/truck\\\/#website\",\"url\":\"https:\\\/\\\/www.krafthand.de\\\/truck\\\/\",\"name\":\"Krafthand-Truck\",\"description\":\"\",\"potentialAction\":[{\"@type\":\"SearchAction\",\"target\":{\"@type\":\"EntryPoint\",\"urlTemplate\":\"https:\\\/\\\/www.krafthand.de\\\/truck\\\/?s={search_term_string}\"},\"query-input\":{\"@type\":\"PropertyValueSpecification\",\"valueRequired\":true,\"valueName\":\"search_term_string\"}}],\"inLanguage\":\"de\"},{\"@type\":\"Person\",\"@id\":\"https:\\\/\\\/www.krafthand.de\\\/truck\\\/#\\\/schema\\\/person\\\/51fa80b1c57034c4bf63f9f988fc24ce\",\"name\":\"georg.blenk@krafthand-medien.de\",\"image\":{\"@type\":\"ImageObject\",\"inLanguage\":\"de\",\"@id\":\"https:\\\/\\\/secure.gravatar.com\\\/avatar\\\/93713c30affe0aa95d3a4130e499bb1abee2eb31adbdd9ce2aa1543538490215?s=96&d=mm&r=g\",\"url\":\"https:\\\/\\\/secure.gravatar.com\\\/avatar\\\/93713c30affe0aa95d3a4130e499bb1abee2eb31adbdd9ce2aa1543538490215?s=96&d=mm&r=g\",\"contentUrl\":\"https:\\\/\\\/secure.gravatar.com\\\/avatar\\\/93713c30affe0aa95d3a4130e499bb1abee2eb31adbdd9ce2aa1543538490215?s=96&d=mm&r=g\",\"caption\":\"georg.blenk@krafthand-medien.de\"}}]}<\/script>\n<!-- \/ Yoast SEO plugin. -->","yoast_head_json":{"title":"Klimaserviceger\u00e4te f\u00fcr R744 I CO2 I AVL DiTest I Krafthand-Truck","description":"Die Klimaserviceger\u00e4te ADS-310 \/ 340 von AVL DiTEST erm\u00f6glichen einen vollautomatischen Klimaservice an Pkw und Nutzfahrzeugen mit CO2-Klimaanlagen.","robots":{"index":"index","follow":"follow","max-snippet":"max-snippet:-1","max-image-preview":"max-image-preview:large","max-video-preview":"max-video-preview:-1"},"canonical":"https:\/\/www.krafthand.de\/truck\/artikel\/avl-ditest-servicegeraete-fuer-co2-klimaanlagen-33097\/","og_locale":"de_DE","og_type":"article","og_title":"Klimaserviceger\u00e4te f\u00fcr R744 I CO2 I AVL DiTest I Krafthand-Truck","og_description":"Die Klimaserviceger\u00e4te ADS-310 \/ 340 von AVL DiTEST erm\u00f6glichen einen vollautomatischen Klimaservice an Pkw und Nutzfahrzeugen mit CO2-Klimaanlagen.","og_url":"https:\/\/www.krafthand-truck.de\/artikel\/avl-ditest-servicegeraete-fuer-co2-klimaanlagen-33097\/","og_site_name":"Krafthand-Truck","article_published_time":"2022-08-05T10:08:39+00:00","article_modified_time":"2022-08-05T10:09:48+00:00","og_image":[{"width":1200,"height":1800,"url":"https:\/\/static.krafthand-truck.de\/uploads\/2022\/08\/AVL_DiTest_Klimaservicegeraet_CO2.jpg","type":"image\/jpeg"}],"author":"georg.blenk@krafthand-medien.de","twitter_card":"summary_large_image","twitter_misc":{"Verfasst von":"georg.blenk@krafthand-medien.de","Gesch\u00e4tzte Lesezeit":"2\u00a0Minuten"},"schema":{"@context":"https:\/\/schema.org","@graph":[{"@type":"Article","@id":"https:\/\/www.krafthand.de\/truck\/artikel\/avl-ditest-servicegeraete-fuer-co2-klimaanlagen-33097\/#article","isPartOf":{"@id":"https:\/\/www.krafthand.de\/truck\/artikel\/avl-ditest-servicegeraete-fuer-co2-klimaanlagen-33097\/"},"author":{"name":"georg.blenk@krafthand-medien.de","@id":"https:\/\/www.krafthand.de\/truck\/#\/schema\/person\/51fa80b1c57034c4bf63f9f988fc24ce"},"headline":"AVL DiTEST: Serviceger\u00e4te f\u00fcr CO2-Klimaanlagen","datePublished":"2022-08-05T10:08:39+00:00","dateModified":"2022-08-05T10:09:48+00:00","mainEntityOfPage":{"@id":"https:\/\/www.krafthand.de\/truck\/artikel\/avl-ditest-servicegeraete-fuer-co2-klimaanlagen-33097\/"},"wordCount":230,"image":{"@id":"https:\/\/www.krafthand.de\/truck\/artikel\/avl-ditest-servicegeraete-fuer-co2-klimaanlagen-33097\/#primaryimage"},"thumbnailUrl":"https:\/\/static.krafthand-truck.de\/uploads\/2022\/08\/AVL_DiTest_Klimaservicegeraet_CO2.jpg","keywords":["AVLDitest","CO2","Klimaservice","R744"],"articleSection":["Werkstattausr\u00fcstung"],"inLanguage":"de"},{"@type":"WebPage","@id":"https:\/\/www.krafthand.de\/truck\/artikel\/avl-ditest-servicegeraete-fuer-co2-klimaanlagen-33097\/","url":"https:\/\/www.krafthand.de\/truck\/artikel\/avl-ditest-servicegeraete-fuer-co2-klimaanlagen-33097\/","name":"Klimaserviceger\u00e4te f\u00fcr R744 I CO2 I AVL DiTest I Krafthand-Truck","isPartOf":{"@id":"https:\/\/www.krafthand.de\/truck\/#website"},"primaryImageOfPage":{"@id":"https:\/\/www.krafthand.de\/truck\/artikel\/avl-ditest-servicegeraete-fuer-co2-klimaanlagen-33097\/#primaryimage"},"image":{"@id":"https:\/\/www.krafthand.de\/truck\/artikel\/avl-ditest-servicegeraete-fuer-co2-klimaanlagen-33097\/#primaryimage"},"thumbnailUrl":"https:\/\/static.krafthand-truck.de\/uploads\/2022\/08\/AVL_DiTest_Klimaservicegeraet_CO2.jpg","datePublished":"2022-08-05T10:08:39+00:00","dateModified":"2022-08-05T10:09:48+00:00","author":{"@id":"https:\/\/www.krafthand.de\/truck\/#\/schema\/person\/51fa80b1c57034c4bf63f9f988fc24ce"},"description":"Die Klimaserviceger\u00e4te ADS-310 \/ 340 von AVL DiTEST erm\u00f6glichen einen vollautomatischen Klimaservice an Pkw und Nutzfahrzeugen mit CO2-Klimaanlagen.","breadcrumb":{"@id":"https:\/\/www.krafthand.de\/truck\/artikel\/avl-ditest-servicegeraete-fuer-co2-klimaanlagen-33097\/#breadcrumb"},"inLanguage":"de","potentialAction":[{"@type":"ReadAction","target":["https:\/\/www.krafthand.de\/truck\/artikel\/avl-ditest-servicegeraete-fuer-co2-klimaanlagen-33097\/"]}]},{"@type":"ImageObject","inLanguage":"de","@id":"https:\/\/www.krafthand.de\/truck\/artikel\/avl-ditest-servicegeraete-fuer-co2-klimaanlagen-33097\/#primaryimage","url":"https:\/\/static.krafthand-truck.de\/uploads\/2022\/08\/AVL_DiTest_Klimaservicegeraet_CO2.jpg","contentUrl":"https:\/\/static.krafthand-truck.de\/uploads\/2022\/08\/AVL_DiTest_Klimaservicegeraet_CO2.jpg","width":1200,"height":1800},{"@type":"BreadcrumbList","@id":"https:\/\/www.krafthand.de\/truck\/artikel\/avl-ditest-servicegeraete-fuer-co2-klimaanlagen-33097\/#breadcrumb","itemListElement":[{"@type":"ListItem","position":1,"name":"Krafthand-Truck","item":"https:\/\/www.krafthand.de\/truck\/"},{"@type":"ListItem","position":2,"name":"Nfz-Service","item":"https:\/\/www.krafthand.de\/truck\/kategorie\/nfz-service\/"},{"@type":"ListItem","position":3,"name":"Werkstattausr\u00fcstung","item":"https:\/\/www.krafthand.de\/truck\/kategorie\/nfz-service\/werkstattausruestung\/"},{"@type":"ListItem","position":4,"name":"AVL DiTEST: Serviceger\u00e4te f\u00fcr CO2-Klimaanlagen"}]},{"@type":"WebSite","@id":"https:\/\/www.krafthand.de\/truck\/#website","url":"https:\/\/www.krafthand.de\/truck\/","name":"Krafthand-Truck","description":"","potentialAction":[{"@type":"SearchAction","target":{"@type":"EntryPoint","urlTemplate":"https:\/\/www.krafthand.de\/truck\/?s={search_term_string}"},"query-input":{"@type":"PropertyValueSpecification","valueRequired":true,"valueName":"search_term_string"}}],"inLanguage":"de"},{"@type":"Person","@id":"https:\/\/www.krafthand.de\/truck\/#\/schema\/person\/51fa80b1c57034c4bf63f9f988fc24ce","name":"georg.blenk@krafthand-medien.de","image":{"@type":"ImageObject","inLanguage":"de","@id":"https:\/\/secure.gravatar.com\/avatar\/93713c30affe0aa95d3a4130e499bb1abee2eb31adbdd9ce2aa1543538490215?s=96&d=mm&r=g","url":"https:\/\/secure.gravatar.com\/avatar\/93713c30affe0aa95d3a4130e499bb1abee2eb31adbdd9ce2aa1543538490215?s=96&d=mm&r=g","contentUrl":"https:\/\/secure.gravatar.com\/avatar\/93713c30affe0aa95d3a4130e499bb1abee2eb31adbdd9ce2aa1543538490215?s=96&d=mm&r=g","caption":"georg.blenk@krafthand-medien.de"}}]}},"_links":{"self":[{"href":"https:\/\/www.krafthand.de\/truck\/wp-json\/wp\/v2\/posts\/33097","targetHints":{"allow":["GET"]}}],"collection":[{"href":"https:\/\/www.krafthand.de\/truck\/wp-json\/wp\/v2\/posts"}],"about":[{"href":"https:\/\/www.krafthand.de\/truck\/wp-json\/wp\/v2\/types\/post"}],"author":[{"embeddable":true,"href":"https:\/\/www.krafthand.de\/truck\/wp-json\/wp\/v2\/users\/9"}],"replies":[{"embeddable":true,"href":"https:\/\/www.krafthand.de\/truck\/wp-json\/wp\/v2\/comments?post=33097"}],"version-history":[{"count":3,"href":"https:\/\/www.krafthand.de\/truck\/wp-json\/wp\/v2\/posts\/33097\/revisions"}],"predecessor-version":[{"id":33101,"href":"https:\/\/www.krafthand.de\/truck\/wp-json\/wp\/v2\/posts\/33097\/revisions\/33101"}],"wp:featuredmedia":[{"embeddable":true,"href":"https:\/\/www.krafthand.de\/truck\/wp-json\/wp\/v2\/media\/33099"}],"wp:attachment":[{"href":"https:\/\/www.krafthand.de\/truck\/wp-json\/wp\/v2\/media?parent=33097"}],"wp:term":[{"taxonomy":"category","embeddable":true,"href":"https:\/\/www.krafthand.de\/truck\/wp-json\/wp\/v2\/categories?post=33097"},{"taxonomy":"post_tag","embeddable":true,"href":"https:\/\/www.krafthand.de\/truck\/wp-json\/wp\/v2\/tags?post=33097"},{"taxonomy":"settings","embeddable":true,"href":"https:\/\/www.krafthand.de\/truck\/wp-json\/wp\/v2\/settings?post=33097"}],"curies":[{"name":"wp","href":"https:\/\/api.w.org\/{rel}","templated":true}]}}