{"id":32995,"date":"2022-07-22T12:35:55","date_gmt":"2022-07-22T10:35:55","guid":{"rendered":"https:\/\/www.krafthand.de\/truck\/?p=32995"},"modified":"2022-07-23T09:59:15","modified_gmt":"2022-07-23T07:59:15","slug":"aftermarket-sparte-schaeffler-eroeffnete-neuen-hauptsitz-in-frankfurt","status":"publish","type":"post","link":"https:\/\/www.krafthand.de\/truck\/artikel\/aftermarket-sparte-schaeffler-eroeffnete-neuen-hauptsitz-in-frankfurt-32995\/","title":{"rendered":"Aftermarket-Sparte: Schaeffler er\u00f6ffnete neuen Hauptsitz in Frankfurt"},"content":{"rendered":"<p>Die Schaeffler-Sparte <a href=\"https:\/\/aftermarket.schaeffler.de\/de\" target=\"_blank\" rel=\"noopener\">Automotive Aftermarket<\/a> hat am 21. Juli 2022 ihren neuen globalen Hauptsitz am Standort Frankfurt Gateway Gardens\u00a0 er\u00f6ffnet. Der Automotive Aftermarket verantwortet das globale Ersatzteilgesch\u00e4ft von Schaeffler und tr\u00e4gt damit einen wichtigen Teil zum Gesamterfolg der Schaeffler AG bei.\u00a0Der neue Standort in der De-Saint-Exup\u00e9ry-Stra\u00dfe im jungen Frankfurter Stadtteil befindet sich in direkter N\u00e4he zum Frankfurter Flughafen und bietet Mitarbeitenden wie Kunden eine optimale Anbindung aller Verkehrsmittel mitten in einem attraktiven B\u00fcroquartier.<\/p>\n<blockquote>\n<figure id=\"attachment_32999\" aria-describedby=\"caption-attachment-32999\" style=\"width: 300px\" class=\"wp-caption alignleft\"><a href=\"https:\/\/static.krafthand-truck.de\/uploads\/2022\/07\/Schaeffler_AAM_HQ_Frankfurt.jpg\" target=\"_blank\" rel=\"noopener\"><img fetchpriority=\"high\" decoding=\"async\" class=\"wp-image-32999 size-medium\" src=\"https:\/\/static.krafthand-truck.de\/uploads\/2022\/07\/Schaeffler_AAM_HQ_Frankfurt-300x200.jpg\" alt=\"\" width=\"300\" height=\"200\" srcset=\"https:\/\/static.krafthand-truck.de\/uploads\/2022\/07\/Schaeffler_AAM_HQ_Frankfurt-300x200.jpg 300w, https:\/\/static.krafthand-truck.de\/uploads\/2022\/07\/Schaeffler_AAM_HQ_Frankfurt-1024x683.jpg 1024w, https:\/\/static.krafthand-truck.de\/uploads\/2022\/07\/Schaeffler_AAM_HQ_Frankfurt-768x512.jpg 768w, https:\/\/static.krafthand-truck.de\/uploads\/2022\/07\/Schaeffler_AAM_HQ_Frankfurt.jpg 1200w\" sizes=\"(max-width: 300px) 100vw, 300px\" \/><\/a><figcaption id=\"caption-attachment-32999\" class=\"wp-caption-text\">Die neue Automotive Aftermarket Zentrale in Frankfurt bietet den rund 350 Mitarbeitenden auf 6.000 Quadratmetern B\u00fcrofl\u00e4che eine moderne Arbeitsumgebung. Bild: Schaeffler, Eva Wagner<\/figcaption><\/figure>\n<p>\u201eMit dem Umzug von Langen nach Frankfurt st\u00e4rken wir auf der einen Seite unser globales Automotive Aftermarket Headquarter und \u00fcberf\u00fchren es gleichzeitig in eine neue und moderne Arbeitswelt\u201c, unterstreicht Jens Sch\u00fcler, CEO Automotive Aftermarket bei Schaeffler. &#8222;Auf rund 6.000 Quadratmetern B\u00fcrofl\u00e4che l\u00f6st sich das New-Work-Konzept von veralteten Strukturen. Der Arbeitsplatz der Zukunft ist flexibler, offener und digitaler.&#8220;<\/p><\/blockquote>\n<h3>&#8218;New-Work-Konzept&#8216; ist auf die Bed\u00fcrfnisse der Mitarbeitenden ausgerichtet<\/h3>\n<blockquote><p>\u201eDas neue Headquarter der Aftermarket-Sparte in Frankfurt ist eine der gr\u00f6\u00dften B\u00fcrofl\u00e4chen, die wir in Europa entsprechend des Schaeffler-New-Work-Standards umgesetzt haben. New Work bei Schaeffler bedeutet unter anderem, dass die Arbeitsumgebung an die Bed\u00fcrfnisse der Mitarbeitenden angepasst und die hybride Arbeitsweise \u2013 vor Ort, Zuhause oder unterwegs \u2013 unterst\u00fctzt wird\u201c, erl\u00e4utert Stefan M\u00fcnch, Leiter Corporate Real Estate Management bei Schaeffler.<\/p><\/blockquote>\n<p>Das Schaeffler-New-Work-Konzept wird mit agilen Arbeitsbereichen in einem Multi-Space-B\u00fcroumfeld und dem Angebot verschiedener moderner Arbeitsbereiche in offenen sowie geschlossenen Raummodulen umgesetzt. Den rund 350 Mitarbeitenden in Frankfurt stehen neben 240 Standardarbeitspl\u00e4tzen zahlreiche Kollaborationsfl\u00e4chen, Besprechungsr\u00e4ume, Projektr\u00e4ume und Telefonzellen sowie weitere alternative Arbeitsplatzm\u00f6glichkeiten zur Verf\u00fcgung.<\/p>\n<figure id=\"attachment_33001\" aria-describedby=\"caption-attachment-33001\" style=\"width: 300px\" class=\"wp-caption alignright\"><a href=\"https:\/\/static.krafthand-truck.de\/uploads\/2022\/07\/Schaeffler_AAM_HQ_New_Work.jpg\" target=\"_blank\" rel=\"noopener\"><img decoding=\"async\" class=\"wp-image-33001 size-medium\" src=\"https:\/\/static.krafthand-truck.de\/uploads\/2022\/07\/Schaeffler_AAM_HQ_New_Work-300x169.jpg\" alt=\"\" width=\"300\" height=\"169\" srcset=\"https:\/\/static.krafthand-truck.de\/uploads\/2022\/07\/Schaeffler_AAM_HQ_New_Work-300x169.jpg 300w, https:\/\/static.krafthand-truck.de\/uploads\/2022\/07\/Schaeffler_AAM_HQ_New_Work-1024x576.jpg 1024w, https:\/\/static.krafthand-truck.de\/uploads\/2022\/07\/Schaeffler_AAM_HQ_New_Work-768x432.jpg 768w, https:\/\/static.krafthand-truck.de\/uploads\/2022\/07\/Schaeffler_AAM_HQ_New_Work.jpg 1200w\" sizes=\"(max-width: 300px) 100vw, 300px\" \/><\/a><figcaption id=\"caption-attachment-33001\" class=\"wp-caption-text\">Schaeffler setzt in der neuen Automotive Aftermarket Zentrale auf den \u201eSchaeffler-New-Work-Standard\u201c und bietet Raum f\u00fcr agiles, flexibles und digitales Zusammenarbeiten.<br \/>Bild: Schaeffler, Drees &amp; Sommer<\/figcaption><\/figure>\n<h3>Austausch, offene Kommunikation und Zusammenarbeit<\/h3>\n<blockquote><p>\u201eDurch dieses neue Arbeitsumfeld k\u00f6nnen Mitarbeitende flexibel und schnell interagieren. Aufgaben werden agil angegangen und es entsteht Platz f\u00fcr neue Ideen. Der neue Standort und New-Work sind wichtige Bausteine, um uns als attraktiver Arbeitgeber zu positionieren und sind damit ma\u00dfgebliche Faktoren f\u00fcr unseren zuk\u00fcnftigen Unternehmenserfolg\u201c, erg\u00e4nzt Jens Sch\u00fcler.<\/p><\/blockquote>\n<p><i>Den Beitrag finden Sie auch in der Print-Ausgabe 3-2022 der <a href=\"https:\/\/www.krafthand.de\/truck\/magazin\/\" title=\"Zum Magazin\">Krafthand-Truck<\/a>.<\/i><\/p>","protected":false},"excerpt":{"rendered":"<p>Die Schaeffler-Sparte Automotive Aftermarket hat am 21. Juli 2022 ihren neuen globalen Hauptsitz am Standort Frankfurt Gateway Gardens\u00a0 er\u00f6ffnet. Der Automotive Aftermarket verantwortet das globale Ersatzteilgesch\u00e4ft von Schaeffler und tr\u00e4gt damit einen wichtigen Teil zum Gesamterfolg der Schaeffler AG bei.\u00a0 <span class=\"excerpt-more__dots\">&#8230;<\/span> <a class=\"excerpt-more__link\" href=\"https:\/\/www.krafthand.de\/truck\/artikel\/aftermarket-sparte-schaeffler-eroeffnete-neuen-hauptsitz-in-frankfurt-32995\/\" >weiter<\/a><\/p>\n","protected":false},"author":9,"featured_media":32998,"comment_status":"closed","ping_status":"closed","sticky":false,"template":"","format":"standard","meta":{"footnotes":""},"categories":[4235],"tags":[827,1386,645,5272],"settings":[3523],"class_list":["post-32995","post","type-post","status-publish","format-standard","has-post-thumbnail","hentry","category-unternehmen","tag-automotive-aftermarket","tag-frankfurt","tag-schaeffler","tag-standort"],"yoast_head":"<!-- This site is optimized with the Yoast SEO plugin v27.3 - https:\/\/yoast.com\/product\/yoast-seo-wordpress\/ -->\n<title>Schaeffler-Automotive-Aftermarket mit neuem Hauptsitz I Krafthand-Truck<\/title>\n<meta name=\"description\" content=\"Schaeffler-Automotive-Aftermarket hat am 21. Juli 2022 den neuen globalen Hauptsitz am Standort Frankfurt Gateway Gardens\u00a0er\u00f6ffnet.\" \/>\n<meta name=\"robots\" content=\"index, follow, max-snippet:-1, max-image-preview:large, max-video-preview:-1\" \/>\n<link rel=\"canonical\" href=\"https:\/\/www.krafthand.de\/truck\/artikel\/aftermarket-sparte-schaeffler-eroeffnete-neuen-hauptsitz-in-frankfurt-32995\/\" \/>\n<meta property=\"og:locale\" content=\"de_DE\" \/>\n<meta property=\"og:type\" content=\"article\" \/>\n<meta property=\"og:title\" content=\"Schaeffler-Automotive-Aftermarket mit neuem Hauptsitz I Krafthand-Truck\" \/>\n<meta property=\"og:description\" content=\"Schaeffler-Automotive-Aftermarket hat am 21. Juli 2022 den neuen globalen Hauptsitz am Standort Frankfurt Gateway Gardens\u00a0er\u00f6ffnet.\" \/>\n<meta property=\"og:url\" content=\"https:\/\/www.krafthand-truck.de\/artikel\/aftermarket-sparte-schaeffler-eroeffnete-neuen-hauptsitz-in-frankfurt-32995\/\" \/>\n<meta property=\"og:site_name\" content=\"Krafthand-Truck\" \/>\n<meta property=\"article:published_time\" content=\"2022-07-22T10:35:55+00:00\" \/>\n<meta property=\"article:modified_time\" content=\"2022-07-23T07:59:15+00:00\" \/>\n<meta property=\"og:image\" content=\"https:\/\/static.krafthand-truck.de\/uploads\/2022\/07\/Schaeffler_AAM_HQ_Opening.jpg\" \/>\n\t<meta property=\"og:image:width\" content=\"1200\" \/>\n\t<meta property=\"og:image:height\" content=\"703\" \/>\n\t<meta property=\"og:image:type\" content=\"image\/jpeg\" \/>\n<meta name=\"author\" content=\"georg.blenk@krafthand-medien.de\" \/>\n<meta name=\"twitter:card\" content=\"summary_large_image\" \/>\n<meta name=\"twitter:label1\" content=\"Verfasst von\" \/>\n\t<meta name=\"twitter:data1\" content=\"georg.blenk@krafthand-medien.de\" \/>\n\t<meta name=\"twitter:label2\" content=\"Gesch\u00e4tzte Lesezeit\" \/>\n\t<meta name=\"twitter:data2\" content=\"3\u00a0Minuten\" \/>\n<script type=\"application\/ld+json\" class=\"yoast-schema-graph\">{\"@context\":\"https:\\\/\\\/schema.org\",\"@graph\":[{\"@type\":\"Article\",\"@id\":\"https:\\\/\\\/www.krafthand.de\\\/truck\\\/artikel\\\/aftermarket-sparte-schaeffler-eroeffnete-neuen-hauptsitz-in-frankfurt-32995\\\/#article\",\"isPartOf\":{\"@id\":\"https:\\\/\\\/www.krafthand.de\\\/truck\\\/artikel\\\/aftermarket-sparte-schaeffler-eroeffnete-neuen-hauptsitz-in-frankfurt-32995\\\/\"},\"author\":{\"name\":\"georg.blenk@krafthand-medien.de\",\"@id\":\"https:\\\/\\\/www.krafthand.de\\\/truck\\\/#\\\/schema\\\/person\\\/51fa80b1c57034c4bf63f9f988fc24ce\"},\"headline\":\"Aftermarket-Sparte: Schaeffler er\u00f6ffnete neuen Hauptsitz in Frankfurt\",\"datePublished\":\"2022-07-22T10:35:55+00:00\",\"dateModified\":\"2022-07-23T07:59:15+00:00\",\"mainEntityOfPage\":{\"@id\":\"https:\\\/\\\/www.krafthand.de\\\/truck\\\/artikel\\\/aftermarket-sparte-schaeffler-eroeffnete-neuen-hauptsitz-in-frankfurt-32995\\\/\"},\"wordCount\":393,\"image\":{\"@id\":\"https:\\\/\\\/www.krafthand.de\\\/truck\\\/artikel\\\/aftermarket-sparte-schaeffler-eroeffnete-neuen-hauptsitz-in-frankfurt-32995\\\/#primaryimage\"},\"thumbnailUrl\":\"https:\\\/\\\/static.krafthand-truck.de\\\/uploads\\\/2022\\\/07\\\/Schaeffler_AAM_HQ_Opening.jpg\",\"keywords\":[\"Automotive Aftermarket\",\"Frankfurt\",\"Schaeffler\",\"Standort\"],\"articleSection\":[\"Unternehmen\"],\"inLanguage\":\"de\"},{\"@type\":\"WebPage\",\"@id\":\"https:\\\/\\\/www.krafthand.de\\\/truck\\\/artikel\\\/aftermarket-sparte-schaeffler-eroeffnete-neuen-hauptsitz-in-frankfurt-32995\\\/\",\"url\":\"https:\\\/\\\/www.krafthand.de\\\/truck\\\/artikel\\\/aftermarket-sparte-schaeffler-eroeffnete-neuen-hauptsitz-in-frankfurt-32995\\\/\",\"name\":\"Schaeffler-Automotive-Aftermarket mit neuem Hauptsitz I Krafthand-Truck\",\"isPartOf\":{\"@id\":\"https:\\\/\\\/www.krafthand.de\\\/truck\\\/#website\"},\"primaryImageOfPage\":{\"@id\":\"https:\\\/\\\/www.krafthand.de\\\/truck\\\/artikel\\\/aftermarket-sparte-schaeffler-eroeffnete-neuen-hauptsitz-in-frankfurt-32995\\\/#primaryimage\"},\"image\":{\"@id\":\"https:\\\/\\\/www.krafthand.de\\\/truck\\\/artikel\\\/aftermarket-sparte-schaeffler-eroeffnete-neuen-hauptsitz-in-frankfurt-32995\\\/#primaryimage\"},\"thumbnailUrl\":\"https:\\\/\\\/static.krafthand-truck.de\\\/uploads\\\/2022\\\/07\\\/Schaeffler_AAM_HQ_Opening.jpg\",\"datePublished\":\"2022-07-22T10:35:55+00:00\",\"dateModified\":\"2022-07-23T07:59:15+00:00\",\"author\":{\"@id\":\"https:\\\/\\\/www.krafthand.de\\\/truck\\\/#\\\/schema\\\/person\\\/51fa80b1c57034c4bf63f9f988fc24ce\"},\"description\":\"Schaeffler-Automotive-Aftermarket hat am 21. Juli 2022 den neuen globalen Hauptsitz am Standort Frankfurt Gateway Gardens\u00a0er\u00f6ffnet.\",\"breadcrumb\":{\"@id\":\"https:\\\/\\\/www.krafthand.de\\\/truck\\\/artikel\\\/aftermarket-sparte-schaeffler-eroeffnete-neuen-hauptsitz-in-frankfurt-32995\\\/#breadcrumb\"},\"inLanguage\":\"de\",\"potentialAction\":[{\"@type\":\"ReadAction\",\"target\":[\"https:\\\/\\\/www.krafthand.de\\\/truck\\\/artikel\\\/aftermarket-sparte-schaeffler-eroeffnete-neuen-hauptsitz-in-frankfurt-32995\\\/\"]}]},{\"@type\":\"ImageObject\",\"inLanguage\":\"de\",\"@id\":\"https:\\\/\\\/www.krafthand.de\\\/truck\\\/artikel\\\/aftermarket-sparte-schaeffler-eroeffnete-neuen-hauptsitz-in-frankfurt-32995\\\/#primaryimage\",\"url\":\"https:\\\/\\\/static.krafthand-truck.de\\\/uploads\\\/2022\\\/07\\\/Schaeffler_AAM_HQ_Opening.jpg\",\"contentUrl\":\"https:\\\/\\\/static.krafthand-truck.de\\\/uploads\\\/2022\\\/07\\\/Schaeffler_AAM_HQ_Opening.jpg\",\"width\":1200,\"height\":703},{\"@type\":\"BreadcrumbList\",\"@id\":\"https:\\\/\\\/www.krafthand.de\\\/truck\\\/artikel\\\/aftermarket-sparte-schaeffler-eroeffnete-neuen-hauptsitz-in-frankfurt-32995\\\/#breadcrumb\",\"itemListElement\":[{\"@type\":\"ListItem\",\"position\":1,\"name\":\"Krafthand-Truck\",\"item\":\"https:\\\/\\\/www.krafthand.de\\\/truck\\\/\"},{\"@type\":\"ListItem\",\"position\":2,\"name\":\"Nfz-Branche\",\"item\":\"https:\\\/\\\/www.krafthand.de\\\/truck\\\/kategorie\\\/branche\\\/\"},{\"@type\":\"ListItem\",\"position\":3,\"name\":\"Unternehmen\",\"item\":\"https:\\\/\\\/www.krafthand.de\\\/truck\\\/kategorie\\\/branche\\\/unternehmen\\\/\"},{\"@type\":\"ListItem\",\"position\":4,\"name\":\"Aftermarket-Sparte: Schaeffler er\u00f6ffnete neuen Hauptsitz in Frankfurt\"}]},{\"@type\":\"WebSite\",\"@id\":\"https:\\\/\\\/www.krafthand.de\\\/truck\\\/#website\",\"url\":\"https:\\\/\\\/www.krafthand.de\\\/truck\\\/\",\"name\":\"Krafthand-Truck\",\"description\":\"\",\"potentialAction\":[{\"@type\":\"SearchAction\",\"target\":{\"@type\":\"EntryPoint\",\"urlTemplate\":\"https:\\\/\\\/www.krafthand.de\\\/truck\\\/?s={search_term_string}\"},\"query-input\":{\"@type\":\"PropertyValueSpecification\",\"valueRequired\":true,\"valueName\":\"search_term_string\"}}],\"inLanguage\":\"de\"},{\"@type\":\"Person\",\"@id\":\"https:\\\/\\\/www.krafthand.de\\\/truck\\\/#\\\/schema\\\/person\\\/51fa80b1c57034c4bf63f9f988fc24ce\",\"name\":\"georg.blenk@krafthand-medien.de\",\"image\":{\"@type\":\"ImageObject\",\"inLanguage\":\"de\",\"@id\":\"https:\\\/\\\/secure.gravatar.com\\\/avatar\\\/93713c30affe0aa95d3a4130e499bb1abee2eb31adbdd9ce2aa1543538490215?s=96&d=mm&r=g\",\"url\":\"https:\\\/\\\/secure.gravatar.com\\\/avatar\\\/93713c30affe0aa95d3a4130e499bb1abee2eb31adbdd9ce2aa1543538490215?s=96&d=mm&r=g\",\"contentUrl\":\"https:\\\/\\\/secure.gravatar.com\\\/avatar\\\/93713c30affe0aa95d3a4130e499bb1abee2eb31adbdd9ce2aa1543538490215?s=96&d=mm&r=g\",\"caption\":\"georg.blenk@krafthand-medien.de\"}}]}<\/script>\n<!-- \/ Yoast SEO plugin. -->","yoast_head_json":{"title":"Schaeffler-Automotive-Aftermarket mit neuem Hauptsitz I Krafthand-Truck","description":"Schaeffler-Automotive-Aftermarket hat am 21. Juli 2022 den neuen globalen Hauptsitz am Standort Frankfurt Gateway Gardens\u00a0er\u00f6ffnet.","robots":{"index":"index","follow":"follow","max-snippet":"max-snippet:-1","max-image-preview":"max-image-preview:large","max-video-preview":"max-video-preview:-1"},"canonical":"https:\/\/www.krafthand.de\/truck\/artikel\/aftermarket-sparte-schaeffler-eroeffnete-neuen-hauptsitz-in-frankfurt-32995\/","og_locale":"de_DE","og_type":"article","og_title":"Schaeffler-Automotive-Aftermarket mit neuem Hauptsitz I Krafthand-Truck","og_description":"Schaeffler-Automotive-Aftermarket hat am 21. Juli 2022 den neuen globalen Hauptsitz am Standort Frankfurt Gateway Gardens\u00a0er\u00f6ffnet.","og_url":"https:\/\/www.krafthand-truck.de\/artikel\/aftermarket-sparte-schaeffler-eroeffnete-neuen-hauptsitz-in-frankfurt-32995\/","og_site_name":"Krafthand-Truck","article_published_time":"2022-07-22T10:35:55+00:00","article_modified_time":"2022-07-23T07:59:15+00:00","og_image":[{"width":1200,"height":703,"url":"https:\/\/static.krafthand-truck.de\/uploads\/2022\/07\/Schaeffler_AAM_HQ_Opening.jpg","type":"image\/jpeg"}],"author":"georg.blenk@krafthand-medien.de","twitter_card":"summary_large_image","twitter_misc":{"Verfasst von":"georg.blenk@krafthand-medien.de","Gesch\u00e4tzte Lesezeit":"3\u00a0Minuten"},"schema":{"@context":"https:\/\/schema.org","@graph":[{"@type":"Article","@id":"https:\/\/www.krafthand.de\/truck\/artikel\/aftermarket-sparte-schaeffler-eroeffnete-neuen-hauptsitz-in-frankfurt-32995\/#article","isPartOf":{"@id":"https:\/\/www.krafthand.de\/truck\/artikel\/aftermarket-sparte-schaeffler-eroeffnete-neuen-hauptsitz-in-frankfurt-32995\/"},"author":{"name":"georg.blenk@krafthand-medien.de","@id":"https:\/\/www.krafthand.de\/truck\/#\/schema\/person\/51fa80b1c57034c4bf63f9f988fc24ce"},"headline":"Aftermarket-Sparte: Schaeffler er\u00f6ffnete neuen Hauptsitz in Frankfurt","datePublished":"2022-07-22T10:35:55+00:00","dateModified":"2022-07-23T07:59:15+00:00","mainEntityOfPage":{"@id":"https:\/\/www.krafthand.de\/truck\/artikel\/aftermarket-sparte-schaeffler-eroeffnete-neuen-hauptsitz-in-frankfurt-32995\/"},"wordCount":393,"image":{"@id":"https:\/\/www.krafthand.de\/truck\/artikel\/aftermarket-sparte-schaeffler-eroeffnete-neuen-hauptsitz-in-frankfurt-32995\/#primaryimage"},"thumbnailUrl":"https:\/\/static.krafthand-truck.de\/uploads\/2022\/07\/Schaeffler_AAM_HQ_Opening.jpg","keywords":["Automotive Aftermarket","Frankfurt","Schaeffler","Standort"],"articleSection":["Unternehmen"],"inLanguage":"de"},{"@type":"WebPage","@id":"https:\/\/www.krafthand.de\/truck\/artikel\/aftermarket-sparte-schaeffler-eroeffnete-neuen-hauptsitz-in-frankfurt-32995\/","url":"https:\/\/www.krafthand.de\/truck\/artikel\/aftermarket-sparte-schaeffler-eroeffnete-neuen-hauptsitz-in-frankfurt-32995\/","name":"Schaeffler-Automotive-Aftermarket mit neuem Hauptsitz I Krafthand-Truck","isPartOf":{"@id":"https:\/\/www.krafthand.de\/truck\/#website"},"primaryImageOfPage":{"@id":"https:\/\/www.krafthand.de\/truck\/artikel\/aftermarket-sparte-schaeffler-eroeffnete-neuen-hauptsitz-in-frankfurt-32995\/#primaryimage"},"image":{"@id":"https:\/\/www.krafthand.de\/truck\/artikel\/aftermarket-sparte-schaeffler-eroeffnete-neuen-hauptsitz-in-frankfurt-32995\/#primaryimage"},"thumbnailUrl":"https:\/\/static.krafthand-truck.de\/uploads\/2022\/07\/Schaeffler_AAM_HQ_Opening.jpg","datePublished":"2022-07-22T10:35:55+00:00","dateModified":"2022-07-23T07:59:15+00:00","author":{"@id":"https:\/\/www.krafthand.de\/truck\/#\/schema\/person\/51fa80b1c57034c4bf63f9f988fc24ce"},"description":"Schaeffler-Automotive-Aftermarket hat am 21. Juli 2022 den neuen globalen Hauptsitz am Standort Frankfurt Gateway Gardens\u00a0er\u00f6ffnet.","breadcrumb":{"@id":"https:\/\/www.krafthand.de\/truck\/artikel\/aftermarket-sparte-schaeffler-eroeffnete-neuen-hauptsitz-in-frankfurt-32995\/#breadcrumb"},"inLanguage":"de","potentialAction":[{"@type":"ReadAction","target":["https:\/\/www.krafthand.de\/truck\/artikel\/aftermarket-sparte-schaeffler-eroeffnete-neuen-hauptsitz-in-frankfurt-32995\/"]}]},{"@type":"ImageObject","inLanguage":"de","@id":"https:\/\/www.krafthand.de\/truck\/artikel\/aftermarket-sparte-schaeffler-eroeffnete-neuen-hauptsitz-in-frankfurt-32995\/#primaryimage","url":"https:\/\/static.krafthand-truck.de\/uploads\/2022\/07\/Schaeffler_AAM_HQ_Opening.jpg","contentUrl":"https:\/\/static.krafthand-truck.de\/uploads\/2022\/07\/Schaeffler_AAM_HQ_Opening.jpg","width":1200,"height":703},{"@type":"BreadcrumbList","@id":"https:\/\/www.krafthand.de\/truck\/artikel\/aftermarket-sparte-schaeffler-eroeffnete-neuen-hauptsitz-in-frankfurt-32995\/#breadcrumb","itemListElement":[{"@type":"ListItem","position":1,"name":"Krafthand-Truck","item":"https:\/\/www.krafthand.de\/truck\/"},{"@type":"ListItem","position":2,"name":"Nfz-Branche","item":"https:\/\/www.krafthand.de\/truck\/kategorie\/branche\/"},{"@type":"ListItem","position":3,"name":"Unternehmen","item":"https:\/\/www.krafthand.de\/truck\/kategorie\/branche\/unternehmen\/"},{"@type":"ListItem","position":4,"name":"Aftermarket-Sparte: Schaeffler er\u00f6ffnete neuen Hauptsitz in Frankfurt"}]},{"@type":"WebSite","@id":"https:\/\/www.krafthand.de\/truck\/#website","url":"https:\/\/www.krafthand.de\/truck\/","name":"Krafthand-Truck","description":"","potentialAction":[{"@type":"SearchAction","target":{"@type":"EntryPoint","urlTemplate":"https:\/\/www.krafthand.de\/truck\/?s={search_term_string}"},"query-input":{"@type":"PropertyValueSpecification","valueRequired":true,"valueName":"search_term_string"}}],"inLanguage":"de"},{"@type":"Person","@id":"https:\/\/www.krafthand.de\/truck\/#\/schema\/person\/51fa80b1c57034c4bf63f9f988fc24ce","name":"georg.blenk@krafthand-medien.de","image":{"@type":"ImageObject","inLanguage":"de","@id":"https:\/\/secure.gravatar.com\/avatar\/93713c30affe0aa95d3a4130e499bb1abee2eb31adbdd9ce2aa1543538490215?s=96&d=mm&r=g","url":"https:\/\/secure.gravatar.com\/avatar\/93713c30affe0aa95d3a4130e499bb1abee2eb31adbdd9ce2aa1543538490215?s=96&d=mm&r=g","contentUrl":"https:\/\/secure.gravatar.com\/avatar\/93713c30affe0aa95d3a4130e499bb1abee2eb31adbdd9ce2aa1543538490215?s=96&d=mm&r=g","caption":"georg.blenk@krafthand-medien.de"}}]}},"_links":{"self":[{"href":"https:\/\/www.krafthand.de\/truck\/wp-json\/wp\/v2\/posts\/32995","targetHints":{"allow":["GET"]}}],"collection":[{"href":"https:\/\/www.krafthand.de\/truck\/wp-json\/wp\/v2\/posts"}],"about":[{"href":"https:\/\/www.krafthand.de\/truck\/wp-json\/wp\/v2\/types\/post"}],"author":[{"embeddable":true,"href":"https:\/\/www.krafthand.de\/truck\/wp-json\/wp\/v2\/users\/9"}],"replies":[{"embeddable":true,"href":"https:\/\/www.krafthand.de\/truck\/wp-json\/wp\/v2\/comments?post=32995"}],"version-history":[{"count":7,"href":"https:\/\/www.krafthand.de\/truck\/wp-json\/wp\/v2\/posts\/32995\/revisions"}],"predecessor-version":[{"id":33005,"href":"https:\/\/www.krafthand.de\/truck\/wp-json\/wp\/v2\/posts\/32995\/revisions\/33005"}],"wp:featuredmedia":[{"embeddable":true,"href":"https:\/\/www.krafthand.de\/truck\/wp-json\/wp\/v2\/media\/32998"}],"wp:attachment":[{"href":"https:\/\/www.krafthand.de\/truck\/wp-json\/wp\/v2\/media?parent=32995"}],"wp:term":[{"taxonomy":"category","embeddable":true,"href":"https:\/\/www.krafthand.de\/truck\/wp-json\/wp\/v2\/categories?post=32995"},{"taxonomy":"post_tag","embeddable":true,"href":"https:\/\/www.krafthand.de\/truck\/wp-json\/wp\/v2\/tags?post=32995"},{"taxonomy":"settings","embeddable":true,"href":"https:\/\/www.krafthand.de\/truck\/wp-json\/wp\/v2\/settings?post=32995"}],"curies":[{"name":"wp","href":"https:\/\/api.w.org\/{rel}","templated":true}]}}