{"id":3298,"date":"2017-12-14T13:42:48","date_gmt":"2017-12-14T12:42:48","guid":{"rendered":"https:\/\/www.krafthand.de\/truck\/artikel\/zwei-saeulen-hebebuehne-tpl9000-von-finkbeiner-fuer-den-gemischten-fuhrpark-3298\/"},"modified":"2018-02-01T09:37:36","modified_gmt":"2018-02-01T08:37:36","slug":"zwei-saeulen-hebebuehne-tpl9000-von-finkbeiner-fuer-den-gemischten-fuhrpark","status":"publish","type":"post","link":"https:\/\/www.krafthand.de\/truck\/artikel\/zwei-saeulen-hebebuehne-tpl9000-von-finkbeiner-fuer-den-gemischten-fuhrpark-3298\/","title":{"rendered":"Zwei-S\u00e4ulen-Hebeb\u00fchne &#8218;TPL9000&#8216; von Finkbeiner f\u00fcr den gemischten Fuhrpark"},"content":{"rendered":"<p class=\"text-colored\">Viele Nutzfahrzeug-Werkst\u00e4tten reparieren auch Transporter und Wohnmobile \u2013 und zahlreiche Pkw-Servicebetriebe k\u00fcmmern sich ebenfalls um Wohnmobile, Transporter und leichte Nutzfahrzeuge. Insbesondere, wenn der Fahrzeughersteller beides im Portfolio hat. F\u00fcr solche &#8218;Mischbetriebe&#8216; hat Finkbeiner mit der &#8218;TPL9000&#8216; seit Kurzem eine spezielle Zwei-S\u00e4ulen-Hebeb\u00fchne im Programm, die mit einer Tragkraft von neun Tonnen &#8218;beides kann&#8216; \u2013 und nach eigenem Bekunden &#8222;neue Ma\u00dfst\u00e4be bei Zwei-S\u00e4ulen-Hebeb\u00fchnen&#8220; setzen soll.<\/p>\n<p>&#8222;Denn beim Anheben von Transportern mit langen Radst\u00e4nden und bei Leichtnutzfahrzeugen ist nicht die reine Nutzlast entscheidend, sondern vielmehr die Biegesteifigkeit der tragenden Bauteile, um eine sichere Lastaufnahme zu gew\u00e4hrleisten&#8220;, erkl\u00e4rt der Hebetechnikspezialist aus dem Schwarzwald. Deshalb habe man ein spezielles Tragarmkonzept entwickelt, mit dem sich auch schwierige Fahrzeugaufnahmepunkte sicher erreichen lassen sollen. &#8222;Damit bietet die &#8218;TPL9000&#8216; nicht nur Reserven f\u00fcr besondere Belastungsf\u00e4lle, sondern ist auch f\u00fcr zuk\u00fcnftige Fahrzeugkonzepte ger\u00fcstet&#8220;, versprechen die Produktinformationen. Zudem verf\u00fcgt die B\u00fchne \u00fcber eine doppelte Lastsicherung (mechanisch und hydraulisch), wobei die Verriegelung in jeder Hubh\u00f6he mechanisch erfolgt.<br \/>\nDie elektrohydraulische Hebeb\u00fchne kommt ohne Querverbindungen aus und verf\u00fcgt \u00fcber vier rollengelagerte Teleskop-Gelenkarme, der Hub ist mit 1.900 Millimetern angegeben. Standardm\u00e4\u00dfig betr\u00e4gt die Einfahrbreite 2.500 Millimeter, ist aber laut Hersteller variabel. Variabel soll auch die Hubgeschwindigkeit sein: der Betreiber kann \u00fcber die &#8218;Vario Speed&#8216;-Funktion zwischen &#8218;Schnell&#8216; und &#8218;Langsam&#8216; w\u00e4hlen. Die &#8218;Soft Start&#8216;-Funktion indes soll einlastschonendes Ansetzen am Fahrzeug gestatten. Finkbeiner weist zudem darauf hin, dass die angegebene Traglast von neun Tonnen nach CE1493 f\u00fcr eine ungleiche Lastverteilung von vorn zu hinten im Verh\u00e4ltnis 1:3 \/ 3:1 gilt.<\/p>\n","protected":false},"excerpt":{"rendered":"<p>Viele Nutzfahrzeug-Werkst\u00e4tten reparieren auch Transporter und Wohnmobile \u2013 und zahlreiche Pkw-Servicebetriebe k\u00fcmmern sich ebenfalls um Wohnmobile, Transporter und leichte Nutzfahrzeuge. Insbesondere, wenn der Fahrzeughersteller beides im Portfolio hat. F\u00fcr solche &#8218;Mischbetriebe&#8216; hat Finkbeiner mit der &#8218;TPL9000&#8216; seit Kurzem eine spezielle Zwei-S\u00e4ulen-Hebeb\u00fchne im Programm, die mit einer Tragkraft von neun Tonnen &#8218;beides kann&#8216; \u2013 und nach eigenem Bekunden &#8222;neue Ma\u00dfst\u00e4be bei Zwei-S\u00e4ulen-Hebeb\u00fchnen&#8220; setzen soll. <span class=\"excerpt-more__dots\">&#8230;<\/span> <a class=\"excerpt-more__link\" href=\"https:\/\/www.krafthand.de\/truck\/artikel\/zwei-saeulen-hebebuehne-tpl9000-von-finkbeiner-fuer-den-gemischten-fuhrpark-3298\/\" >weiter<\/a><\/p>\n","protected":false},"author":3,"featured_media":3299,"comment_status":"closed","ping_status":"closed","sticky":false,"template":"","format":"standard","meta":{"footnotes":""},"categories":[5],"tags":[1624,3498,3501,1358,118,3500,3502,3499],"settings":[],"class_list":["post-3298","post","type-post","status-publish","format-standard","has-post-thumbnail","hentry","category-branche","tag-equipment","tag-finkbeiner","tag-gelenkarm","tag-hebetechnik","tag-nutzfahrzeuge","tag-tpl-9000","tag-tragkraft","tag-zwei-saeulen-hebetechnik"],"yoast_head":"<!-- This site is optimized with the Yoast SEO plugin v27.3 - https:\/\/yoast.com\/product\/yoast-seo-wordpress\/ -->\n<title>Zwei-S\u00e4ulen-Hebeb\u00fchne &#039;TPL9000&#039; von Finkbeiner f\u00fcr den gemischten Fuhrpark - Krafthand-Truck<\/title>\n<meta name=\"robots\" content=\"index, follow, max-snippet:-1, max-image-preview:large, max-video-preview:-1\" \/>\n<link rel=\"canonical\" href=\"https:\/\/www.krafthand.de\/truck\/artikel\/zwei-saeulen-hebebuehne-tpl9000-von-finkbeiner-fuer-den-gemischten-fuhrpark-3298\/\" \/>\n<meta property=\"og:locale\" content=\"de_DE\" \/>\n<meta property=\"og:type\" content=\"article\" \/>\n<meta property=\"og:title\" content=\"Zwei-S\u00e4ulen-Hebeb\u00fchne &#039;TPL9000&#039; von Finkbeiner f\u00fcr den gemischten Fuhrpark - Krafthand-Truck\" \/>\n<meta property=\"og:description\" content=\"Viele Nutzfahrzeug-Werkst\u00e4tten reparieren auch Transporter und Wohnmobile \u2013 und zahlreiche Pkw-Servicebetriebe k\u00fcmmern sich ebenfalls um Wohnmobile, Transporter und leichte Nutzfahrzeuge. Insbesondere, wenn der Fahrzeughersteller beides im Portfolio hat. F\u00fcr solche &#039;Mischbetriebe&#039; hat Finkbeiner mit der &#039;TPL9000&#039; seit Kurzem eine spezielle Zwei-S\u00e4ulen-Hebeb\u00fchne im Programm, die mit einer Tragkraft von neun Tonnen &#039;beides kann&#039; \u2013 und nach eigenem Bekunden &quot;neue Ma\u00dfst\u00e4be bei Zwei-S\u00e4ulen-Hebeb\u00fchnen&quot; setzen soll. ... weiter\" \/>\n<meta property=\"og:url\" content=\"https:\/\/www.krafthand-truck.de\/artikel\/zwei-saeulen-hebebuehne-tpl9000-von-finkbeiner-fuer-den-gemischten-fuhrpark-3298\/\" \/>\n<meta property=\"og:site_name\" content=\"Krafthand-Truck\" \/>\n<meta property=\"article:published_time\" content=\"2017-12-14T12:42:48+00:00\" \/>\n<meta property=\"article:modified_time\" content=\"2018-02-01T08:37:36+00:00\" \/>\n<meta property=\"og:image\" content=\"https:\/\/www.krafthand.de\/truck\/wp-content\/uploads\/2017\/12\/kht0417_018.jpg\" \/>\n\t<meta property=\"og:image:width\" content=\"736\" \/>\n\t<meta property=\"og:image:height\" content=\"1200\" \/>\n\t<meta property=\"og:image:type\" content=\"image\/jpeg\" \/>\n<meta name=\"author\" content=\"katja.heid@krafthand.de\" \/>\n<meta name=\"twitter:card\" content=\"summary_large_image\" \/>\n<meta name=\"twitter:label1\" content=\"Verfasst von\" \/>\n\t<meta name=\"twitter:data1\" content=\"katja.heid@krafthand.de\" \/>\n\t<meta name=\"twitter:label2\" content=\"Gesch\u00e4tzte Lesezeit\" \/>\n\t<meta name=\"twitter:data2\" content=\"1\u00a0Minute\" \/>\n<script type=\"application\/ld+json\" class=\"yoast-schema-graph\">{\"@context\":\"https:\\\/\\\/schema.org\",\"@graph\":[{\"@type\":\"Article\",\"@id\":\"https:\\\/\\\/www.krafthand.de\\\/truck\\\/artikel\\\/zwei-saeulen-hebebuehne-tpl9000-von-finkbeiner-fuer-den-gemischten-fuhrpark-3298\\\/#article\",\"isPartOf\":{\"@id\":\"https:\\\/\\\/www.krafthand.de\\\/truck\\\/artikel\\\/zwei-saeulen-hebebuehne-tpl9000-von-finkbeiner-fuer-den-gemischten-fuhrpark-3298\\\/\"},\"author\":{\"name\":\"katja.heid@krafthand.de\",\"@id\":\"https:\\\/\\\/www.krafthand.de\\\/truck\\\/#\\\/schema\\\/person\\\/8e290c6d425b72d176adc7767a251001\"},\"headline\":\"Zwei-S\u00e4ulen-Hebeb\u00fchne &#8218;TPL9000&#8216; von Finkbeiner f\u00fcr den gemischten Fuhrpark\",\"datePublished\":\"2017-12-14T12:42:48+00:00\",\"dateModified\":\"2018-02-01T08:37:36+00:00\",\"mainEntityOfPage\":{\"@id\":\"https:\\\/\\\/www.krafthand.de\\\/truck\\\/artikel\\\/zwei-saeulen-hebebuehne-tpl9000-von-finkbeiner-fuer-den-gemischten-fuhrpark-3298\\\/\"},\"wordCount\":277,\"image\":{\"@id\":\"https:\\\/\\\/www.krafthand.de\\\/truck\\\/artikel\\\/zwei-saeulen-hebebuehne-tpl9000-von-finkbeiner-fuer-den-gemischten-fuhrpark-3298\\\/#primaryimage\"},\"thumbnailUrl\":\"https:\\\/\\\/static.krafthand-truck.de\\\/uploads\\\/2017\\\/12\\\/kht0417_018.jpg\",\"keywords\":[\"Equipment\",\"Finkbeiner\",\"Gelenkarm\",\"Hebetechnik\",\"Nutzfahrzeuge\",\"TPL 9000\",\"Tragkraft\",\"Zwei-S\u00e4ulen-Hebetechnik\"],\"articleSection\":[\"Nfz-Branche\"],\"inLanguage\":\"de\"},{\"@type\":\"WebPage\",\"@id\":\"https:\\\/\\\/www.krafthand.de\\\/truck\\\/artikel\\\/zwei-saeulen-hebebuehne-tpl9000-von-finkbeiner-fuer-den-gemischten-fuhrpark-3298\\\/\",\"url\":\"https:\\\/\\\/www.krafthand.de\\\/truck\\\/artikel\\\/zwei-saeulen-hebebuehne-tpl9000-von-finkbeiner-fuer-den-gemischten-fuhrpark-3298\\\/\",\"name\":\"Zwei-S\u00e4ulen-Hebeb\u00fchne 'TPL9000' von Finkbeiner f\u00fcr den gemischten Fuhrpark - Krafthand-Truck\",\"isPartOf\":{\"@id\":\"https:\\\/\\\/www.krafthand.de\\\/truck\\\/#website\"},\"primaryImageOfPage\":{\"@id\":\"https:\\\/\\\/www.krafthand.de\\\/truck\\\/artikel\\\/zwei-saeulen-hebebuehne-tpl9000-von-finkbeiner-fuer-den-gemischten-fuhrpark-3298\\\/#primaryimage\"},\"image\":{\"@id\":\"https:\\\/\\\/www.krafthand.de\\\/truck\\\/artikel\\\/zwei-saeulen-hebebuehne-tpl9000-von-finkbeiner-fuer-den-gemischten-fuhrpark-3298\\\/#primaryimage\"},\"thumbnailUrl\":\"https:\\\/\\\/static.krafthand-truck.de\\\/uploads\\\/2017\\\/12\\\/kht0417_018.jpg\",\"datePublished\":\"2017-12-14T12:42:48+00:00\",\"dateModified\":\"2018-02-01T08:37:36+00:00\",\"author\":{\"@id\":\"https:\\\/\\\/www.krafthand.de\\\/truck\\\/#\\\/schema\\\/person\\\/8e290c6d425b72d176adc7767a251001\"},\"breadcrumb\":{\"@id\":\"https:\\\/\\\/www.krafthand.de\\\/truck\\\/artikel\\\/zwei-saeulen-hebebuehne-tpl9000-von-finkbeiner-fuer-den-gemischten-fuhrpark-3298\\\/#breadcrumb\"},\"inLanguage\":\"de\",\"potentialAction\":[{\"@type\":\"ReadAction\",\"target\":[\"https:\\\/\\\/www.krafthand.de\\\/truck\\\/artikel\\\/zwei-saeulen-hebebuehne-tpl9000-von-finkbeiner-fuer-den-gemischten-fuhrpark-3298\\\/\"]}]},{\"@type\":\"ImageObject\",\"inLanguage\":\"de\",\"@id\":\"https:\\\/\\\/www.krafthand.de\\\/truck\\\/artikel\\\/zwei-saeulen-hebebuehne-tpl9000-von-finkbeiner-fuer-den-gemischten-fuhrpark-3298\\\/#primaryimage\",\"url\":\"https:\\\/\\\/static.krafthand-truck.de\\\/uploads\\\/2017\\\/12\\\/kht0417_018.jpg\",\"contentUrl\":\"https:\\\/\\\/static.krafthand-truck.de\\\/uploads\\\/2017\\\/12\\\/kht0417_018.jpg\",\"width\":736,\"height\":1200,\"caption\":\"F\u00fcr den gemischten Fuhrpark: Speziell f\u00fcr Werkst\u00e4tten, die sowohl Pkw als auch leichte Nutzfahrzeuge reparieren, hat Finkbeiner die hydraulische Zwei-S\u00e4ulen-Hebeb\u00fchne \u201aTPL 9000\u2019 entwickelt. Bild: Finkbeiner\"},{\"@type\":\"BreadcrumbList\",\"@id\":\"https:\\\/\\\/www.krafthand.de\\\/truck\\\/artikel\\\/zwei-saeulen-hebebuehne-tpl9000-von-finkbeiner-fuer-den-gemischten-fuhrpark-3298\\\/#breadcrumb\",\"itemListElement\":[{\"@type\":\"ListItem\",\"position\":1,\"name\":\"Krafthand-Truck\",\"item\":\"https:\\\/\\\/www.krafthand.de\\\/truck\\\/\"},{\"@type\":\"ListItem\",\"position\":2,\"name\":\"Nfz-Branche\",\"item\":\"https:\\\/\\\/www.krafthand.de\\\/truck\\\/kategorie\\\/branche\\\/\"},{\"@type\":\"ListItem\",\"position\":3,\"name\":\"Zwei-S\u00e4ulen-Hebeb\u00fchne &#8218;TPL9000&#8216; von Finkbeiner f\u00fcr den gemischten Fuhrpark\"}]},{\"@type\":\"WebSite\",\"@id\":\"https:\\\/\\\/www.krafthand.de\\\/truck\\\/#website\",\"url\":\"https:\\\/\\\/www.krafthand.de\\\/truck\\\/\",\"name\":\"Krafthand-Truck\",\"description\":\"\",\"potentialAction\":[{\"@type\":\"SearchAction\",\"target\":{\"@type\":\"EntryPoint\",\"urlTemplate\":\"https:\\\/\\\/www.krafthand.de\\\/truck\\\/?s={search_term_string}\"},\"query-input\":{\"@type\":\"PropertyValueSpecification\",\"valueRequired\":true,\"valueName\":\"search_term_string\"}}],\"inLanguage\":\"de\"},{\"@type\":\"Person\",\"@id\":\"https:\\\/\\\/www.krafthand.de\\\/truck\\\/#\\\/schema\\\/person\\\/8e290c6d425b72d176adc7767a251001\",\"name\":\"katja.heid@krafthand.de\",\"image\":{\"@type\":\"ImageObject\",\"inLanguage\":\"de\",\"@id\":\"https:\\\/\\\/secure.gravatar.com\\\/avatar\\\/9a2930c54ede0e0a76c0f8abfb74704de273084f2aa0e3c6deb2c86704c7402b?s=96&d=mm&r=g\",\"url\":\"https:\\\/\\\/secure.gravatar.com\\\/avatar\\\/9a2930c54ede0e0a76c0f8abfb74704de273084f2aa0e3c6deb2c86704c7402b?s=96&d=mm&r=g\",\"contentUrl\":\"https:\\\/\\\/secure.gravatar.com\\\/avatar\\\/9a2930c54ede0e0a76c0f8abfb74704de273084f2aa0e3c6deb2c86704c7402b?s=96&d=mm&r=g\",\"caption\":\"katja.heid@krafthand.de\"}}]}<\/script>\n<!-- \/ Yoast SEO plugin. -->","yoast_head_json":{"title":"Zwei-S\u00e4ulen-Hebeb\u00fchne 'TPL9000' von Finkbeiner f\u00fcr den gemischten Fuhrpark - Krafthand-Truck","robots":{"index":"index","follow":"follow","max-snippet":"max-snippet:-1","max-image-preview":"max-image-preview:large","max-video-preview":"max-video-preview:-1"},"canonical":"https:\/\/www.krafthand.de\/truck\/artikel\/zwei-saeulen-hebebuehne-tpl9000-von-finkbeiner-fuer-den-gemischten-fuhrpark-3298\/","og_locale":"de_DE","og_type":"article","og_title":"Zwei-S\u00e4ulen-Hebeb\u00fchne 'TPL9000' von Finkbeiner f\u00fcr den gemischten Fuhrpark - Krafthand-Truck","og_description":"Viele Nutzfahrzeug-Werkst\u00e4tten reparieren auch Transporter und Wohnmobile \u2013 und zahlreiche Pkw-Servicebetriebe k\u00fcmmern sich ebenfalls um Wohnmobile, Transporter und leichte Nutzfahrzeuge. Insbesondere, wenn der Fahrzeughersteller beides im Portfolio hat. F\u00fcr solche 'Mischbetriebe' hat Finkbeiner mit der 'TPL9000' seit Kurzem eine spezielle Zwei-S\u00e4ulen-Hebeb\u00fchne im Programm, die mit einer Tragkraft von neun Tonnen 'beides kann' \u2013 und nach eigenem Bekunden \"neue Ma\u00dfst\u00e4be bei Zwei-S\u00e4ulen-Hebeb\u00fchnen\" setzen soll. ... weiter","og_url":"https:\/\/www.krafthand-truck.de\/artikel\/zwei-saeulen-hebebuehne-tpl9000-von-finkbeiner-fuer-den-gemischten-fuhrpark-3298\/","og_site_name":"Krafthand-Truck","article_published_time":"2017-12-14T12:42:48+00:00","article_modified_time":"2018-02-01T08:37:36+00:00","og_image":[{"width":736,"height":1200,"url":"https:\/\/www.krafthand.de\/truck\/wp-content\/uploads\/2017\/12\/kht0417_018.jpg","type":"image\/jpeg"}],"author":"katja.heid@krafthand.de","twitter_card":"summary_large_image","twitter_misc":{"Verfasst von":"katja.heid@krafthand.de","Gesch\u00e4tzte Lesezeit":"1\u00a0Minute"},"schema":{"@context":"https:\/\/schema.org","@graph":[{"@type":"Article","@id":"https:\/\/www.krafthand.de\/truck\/artikel\/zwei-saeulen-hebebuehne-tpl9000-von-finkbeiner-fuer-den-gemischten-fuhrpark-3298\/#article","isPartOf":{"@id":"https:\/\/www.krafthand.de\/truck\/artikel\/zwei-saeulen-hebebuehne-tpl9000-von-finkbeiner-fuer-den-gemischten-fuhrpark-3298\/"},"author":{"name":"katja.heid@krafthand.de","@id":"https:\/\/www.krafthand.de\/truck\/#\/schema\/person\/8e290c6d425b72d176adc7767a251001"},"headline":"Zwei-S\u00e4ulen-Hebeb\u00fchne &#8218;TPL9000&#8216; von Finkbeiner f\u00fcr den gemischten Fuhrpark","datePublished":"2017-12-14T12:42:48+00:00","dateModified":"2018-02-01T08:37:36+00:00","mainEntityOfPage":{"@id":"https:\/\/www.krafthand.de\/truck\/artikel\/zwei-saeulen-hebebuehne-tpl9000-von-finkbeiner-fuer-den-gemischten-fuhrpark-3298\/"},"wordCount":277,"image":{"@id":"https:\/\/www.krafthand.de\/truck\/artikel\/zwei-saeulen-hebebuehne-tpl9000-von-finkbeiner-fuer-den-gemischten-fuhrpark-3298\/#primaryimage"},"thumbnailUrl":"https:\/\/static.krafthand-truck.de\/uploads\/2017\/12\/kht0417_018.jpg","keywords":["Equipment","Finkbeiner","Gelenkarm","Hebetechnik","Nutzfahrzeuge","TPL 9000","Tragkraft","Zwei-S\u00e4ulen-Hebetechnik"],"articleSection":["Nfz-Branche"],"inLanguage":"de"},{"@type":"WebPage","@id":"https:\/\/www.krafthand.de\/truck\/artikel\/zwei-saeulen-hebebuehne-tpl9000-von-finkbeiner-fuer-den-gemischten-fuhrpark-3298\/","url":"https:\/\/www.krafthand.de\/truck\/artikel\/zwei-saeulen-hebebuehne-tpl9000-von-finkbeiner-fuer-den-gemischten-fuhrpark-3298\/","name":"Zwei-S\u00e4ulen-Hebeb\u00fchne 'TPL9000' von Finkbeiner f\u00fcr den gemischten Fuhrpark - Krafthand-Truck","isPartOf":{"@id":"https:\/\/www.krafthand.de\/truck\/#website"},"primaryImageOfPage":{"@id":"https:\/\/www.krafthand.de\/truck\/artikel\/zwei-saeulen-hebebuehne-tpl9000-von-finkbeiner-fuer-den-gemischten-fuhrpark-3298\/#primaryimage"},"image":{"@id":"https:\/\/www.krafthand.de\/truck\/artikel\/zwei-saeulen-hebebuehne-tpl9000-von-finkbeiner-fuer-den-gemischten-fuhrpark-3298\/#primaryimage"},"thumbnailUrl":"https:\/\/static.krafthand-truck.de\/uploads\/2017\/12\/kht0417_018.jpg","datePublished":"2017-12-14T12:42:48+00:00","dateModified":"2018-02-01T08:37:36+00:00","author":{"@id":"https:\/\/www.krafthand.de\/truck\/#\/schema\/person\/8e290c6d425b72d176adc7767a251001"},"breadcrumb":{"@id":"https:\/\/www.krafthand.de\/truck\/artikel\/zwei-saeulen-hebebuehne-tpl9000-von-finkbeiner-fuer-den-gemischten-fuhrpark-3298\/#breadcrumb"},"inLanguage":"de","potentialAction":[{"@type":"ReadAction","target":["https:\/\/www.krafthand.de\/truck\/artikel\/zwei-saeulen-hebebuehne-tpl9000-von-finkbeiner-fuer-den-gemischten-fuhrpark-3298\/"]}]},{"@type":"ImageObject","inLanguage":"de","@id":"https:\/\/www.krafthand.de\/truck\/artikel\/zwei-saeulen-hebebuehne-tpl9000-von-finkbeiner-fuer-den-gemischten-fuhrpark-3298\/#primaryimage","url":"https:\/\/static.krafthand-truck.de\/uploads\/2017\/12\/kht0417_018.jpg","contentUrl":"https:\/\/static.krafthand-truck.de\/uploads\/2017\/12\/kht0417_018.jpg","width":736,"height":1200,"caption":"F\u00fcr den gemischten Fuhrpark: Speziell f\u00fcr Werkst\u00e4tten, die sowohl Pkw als auch leichte Nutzfahrzeuge reparieren, hat Finkbeiner die hydraulische Zwei-S\u00e4ulen-Hebeb\u00fchne \u201aTPL 9000\u2019 entwickelt. Bild: Finkbeiner"},{"@type":"BreadcrumbList","@id":"https:\/\/www.krafthand.de\/truck\/artikel\/zwei-saeulen-hebebuehne-tpl9000-von-finkbeiner-fuer-den-gemischten-fuhrpark-3298\/#breadcrumb","itemListElement":[{"@type":"ListItem","position":1,"name":"Krafthand-Truck","item":"https:\/\/www.krafthand.de\/truck\/"},{"@type":"ListItem","position":2,"name":"Nfz-Branche","item":"https:\/\/www.krafthand.de\/truck\/kategorie\/branche\/"},{"@type":"ListItem","position":3,"name":"Zwei-S\u00e4ulen-Hebeb\u00fchne &#8218;TPL9000&#8216; von Finkbeiner f\u00fcr den gemischten Fuhrpark"}]},{"@type":"WebSite","@id":"https:\/\/www.krafthand.de\/truck\/#website","url":"https:\/\/www.krafthand.de\/truck\/","name":"Krafthand-Truck","description":"","potentialAction":[{"@type":"SearchAction","target":{"@type":"EntryPoint","urlTemplate":"https:\/\/www.krafthand.de\/truck\/?s={search_term_string}"},"query-input":{"@type":"PropertyValueSpecification","valueRequired":true,"valueName":"search_term_string"}}],"inLanguage":"de"},{"@type":"Person","@id":"https:\/\/www.krafthand.de\/truck\/#\/schema\/person\/8e290c6d425b72d176adc7767a251001","name":"katja.heid@krafthand.de","image":{"@type":"ImageObject","inLanguage":"de","@id":"https:\/\/secure.gravatar.com\/avatar\/9a2930c54ede0e0a76c0f8abfb74704de273084f2aa0e3c6deb2c86704c7402b?s=96&d=mm&r=g","url":"https:\/\/secure.gravatar.com\/avatar\/9a2930c54ede0e0a76c0f8abfb74704de273084f2aa0e3c6deb2c86704c7402b?s=96&d=mm&r=g","contentUrl":"https:\/\/secure.gravatar.com\/avatar\/9a2930c54ede0e0a76c0f8abfb74704de273084f2aa0e3c6deb2c86704c7402b?s=96&d=mm&r=g","caption":"katja.heid@krafthand.de"}}]}},"_links":{"self":[{"href":"https:\/\/www.krafthand.de\/truck\/wp-json\/wp\/v2\/posts\/3298","targetHints":{"allow":["GET"]}}],"collection":[{"href":"https:\/\/www.krafthand.de\/truck\/wp-json\/wp\/v2\/posts"}],"about":[{"href":"https:\/\/www.krafthand.de\/truck\/wp-json\/wp\/v2\/types\/post"}],"author":[{"embeddable":true,"href":"https:\/\/www.krafthand.de\/truck\/wp-json\/wp\/v2\/users\/3"}],"replies":[{"embeddable":true,"href":"https:\/\/www.krafthand.de\/truck\/wp-json\/wp\/v2\/comments?post=3298"}],"version-history":[{"count":1,"href":"https:\/\/www.krafthand.de\/truck\/wp-json\/wp\/v2\/posts\/3298\/revisions"}],"predecessor-version":[{"id":23636,"href":"https:\/\/www.krafthand.de\/truck\/wp-json\/wp\/v2\/posts\/3298\/revisions\/23636"}],"wp:featuredmedia":[{"embeddable":true,"href":"https:\/\/www.krafthand.de\/truck\/wp-json\/wp\/v2\/media\/3299"}],"wp:attachment":[{"href":"https:\/\/www.krafthand.de\/truck\/wp-json\/wp\/v2\/media?parent=3298"}],"wp:term":[{"taxonomy":"category","embeddable":true,"href":"https:\/\/www.krafthand.de\/truck\/wp-json\/wp\/v2\/categories?post=3298"},{"taxonomy":"post_tag","embeddable":true,"href":"https:\/\/www.krafthand.de\/truck\/wp-json\/wp\/v2\/tags?post=3298"},{"taxonomy":"settings","embeddable":true,"href":"https:\/\/www.krafthand.de\/truck\/wp-json\/wp\/v2\/settings?post=3298"}],"curies":[{"name":"wp","href":"https:\/\/api.w.org\/{rel}","templated":true}]}}