{"id":3294,"date":"2017-12-11T10:15:01","date_gmt":"2017-12-11T09:15:01","guid":{"rendered":"https:\/\/www.krafthand.de\/truck\/artikel\/energy-awards-elektroantrieb-von-bpw-ausgezeichnet-3294\/"},"modified":"2017-12-11T10:15:01","modified_gmt":"2017-12-11T09:15:01","slug":"energy-awards-elektroantrieb-von-bpw-ausgezeichnet","status":"publish","type":"post","link":"https:\/\/www.krafthand.de\/truck\/artikel\/energy-awards-elektroantrieb-von-bpw-ausgezeichnet-3294\/","title":{"rendered":"&#8218;Energy Awards&#8216;: Elektroantrieb von BPW ausgezeichnet"},"content":{"rendered":"<p class=\"text-colored\">Die &#8218;Energy Awards&#8216; zeichnen j\u00e4hrlich herausragende Projekte, Konzepte und Ideen aus, die erneuerbare Energien optimal ausnutzen und dadurch sowohl die Energieeffizienz steigern als auch Energie sparen. K\u00fcrzlich hat &#8218;eTransport&#8216;, eine vom Wiehler Achsenspezialisten BPW entwickelte, elektrisch angetriebene Achse, in der Kategorie &#8218;Mobilit\u00e4t&#8216; die begehrte Auszeichnung erhalten.<\/p>\n<p>Das Konzept &#8218;eTransport&#8216; wurde nach Unternehmensangaben als elektrischer Achsantrieb f\u00fcr innerst\u00e4dtische Verteilerfahrzeuge entwickelt, sei aber auch f\u00fcr schwerere Nutzfahrzeuge denkbar. Das System aus Achse, elektrischem Antrieb und Energiespeicherung soll gegen\u00fcber konventionellen Antrieben gewichtsneutral sein und sich in verschiedene Fahrzeugmodelle integrieren und auch nachr\u00fcsten lassen.<br \/>\n&#8218;eTransport&#8216; wird laut BPW emissionsfrei angetrieben und die Bremsenergie rekuperiert. Zudem soll die Achse die Lenkbarkeit des Fahrzeugs positiv beeinflussen und dessen Man\u00f6vrierf\u00e4higkeit erh\u00f6hen &#8211; was &#8218;eTransport&#8216; speziell f\u00fcr die &#8218;letzte Meile&#8216; interessant machen soll. Das System soll sich innerhalb weniger Stunden aufladen lassen und dann problemlos eine Tagestour im innerst\u00e4dtischen Verteilerverkehr absolvieren k\u00f6nnen, verspricht BPW.<\/p>\n","protected":false},"excerpt":{"rendered":"<p>Die &#8218;Energy Awards&#8216; zeichnen j\u00e4hrlich herausragende Projekte, Konzepte und Ideen aus, die erneuerbare Energien optimal ausnutzen und dadurch sowohl die Energieeffizienz steigern als auch Energie sparen. K\u00fcrzlich hat &#8218;eTransport&#8216;, eine vom Wiehler Achsenspezialisten BPW entwickelte, elektrisch angetriebene Achse, in der Kategorie &#8218;Mobilit\u00e4t&#8216; die begehrte Auszeichnung erhalten. <span class=\"excerpt-more__dots\">&#8230;<\/span> <a class=\"excerpt-more__link\" href=\"https:\/\/www.krafthand.de\/truck\/artikel\/energy-awards-elektroantrieb-von-bpw-ausgezeichnet-3294\/\" >weiter<\/a><\/p>\n","protected":false},"author":3,"featured_media":3295,"comment_status":"closed","ping_status":"closed","sticky":false,"template":"","format":"standard","meta":{"footnotes":""},"categories":[5],"tags":[173,433,3496,3497],"settings":[],"class_list":["post-3294","post","type-post","status-publish","format-standard","has-post-thumbnail","hentry","category-branche","tag-bpw","tag-energieeffizienz","tag-energy-awards","tag-etransport"],"yoast_head":"<!-- This site is optimized with the Yoast SEO plugin v27.3 - https:\/\/yoast.com\/product\/yoast-seo-wordpress\/ -->\n<title>&#039;Energy Awards&#039;: Elektroantrieb von BPW ausgezeichnet - Krafthand-Truck<\/title>\n<meta name=\"robots\" content=\"index, follow, max-snippet:-1, max-image-preview:large, max-video-preview:-1\" \/>\n<link rel=\"canonical\" href=\"https:\/\/www.krafthand.de\/truck\/artikel\/energy-awards-elektroantrieb-von-bpw-ausgezeichnet-3294\/\" \/>\n<meta property=\"og:locale\" content=\"de_DE\" \/>\n<meta property=\"og:type\" content=\"article\" \/>\n<meta property=\"og:title\" content=\"&#039;Energy Awards&#039;: Elektroantrieb von BPW ausgezeichnet - Krafthand-Truck\" \/>\n<meta property=\"og:description\" content=\"Die &#039;Energy Awards&#039; zeichnen j\u00e4hrlich herausragende Projekte, Konzepte und Ideen aus, die erneuerbare Energien optimal ausnutzen und dadurch sowohl die Energieeffizienz steigern als auch Energie sparen. K\u00fcrzlich hat &#039;eTransport&#039;, eine vom Wiehler Achsenspezialisten BPW entwickelte, elektrisch angetriebene Achse, in der Kategorie &#039;Mobilit\u00e4t&#039; die begehrte Auszeichnung erhalten. ... weiter\" \/>\n<meta property=\"og:url\" content=\"https:\/\/www.krafthand-truck.de\/artikel\/energy-awards-elektroantrieb-von-bpw-ausgezeichnet-3294\/\" \/>\n<meta property=\"og:site_name\" content=\"Krafthand-Truck\" \/>\n<meta property=\"article:published_time\" content=\"2017-12-11T09:15:01+00:00\" \/>\n<meta property=\"og:image\" content=\"https:\/\/www.krafthand.de\/truck\/wp-content\/uploads\/2017\/12\/kht0417_060_01.jpg\" \/>\n\t<meta property=\"og:image:width\" content=\"1200\" \/>\n\t<meta property=\"og:image:height\" content=\"800\" \/>\n\t<meta property=\"og:image:type\" content=\"image\/jpeg\" \/>\n<meta name=\"author\" content=\"katja.heid@krafthand.de\" \/>\n<meta name=\"twitter:card\" content=\"summary_large_image\" \/>\n<meta name=\"twitter:label1\" content=\"Verfasst von\" \/>\n\t<meta name=\"twitter:data1\" content=\"katja.heid@krafthand.de\" \/>\n\t<meta name=\"twitter:label2\" content=\"Gesch\u00e4tzte Lesezeit\" \/>\n\t<meta name=\"twitter:data2\" content=\"1\u00a0Minute\" \/>\n<script type=\"application\/ld+json\" class=\"yoast-schema-graph\">{\"@context\":\"https:\\\/\\\/schema.org\",\"@graph\":[{\"@type\":\"Article\",\"@id\":\"https:\\\/\\\/www.krafthand.de\\\/truck\\\/artikel\\\/energy-awards-elektroantrieb-von-bpw-ausgezeichnet-3294\\\/#article\",\"isPartOf\":{\"@id\":\"https:\\\/\\\/www.krafthand.de\\\/truck\\\/artikel\\\/energy-awards-elektroantrieb-von-bpw-ausgezeichnet-3294\\\/\"},\"author\":{\"name\":\"katja.heid@krafthand.de\",\"@id\":\"https:\\\/\\\/www.krafthand.de\\\/truck\\\/#\\\/schema\\\/person\\\/8e290c6d425b72d176adc7767a251001\"},\"headline\":\"&#8218;Energy Awards&#8216;: Elektroantrieb von BPW ausgezeichnet\",\"datePublished\":\"2017-12-11T09:15:01+00:00\",\"mainEntityOfPage\":{\"@id\":\"https:\\\/\\\/www.krafthand.de\\\/truck\\\/artikel\\\/energy-awards-elektroantrieb-von-bpw-ausgezeichnet-3294\\\/\"},\"wordCount\":168,\"image\":{\"@id\":\"https:\\\/\\\/www.krafthand.de\\\/truck\\\/artikel\\\/energy-awards-elektroantrieb-von-bpw-ausgezeichnet-3294\\\/#primaryimage\"},\"thumbnailUrl\":\"https:\\\/\\\/static.krafthand-truck.de\\\/uploads\\\/2017\\\/12\\\/kht0417_060_01.jpg\",\"keywords\":[\"BPW\",\"Energieeffizienz\",\"Energy Awards\",\"eTransport\"],\"articleSection\":[\"Nfz-Branche\"],\"inLanguage\":\"de\"},{\"@type\":\"WebPage\",\"@id\":\"https:\\\/\\\/www.krafthand.de\\\/truck\\\/artikel\\\/energy-awards-elektroantrieb-von-bpw-ausgezeichnet-3294\\\/\",\"url\":\"https:\\\/\\\/www.krafthand.de\\\/truck\\\/artikel\\\/energy-awards-elektroantrieb-von-bpw-ausgezeichnet-3294\\\/\",\"name\":\"'Energy Awards': Elektroantrieb von BPW ausgezeichnet - Krafthand-Truck\",\"isPartOf\":{\"@id\":\"https:\\\/\\\/www.krafthand.de\\\/truck\\\/#website\"},\"primaryImageOfPage\":{\"@id\":\"https:\\\/\\\/www.krafthand.de\\\/truck\\\/artikel\\\/energy-awards-elektroantrieb-von-bpw-ausgezeichnet-3294\\\/#primaryimage\"},\"image\":{\"@id\":\"https:\\\/\\\/www.krafthand.de\\\/truck\\\/artikel\\\/energy-awards-elektroantrieb-von-bpw-ausgezeichnet-3294\\\/#primaryimage\"},\"thumbnailUrl\":\"https:\\\/\\\/static.krafthand-truck.de\\\/uploads\\\/2017\\\/12\\\/kht0417_060_01.jpg\",\"datePublished\":\"2017-12-11T09:15:01+00:00\",\"author\":{\"@id\":\"https:\\\/\\\/www.krafthand.de\\\/truck\\\/#\\\/schema\\\/person\\\/8e290c6d425b72d176adc7767a251001\"},\"breadcrumb\":{\"@id\":\"https:\\\/\\\/www.krafthand.de\\\/truck\\\/artikel\\\/energy-awards-elektroantrieb-von-bpw-ausgezeichnet-3294\\\/#breadcrumb\"},\"inLanguage\":\"de\",\"potentialAction\":[{\"@type\":\"ReadAction\",\"target\":[\"https:\\\/\\\/www.krafthand.de\\\/truck\\\/artikel\\\/energy-awards-elektroantrieb-von-bpw-ausgezeichnet-3294\\\/\"]}]},{\"@type\":\"ImageObject\",\"inLanguage\":\"de\",\"@id\":\"https:\\\/\\\/www.krafthand.de\\\/truck\\\/artikel\\\/energy-awards-elektroantrieb-von-bpw-ausgezeichnet-3294\\\/#primaryimage\",\"url\":\"https:\\\/\\\/static.krafthand-truck.de\\\/uploads\\\/2017\\\/12\\\/kht0417_060_01.jpg\",\"contentUrl\":\"https:\\\/\\\/static.krafthand-truck.de\\\/uploads\\\/2017\\\/12\\\/kht0417_060_01.jpg\",\"width\":1200,\"height\":800},{\"@type\":\"BreadcrumbList\",\"@id\":\"https:\\\/\\\/www.krafthand.de\\\/truck\\\/artikel\\\/energy-awards-elektroantrieb-von-bpw-ausgezeichnet-3294\\\/#breadcrumb\",\"itemListElement\":[{\"@type\":\"ListItem\",\"position\":1,\"name\":\"Krafthand-Truck\",\"item\":\"https:\\\/\\\/www.krafthand.de\\\/truck\\\/\"},{\"@type\":\"ListItem\",\"position\":2,\"name\":\"Nfz-Branche\",\"item\":\"https:\\\/\\\/www.krafthand.de\\\/truck\\\/kategorie\\\/branche\\\/\"},{\"@type\":\"ListItem\",\"position\":3,\"name\":\"&#8218;Energy Awards&#8216;: Elektroantrieb von BPW ausgezeichnet\"}]},{\"@type\":\"WebSite\",\"@id\":\"https:\\\/\\\/www.krafthand.de\\\/truck\\\/#website\",\"url\":\"https:\\\/\\\/www.krafthand.de\\\/truck\\\/\",\"name\":\"Krafthand-Truck\",\"description\":\"\",\"potentialAction\":[{\"@type\":\"SearchAction\",\"target\":{\"@type\":\"EntryPoint\",\"urlTemplate\":\"https:\\\/\\\/www.krafthand.de\\\/truck\\\/?s={search_term_string}\"},\"query-input\":{\"@type\":\"PropertyValueSpecification\",\"valueRequired\":true,\"valueName\":\"search_term_string\"}}],\"inLanguage\":\"de\"},{\"@type\":\"Person\",\"@id\":\"https:\\\/\\\/www.krafthand.de\\\/truck\\\/#\\\/schema\\\/person\\\/8e290c6d425b72d176adc7767a251001\",\"name\":\"katja.heid@krafthand.de\",\"image\":{\"@type\":\"ImageObject\",\"inLanguage\":\"de\",\"@id\":\"https:\\\/\\\/secure.gravatar.com\\\/avatar\\\/9a2930c54ede0e0a76c0f8abfb74704de273084f2aa0e3c6deb2c86704c7402b?s=96&d=mm&r=g\",\"url\":\"https:\\\/\\\/secure.gravatar.com\\\/avatar\\\/9a2930c54ede0e0a76c0f8abfb74704de273084f2aa0e3c6deb2c86704c7402b?s=96&d=mm&r=g\",\"contentUrl\":\"https:\\\/\\\/secure.gravatar.com\\\/avatar\\\/9a2930c54ede0e0a76c0f8abfb74704de273084f2aa0e3c6deb2c86704c7402b?s=96&d=mm&r=g\",\"caption\":\"katja.heid@krafthand.de\"}}]}<\/script>\n<!-- \/ Yoast SEO plugin. -->","yoast_head_json":{"title":"'Energy Awards': Elektroantrieb von BPW ausgezeichnet - Krafthand-Truck","robots":{"index":"index","follow":"follow","max-snippet":"max-snippet:-1","max-image-preview":"max-image-preview:large","max-video-preview":"max-video-preview:-1"},"canonical":"https:\/\/www.krafthand.de\/truck\/artikel\/energy-awards-elektroantrieb-von-bpw-ausgezeichnet-3294\/","og_locale":"de_DE","og_type":"article","og_title":"'Energy Awards': Elektroantrieb von BPW ausgezeichnet - Krafthand-Truck","og_description":"Die 'Energy Awards' zeichnen j\u00e4hrlich herausragende Projekte, Konzepte und Ideen aus, die erneuerbare Energien optimal ausnutzen und dadurch sowohl die Energieeffizienz steigern als auch Energie sparen. K\u00fcrzlich hat 'eTransport', eine vom Wiehler Achsenspezialisten BPW entwickelte, elektrisch angetriebene Achse, in der Kategorie 'Mobilit\u00e4t' die begehrte Auszeichnung erhalten. ... weiter","og_url":"https:\/\/www.krafthand-truck.de\/artikel\/energy-awards-elektroantrieb-von-bpw-ausgezeichnet-3294\/","og_site_name":"Krafthand-Truck","article_published_time":"2017-12-11T09:15:01+00:00","og_image":[{"width":1200,"height":800,"url":"https:\/\/www.krafthand.de\/truck\/wp-content\/uploads\/2017\/12\/kht0417_060_01.jpg","type":"image\/jpeg"}],"author":"katja.heid@krafthand.de","twitter_card":"summary_large_image","twitter_misc":{"Verfasst von":"katja.heid@krafthand.de","Gesch\u00e4tzte Lesezeit":"1\u00a0Minute"},"schema":{"@context":"https:\/\/schema.org","@graph":[{"@type":"Article","@id":"https:\/\/www.krafthand.de\/truck\/artikel\/energy-awards-elektroantrieb-von-bpw-ausgezeichnet-3294\/#article","isPartOf":{"@id":"https:\/\/www.krafthand.de\/truck\/artikel\/energy-awards-elektroantrieb-von-bpw-ausgezeichnet-3294\/"},"author":{"name":"katja.heid@krafthand.de","@id":"https:\/\/www.krafthand.de\/truck\/#\/schema\/person\/8e290c6d425b72d176adc7767a251001"},"headline":"&#8218;Energy Awards&#8216;: Elektroantrieb von BPW ausgezeichnet","datePublished":"2017-12-11T09:15:01+00:00","mainEntityOfPage":{"@id":"https:\/\/www.krafthand.de\/truck\/artikel\/energy-awards-elektroantrieb-von-bpw-ausgezeichnet-3294\/"},"wordCount":168,"image":{"@id":"https:\/\/www.krafthand.de\/truck\/artikel\/energy-awards-elektroantrieb-von-bpw-ausgezeichnet-3294\/#primaryimage"},"thumbnailUrl":"https:\/\/static.krafthand-truck.de\/uploads\/2017\/12\/kht0417_060_01.jpg","keywords":["BPW","Energieeffizienz","Energy Awards","eTransport"],"articleSection":["Nfz-Branche"],"inLanguage":"de"},{"@type":"WebPage","@id":"https:\/\/www.krafthand.de\/truck\/artikel\/energy-awards-elektroantrieb-von-bpw-ausgezeichnet-3294\/","url":"https:\/\/www.krafthand.de\/truck\/artikel\/energy-awards-elektroantrieb-von-bpw-ausgezeichnet-3294\/","name":"'Energy Awards': Elektroantrieb von BPW ausgezeichnet - Krafthand-Truck","isPartOf":{"@id":"https:\/\/www.krafthand.de\/truck\/#website"},"primaryImageOfPage":{"@id":"https:\/\/www.krafthand.de\/truck\/artikel\/energy-awards-elektroantrieb-von-bpw-ausgezeichnet-3294\/#primaryimage"},"image":{"@id":"https:\/\/www.krafthand.de\/truck\/artikel\/energy-awards-elektroantrieb-von-bpw-ausgezeichnet-3294\/#primaryimage"},"thumbnailUrl":"https:\/\/static.krafthand-truck.de\/uploads\/2017\/12\/kht0417_060_01.jpg","datePublished":"2017-12-11T09:15:01+00:00","author":{"@id":"https:\/\/www.krafthand.de\/truck\/#\/schema\/person\/8e290c6d425b72d176adc7767a251001"},"breadcrumb":{"@id":"https:\/\/www.krafthand.de\/truck\/artikel\/energy-awards-elektroantrieb-von-bpw-ausgezeichnet-3294\/#breadcrumb"},"inLanguage":"de","potentialAction":[{"@type":"ReadAction","target":["https:\/\/www.krafthand.de\/truck\/artikel\/energy-awards-elektroantrieb-von-bpw-ausgezeichnet-3294\/"]}]},{"@type":"ImageObject","inLanguage":"de","@id":"https:\/\/www.krafthand.de\/truck\/artikel\/energy-awards-elektroantrieb-von-bpw-ausgezeichnet-3294\/#primaryimage","url":"https:\/\/static.krafthand-truck.de\/uploads\/2017\/12\/kht0417_060_01.jpg","contentUrl":"https:\/\/static.krafthand-truck.de\/uploads\/2017\/12\/kht0417_060_01.jpg","width":1200,"height":800},{"@type":"BreadcrumbList","@id":"https:\/\/www.krafthand.de\/truck\/artikel\/energy-awards-elektroantrieb-von-bpw-ausgezeichnet-3294\/#breadcrumb","itemListElement":[{"@type":"ListItem","position":1,"name":"Krafthand-Truck","item":"https:\/\/www.krafthand.de\/truck\/"},{"@type":"ListItem","position":2,"name":"Nfz-Branche","item":"https:\/\/www.krafthand.de\/truck\/kategorie\/branche\/"},{"@type":"ListItem","position":3,"name":"&#8218;Energy Awards&#8216;: Elektroantrieb von BPW ausgezeichnet"}]},{"@type":"WebSite","@id":"https:\/\/www.krafthand.de\/truck\/#website","url":"https:\/\/www.krafthand.de\/truck\/","name":"Krafthand-Truck","description":"","potentialAction":[{"@type":"SearchAction","target":{"@type":"EntryPoint","urlTemplate":"https:\/\/www.krafthand.de\/truck\/?s={search_term_string}"},"query-input":{"@type":"PropertyValueSpecification","valueRequired":true,"valueName":"search_term_string"}}],"inLanguage":"de"},{"@type":"Person","@id":"https:\/\/www.krafthand.de\/truck\/#\/schema\/person\/8e290c6d425b72d176adc7767a251001","name":"katja.heid@krafthand.de","image":{"@type":"ImageObject","inLanguage":"de","@id":"https:\/\/secure.gravatar.com\/avatar\/9a2930c54ede0e0a76c0f8abfb74704de273084f2aa0e3c6deb2c86704c7402b?s=96&d=mm&r=g","url":"https:\/\/secure.gravatar.com\/avatar\/9a2930c54ede0e0a76c0f8abfb74704de273084f2aa0e3c6deb2c86704c7402b?s=96&d=mm&r=g","contentUrl":"https:\/\/secure.gravatar.com\/avatar\/9a2930c54ede0e0a76c0f8abfb74704de273084f2aa0e3c6deb2c86704c7402b?s=96&d=mm&r=g","caption":"katja.heid@krafthand.de"}}]}},"_links":{"self":[{"href":"https:\/\/www.krafthand.de\/truck\/wp-json\/wp\/v2\/posts\/3294","targetHints":{"allow":["GET"]}}],"collection":[{"href":"https:\/\/www.krafthand.de\/truck\/wp-json\/wp\/v2\/posts"}],"about":[{"href":"https:\/\/www.krafthand.de\/truck\/wp-json\/wp\/v2\/types\/post"}],"author":[{"embeddable":true,"href":"https:\/\/www.krafthand.de\/truck\/wp-json\/wp\/v2\/users\/3"}],"replies":[{"embeddable":true,"href":"https:\/\/www.krafthand.de\/truck\/wp-json\/wp\/v2\/comments?post=3294"}],"version-history":[{"count":0,"href":"https:\/\/www.krafthand.de\/truck\/wp-json\/wp\/v2\/posts\/3294\/revisions"}],"wp:featuredmedia":[{"embeddable":true,"href":"https:\/\/www.krafthand.de\/truck\/wp-json\/wp\/v2\/media\/3295"}],"wp:attachment":[{"href":"https:\/\/www.krafthand.de\/truck\/wp-json\/wp\/v2\/media?parent=3294"}],"wp:term":[{"taxonomy":"category","embeddable":true,"href":"https:\/\/www.krafthand.de\/truck\/wp-json\/wp\/v2\/categories?post=3294"},{"taxonomy":"post_tag","embeddable":true,"href":"https:\/\/www.krafthand.de\/truck\/wp-json\/wp\/v2\/tags?post=3294"},{"taxonomy":"settings","embeddable":true,"href":"https:\/\/www.krafthand.de\/truck\/wp-json\/wp\/v2\/settings?post=3294"}],"curies":[{"name":"wp","href":"https:\/\/api.w.org\/{rel}","templated":true}]}}