{"id":32933,"date":"2022-07-18T10:23:02","date_gmt":"2022-07-18T08:23:02","guid":{"rendered":"https:\/\/www.krafthand.de\/truck\/?p=32933"},"modified":"2022-07-18T10:26:40","modified_gmt":"2022-07-18T08:26:40","slug":"iaa-transportation-fast-ausgebucht","status":"publish","type":"post","link":"https:\/\/www.krafthand.de\/truck\/artikel\/iaa-transportation-fast-ausgebucht-32933\/","title":{"rendered":"IAA Transportation fast ausgebucht"},"content":{"rendered":"<p>Deutsche und internationale Transport- und Logistik-Unternehmen machen sich bereit f\u00fcr die IAA Transportation. Vormals die IAA Nutzfahrzeuge, vernetzt die IAA Transportation erstmals die relevanten Akteure aus den Bereichen Nutzfahrzeuge, Busse und Logistik mit f\u00fchrenden Tech-Anbietern sowie Zulieferern. Ein wichtiges Ziel des neuen Konzeptes ist es, als erste internationale Plattform im Verkehrsbereich den Fokus verst\u00e4rkt auf die klimaneutrale und technologische Transformation des gesamten Transports zu richten. Unter dem Motto <strong>\u201ePeople and Goods on the move\u201c<\/strong> findet die neue <a href=\"https:\/\/iaa-transportation.com\/de\" target=\"_blank\" rel=\"noopener\">IAA Transportation<\/a> vom 20. bis 25. September 2022 auf dem Gel\u00e4nde der Deutschen Messe AG in Hannover statt.<\/p>\n<p>Neun Wochen vor der offiziellen Er\u00f6ffnung am 20. September sind bereits 97 Prozent der diesj\u00e4hrigen Ausstellungsfl\u00e4che vergeben. Ein\u00a0 deutlicher Beleg daf\u00fcr, dass die Transport- und Logistik-Branche auch in diesen wirtschaftlich herausfordernden Zeiten geschlossen zusammensteht und weiterhin konsequent auf Vernetzung und Innovation setzt.<\/p>\n<blockquote><p>\u201cWir sind hocherfreut \u00fcber die hervorragende Resonanz der Unternehmen auf unser neues Veranstaltungskonzept, die sich ganz deutlich in den Anmeldezahlen widerspiegelt. Dass schon zu diesem Zeitpunkt nahezu alle Aussteller-Fl\u00e4chen vergeben sind und auch viele Newcomer den Weg nach Hannover gefunden haben, zeigt: Nach mehr als zwei Jahren pandemiebedingter Einschr\u00e4nkungen steigt nicht nur bei uns, sondern auch bei den Firmen jeden Tag die Vorfreude darauf, sich wieder live und pers\u00f6nlich zu begegnen, um neue Kontakte zu kn\u00fcpfen, bereits bestehende zu vertiefen und spannende Produkte und Konzepte zu diskutieren. Mit der IAA Transportation bieten wir den perfekten Rahmen daf\u00fcr&#8220;, so VDA-Gesch\u00e4ftsf\u00fchrer J\u00fcrgen Mindel.<\/p><\/blockquote>\n<p>Zu den gr\u00f6\u00dften Ausstellern der IAA Transportation z\u00e4hlen in diesem Jahr renommierte Nutzfahrzeughersteller wie Daimler Truck, DAF, Ford, IVECO, MAN oder Scania, die ihre neuesten Produkte und Entwicklungen auf umfangreichen Standfl\u00e4chen sowie im Rahmen innovativer und abwechslungsreicher Formate pr\u00e4sentieren werden. Insgesamt erwartet die Messe mehr als 1.200 Aussteller aus \u00fcber 40 L\u00e4ndern, darunter zahlreiche etablierte Unternehmen und Startups, die zum ersten Mal mit einem Stand auf der IAA vertreten sind, insbesondere aus den Bereichen Technologie, Infrastruktur, Energie, Personen- und Last-Mile-Transport. Zum Beispiel: Amazon relay, Linde, Samsung, Siemens, oder neue Fahrzeughersteller mit einem Fokus auf nachhaltige Antriebe wie Nikola, Quantron oder Volta Trucks.<\/p>\n<p>Anmeldungen von Unternehmen, die sich noch kurzfristig zu einer Teilnahme an der IAA Transportation entschlie\u00dfen, k\u00f6nnen deshalb ab sofort nur noch unter Vorbehalt angenommen werden. Bei Interesse wenden Sie sich bitte an Oliver J\u00e4nisch (oliver.jaenisch@vda.de).<\/p>\n\r\n\t\t\t\t<div class=\"post-author\">\r\n\t\t\t\t\t<div class=\"khm-cp-author clearfix\">\r\n\t\t\t\t\t\t<div class=\"khm-cp-author__content\">\r\n\t\t\t\t\t\t\t\tKontakt zum Autor:<br \/>\r\n\t\t\t\t\t\t\t\t<strong>Georg Blenk<\/strong>, 08247 \/ 3007-45 |  <a href=\"mailto:georg.blenk@krafthand-medien.de\">georg.blenk@krafthand-medien.de<\/a>\r\n\t\t\t\t\t\t\t<div class=\"khm-cp-author__image\">\r\n\t\t\t\t\t\t<img src=\"https:\/\/static.krafthand-truck.de\/uploads\/2021\/01\/Blenk_6104-250x300-1-removebg-preview.png\" class=\"img-responsive\">\r\n\t\t\t\t\t<\/div>\r\n\t\t\t\t\t\t<\/div>\r\n\t\t\t\t\t<\/div>\r\n\t\t\t\t<\/div>\r\n\t\t\t\t","protected":false},"excerpt":{"rendered":"<p>Deutsche und internationale Transport- und Logistik-Unternehmen machen sich bereit f\u00fcr die IAA Transportation. Vormals die IAA Nutzfahrzeuge, vernetzt die IAA Transportation erstmals die relevanten Akteure aus den Bereichen Nutzfahrzeuge, Busse und Logistik mit f\u00fchrenden Tech-Anbietern sowie Zulieferern. Ein wichtiges Ziel des neuen Konzeptes ist es, als erste internationale Plattform im Verkehrsbereich den Fokus verst\u00e4rkt auf <span class=\"excerpt-more__dots\">&#8230;<\/span> <a class=\"excerpt-more__link\" href=\"https:\/\/www.krafthand.de\/truck\/artikel\/iaa-transportation-fast-ausgebucht-32933\/\" >weiter<\/a><\/p>\n","protected":false},"author":9,"featured_media":32936,"comment_status":"closed","ping_status":"closed","sticky":false,"template":"","format":"standard","meta":{"footnotes":""},"categories":[4236],"tags":[5238,40],"settings":[3524,3523],"class_list":["post-32933","post","type-post","status-publish","format-standard","has-post-thumbnail","hentry","category-veranstaltungen","tag-iaa-transportation","tag-messe"],"yoast_head":"<!-- This site is optimized with the Yoast SEO plugin v27.3 - https:\/\/yoast.com\/product\/yoast-seo-wordpress\/ -->\n<title>IAA Transportation fast ausgebucht - Krafthand-Truck<\/title>\n<meta name=\"description\" content=\"Deutsche und internationale Transport- und Logistik-Unternehmen machen sich bereit f\u00fcr die IAA Transportation.\u00a0Die Messe ist fast ausgebucht.\" \/>\n<meta name=\"robots\" content=\"index, follow, max-snippet:-1, max-image-preview:large, max-video-preview:-1\" \/>\n<link rel=\"canonical\" href=\"https:\/\/www.krafthand.de\/truck\/artikel\/iaa-transportation-fast-ausgebucht-32933\/\" \/>\n<meta property=\"og:locale\" content=\"de_DE\" \/>\n<meta property=\"og:type\" content=\"article\" \/>\n<meta property=\"og:title\" content=\"IAA Transportation fast ausgebucht - Krafthand-Truck\" \/>\n<meta property=\"og:description\" content=\"Deutsche und internationale Transport- und Logistik-Unternehmen machen sich bereit f\u00fcr die IAA Transportation.\u00a0Die Messe ist fast ausgebucht.\" \/>\n<meta property=\"og:url\" content=\"https:\/\/www.krafthand-truck.de\/artikel\/iaa-transportation-fast-ausgebucht-32933\/\" \/>\n<meta property=\"og:site_name\" content=\"Krafthand-Truck\" \/>\n<meta property=\"article:published_time\" content=\"2022-07-18T08:23:02+00:00\" \/>\n<meta property=\"article:modified_time\" content=\"2022-07-18T08:26:40+00:00\" \/>\n<meta property=\"og:image\" content=\"https:\/\/static.krafthand-truck.de\/uploads\/2022\/07\/IAA_Transportation_2022_Krafthand_Truck.jpg\" \/>\n\t<meta property=\"og:image:width\" content=\"1200\" \/>\n\t<meta property=\"og:image:height\" content=\"375\" \/>\n\t<meta property=\"og:image:type\" content=\"image\/jpeg\" \/>\n<meta name=\"author\" content=\"georg.blenk@krafthand-medien.de\" \/>\n<meta name=\"twitter:card\" content=\"summary_large_image\" \/>\n<meta name=\"twitter:label1\" content=\"Verfasst von\" \/>\n\t<meta name=\"twitter:data1\" content=\"georg.blenk@krafthand-medien.de\" \/>\n\t<meta name=\"twitter:label2\" content=\"Gesch\u00e4tzte Lesezeit\" \/>\n\t<meta name=\"twitter:data2\" content=\"2\u00a0Minuten\" \/>\n<script type=\"application\/ld+json\" class=\"yoast-schema-graph\">{\"@context\":\"https:\\\/\\\/schema.org\",\"@graph\":[{\"@type\":\"Article\",\"@id\":\"https:\\\/\\\/www.krafthand.de\\\/truck\\\/artikel\\\/iaa-transportation-fast-ausgebucht-32933\\\/#article\",\"isPartOf\":{\"@id\":\"https:\\\/\\\/www.krafthand.de\\\/truck\\\/artikel\\\/iaa-transportation-fast-ausgebucht-32933\\\/\"},\"author\":{\"name\":\"georg.blenk@krafthand-medien.de\",\"@id\":\"https:\\\/\\\/www.krafthand.de\\\/truck\\\/#\\\/schema\\\/person\\\/51fa80b1c57034c4bf63f9f988fc24ce\"},\"headline\":\"IAA Transportation fast ausgebucht\",\"datePublished\":\"2022-07-18T08:23:02+00:00\",\"dateModified\":\"2022-07-18T08:26:40+00:00\",\"mainEntityOfPage\":{\"@id\":\"https:\\\/\\\/www.krafthand.de\\\/truck\\\/artikel\\\/iaa-transportation-fast-ausgebucht-32933\\\/\"},\"wordCount\":399,\"image\":{\"@id\":\"https:\\\/\\\/www.krafthand.de\\\/truck\\\/artikel\\\/iaa-transportation-fast-ausgebucht-32933\\\/#primaryimage\"},\"thumbnailUrl\":\"https:\\\/\\\/static.krafthand-truck.de\\\/uploads\\\/2022\\\/07\\\/IAA_Transportation_2022_Krafthand_Truck.jpg\",\"keywords\":[\"IAA Transportation\",\"Messe\"],\"articleSection\":[\"Veranstaltungen\\\/Messen\"],\"inLanguage\":\"de\"},{\"@type\":\"WebPage\",\"@id\":\"https:\\\/\\\/www.krafthand.de\\\/truck\\\/artikel\\\/iaa-transportation-fast-ausgebucht-32933\\\/\",\"url\":\"https:\\\/\\\/www.krafthand.de\\\/truck\\\/artikel\\\/iaa-transportation-fast-ausgebucht-32933\\\/\",\"name\":\"IAA Transportation fast ausgebucht - Krafthand-Truck\",\"isPartOf\":{\"@id\":\"https:\\\/\\\/www.krafthand.de\\\/truck\\\/#website\"},\"primaryImageOfPage\":{\"@id\":\"https:\\\/\\\/www.krafthand.de\\\/truck\\\/artikel\\\/iaa-transportation-fast-ausgebucht-32933\\\/#primaryimage\"},\"image\":{\"@id\":\"https:\\\/\\\/www.krafthand.de\\\/truck\\\/artikel\\\/iaa-transportation-fast-ausgebucht-32933\\\/#primaryimage\"},\"thumbnailUrl\":\"https:\\\/\\\/static.krafthand-truck.de\\\/uploads\\\/2022\\\/07\\\/IAA_Transportation_2022_Krafthand_Truck.jpg\",\"datePublished\":\"2022-07-18T08:23:02+00:00\",\"dateModified\":\"2022-07-18T08:26:40+00:00\",\"author\":{\"@id\":\"https:\\\/\\\/www.krafthand.de\\\/truck\\\/#\\\/schema\\\/person\\\/51fa80b1c57034c4bf63f9f988fc24ce\"},\"description\":\"Deutsche und internationale Transport- und Logistik-Unternehmen machen sich bereit f\u00fcr die IAA Transportation.\u00a0Die Messe ist fast ausgebucht.\",\"breadcrumb\":{\"@id\":\"https:\\\/\\\/www.krafthand.de\\\/truck\\\/artikel\\\/iaa-transportation-fast-ausgebucht-32933\\\/#breadcrumb\"},\"inLanguage\":\"de\",\"potentialAction\":[{\"@type\":\"ReadAction\",\"target\":[\"https:\\\/\\\/www.krafthand.de\\\/truck\\\/artikel\\\/iaa-transportation-fast-ausgebucht-32933\\\/\"]}]},{\"@type\":\"ImageObject\",\"inLanguage\":\"de\",\"@id\":\"https:\\\/\\\/www.krafthand.de\\\/truck\\\/artikel\\\/iaa-transportation-fast-ausgebucht-32933\\\/#primaryimage\",\"url\":\"https:\\\/\\\/static.krafthand-truck.de\\\/uploads\\\/2022\\\/07\\\/IAA_Transportation_2022_Krafthand_Truck.jpg\",\"contentUrl\":\"https:\\\/\\\/static.krafthand-truck.de\\\/uploads\\\/2022\\\/07\\\/IAA_Transportation_2022_Krafthand_Truck.jpg\",\"width\":1200,\"height\":375},{\"@type\":\"BreadcrumbList\",\"@id\":\"https:\\\/\\\/www.krafthand.de\\\/truck\\\/artikel\\\/iaa-transportation-fast-ausgebucht-32933\\\/#breadcrumb\",\"itemListElement\":[{\"@type\":\"ListItem\",\"position\":1,\"name\":\"Krafthand-Truck\",\"item\":\"https:\\\/\\\/www.krafthand.de\\\/truck\\\/\"},{\"@type\":\"ListItem\",\"position\":2,\"name\":\"Nfz-Branche\",\"item\":\"https:\\\/\\\/www.krafthand.de\\\/truck\\\/kategorie\\\/branche\\\/\"},{\"@type\":\"ListItem\",\"position\":3,\"name\":\"Veranstaltungen\\\/Messen\",\"item\":\"https:\\\/\\\/www.krafthand.de\\\/truck\\\/kategorie\\\/branche\\\/veranstaltungen\\\/\"},{\"@type\":\"ListItem\",\"position\":4,\"name\":\"IAA Transportation fast ausgebucht\"}]},{\"@type\":\"WebSite\",\"@id\":\"https:\\\/\\\/www.krafthand.de\\\/truck\\\/#website\",\"url\":\"https:\\\/\\\/www.krafthand.de\\\/truck\\\/\",\"name\":\"Krafthand-Truck\",\"description\":\"\",\"potentialAction\":[{\"@type\":\"SearchAction\",\"target\":{\"@type\":\"EntryPoint\",\"urlTemplate\":\"https:\\\/\\\/www.krafthand.de\\\/truck\\\/?s={search_term_string}\"},\"query-input\":{\"@type\":\"PropertyValueSpecification\",\"valueRequired\":true,\"valueName\":\"search_term_string\"}}],\"inLanguage\":\"de\"},{\"@type\":\"Person\",\"@id\":\"https:\\\/\\\/www.krafthand.de\\\/truck\\\/#\\\/schema\\\/person\\\/51fa80b1c57034c4bf63f9f988fc24ce\",\"name\":\"georg.blenk@krafthand-medien.de\",\"image\":{\"@type\":\"ImageObject\",\"inLanguage\":\"de\",\"@id\":\"https:\\\/\\\/secure.gravatar.com\\\/avatar\\\/93713c30affe0aa95d3a4130e499bb1abee2eb31adbdd9ce2aa1543538490215?s=96&d=mm&r=g\",\"url\":\"https:\\\/\\\/secure.gravatar.com\\\/avatar\\\/93713c30affe0aa95d3a4130e499bb1abee2eb31adbdd9ce2aa1543538490215?s=96&d=mm&r=g\",\"contentUrl\":\"https:\\\/\\\/secure.gravatar.com\\\/avatar\\\/93713c30affe0aa95d3a4130e499bb1abee2eb31adbdd9ce2aa1543538490215?s=96&d=mm&r=g\",\"caption\":\"georg.blenk@krafthand-medien.de\"}}]}<\/script>\n<!-- \/ Yoast SEO plugin. -->","yoast_head_json":{"title":"IAA Transportation fast ausgebucht - Krafthand-Truck","description":"Deutsche und internationale Transport- und Logistik-Unternehmen machen sich bereit f\u00fcr die IAA Transportation.\u00a0Die Messe ist fast ausgebucht.","robots":{"index":"index","follow":"follow","max-snippet":"max-snippet:-1","max-image-preview":"max-image-preview:large","max-video-preview":"max-video-preview:-1"},"canonical":"https:\/\/www.krafthand.de\/truck\/artikel\/iaa-transportation-fast-ausgebucht-32933\/","og_locale":"de_DE","og_type":"article","og_title":"IAA Transportation fast ausgebucht - Krafthand-Truck","og_description":"Deutsche und internationale Transport- und Logistik-Unternehmen machen sich bereit f\u00fcr die IAA Transportation.\u00a0Die Messe ist fast ausgebucht.","og_url":"https:\/\/www.krafthand-truck.de\/artikel\/iaa-transportation-fast-ausgebucht-32933\/","og_site_name":"Krafthand-Truck","article_published_time":"2022-07-18T08:23:02+00:00","article_modified_time":"2022-07-18T08:26:40+00:00","og_image":[{"width":1200,"height":375,"url":"https:\/\/static.krafthand-truck.de\/uploads\/2022\/07\/IAA_Transportation_2022_Krafthand_Truck.jpg","type":"image\/jpeg"}],"author":"georg.blenk@krafthand-medien.de","twitter_card":"summary_large_image","twitter_misc":{"Verfasst von":"georg.blenk@krafthand-medien.de","Gesch\u00e4tzte Lesezeit":"2\u00a0Minuten"},"schema":{"@context":"https:\/\/schema.org","@graph":[{"@type":"Article","@id":"https:\/\/www.krafthand.de\/truck\/artikel\/iaa-transportation-fast-ausgebucht-32933\/#article","isPartOf":{"@id":"https:\/\/www.krafthand.de\/truck\/artikel\/iaa-transportation-fast-ausgebucht-32933\/"},"author":{"name":"georg.blenk@krafthand-medien.de","@id":"https:\/\/www.krafthand.de\/truck\/#\/schema\/person\/51fa80b1c57034c4bf63f9f988fc24ce"},"headline":"IAA Transportation fast ausgebucht","datePublished":"2022-07-18T08:23:02+00:00","dateModified":"2022-07-18T08:26:40+00:00","mainEntityOfPage":{"@id":"https:\/\/www.krafthand.de\/truck\/artikel\/iaa-transportation-fast-ausgebucht-32933\/"},"wordCount":399,"image":{"@id":"https:\/\/www.krafthand.de\/truck\/artikel\/iaa-transportation-fast-ausgebucht-32933\/#primaryimage"},"thumbnailUrl":"https:\/\/static.krafthand-truck.de\/uploads\/2022\/07\/IAA_Transportation_2022_Krafthand_Truck.jpg","keywords":["IAA Transportation","Messe"],"articleSection":["Veranstaltungen\/Messen"],"inLanguage":"de"},{"@type":"WebPage","@id":"https:\/\/www.krafthand.de\/truck\/artikel\/iaa-transportation-fast-ausgebucht-32933\/","url":"https:\/\/www.krafthand.de\/truck\/artikel\/iaa-transportation-fast-ausgebucht-32933\/","name":"IAA Transportation fast ausgebucht - Krafthand-Truck","isPartOf":{"@id":"https:\/\/www.krafthand.de\/truck\/#website"},"primaryImageOfPage":{"@id":"https:\/\/www.krafthand.de\/truck\/artikel\/iaa-transportation-fast-ausgebucht-32933\/#primaryimage"},"image":{"@id":"https:\/\/www.krafthand.de\/truck\/artikel\/iaa-transportation-fast-ausgebucht-32933\/#primaryimage"},"thumbnailUrl":"https:\/\/static.krafthand-truck.de\/uploads\/2022\/07\/IAA_Transportation_2022_Krafthand_Truck.jpg","datePublished":"2022-07-18T08:23:02+00:00","dateModified":"2022-07-18T08:26:40+00:00","author":{"@id":"https:\/\/www.krafthand.de\/truck\/#\/schema\/person\/51fa80b1c57034c4bf63f9f988fc24ce"},"description":"Deutsche und internationale Transport- und Logistik-Unternehmen machen sich bereit f\u00fcr die IAA Transportation.\u00a0Die Messe ist fast ausgebucht.","breadcrumb":{"@id":"https:\/\/www.krafthand.de\/truck\/artikel\/iaa-transportation-fast-ausgebucht-32933\/#breadcrumb"},"inLanguage":"de","potentialAction":[{"@type":"ReadAction","target":["https:\/\/www.krafthand.de\/truck\/artikel\/iaa-transportation-fast-ausgebucht-32933\/"]}]},{"@type":"ImageObject","inLanguage":"de","@id":"https:\/\/www.krafthand.de\/truck\/artikel\/iaa-transportation-fast-ausgebucht-32933\/#primaryimage","url":"https:\/\/static.krafthand-truck.de\/uploads\/2022\/07\/IAA_Transportation_2022_Krafthand_Truck.jpg","contentUrl":"https:\/\/static.krafthand-truck.de\/uploads\/2022\/07\/IAA_Transportation_2022_Krafthand_Truck.jpg","width":1200,"height":375},{"@type":"BreadcrumbList","@id":"https:\/\/www.krafthand.de\/truck\/artikel\/iaa-transportation-fast-ausgebucht-32933\/#breadcrumb","itemListElement":[{"@type":"ListItem","position":1,"name":"Krafthand-Truck","item":"https:\/\/www.krafthand.de\/truck\/"},{"@type":"ListItem","position":2,"name":"Nfz-Branche","item":"https:\/\/www.krafthand.de\/truck\/kategorie\/branche\/"},{"@type":"ListItem","position":3,"name":"Veranstaltungen\/Messen","item":"https:\/\/www.krafthand.de\/truck\/kategorie\/branche\/veranstaltungen\/"},{"@type":"ListItem","position":4,"name":"IAA Transportation fast ausgebucht"}]},{"@type":"WebSite","@id":"https:\/\/www.krafthand.de\/truck\/#website","url":"https:\/\/www.krafthand.de\/truck\/","name":"Krafthand-Truck","description":"","potentialAction":[{"@type":"SearchAction","target":{"@type":"EntryPoint","urlTemplate":"https:\/\/www.krafthand.de\/truck\/?s={search_term_string}"},"query-input":{"@type":"PropertyValueSpecification","valueRequired":true,"valueName":"search_term_string"}}],"inLanguage":"de"},{"@type":"Person","@id":"https:\/\/www.krafthand.de\/truck\/#\/schema\/person\/51fa80b1c57034c4bf63f9f988fc24ce","name":"georg.blenk@krafthand-medien.de","image":{"@type":"ImageObject","inLanguage":"de","@id":"https:\/\/secure.gravatar.com\/avatar\/93713c30affe0aa95d3a4130e499bb1abee2eb31adbdd9ce2aa1543538490215?s=96&d=mm&r=g","url":"https:\/\/secure.gravatar.com\/avatar\/93713c30affe0aa95d3a4130e499bb1abee2eb31adbdd9ce2aa1543538490215?s=96&d=mm&r=g","contentUrl":"https:\/\/secure.gravatar.com\/avatar\/93713c30affe0aa95d3a4130e499bb1abee2eb31adbdd9ce2aa1543538490215?s=96&d=mm&r=g","caption":"georg.blenk@krafthand-medien.de"}}]}},"_links":{"self":[{"href":"https:\/\/www.krafthand.de\/truck\/wp-json\/wp\/v2\/posts\/32933","targetHints":{"allow":["GET"]}}],"collection":[{"href":"https:\/\/www.krafthand.de\/truck\/wp-json\/wp\/v2\/posts"}],"about":[{"href":"https:\/\/www.krafthand.de\/truck\/wp-json\/wp\/v2\/types\/post"}],"author":[{"embeddable":true,"href":"https:\/\/www.krafthand.de\/truck\/wp-json\/wp\/v2\/users\/9"}],"replies":[{"embeddable":true,"href":"https:\/\/www.krafthand.de\/truck\/wp-json\/wp\/v2\/comments?post=32933"}],"version-history":[{"count":6,"href":"https:\/\/www.krafthand.de\/truck\/wp-json\/wp\/v2\/posts\/32933\/revisions"}],"predecessor-version":[{"id":32940,"href":"https:\/\/www.krafthand.de\/truck\/wp-json\/wp\/v2\/posts\/32933\/revisions\/32940"}],"wp:featuredmedia":[{"embeddable":true,"href":"https:\/\/www.krafthand.de\/truck\/wp-json\/wp\/v2\/media\/32936"}],"wp:attachment":[{"href":"https:\/\/www.krafthand.de\/truck\/wp-json\/wp\/v2\/media?parent=32933"}],"wp:term":[{"taxonomy":"category","embeddable":true,"href":"https:\/\/www.krafthand.de\/truck\/wp-json\/wp\/v2\/categories?post=32933"},{"taxonomy":"post_tag","embeddable":true,"href":"https:\/\/www.krafthand.de\/truck\/wp-json\/wp\/v2\/tags?post=32933"},{"taxonomy":"settings","embeddable":true,"href":"https:\/\/www.krafthand.de\/truck\/wp-json\/wp\/v2\/settings?post=32933"}],"curies":[{"name":"wp","href":"https:\/\/api.w.org\/{rel}","templated":true}]}}