{"id":3290,"date":"2017-12-07T12:26:17","date_gmt":"2017-12-07T11:26:17","guid":{"rendered":"https:\/\/www.krafthand.de\/truck\/artikel\/saf-holland-rueckt-naeher-an-die-kunden-3290\/"},"modified":"2017-12-07T12:26:17","modified_gmt":"2017-12-07T11:26:17","slug":"saf-holland-rueckt-naeher-an-die-kunden","status":"publish","type":"post","link":"https:\/\/www.krafthand.de\/truck\/artikel\/saf-holland-rueckt-naeher-an-die-kunden-3290\/","title":{"rendered":"SAF-Holland r\u00fcckt n\u00e4her an die Kunden"},"content":{"rendered":"<p class=\"text-colored\">Der Bessenbacher Nutzfahrzeugzulieferer SAF-Holland will nach eigenem Bekunden seine Kundenorientierung erweitern und noch besser auf die W\u00fcnsche seiner Kunden eingehen. Deshalb b\u00fcndelt das Unternehmen seine Kompetenzen in den Sparten Sales &#038; Application Engineering in einem neu geschaffenen &#8218;Customer Focus Center&#8216; (CFC).<\/p>\n<p>Dort sind nach Unternehmensangaben die Abteilungen Technik\/Applikation, Disposition, Produktionssteuerung und Sales unter einem Dach zentral vereint.<br \/>\nAngesiedelt ist das CFC direkt in der Unternehmenszentrale in Bessenbach, sodass sich die r\u00e4umliche N\u00e4he aller Ansprechpartner k\u00fcnftig positiv auf die Kundenbetreuung und die Abl\u00e4ufe auswirken soll. Durch die kurzen Wege k\u00f6nnen die Mitarbeiter des CFC schneller auf Anfragen reagieren und die Durchlaufgeschwindigkeit bei R\u00fcckfragen deutlich erh\u00f6hen, so das Unternehmen.<\/p>\n","protected":false},"excerpt":{"rendered":"<p>Der Bessenbacher Nutzfahrzeugzulieferer SAF-Holland will nach eigenem Bekunden seine Kundenorientierung erweitern und noch besser auf die W\u00fcnsche seiner Kunden eingehen. Deshalb b\u00fcndelt das Unternehmen seine Kompetenzen in den Sparten Sales &#038; Application Engineering in einem neu geschaffenen &#8218;Customer Focus Center&#8216; (CFC). <span class=\"excerpt-more__dots\">&#8230;<\/span> <a class=\"excerpt-more__link\" href=\"https:\/\/www.krafthand.de\/truck\/artikel\/saf-holland-rueckt-naeher-an-die-kunden-3290\/\" >weiter<\/a><\/p>\n","protected":false},"author":3,"featured_media":3291,"comment_status":"closed","ping_status":"closed","sticky":false,"template":"","format":"standard","meta":{"footnotes":""},"categories":[5],"tags":[3492,3491,1111,3490],"settings":[],"class_list":["post-3290","post","type-post","status-publish","format-standard","has-post-thumbnail","hentry","category-branche","tag-cfc","tag-customer-focus-center","tag-saf-holland","tag-sales-application-engineering"],"yoast_head":"<!-- This site is optimized with the Yoast SEO plugin v27.3 - https:\/\/yoast.com\/product\/yoast-seo-wordpress\/ -->\n<title>SAF-Holland r\u00fcckt n\u00e4her an die Kunden - Krafthand-Truck<\/title>\n<meta name=\"robots\" content=\"index, follow, max-snippet:-1, max-image-preview:large, max-video-preview:-1\" \/>\n<link rel=\"canonical\" href=\"https:\/\/www.krafthand.de\/truck\/artikel\/saf-holland-rueckt-naeher-an-die-kunden-3290\/\" \/>\n<meta property=\"og:locale\" content=\"de_DE\" \/>\n<meta property=\"og:type\" content=\"article\" \/>\n<meta property=\"og:title\" content=\"SAF-Holland r\u00fcckt n\u00e4her an die Kunden - Krafthand-Truck\" \/>\n<meta property=\"og:description\" content=\"Der Bessenbacher Nutzfahrzeugzulieferer SAF-Holland will nach eigenem Bekunden seine Kundenorientierung erweitern und noch besser auf die W\u00fcnsche seiner Kunden eingehen. Deshalb b\u00fcndelt das Unternehmen seine Kompetenzen in den Sparten Sales &amp; Application Engineering in einem neu geschaffenen &#039;Customer Focus Center&#039; (CFC). ... weiter\" \/>\n<meta property=\"og:url\" content=\"https:\/\/www.krafthand-truck.de\/artikel\/saf-holland-rueckt-naeher-an-die-kunden-3290\/\" \/>\n<meta property=\"og:site_name\" content=\"Krafthand-Truck\" \/>\n<meta property=\"article:published_time\" content=\"2017-12-07T11:26:17+00:00\" \/>\n<meta property=\"og:image\" content=\"https:\/\/www.krafthand.de\/truck\/wp-content\/uploads\/2017\/12\/kht0417_058.jpg\" \/>\n\t<meta property=\"og:image:width\" content=\"1200\" \/>\n\t<meta property=\"og:image:height\" content=\"854\" \/>\n\t<meta property=\"og:image:type\" content=\"image\/jpeg\" \/>\n<meta name=\"author\" content=\"katja.heid@krafthand.de\" \/>\n<meta name=\"twitter:card\" content=\"summary_large_image\" \/>\n<meta name=\"twitter:label1\" content=\"Verfasst von\" \/>\n\t<meta name=\"twitter:data1\" content=\"katja.heid@krafthand.de\" \/>\n\t<meta name=\"twitter:label2\" content=\"Gesch\u00e4tzte Lesezeit\" \/>\n\t<meta name=\"twitter:data2\" content=\"1\u00a0Minute\" \/>\n<script type=\"application\/ld+json\" class=\"yoast-schema-graph\">{\"@context\":\"https:\\\/\\\/schema.org\",\"@graph\":[{\"@type\":\"Article\",\"@id\":\"https:\\\/\\\/www.krafthand.de\\\/truck\\\/artikel\\\/saf-holland-rueckt-naeher-an-die-kunden-3290\\\/#article\",\"isPartOf\":{\"@id\":\"https:\\\/\\\/www.krafthand.de\\\/truck\\\/artikel\\\/saf-holland-rueckt-naeher-an-die-kunden-3290\\\/\"},\"author\":{\"name\":\"katja.heid@krafthand.de\",\"@id\":\"https:\\\/\\\/www.krafthand.de\\\/truck\\\/#\\\/schema\\\/person\\\/8e290c6d425b72d176adc7767a251001\"},\"headline\":\"SAF-Holland r\u00fcckt n\u00e4her an die Kunden\",\"datePublished\":\"2017-12-07T11:26:17+00:00\",\"mainEntityOfPage\":{\"@id\":\"https:\\\/\\\/www.krafthand.de\\\/truck\\\/artikel\\\/saf-holland-rueckt-naeher-an-die-kunden-3290\\\/\"},\"wordCount\":126,\"image\":{\"@id\":\"https:\\\/\\\/www.krafthand.de\\\/truck\\\/artikel\\\/saf-holland-rueckt-naeher-an-die-kunden-3290\\\/#primaryimage\"},\"thumbnailUrl\":\"https:\\\/\\\/static.krafthand-truck.de\\\/uploads\\\/2017\\\/12\\\/kht0417_058.jpg\",\"keywords\":[\"CFC\",\"Customer Focus Center\",\"SAF-HOLLAND\",\"Sales &amp; Application Engineering\"],\"articleSection\":[\"Nfz-Branche\"],\"inLanguage\":\"de\"},{\"@type\":\"WebPage\",\"@id\":\"https:\\\/\\\/www.krafthand.de\\\/truck\\\/artikel\\\/saf-holland-rueckt-naeher-an-die-kunden-3290\\\/\",\"url\":\"https:\\\/\\\/www.krafthand.de\\\/truck\\\/artikel\\\/saf-holland-rueckt-naeher-an-die-kunden-3290\\\/\",\"name\":\"SAF-Holland r\u00fcckt n\u00e4her an die Kunden - Krafthand-Truck\",\"isPartOf\":{\"@id\":\"https:\\\/\\\/www.krafthand.de\\\/truck\\\/#website\"},\"primaryImageOfPage\":{\"@id\":\"https:\\\/\\\/www.krafthand.de\\\/truck\\\/artikel\\\/saf-holland-rueckt-naeher-an-die-kunden-3290\\\/#primaryimage\"},\"image\":{\"@id\":\"https:\\\/\\\/www.krafthand.de\\\/truck\\\/artikel\\\/saf-holland-rueckt-naeher-an-die-kunden-3290\\\/#primaryimage\"},\"thumbnailUrl\":\"https:\\\/\\\/static.krafthand-truck.de\\\/uploads\\\/2017\\\/12\\\/kht0417_058.jpg\",\"datePublished\":\"2017-12-07T11:26:17+00:00\",\"author\":{\"@id\":\"https:\\\/\\\/www.krafthand.de\\\/truck\\\/#\\\/schema\\\/person\\\/8e290c6d425b72d176adc7767a251001\"},\"breadcrumb\":{\"@id\":\"https:\\\/\\\/www.krafthand.de\\\/truck\\\/artikel\\\/saf-holland-rueckt-naeher-an-die-kunden-3290\\\/#breadcrumb\"},\"inLanguage\":\"de\",\"potentialAction\":[{\"@type\":\"ReadAction\",\"target\":[\"https:\\\/\\\/www.krafthand.de\\\/truck\\\/artikel\\\/saf-holland-rueckt-naeher-an-die-kunden-3290\\\/\"]}]},{\"@type\":\"ImageObject\",\"inLanguage\":\"de\",\"@id\":\"https:\\\/\\\/www.krafthand.de\\\/truck\\\/artikel\\\/saf-holland-rueckt-naeher-an-die-kunden-3290\\\/#primaryimage\",\"url\":\"https:\\\/\\\/static.krafthand-truck.de\\\/uploads\\\/2017\\\/12\\\/kht0417_058.jpg\",\"contentUrl\":\"https:\\\/\\\/static.krafthand-truck.de\\\/uploads\\\/2017\\\/12\\\/kht0417_058.jpg\",\"width\":1200,\"height\":854},{\"@type\":\"BreadcrumbList\",\"@id\":\"https:\\\/\\\/www.krafthand.de\\\/truck\\\/artikel\\\/saf-holland-rueckt-naeher-an-die-kunden-3290\\\/#breadcrumb\",\"itemListElement\":[{\"@type\":\"ListItem\",\"position\":1,\"name\":\"Krafthand-Truck\",\"item\":\"https:\\\/\\\/www.krafthand.de\\\/truck\\\/\"},{\"@type\":\"ListItem\",\"position\":2,\"name\":\"Nfz-Branche\",\"item\":\"https:\\\/\\\/www.krafthand.de\\\/truck\\\/kategorie\\\/branche\\\/\"},{\"@type\":\"ListItem\",\"position\":3,\"name\":\"SAF-Holland r\u00fcckt n\u00e4her an die Kunden\"}]},{\"@type\":\"WebSite\",\"@id\":\"https:\\\/\\\/www.krafthand.de\\\/truck\\\/#website\",\"url\":\"https:\\\/\\\/www.krafthand.de\\\/truck\\\/\",\"name\":\"Krafthand-Truck\",\"description\":\"\",\"potentialAction\":[{\"@type\":\"SearchAction\",\"target\":{\"@type\":\"EntryPoint\",\"urlTemplate\":\"https:\\\/\\\/www.krafthand.de\\\/truck\\\/?s={search_term_string}\"},\"query-input\":{\"@type\":\"PropertyValueSpecification\",\"valueRequired\":true,\"valueName\":\"search_term_string\"}}],\"inLanguage\":\"de\"},{\"@type\":\"Person\",\"@id\":\"https:\\\/\\\/www.krafthand.de\\\/truck\\\/#\\\/schema\\\/person\\\/8e290c6d425b72d176adc7767a251001\",\"name\":\"katja.heid@krafthand.de\",\"image\":{\"@type\":\"ImageObject\",\"inLanguage\":\"de\",\"@id\":\"https:\\\/\\\/secure.gravatar.com\\\/avatar\\\/9a2930c54ede0e0a76c0f8abfb74704de273084f2aa0e3c6deb2c86704c7402b?s=96&d=mm&r=g\",\"url\":\"https:\\\/\\\/secure.gravatar.com\\\/avatar\\\/9a2930c54ede0e0a76c0f8abfb74704de273084f2aa0e3c6deb2c86704c7402b?s=96&d=mm&r=g\",\"contentUrl\":\"https:\\\/\\\/secure.gravatar.com\\\/avatar\\\/9a2930c54ede0e0a76c0f8abfb74704de273084f2aa0e3c6deb2c86704c7402b?s=96&d=mm&r=g\",\"caption\":\"katja.heid@krafthand.de\"}}]}<\/script>\n<!-- \/ Yoast SEO plugin. -->","yoast_head_json":{"title":"SAF-Holland r\u00fcckt n\u00e4her an die Kunden - Krafthand-Truck","robots":{"index":"index","follow":"follow","max-snippet":"max-snippet:-1","max-image-preview":"max-image-preview:large","max-video-preview":"max-video-preview:-1"},"canonical":"https:\/\/www.krafthand.de\/truck\/artikel\/saf-holland-rueckt-naeher-an-die-kunden-3290\/","og_locale":"de_DE","og_type":"article","og_title":"SAF-Holland r\u00fcckt n\u00e4her an die Kunden - Krafthand-Truck","og_description":"Der Bessenbacher Nutzfahrzeugzulieferer SAF-Holland will nach eigenem Bekunden seine Kundenorientierung erweitern und noch besser auf die W\u00fcnsche seiner Kunden eingehen. Deshalb b\u00fcndelt das Unternehmen seine Kompetenzen in den Sparten Sales & Application Engineering in einem neu geschaffenen 'Customer Focus Center' (CFC). ... weiter","og_url":"https:\/\/www.krafthand-truck.de\/artikel\/saf-holland-rueckt-naeher-an-die-kunden-3290\/","og_site_name":"Krafthand-Truck","article_published_time":"2017-12-07T11:26:17+00:00","og_image":[{"width":1200,"height":854,"url":"https:\/\/www.krafthand.de\/truck\/wp-content\/uploads\/2017\/12\/kht0417_058.jpg","type":"image\/jpeg"}],"author":"katja.heid@krafthand.de","twitter_card":"summary_large_image","twitter_misc":{"Verfasst von":"katja.heid@krafthand.de","Gesch\u00e4tzte Lesezeit":"1\u00a0Minute"},"schema":{"@context":"https:\/\/schema.org","@graph":[{"@type":"Article","@id":"https:\/\/www.krafthand.de\/truck\/artikel\/saf-holland-rueckt-naeher-an-die-kunden-3290\/#article","isPartOf":{"@id":"https:\/\/www.krafthand.de\/truck\/artikel\/saf-holland-rueckt-naeher-an-die-kunden-3290\/"},"author":{"name":"katja.heid@krafthand.de","@id":"https:\/\/www.krafthand.de\/truck\/#\/schema\/person\/8e290c6d425b72d176adc7767a251001"},"headline":"SAF-Holland r\u00fcckt n\u00e4her an die Kunden","datePublished":"2017-12-07T11:26:17+00:00","mainEntityOfPage":{"@id":"https:\/\/www.krafthand.de\/truck\/artikel\/saf-holland-rueckt-naeher-an-die-kunden-3290\/"},"wordCount":126,"image":{"@id":"https:\/\/www.krafthand.de\/truck\/artikel\/saf-holland-rueckt-naeher-an-die-kunden-3290\/#primaryimage"},"thumbnailUrl":"https:\/\/static.krafthand-truck.de\/uploads\/2017\/12\/kht0417_058.jpg","keywords":["CFC","Customer Focus Center","SAF-HOLLAND","Sales &amp; Application Engineering"],"articleSection":["Nfz-Branche"],"inLanguage":"de"},{"@type":"WebPage","@id":"https:\/\/www.krafthand.de\/truck\/artikel\/saf-holland-rueckt-naeher-an-die-kunden-3290\/","url":"https:\/\/www.krafthand.de\/truck\/artikel\/saf-holland-rueckt-naeher-an-die-kunden-3290\/","name":"SAF-Holland r\u00fcckt n\u00e4her an die Kunden - Krafthand-Truck","isPartOf":{"@id":"https:\/\/www.krafthand.de\/truck\/#website"},"primaryImageOfPage":{"@id":"https:\/\/www.krafthand.de\/truck\/artikel\/saf-holland-rueckt-naeher-an-die-kunden-3290\/#primaryimage"},"image":{"@id":"https:\/\/www.krafthand.de\/truck\/artikel\/saf-holland-rueckt-naeher-an-die-kunden-3290\/#primaryimage"},"thumbnailUrl":"https:\/\/static.krafthand-truck.de\/uploads\/2017\/12\/kht0417_058.jpg","datePublished":"2017-12-07T11:26:17+00:00","author":{"@id":"https:\/\/www.krafthand.de\/truck\/#\/schema\/person\/8e290c6d425b72d176adc7767a251001"},"breadcrumb":{"@id":"https:\/\/www.krafthand.de\/truck\/artikel\/saf-holland-rueckt-naeher-an-die-kunden-3290\/#breadcrumb"},"inLanguage":"de","potentialAction":[{"@type":"ReadAction","target":["https:\/\/www.krafthand.de\/truck\/artikel\/saf-holland-rueckt-naeher-an-die-kunden-3290\/"]}]},{"@type":"ImageObject","inLanguage":"de","@id":"https:\/\/www.krafthand.de\/truck\/artikel\/saf-holland-rueckt-naeher-an-die-kunden-3290\/#primaryimage","url":"https:\/\/static.krafthand-truck.de\/uploads\/2017\/12\/kht0417_058.jpg","contentUrl":"https:\/\/static.krafthand-truck.de\/uploads\/2017\/12\/kht0417_058.jpg","width":1200,"height":854},{"@type":"BreadcrumbList","@id":"https:\/\/www.krafthand.de\/truck\/artikel\/saf-holland-rueckt-naeher-an-die-kunden-3290\/#breadcrumb","itemListElement":[{"@type":"ListItem","position":1,"name":"Krafthand-Truck","item":"https:\/\/www.krafthand.de\/truck\/"},{"@type":"ListItem","position":2,"name":"Nfz-Branche","item":"https:\/\/www.krafthand.de\/truck\/kategorie\/branche\/"},{"@type":"ListItem","position":3,"name":"SAF-Holland r\u00fcckt n\u00e4her an die Kunden"}]},{"@type":"WebSite","@id":"https:\/\/www.krafthand.de\/truck\/#website","url":"https:\/\/www.krafthand.de\/truck\/","name":"Krafthand-Truck","description":"","potentialAction":[{"@type":"SearchAction","target":{"@type":"EntryPoint","urlTemplate":"https:\/\/www.krafthand.de\/truck\/?s={search_term_string}"},"query-input":{"@type":"PropertyValueSpecification","valueRequired":true,"valueName":"search_term_string"}}],"inLanguage":"de"},{"@type":"Person","@id":"https:\/\/www.krafthand.de\/truck\/#\/schema\/person\/8e290c6d425b72d176adc7767a251001","name":"katja.heid@krafthand.de","image":{"@type":"ImageObject","inLanguage":"de","@id":"https:\/\/secure.gravatar.com\/avatar\/9a2930c54ede0e0a76c0f8abfb74704de273084f2aa0e3c6deb2c86704c7402b?s=96&d=mm&r=g","url":"https:\/\/secure.gravatar.com\/avatar\/9a2930c54ede0e0a76c0f8abfb74704de273084f2aa0e3c6deb2c86704c7402b?s=96&d=mm&r=g","contentUrl":"https:\/\/secure.gravatar.com\/avatar\/9a2930c54ede0e0a76c0f8abfb74704de273084f2aa0e3c6deb2c86704c7402b?s=96&d=mm&r=g","caption":"katja.heid@krafthand.de"}}]}},"_links":{"self":[{"href":"https:\/\/www.krafthand.de\/truck\/wp-json\/wp\/v2\/posts\/3290","targetHints":{"allow":["GET"]}}],"collection":[{"href":"https:\/\/www.krafthand.de\/truck\/wp-json\/wp\/v2\/posts"}],"about":[{"href":"https:\/\/www.krafthand.de\/truck\/wp-json\/wp\/v2\/types\/post"}],"author":[{"embeddable":true,"href":"https:\/\/www.krafthand.de\/truck\/wp-json\/wp\/v2\/users\/3"}],"replies":[{"embeddable":true,"href":"https:\/\/www.krafthand.de\/truck\/wp-json\/wp\/v2\/comments?post=3290"}],"version-history":[{"count":0,"href":"https:\/\/www.krafthand.de\/truck\/wp-json\/wp\/v2\/posts\/3290\/revisions"}],"wp:featuredmedia":[{"embeddable":true,"href":"https:\/\/www.krafthand.de\/truck\/wp-json\/wp\/v2\/media\/3291"}],"wp:attachment":[{"href":"https:\/\/www.krafthand.de\/truck\/wp-json\/wp\/v2\/media?parent=3290"}],"wp:term":[{"taxonomy":"category","embeddable":true,"href":"https:\/\/www.krafthand.de\/truck\/wp-json\/wp\/v2\/categories?post=3290"},{"taxonomy":"post_tag","embeddable":true,"href":"https:\/\/www.krafthand.de\/truck\/wp-json\/wp\/v2\/tags?post=3290"},{"taxonomy":"settings","embeddable":true,"href":"https:\/\/www.krafthand.de\/truck\/wp-json\/wp\/v2\/settings?post=3290"}],"curies":[{"name":"wp","href":"https:\/\/api.w.org\/{rel}","templated":true}]}}