{"id":3280,"date":"2017-11-29T14:37:37","date_gmt":"2017-11-29T13:37:37","guid":{"rendered":"https:\/\/www.krafthand.de\/truck\/artikel\/bilstein-group-investiert-in-logistikzentrum-3280\/"},"modified":"2017-11-29T14:37:37","modified_gmt":"2017-11-29T13:37:37","slug":"bilstein-group-investiert-in-logistikzentrum","status":"publish","type":"post","link":"https:\/\/www.krafthand.de\/truck\/artikel\/bilstein-group-investiert-in-logistikzentrum-3280\/","title":{"rendered":"Bilstein Group investiert in Logistikzentrum"},"content":{"rendered":"<p class=\"text-colored\">Der Kfz-Ersatzteilespezialist Ferdinand Bilstein will seine Kapazit\u00e4ten deutlich erweitern. Dazu hat das unter der Dachmarke &#8218;Bilstein Group&#8216; agierende Unternehmen nach eigenem Bekunden ein rund 197.000 Quadratmeter gro\u00dfes Grundst\u00fcck im Industriepark ,Schalker Verein&#8216; von Gelsenkirchen erworben, um in den kommenden Jahren ein neues Logistikzentrum zu bauen.<\/p>\n<p>Am Stammsitz in Ennepetal seien n\u00e4mlich alle Wachstumskapazit\u00e4ten ausgesch\u00f6pft. Der Standort in Gelsenkirchen biete ideale Expansionsm\u00f6glichkeiten und eine zentrale Lage im Ruhrgebiet mit g\u00fcnstigen Verkehrsanbindungen, erl\u00e4uterte Jan Siekermann, Gesch\u00e4ftsf\u00fchrer von Ferdinand Bilstein, bei der Projektvorstellung.<br \/>\nIn einem ersten Bauabschnitt soll ein rund 45.000 Quadratmeter gro\u00dfes Geb\u00e4ude entstehen, das sp\u00e4ter auch einmal die Unternehmensverwaltung beherbergen soll. Das gesamte Investitionsvolumen f\u00fcr das Logistikzentrum (ohne Grundst\u00fcck) betr\u00e4gt laut Siekermann rund 30 Millionen Euro, die Fertigstellung des ehrgeizigen Projekts ist f\u00fcr 2019 geplant.<\/p>\n","protected":false},"excerpt":{"rendered":"<p>Der Kfz-Ersatzteilespezialist Ferdinand Bilstein will seine Kapazit\u00e4ten deutlich erweitern. Dazu hat das unter der Dachmarke &#8218;Bilstein Group&#8216; agierende Unternehmen nach eigenem Bekunden ein rund 197.000 Quadratmeter gro\u00dfes Grundst\u00fcck im Industriepark ,Schalker Verein&#8216; von Gelsenkirchen erworben, um in den kommenden Jahren ein neues Logistikzentrum zu bauen. <span class=\"excerpt-more__dots\">&#8230;<\/span> <a class=\"excerpt-more__link\" href=\"https:\/\/www.krafthand.de\/truck\/artikel\/bilstein-group-investiert-in-logistikzentrum-3280\/\" >weiter<\/a><\/p>\n","protected":false},"author":3,"featured_media":3281,"comment_status":"closed","ping_status":"closed","sticky":false,"template":"","format":"standard","meta":{"footnotes":""},"categories":[5],"tags":[3471,3382,3098,2878],"settings":[],"class_list":["post-3280","post","type-post","status-publish","format-standard","has-post-thumbnail","hentry","category-branche","tag-bilstein-group","tag-ennepetal","tag-ferdinand-bilstein","tag-logistikzentrum"],"yoast_head":"<!-- This site is optimized with the Yoast SEO plugin v27.3 - https:\/\/yoast.com\/product\/yoast-seo-wordpress\/ -->\n<title>Bilstein Group investiert in Logistikzentrum - Krafthand-Truck<\/title>\n<meta name=\"robots\" content=\"index, follow, max-snippet:-1, max-image-preview:large, max-video-preview:-1\" \/>\n<link rel=\"canonical\" href=\"https:\/\/www.krafthand.de\/truck\/artikel\/bilstein-group-investiert-in-logistikzentrum-3280\/\" \/>\n<meta property=\"og:locale\" content=\"de_DE\" \/>\n<meta property=\"og:type\" content=\"article\" \/>\n<meta property=\"og:title\" content=\"Bilstein Group investiert in Logistikzentrum - Krafthand-Truck\" \/>\n<meta property=\"og:description\" content=\"Der Kfz-Ersatzteilespezialist Ferdinand Bilstein will seine Kapazit\u00e4ten deutlich erweitern. Dazu hat das unter der Dachmarke &#039;Bilstein Group&#039; agierende Unternehmen nach eigenem Bekunden ein rund 197.000 Quadratmeter gro\u00dfes Grundst\u00fcck im Industriepark ,Schalker Verein&#039; von Gelsenkirchen erworben, um in den kommenden Jahren ein neues Logistikzentrum zu bauen. ... weiter\" \/>\n<meta property=\"og:url\" content=\"https:\/\/www.krafthand-truck.de\/artikel\/bilstein-group-investiert-in-logistikzentrum-3280\/\" \/>\n<meta property=\"og:site_name\" content=\"Krafthand-Truck\" \/>\n<meta property=\"article:published_time\" content=\"2017-11-29T13:37:37+00:00\" \/>\n<meta property=\"og:image\" content=\"https:\/\/www.krafthand.de\/truck\/wp-content\/uploads\/2017\/11\/kht0417_053.jpg\" \/>\n\t<meta property=\"og:image:width\" content=\"1200\" \/>\n\t<meta property=\"og:image:height\" content=\"1008\" \/>\n\t<meta property=\"og:image:type\" content=\"image\/jpeg\" \/>\n<meta name=\"author\" content=\"katja.heid@krafthand.de\" \/>\n<meta name=\"twitter:card\" content=\"summary_large_image\" \/>\n<meta name=\"twitter:label1\" content=\"Verfasst von\" \/>\n\t<meta name=\"twitter:data1\" content=\"katja.heid@krafthand.de\" \/>\n\t<meta name=\"twitter:label2\" content=\"Gesch\u00e4tzte Lesezeit\" \/>\n\t<meta name=\"twitter:data2\" content=\"1\u00a0Minute\" \/>\n<script type=\"application\/ld+json\" class=\"yoast-schema-graph\">{\"@context\":\"https:\\\/\\\/schema.org\",\"@graph\":[{\"@type\":\"Article\",\"@id\":\"https:\\\/\\\/www.krafthand.de\\\/truck\\\/artikel\\\/bilstein-group-investiert-in-logistikzentrum-3280\\\/#article\",\"isPartOf\":{\"@id\":\"https:\\\/\\\/www.krafthand.de\\\/truck\\\/artikel\\\/bilstein-group-investiert-in-logistikzentrum-3280\\\/\"},\"author\":{\"name\":\"katja.heid@krafthand.de\",\"@id\":\"https:\\\/\\\/www.krafthand.de\\\/truck\\\/#\\\/schema\\\/person\\\/8e290c6d425b72d176adc7767a251001\"},\"headline\":\"Bilstein Group investiert in Logistikzentrum\",\"datePublished\":\"2017-11-29T13:37:37+00:00\",\"mainEntityOfPage\":{\"@id\":\"https:\\\/\\\/www.krafthand.de\\\/truck\\\/artikel\\\/bilstein-group-investiert-in-logistikzentrum-3280\\\/\"},\"wordCount\":145,\"image\":{\"@id\":\"https:\\\/\\\/www.krafthand.de\\\/truck\\\/artikel\\\/bilstein-group-investiert-in-logistikzentrum-3280\\\/#primaryimage\"},\"thumbnailUrl\":\"https:\\\/\\\/static.krafthand-truck.de\\\/uploads\\\/2017\\\/11\\\/kht0417_053.jpg\",\"keywords\":[\"Bilstein Group\",\"Ennepetal\",\"Ferdinand Bilstein\",\"Logistikzentrum\"],\"articleSection\":[\"Nfz-Branche\"],\"inLanguage\":\"de\"},{\"@type\":\"WebPage\",\"@id\":\"https:\\\/\\\/www.krafthand.de\\\/truck\\\/artikel\\\/bilstein-group-investiert-in-logistikzentrum-3280\\\/\",\"url\":\"https:\\\/\\\/www.krafthand.de\\\/truck\\\/artikel\\\/bilstein-group-investiert-in-logistikzentrum-3280\\\/\",\"name\":\"Bilstein Group investiert in Logistikzentrum - Krafthand-Truck\",\"isPartOf\":{\"@id\":\"https:\\\/\\\/www.krafthand.de\\\/truck\\\/#website\"},\"primaryImageOfPage\":{\"@id\":\"https:\\\/\\\/www.krafthand.de\\\/truck\\\/artikel\\\/bilstein-group-investiert-in-logistikzentrum-3280\\\/#primaryimage\"},\"image\":{\"@id\":\"https:\\\/\\\/www.krafthand.de\\\/truck\\\/artikel\\\/bilstein-group-investiert-in-logistikzentrum-3280\\\/#primaryimage\"},\"thumbnailUrl\":\"https:\\\/\\\/static.krafthand-truck.de\\\/uploads\\\/2017\\\/11\\\/kht0417_053.jpg\",\"datePublished\":\"2017-11-29T13:37:37+00:00\",\"author\":{\"@id\":\"https:\\\/\\\/www.krafthand.de\\\/truck\\\/#\\\/schema\\\/person\\\/8e290c6d425b72d176adc7767a251001\"},\"breadcrumb\":{\"@id\":\"https:\\\/\\\/www.krafthand.de\\\/truck\\\/artikel\\\/bilstein-group-investiert-in-logistikzentrum-3280\\\/#breadcrumb\"},\"inLanguage\":\"de\",\"potentialAction\":[{\"@type\":\"ReadAction\",\"target\":[\"https:\\\/\\\/www.krafthand.de\\\/truck\\\/artikel\\\/bilstein-group-investiert-in-logistikzentrum-3280\\\/\"]}]},{\"@type\":\"ImageObject\",\"inLanguage\":\"de\",\"@id\":\"https:\\\/\\\/www.krafthand.de\\\/truck\\\/artikel\\\/bilstein-group-investiert-in-logistikzentrum-3280\\\/#primaryimage\",\"url\":\"https:\\\/\\\/static.krafthand-truck.de\\\/uploads\\\/2017\\\/11\\\/kht0417_053.jpg\",\"contentUrl\":\"https:\\\/\\\/static.krafthand-truck.de\\\/uploads\\\/2017\\\/11\\\/kht0417_053.jpg\",\"width\":1200,\"height\":1008},{\"@type\":\"BreadcrumbList\",\"@id\":\"https:\\\/\\\/www.krafthand.de\\\/truck\\\/artikel\\\/bilstein-group-investiert-in-logistikzentrum-3280\\\/#breadcrumb\",\"itemListElement\":[{\"@type\":\"ListItem\",\"position\":1,\"name\":\"Krafthand-Truck\",\"item\":\"https:\\\/\\\/www.krafthand.de\\\/truck\\\/\"},{\"@type\":\"ListItem\",\"position\":2,\"name\":\"Nfz-Branche\",\"item\":\"https:\\\/\\\/www.krafthand.de\\\/truck\\\/kategorie\\\/branche\\\/\"},{\"@type\":\"ListItem\",\"position\":3,\"name\":\"Bilstein Group investiert in Logistikzentrum\"}]},{\"@type\":\"WebSite\",\"@id\":\"https:\\\/\\\/www.krafthand.de\\\/truck\\\/#website\",\"url\":\"https:\\\/\\\/www.krafthand.de\\\/truck\\\/\",\"name\":\"Krafthand-Truck\",\"description\":\"\",\"potentialAction\":[{\"@type\":\"SearchAction\",\"target\":{\"@type\":\"EntryPoint\",\"urlTemplate\":\"https:\\\/\\\/www.krafthand.de\\\/truck\\\/?s={search_term_string}\"},\"query-input\":{\"@type\":\"PropertyValueSpecification\",\"valueRequired\":true,\"valueName\":\"search_term_string\"}}],\"inLanguage\":\"de\"},{\"@type\":\"Person\",\"@id\":\"https:\\\/\\\/www.krafthand.de\\\/truck\\\/#\\\/schema\\\/person\\\/8e290c6d425b72d176adc7767a251001\",\"name\":\"katja.heid@krafthand.de\",\"image\":{\"@type\":\"ImageObject\",\"inLanguage\":\"de\",\"@id\":\"https:\\\/\\\/secure.gravatar.com\\\/avatar\\\/9a2930c54ede0e0a76c0f8abfb74704de273084f2aa0e3c6deb2c86704c7402b?s=96&d=mm&r=g\",\"url\":\"https:\\\/\\\/secure.gravatar.com\\\/avatar\\\/9a2930c54ede0e0a76c0f8abfb74704de273084f2aa0e3c6deb2c86704c7402b?s=96&d=mm&r=g\",\"contentUrl\":\"https:\\\/\\\/secure.gravatar.com\\\/avatar\\\/9a2930c54ede0e0a76c0f8abfb74704de273084f2aa0e3c6deb2c86704c7402b?s=96&d=mm&r=g\",\"caption\":\"katja.heid@krafthand.de\"}}]}<\/script>\n<!-- \/ Yoast SEO plugin. -->","yoast_head_json":{"title":"Bilstein Group investiert in Logistikzentrum - Krafthand-Truck","robots":{"index":"index","follow":"follow","max-snippet":"max-snippet:-1","max-image-preview":"max-image-preview:large","max-video-preview":"max-video-preview:-1"},"canonical":"https:\/\/www.krafthand.de\/truck\/artikel\/bilstein-group-investiert-in-logistikzentrum-3280\/","og_locale":"de_DE","og_type":"article","og_title":"Bilstein Group investiert in Logistikzentrum - Krafthand-Truck","og_description":"Der Kfz-Ersatzteilespezialist Ferdinand Bilstein will seine Kapazit\u00e4ten deutlich erweitern. Dazu hat das unter der Dachmarke 'Bilstein Group' agierende Unternehmen nach eigenem Bekunden ein rund 197.000 Quadratmeter gro\u00dfes Grundst\u00fcck im Industriepark ,Schalker Verein' von Gelsenkirchen erworben, um in den kommenden Jahren ein neues Logistikzentrum zu bauen. ... weiter","og_url":"https:\/\/www.krafthand-truck.de\/artikel\/bilstein-group-investiert-in-logistikzentrum-3280\/","og_site_name":"Krafthand-Truck","article_published_time":"2017-11-29T13:37:37+00:00","og_image":[{"width":1200,"height":1008,"url":"https:\/\/www.krafthand.de\/truck\/wp-content\/uploads\/2017\/11\/kht0417_053.jpg","type":"image\/jpeg"}],"author":"katja.heid@krafthand.de","twitter_card":"summary_large_image","twitter_misc":{"Verfasst von":"katja.heid@krafthand.de","Gesch\u00e4tzte Lesezeit":"1\u00a0Minute"},"schema":{"@context":"https:\/\/schema.org","@graph":[{"@type":"Article","@id":"https:\/\/www.krafthand.de\/truck\/artikel\/bilstein-group-investiert-in-logistikzentrum-3280\/#article","isPartOf":{"@id":"https:\/\/www.krafthand.de\/truck\/artikel\/bilstein-group-investiert-in-logistikzentrum-3280\/"},"author":{"name":"katja.heid@krafthand.de","@id":"https:\/\/www.krafthand.de\/truck\/#\/schema\/person\/8e290c6d425b72d176adc7767a251001"},"headline":"Bilstein Group investiert in Logistikzentrum","datePublished":"2017-11-29T13:37:37+00:00","mainEntityOfPage":{"@id":"https:\/\/www.krafthand.de\/truck\/artikel\/bilstein-group-investiert-in-logistikzentrum-3280\/"},"wordCount":145,"image":{"@id":"https:\/\/www.krafthand.de\/truck\/artikel\/bilstein-group-investiert-in-logistikzentrum-3280\/#primaryimage"},"thumbnailUrl":"https:\/\/static.krafthand-truck.de\/uploads\/2017\/11\/kht0417_053.jpg","keywords":["Bilstein Group","Ennepetal","Ferdinand Bilstein","Logistikzentrum"],"articleSection":["Nfz-Branche"],"inLanguage":"de"},{"@type":"WebPage","@id":"https:\/\/www.krafthand.de\/truck\/artikel\/bilstein-group-investiert-in-logistikzentrum-3280\/","url":"https:\/\/www.krafthand.de\/truck\/artikel\/bilstein-group-investiert-in-logistikzentrum-3280\/","name":"Bilstein Group investiert in Logistikzentrum - Krafthand-Truck","isPartOf":{"@id":"https:\/\/www.krafthand.de\/truck\/#website"},"primaryImageOfPage":{"@id":"https:\/\/www.krafthand.de\/truck\/artikel\/bilstein-group-investiert-in-logistikzentrum-3280\/#primaryimage"},"image":{"@id":"https:\/\/www.krafthand.de\/truck\/artikel\/bilstein-group-investiert-in-logistikzentrum-3280\/#primaryimage"},"thumbnailUrl":"https:\/\/static.krafthand-truck.de\/uploads\/2017\/11\/kht0417_053.jpg","datePublished":"2017-11-29T13:37:37+00:00","author":{"@id":"https:\/\/www.krafthand.de\/truck\/#\/schema\/person\/8e290c6d425b72d176adc7767a251001"},"breadcrumb":{"@id":"https:\/\/www.krafthand.de\/truck\/artikel\/bilstein-group-investiert-in-logistikzentrum-3280\/#breadcrumb"},"inLanguage":"de","potentialAction":[{"@type":"ReadAction","target":["https:\/\/www.krafthand.de\/truck\/artikel\/bilstein-group-investiert-in-logistikzentrum-3280\/"]}]},{"@type":"ImageObject","inLanguage":"de","@id":"https:\/\/www.krafthand.de\/truck\/artikel\/bilstein-group-investiert-in-logistikzentrum-3280\/#primaryimage","url":"https:\/\/static.krafthand-truck.de\/uploads\/2017\/11\/kht0417_053.jpg","contentUrl":"https:\/\/static.krafthand-truck.de\/uploads\/2017\/11\/kht0417_053.jpg","width":1200,"height":1008},{"@type":"BreadcrumbList","@id":"https:\/\/www.krafthand.de\/truck\/artikel\/bilstein-group-investiert-in-logistikzentrum-3280\/#breadcrumb","itemListElement":[{"@type":"ListItem","position":1,"name":"Krafthand-Truck","item":"https:\/\/www.krafthand.de\/truck\/"},{"@type":"ListItem","position":2,"name":"Nfz-Branche","item":"https:\/\/www.krafthand.de\/truck\/kategorie\/branche\/"},{"@type":"ListItem","position":3,"name":"Bilstein Group investiert in Logistikzentrum"}]},{"@type":"WebSite","@id":"https:\/\/www.krafthand.de\/truck\/#website","url":"https:\/\/www.krafthand.de\/truck\/","name":"Krafthand-Truck","description":"","potentialAction":[{"@type":"SearchAction","target":{"@type":"EntryPoint","urlTemplate":"https:\/\/www.krafthand.de\/truck\/?s={search_term_string}"},"query-input":{"@type":"PropertyValueSpecification","valueRequired":true,"valueName":"search_term_string"}}],"inLanguage":"de"},{"@type":"Person","@id":"https:\/\/www.krafthand.de\/truck\/#\/schema\/person\/8e290c6d425b72d176adc7767a251001","name":"katja.heid@krafthand.de","image":{"@type":"ImageObject","inLanguage":"de","@id":"https:\/\/secure.gravatar.com\/avatar\/9a2930c54ede0e0a76c0f8abfb74704de273084f2aa0e3c6deb2c86704c7402b?s=96&d=mm&r=g","url":"https:\/\/secure.gravatar.com\/avatar\/9a2930c54ede0e0a76c0f8abfb74704de273084f2aa0e3c6deb2c86704c7402b?s=96&d=mm&r=g","contentUrl":"https:\/\/secure.gravatar.com\/avatar\/9a2930c54ede0e0a76c0f8abfb74704de273084f2aa0e3c6deb2c86704c7402b?s=96&d=mm&r=g","caption":"katja.heid@krafthand.de"}}]}},"_links":{"self":[{"href":"https:\/\/www.krafthand.de\/truck\/wp-json\/wp\/v2\/posts\/3280","targetHints":{"allow":["GET"]}}],"collection":[{"href":"https:\/\/www.krafthand.de\/truck\/wp-json\/wp\/v2\/posts"}],"about":[{"href":"https:\/\/www.krafthand.de\/truck\/wp-json\/wp\/v2\/types\/post"}],"author":[{"embeddable":true,"href":"https:\/\/www.krafthand.de\/truck\/wp-json\/wp\/v2\/users\/3"}],"replies":[{"embeddable":true,"href":"https:\/\/www.krafthand.de\/truck\/wp-json\/wp\/v2\/comments?post=3280"}],"version-history":[{"count":0,"href":"https:\/\/www.krafthand.de\/truck\/wp-json\/wp\/v2\/posts\/3280\/revisions"}],"wp:featuredmedia":[{"embeddable":true,"href":"https:\/\/www.krafthand.de\/truck\/wp-json\/wp\/v2\/media\/3281"}],"wp:attachment":[{"href":"https:\/\/www.krafthand.de\/truck\/wp-json\/wp\/v2\/media?parent=3280"}],"wp:term":[{"taxonomy":"category","embeddable":true,"href":"https:\/\/www.krafthand.de\/truck\/wp-json\/wp\/v2\/categories?post=3280"},{"taxonomy":"post_tag","embeddable":true,"href":"https:\/\/www.krafthand.de\/truck\/wp-json\/wp\/v2\/tags?post=3280"},{"taxonomy":"settings","embeddable":true,"href":"https:\/\/www.krafthand.de\/truck\/wp-json\/wp\/v2\/settings?post=3280"}],"curies":[{"name":"wp","href":"https:\/\/api.w.org\/{rel}","templated":true}]}}