{"id":32792,"date":"2022-06-24T14:38:21","date_gmt":"2022-06-24T12:38:21","guid":{"rendered":"https:\/\/www.krafthand.de\/truck\/?p=32792"},"modified":"2022-06-24T14:48:36","modified_gmt":"2022-06-24T12:48:36","slug":"weltpremiere-clean-logistics-stellt-wasserstoffbetriebenen-truck-fyuriantvor","status":"publish","type":"post","link":"https:\/\/www.krafthand.de\/truck\/artikel\/weltpremiere-clean-logistics-stellt-wasserstoffbetriebenen-truck-fyuriantvor-32792\/","title":{"rendered":"Weltpremiere: Clean Logistics stellt wasserstoffbetriebenen Truck &#8218;fyuriant&#8217;vor"},"content":{"rendered":"<p>Das Hamburger Unternehmen <a href=\"https:\/\/www.cleanlogistics.de\/de\" target=\"_blank\" rel=\"noopener\">Clean Logistics SE<\/a> hat am 23.6.2022 auf dem Flugplatz Stade ihren ersten wasserstoffbetriebenen Zero-Emission-Truck &#8218;fyuriant&#8216; der \u00d6ffentlichkeit pr\u00e4sentiert. Bereits im Sommer 2021 hat das Unternehmen mit &#8218;pyuron&#8216; den ersten konvertierten Bus mit Brennstoffzellen-Wasserstoff-Antrieb im \u00d6PNV in Europa an die Uckerm\u00e4rkische Verkehrsgesellschaft \u00fcbergeben. Dabei wurde der gew\u00f6hnliche Dieselantrieb des Busses gegen einen emissionsfreien Antrieb auf Wasserstoffbasis getauscht. Dies ist auch ab sofort bei schweren Sattelzugmaschinen von 40 Tonnen m\u00f6glich.<\/p>\n<h3>Zwei Brennstoffzellen<\/h3>\n<p>Der erste fyuriant ist unter anderem mit zwei Wasserstoff-Brennstoffzellen mit 2\u00d7120 kW Leistung sowie Wasserstofftanks mit einem Volumen von 43 kg ausgestattet. Das erm\u00f6glicht laut Clean Logistics eine ausreichend hohe Reichweite von \u00fcber 400 km und kurze Betankungszeiten von unter 15 Minuten. Die mit Radnabenmotoren ausgestattete Hinterachse hat ein Drehmoment von maximal 17.000 Nm, die dem Truck in jeder Fahrsituation die entsprechende Kraft verleiht. Das selbstentwickelte intelligente Steuerungssystem von Clean Logistics erm\u00f6glicht eine effiziente Steuerung des Gesamtsystems in jeder Fahrsituation. So wird beispielsweise die zur\u00fcckgewonnene Energie beim Bremsvorgang in einer Batterie zwischengespeichert und f\u00fcr den n\u00e4chsten Beschleunigungsvorgang wieder bereitgestellt.<\/p>\n<p>Clean Logistics baut in Winsen (Luhe) seine Kapazit\u00e4ten derzeit massiv aus. Mit der neuen Produktionshalle mit einer Nutzfl\u00e4che von mehr als 10.000 Quadratmetern will das Unternehmen die Zahl der ausgelieferten Fahrzeuge ab Ende 2023 j\u00e4hrlich auf bis zu 450 zu steigern.<\/p>\n<blockquote>\n<figure id=\"attachment_32796\" aria-describedby=\"caption-attachment-32796\" style=\"width: 180px\" class=\"wp-caption alignleft\"><a href=\"https:\/\/static.krafthand-truck.de\/uploads\/2022\/06\/Clean_Logistic_Dirk-Graszt-by-Paul-Schimweg.jpg\" target=\"_blank\" rel=\"noopener\"><img decoding=\"async\" class=\"wp-image-32796\" src=\"https:\/\/static.krafthand-truck.de\/uploads\/2022\/06\/Clean_Logistic_Dirk-Graszt-by-Paul-Schimweg-212x300.jpg\" alt=\"\" width=\"180\" height=\"254\" srcset=\"https:\/\/static.krafthand-truck.de\/uploads\/2022\/06\/Clean_Logistic_Dirk-Graszt-by-Paul-Schimweg-212x300.jpg 212w, https:\/\/static.krafthand-truck.de\/uploads\/2022\/06\/Clean_Logistic_Dirk-Graszt-by-Paul-Schimweg.jpg 680w\" sizes=\"(max-width: 180px) 100vw, 180px\" \/><\/a><figcaption id=\"caption-attachment-32796\" class=\"wp-caption-text\">Dirk Graszt. Bild: Clean Logistics, Paul Schimweg<\/figcaption><\/figure>\n<p>\u201eWir freuen uns sehr, heute unseren fyuriant pr\u00e4sentieren zu k\u00f6nnen. Der Truck ist ein wichtiger Meilenstein, um den Verkehrssektor in Deutschland und Europa zu dekarbonisieren. Mit unseren Trucks und Bussen treffen wir auf hohe Resonanz in der Branche. Denn wir sind in der Lage, schon heute dem Markt emissionsfreie Fahrzeuge zur Verf\u00fcgung zu stellen. Dank des Umbaus klassischer Dieselfahrzeuge zu emissionsfreien Wasserstofffahrzeugen geschieht dies auch noch sehr ressourcenschonend. So werden wir den Wandel der Mobilit\u00e4t in eine nachhaltige Zukunft z\u00fcgig vorantreiben&#8220;, so Dirk Graszt, CEO von Clean Logistics.<\/p><\/blockquote>\n<p>Das Projekt wird im Rahmen der Umsetzung der Mobilit\u00e4ts- und Kraftstoffstrategie der Bundesregierung (MKS) mit insgesamt rund 3,3 Mio. Euro durch das Bundesministerium f\u00fcr Digitales und Verkehr (<a href=\"https:\/\/www.bmvi.de\/DE\/Home\/home.html\" target=\"_blank\" rel=\"noopener\">BMDV<\/a>) gef\u00f6rdert. Die F\u00f6rderma\u00dfnahme wird von der <a href=\"https:\/\/www.now-gmbh.de\" target=\"_blank\" rel=\"noopener\">NOW GmbH<\/a> koordiniert. \u201eWir danken an dieser Stelle dem BMDV f\u00fcr die Unterst\u00fctzung \u2013 ohne die F\u00f6rderung w\u00e4re die Prototypen-Entwicklung, die den Grundstein f\u00fcr unser weiteres Wachstum darstellt, nicht m\u00f6glich gewesen\u201c, betont Dirk Graszt.<\/p>\n<blockquote><p>\u201eDurch die Sch\u00e4rfung des Purpose und der Vision von Clean Logistics wird die Zukunftsf\u00e4higkeit des Unternehmens unterstrichen. Dies ist der n\u00e4chste logische Schritt in der Entwicklung der gesamten Clean Logistics Gruppe\u201c, so Tom George, COO von Clean Logistics.<\/p><\/blockquote>\n<h3>Video zur Weltpremiere<\/h3>\n<div class=\"brlbs-cmpnt-container brlbs-cmpnt-content-blocker brlbs-cmpnt-with-individual-styles\" data-borlabs-cookie-content-blocker-id=\"youtube-content-blocker\" data-borlabs-cookie-content=\"PGlmcmFtZSB0aXRsZT0iRElFIEhPQ0hFWEtMVVNJVkUgV0VMVFBSRU1JRVJFIFVOU0VSRVMgQUxMRVJFUlNURU4gV0FTU0VSU1RPRkYtWkVSTy1FTUlTU0lPTiBUUlVDS1Mg8J+ls\/Cfmpvwn5KnIiB3aWR0aD0iNjY1IiBoZWlnaHQ9IjM3NCIgc3JjPSJodHRwczovL3d3dy55b3V0dWJlLW5vY29va2llLmNvbS9lbWJlZC9hbHFDRHlLZmtiWT9mZWF0dXJlPW9lbWJlZCIgZnJhbWVib3JkZXI9IjAiIGFsbG93PSJhY2NlbGVyb21ldGVyOyBhdXRvcGxheTsgY2xpcGJvYXJkLXdyaXRlOyBlbmNyeXB0ZWQtbWVkaWE7IGd5cm9zY29wZTsgcGljdHVyZS1pbi1waWN0dXJlOyB3ZWItc2hhcmUiIHJlZmVycmVycG9saWN5PSJzdHJpY3Qtb3JpZ2luLXdoZW4tY3Jvc3Mtb3JpZ2luIiBhbGxvd2Z1bGxzY3JlZW4+PC9pZnJhbWU+\">\n<div class=\"brlbs-cmpnt-cb-preset-c brlbs-cmpnt-cb-youtube\">\n<div class=\"brlbs-cmpnt-cb-thumbnail\" style=\"background-image: url('https:\/\/static.krafthand-truck.de\/uploads\/borlabs-cookie\/1\/yt_alqCDyKfkbY_hqdefault.jpg')\"><\/div>\n<div class=\"brlbs-cmpnt-cb-main\">\n<div class=\"brlbs-cmpnt-cb-play-button\"><\/div>\n<div class=\"brlbs-cmpnt-cb-content\">\n<p class=\"brlbs-cmpnt-cb-description\">Sie sehen gerade einen Platzhalterinhalt von <strong>YouTube<\/strong>. Um auf den eigentlichen Inhalt zuzugreifen, klicken Sie auf die Schaltfl\u00e4che unten. Bitte beachten Sie, dass dabei Daten an Drittanbieter weitergegeben werden.<\/p>\n<p> <a class=\"brlbs-cmpnt-cb-provider-toggle\" href=\"#\" data-borlabs-cookie-show-provider-information role=\"button\">Mehr Informationen<\/a> <\/div>\n<div class=\"brlbs-cmpnt-cb-buttons\"> <a class=\"brlbs-cmpnt-cb-btn\" href=\"#\" data-borlabs-cookie-unblock role=\"button\">Inhalt entsperren<\/a> <a class=\"brlbs-cmpnt-cb-btn\" href=\"#\" data-borlabs-cookie-accept-service role=\"button\" style=\"display: inherit\">Erforderlichen Service akzeptieren und Inhalte entsperren<\/a> <\/div>\n<\/p><\/div>\n<\/p><\/div>\n<\/div>\n\r\n\t\t\t\t<div class=\"post-author\">\r\n\t\t\t\t\t<div class=\"khm-cp-author clearfix\">\r\n\t\t\t\t\t\t<div class=\"khm-cp-author__content\">\r\n\t\t\t\t\t\t\t\tKontakt zum Autor:<br \/>\r\n\t\t\t\t\t\t\t\t<strong>Georg Blenk<\/strong>, 08247 \/ 3007-45 |  <a href=\"mailto:georg.blenk@krafthand-medien.de\">georg.blenk@krafthand-medien.de<\/a>\r\n\t\t\t\t\t\t\t<div class=\"khm-cp-author__image\">\r\n\t\t\t\t\t\t<img src=\"https:\/\/static.krafthand-truck.de\/uploads\/2021\/01\/Blenk_6104-250x300-1-removebg-preview.png\" class=\"img-responsive\">\r\n\t\t\t\t\t<\/div>\r\n\t\t\t\t\t\t<\/div>\r\n\t\t\t\t\t<\/div>\r\n\t\t\t\t<\/div>\r\n\t\t\t\t","protected":false},"excerpt":{"rendered":"<p>Das Hamburger Unternehmen Clean Logistics SE hat am 23.6.2022 auf dem Flugplatz Stade ihren ersten wasserstoffbetriebenen Zero-Emission-Truck &#8218;fyuriant&#8216; der \u00d6ffentlichkeit pr\u00e4sentiert. Der Lkw verf\u00fcgt \u00fcber zwei Brennstoffzellen und Radnabenmotoren. <span class=\"excerpt-more__dots\">&#8230;<\/span> <a class=\"excerpt-more__link\" href=\"https:\/\/www.krafthand.de\/truck\/artikel\/weltpremiere-clean-logistics-stellt-wasserstoffbetriebenen-truck-fyuriantvor-32792\/\" >weiter<\/a><\/p>\n","protected":false},"author":9,"featured_media":32800,"comment_status":"closed","ping_status":"closed","sticky":false,"template":"","format":"standard","meta":{"footnotes":""},"categories":[4224,4915],"tags":[5253,5254,5018,4181],"settings":[3524,3523],"class_list":["post-32792","post","type-post","status-publish","format-standard","has-post-thumbnail","hentry","category-e-antrieb","category-neue-fahrzeuge","tag-clean-logistics","tag-fyuriant","tag-now","tag-wasserstoff"],"yoast_head":"<!-- This site is optimized with the Yoast SEO plugin v27.3 - https:\/\/yoast.com\/product\/yoast-seo-wordpress\/ -->\n<title>Weltpremiere: Clean Logistics stellt wasserstoffbetriebenen Truck &#039;fyuriant&#039;vor - Krafthand-Truck<\/title>\n<meta name=\"description\" content=\"Clean Logistics hat am 23.6.2022 in Stade ihren ersten wasserstoffbetriebenen Zero-Emission-Truck &#039;fyuriant&#039; der \u00d6ffentlichkeit pr\u00e4sentiert.\" \/>\n<meta name=\"robots\" content=\"index, follow, max-snippet:-1, max-image-preview:large, max-video-preview:-1\" \/>\n<link rel=\"canonical\" href=\"https:\/\/www.krafthand.de\/truck\/artikel\/weltpremiere-clean-logistics-stellt-wasserstoffbetriebenen-truck-fyuriantvor-32792\/\" \/>\n<meta property=\"og:locale\" content=\"de_DE\" \/>\n<meta property=\"og:type\" content=\"article\" \/>\n<meta property=\"og:title\" content=\"Weltpremiere: Clean Logistics stellt wasserstoffbetriebenen Truck &#039;fyuriant&#039;vor - Krafthand-Truck\" \/>\n<meta property=\"og:description\" content=\"Clean Logistics hat am 23.6.2022 in Stade ihren ersten wasserstoffbetriebenen Zero-Emission-Truck &#039;fyuriant&#039; der \u00d6ffentlichkeit pr\u00e4sentiert.\" \/>\n<meta property=\"og:url\" content=\"https:\/\/www.krafthand-truck.de\/artikel\/weltpremiere-clean-logistics-stellt-wasserstoffbetriebenen-truck-fyuriantvor-32792\/\" \/>\n<meta property=\"og:site_name\" content=\"Krafthand-Truck\" \/>\n<meta property=\"article:published_time\" content=\"2022-06-24T12:38:21+00:00\" \/>\n<meta property=\"article:modified_time\" content=\"2022-06-24T12:48:36+00:00\" \/>\n<meta property=\"og:image\" content=\"https:\/\/static.krafthand-truck.de\/uploads\/2022\/06\/Clean_Lostgic_fyuriant2.jpg\" \/>\n\t<meta property=\"og:image:width\" content=\"1200\" \/>\n\t<meta property=\"og:image:height\" content=\"622\" \/>\n\t<meta property=\"og:image:type\" content=\"image\/jpeg\" \/>\n<meta name=\"author\" content=\"georg.blenk@krafthand-medien.de\" \/>\n<meta name=\"twitter:card\" content=\"summary_large_image\" \/>\n<meta name=\"twitter:label1\" content=\"Verfasst von\" \/>\n\t<meta name=\"twitter:data1\" content=\"georg.blenk@krafthand-medien.de\" \/>\n\t<meta name=\"twitter:label2\" content=\"Gesch\u00e4tzte Lesezeit\" \/>\n\t<meta name=\"twitter:data2\" content=\"3\u00a0Minuten\" \/>\n<script type=\"application\/ld+json\" class=\"yoast-schema-graph\">{\"@context\":\"https:\\\/\\\/schema.org\",\"@graph\":[{\"@type\":\"Article\",\"@id\":\"https:\\\/\\\/www.krafthand.de\\\/truck\\\/artikel\\\/weltpremiere-clean-logistics-stellt-wasserstoffbetriebenen-truck-fyuriantvor-32792\\\/#article\",\"isPartOf\":{\"@id\":\"https:\\\/\\\/www.krafthand.de\\\/truck\\\/artikel\\\/weltpremiere-clean-logistics-stellt-wasserstoffbetriebenen-truck-fyuriantvor-32792\\\/\"},\"author\":{\"name\":\"georg.blenk@krafthand-medien.de\",\"@id\":\"https:\\\/\\\/www.krafthand.de\\\/truck\\\/#\\\/schema\\\/person\\\/51fa80b1c57034c4bf63f9f988fc24ce\"},\"headline\":\"Weltpremiere: Clean Logistics stellt wasserstoffbetriebenen Truck &#8218;fyuriant&#8217;vor\",\"datePublished\":\"2022-06-24T12:38:21+00:00\",\"dateModified\":\"2022-06-24T12:48:36+00:00\",\"mainEntityOfPage\":{\"@id\":\"https:\\\/\\\/www.krafthand.de\\\/truck\\\/artikel\\\/weltpremiere-clean-logistics-stellt-wasserstoffbetriebenen-truck-fyuriantvor-32792\\\/\"},\"wordCount\":454,\"image\":{\"@id\":\"https:\\\/\\\/www.krafthand.de\\\/truck\\\/artikel\\\/weltpremiere-clean-logistics-stellt-wasserstoffbetriebenen-truck-fyuriantvor-32792\\\/#primaryimage\"},\"thumbnailUrl\":\"https:\\\/\\\/static.krafthand-truck.de\\\/uploads\\\/2022\\\/06\\\/Clean_Lostgic_fyuriant2.jpg\",\"keywords\":[\"Clean Logistics\",\"fyuriant\",\"NOW\",\"Wasserstoff\"],\"articleSection\":[\"E-Antrieb (BEV\\\/FCEV)\",\"Neue Fahrzeuge\"],\"inLanguage\":\"de\"},{\"@type\":\"WebPage\",\"@id\":\"https:\\\/\\\/www.krafthand.de\\\/truck\\\/artikel\\\/weltpremiere-clean-logistics-stellt-wasserstoffbetriebenen-truck-fyuriantvor-32792\\\/\",\"url\":\"https:\\\/\\\/www.krafthand.de\\\/truck\\\/artikel\\\/weltpremiere-clean-logistics-stellt-wasserstoffbetriebenen-truck-fyuriantvor-32792\\\/\",\"name\":\"Weltpremiere: Clean Logistics stellt wasserstoffbetriebenen Truck 'fyuriant'vor - Krafthand-Truck\",\"isPartOf\":{\"@id\":\"https:\\\/\\\/www.krafthand.de\\\/truck\\\/#website\"},\"primaryImageOfPage\":{\"@id\":\"https:\\\/\\\/www.krafthand.de\\\/truck\\\/artikel\\\/weltpremiere-clean-logistics-stellt-wasserstoffbetriebenen-truck-fyuriantvor-32792\\\/#primaryimage\"},\"image\":{\"@id\":\"https:\\\/\\\/www.krafthand.de\\\/truck\\\/artikel\\\/weltpremiere-clean-logistics-stellt-wasserstoffbetriebenen-truck-fyuriantvor-32792\\\/#primaryimage\"},\"thumbnailUrl\":\"https:\\\/\\\/static.krafthand-truck.de\\\/uploads\\\/2022\\\/06\\\/Clean_Lostgic_fyuriant2.jpg\",\"datePublished\":\"2022-06-24T12:38:21+00:00\",\"dateModified\":\"2022-06-24T12:48:36+00:00\",\"author\":{\"@id\":\"https:\\\/\\\/www.krafthand.de\\\/truck\\\/#\\\/schema\\\/person\\\/51fa80b1c57034c4bf63f9f988fc24ce\"},\"description\":\"Clean Logistics hat am 23.6.2022 in Stade ihren ersten wasserstoffbetriebenen Zero-Emission-Truck 'fyuriant' der \u00d6ffentlichkeit pr\u00e4sentiert.\",\"breadcrumb\":{\"@id\":\"https:\\\/\\\/www.krafthand.de\\\/truck\\\/artikel\\\/weltpremiere-clean-logistics-stellt-wasserstoffbetriebenen-truck-fyuriantvor-32792\\\/#breadcrumb\"},\"inLanguage\":\"de\",\"potentialAction\":[{\"@type\":\"ReadAction\",\"target\":[\"https:\\\/\\\/www.krafthand.de\\\/truck\\\/artikel\\\/weltpremiere-clean-logistics-stellt-wasserstoffbetriebenen-truck-fyuriantvor-32792\\\/\"]}]},{\"@type\":\"ImageObject\",\"inLanguage\":\"de\",\"@id\":\"https:\\\/\\\/www.krafthand.de\\\/truck\\\/artikel\\\/weltpremiere-clean-logistics-stellt-wasserstoffbetriebenen-truck-fyuriantvor-32792\\\/#primaryimage\",\"url\":\"https:\\\/\\\/static.krafthand-truck.de\\\/uploads\\\/2022\\\/06\\\/Clean_Lostgic_fyuriant2.jpg\",\"contentUrl\":\"https:\\\/\\\/static.krafthand-truck.de\\\/uploads\\\/2022\\\/06\\\/Clean_Lostgic_fyuriant2.jpg\",\"width\":1200,\"height\":622},{\"@type\":\"BreadcrumbList\",\"@id\":\"https:\\\/\\\/www.krafthand.de\\\/truck\\\/artikel\\\/weltpremiere-clean-logistics-stellt-wasserstoffbetriebenen-truck-fyuriantvor-32792\\\/#breadcrumb\",\"itemListElement\":[{\"@type\":\"ListItem\",\"position\":1,\"name\":\"Krafthand-Truck\",\"item\":\"https:\\\/\\\/www.krafthand.de\\\/truck\\\/\"},{\"@type\":\"ListItem\",\"position\":2,\"name\":\"IT+Fuhrpark\",\"item\":\"https:\\\/\\\/www.krafthand.de\\\/truck\\\/kategorie\\\/fuhrpark\\\/\"},{\"@type\":\"ListItem\",\"position\":3,\"name\":\"Neue Fahrzeuge\",\"item\":\"https:\\\/\\\/www.krafthand.de\\\/truck\\\/kategorie\\\/fuhrpark\\\/neue-fahrzeuge\\\/\"},{\"@type\":\"ListItem\",\"position\":4,\"name\":\"Weltpremiere: Clean Logistics stellt wasserstoffbetriebenen Truck &#8218;fyuriant&#8217;vor\"}]},{\"@type\":\"WebSite\",\"@id\":\"https:\\\/\\\/www.krafthand.de\\\/truck\\\/#website\",\"url\":\"https:\\\/\\\/www.krafthand.de\\\/truck\\\/\",\"name\":\"Krafthand-Truck\",\"description\":\"\",\"potentialAction\":[{\"@type\":\"SearchAction\",\"target\":{\"@type\":\"EntryPoint\",\"urlTemplate\":\"https:\\\/\\\/www.krafthand.de\\\/truck\\\/?s={search_term_string}\"},\"query-input\":{\"@type\":\"PropertyValueSpecification\",\"valueRequired\":true,\"valueName\":\"search_term_string\"}}],\"inLanguage\":\"de\"},{\"@type\":\"Person\",\"@id\":\"https:\\\/\\\/www.krafthand.de\\\/truck\\\/#\\\/schema\\\/person\\\/51fa80b1c57034c4bf63f9f988fc24ce\",\"name\":\"georg.blenk@krafthand-medien.de\",\"image\":{\"@type\":\"ImageObject\",\"inLanguage\":\"de\",\"@id\":\"https:\\\/\\\/secure.gravatar.com\\\/avatar\\\/93713c30affe0aa95d3a4130e499bb1abee2eb31adbdd9ce2aa1543538490215?s=96&d=mm&r=g\",\"url\":\"https:\\\/\\\/secure.gravatar.com\\\/avatar\\\/93713c30affe0aa95d3a4130e499bb1abee2eb31adbdd9ce2aa1543538490215?s=96&d=mm&r=g\",\"contentUrl\":\"https:\\\/\\\/secure.gravatar.com\\\/avatar\\\/93713c30affe0aa95d3a4130e499bb1abee2eb31adbdd9ce2aa1543538490215?s=96&d=mm&r=g\",\"caption\":\"georg.blenk@krafthand-medien.de\"}}]}<\/script>\n<!-- \/ Yoast SEO plugin. -->","yoast_head_json":{"title":"Weltpremiere: Clean Logistics stellt wasserstoffbetriebenen Truck 'fyuriant'vor - Krafthand-Truck","description":"Clean Logistics hat am 23.6.2022 in Stade ihren ersten wasserstoffbetriebenen Zero-Emission-Truck 'fyuriant' der \u00d6ffentlichkeit pr\u00e4sentiert.","robots":{"index":"index","follow":"follow","max-snippet":"max-snippet:-1","max-image-preview":"max-image-preview:large","max-video-preview":"max-video-preview:-1"},"canonical":"https:\/\/www.krafthand.de\/truck\/artikel\/weltpremiere-clean-logistics-stellt-wasserstoffbetriebenen-truck-fyuriantvor-32792\/","og_locale":"de_DE","og_type":"article","og_title":"Weltpremiere: Clean Logistics stellt wasserstoffbetriebenen Truck 'fyuriant'vor - Krafthand-Truck","og_description":"Clean Logistics hat am 23.6.2022 in Stade ihren ersten wasserstoffbetriebenen Zero-Emission-Truck 'fyuriant' der \u00d6ffentlichkeit pr\u00e4sentiert.","og_url":"https:\/\/www.krafthand-truck.de\/artikel\/weltpremiere-clean-logistics-stellt-wasserstoffbetriebenen-truck-fyuriantvor-32792\/","og_site_name":"Krafthand-Truck","article_published_time":"2022-06-24T12:38:21+00:00","article_modified_time":"2022-06-24T12:48:36+00:00","og_image":[{"width":1200,"height":622,"url":"https:\/\/static.krafthand-truck.de\/uploads\/2022\/06\/Clean_Lostgic_fyuriant2.jpg","type":"image\/jpeg"}],"author":"georg.blenk@krafthand-medien.de","twitter_card":"summary_large_image","twitter_misc":{"Verfasst von":"georg.blenk@krafthand-medien.de","Gesch\u00e4tzte Lesezeit":"3\u00a0Minuten"},"schema":{"@context":"https:\/\/schema.org","@graph":[{"@type":"Article","@id":"https:\/\/www.krafthand.de\/truck\/artikel\/weltpremiere-clean-logistics-stellt-wasserstoffbetriebenen-truck-fyuriantvor-32792\/#article","isPartOf":{"@id":"https:\/\/www.krafthand.de\/truck\/artikel\/weltpremiere-clean-logistics-stellt-wasserstoffbetriebenen-truck-fyuriantvor-32792\/"},"author":{"name":"georg.blenk@krafthand-medien.de","@id":"https:\/\/www.krafthand.de\/truck\/#\/schema\/person\/51fa80b1c57034c4bf63f9f988fc24ce"},"headline":"Weltpremiere: Clean Logistics stellt wasserstoffbetriebenen Truck &#8218;fyuriant&#8217;vor","datePublished":"2022-06-24T12:38:21+00:00","dateModified":"2022-06-24T12:48:36+00:00","mainEntityOfPage":{"@id":"https:\/\/www.krafthand.de\/truck\/artikel\/weltpremiere-clean-logistics-stellt-wasserstoffbetriebenen-truck-fyuriantvor-32792\/"},"wordCount":454,"image":{"@id":"https:\/\/www.krafthand.de\/truck\/artikel\/weltpremiere-clean-logistics-stellt-wasserstoffbetriebenen-truck-fyuriantvor-32792\/#primaryimage"},"thumbnailUrl":"https:\/\/static.krafthand-truck.de\/uploads\/2022\/06\/Clean_Lostgic_fyuriant2.jpg","keywords":["Clean Logistics","fyuriant","NOW","Wasserstoff"],"articleSection":["E-Antrieb (BEV\/FCEV)","Neue Fahrzeuge"],"inLanguage":"de"},{"@type":"WebPage","@id":"https:\/\/www.krafthand.de\/truck\/artikel\/weltpremiere-clean-logistics-stellt-wasserstoffbetriebenen-truck-fyuriantvor-32792\/","url":"https:\/\/www.krafthand.de\/truck\/artikel\/weltpremiere-clean-logistics-stellt-wasserstoffbetriebenen-truck-fyuriantvor-32792\/","name":"Weltpremiere: Clean Logistics stellt wasserstoffbetriebenen Truck 'fyuriant'vor - Krafthand-Truck","isPartOf":{"@id":"https:\/\/www.krafthand.de\/truck\/#website"},"primaryImageOfPage":{"@id":"https:\/\/www.krafthand.de\/truck\/artikel\/weltpremiere-clean-logistics-stellt-wasserstoffbetriebenen-truck-fyuriantvor-32792\/#primaryimage"},"image":{"@id":"https:\/\/www.krafthand.de\/truck\/artikel\/weltpremiere-clean-logistics-stellt-wasserstoffbetriebenen-truck-fyuriantvor-32792\/#primaryimage"},"thumbnailUrl":"https:\/\/static.krafthand-truck.de\/uploads\/2022\/06\/Clean_Lostgic_fyuriant2.jpg","datePublished":"2022-06-24T12:38:21+00:00","dateModified":"2022-06-24T12:48:36+00:00","author":{"@id":"https:\/\/www.krafthand.de\/truck\/#\/schema\/person\/51fa80b1c57034c4bf63f9f988fc24ce"},"description":"Clean Logistics hat am 23.6.2022 in Stade ihren ersten wasserstoffbetriebenen Zero-Emission-Truck 'fyuriant' der \u00d6ffentlichkeit pr\u00e4sentiert.","breadcrumb":{"@id":"https:\/\/www.krafthand.de\/truck\/artikel\/weltpremiere-clean-logistics-stellt-wasserstoffbetriebenen-truck-fyuriantvor-32792\/#breadcrumb"},"inLanguage":"de","potentialAction":[{"@type":"ReadAction","target":["https:\/\/www.krafthand.de\/truck\/artikel\/weltpremiere-clean-logistics-stellt-wasserstoffbetriebenen-truck-fyuriantvor-32792\/"]}]},{"@type":"ImageObject","inLanguage":"de","@id":"https:\/\/www.krafthand.de\/truck\/artikel\/weltpremiere-clean-logistics-stellt-wasserstoffbetriebenen-truck-fyuriantvor-32792\/#primaryimage","url":"https:\/\/static.krafthand-truck.de\/uploads\/2022\/06\/Clean_Lostgic_fyuriant2.jpg","contentUrl":"https:\/\/static.krafthand-truck.de\/uploads\/2022\/06\/Clean_Lostgic_fyuriant2.jpg","width":1200,"height":622},{"@type":"BreadcrumbList","@id":"https:\/\/www.krafthand.de\/truck\/artikel\/weltpremiere-clean-logistics-stellt-wasserstoffbetriebenen-truck-fyuriantvor-32792\/#breadcrumb","itemListElement":[{"@type":"ListItem","position":1,"name":"Krafthand-Truck","item":"https:\/\/www.krafthand.de\/truck\/"},{"@type":"ListItem","position":2,"name":"IT+Fuhrpark","item":"https:\/\/www.krafthand.de\/truck\/kategorie\/fuhrpark\/"},{"@type":"ListItem","position":3,"name":"Neue Fahrzeuge","item":"https:\/\/www.krafthand.de\/truck\/kategorie\/fuhrpark\/neue-fahrzeuge\/"},{"@type":"ListItem","position":4,"name":"Weltpremiere: Clean Logistics stellt wasserstoffbetriebenen Truck &#8218;fyuriant&#8217;vor"}]},{"@type":"WebSite","@id":"https:\/\/www.krafthand.de\/truck\/#website","url":"https:\/\/www.krafthand.de\/truck\/","name":"Krafthand-Truck","description":"","potentialAction":[{"@type":"SearchAction","target":{"@type":"EntryPoint","urlTemplate":"https:\/\/www.krafthand.de\/truck\/?s={search_term_string}"},"query-input":{"@type":"PropertyValueSpecification","valueRequired":true,"valueName":"search_term_string"}}],"inLanguage":"de"},{"@type":"Person","@id":"https:\/\/www.krafthand.de\/truck\/#\/schema\/person\/51fa80b1c57034c4bf63f9f988fc24ce","name":"georg.blenk@krafthand-medien.de","image":{"@type":"ImageObject","inLanguage":"de","@id":"https:\/\/secure.gravatar.com\/avatar\/93713c30affe0aa95d3a4130e499bb1abee2eb31adbdd9ce2aa1543538490215?s=96&d=mm&r=g","url":"https:\/\/secure.gravatar.com\/avatar\/93713c30affe0aa95d3a4130e499bb1abee2eb31adbdd9ce2aa1543538490215?s=96&d=mm&r=g","contentUrl":"https:\/\/secure.gravatar.com\/avatar\/93713c30affe0aa95d3a4130e499bb1abee2eb31adbdd9ce2aa1543538490215?s=96&d=mm&r=g","caption":"georg.blenk@krafthand-medien.de"}}]}},"_links":{"self":[{"href":"https:\/\/www.krafthand.de\/truck\/wp-json\/wp\/v2\/posts\/32792","targetHints":{"allow":["GET"]}}],"collection":[{"href":"https:\/\/www.krafthand.de\/truck\/wp-json\/wp\/v2\/posts"}],"about":[{"href":"https:\/\/www.krafthand.de\/truck\/wp-json\/wp\/v2\/types\/post"}],"author":[{"embeddable":true,"href":"https:\/\/www.krafthand.de\/truck\/wp-json\/wp\/v2\/users\/9"}],"replies":[{"embeddable":true,"href":"https:\/\/www.krafthand.de\/truck\/wp-json\/wp\/v2\/comments?post=32792"}],"version-history":[{"count":9,"href":"https:\/\/www.krafthand.de\/truck\/wp-json\/wp\/v2\/posts\/32792\/revisions"}],"predecessor-version":[{"id":32803,"href":"https:\/\/www.krafthand.de\/truck\/wp-json\/wp\/v2\/posts\/32792\/revisions\/32803"}],"wp:featuredmedia":[{"embeddable":true,"href":"https:\/\/www.krafthand.de\/truck\/wp-json\/wp\/v2\/media\/32800"}],"wp:attachment":[{"href":"https:\/\/www.krafthand.de\/truck\/wp-json\/wp\/v2\/media?parent=32792"}],"wp:term":[{"taxonomy":"category","embeddable":true,"href":"https:\/\/www.krafthand.de\/truck\/wp-json\/wp\/v2\/categories?post=32792"},{"taxonomy":"post_tag","embeddable":true,"href":"https:\/\/www.krafthand.de\/truck\/wp-json\/wp\/v2\/tags?post=32792"},{"taxonomy":"settings","embeddable":true,"href":"https:\/\/www.krafthand.de\/truck\/wp-json\/wp\/v2\/settings?post=32792"}],"curies":[{"name":"wp","href":"https:\/\/api.w.org\/{rel}","templated":true}]}}