{"id":3278,"date":"2017-11-28T14:00:52","date_gmt":"2017-11-28T13:00:52","guid":{"rendered":"https:\/\/www.krafthand.de\/truck\/artikel\/olaf-giesen-neuer-geschaeftsfuehrer-bei-europart-3278\/"},"modified":"2017-11-28T14:00:52","modified_gmt":"2017-11-28T13:00:52","slug":"olaf-giesen-neuer-geschaeftsfuehrer-bei-europart","status":"publish","type":"post","link":"https:\/\/www.krafthand.de\/truck\/artikel\/olaf-giesen-neuer-geschaeftsfuehrer-bei-europart-3278\/","title":{"rendered":"Olaf Giesen neuer Gesch\u00e4ftsf\u00fchrer bei Europart"},"content":{"rendered":"<p class=\"text-colored\">Seit September ist Olaf Giesen Gesch\u00e4ftsf\u00fchrer Zentraleuropa von Europart Trading. Einer Unternehmensmitteilung zufolge verantwortet er in dieser Position den Vertrieb f\u00fcr die D-A-CH-Region sowie Belgien, Niederlande und Luxemburg. Der Bereich Zentraleuropa sei f\u00fcr Europart &#8222;von enormer Bedeutung&#8220;, deshalb soll es &#8222;eine klare Strategie f\u00fcr den weiteren Ausbau des Netzwerks&#8220; geben, erkl\u00e4rte Giesen anl\u00e4sslich seiner Ernennung.<\/p>\n<p>Giesen, der sich nach eigenem Bekunden auf seine neue Herausforderung freut, ist seit 2014 bei Europart. Vor seiner Berufung zum Gesch\u00e4ftsf\u00fchrer Zentraleuropa war er zuletzt Leiter des Vertriebs in Deutschland, \u00d6sterreich und der Schweiz.<br \/>\nIn seiner neuen Position steuert er nach Unternehmensangaben exponierte Vertriebsprojekte und verantwortet sowohl die \u00fcber 50 Niederlassungen inklusive aller Joint Venture und Kooperationspartner, zudem ist er Gesch\u00e4ftsf\u00fchrer von Schlosser Europart und deren Niederlassungen in und um Berlin. Vor seinem Einstieg bei Europart war Giesen Gesch\u00e4ftsf\u00fchrer bei Hofmeister &amp; Meincke.<\/p>\n","protected":false},"excerpt":{"rendered":"<p>Seit September ist Olaf Giesen Gesch\u00e4ftsf\u00fchrer Zentraleuropa von Europart Trading. Einer Unternehmensmitteilung zufolge verantwortet er in dieser Position den Vertrieb f\u00fcr die D-A-CH-Region sowie Belgien, Niederlande und Luxemburg. Der Bereich Zentraleuropa sei f\u00fcr Europart &#8222;von enormer Bedeutung&#8220;, deshalb soll es &#8222;eine klare Strategie f\u00fcr den weiteren Ausbau des Netzwerks&#8220; geben, erkl\u00e4rte Giesen anl\u00e4sslich seiner Ernennung. <span class=\"excerpt-more__dots\">&#8230;<\/span> <a class=\"excerpt-more__link\" href=\"https:\/\/www.krafthand.de\/truck\/artikel\/olaf-giesen-neuer-geschaeftsfuehrer-bei-europart-3278\/\" >weiter<\/a><\/p>\n","protected":false},"author":3,"featured_media":3279,"comment_status":"closed","ping_status":"closed","sticky":false,"template":"","format":"standard","meta":{"footnotes":""},"categories":[5],"tags":[121,1759,1420],"settings":[],"class_list":["post-3278","post","type-post","status-publish","format-standard","has-post-thumbnail","hentry","category-branche","tag-europart","tag-geschaeftsfuehrer","tag-olaf-giesen"],"yoast_head":"<!-- This site is optimized with the Yoast SEO plugin v27.3 - https:\/\/yoast.com\/product\/yoast-seo-wordpress\/ -->\n<title>Olaf Giesen neuer Gesch\u00e4ftsf\u00fchrer bei Europart - Krafthand-Truck<\/title>\n<meta name=\"robots\" content=\"index, follow, max-snippet:-1, max-image-preview:large, max-video-preview:-1\" \/>\n<link rel=\"canonical\" href=\"https:\/\/www.krafthand.de\/truck\/artikel\/olaf-giesen-neuer-geschaeftsfuehrer-bei-europart-3278\/\" \/>\n<meta property=\"og:locale\" content=\"de_DE\" \/>\n<meta property=\"og:type\" content=\"article\" \/>\n<meta property=\"og:title\" content=\"Olaf Giesen neuer Gesch\u00e4ftsf\u00fchrer bei Europart - Krafthand-Truck\" \/>\n<meta property=\"og:description\" content=\"Seit September ist Olaf Giesen Gesch\u00e4ftsf\u00fchrer Zentraleuropa von Europart Trading. Einer Unternehmensmitteilung zufolge verantwortet er in dieser Position den Vertrieb f\u00fcr die D-A-CH-Region sowie Belgien, Niederlande und Luxemburg. Der Bereich Zentraleuropa sei f\u00fcr Europart &quot;von enormer Bedeutung&quot;, deshalb soll es &quot;eine klare Strategie f\u00fcr den weiteren Ausbau des Netzwerks&quot; geben, erkl\u00e4rte Giesen anl\u00e4sslich seiner Ernennung. ... weiter\" \/>\n<meta property=\"og:url\" content=\"https:\/\/www.krafthand-truck.de\/artikel\/olaf-giesen-neuer-geschaeftsfuehrer-bei-europart-3278\/\" \/>\n<meta property=\"og:site_name\" content=\"Krafthand-Truck\" \/>\n<meta property=\"article:published_time\" content=\"2017-11-28T13:00:52+00:00\" \/>\n<meta property=\"og:image\" content=\"https:\/\/www.krafthand.de\/truck\/wp-content\/uploads\/2017\/11\/kht0417_052.jpg\" \/>\n\t<meta property=\"og:image:width\" content=\"1200\" \/>\n\t<meta property=\"og:image:height\" content=\"800\" \/>\n\t<meta property=\"og:image:type\" content=\"image\/jpeg\" \/>\n<meta name=\"author\" content=\"katja.heid@krafthand.de\" \/>\n<meta name=\"twitter:card\" content=\"summary_large_image\" \/>\n<meta name=\"twitter:label1\" content=\"Verfasst von\" \/>\n\t<meta name=\"twitter:data1\" content=\"katja.heid@krafthand.de\" \/>\n\t<meta name=\"twitter:label2\" content=\"Gesch\u00e4tzte Lesezeit\" \/>\n\t<meta name=\"twitter:data2\" content=\"1\u00a0Minute\" \/>\n<script type=\"application\/ld+json\" class=\"yoast-schema-graph\">{\"@context\":\"https:\\\/\\\/schema.org\",\"@graph\":[{\"@type\":\"Article\",\"@id\":\"https:\\\/\\\/www.krafthand.de\\\/truck\\\/artikel\\\/olaf-giesen-neuer-geschaeftsfuehrer-bei-europart-3278\\\/#article\",\"isPartOf\":{\"@id\":\"https:\\\/\\\/www.krafthand.de\\\/truck\\\/artikel\\\/olaf-giesen-neuer-geschaeftsfuehrer-bei-europart-3278\\\/\"},\"author\":{\"name\":\"katja.heid@krafthand.de\",\"@id\":\"https:\\\/\\\/www.krafthand.de\\\/truck\\\/#\\\/schema\\\/person\\\/8e290c6d425b72d176adc7767a251001\"},\"headline\":\"Olaf Giesen neuer Gesch\u00e4ftsf\u00fchrer bei Europart\",\"datePublished\":\"2017-11-28T13:00:52+00:00\",\"mainEntityOfPage\":{\"@id\":\"https:\\\/\\\/www.krafthand.de\\\/truck\\\/artikel\\\/olaf-giesen-neuer-geschaeftsfuehrer-bei-europart-3278\\\/\"},\"wordCount\":159,\"image\":{\"@id\":\"https:\\\/\\\/www.krafthand.de\\\/truck\\\/artikel\\\/olaf-giesen-neuer-geschaeftsfuehrer-bei-europart-3278\\\/#primaryimage\"},\"thumbnailUrl\":\"https:\\\/\\\/static.krafthand-truck.de\\\/uploads\\\/2017\\\/11\\\/kht0417_052.jpg\",\"keywords\":[\"Europart\",\"Gesch\u00e4ftsf\u00fchrer\",\"Olaf Giesen\"],\"articleSection\":[\"Nfz-Branche\"],\"inLanguage\":\"de\"},{\"@type\":\"WebPage\",\"@id\":\"https:\\\/\\\/www.krafthand.de\\\/truck\\\/artikel\\\/olaf-giesen-neuer-geschaeftsfuehrer-bei-europart-3278\\\/\",\"url\":\"https:\\\/\\\/www.krafthand.de\\\/truck\\\/artikel\\\/olaf-giesen-neuer-geschaeftsfuehrer-bei-europart-3278\\\/\",\"name\":\"Olaf Giesen neuer Gesch\u00e4ftsf\u00fchrer bei Europart - Krafthand-Truck\",\"isPartOf\":{\"@id\":\"https:\\\/\\\/www.krafthand.de\\\/truck\\\/#website\"},\"primaryImageOfPage\":{\"@id\":\"https:\\\/\\\/www.krafthand.de\\\/truck\\\/artikel\\\/olaf-giesen-neuer-geschaeftsfuehrer-bei-europart-3278\\\/#primaryimage\"},\"image\":{\"@id\":\"https:\\\/\\\/www.krafthand.de\\\/truck\\\/artikel\\\/olaf-giesen-neuer-geschaeftsfuehrer-bei-europart-3278\\\/#primaryimage\"},\"thumbnailUrl\":\"https:\\\/\\\/static.krafthand-truck.de\\\/uploads\\\/2017\\\/11\\\/kht0417_052.jpg\",\"datePublished\":\"2017-11-28T13:00:52+00:00\",\"author\":{\"@id\":\"https:\\\/\\\/www.krafthand.de\\\/truck\\\/#\\\/schema\\\/person\\\/8e290c6d425b72d176adc7767a251001\"},\"breadcrumb\":{\"@id\":\"https:\\\/\\\/www.krafthand.de\\\/truck\\\/artikel\\\/olaf-giesen-neuer-geschaeftsfuehrer-bei-europart-3278\\\/#breadcrumb\"},\"inLanguage\":\"de\",\"potentialAction\":[{\"@type\":\"ReadAction\",\"target\":[\"https:\\\/\\\/www.krafthand.de\\\/truck\\\/artikel\\\/olaf-giesen-neuer-geschaeftsfuehrer-bei-europart-3278\\\/\"]}]},{\"@type\":\"ImageObject\",\"inLanguage\":\"de\",\"@id\":\"https:\\\/\\\/www.krafthand.de\\\/truck\\\/artikel\\\/olaf-giesen-neuer-geschaeftsfuehrer-bei-europart-3278\\\/#primaryimage\",\"url\":\"https:\\\/\\\/static.krafthand-truck.de\\\/uploads\\\/2017\\\/11\\\/kht0417_052.jpg\",\"contentUrl\":\"https:\\\/\\\/static.krafthand-truck.de\\\/uploads\\\/2017\\\/11\\\/kht0417_052.jpg\",\"width\":1200,\"height\":800},{\"@type\":\"BreadcrumbList\",\"@id\":\"https:\\\/\\\/www.krafthand.de\\\/truck\\\/artikel\\\/olaf-giesen-neuer-geschaeftsfuehrer-bei-europart-3278\\\/#breadcrumb\",\"itemListElement\":[{\"@type\":\"ListItem\",\"position\":1,\"name\":\"Krafthand-Truck\",\"item\":\"https:\\\/\\\/www.krafthand.de\\\/truck\\\/\"},{\"@type\":\"ListItem\",\"position\":2,\"name\":\"Nfz-Branche\",\"item\":\"https:\\\/\\\/www.krafthand.de\\\/truck\\\/kategorie\\\/branche\\\/\"},{\"@type\":\"ListItem\",\"position\":3,\"name\":\"Olaf Giesen neuer Gesch\u00e4ftsf\u00fchrer bei Europart\"}]},{\"@type\":\"WebSite\",\"@id\":\"https:\\\/\\\/www.krafthand.de\\\/truck\\\/#website\",\"url\":\"https:\\\/\\\/www.krafthand.de\\\/truck\\\/\",\"name\":\"Krafthand-Truck\",\"description\":\"\",\"potentialAction\":[{\"@type\":\"SearchAction\",\"target\":{\"@type\":\"EntryPoint\",\"urlTemplate\":\"https:\\\/\\\/www.krafthand.de\\\/truck\\\/?s={search_term_string}\"},\"query-input\":{\"@type\":\"PropertyValueSpecification\",\"valueRequired\":true,\"valueName\":\"search_term_string\"}}],\"inLanguage\":\"de\"},{\"@type\":\"Person\",\"@id\":\"https:\\\/\\\/www.krafthand.de\\\/truck\\\/#\\\/schema\\\/person\\\/8e290c6d425b72d176adc7767a251001\",\"name\":\"katja.heid@krafthand.de\",\"image\":{\"@type\":\"ImageObject\",\"inLanguage\":\"de\",\"@id\":\"https:\\\/\\\/secure.gravatar.com\\\/avatar\\\/9a2930c54ede0e0a76c0f8abfb74704de273084f2aa0e3c6deb2c86704c7402b?s=96&d=mm&r=g\",\"url\":\"https:\\\/\\\/secure.gravatar.com\\\/avatar\\\/9a2930c54ede0e0a76c0f8abfb74704de273084f2aa0e3c6deb2c86704c7402b?s=96&d=mm&r=g\",\"contentUrl\":\"https:\\\/\\\/secure.gravatar.com\\\/avatar\\\/9a2930c54ede0e0a76c0f8abfb74704de273084f2aa0e3c6deb2c86704c7402b?s=96&d=mm&r=g\",\"caption\":\"katja.heid@krafthand.de\"}}]}<\/script>\n<!-- \/ Yoast SEO plugin. -->","yoast_head_json":{"title":"Olaf Giesen neuer Gesch\u00e4ftsf\u00fchrer bei Europart - Krafthand-Truck","robots":{"index":"index","follow":"follow","max-snippet":"max-snippet:-1","max-image-preview":"max-image-preview:large","max-video-preview":"max-video-preview:-1"},"canonical":"https:\/\/www.krafthand.de\/truck\/artikel\/olaf-giesen-neuer-geschaeftsfuehrer-bei-europart-3278\/","og_locale":"de_DE","og_type":"article","og_title":"Olaf Giesen neuer Gesch\u00e4ftsf\u00fchrer bei Europart - Krafthand-Truck","og_description":"Seit September ist Olaf Giesen Gesch\u00e4ftsf\u00fchrer Zentraleuropa von Europart Trading. Einer Unternehmensmitteilung zufolge verantwortet er in dieser Position den Vertrieb f\u00fcr die D-A-CH-Region sowie Belgien, Niederlande und Luxemburg. Der Bereich Zentraleuropa sei f\u00fcr Europart \"von enormer Bedeutung\", deshalb soll es \"eine klare Strategie f\u00fcr den weiteren Ausbau des Netzwerks\" geben, erkl\u00e4rte Giesen anl\u00e4sslich seiner Ernennung. ... weiter","og_url":"https:\/\/www.krafthand-truck.de\/artikel\/olaf-giesen-neuer-geschaeftsfuehrer-bei-europart-3278\/","og_site_name":"Krafthand-Truck","article_published_time":"2017-11-28T13:00:52+00:00","og_image":[{"width":1200,"height":800,"url":"https:\/\/www.krafthand.de\/truck\/wp-content\/uploads\/2017\/11\/kht0417_052.jpg","type":"image\/jpeg"}],"author":"katja.heid@krafthand.de","twitter_card":"summary_large_image","twitter_misc":{"Verfasst von":"katja.heid@krafthand.de","Gesch\u00e4tzte Lesezeit":"1\u00a0Minute"},"schema":{"@context":"https:\/\/schema.org","@graph":[{"@type":"Article","@id":"https:\/\/www.krafthand.de\/truck\/artikel\/olaf-giesen-neuer-geschaeftsfuehrer-bei-europart-3278\/#article","isPartOf":{"@id":"https:\/\/www.krafthand.de\/truck\/artikel\/olaf-giesen-neuer-geschaeftsfuehrer-bei-europart-3278\/"},"author":{"name":"katja.heid@krafthand.de","@id":"https:\/\/www.krafthand.de\/truck\/#\/schema\/person\/8e290c6d425b72d176adc7767a251001"},"headline":"Olaf Giesen neuer Gesch\u00e4ftsf\u00fchrer bei Europart","datePublished":"2017-11-28T13:00:52+00:00","mainEntityOfPage":{"@id":"https:\/\/www.krafthand.de\/truck\/artikel\/olaf-giesen-neuer-geschaeftsfuehrer-bei-europart-3278\/"},"wordCount":159,"image":{"@id":"https:\/\/www.krafthand.de\/truck\/artikel\/olaf-giesen-neuer-geschaeftsfuehrer-bei-europart-3278\/#primaryimage"},"thumbnailUrl":"https:\/\/static.krafthand-truck.de\/uploads\/2017\/11\/kht0417_052.jpg","keywords":["Europart","Gesch\u00e4ftsf\u00fchrer","Olaf Giesen"],"articleSection":["Nfz-Branche"],"inLanguage":"de"},{"@type":"WebPage","@id":"https:\/\/www.krafthand.de\/truck\/artikel\/olaf-giesen-neuer-geschaeftsfuehrer-bei-europart-3278\/","url":"https:\/\/www.krafthand.de\/truck\/artikel\/olaf-giesen-neuer-geschaeftsfuehrer-bei-europart-3278\/","name":"Olaf Giesen neuer Gesch\u00e4ftsf\u00fchrer bei Europart - Krafthand-Truck","isPartOf":{"@id":"https:\/\/www.krafthand.de\/truck\/#website"},"primaryImageOfPage":{"@id":"https:\/\/www.krafthand.de\/truck\/artikel\/olaf-giesen-neuer-geschaeftsfuehrer-bei-europart-3278\/#primaryimage"},"image":{"@id":"https:\/\/www.krafthand.de\/truck\/artikel\/olaf-giesen-neuer-geschaeftsfuehrer-bei-europart-3278\/#primaryimage"},"thumbnailUrl":"https:\/\/static.krafthand-truck.de\/uploads\/2017\/11\/kht0417_052.jpg","datePublished":"2017-11-28T13:00:52+00:00","author":{"@id":"https:\/\/www.krafthand.de\/truck\/#\/schema\/person\/8e290c6d425b72d176adc7767a251001"},"breadcrumb":{"@id":"https:\/\/www.krafthand.de\/truck\/artikel\/olaf-giesen-neuer-geschaeftsfuehrer-bei-europart-3278\/#breadcrumb"},"inLanguage":"de","potentialAction":[{"@type":"ReadAction","target":["https:\/\/www.krafthand.de\/truck\/artikel\/olaf-giesen-neuer-geschaeftsfuehrer-bei-europart-3278\/"]}]},{"@type":"ImageObject","inLanguage":"de","@id":"https:\/\/www.krafthand.de\/truck\/artikel\/olaf-giesen-neuer-geschaeftsfuehrer-bei-europart-3278\/#primaryimage","url":"https:\/\/static.krafthand-truck.de\/uploads\/2017\/11\/kht0417_052.jpg","contentUrl":"https:\/\/static.krafthand-truck.de\/uploads\/2017\/11\/kht0417_052.jpg","width":1200,"height":800},{"@type":"BreadcrumbList","@id":"https:\/\/www.krafthand.de\/truck\/artikel\/olaf-giesen-neuer-geschaeftsfuehrer-bei-europart-3278\/#breadcrumb","itemListElement":[{"@type":"ListItem","position":1,"name":"Krafthand-Truck","item":"https:\/\/www.krafthand.de\/truck\/"},{"@type":"ListItem","position":2,"name":"Nfz-Branche","item":"https:\/\/www.krafthand.de\/truck\/kategorie\/branche\/"},{"@type":"ListItem","position":3,"name":"Olaf Giesen neuer Gesch\u00e4ftsf\u00fchrer bei Europart"}]},{"@type":"WebSite","@id":"https:\/\/www.krafthand.de\/truck\/#website","url":"https:\/\/www.krafthand.de\/truck\/","name":"Krafthand-Truck","description":"","potentialAction":[{"@type":"SearchAction","target":{"@type":"EntryPoint","urlTemplate":"https:\/\/www.krafthand.de\/truck\/?s={search_term_string}"},"query-input":{"@type":"PropertyValueSpecification","valueRequired":true,"valueName":"search_term_string"}}],"inLanguage":"de"},{"@type":"Person","@id":"https:\/\/www.krafthand.de\/truck\/#\/schema\/person\/8e290c6d425b72d176adc7767a251001","name":"katja.heid@krafthand.de","image":{"@type":"ImageObject","inLanguage":"de","@id":"https:\/\/secure.gravatar.com\/avatar\/9a2930c54ede0e0a76c0f8abfb74704de273084f2aa0e3c6deb2c86704c7402b?s=96&d=mm&r=g","url":"https:\/\/secure.gravatar.com\/avatar\/9a2930c54ede0e0a76c0f8abfb74704de273084f2aa0e3c6deb2c86704c7402b?s=96&d=mm&r=g","contentUrl":"https:\/\/secure.gravatar.com\/avatar\/9a2930c54ede0e0a76c0f8abfb74704de273084f2aa0e3c6deb2c86704c7402b?s=96&d=mm&r=g","caption":"katja.heid@krafthand.de"}}]}},"_links":{"self":[{"href":"https:\/\/www.krafthand.de\/truck\/wp-json\/wp\/v2\/posts\/3278","targetHints":{"allow":["GET"]}}],"collection":[{"href":"https:\/\/www.krafthand.de\/truck\/wp-json\/wp\/v2\/posts"}],"about":[{"href":"https:\/\/www.krafthand.de\/truck\/wp-json\/wp\/v2\/types\/post"}],"author":[{"embeddable":true,"href":"https:\/\/www.krafthand.de\/truck\/wp-json\/wp\/v2\/users\/3"}],"replies":[{"embeddable":true,"href":"https:\/\/www.krafthand.de\/truck\/wp-json\/wp\/v2\/comments?post=3278"}],"version-history":[{"count":0,"href":"https:\/\/www.krafthand.de\/truck\/wp-json\/wp\/v2\/posts\/3278\/revisions"}],"wp:featuredmedia":[{"embeddable":true,"href":"https:\/\/www.krafthand.de\/truck\/wp-json\/wp\/v2\/media\/3279"}],"wp:attachment":[{"href":"https:\/\/www.krafthand.de\/truck\/wp-json\/wp\/v2\/media?parent=3278"}],"wp:term":[{"taxonomy":"category","embeddable":true,"href":"https:\/\/www.krafthand.de\/truck\/wp-json\/wp\/v2\/categories?post=3278"},{"taxonomy":"post_tag","embeddable":true,"href":"https:\/\/www.krafthand.de\/truck\/wp-json\/wp\/v2\/tags?post=3278"},{"taxonomy":"settings","embeddable":true,"href":"https:\/\/www.krafthand.de\/truck\/wp-json\/wp\/v2\/settings?post=3278"}],"curies":[{"name":"wp","href":"https:\/\/api.w.org\/{rel}","templated":true}]}}