{"id":32746,"date":"2022-06-30T10:47:29","date_gmt":"2022-06-30T08:47:29","guid":{"rendered":"https:\/\/www.krafthand.de\/truck\/?p=32746"},"modified":"2022-06-30T10:47:29","modified_gmt":"2022-06-30T08:47:29","slug":"elektrisch-auf-achse-der-bax-7-5-und-die-technik-dahinter","status":"publish","type":"post","link":"https:\/\/www.krafthand.de\/truck\/artikel\/elektrisch-auf-achse-der-bax-7-5-und-die-technik-dahinter-32746\/","title":{"rendered":"Elektrisch auf Achse: Der BAX 7.5 und die Technik dahinter"},"content":{"rendered":"<p>Im Oktober 2021 wurde der neue batterieelektrische BAX 7.5 der Welt\u00f6ffentlichkeit vorgestellt. Der Lkw, der beispielsweise mit Kofferaufbau bis zu drei Tonnen und mehr zuladen kann ist f\u00fcr den st\u00e4dtischen Lieferverkehr konzipiert.<\/p>\n<p>Das Besondere am BAX 7.5 ist die Antriebseinheit von BPW, die aus zwei getrennt-angesteuerten Elektromotoren auf der Hinterachse besteht. Auch Torque-Vectoring ist m\u00f6glich, was die Wendigkeit deutlich verbessert. BPW gibt f\u00fcr den BAX 7.5 je nach Batteriegr\u00f6\u00dfe eine Reichweite von 200 Kilometern an. <em>\u201eWir nennen eine im Kundeneinsatz realistische Reichweite, die immer umsetzbar ist. Der WLTP-Standard hilft uns und unseren Kunden nicht weiter. Im t\u00e4glichen Einsatz muss die Reichweite stimmen\u201c<\/em>, so Paul Joshua Gran, Produktmanagement &amp; Strategischer Vertrieb Elektromobilit\u00e4t bei BPW.<\/p>\n<p>BPW ist nicht nur f\u00fcr die komplette Antriebseinheit verantwortlich, sondern steuert als Systempartner die Produktentwicklung, die Markteinf\u00fchrung sowie den Vertrieb des BAX 7.5. Auch der Aufbau eines Vertriebs- und Service-Netzwerks geh\u00f6rt dazu. Zudem liefert BPW neben der Antriebsachse \u201aeTransport\u2018 noch weitere Technologien wie beispielsweise die Telematik (inklusive Remote-Support) der Unternehmenstochter idem telematics.<\/p>\n<h2>Aktueller Stand<\/h2>\n<p>Laut BPW liegen bereits zahlreiche Kundenbestellungen vor, die ersten Fahrzeuge werden gerade ausgeliefert. Das Fahrzeug selbst wird in enger Kooperation von Paul Nutzfahrzeuge im niederbayerischen Vilshofen an der Donau montiert. Das Unternehmen, das auf Spezialumbauten spezialisiert ist, ist auch eingetragener Hersteller und gilt auch als verl\u00e4ngerte Werkbank von Daimler-Trucks.<\/p>\n<blockquote><p>\u201eWir arbeiten mit Paul Nutzfahrzeuge an der EU-weiten Homologation des BAX 7.5. Der komplexe und langwierige Prozess ist in K\u00fcrze abgeschlossen\u201c, erkl\u00e4rt Alexander Wolter, Leiter Vertrieb und Produktmanagement Elektromobilit\u00e4t bei BPW.<\/p><\/blockquote>\n<p>Im \u00dcbrigen wird der Kauf eines BAX 7.5 mit einer Summe von bis zu 80.000 Euro (im Vergleich zum Mehrpreis eines vergleichbaren Verbrenners) <a href=\"https:\/\/www.krafthand.de\/truck\/artikel\/nutzfahrzeug-foerderung-geht-in-zweite-runde-32604\/\" target=\"_blank\" rel=\"noopener\">gef\u00f6rdert<\/a>. Der eigentliche Basispreis hat letztes Jahr rund 75.000 Euro betragen (Der Preis hat sich laut BPW durch die allgemeine Teuerung im Bereich der Komponenten etwas erh\u00f6ht.). Hinzu kommen mitunter kundenindividuelle Aufbauvarianten.\u00a0<em>\u201eDer BAX 7.5 bietet mit dem Alleinstellungsmerkmal der BPW-Achse \u201aeTransport\u2018, dem emissionsfreien und leisen Antrieb, der vergleichsweise hohen Zuladung und der Varianz was die Aufbauten angeht, zahlreiche Vorteile. Letztendlich muss sich aber der Einsatz eines BAX 7.5 f\u00fcr unsere Kunden lohnen\u201c<\/em>, erg\u00e4nzt Gran.<\/p>\n<blockquote>\n<figure id=\"attachment_32748\" aria-describedby=\"caption-attachment-32748\" style=\"width: 1400px\" class=\"wp-caption alignnone\"><img fetchpriority=\"high\" decoding=\"async\" class=\"size-full wp-image-32748\" src=\"https:\/\/static.krafthand-truck.de\/uploads\/2022\/06\/02_2022_009_2.jpg\" alt=\"Antriebseinheit eTransport von BPW mit Differenzial und Bremssystem\" width=\"1400\" height=\"535\" srcset=\"https:\/\/static.krafthand-truck.de\/uploads\/2022\/06\/02_2022_009_2.jpg 1400w, https:\/\/static.krafthand-truck.de\/uploads\/2022\/06\/02_2022_009_2-300x115.jpg 300w, https:\/\/static.krafthand-truck.de\/uploads\/2022\/06\/02_2022_009_2-1024x391.jpg 1024w, https:\/\/static.krafthand-truck.de\/uploads\/2022\/06\/02_2022_009_2-768x293.jpg 768w, https:\/\/static.krafthand-truck.de\/uploads\/2022\/06\/02_2022_009_2-1320x504.jpg 1320w\" sizes=\"(max-width: 1400px) 100vw, 1400px\" \/><figcaption id=\"caption-attachment-32748\" class=\"wp-caption-text\">Die komplette Antriebseinheit \u201aeTransport\u2018 von BPW inklusive elektronischem Differenzial und Doppelbremssystem.<\/figcaption><\/figure><\/blockquote>\n<h2>Die Plattform stammt von Isuzu<\/h2>\n<figure id=\"attachment_32750\" aria-describedby=\"caption-attachment-32750\" style=\"width: 228px\" class=\"wp-caption alignright\"><a href=\"https:\/\/static.krafthand-truck.de\/uploads\/2022\/06\/02_2022_009_3.jpg\" target=\"_blank\" rel=\"noopener\"><img decoding=\"async\" class=\"wp-image-32750 size-medium\" src=\"https:\/\/static.krafthand-truck.de\/uploads\/2022\/06\/02_2022_009_3-228x300.jpg\" alt=\"Paul Joshua Gran\" width=\"228\" height=\"300\" srcset=\"https:\/\/static.krafthand-truck.de\/uploads\/2022\/06\/02_2022_009_3-228x300.jpg 228w, https:\/\/static.krafthand-truck.de\/uploads\/2022\/06\/02_2022_009_3-777x1024.jpg 777w, https:\/\/static.krafthand-truck.de\/uploads\/2022\/06\/02_2022_009_3-768x1012.jpg 768w, https:\/\/static.krafthand-truck.de\/uploads\/2022\/06\/02_2022_009_3.jpg 911w\" sizes=\"(max-width: 228px) 100vw, 228px\" \/><\/a><figcaption id=\"caption-attachment-32750\" class=\"wp-caption-text\"><em>\u201eWir sprechen beim BAX nicht von einer Fahrzeugumr\u00fcstung, vielmehr von einer komplexen Systemintegration. Letztendlich stellen wir ein komplett neues Fahrzeug auf die Stra\u00dfe\u201c<\/em>, so Paul Joshua Gran.<\/figcaption><\/figure>\n<p>Der BAX 7.5. sitzt auf einem Chassis von Isuzu. <em>\u201eEs ist von Haus aus sehr robust und dennoch leicht\u201c<\/em>, erg\u00e4nzt Wolter. Auch die Fahrerkabine und das Interieur stammen vom japanischen Fahrzeughersteller. Die Telematik oder das Touchdisplay kommen zus\u00e4tzlich aus dem Hause BPW. <em>\u201eWir arbeiten bei der Entwicklung des BAX 7.5 eng mit Isuzu zusammen. Dies betrifft vor allem die Systemintegration, wie beispielsweise die Implementierung der Sensorik. Sie ist f\u00fcr Fahrerassistenzsysteme wie den Spurhalte-, den Notbrems- oder Abbiegeassistenten verantwortlich\u201c<\/em>, so Gran.<\/p>\n<h2>Der Antrieb<\/h2>\n<p>Hauptgesch\u00e4ft von BPW ist der gezogene Bereich, also komplette Achssysteme unterschiedlichster Ausf\u00fchrung. Aus dieser langj\u00e4hrigen Baugruppen-Expertise heraus entstand die Antriebsachse \u201aeTransport\u2018. Die e-Achse \u00fcberzeugt durch ihre kompakte Bauweise und flexible Integrierbarkeit.<\/p>\n<p>BPW arbeitet mit zwei E-Motoren, die unabh\u00e4ngig voneinander angesteuert werden. Dabei generiert eine einzelne e-Maschine bis zu 3.290 Nm Drehmoment. Ein aktives elektronisches Differenzial sorgt f\u00fcr eine optimale Kraftverteilung, ein Achsgetriebe entf\u00e4llt. Die Gesamtleistung des BAX betr\u00e4gt 100kW (136 PS). Der Antrieb verf\u00fcgt \u00fcber Energie-R\u00fcckgewinnung sowie eine aktive Lenkunterst\u00fctzung (Torque-Vectoring). Letzterer verbessert die Wendigkeit des BAX 7.5 enorm.<\/p>\n<h2>Die Verkabelung<\/h2>\n<p>Im \u00dcbrigen hat sich BPW auch dem Thema Verkabelung angenommen. Die funktions- und sicherheits-relevanten <a href=\"https:\/\/www.krafthand.de\/truck\/artikel\/auf-die-verbindung-kommt-es-an-sichere-kabelverschraubungen-im-hv-bordnetz-32457\/\" target=\"_blank\" rel=\"noopener\">Hochvoltkabel<\/a> sind sicher und servicefreundlich verlegt. <em>\u201eWir haben unser Konzept zur Kabelverlegung in Hinblick auf kritische Radien, Zugbest\u00e4ndigkeit und EMV-Vertr\u00e4glichkeit entwickelt und weiter optimiert. Zahlreiche R\u00fctteltests haben uns dabei wertvolle Erkenntnisse geliefert. Die Mechatroniker in den Lkw-Werkst\u00e4tten bekommen einen optimierten Kabelverlegungs-Plan sowie Spezialwerkzeuge an die Hand\u201c<\/em>, so Alexander Wolter.<\/p>\n<p><img decoding=\"async\" class=\"size-full wp-image-32749\" src=\"https:\/\/static.krafthand-truck.de\/uploads\/2022\/06\/02_2022_009_4.jpg\" alt=\"Produktion BAX 7.5 bei Paul Nutzfahrzeuge in Vilshofen\" width=\"1400\" height=\"933\" srcset=\"https:\/\/static.krafthand-truck.de\/uploads\/2022\/06\/02_2022_009_4.jpg 1400w, https:\/\/static.krafthand-truck.de\/uploads\/2022\/06\/02_2022_009_4-300x200.jpg 300w, https:\/\/static.krafthand-truck.de\/uploads\/2022\/06\/02_2022_009_4-1024x682.jpg 1024w, https:\/\/static.krafthand-truck.de\/uploads\/2022\/06\/02_2022_009_4-768x512.jpg 768w, https:\/\/static.krafthand-truck.de\/uploads\/2022\/06\/02_2022_009_4-1320x880.jpg 1320w\" sizes=\"(max-width: 1400px) 100vw, 1400px\" \/><\/p>\n<p>Der BAX wird bei Paul Nutzfahrzeuge in Vilshofen produziert.<\/p>\n<h2>Batteriepacks<\/h2>\n<p>Die Batterien stammen von BMW. Der bayerische Autobauer hat seit der Einf\u00fchrung des i3 im Jahr 2013 hinl\u00e4nglich Erfahrung mit hochwertiger Batterietechnik. BMW \u00fcbernimmt auch das Batterierecycling (second-life) sowie die Garantie f\u00fcr das Inverkehrbringen. <em>\u201eWie beispielsweise bei Mobiltelefonen sind auch die Batterien beim BAX (126 kW) anf\u00e4nglich nicht vollumf\u00e4nglich freigegeben, so wird eine lange qualitativ hohe Durchschnittskapazit\u00e4t \u00fcber die Lebenszeit erreicht\u201c<\/em>, erkl\u00e4rt Paul Joshua Gran.<br \/>\n<strong>Im \u00dcbrigen:<\/strong> Der BAX verf\u00fcgt \u00fcber drei Batterieblocks, jeder Block hat 96 Einzelzellen, die bei Bedarf getauscht werden k\u00f6nnen. So k\u00f6nne der Optimal-Zustand laut Gran jeder Zeit aufrechterhalten werden. Zus\u00e4tzlich sorgt beim BAX ein kombinierter K\u00fchl-\/Heizkreislauf f\u00fcr ein optimales Temperaturfenster, was die Lebensdauer der Batterien zus\u00e4tzlich erh\u00f6ht.<\/p>\n<figure id=\"attachment_32751\" aria-describedby=\"caption-attachment-32751\" style=\"width: 1400px\" class=\"wp-caption alignnone\"><img loading=\"lazy\" decoding=\"async\" class=\"size-full wp-image-32751\" src=\"https:\/\/static.krafthand-truck.de\/uploads\/2022\/06\/02_2022_009_5.jpg\" alt=\"BAX 7.5 Radstand\" width=\"1400\" height=\"880\" srcset=\"https:\/\/static.krafthand-truck.de\/uploads\/2022\/06\/02_2022_009_5.jpg 1400w, https:\/\/static.krafthand-truck.de\/uploads\/2022\/06\/02_2022_009_5-300x189.jpg 300w, https:\/\/static.krafthand-truck.de\/uploads\/2022\/06\/02_2022_009_5-1024x644.jpg 1024w, https:\/\/static.krafthand-truck.de\/uploads\/2022\/06\/02_2022_009_5-768x483.jpg 768w, https:\/\/static.krafthand-truck.de\/uploads\/2022\/06\/02_2022_009_5-1320x830.jpg 1320w\" sizes=\"(max-width: 1400px) 100vw, 1400px\" \/><figcaption id=\"caption-attachment-32751\" class=\"wp-caption-text\">Der BAX ist in zwei Radst\u00e4nden und unterschiedliche Reichweiten lieferbar. In Zukunft soll es auch unterschiedlichste Aufbauten geben.<\/figcaption><\/figure>\n<h2>Die Ladetechnik<\/h2>\n<p>Der BAX kann sowohl mit 22 kW AC oder auch 100\u00a0kW DC geladen werden, je nachdem welche Ladeinfrastruktur vorgehalten wird und welche Anzahl von Fahrten der Kunde einplant. Mit 100 kW DC l\u00e4dt der BAX im Ladefenster von 20 Prozent auf 80 Prozent (<a href=\"https:\/\/www.krafthand.de\/artikel\/batteriemanagementsystem-bms-aufgabe-sensoren-33870\/\" target=\"_blank\" rel=\"noopener\">SoC = State of Charge\/Ladezustand<\/a>) in bis zu 40 Minuten. Im Mehrschichtbetrieb kann der BAX so in den vorgeschriebenen Pausen oder w\u00e4hrend des Schichtwechsels geladen werden.<\/p>\n<figure id=\"attachment_32752\" aria-describedby=\"caption-attachment-32752\" style=\"width: 1400px\" class=\"wp-caption alignnone\"><img loading=\"lazy\" decoding=\"async\" class=\"size-full wp-image-32752\" src=\"https:\/\/static.krafthand-truck.de\/uploads\/2022\/06\/02_2022_009_6.jpg\" alt=\"BAX Exterieur\" width=\"1400\" height=\"890\" srcset=\"https:\/\/static.krafthand-truck.de\/uploads\/2022\/06\/02_2022_009_6.jpg 1400w, https:\/\/static.krafthand-truck.de\/uploads\/2022\/06\/02_2022_009_6-300x191.jpg 300w, https:\/\/static.krafthand-truck.de\/uploads\/2022\/06\/02_2022_009_6-1024x651.jpg 1024w, https:\/\/static.krafthand-truck.de\/uploads\/2022\/06\/02_2022_009_6-768x488.jpg 768w, https:\/\/static.krafthand-truck.de\/uploads\/2022\/06\/02_2022_009_6-1320x839.jpg 1320w\" sizes=\"(max-width: 1400px) 100vw, 1400px\" \/><figcaption id=\"caption-attachment-32752\" class=\"wp-caption-text\">Der BAX kann sowohl mit 22 kW AC oder auch 100 kW DC geladen werden. Er wird erstmal mit einem Kofferaufbau von Palfinger geliefert.<\/figcaption><\/figure>\n<h2>Bremsanlage<\/h2>\n<p>Beim BAX kommt eine hydraulische Bremsanlage zum Einsatz. Die Besonderheit: Auf der hinteren Antriebsachse \u201aeTransport\u2018 (eine Kardanwelle entf\u00e4llt ehedem) sind vier getrennte Bremss\u00e4ttel angeordnet. Je ein Bremssattel ist f\u00fcr die Betriebsbremse und die Feststellbremse zust\u00e4ndig. Durch die Rekuperier-Funktion der e-Achse ist das System in der Lage eine hohe Bremsleistung aufzubauen und die Energie in die Batterien zur\u00fcckzuf\u00fchren. Dies erm\u00f6glicht in den allermeisten F\u00e4llen das Bewegen des BAX im \u201aone paddle\u2018-Betrieb. Das hei\u00dft, ist keine Spontan- oder Notbremsung notwendig, geht man einfach vom Gas. Voraussetzung ist ein vorausschauendes Fahren.\u00a0<em>\u201eEs ist erstaunlich wie kraftvoll das Fahrzeug beim Rekuperieren abbremst\u201c<\/em>, so Alexander Wolter. Entsprechende Regelsysteme wie ABS, ESP und ASR erg\u00e4nzen die Bremsfunktion des BAX 7.5.<\/p>\n<figure id=\"attachment_32753\" aria-describedby=\"caption-attachment-32753\" style=\"width: 1400px\" class=\"wp-caption alignnone\"><img loading=\"lazy\" decoding=\"async\" class=\"size-full wp-image-32753\" src=\"https:\/\/static.krafthand-truck.de\/uploads\/2022\/06\/02_2022_009_7.jpg\" alt=\"BAX 7.5 Interieur\" width=\"1400\" height=\"976\" srcset=\"https:\/\/static.krafthand-truck.de\/uploads\/2022\/06\/02_2022_009_7.jpg 1400w, https:\/\/static.krafthand-truck.de\/uploads\/2022\/06\/02_2022_009_7-300x209.jpg 300w, https:\/\/static.krafthand-truck.de\/uploads\/2022\/06\/02_2022_009_7-1024x714.jpg 1024w, https:\/\/static.krafthand-truck.de\/uploads\/2022\/06\/02_2022_009_7-768x535.jpg 768w, https:\/\/static.krafthand-truck.de\/uploads\/2022\/06\/02_2022_009_7-1320x920.jpg 1320w\" sizes=\"(max-width: 1400px) 100vw, 1400px\" \/><figcaption id=\"caption-attachment-32753\" class=\"wp-caption-text\">Das Interieur stammt weitestgehend von Isuzu. Der BAX verf\u00fcgt jedoch \u00fcber ein eigens entwickeltes Touchdisplay inklusive Telematik sowie ein DAB+Radio.<\/figcaption><\/figure>\n<h2>Service\/Teileversorgung<\/h2>\n<figure id=\"attachment_32754\" aria-describedby=\"caption-attachment-32754\" style=\"width: 235px\" class=\"wp-caption alignleft\"><a href=\"https:\/\/static.krafthand-truck.de\/uploads\/2022\/06\/02_2022_009_8.jpg\" target=\"_blank\" rel=\"noopener\"><img loading=\"lazy\" decoding=\"async\" class=\"wp-image-32754 size-medium\" src=\"https:\/\/static.krafthand-truck.de\/uploads\/2022\/06\/02_2022_009_8-235x300.jpg\" alt=\"Alexander Wolter\" width=\"235\" height=\"300\" srcset=\"https:\/\/static.krafthand-truck.de\/uploads\/2022\/06\/02_2022_009_8-235x300.jpg 235w, https:\/\/static.krafthand-truck.de\/uploads\/2022\/06\/02_2022_009_8-801x1024.jpg 801w, https:\/\/static.krafthand-truck.de\/uploads\/2022\/06\/02_2022_009_8-768x981.jpg 768w, https:\/\/static.krafthand-truck.de\/uploads\/2022\/06\/02_2022_009_8.jpg 939w\" sizes=\"(max-width: 235px) 100vw, 235px\" \/><\/a><figcaption id=\"caption-attachment-32754\" class=\"wp-caption-text\">Alexander Wolter.<\/figcaption><\/figure>\n<p>BPW verf\u00fcgt aktuell \u00fcber 255 Servicepartner in Deutschland. <em>\u201eWir sichern auf jeden Fall ein qualifiziertes Servicenetzwerk ab, an Orten wo wir auch Fahrzeuge ausliefern. Dies sind regelf\u00e4llig entsprechende Ballungszentren und St\u00e4dte, aber wir m\u00f6chten unser Servicenetzwerk auch f\u00fcr den Bax immer weiter ausweiten,\u201c<\/em> erkl\u00e4rt Gran. Auch freie Nfz-Werkstattbetriebe k\u00f6nnen sich entsprechend als \u201aBAX-Partner\u2018 qualifizieren lassen.<\/p>\n<blockquote><p>\u201eNicht nur Speditionen und deren Kunden erkennen, dass sie sich mit dem Thema Elektromobilit\u00e4t auf der \u201aletzten Meile\u2018 profilieren k\u00f6nnen. Auch immer mehr Werkstattbetriebe interessieren sich f\u00fcr die Reparatur und den Service an Hochvolt-Nutzfahrzeugen\u201c, so Alexander Wolter.<\/p><\/blockquote>\n<p>Was die Teileversorgung angeht, so stellt die BPW Aftermarket-Group mit Ihren Partnern eine l\u00fcckenlose und zeitnahe Ersatzteilversorgung sicher. Im \u00dcbrigen m\u00f6chte BPW auch mittelfristig das H\u00e4ndlernetzwerk f\u00fcr den BAX ausbauen.<\/p>\n<h2>Eine spannende Zukunft<\/h2>\n<p>Das Produktionsvolumen bei Paul Nutzfahrzeuge in Niederbayern kann laut Wolter mittelfristig auf vierstellige Zahlen im Jahr hochgefahren werden. Zuk\u00fcnftig soll es zahlreiche Aufbauvarianten f\u00fcr den BAX 7.5 geben. Bis dahin ist durchaus noch \u00dcberzeugungsarbeit zu leisten. <em>\u201eImmer mehr potenzielle Kunden merken aber, dass sich der BAX rechnet und sogar (bezieht man sich auf die TCO, die m\u00f6glichen F\u00f6rdermittel, inklusive THG-Quote \u2013 und betrachtet man die hohen Kraftstoffpreise) sehr rasch amortisieren kann\u201c<\/em>, so Wolter. Hinzu k\u00e4me der Imagegewinn sowie der Wissensvorsprung in punkto Elektromobilit\u00e4t bei den Speditionen.<\/p>\n<p>Last but not least mache der BAX laut Paul Joshua Gran einfach Spa\u00df. <em>\u201eDas Drehmoment liegt direkt an, die Fahrerkabine ist ergonomisch, der Fahrer sitzt nicht sehr hoch, kann einfach ein- und aussteigen und habe beim Fahren sein Umfeld stets im Blick.\u201c<\/em> Gute Aussichten also!<\/p>\n<p><i>Den Beitrag finden Sie auch in der Print-Ausgabe 2\/2022 der <a href=\"https:\/\/www.krafthand.de\/truck\/magazin\/\" title=\"Zum Magazin\">Krafthand-Truck<\/a>.<\/i><\/p>\r\n\t\t\t\t<div class=\"post-author\">\r\n\t\t\t\t\t<div class=\"khm-cp-author clearfix\">\r\n\t\t\t\t\t\t<div class=\"khm-cp-author__content\">\r\n\t\t\t\t\t\t\t\tKontakt zum Autor:<br \/>\r\n\t\t\t\t\t\t\t\t<strong>Georg Blenk<\/strong>, 08247 \/ 3007-45 |  <a href=\"mailto:georg.blenk@krafthand-medien.de\">georg.blenk@krafthand-medien.de<\/a>\r\n\t\t\t\t\t\t\t<div class=\"khm-cp-author__image\">\r\n\t\t\t\t\t\t<img src=\"https:\/\/static.krafthand-truck.de\/uploads\/2021\/01\/Blenk_6104-250x300-1-removebg-preview.png\" class=\"img-responsive\">\r\n\t\t\t\t\t<\/div>\r\n\t\t\t\t\t\t<\/div>\r\n\t\t\t\t\t<\/div>\r\n\t\t\t\t<\/div>\r\n\t\t\t\t","protected":false},"excerpt":{"rendered":"<p>Im Oktober 2021 wurde der neue batterieelektrische BAX 7.5 der Welt\u00f6ffentlichkeit vorgestellt. Der Lkw, der beispielsweise mit Kofferaufbau bis zu drei Tonnen und mehr zuladen kann ist f\u00fcr den st\u00e4dtischen Lieferverkehr konzipiert.\u00a0Wir haben uns nach dem aktuellen Stand erkundigt und stellen die Technik vor. <span class=\"excerpt-more__dots\">&#8230;<\/span> <a class=\"excerpt-more__link\" href=\"https:\/\/www.krafthand.de\/truck\/artikel\/elektrisch-auf-achse-der-bax-7-5-und-die-technik-dahinter-32746\/\" >weiter<\/a><\/p>\n","protected":false},"author":9,"featured_media":32747,"comment_status":"closed","ping_status":"closed","sticky":false,"template":"","format":"standard","meta":{"footnotes":""},"categories":[4224,4915],"tags":[4815,5250,173,4177,2880,4816],"settings":[3524,4766,3523],"class_list":["post-32746","post","type-post","status-publish","format-standard","has-post-thumbnail","hentry","category-e-antrieb","category-neue-fahrzeuge","tag-bax","tag-bax-7-5","tag-bpw","tag-e-lkw","tag-elektro-lkw","tag-idem-telematics"],"yoast_head":"<!-- This site is optimized with the Yoast SEO plugin v27.3 - https:\/\/yoast.com\/product\/yoast-seo-wordpress\/ -->\n<title>Elektrisch auf Achse: Der BAX 7.5 und die Technik dahinter - Krafthand-Truck<\/title>\n<meta name=\"description\" content=\"Im Oktober 2021 wurde der BAX 7.5 der Welt\u00f6ffentlichkeit vorgestellt. Wir haben uns nach dem aktuellen Stand erkundigt und stellen die Technik vor.\" \/>\n<meta name=\"robots\" content=\"index, follow, max-snippet:-1, max-image-preview:large, max-video-preview:-1\" \/>\n<link rel=\"canonical\" href=\"https:\/\/www.krafthand.de\/truck\/artikel\/elektrisch-auf-achse-der-bax-7-5-und-die-technik-dahinter-32746\/\" \/>\n<meta property=\"og:locale\" content=\"de_DE\" \/>\n<meta property=\"og:type\" content=\"article\" \/>\n<meta property=\"og:title\" content=\"Elektrisch auf Achse: Der BAX 7.5 und die Technik dahinter - Krafthand-Truck\" \/>\n<meta property=\"og:description\" content=\"Im Oktober 2021 wurde der BAX 7.5 der Welt\u00f6ffentlichkeit vorgestellt. Wir haben uns nach dem aktuellen Stand erkundigt und stellen die Technik vor.\" \/>\n<meta property=\"og:url\" content=\"https:\/\/www.krafthand-truck.de\/artikel\/elektrisch-auf-achse-der-bax-7-5-und-die-technik-dahinter-32746\/\" \/>\n<meta property=\"og:site_name\" content=\"Krafthand-Truck\" \/>\n<meta property=\"article:published_time\" content=\"2022-06-30T08:47:29+00:00\" \/>\n<meta property=\"og:image\" content=\"https:\/\/static.krafthand-truck.de\/uploads\/2022\/06\/02_2022_009_1.jpg\" \/>\n\t<meta property=\"og:image:width\" content=\"1400\" \/>\n\t<meta property=\"og:image:height\" content=\"891\" \/>\n\t<meta property=\"og:image:type\" content=\"image\/jpeg\" \/>\n<meta name=\"author\" content=\"georg.blenk@krafthand-medien.de\" \/>\n<meta name=\"twitter:card\" content=\"summary_large_image\" \/>\n<meta name=\"twitter:label1\" content=\"Verfasst von\" \/>\n\t<meta name=\"twitter:data1\" content=\"georg.blenk@krafthand-medien.de\" \/>\n\t<meta name=\"twitter:label2\" content=\"Gesch\u00e4tzte Lesezeit\" \/>\n\t<meta name=\"twitter:data2\" content=\"7\u00a0Minuten\" \/>\n<script type=\"application\/ld+json\" class=\"yoast-schema-graph\">{\"@context\":\"https:\\\/\\\/schema.org\",\"@graph\":[{\"@type\":\"Article\",\"@id\":\"https:\\\/\\\/www.krafthand.de\\\/truck\\\/artikel\\\/elektrisch-auf-achse-der-bax-7-5-und-die-technik-dahinter-32746\\\/#article\",\"isPartOf\":{\"@id\":\"https:\\\/\\\/www.krafthand.de\\\/truck\\\/artikel\\\/elektrisch-auf-achse-der-bax-7-5-und-die-technik-dahinter-32746\\\/\"},\"author\":{\"name\":\"georg.blenk@krafthand-medien.de\",\"@id\":\"https:\\\/\\\/www.krafthand.de\\\/truck\\\/#\\\/schema\\\/person\\\/51fa80b1c57034c4bf63f9f988fc24ce\"},\"headline\":\"Elektrisch auf Achse: Der BAX 7.5 und die Technik dahinter\",\"datePublished\":\"2022-06-30T08:47:29+00:00\",\"mainEntityOfPage\":{\"@id\":\"https:\\\/\\\/www.krafthand.de\\\/truck\\\/artikel\\\/elektrisch-auf-achse-der-bax-7-5-und-die-technik-dahinter-32746\\\/\"},\"wordCount\":1364,\"image\":{\"@id\":\"https:\\\/\\\/www.krafthand.de\\\/truck\\\/artikel\\\/elektrisch-auf-achse-der-bax-7-5-und-die-technik-dahinter-32746\\\/#primaryimage\"},\"thumbnailUrl\":\"https:\\\/\\\/static.krafthand-truck.de\\\/uploads\\\/2022\\\/06\\\/02_2022_009_1.jpg\",\"keywords\":[\"BAX\",\"BAX 7.5\",\"BPW\",\"E-Lkw\",\"Elektro-Lkw\",\"Idem Telematics\"],\"articleSection\":[\"E-Antrieb (BEV\\\/FCEV)\",\"Neue Fahrzeuge\"],\"inLanguage\":\"de\"},{\"@type\":\"WebPage\",\"@id\":\"https:\\\/\\\/www.krafthand.de\\\/truck\\\/artikel\\\/elektrisch-auf-achse-der-bax-7-5-und-die-technik-dahinter-32746\\\/\",\"url\":\"https:\\\/\\\/www.krafthand.de\\\/truck\\\/artikel\\\/elektrisch-auf-achse-der-bax-7-5-und-die-technik-dahinter-32746\\\/\",\"name\":\"Elektrisch auf Achse: Der BAX 7.5 und die Technik dahinter - Krafthand-Truck\",\"isPartOf\":{\"@id\":\"https:\\\/\\\/www.krafthand.de\\\/truck\\\/#website\"},\"primaryImageOfPage\":{\"@id\":\"https:\\\/\\\/www.krafthand.de\\\/truck\\\/artikel\\\/elektrisch-auf-achse-der-bax-7-5-und-die-technik-dahinter-32746\\\/#primaryimage\"},\"image\":{\"@id\":\"https:\\\/\\\/www.krafthand.de\\\/truck\\\/artikel\\\/elektrisch-auf-achse-der-bax-7-5-und-die-technik-dahinter-32746\\\/#primaryimage\"},\"thumbnailUrl\":\"https:\\\/\\\/static.krafthand-truck.de\\\/uploads\\\/2022\\\/06\\\/02_2022_009_1.jpg\",\"datePublished\":\"2022-06-30T08:47:29+00:00\",\"author\":{\"@id\":\"https:\\\/\\\/www.krafthand.de\\\/truck\\\/#\\\/schema\\\/person\\\/51fa80b1c57034c4bf63f9f988fc24ce\"},\"description\":\"Im Oktober 2021 wurde der BAX 7.5 der Welt\u00f6ffentlichkeit vorgestellt. Wir haben uns nach dem aktuellen Stand erkundigt und stellen die Technik vor.\",\"breadcrumb\":{\"@id\":\"https:\\\/\\\/www.krafthand.de\\\/truck\\\/artikel\\\/elektrisch-auf-achse-der-bax-7-5-und-die-technik-dahinter-32746\\\/#breadcrumb\"},\"inLanguage\":\"de\",\"potentialAction\":[{\"@type\":\"ReadAction\",\"target\":[\"https:\\\/\\\/www.krafthand.de\\\/truck\\\/artikel\\\/elektrisch-auf-achse-der-bax-7-5-und-die-technik-dahinter-32746\\\/\"]}]},{\"@type\":\"ImageObject\",\"inLanguage\":\"de\",\"@id\":\"https:\\\/\\\/www.krafthand.de\\\/truck\\\/artikel\\\/elektrisch-auf-achse-der-bax-7-5-und-die-technik-dahinter-32746\\\/#primaryimage\",\"url\":\"https:\\\/\\\/static.krafthand-truck.de\\\/uploads\\\/2022\\\/06\\\/02_2022_009_1.jpg\",\"contentUrl\":\"https:\\\/\\\/static.krafthand-truck.de\\\/uploads\\\/2022\\\/06\\\/02_2022_009_1.jpg\",\"width\":1400,\"height\":891,\"caption\":\"Der BAX 7.5 verf\u00fcgt \u00fcber eine unabh\u00e4ngige Antriebsachse mit zwei e-Motoren und ist mit zahlreichen Assistenzsystemen ausgestattet. Bilder: BPW\"},{\"@type\":\"BreadcrumbList\",\"@id\":\"https:\\\/\\\/www.krafthand.de\\\/truck\\\/artikel\\\/elektrisch-auf-achse-der-bax-7-5-und-die-technik-dahinter-32746\\\/#breadcrumb\",\"itemListElement\":[{\"@type\":\"ListItem\",\"position\":1,\"name\":\"Krafthand-Truck\",\"item\":\"https:\\\/\\\/www.krafthand.de\\\/truck\\\/\"},{\"@type\":\"ListItem\",\"position\":2,\"name\":\"Nfz-Technik\",\"item\":\"https:\\\/\\\/www.krafthand.de\\\/truck\\\/kategorie\\\/nfz-technik\\\/\"},{\"@type\":\"ListItem\",\"position\":3,\"name\":\"E-Antrieb (BEV\\\/FCEV)\",\"item\":\"https:\\\/\\\/www.krafthand.de\\\/truck\\\/kategorie\\\/nfz-technik\\\/e-antrieb\\\/\"},{\"@type\":\"ListItem\",\"position\":4,\"name\":\"Elektrisch auf Achse: Der BAX 7.5 und die Technik dahinter\"}]},{\"@type\":\"WebSite\",\"@id\":\"https:\\\/\\\/www.krafthand.de\\\/truck\\\/#website\",\"url\":\"https:\\\/\\\/www.krafthand.de\\\/truck\\\/\",\"name\":\"Krafthand-Truck\",\"description\":\"\",\"potentialAction\":[{\"@type\":\"SearchAction\",\"target\":{\"@type\":\"EntryPoint\",\"urlTemplate\":\"https:\\\/\\\/www.krafthand.de\\\/truck\\\/?s={search_term_string}\"},\"query-input\":{\"@type\":\"PropertyValueSpecification\",\"valueRequired\":true,\"valueName\":\"search_term_string\"}}],\"inLanguage\":\"de\"},{\"@type\":\"Person\",\"@id\":\"https:\\\/\\\/www.krafthand.de\\\/truck\\\/#\\\/schema\\\/person\\\/51fa80b1c57034c4bf63f9f988fc24ce\",\"name\":\"georg.blenk@krafthand-medien.de\",\"image\":{\"@type\":\"ImageObject\",\"inLanguage\":\"de\",\"@id\":\"https:\\\/\\\/secure.gravatar.com\\\/avatar\\\/93713c30affe0aa95d3a4130e499bb1abee2eb31adbdd9ce2aa1543538490215?s=96&d=mm&r=g\",\"url\":\"https:\\\/\\\/secure.gravatar.com\\\/avatar\\\/93713c30affe0aa95d3a4130e499bb1abee2eb31adbdd9ce2aa1543538490215?s=96&d=mm&r=g\",\"contentUrl\":\"https:\\\/\\\/secure.gravatar.com\\\/avatar\\\/93713c30affe0aa95d3a4130e499bb1abee2eb31adbdd9ce2aa1543538490215?s=96&d=mm&r=g\",\"caption\":\"georg.blenk@krafthand-medien.de\"}}]}<\/script>\n<!-- \/ Yoast SEO plugin. -->","yoast_head_json":{"title":"Elektrisch auf Achse: Der BAX 7.5 und die Technik dahinter - Krafthand-Truck","description":"Im Oktober 2021 wurde der BAX 7.5 der Welt\u00f6ffentlichkeit vorgestellt. Wir haben uns nach dem aktuellen Stand erkundigt und stellen die Technik vor.","robots":{"index":"index","follow":"follow","max-snippet":"max-snippet:-1","max-image-preview":"max-image-preview:large","max-video-preview":"max-video-preview:-1"},"canonical":"https:\/\/www.krafthand.de\/truck\/artikel\/elektrisch-auf-achse-der-bax-7-5-und-die-technik-dahinter-32746\/","og_locale":"de_DE","og_type":"article","og_title":"Elektrisch auf Achse: Der BAX 7.5 und die Technik dahinter - Krafthand-Truck","og_description":"Im Oktober 2021 wurde der BAX 7.5 der Welt\u00f6ffentlichkeit vorgestellt. Wir haben uns nach dem aktuellen Stand erkundigt und stellen die Technik vor.","og_url":"https:\/\/www.krafthand-truck.de\/artikel\/elektrisch-auf-achse-der-bax-7-5-und-die-technik-dahinter-32746\/","og_site_name":"Krafthand-Truck","article_published_time":"2022-06-30T08:47:29+00:00","og_image":[{"width":1400,"height":891,"url":"https:\/\/static.krafthand-truck.de\/uploads\/2022\/06\/02_2022_009_1.jpg","type":"image\/jpeg"}],"author":"georg.blenk@krafthand-medien.de","twitter_card":"summary_large_image","twitter_misc":{"Verfasst von":"georg.blenk@krafthand-medien.de","Gesch\u00e4tzte Lesezeit":"7\u00a0Minuten"},"schema":{"@context":"https:\/\/schema.org","@graph":[{"@type":"Article","@id":"https:\/\/www.krafthand.de\/truck\/artikel\/elektrisch-auf-achse-der-bax-7-5-und-die-technik-dahinter-32746\/#article","isPartOf":{"@id":"https:\/\/www.krafthand.de\/truck\/artikel\/elektrisch-auf-achse-der-bax-7-5-und-die-technik-dahinter-32746\/"},"author":{"name":"georg.blenk@krafthand-medien.de","@id":"https:\/\/www.krafthand.de\/truck\/#\/schema\/person\/51fa80b1c57034c4bf63f9f988fc24ce"},"headline":"Elektrisch auf Achse: Der BAX 7.5 und die Technik dahinter","datePublished":"2022-06-30T08:47:29+00:00","mainEntityOfPage":{"@id":"https:\/\/www.krafthand.de\/truck\/artikel\/elektrisch-auf-achse-der-bax-7-5-und-die-technik-dahinter-32746\/"},"wordCount":1364,"image":{"@id":"https:\/\/www.krafthand.de\/truck\/artikel\/elektrisch-auf-achse-der-bax-7-5-und-die-technik-dahinter-32746\/#primaryimage"},"thumbnailUrl":"https:\/\/static.krafthand-truck.de\/uploads\/2022\/06\/02_2022_009_1.jpg","keywords":["BAX","BAX 7.5","BPW","E-Lkw","Elektro-Lkw","Idem Telematics"],"articleSection":["E-Antrieb (BEV\/FCEV)","Neue Fahrzeuge"],"inLanguage":"de"},{"@type":"WebPage","@id":"https:\/\/www.krafthand.de\/truck\/artikel\/elektrisch-auf-achse-der-bax-7-5-und-die-technik-dahinter-32746\/","url":"https:\/\/www.krafthand.de\/truck\/artikel\/elektrisch-auf-achse-der-bax-7-5-und-die-technik-dahinter-32746\/","name":"Elektrisch auf Achse: Der BAX 7.5 und die Technik dahinter - Krafthand-Truck","isPartOf":{"@id":"https:\/\/www.krafthand.de\/truck\/#website"},"primaryImageOfPage":{"@id":"https:\/\/www.krafthand.de\/truck\/artikel\/elektrisch-auf-achse-der-bax-7-5-und-die-technik-dahinter-32746\/#primaryimage"},"image":{"@id":"https:\/\/www.krafthand.de\/truck\/artikel\/elektrisch-auf-achse-der-bax-7-5-und-die-technik-dahinter-32746\/#primaryimage"},"thumbnailUrl":"https:\/\/static.krafthand-truck.de\/uploads\/2022\/06\/02_2022_009_1.jpg","datePublished":"2022-06-30T08:47:29+00:00","author":{"@id":"https:\/\/www.krafthand.de\/truck\/#\/schema\/person\/51fa80b1c57034c4bf63f9f988fc24ce"},"description":"Im Oktober 2021 wurde der BAX 7.5 der Welt\u00f6ffentlichkeit vorgestellt. Wir haben uns nach dem aktuellen Stand erkundigt und stellen die Technik vor.","breadcrumb":{"@id":"https:\/\/www.krafthand.de\/truck\/artikel\/elektrisch-auf-achse-der-bax-7-5-und-die-technik-dahinter-32746\/#breadcrumb"},"inLanguage":"de","potentialAction":[{"@type":"ReadAction","target":["https:\/\/www.krafthand.de\/truck\/artikel\/elektrisch-auf-achse-der-bax-7-5-und-die-technik-dahinter-32746\/"]}]},{"@type":"ImageObject","inLanguage":"de","@id":"https:\/\/www.krafthand.de\/truck\/artikel\/elektrisch-auf-achse-der-bax-7-5-und-die-technik-dahinter-32746\/#primaryimage","url":"https:\/\/static.krafthand-truck.de\/uploads\/2022\/06\/02_2022_009_1.jpg","contentUrl":"https:\/\/static.krafthand-truck.de\/uploads\/2022\/06\/02_2022_009_1.jpg","width":1400,"height":891,"caption":"Der BAX 7.5 verf\u00fcgt \u00fcber eine unabh\u00e4ngige Antriebsachse mit zwei e-Motoren und ist mit zahlreichen Assistenzsystemen ausgestattet. Bilder: BPW"},{"@type":"BreadcrumbList","@id":"https:\/\/www.krafthand.de\/truck\/artikel\/elektrisch-auf-achse-der-bax-7-5-und-die-technik-dahinter-32746\/#breadcrumb","itemListElement":[{"@type":"ListItem","position":1,"name":"Krafthand-Truck","item":"https:\/\/www.krafthand.de\/truck\/"},{"@type":"ListItem","position":2,"name":"Nfz-Technik","item":"https:\/\/www.krafthand.de\/truck\/kategorie\/nfz-technik\/"},{"@type":"ListItem","position":3,"name":"E-Antrieb (BEV\/FCEV)","item":"https:\/\/www.krafthand.de\/truck\/kategorie\/nfz-technik\/e-antrieb\/"},{"@type":"ListItem","position":4,"name":"Elektrisch auf Achse: Der BAX 7.5 und die Technik dahinter"}]},{"@type":"WebSite","@id":"https:\/\/www.krafthand.de\/truck\/#website","url":"https:\/\/www.krafthand.de\/truck\/","name":"Krafthand-Truck","description":"","potentialAction":[{"@type":"SearchAction","target":{"@type":"EntryPoint","urlTemplate":"https:\/\/www.krafthand.de\/truck\/?s={search_term_string}"},"query-input":{"@type":"PropertyValueSpecification","valueRequired":true,"valueName":"search_term_string"}}],"inLanguage":"de"},{"@type":"Person","@id":"https:\/\/www.krafthand.de\/truck\/#\/schema\/person\/51fa80b1c57034c4bf63f9f988fc24ce","name":"georg.blenk@krafthand-medien.de","image":{"@type":"ImageObject","inLanguage":"de","@id":"https:\/\/secure.gravatar.com\/avatar\/93713c30affe0aa95d3a4130e499bb1abee2eb31adbdd9ce2aa1543538490215?s=96&d=mm&r=g","url":"https:\/\/secure.gravatar.com\/avatar\/93713c30affe0aa95d3a4130e499bb1abee2eb31adbdd9ce2aa1543538490215?s=96&d=mm&r=g","contentUrl":"https:\/\/secure.gravatar.com\/avatar\/93713c30affe0aa95d3a4130e499bb1abee2eb31adbdd9ce2aa1543538490215?s=96&d=mm&r=g","caption":"georg.blenk@krafthand-medien.de"}}]}},"_links":{"self":[{"href":"https:\/\/www.krafthand.de\/truck\/wp-json\/wp\/v2\/posts\/32746","targetHints":{"allow":["GET"]}}],"collection":[{"href":"https:\/\/www.krafthand.de\/truck\/wp-json\/wp\/v2\/posts"}],"about":[{"href":"https:\/\/www.krafthand.de\/truck\/wp-json\/wp\/v2\/types\/post"}],"author":[{"embeddable":true,"href":"https:\/\/www.krafthand.de\/truck\/wp-json\/wp\/v2\/users\/9"}],"replies":[{"embeddable":true,"href":"https:\/\/www.krafthand.de\/truck\/wp-json\/wp\/v2\/comments?post=32746"}],"version-history":[{"count":19,"href":"https:\/\/www.krafthand.de\/truck\/wp-json\/wp\/v2\/posts\/32746\/revisions"}],"predecessor-version":[{"id":32853,"href":"https:\/\/www.krafthand.de\/truck\/wp-json\/wp\/v2\/posts\/32746\/revisions\/32853"}],"wp:featuredmedia":[{"embeddable":true,"href":"https:\/\/www.krafthand.de\/truck\/wp-json\/wp\/v2\/media\/32747"}],"wp:attachment":[{"href":"https:\/\/www.krafthand.de\/truck\/wp-json\/wp\/v2\/media?parent=32746"}],"wp:term":[{"taxonomy":"category","embeddable":true,"href":"https:\/\/www.krafthand.de\/truck\/wp-json\/wp\/v2\/categories?post=32746"},{"taxonomy":"post_tag","embeddable":true,"href":"https:\/\/www.krafthand.de\/truck\/wp-json\/wp\/v2\/tags?post=32746"},{"taxonomy":"settings","embeddable":true,"href":"https:\/\/www.krafthand.de\/truck\/wp-json\/wp\/v2\/settings?post=32746"}],"curies":[{"name":"wp","href":"https:\/\/api.w.org\/{rel}","templated":true}]}}