{"id":32708,"date":"2022-06-22T13:53:51","date_gmt":"2022-06-22T11:53:51","guid":{"rendered":"https:\/\/www.krafthand.de\/truck\/?p=32708"},"modified":"2022-06-23T12:54:17","modified_gmt":"2022-06-23T10:54:17","slug":"koegel-moechte-mit-technik-und-service-ueberzeugen","status":"publish","type":"post","link":"https:\/\/www.krafthand.de\/truck\/artikel\/koegel-moechte-mit-technik-und-service-ueberzeugen-32708\/","title":{"rendered":"K\u00f6gel m\u00f6chte mit Technik und Service \u00fcberzeugen"},"content":{"rendered":"<p>Die <a href=\"https:\/\/www.koegel.com\/\" target=\"_blank\" rel=\"noopener\">K\u00f6gel Trailer GmbH<\/a> mit Hauptsitz in Burtenbach bei Ulm wurde 1934 von Franz Xaver K\u00f6gel gegr\u00fcndet und ist heute einer der gr\u00f6\u00dften europ\u00e4ischen Hersteller von Aufliegern und Aufbauten. Das Unternehmen besch\u00e4ftigt europaweit rund 1.200 Mitarbeiter. Der Unternehmensleitsatz \u201aEconomy meets Ecology \u2013 Because we care\u2018 ist laut K\u00f6gel gleichsam ein Versprechen. Das Unternehmen m\u00f6chte seine Kunden mit \u00f6kologisch und \u00f6konomisch nachhaltigen Produkten in Leichtbauweise und mit Service-Dienstleitungen \u00fcberzeugen.<\/p>\n<p>Zu K\u00f6gel geh\u00f6ren heute Werke und Standorte in Ulm, Duingen, Choce\u0148 (CZ), Verona (IT), Gallur (ES), Kampen (NL), Corcelles-en-Beaujolais (FR), Sch\u00e4rding (AT), Padborg (DK) sowie Moskau (RUS). Das Traditionsunternehmen generierte im Jahr 2021 rund 520 Millionen Umsatz, bei einem Absatz von rund 25.000 Fahrzeugen.<\/p>\n<p>Christian Renners ist seit Oktober 2021 neuer CEO bei K\u00f6gel. Er verantwortet den Vertrieb, das Marketing und das Business Development. Neben Renners geh\u00f6ren Thomas Heckel (CFO) und Thomas Eschey (COO) der Gesch\u00e4ftsleitung an.<\/p>\n<figure id=\"attachment_32711\" aria-describedby=\"caption-attachment-32711\" style=\"width: 420px\" class=\"wp-caption alignright\"><a href=\"https:\/\/static.krafthand-truck.de\/uploads\/2022\/06\/02_2022_010_2.jpg\" target=\"_blank\" rel=\"noopener\"><img fetchpriority=\"high\" decoding=\"async\" class=\"wp-image-32711\" src=\"https:\/\/static.krafthand-truck.de\/uploads\/2022\/06\/02_2022_010_2.jpg\" alt=\"K\u00f6gel\/SAF-Holland Tiefk\u00fchl-Auflieger der Baureihe K\u00f6gel Cool \u2013 PurFerro quality\" width=\"420\" height=\"236\" srcset=\"https:\/\/static.krafthand-truck.de\/uploads\/2022\/06\/02_2022_010_2.jpg 1080w, https:\/\/static.krafthand-truck.de\/uploads\/2022\/06\/02_2022_010_2-300x169.jpg 300w, https:\/\/static.krafthand-truck.de\/uploads\/2022\/06\/02_2022_010_2-1024x576.jpg 1024w, https:\/\/static.krafthand-truck.de\/uploads\/2022\/06\/02_2022_010_2-768x432.jpg 768w\" sizes=\"(max-width: 420px) 100vw, 420px\" \/><\/a><figcaption id=\"caption-attachment-32711\" class=\"wp-caption-text\">Gemeinsam mit SAF-Holland hat K\u00f6gel einen Tiefk\u00fchl-Auflieger der Baureihe K\u00f6gel Cool \u2013 PurFerro quality entwickelt, der \u00fcber eine Rekuperationsachse verf\u00fcgt. Diese gewinnt Bewegungsenergie als elektrischer Strom zur\u00fcck und stellt sie dem Antrieb der K\u00fchlmaschine zur Verf\u00fcgung.<\/figcaption><\/figure>\n<h2>Portfolio<\/h2>\n<p>Das Produktportfolio von K\u00f6gel umfasst Sattelauflieger und Anh\u00e4nger von 18 bis 42 Tonnen zul\u00e4ssigem Gesamtgewicht. Dazu geh\u00f6ren die Pritschenfahrzeuge der NOVUM-Generation wie der K\u00f6gel Cargo, der Lightplus, der Mega und der Mega Perfect Height mit exakt vier Metern Au\u00dfenh\u00f6he. Die Kofferbaureihen K\u00f6gel Cool und Box erg\u00e4nzen das NOVUM-Portfolio. Hinzu kommen die multimodalen Wechselsysteme K\u00f6gel Swap, Combi und Port. Unterschiedliche Muldenkipper sowie der Baustoff-Sattelauflieger Multi erg\u00e4nzen das Sortiment.<\/p>\n<figure id=\"attachment_32714\" aria-describedby=\"caption-attachment-32714\" style=\"width: 420px\" class=\"wp-caption alignleft\"><a href=\"https:\/\/static.krafthand-truck.de\/uploads\/2022\/06\/02_2022_10_Bild03.jpg\" target=\"_blank\" rel=\"noopener\"><img decoding=\"async\" class=\"wp-image-32714\" src=\"https:\/\/static.krafthand-truck.de\/uploads\/2022\/06\/02_2022_10_Bild03.jpg\" alt=\" Online-Shop von K\u00f6gel-Original-Parts\" width=\"420\" height=\"312\" srcset=\"https:\/\/static.krafthand-truck.de\/uploads\/2022\/06\/02_2022_10_Bild03.jpg 1400w, https:\/\/static.krafthand-truck.de\/uploads\/2022\/06\/02_2022_10_Bild03-300x223.jpg 300w, https:\/\/static.krafthand-truck.de\/uploads\/2022\/06\/02_2022_10_Bild03-1024x760.jpg 1024w, https:\/\/static.krafthand-truck.de\/uploads\/2022\/06\/02_2022_10_Bild03-768x570.jpg 768w, https:\/\/static.krafthand-truck.de\/uploads\/2022\/06\/02_2022_10_Bild03-200x150.jpg 200w, https:\/\/static.krafthand-truck.de\/uploads\/2022\/06\/02_2022_10_Bild03-1320x980.jpg 1320w\" sizes=\"(max-width: 420px) 100vw, 420px\" \/><\/a><figcaption id=\"caption-attachment-32714\" class=\"wp-caption-text\">Der Online-Shop von K\u00f6gel-Original-Parts wird stetig um neue Produkte erweitert.<\/figcaption><\/figure>\n<h3>K\u00f6gel Original Parts<\/h3>\n<p>Bei den K\u00f6gel Original Parts handelt es sich um hauseigene Fast-Mover-Teile wie Bremsbel\u00e4ge, Bremsscheiben, Bremszylinder, Sto\u00dfd\u00e4mpfer oder Luftfederb\u00e4lge. Hatte K\u00f6gel vorher die Teile ausschlie\u00dflich direkt von den Komponenten-Zulieferern bezogen, hat man sich mit der Einf\u00fchrung der <a href=\"https:\/\/parts.koegel.com\/de\/\" target=\"_blank\" rel=\"noopener\">Original-Parts<\/a> unabh\u00e4ngiger gemacht. Die Ersatzteile werden gem\u00e4\u00df den hohen Qualit\u00e4tsanforderungen von K\u00f6gel von namhaften Herstellern gefertigt und entsprechen den OE-Vorgaben. Zudem werden sie in einer eigenen K\u00f6gel-Verpackung inklusive entsprechender Anbauteile geliefert.<br \/>\nDas Sortiment umfasst aktuell rund 50 Einzelpositionen und wird st\u00e4ndig erweitert. <em>\u201eWir streben nicht an, Teile f\u00fcr Fahrzeuge anderer Marken in unser Portfolio aufzunehmen. Vielmehr m\u00f6chten wir zuverl\u00e4ssiger Partner f\u00fcr K\u00f6gel-Kunden sein\u201c<\/em>, erz\u00e4hlt Anton Bigelmaier, Bereichsleiter Aftermarket bei K\u00f6gel.<\/p>\n<p>&nbsp;<\/p>\n<div class=\"infobox box-grey\"><\/p>\n<p><figure id=\"attachment_32758\" aria-describedby=\"caption-attachment-32758\" style=\"width: 214px\" class=\"wp-caption alignright\"><img decoding=\"async\" class=\"wp-image-32758 size-medium\" src=\"https:\/\/static.krafthand-truck.de\/uploads\/2022\/06\/Koegel_Anton_Bigelmaier_Krafthand_Truck-214x300.jpg\" alt=\"\" width=\"214\" height=\"300\" srcset=\"https:\/\/static.krafthand-truck.de\/uploads\/2022\/06\/Koegel_Anton_Bigelmaier_Krafthand_Truck-214x300.jpg 214w, https:\/\/static.krafthand-truck.de\/uploads\/2022\/06\/Koegel_Anton_Bigelmaier_Krafthand_Truck-730x1024.jpg 730w, https:\/\/static.krafthand-truck.de\/uploads\/2022\/06\/Koegel_Anton_Bigelmaier_Krafthand_Truck-768x1077.jpg 768w, https:\/\/static.krafthand-truck.de\/uploads\/2022\/06\/Koegel_Anton_Bigelmaier_Krafthand_Truck.jpg 1016w\" sizes=\"(max-width: 214px) 100vw, 214px\" \/><figcaption id=\"caption-attachment-32758\" class=\"wp-caption-text\">Anton Bigelmaier<\/figcaption><\/figure><\/p>\n<h3>Zur Person<\/h3>\n<p>Nach mehreren Stationen im Nutzfahrzeugsektor (unter anderem lange Jahre bei SAF), leitet Anton Bigelmaier seit M\u00e4rz 2014 den Bereich Aftermarket bei K\u00f6gel.\u00a0Er verantwortet das Ersatzteil- und Kundendienstgesch\u00e4ft in Europa und den Ausbau des Schulungs- und Trainingsprogramms f\u00fcr Kunden und Partner.<\/p>\n<p>&nbsp;<\/p>\n<blockquote>\n<h4><em>\u201e90 Prozent der ben\u00f6tigten Teile haben wir vorr\u00e4tig. Per Expressversand, sind sie am n\u00e4chsten Tag da\u201c<\/em>, so Anton Bigelmaier<\/h4>\n<\/blockquote>\n<p>&nbsp;<\/p>\n<p><\/div>\n<p>&nbsp;<\/p>\n<p>Was die Lagerhaltung und Transportlogistik angeht, so arbeitet K\u00f6gel mit einem Dienstleister zusammen. Die Lagerfl\u00e4che betr\u00e4gt rund 10.000 Quadratmeter. Die Auftragsbearbeitung, Materialdisposition und Bepreisung erledigt das Unternehmen selbst. K\u00f6gel hat in Deutschland zus\u00e4tzlich f\u00fcnf Au\u00dfendienstmitarbeiter die den Kunden mit Rat und Tat zur Seite stehen. Im Ausland unterh\u00e4lt K\u00f6gel eigene Tochterunternehmen oder arbeitet, wie in Italien, mit Partnern aus dem Teilehandel zusammen. Originalersatzteile f\u00fcr hauseigene Fahrzeuge von Lieferanten wie <a href=\"https:\/\/safholland.com\/de\/de\/\" target=\"_blank\" rel=\"noopener\">SAF-Holland<\/a> oder <a href=\"https:\/\/www.aspoeck.com\/de\" target=\"_blank\" rel=\"noopener\">Asp\u00f6ck<\/a>, k\u00f6nnen ebenfalls bei K\u00f6gel bezogen werden.<\/p>\n<p>&nbsp;<\/p>\n<figure id=\"attachment_32710\" aria-describedby=\"caption-attachment-32710\" style=\"width: 380px\" class=\"wp-caption alignright\"><a href=\"https:\/\/static.krafthand-truck.de\/uploads\/2022\/06\/02_2022_010_4.jpg\" target=\"_blank\" rel=\"noopener\"><img loading=\"lazy\" decoding=\"async\" class=\"wp-image-32710\" src=\"https:\/\/static.krafthand-truck.de\/uploads\/2022\/06\/02_2022_010_4-300x220.jpg\" alt=\"Spezialwerkzeugsatz von K\u00f6gel f\u00fcr die Trailerachse KTA\" width=\"380\" height=\"279\" srcset=\"https:\/\/static.krafthand-truck.de\/uploads\/2022\/06\/02_2022_010_4-300x220.jpg 300w, https:\/\/static.krafthand-truck.de\/uploads\/2022\/06\/02_2022_010_4.jpg 421w\" sizes=\"(max-width: 380px) 100vw, 380px\" \/><\/a><figcaption id=\"caption-attachment-32710\" class=\"wp-caption-text\">Spezialwerkzeugsatz von K\u00f6gel f\u00fcr die Trailerachse KTA.<\/figcaption><\/figure>\n<h2>Service<\/h2>\n<p>K\u00f6gel hat europaweit rund 1.000 Servicepartner, davon knapp 500 in Deutschland. Dazu geh\u00f6ren auch Nfz-Werkst\u00e4tten, die auf strategischen Partnerschaften beruhen, beispielsweise mit Mercedes TruckWorks oder MAN ServiceComplete. Auch mit freien Nfz-Werkst\u00e4tten arbeitet K\u00f6gel schon lange zusammen. <em>\u201eDie Voraussetzungen einer Partnerschaft sind ein g\u00fcnstiger Standort, das entsprechende Trailer-Know-how sowie das Vorhalten von entsprechender Werkstatt- und Diagnoseausr\u00fcstung\u201c<\/em>, erkl\u00e4rt Bigelmaier.<\/p>\n<p>Um eine hohe Servicequalit\u00e4t zu gew\u00e4hrleisten, bietet K\u00f6gel f\u00fcr Nfz-Betriebe Schulungen und Weiterbildungen an. Erg\u00e4nzt wird das Angebot um eine umfangreiche Dokumentation im K\u00f6gel Ersatzteil-Webshop, die individuell nach Trailer-Modell Explosionszeichnungen und Ersatzteillisten enth\u00e4lt. Reparaturanweisungen und Wartungsinformationen stehen typenbezogen als Print-Dokumente oder als Download zur Verf\u00fcgung. So sind \u00fcber die VIN s\u00e4mtliche relevante Fahrzeug-, Service- und Teileinformationen verf\u00fcgbar.<\/p>\n<blockquote><p>\u201eEin gut funktionierender Ersatzteilshop ist das \u201aA und O\u2018 in unserer Branche\u201c, so Bigelmaier.<\/p><\/blockquote>\n<p>Eine Service- und Teile-Hotline hilft an Wochentagen bei offenen Fragen und Reklamationen weiter. Zus\u00e4tzlich steht an Wochenenden die internationale Notruf-Hotline \u201aK\u00f6gel Assistance\u2018, \u00fcber die man Experten in der jeweiligen Landessprache erreicht, zur Verf\u00fcgung. Dar\u00fcber hinaus hilft die Service-Partner-Suche den n\u00e4chsten K\u00f6gel-Partnerbetrieb im Fall einer Panne herauszufinden.<\/p>\n<h2>Unfallreparatur<\/h2>\n<p>Bei schwereren Unf\u00e4llen unterst\u00fctzt K\u00f6gel die Nfz-Betriebe mit seiner technischen Expertise bez\u00fcglich der Erstellung von Schadensgutachten. <em>\u201eIn den allermeisten F\u00e4llen k\u00f6nnen die Werkstattbetriebe das Fahrzeug anhand unserer Reparaturleitf\u00e4den wieder instand setzen. Es gibt aber ab Mitte dieses Jahres auch die M\u00f6glichkeit Fahrzeuge in unserer Werksreparatur reparieren zu lassen\u201c<\/em>, so Bigelmaier.<\/p>\n<p>Viel h\u00e4ufiger kommt es jedoch zu Rangierremplern. Viele Anfahrsch\u00e4den k\u00f6nnen mit entsprechend gro\u00df dimensionierten Rammpuffern von K\u00f6gel vermieden werden. Im Fall von gerissenen beziehungsweise aufgeschnittenen Planen h\u00e4lt das Unternehmen Reparaturs\u00e4tze oder ganze Austauschplanen vor. Auch sie sind \u00fcber den Ersatzteilshop erh\u00e4ltlich.<\/p>\n<figure id=\"attachment_32713\" aria-describedby=\"caption-attachment-32713\" style=\"width: 1154px\" class=\"wp-caption aligncenter\"><img loading=\"lazy\" decoding=\"async\" class=\"wp-image-32713 size-full\" src=\"https:\/\/static.krafthand-truck.de\/uploads\/2022\/06\/02_2022_10_Bild05.jpg\" alt=\"K\u00f6gel Schulungs-Anh\u00e4nger\" width=\"1154\" height=\"577\" srcset=\"https:\/\/static.krafthand-truck.de\/uploads\/2022\/06\/02_2022_10_Bild05.jpg 1154w, https:\/\/static.krafthand-truck.de\/uploads\/2022\/06\/02_2022_10_Bild05-300x150.jpg 300w, https:\/\/static.krafthand-truck.de\/uploads\/2022\/06\/02_2022_10_Bild05-1024x512.jpg 1024w, https:\/\/static.krafthand-truck.de\/uploads\/2022\/06\/02_2022_10_Bild05-768x384.jpg 768w\" sizes=\"(max-width: 1154px) 100vw, 1154px\" \/><figcaption id=\"caption-attachment-32713\" class=\"wp-caption-text\">Schulungs-Anh\u00e4nger: Bei der KTA-Trailerachse von K\u00f6gel (SAF) sind die Aufnahmeplatten der Luftfederung auf das Achsrohr geklemmt. Es besteht keine feste Schwei\u00dfverbindung, was den Austausch erheblich erleichtert.<\/figcaption><\/figure>\n<h3>Noch viel Potenzial!<\/h3>\n<p>Nicht nur Anton Bigelmaier sorgt sich um den Nachwuchs in der Nutzfahrzeug-Branche. Zahlreiche Unternehmer suchen neben Lkw-Fahrerinnen und -Fahrer auch Lkw-Mechatroniker(innen). Ein Weg um dem Nachwuchsmangel zu begegnen, sei laut Bigelmaier, das Berufsbild durch Initiativen wieder ins Blickfeld der jungen Menschen zu r\u00fccken. Dazu geh\u00f6ren entsprechende Image-Kampagnen, die spannende technische Entwicklung im Nutzfahrzeugsektor m\u00fcsse dabei im Vordergrund stehen. Was die Ausbildung angeht, m\u00fcssen Lern- und Schulungsinhalte verst\u00e4rkt digital aufbereitet werden.<\/p>\n<p>Technisch k\u00f6nne man den Fachkr\u00e4ftemangel ein st\u00fcckweit kompensieren, indem man Reparaturschritte verk\u00fcrzt, <strong>One-Stop-Shopping<\/strong> ausbaut und vorausschauende Instandhaltung von Lkw und Trailer (<strong>Predictive-Maintenance<\/strong>) weiterentwickelt. Im \u00dcbrigen: Was die Technik angeht, ist noch nicht das Ende der Fahnenstange erreicht: <em>\u201eIm Trailer steckt noch viel Potenzial, beispielsweise was Leichtbau, Assistenz- oder sogar k\u00fcnftig eigene Antriebssysteme angeht. Wir bei K\u00f6gel bleiben am Ball\u201c<\/em>, so Bigelmaier.<\/p>\n<p><i>Den Beitrag finden Sie auch in der Print-Ausgabe 2\/2022 der <a href=\"https:\/\/www.krafthand.de\/truck\/magazin\/\" title=\"Zum Magazin\">Krafthand-Truck<\/a>.<\/i><\/p>\r\n\t\t\t\t<div class=\"post-author\">\r\n\t\t\t\t\t<div class=\"khm-cp-author clearfix\">\r\n\t\t\t\t\t\t<div class=\"khm-cp-author__content\">\r\n\t\t\t\t\t\t\t\tKontakt zum Autor:<br \/>\r\n\t\t\t\t\t\t\t\t<strong>Georg Blenk<\/strong>, 08247 \/ 3007-45 |  <a href=\"mailto:georg.blenk@krafthand-medien.de\">georg.blenk@krafthand-medien.de<\/a>\r\n\t\t\t\t\t\t\t<div class=\"khm-cp-author__image\">\r\n\t\t\t\t\t\t<img src=\"https:\/\/static.krafthand-truck.de\/uploads\/2021\/01\/Blenk_6104-250x300-1-removebg-preview.png\" class=\"img-responsive\">\r\n\t\t\t\t\t<\/div>\r\n\t\t\t\t\t\t<\/div>\r\n\t\t\t\t\t<\/div>\r\n\t\t\t\t<\/div>\r\n\t\t\t\t","protected":false},"excerpt":{"rendered":"<p>Die K\u00f6gel Trailer GmbH mit Hauptsitz in Burtenbach bei Ulm wurde 1934 von Franz Xaver K\u00f6gel gegr\u00fcndet und ist heute einer der gr\u00f6\u00dften europ\u00e4ischen Hersteller von Aufliegern und Aufbauten. Wir haben mit Anton Bigelmaier, Bereichsleiter Aftermarket bei K\u00f6gel gesprochen und stellen das Unternehmen vor. <span class=\"excerpt-more__dots\">&#8230;<\/span> <a class=\"excerpt-more__link\" href=\"https:\/\/www.krafthand.de\/truck\/artikel\/koegel-moechte-mit-technik-und-service-ueberzeugen-32708\/\" >weiter<\/a><\/p>\n","protected":false},"author":11,"featured_media":32709,"comment_status":"closed","ping_status":"closed","sticky":false,"template":"","format":"standard","meta":{"footnotes":""},"categories":[4238,4914,4235],"tags":[5249,202,1111,599],"settings":[3524,4766,3523],"class_list":["post-32708","post","type-post","status-publish","format-standard","has-post-thumbnail","hentry","category-koepfe","category-trailer-aufbauten","category-unternehmen","tag-anton-bigelmaier","tag-koegel","tag-saf-holland","tag-trailer"],"yoast_head":"<!-- This site is optimized with the Yoast SEO plugin v27.3 - https:\/\/yoast.com\/product\/yoast-seo-wordpress\/ -->\n<title>K\u00f6gel m\u00f6chte mit Technik und Service \u00fcberzeugen I Krafthand-Truck<\/title>\n<meta name=\"description\" content=\"Die K\u00f6gel Trailer GmbH mit Hauptsitz in Burtenbach bei Ulm wurde 1934 von Franz Xaver K\u00f6gel gegr\u00fcndet und ist heute einer der gr\u00f6\u00dften europ\u00e4ischen Hersteller von Aufliegern und Aufbauten.\" \/>\n<meta name=\"robots\" content=\"index, follow, max-snippet:-1, max-image-preview:large, max-video-preview:-1\" \/>\n<link rel=\"canonical\" href=\"https:\/\/www.krafthand.de\/truck\/artikel\/koegel-moechte-mit-technik-und-service-ueberzeugen-32708\/\" \/>\n<meta property=\"og:locale\" content=\"de_DE\" \/>\n<meta property=\"og:type\" content=\"article\" \/>\n<meta property=\"og:title\" content=\"K\u00f6gel m\u00f6chte mit Technik und Service \u00fcberzeugen I Krafthand-Truck\" \/>\n<meta property=\"og:description\" content=\"Die K\u00f6gel Trailer GmbH mit Hauptsitz in Burtenbach bei Ulm wurde 1934 von Franz Xaver K\u00f6gel gegr\u00fcndet und ist heute einer der gr\u00f6\u00dften europ\u00e4ischen Hersteller von Aufliegern und Aufbauten.\" \/>\n<meta property=\"og:url\" content=\"https:\/\/www.krafthand-truck.de\/artikel\/koegel-moechte-mit-technik-und-service-ueberzeugen-32708\/\" \/>\n<meta property=\"og:site_name\" content=\"Krafthand-Truck\" \/>\n<meta property=\"article:published_time\" content=\"2022-06-22T11:53:51+00:00\" \/>\n<meta property=\"article:modified_time\" content=\"2022-06-23T10:54:17+00:00\" \/>\n<meta property=\"og:image\" content=\"https:\/\/static.krafthand-truck.de\/uploads\/2022\/06\/02_2022_010_1.jpg\" \/>\n\t<meta property=\"og:image:width\" content=\"1400\" \/>\n\t<meta property=\"og:image:height\" content=\"860\" \/>\n\t<meta property=\"og:image:type\" content=\"image\/jpeg\" \/>\n<meta name=\"author\" content=\"Redaktion Truck\" \/>\n<meta name=\"twitter:card\" content=\"summary_large_image\" \/>\n<meta name=\"twitter:label1\" content=\"Verfasst von\" \/>\n\t<meta name=\"twitter:data1\" content=\"Redaktion Truck\" \/>\n\t<meta name=\"twitter:label2\" content=\"Gesch\u00e4tzte Lesezeit\" \/>\n\t<meta name=\"twitter:data2\" content=\"7\u00a0Minuten\" \/>\n<script type=\"application\/ld+json\" class=\"yoast-schema-graph\">{\"@context\":\"https:\\\/\\\/schema.org\",\"@graph\":[{\"@type\":\"Article\",\"@id\":\"https:\\\/\\\/www.krafthand.de\\\/truck\\\/artikel\\\/koegel-moechte-mit-technik-und-service-ueberzeugen-32708\\\/#article\",\"isPartOf\":{\"@id\":\"https:\\\/\\\/www.krafthand.de\\\/truck\\\/artikel\\\/koegel-moechte-mit-technik-und-service-ueberzeugen-32708\\\/\"},\"author\":{\"name\":\"Redaktion Truck\",\"@id\":\"https:\\\/\\\/www.krafthand.de\\\/truck\\\/#\\\/schema\\\/person\\\/5e47d727209575a4b89376746e24f02f\"},\"headline\":\"K\u00f6gel m\u00f6chte mit Technik und Service \u00fcberzeugen\",\"datePublished\":\"2022-06-22T11:53:51+00:00\",\"dateModified\":\"2022-06-23T10:54:17+00:00\",\"mainEntityOfPage\":{\"@id\":\"https:\\\/\\\/www.krafthand.de\\\/truck\\\/artikel\\\/koegel-moechte-mit-technik-und-service-ueberzeugen-32708\\\/\"},\"wordCount\":1109,\"image\":{\"@id\":\"https:\\\/\\\/www.krafthand.de\\\/truck\\\/artikel\\\/koegel-moechte-mit-technik-und-service-ueberzeugen-32708\\\/#primaryimage\"},\"thumbnailUrl\":\"https:\\\/\\\/static.krafthand-truck.de\\\/uploads\\\/2022\\\/06\\\/02_2022_010_1.jpg\",\"keywords\":[\"Anton Bigelmaier\",\"K\u00f6gel\",\"SAF-HOLLAND\",\"Trailer\"],\"articleSection\":[\"K\u00f6pfe\\\/Personen\",\"Trailer\\\/Aufbauten\",\"Unternehmen\"],\"inLanguage\":\"de\"},{\"@type\":\"WebPage\",\"@id\":\"https:\\\/\\\/www.krafthand.de\\\/truck\\\/artikel\\\/koegel-moechte-mit-technik-und-service-ueberzeugen-32708\\\/\",\"url\":\"https:\\\/\\\/www.krafthand.de\\\/truck\\\/artikel\\\/koegel-moechte-mit-technik-und-service-ueberzeugen-32708\\\/\",\"name\":\"K\u00f6gel m\u00f6chte mit Technik und Service \u00fcberzeugen I Krafthand-Truck\",\"isPartOf\":{\"@id\":\"https:\\\/\\\/www.krafthand.de\\\/truck\\\/#website\"},\"primaryImageOfPage\":{\"@id\":\"https:\\\/\\\/www.krafthand.de\\\/truck\\\/artikel\\\/koegel-moechte-mit-technik-und-service-ueberzeugen-32708\\\/#primaryimage\"},\"image\":{\"@id\":\"https:\\\/\\\/www.krafthand.de\\\/truck\\\/artikel\\\/koegel-moechte-mit-technik-und-service-ueberzeugen-32708\\\/#primaryimage\"},\"thumbnailUrl\":\"https:\\\/\\\/static.krafthand-truck.de\\\/uploads\\\/2022\\\/06\\\/02_2022_010_1.jpg\",\"datePublished\":\"2022-06-22T11:53:51+00:00\",\"dateModified\":\"2022-06-23T10:54:17+00:00\",\"author\":{\"@id\":\"https:\\\/\\\/www.krafthand.de\\\/truck\\\/#\\\/schema\\\/person\\\/5e47d727209575a4b89376746e24f02f\"},\"description\":\"Die K\u00f6gel Trailer GmbH mit Hauptsitz in Burtenbach bei Ulm wurde 1934 von Franz Xaver K\u00f6gel gegr\u00fcndet und ist heute einer der gr\u00f6\u00dften europ\u00e4ischen Hersteller von Aufliegern und Aufbauten.\",\"breadcrumb\":{\"@id\":\"https:\\\/\\\/www.krafthand.de\\\/truck\\\/artikel\\\/koegel-moechte-mit-technik-und-service-ueberzeugen-32708\\\/#breadcrumb\"},\"inLanguage\":\"de\",\"potentialAction\":[{\"@type\":\"ReadAction\",\"target\":[\"https:\\\/\\\/www.krafthand.de\\\/truck\\\/artikel\\\/koegel-moechte-mit-technik-und-service-ueberzeugen-32708\\\/\"]}]},{\"@type\":\"ImageObject\",\"inLanguage\":\"de\",\"@id\":\"https:\\\/\\\/www.krafthand.de\\\/truck\\\/artikel\\\/koegel-moechte-mit-technik-und-service-ueberzeugen-32708\\\/#primaryimage\",\"url\":\"https:\\\/\\\/static.krafthand-truck.de\\\/uploads\\\/2022\\\/06\\\/02_2022_010_1.jpg\",\"contentUrl\":\"https:\\\/\\\/static.krafthand-truck.de\\\/uploads\\\/2022\\\/06\\\/02_2022_010_1.jpg\",\"width\":1400,\"height\":860,\"caption\":\"Mit K\u00f6gel-Originalparts bietet der Burtenbacher Trailerhersteller zus\u00e4tzlich ein eigenes Teilesortiment an. Bilder: K\u00f6gel\"},{\"@type\":\"BreadcrumbList\",\"@id\":\"https:\\\/\\\/www.krafthand.de\\\/truck\\\/artikel\\\/koegel-moechte-mit-technik-und-service-ueberzeugen-32708\\\/#breadcrumb\",\"itemListElement\":[{\"@type\":\"ListItem\",\"position\":1,\"name\":\"Krafthand-Truck\",\"item\":\"https:\\\/\\\/www.krafthand.de\\\/truck\\\/\"},{\"@type\":\"ListItem\",\"position\":2,\"name\":\"Nfz-Branche\",\"item\":\"https:\\\/\\\/www.krafthand.de\\\/truck\\\/kategorie\\\/branche\\\/\"},{\"@type\":\"ListItem\",\"position\":3,\"name\":\"Unternehmen\",\"item\":\"https:\\\/\\\/www.krafthand.de\\\/truck\\\/kategorie\\\/branche\\\/unternehmen\\\/\"},{\"@type\":\"ListItem\",\"position\":4,\"name\":\"K\u00f6gel m\u00f6chte mit Technik und Service \u00fcberzeugen\"}]},{\"@type\":\"WebSite\",\"@id\":\"https:\\\/\\\/www.krafthand.de\\\/truck\\\/#website\",\"url\":\"https:\\\/\\\/www.krafthand.de\\\/truck\\\/\",\"name\":\"Krafthand-Truck\",\"description\":\"\",\"potentialAction\":[{\"@type\":\"SearchAction\",\"target\":{\"@type\":\"EntryPoint\",\"urlTemplate\":\"https:\\\/\\\/www.krafthand.de\\\/truck\\\/?s={search_term_string}\"},\"query-input\":{\"@type\":\"PropertyValueSpecification\",\"valueRequired\":true,\"valueName\":\"search_term_string\"}}],\"inLanguage\":\"de\"},{\"@type\":\"Person\",\"@id\":\"https:\\\/\\\/www.krafthand.de\\\/truck\\\/#\\\/schema\\\/person\\\/5e47d727209575a4b89376746e24f02f\",\"name\":\"Redaktion Truck\",\"image\":{\"@type\":\"ImageObject\",\"inLanguage\":\"de\",\"@id\":\"https:\\\/\\\/secure.gravatar.com\\\/avatar\\\/64cedf5d293ad6eb6600c19e949d032ff0090f240174891ab1517d73ead05c87?s=96&d=mm&r=g\",\"url\":\"https:\\\/\\\/secure.gravatar.com\\\/avatar\\\/64cedf5d293ad6eb6600c19e949d032ff0090f240174891ab1517d73ead05c87?s=96&d=mm&r=g\",\"contentUrl\":\"https:\\\/\\\/secure.gravatar.com\\\/avatar\\\/64cedf5d293ad6eb6600c19e949d032ff0090f240174891ab1517d73ead05c87?s=96&d=mm&r=g\",\"caption\":\"Redaktion Truck\"}}]}<\/script>\n<!-- \/ Yoast SEO plugin. -->","yoast_head_json":{"title":"K\u00f6gel m\u00f6chte mit Technik und Service \u00fcberzeugen I Krafthand-Truck","description":"Die K\u00f6gel Trailer GmbH mit Hauptsitz in Burtenbach bei Ulm wurde 1934 von Franz Xaver K\u00f6gel gegr\u00fcndet und ist heute einer der gr\u00f6\u00dften europ\u00e4ischen Hersteller von Aufliegern und Aufbauten.","robots":{"index":"index","follow":"follow","max-snippet":"max-snippet:-1","max-image-preview":"max-image-preview:large","max-video-preview":"max-video-preview:-1"},"canonical":"https:\/\/www.krafthand.de\/truck\/artikel\/koegel-moechte-mit-technik-und-service-ueberzeugen-32708\/","og_locale":"de_DE","og_type":"article","og_title":"K\u00f6gel m\u00f6chte mit Technik und Service \u00fcberzeugen I Krafthand-Truck","og_description":"Die K\u00f6gel Trailer GmbH mit Hauptsitz in Burtenbach bei Ulm wurde 1934 von Franz Xaver K\u00f6gel gegr\u00fcndet und ist heute einer der gr\u00f6\u00dften europ\u00e4ischen Hersteller von Aufliegern und Aufbauten.","og_url":"https:\/\/www.krafthand-truck.de\/artikel\/koegel-moechte-mit-technik-und-service-ueberzeugen-32708\/","og_site_name":"Krafthand-Truck","article_published_time":"2022-06-22T11:53:51+00:00","article_modified_time":"2022-06-23T10:54:17+00:00","og_image":[{"width":1400,"height":860,"url":"https:\/\/static.krafthand-truck.de\/uploads\/2022\/06\/02_2022_010_1.jpg","type":"image\/jpeg"}],"author":"Redaktion Truck","twitter_card":"summary_large_image","twitter_misc":{"Verfasst von":"Redaktion Truck","Gesch\u00e4tzte Lesezeit":"7\u00a0Minuten"},"schema":{"@context":"https:\/\/schema.org","@graph":[{"@type":"Article","@id":"https:\/\/www.krafthand.de\/truck\/artikel\/koegel-moechte-mit-technik-und-service-ueberzeugen-32708\/#article","isPartOf":{"@id":"https:\/\/www.krafthand.de\/truck\/artikel\/koegel-moechte-mit-technik-und-service-ueberzeugen-32708\/"},"author":{"name":"Redaktion Truck","@id":"https:\/\/www.krafthand.de\/truck\/#\/schema\/person\/5e47d727209575a4b89376746e24f02f"},"headline":"K\u00f6gel m\u00f6chte mit Technik und Service \u00fcberzeugen","datePublished":"2022-06-22T11:53:51+00:00","dateModified":"2022-06-23T10:54:17+00:00","mainEntityOfPage":{"@id":"https:\/\/www.krafthand.de\/truck\/artikel\/koegel-moechte-mit-technik-und-service-ueberzeugen-32708\/"},"wordCount":1109,"image":{"@id":"https:\/\/www.krafthand.de\/truck\/artikel\/koegel-moechte-mit-technik-und-service-ueberzeugen-32708\/#primaryimage"},"thumbnailUrl":"https:\/\/static.krafthand-truck.de\/uploads\/2022\/06\/02_2022_010_1.jpg","keywords":["Anton Bigelmaier","K\u00f6gel","SAF-HOLLAND","Trailer"],"articleSection":["K\u00f6pfe\/Personen","Trailer\/Aufbauten","Unternehmen"],"inLanguage":"de"},{"@type":"WebPage","@id":"https:\/\/www.krafthand.de\/truck\/artikel\/koegel-moechte-mit-technik-und-service-ueberzeugen-32708\/","url":"https:\/\/www.krafthand.de\/truck\/artikel\/koegel-moechte-mit-technik-und-service-ueberzeugen-32708\/","name":"K\u00f6gel m\u00f6chte mit Technik und Service \u00fcberzeugen I Krafthand-Truck","isPartOf":{"@id":"https:\/\/www.krafthand.de\/truck\/#website"},"primaryImageOfPage":{"@id":"https:\/\/www.krafthand.de\/truck\/artikel\/koegel-moechte-mit-technik-und-service-ueberzeugen-32708\/#primaryimage"},"image":{"@id":"https:\/\/www.krafthand.de\/truck\/artikel\/koegel-moechte-mit-technik-und-service-ueberzeugen-32708\/#primaryimage"},"thumbnailUrl":"https:\/\/static.krafthand-truck.de\/uploads\/2022\/06\/02_2022_010_1.jpg","datePublished":"2022-06-22T11:53:51+00:00","dateModified":"2022-06-23T10:54:17+00:00","author":{"@id":"https:\/\/www.krafthand.de\/truck\/#\/schema\/person\/5e47d727209575a4b89376746e24f02f"},"description":"Die K\u00f6gel Trailer GmbH mit Hauptsitz in Burtenbach bei Ulm wurde 1934 von Franz Xaver K\u00f6gel gegr\u00fcndet und ist heute einer der gr\u00f6\u00dften europ\u00e4ischen Hersteller von Aufliegern und Aufbauten.","breadcrumb":{"@id":"https:\/\/www.krafthand.de\/truck\/artikel\/koegel-moechte-mit-technik-und-service-ueberzeugen-32708\/#breadcrumb"},"inLanguage":"de","potentialAction":[{"@type":"ReadAction","target":["https:\/\/www.krafthand.de\/truck\/artikel\/koegel-moechte-mit-technik-und-service-ueberzeugen-32708\/"]}]},{"@type":"ImageObject","inLanguage":"de","@id":"https:\/\/www.krafthand.de\/truck\/artikel\/koegel-moechte-mit-technik-und-service-ueberzeugen-32708\/#primaryimage","url":"https:\/\/static.krafthand-truck.de\/uploads\/2022\/06\/02_2022_010_1.jpg","contentUrl":"https:\/\/static.krafthand-truck.de\/uploads\/2022\/06\/02_2022_010_1.jpg","width":1400,"height":860,"caption":"Mit K\u00f6gel-Originalparts bietet der Burtenbacher Trailerhersteller zus\u00e4tzlich ein eigenes Teilesortiment an. Bilder: K\u00f6gel"},{"@type":"BreadcrumbList","@id":"https:\/\/www.krafthand.de\/truck\/artikel\/koegel-moechte-mit-technik-und-service-ueberzeugen-32708\/#breadcrumb","itemListElement":[{"@type":"ListItem","position":1,"name":"Krafthand-Truck","item":"https:\/\/www.krafthand.de\/truck\/"},{"@type":"ListItem","position":2,"name":"Nfz-Branche","item":"https:\/\/www.krafthand.de\/truck\/kategorie\/branche\/"},{"@type":"ListItem","position":3,"name":"Unternehmen","item":"https:\/\/www.krafthand.de\/truck\/kategorie\/branche\/unternehmen\/"},{"@type":"ListItem","position":4,"name":"K\u00f6gel m\u00f6chte mit Technik und Service \u00fcberzeugen"}]},{"@type":"WebSite","@id":"https:\/\/www.krafthand.de\/truck\/#website","url":"https:\/\/www.krafthand.de\/truck\/","name":"Krafthand-Truck","description":"","potentialAction":[{"@type":"SearchAction","target":{"@type":"EntryPoint","urlTemplate":"https:\/\/www.krafthand.de\/truck\/?s={search_term_string}"},"query-input":{"@type":"PropertyValueSpecification","valueRequired":true,"valueName":"search_term_string"}}],"inLanguage":"de"},{"@type":"Person","@id":"https:\/\/www.krafthand.de\/truck\/#\/schema\/person\/5e47d727209575a4b89376746e24f02f","name":"Redaktion Truck","image":{"@type":"ImageObject","inLanguage":"de","@id":"https:\/\/secure.gravatar.com\/avatar\/64cedf5d293ad6eb6600c19e949d032ff0090f240174891ab1517d73ead05c87?s=96&d=mm&r=g","url":"https:\/\/secure.gravatar.com\/avatar\/64cedf5d293ad6eb6600c19e949d032ff0090f240174891ab1517d73ead05c87?s=96&d=mm&r=g","contentUrl":"https:\/\/secure.gravatar.com\/avatar\/64cedf5d293ad6eb6600c19e949d032ff0090f240174891ab1517d73ead05c87?s=96&d=mm&r=g","caption":"Redaktion Truck"}}]}},"_links":{"self":[{"href":"https:\/\/www.krafthand.de\/truck\/wp-json\/wp\/v2\/posts\/32708","targetHints":{"allow":["GET"]}}],"collection":[{"href":"https:\/\/www.krafthand.de\/truck\/wp-json\/wp\/v2\/posts"}],"about":[{"href":"https:\/\/www.krafthand.de\/truck\/wp-json\/wp\/v2\/types\/post"}],"author":[{"embeddable":true,"href":"https:\/\/www.krafthand.de\/truck\/wp-json\/wp\/v2\/users\/11"}],"replies":[{"embeddable":true,"href":"https:\/\/www.krafthand.de\/truck\/wp-json\/wp\/v2\/comments?post=32708"}],"version-history":[{"count":18,"href":"https:\/\/www.krafthand.de\/truck\/wp-json\/wp\/v2\/posts\/32708\/revisions"}],"predecessor-version":[{"id":32785,"href":"https:\/\/www.krafthand.de\/truck\/wp-json\/wp\/v2\/posts\/32708\/revisions\/32785"}],"wp:featuredmedia":[{"embeddable":true,"href":"https:\/\/www.krafthand.de\/truck\/wp-json\/wp\/v2\/media\/32709"}],"wp:attachment":[{"href":"https:\/\/www.krafthand.de\/truck\/wp-json\/wp\/v2\/media?parent=32708"}],"wp:term":[{"taxonomy":"category","embeddable":true,"href":"https:\/\/www.krafthand.de\/truck\/wp-json\/wp\/v2\/categories?post=32708"},{"taxonomy":"post_tag","embeddable":true,"href":"https:\/\/www.krafthand.de\/truck\/wp-json\/wp\/v2\/tags?post=32708"},{"taxonomy":"settings","embeddable":true,"href":"https:\/\/www.krafthand.de\/truck\/wp-json\/wp\/v2\/settings?post=32708"}],"curies":[{"name":"wp","href":"https:\/\/api.w.org\/{rel}","templated":true}]}}