{"id":3270,"date":"2017-11-23T11:57:09","date_gmt":"2017-11-23T10:57:09","guid":{"rendered":"https:\/\/www.krafthand.de\/truck\/artikel\/nahezu-wartungsfrei-das-adaptive-air-damping-system-von-saf-holland-3270\/"},"modified":"2017-11-23T11:57:09","modified_gmt":"2017-11-23T10:57:09","slug":"nahezu-wartungsfrei-das-adaptive-air-damping-system-von-saf-holland","status":"publish","type":"post","link":"https:\/\/www.krafthand.de\/truck\/artikel\/nahezu-wartungsfrei-das-adaptive-air-damping-system-von-saf-holland-3270\/","title":{"rendered":"Nahezu wartungsfrei das &#8218;Adaptive Air Damping&#8216;-System von SAF-Holland"},"content":{"rendered":"<p class=\"text-colored\">Der Bessenbacher Fahrwerkssystem-Spezialist SAF-Holland hat k\u00fcrzlich ein neuartiges Feder-D\u00e4mpfungssystem vorgestellt. Nach eigenem Bekunden handelt es sich bei der &#8218;SAF Adaptive Air Damping&#8216; genannten Neuentwicklung um eine nahezu wartungsfreie Luftd\u00e4mpfung, welche gleichzeitig die Funktionen der Luftfeder sowie des D\u00e4mpfers \u00fcbernimmt. Den Entwicklern zufolge l\u00e4sst sich das System problemlos in den gewohnten Bauraum aktueller Fahrwerksysteme integrieren und dort an die vorhandenen Standardschnittstellen zwischen Chassis und Funktionslenker adaptieren.<\/p>\n<p>&quot;Mit der &#8218;SAF Adaptive Air Damping&#8216; ben\u00f6tigen Sattelauflieger keine hydraulischen Sto\u00dfd\u00e4mpfer mehr. F\u00e4hrt der Auflieger unbeladen oder nur mit geringer Teillast, wird er nicht \u00fcberd\u00e4mpft, weil sich die D\u00e4mpfung selbstt\u00e4tig dem Beladungszustand anpasst. Das schont nicht nur den Aufbau, sondern auch die Ladung. Au\u00dferdem verhindert es st\u00f6rendes Klappern. F\u00fcr Endkunden zahlt sich \u00fcberdies aus, dass die neue adaptive Luftd\u00e4mpfung reifen- und ladungsschonend ist&quot;, berichtete Alexander Geis, President Region EMEA\/Indien von SAF-Holland, bei der Pr\u00e4sentation.<br \/>\nDie D\u00e4mpfung erfolgt den Entwicklern zufolge \u00fcber zwei Luftfederventile und einen Bypass zwischen dem Rollbalg und dem Tauchkolben. Die Ventile sind im Fahrbetrieb bei Expansion und Kompression, also beim Aus- und Einfedern, aktiv. Bei hochfrequenten Anregungen durch den Stra\u00dfenbelag verhindert die Bypassbohrung ein ungewolltes Aufschwingen. Die Verbindung von Luftfeder und Achslenker ist mit einem modernen Bajonettverschluss versehen, was einerseits eine einfache Montage im Werk gew\u00e4hrleisten und sp\u00e4ter einen ebenso einfachen Austausch in der Werkstatt erm\u00f6glichen soll. Dar\u00fcber hinaus soll die neue &#8218;SAF Adaptive Air Damping&#8216;-Technologie den Leichtbau und damit die Gewichtsoptimierung unterst\u00fctzen: &quot;Pro Achse lassen sich rund sechs Kilogramm Gewicht einsparen, was im Trio 18 Kilogramm mehr Nutzlast bedeutet&quot;, verspricht SAF-Holland.<br \/>\nDen Bessenbacher Entwicklern zufolge eignet sich die neue Luftd\u00e4mpfung besonders f\u00fcr Curtainsider und Cooler. Zus\u00e4tzlich denke man aber auch noch \u00fcber weitere Anwendungen nach, etwa an Auflieger mit hohem Leer- beziehungsweise Lastverh\u00e4ltnis. Da ein Federungsbereich von +\/- 80 Millimeter zur Verf\u00fcgung steht, sollen sich prinzipiell alle Standardfahrh\u00f6hen damit abdecken lassen.<br \/>\nDar\u00fcber hinaus soll die neue Federung auch noch umweltfreundlich sein: Da sie ohne Sto\u00dfd\u00e4mpfer auskommt, kann die D\u00e4mpfung auch kein umweltsch\u00e4dliches D\u00e4mpfer\u00f6l verlieren. SAF-Holland plant, die neue adaptive Luftd\u00e4mpfung 2018 auf den Markt zu bringen.<\/p>\n","protected":false},"excerpt":{"rendered":"<p>Der Bessenbacher Fahrwerkssystem-Spezialist SAF-Holland hat k\u00fcrzlich ein neuartiges Feder-D\u00e4mpfungssystem vorgestellt. Nach eigenem Bekunden handelt es sich bei der &#8218;SAF Adaptive Air Damping&#8216; genannten Neuentwicklung um eine nahezu wartungsfreie Luftd\u00e4mpfung, welche gleichzeitig die Funktionen der Luftfeder sowie des D\u00e4mpfers \u00fcbernimmt. Den Entwicklern zufolge l\u00e4sst sich das System problemlos in den gewohnten Bauraum aktueller Fahrwerksysteme integrieren und dort an die vorhandenen Standardschnittstellen zwischen Chassis und Funktionslenker adaptieren. <span class=\"excerpt-more__dots\">&#8230;<\/span> <a class=\"excerpt-more__link\" href=\"https:\/\/www.krafthand.de\/truck\/artikel\/nahezu-wartungsfrei-das-adaptive-air-damping-system-von-saf-holland-3270\/\" >weiter<\/a><\/p>\n","protected":false},"author":3,"featured_media":3271,"comment_status":"closed","ping_status":"closed","sticky":false,"template":"","format":"standard","meta":{"footnotes":""},"categories":[5],"tags":[1635,3460,3462,3461,590,1959,1111],"settings":[],"class_list":["post-3270","post","type-post","status-publish","format-standard","has-post-thumbnail","hentry","category-branche","tag-achse","tag-adaptive-air-damping","tag-chassis","tag-daempfer","tag-fahrwerk","tag-luftfeder","tag-saf-holland"],"yoast_head":"<!-- This site is optimized with the Yoast SEO plugin v27.3 - https:\/\/yoast.com\/product\/yoast-seo-wordpress\/ -->\n<title>Nahezu wartungsfrei das &#039;Adaptive Air Damping&#039;-System von SAF-Holland - Krafthand-Truck<\/title>\n<meta name=\"robots\" content=\"index, follow, max-snippet:-1, max-image-preview:large, max-video-preview:-1\" \/>\n<link rel=\"canonical\" href=\"https:\/\/www.krafthand.de\/truck\/artikel\/nahezu-wartungsfrei-das-adaptive-air-damping-system-von-saf-holland-3270\/\" \/>\n<meta property=\"og:locale\" content=\"de_DE\" \/>\n<meta property=\"og:type\" content=\"article\" \/>\n<meta property=\"og:title\" content=\"Nahezu wartungsfrei das &#039;Adaptive Air Damping&#039;-System von SAF-Holland - Krafthand-Truck\" \/>\n<meta property=\"og:description\" content=\"Der Bessenbacher Fahrwerkssystem-Spezialist SAF-Holland hat k\u00fcrzlich ein neuartiges Feder-D\u00e4mpfungssystem vorgestellt. Nach eigenem Bekunden handelt es sich bei der &#039;SAF Adaptive Air Damping&#039; genannten Neuentwicklung um eine nahezu wartungsfreie Luftd\u00e4mpfung, welche gleichzeitig die Funktionen der Luftfeder sowie des D\u00e4mpfers \u00fcbernimmt. Den Entwicklern zufolge l\u00e4sst sich das System problemlos in den gewohnten Bauraum aktueller Fahrwerksysteme integrieren und dort an die vorhandenen Standardschnittstellen zwischen Chassis und Funktionslenker adaptieren. ... weiter\" \/>\n<meta property=\"og:url\" content=\"https:\/\/www.krafthand-truck.de\/artikel\/nahezu-wartungsfrei-das-adaptive-air-damping-system-von-saf-holland-3270\/\" \/>\n<meta property=\"og:site_name\" content=\"Krafthand-Truck\" \/>\n<meta property=\"article:published_time\" content=\"2017-11-23T10:57:09+00:00\" \/>\n<meta property=\"og:image\" content=\"https:\/\/www.krafthand.de\/truck\/wp-content\/uploads\/2017\/11\/kht0317_036.jpg\" \/>\n\t<meta property=\"og:image:width\" content=\"1200\" \/>\n\t<meta property=\"og:image:height\" content=\"700\" \/>\n\t<meta property=\"og:image:type\" content=\"image\/jpeg\" \/>\n<meta name=\"author\" content=\"katja.heid@krafthand.de\" \/>\n<meta name=\"twitter:card\" content=\"summary_large_image\" \/>\n<meta name=\"twitter:label1\" content=\"Verfasst von\" \/>\n\t<meta name=\"twitter:data1\" content=\"katja.heid@krafthand.de\" \/>\n\t<meta name=\"twitter:label2\" content=\"Gesch\u00e4tzte Lesezeit\" \/>\n\t<meta name=\"twitter:data2\" content=\"2\u00a0Minuten\" \/>\n<script type=\"application\/ld+json\" class=\"yoast-schema-graph\">{\"@context\":\"https:\\\/\\\/schema.org\",\"@graph\":[{\"@type\":\"Article\",\"@id\":\"https:\\\/\\\/www.krafthand.de\\\/truck\\\/artikel\\\/nahezu-wartungsfrei-das-adaptive-air-damping-system-von-saf-holland-3270\\\/#article\",\"isPartOf\":{\"@id\":\"https:\\\/\\\/www.krafthand.de\\\/truck\\\/artikel\\\/nahezu-wartungsfrei-das-adaptive-air-damping-system-von-saf-holland-3270\\\/\"},\"author\":{\"name\":\"katja.heid@krafthand.de\",\"@id\":\"https:\\\/\\\/www.krafthand.de\\\/truck\\\/#\\\/schema\\\/person\\\/8e290c6d425b72d176adc7767a251001\"},\"headline\":\"Nahezu wartungsfrei das &#8218;Adaptive Air Damping&#8216;-System von SAF-Holland\",\"datePublished\":\"2017-11-23T10:57:09+00:00\",\"mainEntityOfPage\":{\"@id\":\"https:\\\/\\\/www.krafthand.de\\\/truck\\\/artikel\\\/nahezu-wartungsfrei-das-adaptive-air-damping-system-von-saf-holland-3270\\\/\"},\"wordCount\":387,\"image\":{\"@id\":\"https:\\\/\\\/www.krafthand.de\\\/truck\\\/artikel\\\/nahezu-wartungsfrei-das-adaptive-air-damping-system-von-saf-holland-3270\\\/#primaryimage\"},\"thumbnailUrl\":\"https:\\\/\\\/static.krafthand-truck.de\\\/uploads\\\/2017\\\/11\\\/kht0317_036.jpg\",\"keywords\":[\"Achse\",\"Adaptive Air Damping\",\"Chassis\",\"D\u00e4mpfer\",\"Fahrwerk\",\"Luftfeder\",\"SAF-HOLLAND\"],\"articleSection\":[\"Nfz-Branche\"],\"inLanguage\":\"de\"},{\"@type\":\"WebPage\",\"@id\":\"https:\\\/\\\/www.krafthand.de\\\/truck\\\/artikel\\\/nahezu-wartungsfrei-das-adaptive-air-damping-system-von-saf-holland-3270\\\/\",\"url\":\"https:\\\/\\\/www.krafthand.de\\\/truck\\\/artikel\\\/nahezu-wartungsfrei-das-adaptive-air-damping-system-von-saf-holland-3270\\\/\",\"name\":\"Nahezu wartungsfrei das 'Adaptive Air Damping'-System von SAF-Holland - Krafthand-Truck\",\"isPartOf\":{\"@id\":\"https:\\\/\\\/www.krafthand.de\\\/truck\\\/#website\"},\"primaryImageOfPage\":{\"@id\":\"https:\\\/\\\/www.krafthand.de\\\/truck\\\/artikel\\\/nahezu-wartungsfrei-das-adaptive-air-damping-system-von-saf-holland-3270\\\/#primaryimage\"},\"image\":{\"@id\":\"https:\\\/\\\/www.krafthand.de\\\/truck\\\/artikel\\\/nahezu-wartungsfrei-das-adaptive-air-damping-system-von-saf-holland-3270\\\/#primaryimage\"},\"thumbnailUrl\":\"https:\\\/\\\/static.krafthand-truck.de\\\/uploads\\\/2017\\\/11\\\/kht0317_036.jpg\",\"datePublished\":\"2017-11-23T10:57:09+00:00\",\"author\":{\"@id\":\"https:\\\/\\\/www.krafthand.de\\\/truck\\\/#\\\/schema\\\/person\\\/8e290c6d425b72d176adc7767a251001\"},\"breadcrumb\":{\"@id\":\"https:\\\/\\\/www.krafthand.de\\\/truck\\\/artikel\\\/nahezu-wartungsfrei-das-adaptive-air-damping-system-von-saf-holland-3270\\\/#breadcrumb\"},\"inLanguage\":\"de\",\"potentialAction\":[{\"@type\":\"ReadAction\",\"target\":[\"https:\\\/\\\/www.krafthand.de\\\/truck\\\/artikel\\\/nahezu-wartungsfrei-das-adaptive-air-damping-system-von-saf-holland-3270\\\/\"]}]},{\"@type\":\"ImageObject\",\"inLanguage\":\"de\",\"@id\":\"https:\\\/\\\/www.krafthand.de\\\/truck\\\/artikel\\\/nahezu-wartungsfrei-das-adaptive-air-damping-system-von-saf-holland-3270\\\/#primaryimage\",\"url\":\"https:\\\/\\\/static.krafthand-truck.de\\\/uploads\\\/2017\\\/11\\\/kht0317_036.jpg\",\"contentUrl\":\"https:\\\/\\\/static.krafthand-truck.de\\\/uploads\\\/2017\\\/11\\\/kht0317_036.jpg\",\"width\":1200,\"height\":700,\"caption\":\"Sanft zu Aufbau und Ladung: Das \u201aAdaptive Air Damping\u2019- System von SAF-Holland kombiniert die Funktionen von Luftfeder und D\u00e4mpfer und ist nahezu wartungsfrei. Zudem spart sie pro Achse sechs Kilogramm Gewicht, was im Trio 18 Kilogramm mehr Nutzlast bedeutet. Bild: SAF-Holland\"},{\"@type\":\"BreadcrumbList\",\"@id\":\"https:\\\/\\\/www.krafthand.de\\\/truck\\\/artikel\\\/nahezu-wartungsfrei-das-adaptive-air-damping-system-von-saf-holland-3270\\\/#breadcrumb\",\"itemListElement\":[{\"@type\":\"ListItem\",\"position\":1,\"name\":\"Krafthand-Truck\",\"item\":\"https:\\\/\\\/www.krafthand.de\\\/truck\\\/\"},{\"@type\":\"ListItem\",\"position\":2,\"name\":\"Nfz-Branche\",\"item\":\"https:\\\/\\\/www.krafthand.de\\\/truck\\\/kategorie\\\/branche\\\/\"},{\"@type\":\"ListItem\",\"position\":3,\"name\":\"Nahezu wartungsfrei das &#8218;Adaptive Air Damping&#8216;-System von SAF-Holland\"}]},{\"@type\":\"WebSite\",\"@id\":\"https:\\\/\\\/www.krafthand.de\\\/truck\\\/#website\",\"url\":\"https:\\\/\\\/www.krafthand.de\\\/truck\\\/\",\"name\":\"Krafthand-Truck\",\"description\":\"\",\"potentialAction\":[{\"@type\":\"SearchAction\",\"target\":{\"@type\":\"EntryPoint\",\"urlTemplate\":\"https:\\\/\\\/www.krafthand.de\\\/truck\\\/?s={search_term_string}\"},\"query-input\":{\"@type\":\"PropertyValueSpecification\",\"valueRequired\":true,\"valueName\":\"search_term_string\"}}],\"inLanguage\":\"de\"},{\"@type\":\"Person\",\"@id\":\"https:\\\/\\\/www.krafthand.de\\\/truck\\\/#\\\/schema\\\/person\\\/8e290c6d425b72d176adc7767a251001\",\"name\":\"katja.heid@krafthand.de\",\"image\":{\"@type\":\"ImageObject\",\"inLanguage\":\"de\",\"@id\":\"https:\\\/\\\/secure.gravatar.com\\\/avatar\\\/9a2930c54ede0e0a76c0f8abfb74704de273084f2aa0e3c6deb2c86704c7402b?s=96&d=mm&r=g\",\"url\":\"https:\\\/\\\/secure.gravatar.com\\\/avatar\\\/9a2930c54ede0e0a76c0f8abfb74704de273084f2aa0e3c6deb2c86704c7402b?s=96&d=mm&r=g\",\"contentUrl\":\"https:\\\/\\\/secure.gravatar.com\\\/avatar\\\/9a2930c54ede0e0a76c0f8abfb74704de273084f2aa0e3c6deb2c86704c7402b?s=96&d=mm&r=g\",\"caption\":\"katja.heid@krafthand.de\"}}]}<\/script>\n<!-- \/ Yoast SEO plugin. -->","yoast_head_json":{"title":"Nahezu wartungsfrei das 'Adaptive Air Damping'-System von SAF-Holland - Krafthand-Truck","robots":{"index":"index","follow":"follow","max-snippet":"max-snippet:-1","max-image-preview":"max-image-preview:large","max-video-preview":"max-video-preview:-1"},"canonical":"https:\/\/www.krafthand.de\/truck\/artikel\/nahezu-wartungsfrei-das-adaptive-air-damping-system-von-saf-holland-3270\/","og_locale":"de_DE","og_type":"article","og_title":"Nahezu wartungsfrei das 'Adaptive Air Damping'-System von SAF-Holland - Krafthand-Truck","og_description":"Der Bessenbacher Fahrwerkssystem-Spezialist SAF-Holland hat k\u00fcrzlich ein neuartiges Feder-D\u00e4mpfungssystem vorgestellt. Nach eigenem Bekunden handelt es sich bei der 'SAF Adaptive Air Damping' genannten Neuentwicklung um eine nahezu wartungsfreie Luftd\u00e4mpfung, welche gleichzeitig die Funktionen der Luftfeder sowie des D\u00e4mpfers \u00fcbernimmt. Den Entwicklern zufolge l\u00e4sst sich das System problemlos in den gewohnten Bauraum aktueller Fahrwerksysteme integrieren und dort an die vorhandenen Standardschnittstellen zwischen Chassis und Funktionslenker adaptieren. ... weiter","og_url":"https:\/\/www.krafthand-truck.de\/artikel\/nahezu-wartungsfrei-das-adaptive-air-damping-system-von-saf-holland-3270\/","og_site_name":"Krafthand-Truck","article_published_time":"2017-11-23T10:57:09+00:00","og_image":[{"width":1200,"height":700,"url":"https:\/\/www.krafthand.de\/truck\/wp-content\/uploads\/2017\/11\/kht0317_036.jpg","type":"image\/jpeg"}],"author":"katja.heid@krafthand.de","twitter_card":"summary_large_image","twitter_misc":{"Verfasst von":"katja.heid@krafthand.de","Gesch\u00e4tzte Lesezeit":"2\u00a0Minuten"},"schema":{"@context":"https:\/\/schema.org","@graph":[{"@type":"Article","@id":"https:\/\/www.krafthand.de\/truck\/artikel\/nahezu-wartungsfrei-das-adaptive-air-damping-system-von-saf-holland-3270\/#article","isPartOf":{"@id":"https:\/\/www.krafthand.de\/truck\/artikel\/nahezu-wartungsfrei-das-adaptive-air-damping-system-von-saf-holland-3270\/"},"author":{"name":"katja.heid@krafthand.de","@id":"https:\/\/www.krafthand.de\/truck\/#\/schema\/person\/8e290c6d425b72d176adc7767a251001"},"headline":"Nahezu wartungsfrei das &#8218;Adaptive Air Damping&#8216;-System von SAF-Holland","datePublished":"2017-11-23T10:57:09+00:00","mainEntityOfPage":{"@id":"https:\/\/www.krafthand.de\/truck\/artikel\/nahezu-wartungsfrei-das-adaptive-air-damping-system-von-saf-holland-3270\/"},"wordCount":387,"image":{"@id":"https:\/\/www.krafthand.de\/truck\/artikel\/nahezu-wartungsfrei-das-adaptive-air-damping-system-von-saf-holland-3270\/#primaryimage"},"thumbnailUrl":"https:\/\/static.krafthand-truck.de\/uploads\/2017\/11\/kht0317_036.jpg","keywords":["Achse","Adaptive Air Damping","Chassis","D\u00e4mpfer","Fahrwerk","Luftfeder","SAF-HOLLAND"],"articleSection":["Nfz-Branche"],"inLanguage":"de"},{"@type":"WebPage","@id":"https:\/\/www.krafthand.de\/truck\/artikel\/nahezu-wartungsfrei-das-adaptive-air-damping-system-von-saf-holland-3270\/","url":"https:\/\/www.krafthand.de\/truck\/artikel\/nahezu-wartungsfrei-das-adaptive-air-damping-system-von-saf-holland-3270\/","name":"Nahezu wartungsfrei das 'Adaptive Air Damping'-System von SAF-Holland - Krafthand-Truck","isPartOf":{"@id":"https:\/\/www.krafthand.de\/truck\/#website"},"primaryImageOfPage":{"@id":"https:\/\/www.krafthand.de\/truck\/artikel\/nahezu-wartungsfrei-das-adaptive-air-damping-system-von-saf-holland-3270\/#primaryimage"},"image":{"@id":"https:\/\/www.krafthand.de\/truck\/artikel\/nahezu-wartungsfrei-das-adaptive-air-damping-system-von-saf-holland-3270\/#primaryimage"},"thumbnailUrl":"https:\/\/static.krafthand-truck.de\/uploads\/2017\/11\/kht0317_036.jpg","datePublished":"2017-11-23T10:57:09+00:00","author":{"@id":"https:\/\/www.krafthand.de\/truck\/#\/schema\/person\/8e290c6d425b72d176adc7767a251001"},"breadcrumb":{"@id":"https:\/\/www.krafthand.de\/truck\/artikel\/nahezu-wartungsfrei-das-adaptive-air-damping-system-von-saf-holland-3270\/#breadcrumb"},"inLanguage":"de","potentialAction":[{"@type":"ReadAction","target":["https:\/\/www.krafthand.de\/truck\/artikel\/nahezu-wartungsfrei-das-adaptive-air-damping-system-von-saf-holland-3270\/"]}]},{"@type":"ImageObject","inLanguage":"de","@id":"https:\/\/www.krafthand.de\/truck\/artikel\/nahezu-wartungsfrei-das-adaptive-air-damping-system-von-saf-holland-3270\/#primaryimage","url":"https:\/\/static.krafthand-truck.de\/uploads\/2017\/11\/kht0317_036.jpg","contentUrl":"https:\/\/static.krafthand-truck.de\/uploads\/2017\/11\/kht0317_036.jpg","width":1200,"height":700,"caption":"Sanft zu Aufbau und Ladung: Das \u201aAdaptive Air Damping\u2019- System von SAF-Holland kombiniert die Funktionen von Luftfeder und D\u00e4mpfer und ist nahezu wartungsfrei. Zudem spart sie pro Achse sechs Kilogramm Gewicht, was im Trio 18 Kilogramm mehr Nutzlast bedeutet. Bild: SAF-Holland"},{"@type":"BreadcrumbList","@id":"https:\/\/www.krafthand.de\/truck\/artikel\/nahezu-wartungsfrei-das-adaptive-air-damping-system-von-saf-holland-3270\/#breadcrumb","itemListElement":[{"@type":"ListItem","position":1,"name":"Krafthand-Truck","item":"https:\/\/www.krafthand.de\/truck\/"},{"@type":"ListItem","position":2,"name":"Nfz-Branche","item":"https:\/\/www.krafthand.de\/truck\/kategorie\/branche\/"},{"@type":"ListItem","position":3,"name":"Nahezu wartungsfrei das &#8218;Adaptive Air Damping&#8216;-System von SAF-Holland"}]},{"@type":"WebSite","@id":"https:\/\/www.krafthand.de\/truck\/#website","url":"https:\/\/www.krafthand.de\/truck\/","name":"Krafthand-Truck","description":"","potentialAction":[{"@type":"SearchAction","target":{"@type":"EntryPoint","urlTemplate":"https:\/\/www.krafthand.de\/truck\/?s={search_term_string}"},"query-input":{"@type":"PropertyValueSpecification","valueRequired":true,"valueName":"search_term_string"}}],"inLanguage":"de"},{"@type":"Person","@id":"https:\/\/www.krafthand.de\/truck\/#\/schema\/person\/8e290c6d425b72d176adc7767a251001","name":"katja.heid@krafthand.de","image":{"@type":"ImageObject","inLanguage":"de","@id":"https:\/\/secure.gravatar.com\/avatar\/9a2930c54ede0e0a76c0f8abfb74704de273084f2aa0e3c6deb2c86704c7402b?s=96&d=mm&r=g","url":"https:\/\/secure.gravatar.com\/avatar\/9a2930c54ede0e0a76c0f8abfb74704de273084f2aa0e3c6deb2c86704c7402b?s=96&d=mm&r=g","contentUrl":"https:\/\/secure.gravatar.com\/avatar\/9a2930c54ede0e0a76c0f8abfb74704de273084f2aa0e3c6deb2c86704c7402b?s=96&d=mm&r=g","caption":"katja.heid@krafthand.de"}}]}},"_links":{"self":[{"href":"https:\/\/www.krafthand.de\/truck\/wp-json\/wp\/v2\/posts\/3270","targetHints":{"allow":["GET"]}}],"collection":[{"href":"https:\/\/www.krafthand.de\/truck\/wp-json\/wp\/v2\/posts"}],"about":[{"href":"https:\/\/www.krafthand.de\/truck\/wp-json\/wp\/v2\/types\/post"}],"author":[{"embeddable":true,"href":"https:\/\/www.krafthand.de\/truck\/wp-json\/wp\/v2\/users\/3"}],"replies":[{"embeddable":true,"href":"https:\/\/www.krafthand.de\/truck\/wp-json\/wp\/v2\/comments?post=3270"}],"version-history":[{"count":0,"href":"https:\/\/www.krafthand.de\/truck\/wp-json\/wp\/v2\/posts\/3270\/revisions"}],"wp:featuredmedia":[{"embeddable":true,"href":"https:\/\/www.krafthand.de\/truck\/wp-json\/wp\/v2\/media\/3271"}],"wp:attachment":[{"href":"https:\/\/www.krafthand.de\/truck\/wp-json\/wp\/v2\/media?parent=3270"}],"wp:term":[{"taxonomy":"category","embeddable":true,"href":"https:\/\/www.krafthand.de\/truck\/wp-json\/wp\/v2\/categories?post=3270"},{"taxonomy":"post_tag","embeddable":true,"href":"https:\/\/www.krafthand.de\/truck\/wp-json\/wp\/v2\/tags?post=3270"},{"taxonomy":"settings","embeddable":true,"href":"https:\/\/www.krafthand.de\/truck\/wp-json\/wp\/v2\/settings?post=3270"}],"curies":[{"name":"wp","href":"https:\/\/api.w.org\/{rel}","templated":true}]}}