{"id":32688,"date":"2022-06-28T11:56:17","date_gmt":"2022-06-28T09:56:17","guid":{"rendered":"https:\/\/www.krafthand.de\/truck\/?p=32688"},"modified":"2022-06-28T08:00:55","modified_gmt":"2022-06-28T06:00:55","slug":"truck-grand-prix-nuerburgring-2022","status":"publish","type":"post","link":"https:\/\/www.krafthand.de\/truck\/artikel\/truck-grand-prix-nuerburgring-2022-32688\/","title":{"rendered":"Truck-Grand-Prix \u2013 N\u00fcrburgring 2022"},"content":{"rendered":"<p>Nach zwei Jahren Pause gehen vom 15. bis 17. Juli beim ADAC-Truck-Grand-Prix auf dem N\u00fcrburgring wieder die Race-Trucks an den Start. Die Fans erwartet ein vielf\u00e4ltiges Rahmenprogramm mit einigen Neuerungen, wie beispielsweise ein Truck-Symposium und eine Jobmesse. Im Vordergrund steht packender Motorsport. Hinzu kommen ein offenes Fahrerlager, ein Country-Festival, ein Truck-Camp und die gr\u00f6\u00dfte Industriemesse der Nutzfahrzeugbranche.<\/p>\n<p>Im Mittelpunkt des sportlichen Teils stehen die L\u00e4ufe der Goodyear FIA European Truck Racing Championship, bei denen sich Top-Piloten wie Jochen Hahn, Sascha Lenz und Norbert Kiss auf dem Eifel-Rundkurs einen spannenden Schlagabtausch um wertvolle EM-Punkte liefern.<\/p>\n<p>Der Internationale ADAC Truck-Grand-Prix ist eines von acht Rennen der Goodyear FIA European Truck Racing Championship und bildet den Saisonh\u00f6hepunkt der Serie.<\/p>\n<p>Erstmals mit dabei sind in diesem Jahr auch Race Trucks der franz\u00f6sischen Meisterschaft (FFSA Championnat de France Camions), die beim Rahmenrennen Mittelrhein Cup an den Start gehen. Eine Premiere feiert auch die neue Serie f\u00fcr LMP3 und Sport-Prototypen in Deutschland, Prototype Cup Germany. Der ADAC hat sich die Exklusivrechte an dem Sprintrennen dieser Serie f\u00fcr Deutschland vom Rechtehalter Automobile Club de l\u2019Ouest (ACO), dem Veranstalter der 24h von Le Mans, gesichert.<\/p>\n<figure id=\"attachment_32690\" aria-describedby=\"caption-attachment-32690\" style=\"width: 1400px\" class=\"wp-caption alignnone\"><img fetchpriority=\"high\" decoding=\"async\" class=\"size-full wp-image-32690\" src=\"https:\/\/static.krafthand-truck.de\/uploads\/2022\/06\/02_2022_014_2.jpg\" alt=\"T-Sport-Bernau Cheftechniker Timothy Frost bei Arbeiten an der Bremse des Renntrucks\" width=\"1400\" height=\"976\" srcset=\"https:\/\/static.krafthand-truck.de\/uploads\/2022\/06\/02_2022_014_2.jpg 1400w, https:\/\/static.krafthand-truck.de\/uploads\/2022\/06\/02_2022_014_2-300x209.jpg 300w, https:\/\/static.krafthand-truck.de\/uploads\/2022\/06\/02_2022_014_2-1024x714.jpg 1024w, https:\/\/static.krafthand-truck.de\/uploads\/2022\/06\/02_2022_014_2-768x535.jpg 768w, https:\/\/static.krafthand-truck.de\/uploads\/2022\/06\/02_2022_014_2-1320x920.jpg 1320w\" sizes=\"(max-width: 1400px) 100vw, 1400px\" \/><figcaption id=\"caption-attachment-32690\" class=\"wp-caption-text\">Vorbereitung ist alles: T-Sport-Bernau Cheftechniker Timothy Frost bei Arbeiten an der Bremse des Renntrucks. Als Partner unterst\u00fctzen BPW und PE Automotive das Team rund um den spanischen Fahrer Antonio Albacete bei den Rennen der Goodyear FIA European Truck Racing Championship (ETRC). Bild: T Sport Bernau<\/figcaption><\/figure>\n<blockquote><p>\u201eWir freuen uns sehr, dass es nach zwei Jahren Pause endlich wieder los geht. Der diesj\u00e4hrige Truck-Grand-Prix mit Goodyear FIA European Truck Racing Championship, Mittelrhein Cup und Prototype Cup Germany l\u00e4sst die Motorsport-Herzen h\u00f6herschlagen. Dazu haben wir ein umfangreiches Rahmenprogramm auf die Beine gestellt\u201c, blickt Marc Hennerici, Gesch\u00e4ftsf\u00fchrer vom Ausrichter ADAC Travel &amp; Event Mittelrhein GmbH, voraus.<\/p><\/blockquote>\n<p>Bereits am Freitag, 15. Juli finden mit dem ADAC\/T\u00dcV Rheinland Truck-Symposium und dem Goodyear FIA ETRC-Innovation-Talk zwei hochkar\u00e4tig besetzte Expertengespr\u00e4che statt. Es geht um die Herausforderungen f\u00fcr den G\u00fcterverkehr und die Logistik sowie um die Goodyear FIA-ETRC-Plattform f\u00fcr nachhaltige Technologien im Transport- &amp; Nutzfahrzeugsektor.<\/p>\n<p>Dem Thema Fachkr\u00e4ftemangel Berufskraftfahrer widmet sich erstmalig auch eine Jobmesse, welche Berufsinteressierte mit zuk\u00fcnftigen Arbeitgebern zusammenbringt. Die Veranstaltung im Ring-Boulevard ist frei zug\u00e4nglich. Zus\u00e4tzlich findet im Messepark die gr\u00f6\u00dfte Industriemesse der Nutzfahrzeugbranche statt. Auf rund 10.000 Quadratmetern pr\u00e4sentieren sich die wichtigsten europ\u00e4ischen Lkw-Hersteller, Zulieferer und Spediteure.<\/p>\n<p>Tickets und weitere Informationen gibt es unter <a href=\"https:\/\/truck-grand-prix.de\/\" target=\"_blank\" rel=\"noopener\">www.truck-grand-prix.de<\/a>. Dabei k\u00f6nnen zwischen verschiedenen Ticket-Kategorien gew\u00e4hlt werden. Tickets, die f\u00fcr 2020 und 2021 gekauft wurden, behalten ihre G\u00fcltigkeit.<\/p>\n<p><i>Den Beitrag finden Sie auch in der Print-Ausgabe 2\/22 der <a href=\"https:\/\/www.krafthand.de\/truck\/magazin\/\" title=\"Zum Magazin\">Krafthand-Truck<\/a>.<\/i><\/p>\r\n\t\t\t\t<div class=\"post-author\">\r\n\t\t\t\t\t<div class=\"khm-cp-author clearfix\">\r\n\t\t\t\t\t\t<div class=\"khm-cp-author__content\">\r\n\t\t\t\t\t\t\t\tKontakt zum Autor:<br \/>\r\n\t\t\t\t\t\t\t\t<strong>Georg Blenk<\/strong>, 08247 \/ 3007-45 |  <a href=\"mailto:georg.blenk@krafthand-medien.de\">georg.blenk@krafthand-medien.de<\/a>\r\n\t\t\t\t\t\t\t<div class=\"khm-cp-author__image\">\r\n\t\t\t\t\t\t<img src=\"https:\/\/static.krafthand-truck.de\/uploads\/2021\/01\/Blenk_6104-250x300-1-removebg-preview.png\" class=\"img-responsive\">\r\n\t\t\t\t\t<\/div>\r\n\t\t\t\t\t\t<\/div>\r\n\t\t\t\t\t<\/div>\r\n\t\t\t\t<\/div>\r\n\t\t\t\t","protected":false},"excerpt":{"rendered":"<p>Nach zwei Jahren Pause gehen vom 15. bis 17. Juli beim ADAC-Truck-Grand-Prix auf dem N\u00fcrburgring wieder die Race-Trucks an den Start. Die Fans erwartet ein vielf\u00e4ltiges Rahmenprogramm mit einigen Neuerungen, wie beispielsweise ein Truck-Symposium und eine Jobmesse. Im Vordergrund steht packender Motorsport. <span class=\"excerpt-more__dots\">&#8230;<\/span> <a class=\"excerpt-more__link\" href=\"https:\/\/www.krafthand.de\/truck\/artikel\/truck-grand-prix-nuerburgring-2022-32688\/\" >weiter<\/a><\/p>\n","protected":false},"author":9,"featured_media":32689,"comment_status":"closed","ping_status":"closed","sticky":false,"template":"","format":"standard","meta":{"footnotes":""},"categories":[4236],"tags":[2093,1587,145],"settings":[3524,3523],"class_list":["post-32688","post","type-post","status-publish","format-standard","has-post-thumbnail","hentry","category-veranstaltungen","tag-adac","tag-adac-truck-grand-prix","tag-truck-grand-prix"],"yoast_head":"<!-- This site is optimized with the Yoast SEO plugin v27.3 - https:\/\/yoast.com\/product\/yoast-seo-wordpress\/ -->\n<title>Goodyear FIA European Truck Racing Championship I N\u00fcrburgring 2022<\/title>\n<meta name=\"description\" content=\"Nach zwei Jahren Pause gehen vom 15. bis 17. Juli beim ADAC-Truck-Grand-Prix auf dem N\u00fcrburgring wieder die Race-Trucks an den Start.\" \/>\n<meta name=\"robots\" content=\"index, follow, max-snippet:-1, max-image-preview:large, max-video-preview:-1\" \/>\n<link rel=\"canonical\" href=\"https:\/\/www.krafthand.de\/truck\/artikel\/truck-grand-prix-nuerburgring-2022-32688\/\" \/>\n<meta property=\"og:locale\" content=\"de_DE\" \/>\n<meta property=\"og:type\" content=\"article\" \/>\n<meta property=\"og:title\" content=\"Goodyear FIA European Truck Racing Championship I N\u00fcrburgring 2022\" \/>\n<meta property=\"og:description\" content=\"Nach zwei Jahren Pause gehen vom 15. bis 17. Juli beim ADAC-Truck-Grand-Prix auf dem N\u00fcrburgring wieder die Race-Trucks an den Start.\" \/>\n<meta property=\"og:url\" content=\"https:\/\/www.krafthand-truck.de\/artikel\/truck-grand-prix-nuerburgring-2022-32688\/\" \/>\n<meta property=\"og:site_name\" content=\"Krafthand-Truck\" \/>\n<meta property=\"article:published_time\" content=\"2022-06-28T09:56:17+00:00\" \/>\n<meta property=\"og:image\" content=\"https:\/\/static.krafthand-truck.de\/uploads\/2022\/06\/02_2022_014_1.jpg\" \/>\n\t<meta property=\"og:image:width\" content=\"1400\" \/>\n\t<meta property=\"og:image:height\" content=\"727\" \/>\n\t<meta property=\"og:image:type\" content=\"image\/jpeg\" \/>\n<meta name=\"author\" content=\"georg.blenk@krafthand-medien.de\" \/>\n<meta name=\"twitter:card\" content=\"summary_large_image\" \/>\n<meta name=\"twitter:label1\" content=\"Verfasst von\" \/>\n\t<meta name=\"twitter:data1\" content=\"georg.blenk@krafthand-medien.de\" \/>\n\t<meta name=\"twitter:label2\" content=\"Gesch\u00e4tzte Lesezeit\" \/>\n\t<meta name=\"twitter:data2\" content=\"2\u00a0Minuten\" \/>\n<script type=\"application\/ld+json\" class=\"yoast-schema-graph\">{\"@context\":\"https:\\\/\\\/schema.org\",\"@graph\":[{\"@type\":\"Article\",\"@id\":\"https:\\\/\\\/www.krafthand.de\\\/truck\\\/artikel\\\/truck-grand-prix-nuerburgring-2022-32688\\\/#article\",\"isPartOf\":{\"@id\":\"https:\\\/\\\/www.krafthand.de\\\/truck\\\/artikel\\\/truck-grand-prix-nuerburgring-2022-32688\\\/\"},\"author\":{\"name\":\"georg.blenk@krafthand-medien.de\",\"@id\":\"https:\\\/\\\/www.krafthand.de\\\/truck\\\/#\\\/schema\\\/person\\\/51fa80b1c57034c4bf63f9f988fc24ce\"},\"headline\":\"Truck-Grand-Prix \u2013 N\u00fcrburgring 2022\",\"datePublished\":\"2022-06-28T09:56:17+00:00\",\"mainEntityOfPage\":{\"@id\":\"https:\\\/\\\/www.krafthand.de\\\/truck\\\/artikel\\\/truck-grand-prix-nuerburgring-2022-32688\\\/\"},\"wordCount\":444,\"image\":{\"@id\":\"https:\\\/\\\/www.krafthand.de\\\/truck\\\/artikel\\\/truck-grand-prix-nuerburgring-2022-32688\\\/#primaryimage\"},\"thumbnailUrl\":\"https:\\\/\\\/static.krafthand-truck.de\\\/uploads\\\/2022\\\/06\\\/02_2022_014_1.jpg\",\"keywords\":[\"ADAC\",\"ADAC-Truck-Grand-Prix\",\"Truck-Grand-Prix\"],\"articleSection\":[\"Veranstaltungen\\\/Messen\"],\"inLanguage\":\"de\"},{\"@type\":\"WebPage\",\"@id\":\"https:\\\/\\\/www.krafthand.de\\\/truck\\\/artikel\\\/truck-grand-prix-nuerburgring-2022-32688\\\/\",\"url\":\"https:\\\/\\\/www.krafthand.de\\\/truck\\\/artikel\\\/truck-grand-prix-nuerburgring-2022-32688\\\/\",\"name\":\"Goodyear FIA European Truck Racing Championship I N\u00fcrburgring 2022\",\"isPartOf\":{\"@id\":\"https:\\\/\\\/www.krafthand.de\\\/truck\\\/#website\"},\"primaryImageOfPage\":{\"@id\":\"https:\\\/\\\/www.krafthand.de\\\/truck\\\/artikel\\\/truck-grand-prix-nuerburgring-2022-32688\\\/#primaryimage\"},\"image\":{\"@id\":\"https:\\\/\\\/www.krafthand.de\\\/truck\\\/artikel\\\/truck-grand-prix-nuerburgring-2022-32688\\\/#primaryimage\"},\"thumbnailUrl\":\"https:\\\/\\\/static.krafthand-truck.de\\\/uploads\\\/2022\\\/06\\\/02_2022_014_1.jpg\",\"datePublished\":\"2022-06-28T09:56:17+00:00\",\"author\":{\"@id\":\"https:\\\/\\\/www.krafthand.de\\\/truck\\\/#\\\/schema\\\/person\\\/51fa80b1c57034c4bf63f9f988fc24ce\"},\"description\":\"Nach zwei Jahren Pause gehen vom 15. bis 17. Juli beim ADAC-Truck-Grand-Prix auf dem N\u00fcrburgring wieder die Race-Trucks an den Start.\",\"breadcrumb\":{\"@id\":\"https:\\\/\\\/www.krafthand.de\\\/truck\\\/artikel\\\/truck-grand-prix-nuerburgring-2022-32688\\\/#breadcrumb\"},\"inLanguage\":\"de\",\"potentialAction\":[{\"@type\":\"ReadAction\",\"target\":[\"https:\\\/\\\/www.krafthand.de\\\/truck\\\/artikel\\\/truck-grand-prix-nuerburgring-2022-32688\\\/\"]}]},{\"@type\":\"ImageObject\",\"inLanguage\":\"de\",\"@id\":\"https:\\\/\\\/www.krafthand.de\\\/truck\\\/artikel\\\/truck-grand-prix-nuerburgring-2022-32688\\\/#primaryimage\",\"url\":\"https:\\\/\\\/static.krafthand-truck.de\\\/uploads\\\/2022\\\/06\\\/02_2022_014_1.jpg\",\"contentUrl\":\"https:\\\/\\\/static.krafthand-truck.de\\\/uploads\\\/2022\\\/06\\\/02_2022_014_1.jpg\",\"width\":1400,\"height\":727,\"caption\":\"Spannende Rennaction auf dem N\u00fcrburgring \u2013 der ADAC Truck-Grand-Prix im Rahmen der FIA European Truck Racing Championship (ETRC). Bild: ADAC\"},{\"@type\":\"BreadcrumbList\",\"@id\":\"https:\\\/\\\/www.krafthand.de\\\/truck\\\/artikel\\\/truck-grand-prix-nuerburgring-2022-32688\\\/#breadcrumb\",\"itemListElement\":[{\"@type\":\"ListItem\",\"position\":1,\"name\":\"Krafthand-Truck\",\"item\":\"https:\\\/\\\/www.krafthand.de\\\/truck\\\/\"},{\"@type\":\"ListItem\",\"position\":2,\"name\":\"Nfz-Branche\",\"item\":\"https:\\\/\\\/www.krafthand.de\\\/truck\\\/kategorie\\\/branche\\\/\"},{\"@type\":\"ListItem\",\"position\":3,\"name\":\"Veranstaltungen\\\/Messen\",\"item\":\"https:\\\/\\\/www.krafthand.de\\\/truck\\\/kategorie\\\/branche\\\/veranstaltungen\\\/\"},{\"@type\":\"ListItem\",\"position\":4,\"name\":\"Truck-Grand-Prix \u2013 N\u00fcrburgring 2022\"}]},{\"@type\":\"WebSite\",\"@id\":\"https:\\\/\\\/www.krafthand.de\\\/truck\\\/#website\",\"url\":\"https:\\\/\\\/www.krafthand.de\\\/truck\\\/\",\"name\":\"Krafthand-Truck\",\"description\":\"\",\"potentialAction\":[{\"@type\":\"SearchAction\",\"target\":{\"@type\":\"EntryPoint\",\"urlTemplate\":\"https:\\\/\\\/www.krafthand.de\\\/truck\\\/?s={search_term_string}\"},\"query-input\":{\"@type\":\"PropertyValueSpecification\",\"valueRequired\":true,\"valueName\":\"search_term_string\"}}],\"inLanguage\":\"de\"},{\"@type\":\"Person\",\"@id\":\"https:\\\/\\\/www.krafthand.de\\\/truck\\\/#\\\/schema\\\/person\\\/51fa80b1c57034c4bf63f9f988fc24ce\",\"name\":\"georg.blenk@krafthand-medien.de\",\"image\":{\"@type\":\"ImageObject\",\"inLanguage\":\"de\",\"@id\":\"https:\\\/\\\/secure.gravatar.com\\\/avatar\\\/93713c30affe0aa95d3a4130e499bb1abee2eb31adbdd9ce2aa1543538490215?s=96&d=mm&r=g\",\"url\":\"https:\\\/\\\/secure.gravatar.com\\\/avatar\\\/93713c30affe0aa95d3a4130e499bb1abee2eb31adbdd9ce2aa1543538490215?s=96&d=mm&r=g\",\"contentUrl\":\"https:\\\/\\\/secure.gravatar.com\\\/avatar\\\/93713c30affe0aa95d3a4130e499bb1abee2eb31adbdd9ce2aa1543538490215?s=96&d=mm&r=g\",\"caption\":\"georg.blenk@krafthand-medien.de\"}}]}<\/script>\n<!-- \/ Yoast SEO plugin. -->","yoast_head_json":{"title":"Goodyear FIA European Truck Racing Championship I N\u00fcrburgring 2022","description":"Nach zwei Jahren Pause gehen vom 15. bis 17. Juli beim ADAC-Truck-Grand-Prix auf dem N\u00fcrburgring wieder die Race-Trucks an den Start.","robots":{"index":"index","follow":"follow","max-snippet":"max-snippet:-1","max-image-preview":"max-image-preview:large","max-video-preview":"max-video-preview:-1"},"canonical":"https:\/\/www.krafthand.de\/truck\/artikel\/truck-grand-prix-nuerburgring-2022-32688\/","og_locale":"de_DE","og_type":"article","og_title":"Goodyear FIA European Truck Racing Championship I N\u00fcrburgring 2022","og_description":"Nach zwei Jahren Pause gehen vom 15. bis 17. Juli beim ADAC-Truck-Grand-Prix auf dem N\u00fcrburgring wieder die Race-Trucks an den Start.","og_url":"https:\/\/www.krafthand-truck.de\/artikel\/truck-grand-prix-nuerburgring-2022-32688\/","og_site_name":"Krafthand-Truck","article_published_time":"2022-06-28T09:56:17+00:00","og_image":[{"width":1400,"height":727,"url":"https:\/\/static.krafthand-truck.de\/uploads\/2022\/06\/02_2022_014_1.jpg","type":"image\/jpeg"}],"author":"georg.blenk@krafthand-medien.de","twitter_card":"summary_large_image","twitter_misc":{"Verfasst von":"georg.blenk@krafthand-medien.de","Gesch\u00e4tzte Lesezeit":"2\u00a0Minuten"},"schema":{"@context":"https:\/\/schema.org","@graph":[{"@type":"Article","@id":"https:\/\/www.krafthand.de\/truck\/artikel\/truck-grand-prix-nuerburgring-2022-32688\/#article","isPartOf":{"@id":"https:\/\/www.krafthand.de\/truck\/artikel\/truck-grand-prix-nuerburgring-2022-32688\/"},"author":{"name":"georg.blenk@krafthand-medien.de","@id":"https:\/\/www.krafthand.de\/truck\/#\/schema\/person\/51fa80b1c57034c4bf63f9f988fc24ce"},"headline":"Truck-Grand-Prix \u2013 N\u00fcrburgring 2022","datePublished":"2022-06-28T09:56:17+00:00","mainEntityOfPage":{"@id":"https:\/\/www.krafthand.de\/truck\/artikel\/truck-grand-prix-nuerburgring-2022-32688\/"},"wordCount":444,"image":{"@id":"https:\/\/www.krafthand.de\/truck\/artikel\/truck-grand-prix-nuerburgring-2022-32688\/#primaryimage"},"thumbnailUrl":"https:\/\/static.krafthand-truck.de\/uploads\/2022\/06\/02_2022_014_1.jpg","keywords":["ADAC","ADAC-Truck-Grand-Prix","Truck-Grand-Prix"],"articleSection":["Veranstaltungen\/Messen"],"inLanguage":"de"},{"@type":"WebPage","@id":"https:\/\/www.krafthand.de\/truck\/artikel\/truck-grand-prix-nuerburgring-2022-32688\/","url":"https:\/\/www.krafthand.de\/truck\/artikel\/truck-grand-prix-nuerburgring-2022-32688\/","name":"Goodyear FIA European Truck Racing Championship I N\u00fcrburgring 2022","isPartOf":{"@id":"https:\/\/www.krafthand.de\/truck\/#website"},"primaryImageOfPage":{"@id":"https:\/\/www.krafthand.de\/truck\/artikel\/truck-grand-prix-nuerburgring-2022-32688\/#primaryimage"},"image":{"@id":"https:\/\/www.krafthand.de\/truck\/artikel\/truck-grand-prix-nuerburgring-2022-32688\/#primaryimage"},"thumbnailUrl":"https:\/\/static.krafthand-truck.de\/uploads\/2022\/06\/02_2022_014_1.jpg","datePublished":"2022-06-28T09:56:17+00:00","author":{"@id":"https:\/\/www.krafthand.de\/truck\/#\/schema\/person\/51fa80b1c57034c4bf63f9f988fc24ce"},"description":"Nach zwei Jahren Pause gehen vom 15. bis 17. Juli beim ADAC-Truck-Grand-Prix auf dem N\u00fcrburgring wieder die Race-Trucks an den Start.","breadcrumb":{"@id":"https:\/\/www.krafthand.de\/truck\/artikel\/truck-grand-prix-nuerburgring-2022-32688\/#breadcrumb"},"inLanguage":"de","potentialAction":[{"@type":"ReadAction","target":["https:\/\/www.krafthand.de\/truck\/artikel\/truck-grand-prix-nuerburgring-2022-32688\/"]}]},{"@type":"ImageObject","inLanguage":"de","@id":"https:\/\/www.krafthand.de\/truck\/artikel\/truck-grand-prix-nuerburgring-2022-32688\/#primaryimage","url":"https:\/\/static.krafthand-truck.de\/uploads\/2022\/06\/02_2022_014_1.jpg","contentUrl":"https:\/\/static.krafthand-truck.de\/uploads\/2022\/06\/02_2022_014_1.jpg","width":1400,"height":727,"caption":"Spannende Rennaction auf dem N\u00fcrburgring \u2013 der ADAC Truck-Grand-Prix im Rahmen der FIA European Truck Racing Championship (ETRC). Bild: ADAC"},{"@type":"BreadcrumbList","@id":"https:\/\/www.krafthand.de\/truck\/artikel\/truck-grand-prix-nuerburgring-2022-32688\/#breadcrumb","itemListElement":[{"@type":"ListItem","position":1,"name":"Krafthand-Truck","item":"https:\/\/www.krafthand.de\/truck\/"},{"@type":"ListItem","position":2,"name":"Nfz-Branche","item":"https:\/\/www.krafthand.de\/truck\/kategorie\/branche\/"},{"@type":"ListItem","position":3,"name":"Veranstaltungen\/Messen","item":"https:\/\/www.krafthand.de\/truck\/kategorie\/branche\/veranstaltungen\/"},{"@type":"ListItem","position":4,"name":"Truck-Grand-Prix \u2013 N\u00fcrburgring 2022"}]},{"@type":"WebSite","@id":"https:\/\/www.krafthand.de\/truck\/#website","url":"https:\/\/www.krafthand.de\/truck\/","name":"Krafthand-Truck","description":"","potentialAction":[{"@type":"SearchAction","target":{"@type":"EntryPoint","urlTemplate":"https:\/\/www.krafthand.de\/truck\/?s={search_term_string}"},"query-input":{"@type":"PropertyValueSpecification","valueRequired":true,"valueName":"search_term_string"}}],"inLanguage":"de"},{"@type":"Person","@id":"https:\/\/www.krafthand.de\/truck\/#\/schema\/person\/51fa80b1c57034c4bf63f9f988fc24ce","name":"georg.blenk@krafthand-medien.de","image":{"@type":"ImageObject","inLanguage":"de","@id":"https:\/\/secure.gravatar.com\/avatar\/93713c30affe0aa95d3a4130e499bb1abee2eb31adbdd9ce2aa1543538490215?s=96&d=mm&r=g","url":"https:\/\/secure.gravatar.com\/avatar\/93713c30affe0aa95d3a4130e499bb1abee2eb31adbdd9ce2aa1543538490215?s=96&d=mm&r=g","contentUrl":"https:\/\/secure.gravatar.com\/avatar\/93713c30affe0aa95d3a4130e499bb1abee2eb31adbdd9ce2aa1543538490215?s=96&d=mm&r=g","caption":"georg.blenk@krafthand-medien.de"}}]}},"_links":{"self":[{"href":"https:\/\/www.krafthand.de\/truck\/wp-json\/wp\/v2\/posts\/32688","targetHints":{"allow":["GET"]}}],"collection":[{"href":"https:\/\/www.krafthand.de\/truck\/wp-json\/wp\/v2\/posts"}],"about":[{"href":"https:\/\/www.krafthand.de\/truck\/wp-json\/wp\/v2\/types\/post"}],"author":[{"embeddable":true,"href":"https:\/\/www.krafthand.de\/truck\/wp-json\/wp\/v2\/users\/9"}],"replies":[{"embeddable":true,"href":"https:\/\/www.krafthand.de\/truck\/wp-json\/wp\/v2\/comments?post=32688"}],"version-history":[{"count":3,"href":"https:\/\/www.krafthand.de\/truck\/wp-json\/wp\/v2\/posts\/32688\/revisions"}],"predecessor-version":[{"id":32826,"href":"https:\/\/www.krafthand.de\/truck\/wp-json\/wp\/v2\/posts\/32688\/revisions\/32826"}],"wp:featuredmedia":[{"embeddable":true,"href":"https:\/\/www.krafthand.de\/truck\/wp-json\/wp\/v2\/media\/32689"}],"wp:attachment":[{"href":"https:\/\/www.krafthand.de\/truck\/wp-json\/wp\/v2\/media?parent=32688"}],"wp:term":[{"taxonomy":"category","embeddable":true,"href":"https:\/\/www.krafthand.de\/truck\/wp-json\/wp\/v2\/categories?post=32688"},{"taxonomy":"post_tag","embeddable":true,"href":"https:\/\/www.krafthand.de\/truck\/wp-json\/wp\/v2\/tags?post=32688"},{"taxonomy":"settings","embeddable":true,"href":"https:\/\/www.krafthand.de\/truck\/wp-json\/wp\/v2\/settings?post=32688"}],"curies":[{"name":"wp","href":"https:\/\/api.w.org\/{rel}","templated":true}]}}