{"id":32677,"date":"2022-06-27T16:30:41","date_gmt":"2022-06-27T14:30:41","guid":{"rendered":"https:\/\/www.krafthand.de\/truck\/?p=32677"},"modified":"2022-06-27T16:35:07","modified_gmt":"2022-06-27T14:35:07","slug":"tip-trailer-services-krafthand-truck-im-gespraech-mit-oliver-bange","status":"publish","type":"post","link":"https:\/\/www.krafthand.de\/truck\/artikel\/tip-trailer-services-krafthand-truck-im-gespraech-mit-oliver-bange-32677\/","title":{"rendered":"TIP Trailer Services: Krafthand-Truck im Gespr\u00e4ch mit Oliver Bange"},"content":{"rendered":"<p>Oliver Bange ist Vice President in der Central Region bei <a href=\"https:\/\/www.tipeurope.de\/\" target=\"_blank\" rel=\"noopener\">TIP Trailer Services<\/a>, einem international t\u00e4tigen und herstellerunabh\u00e4ngigen Vermieter und Dienstleister f\u00fcr die Transport- und Logistikbranche. Das Angebot von TIP erstreckt sich neben der Beschaffung und Vermietung von Nutzfahrzeugen \u00fcber die Wartung und Reparatur bis hin zum Wiederverkauf von gebrauchten Zugmaschinen, Aufliegern und Spezialfahrzeugen. Hinzu kommen ein eigenes Werkstattnetz sowie mit \u201aTIP Insight\u2018 entsprechende Telematik-L\u00f6sungen. Seit 2019 geh\u00f6rt die PEMA GmbH ebenfalls zum Unternehmen. Wir haben mit <strong>Oliver Bange<\/strong> \u00fcber Pers\u00f6nliches, die Nutzfahrzeugbranche im Allgemeinen und \u00fcber TIP als Dienstleister gesprochen.<\/p>\n<figure id=\"attachment_32679\" aria-describedby=\"caption-attachment-32679\" style=\"width: 800px\" class=\"wp-caption aligncenter\"><a href=\"https:\/\/static.krafthand-truck.de\/uploads\/2022\/06\/02_2022_003_1.jpg\" target=\"_blank\" rel=\"noopener\"><img fetchpriority=\"high\" decoding=\"async\" class=\"wp-image-32679\" src=\"https:\/\/static.krafthand-truck.de\/uploads\/2022\/06\/02_2022_003_1.jpg\" alt=\"\" width=\"800\" height=\"650\" srcset=\"https:\/\/static.krafthand-truck.de\/uploads\/2022\/06\/02_2022_003_1.jpg 1400w, https:\/\/static.krafthand-truck.de\/uploads\/2022\/06\/02_2022_003_1-300x244.jpg 300w, https:\/\/static.krafthand-truck.de\/uploads\/2022\/06\/02_2022_003_1-1024x832.jpg 1024w, https:\/\/static.krafthand-truck.de\/uploads\/2022\/06\/02_2022_003_1-768x624.jpg 768w, https:\/\/static.krafthand-truck.de\/uploads\/2022\/06\/02_2022_003_1-1320x1073.jpg 1320w\" sizes=\"(max-width: 800px) 100vw, 800px\" \/><\/a><figcaption id=\"caption-attachment-32679\" class=\"wp-caption-text\"><em>&#8222;Wir investieren jedes Jahr umfangreich in unsere Flotte und bauen unser Niederlassungs- und Werkstattnetz weiter aus&#8220;<\/em>, so Oliver Bange.<\/figcaption><\/figure>\n<p class=\"text-question\">Sehr geehrter Herr Bange, wie gro\u00df ist aktuell die Mietfahrzeugflotte in Ihrer Region und wie viele Mitarbeiter(innen) besch\u00e4ftigt TIP aktuell?<\/p><p class=\"text-answer\"><\/p>\n<p>Unsere Mietflotte in der Central Region, dazu geh\u00f6ren die DACH-Region sowie Polen, Tschechien und Rum\u00e4nien, umfasst aktuell rund 24.000 Motorfahrzeuge, Auflieger und andere Transportmittel. Unser Portfolio ist sehr breit aufgestellt und beinhaltet ebenfalls Spezialfahrzeuge f\u00fcr unterschiedliche Branchen \u2013 Bau-, Agrar- und Kommunalsektor beispielsweise. Durch unsere Marktpr\u00e4senz und unsere enge Partnerschaft mit den namenhaften Herstellern, ist es uns m\u00f6glich, auch individuelle Kundenfahrzeuge anzuschaffen. Hier stellen wir gemeinsam mit dem Kunden und dem Hersteller die passenden Spezifikationen zusammen. In diesem Zusammenhang sind auch Fahrzeuge und Auflieger in Kundenbeschriftung m\u00f6glich. Es steht nicht immer TIP drauf, wo auch TIP drinsteckt. Wir investieren jedes Jahr umfangreich in unsere Flotte und bauen unser Niederlassungs- und Werkstattnetz weiter aus. Nat\u00fcrlich w\u00e4chst da auch unsere TIP-Familie. Aktuell sind wir etwa 750 Kolleginnen und Kollegen in der Region.<\/p>\n<blockquote><blockquote class=\"khm-quote\"><p>\u201eIn turbulenten Zeiten halten mich meine Familie und Freunde immer im Lot.\u201c<\/p><\/blockquote><\/blockquote>\n<p class=\"text-question\">Sie haben mit unterschiedlichsten Menschen, mit unterschiedlichsten Ausbildungsbiografien zu tun. Wie w\u00fcrden Sie Ihren F\u00fchrungsstil beschreiben?<\/p><p class=\"text-answer\"><\/p>\n<p>Wir verstehen uns bei TIP als eine Einheit, die nur gemeinsam ihre Ziele erreichen kann. Ich bin der Meinung, dass ein Unternehmen nur durch seine Mitarbeiter(innen) erfolgreich ist. Das klingt nach einem sch\u00f6nen Werbespruch, wird bei TIP aber tats\u00e4chlich gelebt. Wir haben eine offene Unternehmenskultur und flache Hierarchien. Als Gesch\u00e4ftsf\u00fchrer, versuche ich meine Verbindung zur Basis immer aufrechtzuerhalten. Das ist bei unserem starken Wachstum nicht immer einfach, auch die letzten zwei pandemischen Jahre haben pers\u00f6nliche Treffen und Veranstaltungen sehr erschwert. Es ist mir besonders wichtig, in einem engen Austausch mit allen unseren Bereichen zu sein. Ich suche gern das pers\u00f6nliche Gespr\u00e4ch und bin offen f\u00fcr Anfragen und Ideen aller Kollegen(innen) \u2013 nicht nur aus der F\u00fchrungsebene. Dar\u00fcber hinaus f\u00f6rdern wir aktiv Weiterentwicklungsma\u00dfnahmen und sind offen f\u00fcr Anregungen aus dem Kollegium. Wir haben einen regelm\u00e4\u00dfigen Informationsaustausch f\u00fcr alle Mitarbeiter(innen) etabliert und nutzen daf\u00fcr unterschiedliche interne Medien &#8211; vom Azubi in den Werkst\u00e4tten bis zur Gesch\u00e4ftsf\u00fchrung.<\/p>\n<p class=\"text-question\">Wie gelingt es Ihnen nach einem turbulenten Arbeitstag abzuschalten?<\/p><p class=\"text-answer\"><\/p>\n<p>In turbulenten Zeiten halten mich meine Familie und Freunde immer im Lot. Ich genie\u00dfe gemeinsame Aktivit\u00e4ten mit meiner Frau und meinen beiden S\u00f6hnen, wann immer es geht und sch\u00f6pfe aus ihnen Kraft f\u00fcr meine beruflichen Herausforderungen. Ich bin ein aktiver Mensch und nutze verschiedene sportliche Angebote, um einen freien Kopf zu bekommen, aber auch ein geselliger Abend mit Freunden und einem guten Rotwein oder ein spannendes Fu\u00dfballspiel sind f\u00fcr mich gern genutzte Abwechslungen vom Arbeitsalltag.<\/p>\n<p class=\"text-question\">Sind Sie ein politischer Mensch?<\/p><p class=\"text-answer\"><\/p>\n<p>Ich engagiere mich f\u00fcr keine bestimmte politische Richtung und w\u00fcrde mich selbst nicht als politischer Mensch bezeichnen. Nat\u00fcrlich verfolge ich die Ereignisse auf der politischen Weltb\u00fchne, denn sie beeinflussen unser aller Zukunft, sowohl beruflich als auch privat.<br \/>\nAls Gesch\u00e4ftsf\u00fchrer eines Dienstleistungsunternehmens in der Transport- und Logistikbranche habe ich noch einen zweiten Blickwinkel auf Politik. Entscheidungen sowie neue Gesetze und Richtlinien nehmen Einfluss auf unser Unternehmen und uns als Arbeitgeber. Gerade hier ist es wichtig, immer aktuell zu bleiben und unternehmerische Entscheidungen zukunftsorientiert zu t\u00e4tigen.<\/p>\n<p class=\"text-question\">Die Dekarbonisierung des Schwerlastverkehrs ist eine der gr\u00f6\u00dften Herausforderungen der G\u00fcterverkehrsbranche. Ist f\u00fcr TIP mittelfristig die Erweiterung der Mietfahrzeugflotte um E-Lkw und Lkw mit Brennstoffzelle ein Thema?<\/p><p class=\"text-answer\"><\/p>\n<p>Wir richten unsere Mietflotte schon immer nach den Anforderungen des Marktes aus und schaffen entsprechend Neufahrzeuge an. Die Dekarbonisierung bei den schweren Nutzfahrzeugen ist ein gro\u00dfes Thema, welches die gesamte Branche besch\u00e4ftigt. Als einer der f\u00fchrenden Partner der Transport- und Logistikindustrie, sehen wir uns ebenfalls in der Verantwortung, alternative Antriebe und effizientere Motoren zu unterst\u00fctzen und einen Beitrag zu einer gr\u00fcneren Logistik zu leisten. Erst k\u00fcrzlich haben wir in Deutschland in 100 Zugmaschinen investiert, die besonders im Fernverkehr effizient sind und bis zu 10 Prozent Kraftstoff und damit ebenfalls CO2-Emissionen einsparen. In Frankreich fahren seit einigen Jahren vollelektrische Transporter in unserer Mietflotte. Dieses Segment wird aktuell auch in anderen L\u00e4ndern ausgebaut.<br \/>\nGrunds\u00e4tzlich sind wir offen f\u00fcr neue Technologien, sehen aber ebenso Herausforderungen bei der Umsetzung. Zum einen sind die Hersteller gefragt, die Effizienz der neuen Technologien weiter zu verbessern und zum anderen muss die Infrastruktur zum Beispiel Ladem\u00f6glichkeiten f\u00fcr E-Lkws weiter ausgebaut werden, damit die Umstellung f\u00fcr die Akteure der Branche noch interessanter und \u00f6konomisch rentabel wird.<\/p>\n<p class=\"text-question\">Wo sehen Sie weitere Stellschrauben, um den G\u00fcterverkehr umweltfreundlicher und effektiver zu gestalten?<\/p><p class=\"text-answer\"><\/p>\n<p>Ich sehe im Wesentlichen zwei generelle Ans\u00e4tze, die auch im Transportsektor umsetzbar sind. Gerade die Transportbranche hat einen gro\u00dfen Anteil an den Gesamtemissionen und somit eine gro\u00dfe Verantwortung, aktiv zu werden. Zum einen ist es wichtig, neue klimafreundliche Technologien entschlossen voranzutreiben, zum anderen m\u00fcssen wir vorhandene Ressourcen und Materialien verantwortungsvoller und effizienter nutzen.<br \/>\nIch bin \u00fcberzeugt, dass wir im Bereich kombinierter Verkehr, Stra\u00dfe und Bahn, noch M\u00f6glichkeiten zur Weiterentwicklung haben und ein weiterer Schienenausbau notwendig ist, um neue Wege und Regionen zu erschlie\u00dfen. Hierdurch k\u00f6nnten die Emissionen verringert und unsere Stra\u00dfen entlastet werden. In unserer Mietflotte befindet sich ebenfalls eine Vielzahl von bahnf\u00e4higen Aufliegern, die kurz- oder langfristig gemietet werden k\u00f6nnen.<br \/>\nBei der sogenannten \u201aLast Mile Delivery\u2018 setzen bereits viele Akteure auf Elektromobilit\u00e4t. TIP bietet in Frankreich seit einigen Jahren vollelektrische Vans (e-LCV) zur Miete an, um dieses Segment zu bedienen. In der Central Region erarbeiten wir aktuell Konzepte und Konditionen, um die Elektro-Vans auch bei uns in die Flotte zu integrieren. Uns erreichen immer h\u00e4ufiger Kundenanfragen f\u00fcr diese Art der Fahrzeuge. Hier k\u00f6nnen seitens St\u00e4dte- und Verkehrsplanung noch mehr Anreize geschaffen werden, indem das Ladenetz in Deutschland verbessert wird.<br \/>\nModerne Telematik-L\u00f6sungen optimieren die Routenplanung und sorgen f\u00fcr mehr Effizienz auf der Stra\u00dfe \u2013 keine Fahrt ist leer. Dar\u00fcber hinaus unterst\u00fctzen Assistenzsysteme beim Kraftstoffsparen und k\u00f6nnen das Fahrverhalten des\/der Kraftfahrers(in) verbessern. TIP hat auch in dieser Sparte eine eigene L\u00f6sung \u2013 unter dem Markennamen \u201aTIP Insight\u2018 haben wir unsere eigene Telematik entwickelt, die wir, in Kooperation mit namenhaften Herstellern, zum einen in unseren Mietfahrzeugen anbieten und dar\u00fcber hinaus komplette Kundenflotten mit unserer Hard- und Software ausr\u00fcsten.<\/p>\n<blockquote class=\"khm-quote\"><p>\u201eOb Standard-Sattelauflieger, Zugmaschinen oder Spezialfahrzeuge, TIP verf\u00fcgt \u00fcber eine europaweit breit aufgestellte Mietflotte an Nutzfahrzeugen. Wir stocken auch im aktuellen Kalenderjahr in allen Segmenten weiter auf\u201c, so Oliver Bange.<\/p><\/blockquote>\n<p>Der zweite Ansatz bezieht sich auf eine nachhaltige Ressourcen- und Materialnutzung und damit ein effizientes Flottenmanagement. Im Transportgewerbe bedeutet das vor allem, dass vorhandene Fahrzeuge und Transportmittel sorgsam gepflegt werden, um die Nutzungszeit zu verl\u00e4ngern. So sind wir bei TIP von den Vorteilen der \u201evorbeugenden\u201c Wartung \u00fcberzeugt. Viele Jahre Erfahrung in der Unterhaltung von Flotten haben uns gezeigt, dass fr\u00fchzeitige Wartung und Reparatur, Ausfallzeiten reduzieren k\u00f6nnen und die Lebensdauer der Flotte erh\u00f6ht.<\/p>\n<p class=\"text-question\">TIP ist Gr\u00fcnder und Mitglied des European-Transport-Board (ETB). Was hat es damit auf sich?<\/p><p class=\"text-answer\"><\/p>\n<p>Das European Transport Board ist eine Initiative der f\u00fchrenden Unternehmen aus dem Bereich Transport und Logistik in Europa. Die Mitglieder zusammen, stellen einen bedeutenden Anteil der gesamten Branche dar und unterhalten gemeinsam mehr als 300.000 Transportmittel. Es ist ein Knowledge-Center und dient dem regelm\u00e4\u00dfigen Austausch \u00fcber die Anforderungen in diesem dynamischen Markt. Transporteure und Logistiker stehen vor \u00e4hnlichen oder gleichen Herausforderungen. Das ETB schafft eine Plattform, um Erfahrungen und L\u00f6sungsans\u00e4tze untereinander zu diskutieren und auszutauschen. Im Vordergrund stehen Themen wie Verkehrssicherheit, Nachhaltigkeit, Effektivit\u00e4t und Effizienz der Branche aber auch soziale und \u00f6konomische Herausforderungen sind Programmpunkte.<\/p>\n<figure id=\"attachment_32680\" aria-describedby=\"caption-attachment-32680\" style=\"width: 1400px\" class=\"wp-caption alignnone\"><img decoding=\"async\" class=\"size-full wp-image-32680\" src=\"https:\/\/static.krafthand-truck.de\/uploads\/2022\/06\/02_2022_003_3.jpg\" alt=\"\" width=\"1400\" height=\"925\" srcset=\"https:\/\/static.krafthand-truck.de\/uploads\/2022\/06\/02_2022_003_3.jpg 1400w, https:\/\/static.krafthand-truck.de\/uploads\/2022\/06\/02_2022_003_3-300x198.jpg 300w, https:\/\/static.krafthand-truck.de\/uploads\/2022\/06\/02_2022_003_3-1024x677.jpg 1024w, https:\/\/static.krafthand-truck.de\/uploads\/2022\/06\/02_2022_003_3-768x507.jpg 768w, https:\/\/static.krafthand-truck.de\/uploads\/2022\/06\/02_2022_003_3-1320x872.jpg 1320w\" sizes=\"(max-width: 1400px) 100vw, 1400px\" \/><figcaption id=\"caption-attachment-32680\" class=\"wp-caption-text\">TIP bietet einen umfangreichen Werkstattservice f\u00fcr Nutzfahrzeuge an und macht mit dem \u201eRefurbishment-Programm\u201c auch \u00e4ltere Auflieger und Wechselbr\u00fccken wieder fit.<\/figcaption><\/figure>\n<p class=\"text-question\">Sie betreiben eigene Werkst\u00e4tten, haben aber auch Partnerwerkst\u00e4tten, die Wartung und Reparatur von Fahrzeugen anbieten. Welche Voraussetzungen muss eine Lkw-Werkstatt erf\u00fcllen, um TIP-Partner zu werden?<\/p><p class=\"text-answer\"><\/p>\n<p>Das ist richtig, wir betreiben mehr als 100 Werkst\u00e4tten europaweit in Eigenregie. Die Wartung- und Reparatur von Nutzfahrzeugen in unseren eigenen Werkst\u00e4tten, ist, neben der Vermietung, eines unserer am st\u00e4rksten wachsenden Bereiche. Obwohl wir bereits ein sehr gro\u00dfes Netz an Standorten betreiben, gibt es noch wei\u00dfe Flecken auf der Landkarte. Hier kommen unsere Partnerwerkst\u00e4tten ins Spiel. Es gibt keine besonderen H\u00fcrden, um in unser Netzwerk aufgenommen zu werden, aber wir legen besonderen Wert auf Qualit\u00e4t, vor allem in Bezug auf Ersatzteile, aber auch auf die Dienstleistung an sich. Dar\u00fcber hinaus haben wir hohe Sicherheits- und Umweltstandards in unseren Werkst\u00e4tten, denn unsere Mitarbeiter(innen) sind unser \u201ewertvollstes Gut\u201c. Diese Erwartung haben wir ebenfalls an unsere Partner und halten sie dazu an, diese einzuhalten.<\/p>\n<p class=\"text-question\">Kaufen Sie entsprechende Fahrzeugteile zentral ein, oder obliegt der Einkauf der jeweiligen Nutzfahrzeugwerkstatt?<\/p><p class=\"text-answer\"><\/p>\n<p>Wie in jedem gro\u00dfen Unternehmen, ist es sinnvoll, den Einkauf zu b\u00fcndeln und zentral zu organisieren. Wir haben Rahmenvertr\u00e4ge und Partnerschaften mit den meisten Lieferanten, die unser gesamtes Standortnetz einschlie\u00dfen. Alle TIP-Werkst\u00e4tten wickeln die Beschaffung von Materialien und Ersatzteilen in Eigenverantwortung ab, profitieren aber von den Einkaufskonditionen von gesamt TIP.<\/p>\n<p class=\"text-question\">Fachkr\u00e4ftemangel ist ein branchen\u00fcbergreifendes Thema. Sind auch Sie als Vermieter und Serviceanbieter davon betroffen und welche L\u00f6sungsans\u00e4tze haben Sie bei TIP?<\/p><p class=\"text-answer\"><\/p>\n<p>Fehlende Fachkr\u00e4fte sind auch bei TIP ein wichtiges Thema \u2013 vor allem im handwerklichen Bereich, sprich in unseren Werkst\u00e4tten, ist es sehr schwierig, geeignetes Personal zu finden. Wir setzten verst\u00e4rkt auf die Ausbildung von eigenen Fachkr\u00e4ften. Es ist f\u00fcr uns eine lohnende Investition in die Zukunft. Im Werkstattbereich bieten wir eine Ausbildung zum KFZ-Mechatroniker Nutzfahrzeuge und eine Ausbildung zur Fachkraft f\u00fcr Lagerlogistik k\u00f6nnen Interessierte ebenfalls bei uns machen. Das Magazin \u201aCapital\u2018 hat uns bereits zum zweiten Mal als einer der besten Ausbilder Deutschlands ausgezeichnet und best\u00e4tigt damit unser erfolgreiches Ausbildungsprogramm. Diese positiven Ergebnisse ermutigen uns, den Bereich Ausbildung weiter auszubauen. Seien Sie gespannt, welche Berufe Sie bald bei TIP erlernen k\u00f6nnen.<\/p>\n<p>&nbsp;<\/p>\n<div class=\"infobox box-grey\"><\/p>\n<p><figure id=\"attachment_32811\" aria-describedby=\"caption-attachment-32811\" style=\"width: 160px\" class=\"wp-caption alignright\"><a href=\"https:\/\/static.krafthand-truck.de\/uploads\/2022\/06\/TIP_Trailerservices_Oliver_Bange.jpg\" target=\"_blank\" rel=\"noopener\"><img decoding=\"async\" class=\"wp-image-32811\" src=\"https:\/\/static.krafthand-truck.de\/uploads\/2022\/06\/TIP_Trailerservices_Oliver_Bange-219x300.jpg\" alt=\"\" width=\"160\" height=\"219\" srcset=\"https:\/\/static.krafthand-truck.de\/uploads\/2022\/06\/TIP_Trailerservices_Oliver_Bange-219x300.jpg 219w, https:\/\/static.krafthand-truck.de\/uploads\/2022\/06\/TIP_Trailerservices_Oliver_Bange-748x1024.jpg 748w, https:\/\/static.krafthand-truck.de\/uploads\/2022\/06\/TIP_Trailerservices_Oliver_Bange-768x1051.jpg 768w, https:\/\/static.krafthand-truck.de\/uploads\/2022\/06\/TIP_Trailerservices_Oliver_Bange.jpg 800w\" sizes=\"(max-width: 160px) 100vw, 160px\" \/><\/a><figcaption id=\"caption-attachment-32811\" class=\"wp-caption-text\">Oliver Bange<\/figcaption><\/figure><\/p>\n<h3>Zur Person<\/h3>\n<p>Oliver Bange begann seine Karriere bei BTZ als Country Manager f\u00fcr Italien. 1998 startet er bei General Electric (GE) und \u00fcbernahm bei GE Capital verschiedene Vertriebspositionen. Im Jahr 2004 kam er zu TIP als Tanker Director Continental Europe. Er verlie\u00df TIP 2010 und wurde bei DKV Verkaufsdirektor f\u00fcr Europa. Oliver Bange kehrte 2015 mit seiner Ernennung zum General Manager f\u00fcr die Region Mittel- und Osteuropa zu TIP Trailer Services zur\u00fcck. Heute ist Bange Vice President Central Region.<\/p>\n<p>&nbsp;<\/p>\n<p><\/div>\n<p>&nbsp;<\/p>\n<p class=\"text-question\">Abschlie\u00dfend eine pers\u00f6nliche Frage: \u00dcber was haben Sie sich k\u00fcrzlich am meisten ge\u00e4rgert und \u00fcber was am meisten gefreut?<\/p><p class=\"text-answer\"><\/p>\n<p>Ich pers\u00f6nlich \u00e4rgere mich \u00fcber Egoismus und Ungerechtigkeit. Leider treffe ich diese Eigenschaften aktuell h\u00e4ufiger in meinem Alltag an. Sei es im Supermarkt, wenn ich vor leeren Regalen mit Mehl und \u00d6l stehe oder aber an der Tankstelle und mich \u00fcber die enormen Preise \u00e4rgere. Ein wenig mehr R\u00fccksicht und Miteinander t\u00e4te uns allen gut.<br \/>\nBesonders beeindruckt war ich von der gro\u00dfen Hilfsbereitschaft und Anteilnahme der Menschen seit dem Angriff auf die Ukraine. Besonders die Nachbarstaaten waren in der ersten Zeit sehr stark gefordert durch die Ankunft der ersten Fl\u00fcchtlinge. Ich war selbst kurze Zeit nach dem Einmarsch Russlands beruflich in Warschau und habe erlebt, wie Fl\u00fcchtlinge aus der Ukraine dort aufgenommen und umsorgt wurden. Allein durch pers\u00f6nliches Engagement und mit einer enormen Logistik, haben sich die Menschen in Polen selbst organisiert. Das hat mich pers\u00f6nlich sehr ber\u00fchrt und gefreut. Es zeigt mir, dass wir in Krisenzeiten zueinanderstehen und uns gegenseitig unterst\u00fctzen, auch in unserer schnelllebigen Zeit.<\/p>\n<p>&nbsp;<\/p>\n<p><i>Den Beitrag finden Sie auch in der Print-Ausgabe 2\/2022 der <a href=\"https:\/\/www.krafthand.de\/truck\/magazin\/\" title=\"Zum Magazin\">Krafthand-Truck<\/a>.<\/i><\/p>\r\n\t\t\t\t<div class=\"post-author\">\r\n\t\t\t\t\t<div class=\"khm-cp-author clearfix\">\r\n\t\t\t\t\t\t<div class=\"khm-cp-author__content\">\r\n\t\t\t\t\t\t\t\tKontakt zum Autor:<br \/>\r\n\t\t\t\t\t\t\t\t<strong>Georg Blenk<\/strong>, 08247 \/ 3007-45 |  <a href=\"mailto:georg.blenk@krafthand-medien.de\">georg.blenk@krafthand-medien.de<\/a>\r\n\t\t\t\t\t\t\t<div class=\"khm-cp-author__image\">\r\n\t\t\t\t\t\t<img src=\"https:\/\/static.krafthand-truck.de\/uploads\/2021\/01\/Blenk_6104-250x300-1-removebg-preview.png\" class=\"img-responsive\">\r\n\t\t\t\t\t<\/div>\r\n\t\t\t\t\t\t<\/div>\r\n\t\t\t\t\t<\/div>\r\n\t\t\t\t<\/div>\r\n\t\t\t\t","protected":false},"excerpt":{"rendered":"<p>Oliver Bange ist Vice President in der Central Region bei TIP Trailer Services. Das Angebot von TIP erstreckt sich neben der Beschaffung und Vermietung von Nutzfahrzeugen \u00fcber die Wartung und Reparatur bis hin zum Wiederverkauf von gebrauchten Zugmaschinen, Aufliegern und Spezialfahrzeugen. Wir haben mit Oliver Bange \u00fcber Pers\u00f6nliches, die Nutzfahrzeugbranche im Allgemeinen und \u00fcber TIP als Dienstleister gesprochen. <span class=\"excerpt-more__dots\">&#8230;<\/span> <a class=\"excerpt-more__link\" href=\"https:\/\/www.krafthand.de\/truck\/artikel\/tip-trailer-services-krafthand-truck-im-gespraech-mit-oliver-bange-32677\/\" >weiter<\/a><\/p>\n","protected":false},"author":11,"featured_media":32820,"comment_status":"closed","ping_status":"closed","sticky":false,"template":"","format":"standard","meta":{"footnotes":""},"categories":[4238,4235],"tags":[5127,1170,2037,1171,2038],"settings":[3524,4766,3523],"class_list":["post-32677","post","type-post","status-publish","format-standard","has-post-thumbnail","hentry","category-koepfe","category-unternehmen","tag-lkw-vermietung","tag-nutzfahrzeugvermieter","tag-oliver-bange","tag-pema","tag-tip-trailer-services"],"yoast_head":"<!-- This site is optimized with the Yoast SEO plugin v27.3 - https:\/\/yoast.com\/product\/yoast-seo-wordpress\/ -->\n<title>Im Gespr\u00e4ch I Oliver Bange I TIP Trailerservices I Krafthand-Truck<\/title>\n<meta name=\"description\" content=\"Oliver Bange ist Vice President in der Central Region bei TIP Trailer Services. Krafthand-Truck hat mit ihm \u00fcber Pers\u00f6nliches, die Nutzfahrzeugbranche und \u00fcber TIP als Dienstleister gesprochen.\" \/>\n<meta name=\"robots\" content=\"index, follow, max-snippet:-1, max-image-preview:large, max-video-preview:-1\" \/>\n<link rel=\"canonical\" href=\"https:\/\/www.krafthand.de\/truck\/artikel\/tip-trailer-services-krafthand-truck-im-gespraech-mit-oliver-bange-32677\/\" \/>\n<meta property=\"og:locale\" content=\"de_DE\" \/>\n<meta property=\"og:type\" content=\"article\" \/>\n<meta property=\"og:title\" content=\"Im Gespr\u00e4ch I Oliver Bange I TIP Trailerservices I Krafthand-Truck\" \/>\n<meta property=\"og:description\" content=\"Oliver Bange ist Vice President in der Central Region bei TIP Trailer Services. Krafthand-Truck hat mit ihm \u00fcber Pers\u00f6nliches, die Nutzfahrzeugbranche und \u00fcber TIP als Dienstleister gesprochen.\" \/>\n<meta property=\"og:url\" content=\"https:\/\/www.krafthand-truck.de\/artikel\/tip-trailer-services-krafthand-truck-im-gespraech-mit-oliver-bange-32677\/\" \/>\n<meta property=\"og:site_name\" content=\"Krafthand-Truck\" \/>\n<meta property=\"article:published_time\" content=\"2022-06-27T14:30:41+00:00\" \/>\n<meta property=\"article:modified_time\" content=\"2022-06-27T14:35:07+00:00\" \/>\n<meta property=\"og:image\" content=\"https:\/\/static.krafthand-truck.de\/uploads\/2022\/06\/TIP_Trailerservice_Aufmacher_Krafthand_Truck2-1024x457.jpg\" \/>\n\t<meta property=\"og:image:width\" content=\"1024\" \/>\n\t<meta property=\"og:image:height\" content=\"457\" \/>\n\t<meta property=\"og:image:type\" content=\"image\/jpeg\" \/>\n<meta name=\"author\" content=\"Redaktion Truck\" \/>\n<meta name=\"twitter:card\" content=\"summary_large_image\" \/>\n<meta name=\"twitter:label1\" content=\"Verfasst von\" \/>\n\t<meta name=\"twitter:data1\" content=\"Redaktion Truck\" \/>\n\t<meta name=\"twitter:label2\" content=\"Gesch\u00e4tzte Lesezeit\" \/>\n\t<meta name=\"twitter:data2\" content=\"11\u00a0Minuten\" \/>\n<script type=\"application\/ld+json\" class=\"yoast-schema-graph\">{\"@context\":\"https:\\\/\\\/schema.org\",\"@graph\":[{\"@type\":\"Article\",\"@id\":\"https:\\\/\\\/www.krafthand.de\\\/truck\\\/artikel\\\/tip-trailer-services-krafthand-truck-im-gespraech-mit-oliver-bange-32677\\\/#article\",\"isPartOf\":{\"@id\":\"https:\\\/\\\/www.krafthand.de\\\/truck\\\/artikel\\\/tip-trailer-services-krafthand-truck-im-gespraech-mit-oliver-bange-32677\\\/\"},\"author\":{\"name\":\"Redaktion Truck\",\"@id\":\"https:\\\/\\\/www.krafthand.de\\\/truck\\\/#\\\/schema\\\/person\\\/5e47d727209575a4b89376746e24f02f\"},\"headline\":\"TIP Trailer Services: Krafthand-Truck im Gespr\u00e4ch mit Oliver Bange\",\"datePublished\":\"2022-06-27T14:30:41+00:00\",\"dateModified\":\"2022-06-27T14:35:07+00:00\",\"mainEntityOfPage\":{\"@id\":\"https:\\\/\\\/www.krafthand.de\\\/truck\\\/artikel\\\/tip-trailer-services-krafthand-truck-im-gespraech-mit-oliver-bange-32677\\\/\"},\"wordCount\":2125,\"image\":{\"@id\":\"https:\\\/\\\/www.krafthand.de\\\/truck\\\/artikel\\\/tip-trailer-services-krafthand-truck-im-gespraech-mit-oliver-bange-32677\\\/#primaryimage\"},\"thumbnailUrl\":\"https:\\\/\\\/static.krafthand-truck.de\\\/uploads\\\/2022\\\/06\\\/TIP_Trailerservice_Aufmacher_Krafthand_Truck2.jpg\",\"keywords\":[\"Lkw-Vermietung\",\"Nutzfahrzeugvermieter\",\"Oliver Bange\",\"Pema\",\"TIP Trailer Services\"],\"articleSection\":[\"K\u00f6pfe\\\/Personen\",\"Unternehmen\"],\"inLanguage\":\"de\"},{\"@type\":\"WebPage\",\"@id\":\"https:\\\/\\\/www.krafthand.de\\\/truck\\\/artikel\\\/tip-trailer-services-krafthand-truck-im-gespraech-mit-oliver-bange-32677\\\/\",\"url\":\"https:\\\/\\\/www.krafthand.de\\\/truck\\\/artikel\\\/tip-trailer-services-krafthand-truck-im-gespraech-mit-oliver-bange-32677\\\/\",\"name\":\"Im Gespr\u00e4ch I Oliver Bange I TIP Trailerservices I Krafthand-Truck\",\"isPartOf\":{\"@id\":\"https:\\\/\\\/www.krafthand.de\\\/truck\\\/#website\"},\"primaryImageOfPage\":{\"@id\":\"https:\\\/\\\/www.krafthand.de\\\/truck\\\/artikel\\\/tip-trailer-services-krafthand-truck-im-gespraech-mit-oliver-bange-32677\\\/#primaryimage\"},\"image\":{\"@id\":\"https:\\\/\\\/www.krafthand.de\\\/truck\\\/artikel\\\/tip-trailer-services-krafthand-truck-im-gespraech-mit-oliver-bange-32677\\\/#primaryimage\"},\"thumbnailUrl\":\"https:\\\/\\\/static.krafthand-truck.de\\\/uploads\\\/2022\\\/06\\\/TIP_Trailerservice_Aufmacher_Krafthand_Truck2.jpg\",\"datePublished\":\"2022-06-27T14:30:41+00:00\",\"dateModified\":\"2022-06-27T14:35:07+00:00\",\"author\":{\"@id\":\"https:\\\/\\\/www.krafthand.de\\\/truck\\\/#\\\/schema\\\/person\\\/5e47d727209575a4b89376746e24f02f\"},\"description\":\"Oliver Bange ist Vice President in der Central Region bei TIP Trailer Services. Krafthand-Truck hat mit ihm \u00fcber Pers\u00f6nliches, die Nutzfahrzeugbranche und \u00fcber TIP als Dienstleister gesprochen.\",\"breadcrumb\":{\"@id\":\"https:\\\/\\\/www.krafthand.de\\\/truck\\\/artikel\\\/tip-trailer-services-krafthand-truck-im-gespraech-mit-oliver-bange-32677\\\/#breadcrumb\"},\"inLanguage\":\"de\",\"potentialAction\":[{\"@type\":\"ReadAction\",\"target\":[\"https:\\\/\\\/www.krafthand.de\\\/truck\\\/artikel\\\/tip-trailer-services-krafthand-truck-im-gespraech-mit-oliver-bange-32677\\\/\"]}]},{\"@type\":\"ImageObject\",\"inLanguage\":\"de\",\"@id\":\"https:\\\/\\\/www.krafthand.de\\\/truck\\\/artikel\\\/tip-trailer-services-krafthand-truck-im-gespraech-mit-oliver-bange-32677\\\/#primaryimage\",\"url\":\"https:\\\/\\\/static.krafthand-truck.de\\\/uploads\\\/2022\\\/06\\\/TIP_Trailerservice_Aufmacher_Krafthand_Truck2.jpg\",\"contentUrl\":\"https:\\\/\\\/static.krafthand-truck.de\\\/uploads\\\/2022\\\/06\\\/TIP_Trailerservice_Aufmacher_Krafthand_Truck2.jpg\",\"width\":2362,\"height\":1054},{\"@type\":\"BreadcrumbList\",\"@id\":\"https:\\\/\\\/www.krafthand.de\\\/truck\\\/artikel\\\/tip-trailer-services-krafthand-truck-im-gespraech-mit-oliver-bange-32677\\\/#breadcrumb\",\"itemListElement\":[{\"@type\":\"ListItem\",\"position\":1,\"name\":\"Krafthand-Truck\",\"item\":\"https:\\\/\\\/www.krafthand.de\\\/truck\\\/\"},{\"@type\":\"ListItem\",\"position\":2,\"name\":\"Nfz-Branche\",\"item\":\"https:\\\/\\\/www.krafthand.de\\\/truck\\\/kategorie\\\/branche\\\/\"},{\"@type\":\"ListItem\",\"position\":3,\"name\":\"Unternehmen\",\"item\":\"https:\\\/\\\/www.krafthand.de\\\/truck\\\/kategorie\\\/branche\\\/unternehmen\\\/\"},{\"@type\":\"ListItem\",\"position\":4,\"name\":\"TIP Trailer Services: Krafthand-Truck im Gespr\u00e4ch mit Oliver Bange\"}]},{\"@type\":\"WebSite\",\"@id\":\"https:\\\/\\\/www.krafthand.de\\\/truck\\\/#website\",\"url\":\"https:\\\/\\\/www.krafthand.de\\\/truck\\\/\",\"name\":\"Krafthand-Truck\",\"description\":\"\",\"potentialAction\":[{\"@type\":\"SearchAction\",\"target\":{\"@type\":\"EntryPoint\",\"urlTemplate\":\"https:\\\/\\\/www.krafthand.de\\\/truck\\\/?s={search_term_string}\"},\"query-input\":{\"@type\":\"PropertyValueSpecification\",\"valueRequired\":true,\"valueName\":\"search_term_string\"}}],\"inLanguage\":\"de\"},{\"@type\":\"Person\",\"@id\":\"https:\\\/\\\/www.krafthand.de\\\/truck\\\/#\\\/schema\\\/person\\\/5e47d727209575a4b89376746e24f02f\",\"name\":\"Redaktion Truck\",\"image\":{\"@type\":\"ImageObject\",\"inLanguage\":\"de\",\"@id\":\"https:\\\/\\\/secure.gravatar.com\\\/avatar\\\/64cedf5d293ad6eb6600c19e949d032ff0090f240174891ab1517d73ead05c87?s=96&d=mm&r=g\",\"url\":\"https:\\\/\\\/secure.gravatar.com\\\/avatar\\\/64cedf5d293ad6eb6600c19e949d032ff0090f240174891ab1517d73ead05c87?s=96&d=mm&r=g\",\"contentUrl\":\"https:\\\/\\\/secure.gravatar.com\\\/avatar\\\/64cedf5d293ad6eb6600c19e949d032ff0090f240174891ab1517d73ead05c87?s=96&d=mm&r=g\",\"caption\":\"Redaktion Truck\"}}]}<\/script>\n<!-- \/ Yoast SEO plugin. -->","yoast_head_json":{"title":"Im Gespr\u00e4ch I Oliver Bange I TIP Trailerservices I Krafthand-Truck","description":"Oliver Bange ist Vice President in der Central Region bei TIP Trailer Services. Krafthand-Truck hat mit ihm \u00fcber Pers\u00f6nliches, die Nutzfahrzeugbranche und \u00fcber TIP als Dienstleister gesprochen.","robots":{"index":"index","follow":"follow","max-snippet":"max-snippet:-1","max-image-preview":"max-image-preview:large","max-video-preview":"max-video-preview:-1"},"canonical":"https:\/\/www.krafthand.de\/truck\/artikel\/tip-trailer-services-krafthand-truck-im-gespraech-mit-oliver-bange-32677\/","og_locale":"de_DE","og_type":"article","og_title":"Im Gespr\u00e4ch I Oliver Bange I TIP Trailerservices I Krafthand-Truck","og_description":"Oliver Bange ist Vice President in der Central Region bei TIP Trailer Services. Krafthand-Truck hat mit ihm \u00fcber Pers\u00f6nliches, die Nutzfahrzeugbranche und \u00fcber TIP als Dienstleister gesprochen.","og_url":"https:\/\/www.krafthand-truck.de\/artikel\/tip-trailer-services-krafthand-truck-im-gespraech-mit-oliver-bange-32677\/","og_site_name":"Krafthand-Truck","article_published_time":"2022-06-27T14:30:41+00:00","article_modified_time":"2022-06-27T14:35:07+00:00","og_image":[{"width":1024,"height":457,"url":"https:\/\/static.krafthand-truck.de\/uploads\/2022\/06\/TIP_Trailerservice_Aufmacher_Krafthand_Truck2-1024x457.jpg","type":"image\/jpeg"}],"author":"Redaktion Truck","twitter_card":"summary_large_image","twitter_misc":{"Verfasst von":"Redaktion Truck","Gesch\u00e4tzte Lesezeit":"11\u00a0Minuten"},"schema":{"@context":"https:\/\/schema.org","@graph":[{"@type":"Article","@id":"https:\/\/www.krafthand.de\/truck\/artikel\/tip-trailer-services-krafthand-truck-im-gespraech-mit-oliver-bange-32677\/#article","isPartOf":{"@id":"https:\/\/www.krafthand.de\/truck\/artikel\/tip-trailer-services-krafthand-truck-im-gespraech-mit-oliver-bange-32677\/"},"author":{"name":"Redaktion Truck","@id":"https:\/\/www.krafthand.de\/truck\/#\/schema\/person\/5e47d727209575a4b89376746e24f02f"},"headline":"TIP Trailer Services: Krafthand-Truck im Gespr\u00e4ch mit Oliver Bange","datePublished":"2022-06-27T14:30:41+00:00","dateModified":"2022-06-27T14:35:07+00:00","mainEntityOfPage":{"@id":"https:\/\/www.krafthand.de\/truck\/artikel\/tip-trailer-services-krafthand-truck-im-gespraech-mit-oliver-bange-32677\/"},"wordCount":2125,"image":{"@id":"https:\/\/www.krafthand.de\/truck\/artikel\/tip-trailer-services-krafthand-truck-im-gespraech-mit-oliver-bange-32677\/#primaryimage"},"thumbnailUrl":"https:\/\/static.krafthand-truck.de\/uploads\/2022\/06\/TIP_Trailerservice_Aufmacher_Krafthand_Truck2.jpg","keywords":["Lkw-Vermietung","Nutzfahrzeugvermieter","Oliver Bange","Pema","TIP Trailer Services"],"articleSection":["K\u00f6pfe\/Personen","Unternehmen"],"inLanguage":"de"},{"@type":"WebPage","@id":"https:\/\/www.krafthand.de\/truck\/artikel\/tip-trailer-services-krafthand-truck-im-gespraech-mit-oliver-bange-32677\/","url":"https:\/\/www.krafthand.de\/truck\/artikel\/tip-trailer-services-krafthand-truck-im-gespraech-mit-oliver-bange-32677\/","name":"Im Gespr\u00e4ch I Oliver Bange I TIP Trailerservices I Krafthand-Truck","isPartOf":{"@id":"https:\/\/www.krafthand.de\/truck\/#website"},"primaryImageOfPage":{"@id":"https:\/\/www.krafthand.de\/truck\/artikel\/tip-trailer-services-krafthand-truck-im-gespraech-mit-oliver-bange-32677\/#primaryimage"},"image":{"@id":"https:\/\/www.krafthand.de\/truck\/artikel\/tip-trailer-services-krafthand-truck-im-gespraech-mit-oliver-bange-32677\/#primaryimage"},"thumbnailUrl":"https:\/\/static.krafthand-truck.de\/uploads\/2022\/06\/TIP_Trailerservice_Aufmacher_Krafthand_Truck2.jpg","datePublished":"2022-06-27T14:30:41+00:00","dateModified":"2022-06-27T14:35:07+00:00","author":{"@id":"https:\/\/www.krafthand.de\/truck\/#\/schema\/person\/5e47d727209575a4b89376746e24f02f"},"description":"Oliver Bange ist Vice President in der Central Region bei TIP Trailer Services. Krafthand-Truck hat mit ihm \u00fcber Pers\u00f6nliches, die Nutzfahrzeugbranche und \u00fcber TIP als Dienstleister gesprochen.","breadcrumb":{"@id":"https:\/\/www.krafthand.de\/truck\/artikel\/tip-trailer-services-krafthand-truck-im-gespraech-mit-oliver-bange-32677\/#breadcrumb"},"inLanguage":"de","potentialAction":[{"@type":"ReadAction","target":["https:\/\/www.krafthand.de\/truck\/artikel\/tip-trailer-services-krafthand-truck-im-gespraech-mit-oliver-bange-32677\/"]}]},{"@type":"ImageObject","inLanguage":"de","@id":"https:\/\/www.krafthand.de\/truck\/artikel\/tip-trailer-services-krafthand-truck-im-gespraech-mit-oliver-bange-32677\/#primaryimage","url":"https:\/\/static.krafthand-truck.de\/uploads\/2022\/06\/TIP_Trailerservice_Aufmacher_Krafthand_Truck2.jpg","contentUrl":"https:\/\/static.krafthand-truck.de\/uploads\/2022\/06\/TIP_Trailerservice_Aufmacher_Krafthand_Truck2.jpg","width":2362,"height":1054},{"@type":"BreadcrumbList","@id":"https:\/\/www.krafthand.de\/truck\/artikel\/tip-trailer-services-krafthand-truck-im-gespraech-mit-oliver-bange-32677\/#breadcrumb","itemListElement":[{"@type":"ListItem","position":1,"name":"Krafthand-Truck","item":"https:\/\/www.krafthand.de\/truck\/"},{"@type":"ListItem","position":2,"name":"Nfz-Branche","item":"https:\/\/www.krafthand.de\/truck\/kategorie\/branche\/"},{"@type":"ListItem","position":3,"name":"Unternehmen","item":"https:\/\/www.krafthand.de\/truck\/kategorie\/branche\/unternehmen\/"},{"@type":"ListItem","position":4,"name":"TIP Trailer Services: Krafthand-Truck im Gespr\u00e4ch mit Oliver Bange"}]},{"@type":"WebSite","@id":"https:\/\/www.krafthand.de\/truck\/#website","url":"https:\/\/www.krafthand.de\/truck\/","name":"Krafthand-Truck","description":"","potentialAction":[{"@type":"SearchAction","target":{"@type":"EntryPoint","urlTemplate":"https:\/\/www.krafthand.de\/truck\/?s={search_term_string}"},"query-input":{"@type":"PropertyValueSpecification","valueRequired":true,"valueName":"search_term_string"}}],"inLanguage":"de"},{"@type":"Person","@id":"https:\/\/www.krafthand.de\/truck\/#\/schema\/person\/5e47d727209575a4b89376746e24f02f","name":"Redaktion Truck","image":{"@type":"ImageObject","inLanguage":"de","@id":"https:\/\/secure.gravatar.com\/avatar\/64cedf5d293ad6eb6600c19e949d032ff0090f240174891ab1517d73ead05c87?s=96&d=mm&r=g","url":"https:\/\/secure.gravatar.com\/avatar\/64cedf5d293ad6eb6600c19e949d032ff0090f240174891ab1517d73ead05c87?s=96&d=mm&r=g","contentUrl":"https:\/\/secure.gravatar.com\/avatar\/64cedf5d293ad6eb6600c19e949d032ff0090f240174891ab1517d73ead05c87?s=96&d=mm&r=g","caption":"Redaktion Truck"}}]}},"_links":{"self":[{"href":"https:\/\/www.krafthand.de\/truck\/wp-json\/wp\/v2\/posts\/32677","targetHints":{"allow":["GET"]}}],"collection":[{"href":"https:\/\/www.krafthand.de\/truck\/wp-json\/wp\/v2\/posts"}],"about":[{"href":"https:\/\/www.krafthand.de\/truck\/wp-json\/wp\/v2\/types\/post"}],"author":[{"embeddable":true,"href":"https:\/\/www.krafthand.de\/truck\/wp-json\/wp\/v2\/users\/11"}],"replies":[{"embeddable":true,"href":"https:\/\/www.krafthand.de\/truck\/wp-json\/wp\/v2\/comments?post=32677"}],"version-history":[{"count":17,"href":"https:\/\/www.krafthand.de\/truck\/wp-json\/wp\/v2\/posts\/32677\/revisions"}],"predecessor-version":[{"id":32824,"href":"https:\/\/www.krafthand.de\/truck\/wp-json\/wp\/v2\/posts\/32677\/revisions\/32824"}],"wp:featuredmedia":[{"embeddable":true,"href":"https:\/\/www.krafthand.de\/truck\/wp-json\/wp\/v2\/media\/32820"}],"wp:attachment":[{"href":"https:\/\/www.krafthand.de\/truck\/wp-json\/wp\/v2\/media?parent=32677"}],"wp:term":[{"taxonomy":"category","embeddable":true,"href":"https:\/\/www.krafthand.de\/truck\/wp-json\/wp\/v2\/categories?post=32677"},{"taxonomy":"post_tag","embeddable":true,"href":"https:\/\/www.krafthand.de\/truck\/wp-json\/wp\/v2\/tags?post=32677"},{"taxonomy":"settings","embeddable":true,"href":"https:\/\/www.krafthand.de\/truck\/wp-json\/wp\/v2\/settings?post=32677"}],"curies":[{"name":"wp","href":"https:\/\/api.w.org\/{rel}","templated":true}]}}