{"id":32645,"date":"2022-07-07T15:00:51","date_gmt":"2022-07-07T13:00:51","guid":{"rendered":"https:\/\/www.krafthand.de\/truck\/?p=32645"},"modified":"2022-07-07T15:00:51","modified_gmt":"2022-07-07T13:00:51","slug":"sechs-und-achteiliger-kuehler-adapterkoffer","status":"publish","type":"post","link":"https:\/\/www.krafthand.de\/truck\/artikel\/sechs-und-achteiliger-kuehler-adapterkoffer-32645\/","title":{"rendered":"Sechs- und achteiliger K\u00fchler-Adapterkoffer"},"content":{"rendered":"<p>Zum Pr\u00fcfen von Undichtigkeiten in K\u00fchlsystemen und Heizkreisl\u00e4ufen an Nutzfahrzeugen und Landmaschinen hat der Werkzeugspezialist Hazet jetzt zwei neue K\u00fchler-Adapterkoffer im Programm.<\/p>\n<p>Sie tragen die Artikelnummern 4800\/6 f\u00fcr Landmaschinen (unter anderem passend f\u00fcr Amazone, Claas, Fendt und Massey Fergusson) und 4800\/8 f\u00fcr Lkw (unter anderem passend f\u00fcr DAF und Putzmeister). Beide S\u00e4tze beinhalten verschiedene K\u00fchleradapter f\u00fcr Ausgleichsbeh\u00e4lter, eine K\u00fchlerpumpe und ein flexibles Schlauchst\u00fcck.<\/p>\n<p>Unter <a href=\"https:\/\/www.hazet.de\/de\/der-anwendungs-berater\/\" target=\"_blank\" rel=\"noopener\">www.hazet.de, im Bereich \u201aAnwendungsberater\u2018<\/a>, kann man sich \u00fcber die Zuordnung der einzelnen Teile zu den verschiedenen Fahrzeugtypen informieren.<\/p>\n<p><i>Den Beitrag finden Sie auch in der Print-Ausgabe 2\/2022 der <a href=\"https:\/\/www.krafthand.de\/truck\/magazin\/\" title=\"Zum Magazin\">Krafthand-Truck<\/a>.<\/i><\/p>","protected":false},"excerpt":{"rendered":"<p>Zum Pr\u00fcfen von Undichtigkeiten in K\u00fchlsystemen und Heizkreisl\u00e4ufen an Nutzfahrzeugen und Landmaschinen hat der Werkzeugspezialist Hazet jetzt zwei neue K\u00fchler-Adapterkoffer im Programm. <span class=\"excerpt-more__dots\">&#8230;<\/span> <a class=\"excerpt-more__link\" href=\"https:\/\/www.krafthand.de\/truck\/artikel\/sechs-und-achteiliger-kuehler-adapterkoffer-32645\/\" >weiter<\/a><\/p>\n","protected":false},"author":11,"featured_media":32646,"comment_status":"closed","ping_status":"closed","sticky":false,"template":"","format":"standard","meta":{"footnotes":""},"categories":[4221],"tags":[1585,3229,3230],"settings":[],"class_list":["post-32645","post","type-post","status-publish","format-standard","has-post-thumbnail","hentry","category-werkzeuge","tag-hazet","tag-kuehler","tag-kuehlsystem"],"yoast_head":"<!-- This site is optimized with the Yoast SEO plugin v27.3 - https:\/\/yoast.com\/product\/yoast-seo-wordpress\/ -->\n<title>Sechs- und achteiliger K\u00fchler-Adapterkoffer - Krafthand-Truck<\/title>\n<meta name=\"description\" content=\"Zum Pr\u00fcfen von Undichtigkeiten in K\u00fchlsystemen an Nutzfahrzeugen hat Hazet jetzt zwei neue K\u00fchler-Adapterkoffer im Programm.\" \/>\n<meta name=\"robots\" content=\"index, follow, max-snippet:-1, max-image-preview:large, max-video-preview:-1\" \/>\n<link rel=\"canonical\" href=\"https:\/\/www.krafthand.de\/truck\/artikel\/sechs-und-achteiliger-kuehler-adapterkoffer-32645\/\" \/>\n<meta property=\"og:locale\" content=\"de_DE\" \/>\n<meta property=\"og:type\" content=\"article\" \/>\n<meta property=\"og:title\" content=\"Sechs- und achteiliger K\u00fchler-Adapterkoffer - Krafthand-Truck\" \/>\n<meta property=\"og:description\" content=\"Zum Pr\u00fcfen von Undichtigkeiten in K\u00fchlsystemen an Nutzfahrzeugen hat Hazet jetzt zwei neue K\u00fchler-Adapterkoffer im Programm.\" \/>\n<meta property=\"og:url\" content=\"https:\/\/www.krafthand-truck.de\/artikel\/sechs-und-achteiliger-kuehler-adapterkoffer-32645\/\" \/>\n<meta property=\"og:site_name\" content=\"Krafthand-Truck\" \/>\n<meta property=\"article:published_time\" content=\"2022-07-07T13:00:51+00:00\" \/>\n<meta property=\"og:image\" content=\"https:\/\/static.krafthand-truck.de\/uploads\/2022\/06\/02_2022_028.jpg\" \/>\n\t<meta property=\"og:image:width\" content=\"1323\" \/>\n\t<meta property=\"og:image:height\" content=\"1200\" \/>\n\t<meta property=\"og:image:type\" content=\"image\/jpeg\" \/>\n<meta name=\"author\" content=\"Redaktion Truck\" \/>\n<meta name=\"twitter:card\" content=\"summary_large_image\" \/>\n<meta name=\"twitter:label1\" content=\"Verfasst von\" \/>\n\t<meta name=\"twitter:data1\" content=\"Redaktion Truck\" \/>\n\t<meta name=\"twitter:label2\" content=\"Gesch\u00e4tzte Lesezeit\" \/>\n\t<meta name=\"twitter:data2\" content=\"1\u00a0Minute\" \/>\n<script type=\"application\/ld+json\" class=\"yoast-schema-graph\">{\"@context\":\"https:\\\/\\\/schema.org\",\"@graph\":[{\"@type\":\"Article\",\"@id\":\"https:\\\/\\\/www.krafthand.de\\\/truck\\\/artikel\\\/sechs-und-achteiliger-kuehler-adapterkoffer-32645\\\/#article\",\"isPartOf\":{\"@id\":\"https:\\\/\\\/www.krafthand.de\\\/truck\\\/artikel\\\/sechs-und-achteiliger-kuehler-adapterkoffer-32645\\\/\"},\"author\":{\"name\":\"Redaktion Truck\",\"@id\":\"https:\\\/\\\/www.krafthand.de\\\/truck\\\/#\\\/schema\\\/person\\\/5e47d727209575a4b89376746e24f02f\"},\"headline\":\"Sechs- und achteiliger K\u00fchler-Adapterkoffer\",\"datePublished\":\"2022-07-07T13:00:51+00:00\",\"mainEntityOfPage\":{\"@id\":\"https:\\\/\\\/www.krafthand.de\\\/truck\\\/artikel\\\/sechs-und-achteiliger-kuehler-adapterkoffer-32645\\\/\"},\"wordCount\":101,\"image\":{\"@id\":\"https:\\\/\\\/www.krafthand.de\\\/truck\\\/artikel\\\/sechs-und-achteiliger-kuehler-adapterkoffer-32645\\\/#primaryimage\"},\"thumbnailUrl\":\"https:\\\/\\\/static.krafthand-truck.de\\\/uploads\\\/2022\\\/06\\\/02_2022_028.jpg\",\"keywords\":[\"Hazet\",\"K\u00fchler\",\"K\u00fchlsystem\"],\"articleSection\":[\"Werkzeuge\\\/Tools\"],\"inLanguage\":\"de\"},{\"@type\":\"WebPage\",\"@id\":\"https:\\\/\\\/www.krafthand.de\\\/truck\\\/artikel\\\/sechs-und-achteiliger-kuehler-adapterkoffer-32645\\\/\",\"url\":\"https:\\\/\\\/www.krafthand.de\\\/truck\\\/artikel\\\/sechs-und-achteiliger-kuehler-adapterkoffer-32645\\\/\",\"name\":\"Sechs- und achteiliger K\u00fchler-Adapterkoffer - Krafthand-Truck\",\"isPartOf\":{\"@id\":\"https:\\\/\\\/www.krafthand.de\\\/truck\\\/#website\"},\"primaryImageOfPage\":{\"@id\":\"https:\\\/\\\/www.krafthand.de\\\/truck\\\/artikel\\\/sechs-und-achteiliger-kuehler-adapterkoffer-32645\\\/#primaryimage\"},\"image\":{\"@id\":\"https:\\\/\\\/www.krafthand.de\\\/truck\\\/artikel\\\/sechs-und-achteiliger-kuehler-adapterkoffer-32645\\\/#primaryimage\"},\"thumbnailUrl\":\"https:\\\/\\\/static.krafthand-truck.de\\\/uploads\\\/2022\\\/06\\\/02_2022_028.jpg\",\"datePublished\":\"2022-07-07T13:00:51+00:00\",\"author\":{\"@id\":\"https:\\\/\\\/www.krafthand.de\\\/truck\\\/#\\\/schema\\\/person\\\/5e47d727209575a4b89376746e24f02f\"},\"description\":\"Zum Pr\u00fcfen von Undichtigkeiten in K\u00fchlsystemen an Nutzfahrzeugen hat Hazet jetzt zwei neue K\u00fchler-Adapterkoffer im Programm.\",\"breadcrumb\":{\"@id\":\"https:\\\/\\\/www.krafthand.de\\\/truck\\\/artikel\\\/sechs-und-achteiliger-kuehler-adapterkoffer-32645\\\/#breadcrumb\"},\"inLanguage\":\"de\",\"potentialAction\":[{\"@type\":\"ReadAction\",\"target\":[\"https:\\\/\\\/www.krafthand.de\\\/truck\\\/artikel\\\/sechs-und-achteiliger-kuehler-adapterkoffer-32645\\\/\"]}]},{\"@type\":\"ImageObject\",\"inLanguage\":\"de\",\"@id\":\"https:\\\/\\\/www.krafthand.de\\\/truck\\\/artikel\\\/sechs-und-achteiliger-kuehler-adapterkoffer-32645\\\/#primaryimage\",\"url\":\"https:\\\/\\\/static.krafthand-truck.de\\\/uploads\\\/2022\\\/06\\\/02_2022_028.jpg\",\"contentUrl\":\"https:\\\/\\\/static.krafthand-truck.de\\\/uploads\\\/2022\\\/06\\\/02_2022_028.jpg\",\"width\":1323,\"height\":1200,\"caption\":\"Bild: Hazet\"},{\"@type\":\"BreadcrumbList\",\"@id\":\"https:\\\/\\\/www.krafthand.de\\\/truck\\\/artikel\\\/sechs-und-achteiliger-kuehler-adapterkoffer-32645\\\/#breadcrumb\",\"itemListElement\":[{\"@type\":\"ListItem\",\"position\":1,\"name\":\"Krafthand-Truck\",\"item\":\"https:\\\/\\\/www.krafthand.de\\\/truck\\\/\"},{\"@type\":\"ListItem\",\"position\":2,\"name\":\"Nfz-Service\",\"item\":\"https:\\\/\\\/www.krafthand.de\\\/truck\\\/kategorie\\\/nfz-service\\\/\"},{\"@type\":\"ListItem\",\"position\":3,\"name\":\"Werkzeuge\\\/Tools\",\"item\":\"https:\\\/\\\/www.krafthand.de\\\/truck\\\/kategorie\\\/nfz-service\\\/werkzeuge\\\/\"},{\"@type\":\"ListItem\",\"position\":4,\"name\":\"Sechs- und achteiliger K\u00fchler-Adapterkoffer\"}]},{\"@type\":\"WebSite\",\"@id\":\"https:\\\/\\\/www.krafthand.de\\\/truck\\\/#website\",\"url\":\"https:\\\/\\\/www.krafthand.de\\\/truck\\\/\",\"name\":\"Krafthand-Truck\",\"description\":\"\",\"potentialAction\":[{\"@type\":\"SearchAction\",\"target\":{\"@type\":\"EntryPoint\",\"urlTemplate\":\"https:\\\/\\\/www.krafthand.de\\\/truck\\\/?s={search_term_string}\"},\"query-input\":{\"@type\":\"PropertyValueSpecification\",\"valueRequired\":true,\"valueName\":\"search_term_string\"}}],\"inLanguage\":\"de\"},{\"@type\":\"Person\",\"@id\":\"https:\\\/\\\/www.krafthand.de\\\/truck\\\/#\\\/schema\\\/person\\\/5e47d727209575a4b89376746e24f02f\",\"name\":\"Redaktion Truck\",\"image\":{\"@type\":\"ImageObject\",\"inLanguage\":\"de\",\"@id\":\"https:\\\/\\\/secure.gravatar.com\\\/avatar\\\/64cedf5d293ad6eb6600c19e949d032ff0090f240174891ab1517d73ead05c87?s=96&d=mm&r=g\",\"url\":\"https:\\\/\\\/secure.gravatar.com\\\/avatar\\\/64cedf5d293ad6eb6600c19e949d032ff0090f240174891ab1517d73ead05c87?s=96&d=mm&r=g\",\"contentUrl\":\"https:\\\/\\\/secure.gravatar.com\\\/avatar\\\/64cedf5d293ad6eb6600c19e949d032ff0090f240174891ab1517d73ead05c87?s=96&d=mm&r=g\",\"caption\":\"Redaktion Truck\"}}]}<\/script>\n<!-- \/ Yoast SEO plugin. -->","yoast_head_json":{"title":"Sechs- und achteiliger K\u00fchler-Adapterkoffer - Krafthand-Truck","description":"Zum Pr\u00fcfen von Undichtigkeiten in K\u00fchlsystemen an Nutzfahrzeugen hat Hazet jetzt zwei neue K\u00fchler-Adapterkoffer im Programm.","robots":{"index":"index","follow":"follow","max-snippet":"max-snippet:-1","max-image-preview":"max-image-preview:large","max-video-preview":"max-video-preview:-1"},"canonical":"https:\/\/www.krafthand.de\/truck\/artikel\/sechs-und-achteiliger-kuehler-adapterkoffer-32645\/","og_locale":"de_DE","og_type":"article","og_title":"Sechs- und achteiliger K\u00fchler-Adapterkoffer - Krafthand-Truck","og_description":"Zum Pr\u00fcfen von Undichtigkeiten in K\u00fchlsystemen an Nutzfahrzeugen hat Hazet jetzt zwei neue K\u00fchler-Adapterkoffer im Programm.","og_url":"https:\/\/www.krafthand-truck.de\/artikel\/sechs-und-achteiliger-kuehler-adapterkoffer-32645\/","og_site_name":"Krafthand-Truck","article_published_time":"2022-07-07T13:00:51+00:00","og_image":[{"width":1323,"height":1200,"url":"https:\/\/static.krafthand-truck.de\/uploads\/2022\/06\/02_2022_028.jpg","type":"image\/jpeg"}],"author":"Redaktion Truck","twitter_card":"summary_large_image","twitter_misc":{"Verfasst von":"Redaktion Truck","Gesch\u00e4tzte Lesezeit":"1\u00a0Minute"},"schema":{"@context":"https:\/\/schema.org","@graph":[{"@type":"Article","@id":"https:\/\/www.krafthand.de\/truck\/artikel\/sechs-und-achteiliger-kuehler-adapterkoffer-32645\/#article","isPartOf":{"@id":"https:\/\/www.krafthand.de\/truck\/artikel\/sechs-und-achteiliger-kuehler-adapterkoffer-32645\/"},"author":{"name":"Redaktion Truck","@id":"https:\/\/www.krafthand.de\/truck\/#\/schema\/person\/5e47d727209575a4b89376746e24f02f"},"headline":"Sechs- und achteiliger K\u00fchler-Adapterkoffer","datePublished":"2022-07-07T13:00:51+00:00","mainEntityOfPage":{"@id":"https:\/\/www.krafthand.de\/truck\/artikel\/sechs-und-achteiliger-kuehler-adapterkoffer-32645\/"},"wordCount":101,"image":{"@id":"https:\/\/www.krafthand.de\/truck\/artikel\/sechs-und-achteiliger-kuehler-adapterkoffer-32645\/#primaryimage"},"thumbnailUrl":"https:\/\/static.krafthand-truck.de\/uploads\/2022\/06\/02_2022_028.jpg","keywords":["Hazet","K\u00fchler","K\u00fchlsystem"],"articleSection":["Werkzeuge\/Tools"],"inLanguage":"de"},{"@type":"WebPage","@id":"https:\/\/www.krafthand.de\/truck\/artikel\/sechs-und-achteiliger-kuehler-adapterkoffer-32645\/","url":"https:\/\/www.krafthand.de\/truck\/artikel\/sechs-und-achteiliger-kuehler-adapterkoffer-32645\/","name":"Sechs- und achteiliger K\u00fchler-Adapterkoffer - Krafthand-Truck","isPartOf":{"@id":"https:\/\/www.krafthand.de\/truck\/#website"},"primaryImageOfPage":{"@id":"https:\/\/www.krafthand.de\/truck\/artikel\/sechs-und-achteiliger-kuehler-adapterkoffer-32645\/#primaryimage"},"image":{"@id":"https:\/\/www.krafthand.de\/truck\/artikel\/sechs-und-achteiliger-kuehler-adapterkoffer-32645\/#primaryimage"},"thumbnailUrl":"https:\/\/static.krafthand-truck.de\/uploads\/2022\/06\/02_2022_028.jpg","datePublished":"2022-07-07T13:00:51+00:00","author":{"@id":"https:\/\/www.krafthand.de\/truck\/#\/schema\/person\/5e47d727209575a4b89376746e24f02f"},"description":"Zum Pr\u00fcfen von Undichtigkeiten in K\u00fchlsystemen an Nutzfahrzeugen hat Hazet jetzt zwei neue K\u00fchler-Adapterkoffer im Programm.","breadcrumb":{"@id":"https:\/\/www.krafthand.de\/truck\/artikel\/sechs-und-achteiliger-kuehler-adapterkoffer-32645\/#breadcrumb"},"inLanguage":"de","potentialAction":[{"@type":"ReadAction","target":["https:\/\/www.krafthand.de\/truck\/artikel\/sechs-und-achteiliger-kuehler-adapterkoffer-32645\/"]}]},{"@type":"ImageObject","inLanguage":"de","@id":"https:\/\/www.krafthand.de\/truck\/artikel\/sechs-und-achteiliger-kuehler-adapterkoffer-32645\/#primaryimage","url":"https:\/\/static.krafthand-truck.de\/uploads\/2022\/06\/02_2022_028.jpg","contentUrl":"https:\/\/static.krafthand-truck.de\/uploads\/2022\/06\/02_2022_028.jpg","width":1323,"height":1200,"caption":"Bild: Hazet"},{"@type":"BreadcrumbList","@id":"https:\/\/www.krafthand.de\/truck\/artikel\/sechs-und-achteiliger-kuehler-adapterkoffer-32645\/#breadcrumb","itemListElement":[{"@type":"ListItem","position":1,"name":"Krafthand-Truck","item":"https:\/\/www.krafthand.de\/truck\/"},{"@type":"ListItem","position":2,"name":"Nfz-Service","item":"https:\/\/www.krafthand.de\/truck\/kategorie\/nfz-service\/"},{"@type":"ListItem","position":3,"name":"Werkzeuge\/Tools","item":"https:\/\/www.krafthand.de\/truck\/kategorie\/nfz-service\/werkzeuge\/"},{"@type":"ListItem","position":4,"name":"Sechs- und achteiliger K\u00fchler-Adapterkoffer"}]},{"@type":"WebSite","@id":"https:\/\/www.krafthand.de\/truck\/#website","url":"https:\/\/www.krafthand.de\/truck\/","name":"Krafthand-Truck","description":"","potentialAction":[{"@type":"SearchAction","target":{"@type":"EntryPoint","urlTemplate":"https:\/\/www.krafthand.de\/truck\/?s={search_term_string}"},"query-input":{"@type":"PropertyValueSpecification","valueRequired":true,"valueName":"search_term_string"}}],"inLanguage":"de"},{"@type":"Person","@id":"https:\/\/www.krafthand.de\/truck\/#\/schema\/person\/5e47d727209575a4b89376746e24f02f","name":"Redaktion Truck","image":{"@type":"ImageObject","inLanguage":"de","@id":"https:\/\/secure.gravatar.com\/avatar\/64cedf5d293ad6eb6600c19e949d032ff0090f240174891ab1517d73ead05c87?s=96&d=mm&r=g","url":"https:\/\/secure.gravatar.com\/avatar\/64cedf5d293ad6eb6600c19e949d032ff0090f240174891ab1517d73ead05c87?s=96&d=mm&r=g","contentUrl":"https:\/\/secure.gravatar.com\/avatar\/64cedf5d293ad6eb6600c19e949d032ff0090f240174891ab1517d73ead05c87?s=96&d=mm&r=g","caption":"Redaktion Truck"}}]}},"_links":{"self":[{"href":"https:\/\/www.krafthand.de\/truck\/wp-json\/wp\/v2\/posts\/32645","targetHints":{"allow":["GET"]}}],"collection":[{"href":"https:\/\/www.krafthand.de\/truck\/wp-json\/wp\/v2\/posts"}],"about":[{"href":"https:\/\/www.krafthand.de\/truck\/wp-json\/wp\/v2\/types\/post"}],"author":[{"embeddable":true,"href":"https:\/\/www.krafthand.de\/truck\/wp-json\/wp\/v2\/users\/11"}],"replies":[{"embeddable":true,"href":"https:\/\/www.krafthand.de\/truck\/wp-json\/wp\/v2\/comments?post=32645"}],"version-history":[{"count":4,"href":"https:\/\/www.krafthand.de\/truck\/wp-json\/wp\/v2\/posts\/32645\/revisions"}],"predecessor-version":[{"id":32902,"href":"https:\/\/www.krafthand.de\/truck\/wp-json\/wp\/v2\/posts\/32645\/revisions\/32902"}],"wp:featuredmedia":[{"embeddable":true,"href":"https:\/\/www.krafthand.de\/truck\/wp-json\/wp\/v2\/media\/32646"}],"wp:attachment":[{"href":"https:\/\/www.krafthand.de\/truck\/wp-json\/wp\/v2\/media?parent=32645"}],"wp:term":[{"taxonomy":"category","embeddable":true,"href":"https:\/\/www.krafthand.de\/truck\/wp-json\/wp\/v2\/categories?post=32645"},{"taxonomy":"post_tag","embeddable":true,"href":"https:\/\/www.krafthand.de\/truck\/wp-json\/wp\/v2\/tags?post=32645"},{"taxonomy":"settings","embeddable":true,"href":"https:\/\/www.krafthand.de\/truck\/wp-json\/wp\/v2\/settings?post=32645"}],"curies":[{"name":"wp","href":"https:\/\/api.w.org\/{rel}","templated":true}]}}