{"id":32629,"date":"2022-06-21T10:11:55","date_gmt":"2022-06-21T08:11:55","guid":{"rendered":"https:\/\/www.krafthand.de\/truck\/?p=32629"},"modified":"2022-06-24T12:22:13","modified_gmt":"2022-06-24T10:22:13","slug":"messe-highlight-von-mercedes-benz-trucks-auf-der-iaa-transportation-der-eactros-longhaul","status":"publish","type":"post","link":"https:\/\/www.krafthand.de\/truck\/artikel\/messe-highlight-von-mercedes-benz-trucks-auf-der-iaa-transportation-der-eactros-longhaul-32629\/","title":{"rendered":"IAA Transportation: Mercedes-Benz Trucks zeigt den eActros LongHaul"},"content":{"rendered":"<p>Der batterieelektrische Fernverkehrs-Lkw eActros LongHaul soll das Messe-Highlight von Mercedes-Benz Trucks auf der diesj\u00e4hrigen <a href=\"https:\/\/iaa-transportation.com\/de\" target=\"_blank\" rel=\"noopener\">IAA Transportation<\/a> im September in Hannover werden. Im Jahr 2020 hat der Hersteller den 40-Tonner angek\u00fcndigt, genau zwei Jahre sp\u00e4ter stellt er erstmals den \u201eKonzept-Prototyp\u201c vor: Der auf der IAA gezeigte eActros LongHaul gibt einen Ausblick auf die Designsprache des Serienfahrzeugs, zudem ist die Sattelzugmaschine Teil der eActros LongHaul Testflotte.<\/p>\n<p>Erste Prototypen durchlaufen laut Mercedes-Benz Trucks bereits intensive Tests. Noch in diesem Jahr erfolgt die Erprobung des eActros LongHaul auf \u00f6ffentlichen Stra\u00dfen. Im kommenden Jahr sollen dann seriennahe Prototypen an Kunden f\u00fcr Tests geliefert werden. Die Serienreife ist f\u00fcr das Jahr 2024 geplant. Der eActros LongHaul wird mit einer Batterieaufladung \u00fcber eine Reichweite von etwa 500 Kilometer verf\u00fcgen. Der E-Lkw wird das Hochleistungsladen &#8211; das sogenannte Megawatt-Charging &#8211; erm\u00f6glichen.<\/p>\n<p>Zus\u00e4tzlich zum eActros LongHaul wird Mercedes-Benz Trucks weitere batterieelektrische Lkw-Neuheiten auf der IAA pr\u00e4sentieren. Bereits seit Oktober 2021 l\u00e4uft der eActros f\u00fcr den schweren Verteilerverkehr im <a href=\"https:\/\/www.krafthand.de\/truck\/artikel\/produktionsstart-eactros-im-mercedes-benz-werk-woerth-29678\/\" target=\"_blank\" rel=\"noopener\">Werk W\u00f6rth in Serie<\/a> vom Band. Im Juli folgt der eEconic f\u00fcr den Kommunaleinsatz. Mercedes-Benz Trucks verfolgt das Ziel, bis 2030 den Anteil lokal CO2-neutraler Neufahrzeuge in Europa auf \u00fcber 50 Prozent zu erh\u00f6hen.<\/p>\n<blockquote><p><a href=\"https:\/\/www.krafthand.de\/truck\/artikel\/karin-radstroem-leitet-mercedes-benz-lkw-26406\/\" target=\"_blank\" rel=\"noopener\">Karin R\u00e5dstr\u00f6m<\/a>, CEO Mercedes-Benz Trucks: \u201eDie Elektrifizierung des schweren Fernverkehrs ist der n\u00e4chste Meilenstein auf dem Weg zum CO2-neutralen Transport. Der eActros LongHaul soll f\u00fcr unsere Kunden als batterieelektrisches Fahrzeug wirtschaftlich sein. Mein Team und ich freuen uns darauf, diesen innovativen Lkw unseren Kunden und der \u00d6ffentlichkeit im September zu pr\u00e4sentieren.\u201c<\/p><\/blockquote>\n<h3>Technische Spezifikationen<\/h3>\n<p>Im eActros LongHaul sollen Batterien mit <strong>Lithium-Eisenphosphat-Zelltechnologie<\/strong> (LFP) zum Einsatz kommen. Diese zeichnen sich vor allem durch eine hohe Lebensdauer und mehr nutzbare Energie aus. Die Batterien lassen sich an einer Lades\u00e4ule mit etwa einem Megawatt Leistung den Angaben zufolge in deutlich unter 30 Minuten von 20 auf 80 Prozent aufladen. Die hohe Reichweite mit einer Batterie-Aufladung in Verbindung mit dem Megawatt-Laden erm\u00f6glicht laut Mercedes-Benz Trucks Gesamtreichweiten auf dem Niveau konventioneller Lkw und damit den Einsatz im Zweischichtbetrieb. Das Fahrzeug soll sich zudem durch einen besonders ausbalancierten Antrieb f\u00fcr ein sehr angenehmes Fahrerlebnis auszeichnen. Dar\u00fcber hinaus verf\u00fcgt der eActros LongHaul \u00fcber zahlreiche Sicherheitsinnovationen.<\/p>\n<figure id=\"attachment_32637\" aria-describedby=\"caption-attachment-32637\" style=\"width: 480px\" class=\"wp-caption alignleft\"><a href=\"https:\/\/static.krafthand-truck.de\/uploads\/2022\/06\/Mercedes_Benz_Trucks_eActros_LongHaul_Krafthand_Truck_02.jpg\" target=\"_blank\" rel=\"noopener\"><img fetchpriority=\"high\" decoding=\"async\" class=\"wp-image-32637\" src=\"https:\/\/static.krafthand-truck.de\/uploads\/2022\/06\/Mercedes_Benz_Trucks_eActros_LongHaul_Krafthand_Truck_02-300x212.jpg\" alt=\"\" width=\"480\" height=\"339\" srcset=\"https:\/\/static.krafthand-truck.de\/uploads\/2022\/06\/Mercedes_Benz_Trucks_eActros_LongHaul_Krafthand_Truck_02-300x212.jpg 300w, https:\/\/static.krafthand-truck.de\/uploads\/2022\/06\/Mercedes_Benz_Trucks_eActros_LongHaul_Krafthand_Truck_02-1024x724.jpg 1024w, https:\/\/static.krafthand-truck.de\/uploads\/2022\/06\/Mercedes_Benz_Trucks_eActros_LongHaul_Krafthand_Truck_02-768x543.jpg 768w, https:\/\/static.krafthand-truck.de\/uploads\/2022\/06\/Mercedes_Benz_Trucks_eActros_LongHaul_Krafthand_Truck_02.jpg 1200w\" sizes=\"(max-width: 480px) 100vw, 480px\" \/><\/a><figcaption id=\"caption-attachment-32637\" class=\"wp-caption-text\">Der eActros LongHaul wird mit einer Batterieaufladung \u00fcber eine Reichweite von etwa 500 Kilometer verf\u00fcgen.<\/figcaption><\/figure>\n<p>&nbsp;<\/p>\n<h3>Vorteile des Mercedes-Benz eActros LongHaul<\/h3>\n<p>Batterieelektrische Antriebe weisen den h\u00f6chsten Wirkungsgrad unter den alternativen Antrieben auf. Der eActros LongHaul bietet daher mit seinem rein batterieelektrischen Antrieb eine hohe Energieeffizienz. Dies gew\u00e4hrt Transportunternehmen in den f\u00fcr den eActros LongHaul vorgesehenen Einsatzszenarien signifikante wirtschaftliche Vorteile.\u00a0Ein gro\u00dfer Teil der Fernverkehrs\u00ad-Anwendungen in der Betriebspraxis von Transporteuren erfordert allein aufgrund der Strecke ohnehin keine gr\u00f6\u00dfere Reichweite als die etwa 500 km, die der eActros LongHaul mit einer Aufladung erm\u00f6glichen wird. Zus\u00e4tzlich beschr\u00e4nken gesetzliche Vorgaben bei den Lenkzeiten von Lkw-Fahrern je nach Fall die Notwendigkeit gr\u00f6\u00dferer Reichweiten. So m\u00fcssen beispielsweise Lkw-Fahrer in der EU nach sp\u00e4testens 4,5 Stunden Lenkzeit mindestens 45 Minuten Pause einlegen. In dieser Zeit kann die Energie f\u00fcr die Weiterfahrt nachgeladen werden. Im regelm\u00e4\u00dfigen Einsatz auf planbaren Routen und bei entsprechenden Entfernungen und Ladem\u00f6glichkeiten wird der eActros LongHaul somit das passende Angebot f\u00fcr Transportunternehmen sein.<\/p>\n<h3>Engagement mit Partnern f\u00fcr Ladeinfrastruktur<\/h3>\n<p>Beim \u00f6ffentlichen Laden f\u00fcr den Fernverkehr haben Daimler Truck, die Traton Group und die Volvo Group eine <a href=\"https:\/\/www.krafthand.de\/truck\/artikel\/ladeinfrastruktur-daimler-truck-traton-und-volvo-kooperieren-30701\/\" target=\"_blank\" rel=\"noopener\">verbindliche Vereinbarung<\/a> zur Gr\u00fcndung eines Joint Ventures unterzeichnet. Diese sieht den Aufbau und Betrieb eines \u00f6ffentlichen Hochleistungs-Ladenetzes f\u00fcr batterieelektrische schwere Fernverkehrs-Lkw und Reisebusse in Europa vor. Das Ladenetz der drei Parteien soll Flottenbetreibern in Europa markenunabh\u00e4ngig zur Verf\u00fcgung stehen. In Sachen Depotladen arbeitet Mercedes-Benz Trucks mit <a href=\"https:\/\/new.siemens.com\/de\/de\/unternehmen\/themenfelder\/smart-infrastructure.html\" target=\"_blank\" rel=\"noopener\">Siemens Smart Infrastructure<\/a> und <a href=\"https:\/\/www.engie-deutschland.de\/de\" target=\"_blank\" rel=\"noopener\">ENGIE<\/a> zusammen.<br \/>\nDar\u00fcber hinaus beteiligt sich Daimler Truck am Projekt \u201eHochleistungsladen im Lkw-Fernverkehr\u201c (<a href=\"https:\/\/hochleistungsladen-lkw.de\/hola-de\/index.php\" target=\"_blank\" rel=\"noopener\">HoLa<\/a>). Ziel des Projekts unter der Schirmherrschaft des VDA sind Planung, Errichtung und Betrieb einer ausgew\u00e4hlten Hochleistungs-Ladeinfrastruktur f\u00fcr den batterie-elektrischen Lkw-Fernverkehr. Dabei sollen an vier Standorten in Deutschland je zwei Hochleistungsladepunkte mit dem Megawatt Charging System (MCS) aufgebaut und im realen Praxiseinsatz getestet werden. Am Projekt sind verschiedene weitere Konsortialpartner aus Industrie und Forschung beteiligt.<\/p>\n<p>&nbsp;<\/p>\n<figure id=\"attachment_32638\" aria-describedby=\"caption-attachment-32638\" style=\"width: 1200px\" class=\"wp-caption aligncenter\"><img decoding=\"async\" class=\"wp-image-32638 size-full\" src=\"https:\/\/static.krafthand-truck.de\/uploads\/2022\/06\/Mercedes_Benz_Trucks_eActros_LongHaul_Krafthand_Truck_03.jpg\" alt=\"\" width=\"1200\" height=\"602\" srcset=\"https:\/\/static.krafthand-truck.de\/uploads\/2022\/06\/Mercedes_Benz_Trucks_eActros_LongHaul_Krafthand_Truck_03.jpg 1200w, https:\/\/static.krafthand-truck.de\/uploads\/2022\/06\/Mercedes_Benz_Trucks_eActros_LongHaul_Krafthand_Truck_03-300x151.jpg 300w, https:\/\/static.krafthand-truck.de\/uploads\/2022\/06\/Mercedes_Benz_Trucks_eActros_LongHaul_Krafthand_Truck_03-1024x514.jpg 1024w, https:\/\/static.krafthand-truck.de\/uploads\/2022\/06\/Mercedes_Benz_Trucks_eActros_LongHaul_Krafthand_Truck_03-768x385.jpg 768w\" sizes=\"(max-width: 1200px) 100vw, 1200px\" \/><figcaption id=\"caption-attachment-32638\" class=\"wp-caption-text\">Ein CO2-neutraler Transport auf den Stra\u00dfen bis 2050 ist das Ziel von Mercedes-Benz Trucks. Der LongHaul soll seinen Beitrag dazu leisten.<\/figcaption><\/figure>\n<p>&nbsp;<\/p>\n<h3>Das Ziel: Der CO2-neutraler Transport auf den Stra\u00dfen bis 2050<\/h3>\n<p>Daimler Truck hat die Ambition, bis zum Jahr 2039 in Europa, Japan und Nordamerika nur noch Neufahrzeuge anzubieten, die im Fahrbetrieb (\u201etank-to-wheel\u201c) CO2-neutral sind. Bereits seit 2018 beziehungsweise 2021 rollen die beiden batterieelektrischen Modelle Mercedes-Benz eCitaro und Mercedes-Benz eActros in Serienproduktion vom Band. Der Mercedes-Benz eEconic, der FUSO eCanter und der Freightliner eCascadia folgen noch in diesem Jahr und weitere lokal CO2-neutrale Fahrzeuge sind bereits in Planung. Ab der zweiten H\u00e4lfte der Dekade will das Unternehmen sein Fahrzeugangebot zus\u00e4tzlich um Serienfahrzeuge mit wasserstoffbasiertem Brennstoffzellenantrieb erg\u00e4nzen. Ein CO2-neutraler Transport auf den Stra\u00dfen bis 2050 ist das ultimative Ziel.<\/p>\n\r\n\t\t\t\t<div class=\"post-author\">\r\n\t\t\t\t\t<div class=\"khm-cp-author clearfix\">\r\n\t\t\t\t\t\t<div class=\"khm-cp-author__content\">\r\n\t\t\t\t\t\t\t\tKontakt zum Autor:<br \/>\r\n\t\t\t\t\t\t\t\t<strong>Georg Blenk<\/strong>, 08247 \/ 3007-45 |  <a href=\"mailto:georg.blenk@krafthand-medien.de\">georg.blenk@krafthand-medien.de<\/a>\r\n\t\t\t\t\t\t\t<div class=\"khm-cp-author__image\">\r\n\t\t\t\t\t\t<img src=\"https:\/\/static.krafthand-truck.de\/uploads\/2021\/01\/Blenk_6104-250x300-1-removebg-preview.png\" class=\"img-responsive\">\r\n\t\t\t\t\t<\/div>\r\n\t\t\t\t\t\t<\/div>\r\n\t\t\t\t\t<\/div>\r\n\t\t\t\t<\/div>\r\n\t\t\t\t","protected":false},"excerpt":{"rendered":"<p>Der batterieelektrische Fernverkehrs-Lkw eActros LongHaul soll das Messe-Highlight von Mercedes-Benz Trucks auf der diesj\u00e4hrigen IAA Transportation im September in Hannover werden. Mercedes-Benz Trucks liefert einen ersten Einblick, was den 40-Tonner betrifft. <span class=\"excerpt-more__dots\">&#8230;<\/span> <a class=\"excerpt-more__link\" href=\"https:\/\/www.krafthand.de\/truck\/artikel\/messe-highlight-von-mercedes-benz-trucks-auf-der-iaa-transportation-der-eactros-longhaul-32629\/\" >weiter<\/a><\/p>\n","protected":false},"author":9,"featured_media":32632,"comment_status":"closed","ping_status":"closed","sticky":false,"template":"","format":"standard","meta":{"footnotes":""},"categories":[4224,4915],"tags":[4450,5238,5237,5239],"settings":[3524,4766,3523],"class_list":["post-32629","post","type-post","status-publish","format-standard","has-post-thumbnail","hentry","category-e-antrieb","category-neue-fahrzeuge","tag-eactros","tag-iaa-transportation","tag-longhaul","tag-mercedes-benz-trucks"],"yoast_head":"<!-- This site is optimized with the Yoast SEO plugin v27.3 - https:\/\/yoast.com\/product\/yoast-seo-wordpress\/ -->\n<title>Erster Einblick I Der eActros LongHaul I IAA Transportation<\/title>\n<meta name=\"description\" content=\"Der batterieelektrische Fernverkehrs-Lkw eActros LongHaul soll das Messe-Highlight von Mercedes-Benz Trucks auf der diesj\u00e4hrigen IAA Transportation im September in Hannover werden.\" \/>\n<meta name=\"robots\" content=\"index, follow, max-snippet:-1, max-image-preview:large, max-video-preview:-1\" \/>\n<link rel=\"canonical\" href=\"https:\/\/www.krafthand.de\/truck\/artikel\/messe-highlight-von-mercedes-benz-trucks-auf-der-iaa-transportation-der-eactros-longhaul-32629\/\" \/>\n<meta property=\"og:locale\" content=\"de_DE\" \/>\n<meta property=\"og:type\" content=\"article\" \/>\n<meta property=\"og:title\" content=\"Erster Einblick I Der eActros LongHaul I IAA Transportation\" \/>\n<meta property=\"og:description\" content=\"Der batterieelektrische Fernverkehrs-Lkw eActros LongHaul soll das Messe-Highlight von Mercedes-Benz Trucks auf der diesj\u00e4hrigen IAA Transportation im September in Hannover werden.\" \/>\n<meta property=\"og:url\" content=\"https:\/\/www.krafthand-truck.de\/artikel\/messe-highlight-von-mercedes-benz-trucks-auf-der-iaa-transportation-der-eactros-longhaul-32629\/\" \/>\n<meta property=\"og:site_name\" content=\"Krafthand-Truck\" \/>\n<meta property=\"article:published_time\" content=\"2022-06-21T08:11:55+00:00\" \/>\n<meta property=\"article:modified_time\" content=\"2022-06-24T10:22:13+00:00\" \/>\n<meta property=\"og:image\" content=\"https:\/\/static.krafthand-truck.de\/uploads\/2022\/06\/Mercedes_Benz_Trucks_eActros_LongHaul_Krafthand_Truck_01.jpg\" \/>\n\t<meta property=\"og:image:width\" content=\"1200\" \/>\n\t<meta property=\"og:image:height\" content=\"649\" \/>\n\t<meta property=\"og:image:type\" content=\"image\/jpeg\" \/>\n<meta name=\"author\" content=\"georg.blenk@krafthand-medien.de\" \/>\n<meta name=\"twitter:card\" content=\"summary_large_image\" \/>\n<meta name=\"twitter:label1\" content=\"Verfasst von\" \/>\n\t<meta name=\"twitter:data1\" content=\"georg.blenk@krafthand-medien.de\" \/>\n\t<meta name=\"twitter:label2\" content=\"Gesch\u00e4tzte Lesezeit\" \/>\n\t<meta name=\"twitter:data2\" content=\"4\u00a0Minuten\" \/>\n<script type=\"application\/ld+json\" class=\"yoast-schema-graph\">{\"@context\":\"https:\\\/\\\/schema.org\",\"@graph\":[{\"@type\":\"Article\",\"@id\":\"https:\\\/\\\/www.krafthand.de\\\/truck\\\/artikel\\\/messe-highlight-von-mercedes-benz-trucks-auf-der-iaa-transportation-der-eactros-longhaul-32629\\\/#article\",\"isPartOf\":{\"@id\":\"https:\\\/\\\/www.krafthand.de\\\/truck\\\/artikel\\\/messe-highlight-von-mercedes-benz-trucks-auf-der-iaa-transportation-der-eactros-longhaul-32629\\\/\"},\"author\":{\"name\":\"georg.blenk@krafthand-medien.de\",\"@id\":\"https:\\\/\\\/www.krafthand.de\\\/truck\\\/#\\\/schema\\\/person\\\/51fa80b1c57034c4bf63f9f988fc24ce\"},\"headline\":\"IAA Transportation: Mercedes-Benz Trucks zeigt den eActros LongHaul\",\"datePublished\":\"2022-06-21T08:11:55+00:00\",\"dateModified\":\"2022-06-24T10:22:13+00:00\",\"mainEntityOfPage\":{\"@id\":\"https:\\\/\\\/www.krafthand.de\\\/truck\\\/artikel\\\/messe-highlight-von-mercedes-benz-trucks-auf-der-iaa-transportation-der-eactros-longhaul-32629\\\/\"},\"wordCount\":845,\"image\":{\"@id\":\"https:\\\/\\\/www.krafthand.de\\\/truck\\\/artikel\\\/messe-highlight-von-mercedes-benz-trucks-auf-der-iaa-transportation-der-eactros-longhaul-32629\\\/#primaryimage\"},\"thumbnailUrl\":\"https:\\\/\\\/static.krafthand-truck.de\\\/uploads\\\/2022\\\/06\\\/Mercedes_Benz_Trucks_eActros_LongHaul_Krafthand_Truck_01.jpg\",\"keywords\":[\"eActros\",\"IAA Transportation\",\"LongHaul\",\"Mercedes-Benz Trucks\"],\"articleSection\":[\"E-Antrieb (BEV\\\/FCEV)\",\"Neue Fahrzeuge\"],\"inLanguage\":\"de\"},{\"@type\":\"WebPage\",\"@id\":\"https:\\\/\\\/www.krafthand.de\\\/truck\\\/artikel\\\/messe-highlight-von-mercedes-benz-trucks-auf-der-iaa-transportation-der-eactros-longhaul-32629\\\/\",\"url\":\"https:\\\/\\\/www.krafthand.de\\\/truck\\\/artikel\\\/messe-highlight-von-mercedes-benz-trucks-auf-der-iaa-transportation-der-eactros-longhaul-32629\\\/\",\"name\":\"Erster Einblick I Der eActros LongHaul I IAA Transportation\",\"isPartOf\":{\"@id\":\"https:\\\/\\\/www.krafthand.de\\\/truck\\\/#website\"},\"primaryImageOfPage\":{\"@id\":\"https:\\\/\\\/www.krafthand.de\\\/truck\\\/artikel\\\/messe-highlight-von-mercedes-benz-trucks-auf-der-iaa-transportation-der-eactros-longhaul-32629\\\/#primaryimage\"},\"image\":{\"@id\":\"https:\\\/\\\/www.krafthand.de\\\/truck\\\/artikel\\\/messe-highlight-von-mercedes-benz-trucks-auf-der-iaa-transportation-der-eactros-longhaul-32629\\\/#primaryimage\"},\"thumbnailUrl\":\"https:\\\/\\\/static.krafthand-truck.de\\\/uploads\\\/2022\\\/06\\\/Mercedes_Benz_Trucks_eActros_LongHaul_Krafthand_Truck_01.jpg\",\"datePublished\":\"2022-06-21T08:11:55+00:00\",\"dateModified\":\"2022-06-24T10:22:13+00:00\",\"author\":{\"@id\":\"https:\\\/\\\/www.krafthand.de\\\/truck\\\/#\\\/schema\\\/person\\\/51fa80b1c57034c4bf63f9f988fc24ce\"},\"description\":\"Der batterieelektrische Fernverkehrs-Lkw eActros LongHaul soll das Messe-Highlight von Mercedes-Benz Trucks auf der diesj\u00e4hrigen IAA Transportation im September in Hannover werden.\",\"breadcrumb\":{\"@id\":\"https:\\\/\\\/www.krafthand.de\\\/truck\\\/artikel\\\/messe-highlight-von-mercedes-benz-trucks-auf-der-iaa-transportation-der-eactros-longhaul-32629\\\/#breadcrumb\"},\"inLanguage\":\"de\",\"potentialAction\":[{\"@type\":\"ReadAction\",\"target\":[\"https:\\\/\\\/www.krafthand.de\\\/truck\\\/artikel\\\/messe-highlight-von-mercedes-benz-trucks-auf-der-iaa-transportation-der-eactros-longhaul-32629\\\/\"]}]},{\"@type\":\"ImageObject\",\"inLanguage\":\"de\",\"@id\":\"https:\\\/\\\/www.krafthand.de\\\/truck\\\/artikel\\\/messe-highlight-von-mercedes-benz-trucks-auf-der-iaa-transportation-der-eactros-longhaul-32629\\\/#primaryimage\",\"url\":\"https:\\\/\\\/static.krafthand-truck.de\\\/uploads\\\/2022\\\/06\\\/Mercedes_Benz_Trucks_eActros_LongHaul_Krafthand_Truck_01.jpg\",\"contentUrl\":\"https:\\\/\\\/static.krafthand-truck.de\\\/uploads\\\/2022\\\/06\\\/Mercedes_Benz_Trucks_eActros_LongHaul_Krafthand_Truck_01.jpg\",\"width\":1200,\"height\":649},{\"@type\":\"BreadcrumbList\",\"@id\":\"https:\\\/\\\/www.krafthand.de\\\/truck\\\/artikel\\\/messe-highlight-von-mercedes-benz-trucks-auf-der-iaa-transportation-der-eactros-longhaul-32629\\\/#breadcrumb\",\"itemListElement\":[{\"@type\":\"ListItem\",\"position\":1,\"name\":\"Krafthand-Truck\",\"item\":\"https:\\\/\\\/www.krafthand.de\\\/truck\\\/\"},{\"@type\":\"ListItem\",\"position\":2,\"name\":\"IT+Fuhrpark\",\"item\":\"https:\\\/\\\/www.krafthand.de\\\/truck\\\/kategorie\\\/fuhrpark\\\/\"},{\"@type\":\"ListItem\",\"position\":3,\"name\":\"Neue Fahrzeuge\",\"item\":\"https:\\\/\\\/www.krafthand.de\\\/truck\\\/kategorie\\\/fuhrpark\\\/neue-fahrzeuge\\\/\"},{\"@type\":\"ListItem\",\"position\":4,\"name\":\"IAA Transportation: Mercedes-Benz Trucks zeigt den eActros LongHaul\"}]},{\"@type\":\"WebSite\",\"@id\":\"https:\\\/\\\/www.krafthand.de\\\/truck\\\/#website\",\"url\":\"https:\\\/\\\/www.krafthand.de\\\/truck\\\/\",\"name\":\"Krafthand-Truck\",\"description\":\"\",\"potentialAction\":[{\"@type\":\"SearchAction\",\"target\":{\"@type\":\"EntryPoint\",\"urlTemplate\":\"https:\\\/\\\/www.krafthand.de\\\/truck\\\/?s={search_term_string}\"},\"query-input\":{\"@type\":\"PropertyValueSpecification\",\"valueRequired\":true,\"valueName\":\"search_term_string\"}}],\"inLanguage\":\"de\"},{\"@type\":\"Person\",\"@id\":\"https:\\\/\\\/www.krafthand.de\\\/truck\\\/#\\\/schema\\\/person\\\/51fa80b1c57034c4bf63f9f988fc24ce\",\"name\":\"georg.blenk@krafthand-medien.de\",\"image\":{\"@type\":\"ImageObject\",\"inLanguage\":\"de\",\"@id\":\"https:\\\/\\\/secure.gravatar.com\\\/avatar\\\/93713c30affe0aa95d3a4130e499bb1abee2eb31adbdd9ce2aa1543538490215?s=96&d=mm&r=g\",\"url\":\"https:\\\/\\\/secure.gravatar.com\\\/avatar\\\/93713c30affe0aa95d3a4130e499bb1abee2eb31adbdd9ce2aa1543538490215?s=96&d=mm&r=g\",\"contentUrl\":\"https:\\\/\\\/secure.gravatar.com\\\/avatar\\\/93713c30affe0aa95d3a4130e499bb1abee2eb31adbdd9ce2aa1543538490215?s=96&d=mm&r=g\",\"caption\":\"georg.blenk@krafthand-medien.de\"}}]}<\/script>\n<!-- \/ Yoast SEO plugin. -->","yoast_head_json":{"title":"Erster Einblick I Der eActros LongHaul I IAA Transportation","description":"Der batterieelektrische Fernverkehrs-Lkw eActros LongHaul soll das Messe-Highlight von Mercedes-Benz Trucks auf der diesj\u00e4hrigen IAA Transportation im September in Hannover werden.","robots":{"index":"index","follow":"follow","max-snippet":"max-snippet:-1","max-image-preview":"max-image-preview:large","max-video-preview":"max-video-preview:-1"},"canonical":"https:\/\/www.krafthand.de\/truck\/artikel\/messe-highlight-von-mercedes-benz-trucks-auf-der-iaa-transportation-der-eactros-longhaul-32629\/","og_locale":"de_DE","og_type":"article","og_title":"Erster Einblick I Der eActros LongHaul I IAA Transportation","og_description":"Der batterieelektrische Fernverkehrs-Lkw eActros LongHaul soll das Messe-Highlight von Mercedes-Benz Trucks auf der diesj\u00e4hrigen IAA Transportation im September in Hannover werden.","og_url":"https:\/\/www.krafthand-truck.de\/artikel\/messe-highlight-von-mercedes-benz-trucks-auf-der-iaa-transportation-der-eactros-longhaul-32629\/","og_site_name":"Krafthand-Truck","article_published_time":"2022-06-21T08:11:55+00:00","article_modified_time":"2022-06-24T10:22:13+00:00","og_image":[{"width":1200,"height":649,"url":"https:\/\/static.krafthand-truck.de\/uploads\/2022\/06\/Mercedes_Benz_Trucks_eActros_LongHaul_Krafthand_Truck_01.jpg","type":"image\/jpeg"}],"author":"georg.blenk@krafthand-medien.de","twitter_card":"summary_large_image","twitter_misc":{"Verfasst von":"georg.blenk@krafthand-medien.de","Gesch\u00e4tzte Lesezeit":"4\u00a0Minuten"},"schema":{"@context":"https:\/\/schema.org","@graph":[{"@type":"Article","@id":"https:\/\/www.krafthand.de\/truck\/artikel\/messe-highlight-von-mercedes-benz-trucks-auf-der-iaa-transportation-der-eactros-longhaul-32629\/#article","isPartOf":{"@id":"https:\/\/www.krafthand.de\/truck\/artikel\/messe-highlight-von-mercedes-benz-trucks-auf-der-iaa-transportation-der-eactros-longhaul-32629\/"},"author":{"name":"georg.blenk@krafthand-medien.de","@id":"https:\/\/www.krafthand.de\/truck\/#\/schema\/person\/51fa80b1c57034c4bf63f9f988fc24ce"},"headline":"IAA Transportation: Mercedes-Benz Trucks zeigt den eActros LongHaul","datePublished":"2022-06-21T08:11:55+00:00","dateModified":"2022-06-24T10:22:13+00:00","mainEntityOfPage":{"@id":"https:\/\/www.krafthand.de\/truck\/artikel\/messe-highlight-von-mercedes-benz-trucks-auf-der-iaa-transportation-der-eactros-longhaul-32629\/"},"wordCount":845,"image":{"@id":"https:\/\/www.krafthand.de\/truck\/artikel\/messe-highlight-von-mercedes-benz-trucks-auf-der-iaa-transportation-der-eactros-longhaul-32629\/#primaryimage"},"thumbnailUrl":"https:\/\/static.krafthand-truck.de\/uploads\/2022\/06\/Mercedes_Benz_Trucks_eActros_LongHaul_Krafthand_Truck_01.jpg","keywords":["eActros","IAA Transportation","LongHaul","Mercedes-Benz Trucks"],"articleSection":["E-Antrieb (BEV\/FCEV)","Neue Fahrzeuge"],"inLanguage":"de"},{"@type":"WebPage","@id":"https:\/\/www.krafthand.de\/truck\/artikel\/messe-highlight-von-mercedes-benz-trucks-auf-der-iaa-transportation-der-eactros-longhaul-32629\/","url":"https:\/\/www.krafthand.de\/truck\/artikel\/messe-highlight-von-mercedes-benz-trucks-auf-der-iaa-transportation-der-eactros-longhaul-32629\/","name":"Erster Einblick I Der eActros LongHaul I IAA Transportation","isPartOf":{"@id":"https:\/\/www.krafthand.de\/truck\/#website"},"primaryImageOfPage":{"@id":"https:\/\/www.krafthand.de\/truck\/artikel\/messe-highlight-von-mercedes-benz-trucks-auf-der-iaa-transportation-der-eactros-longhaul-32629\/#primaryimage"},"image":{"@id":"https:\/\/www.krafthand.de\/truck\/artikel\/messe-highlight-von-mercedes-benz-trucks-auf-der-iaa-transportation-der-eactros-longhaul-32629\/#primaryimage"},"thumbnailUrl":"https:\/\/static.krafthand-truck.de\/uploads\/2022\/06\/Mercedes_Benz_Trucks_eActros_LongHaul_Krafthand_Truck_01.jpg","datePublished":"2022-06-21T08:11:55+00:00","dateModified":"2022-06-24T10:22:13+00:00","author":{"@id":"https:\/\/www.krafthand.de\/truck\/#\/schema\/person\/51fa80b1c57034c4bf63f9f988fc24ce"},"description":"Der batterieelektrische Fernverkehrs-Lkw eActros LongHaul soll das Messe-Highlight von Mercedes-Benz Trucks auf der diesj\u00e4hrigen IAA Transportation im September in Hannover werden.","breadcrumb":{"@id":"https:\/\/www.krafthand.de\/truck\/artikel\/messe-highlight-von-mercedes-benz-trucks-auf-der-iaa-transportation-der-eactros-longhaul-32629\/#breadcrumb"},"inLanguage":"de","potentialAction":[{"@type":"ReadAction","target":["https:\/\/www.krafthand.de\/truck\/artikel\/messe-highlight-von-mercedes-benz-trucks-auf-der-iaa-transportation-der-eactros-longhaul-32629\/"]}]},{"@type":"ImageObject","inLanguage":"de","@id":"https:\/\/www.krafthand.de\/truck\/artikel\/messe-highlight-von-mercedes-benz-trucks-auf-der-iaa-transportation-der-eactros-longhaul-32629\/#primaryimage","url":"https:\/\/static.krafthand-truck.de\/uploads\/2022\/06\/Mercedes_Benz_Trucks_eActros_LongHaul_Krafthand_Truck_01.jpg","contentUrl":"https:\/\/static.krafthand-truck.de\/uploads\/2022\/06\/Mercedes_Benz_Trucks_eActros_LongHaul_Krafthand_Truck_01.jpg","width":1200,"height":649},{"@type":"BreadcrumbList","@id":"https:\/\/www.krafthand.de\/truck\/artikel\/messe-highlight-von-mercedes-benz-trucks-auf-der-iaa-transportation-der-eactros-longhaul-32629\/#breadcrumb","itemListElement":[{"@type":"ListItem","position":1,"name":"Krafthand-Truck","item":"https:\/\/www.krafthand.de\/truck\/"},{"@type":"ListItem","position":2,"name":"IT+Fuhrpark","item":"https:\/\/www.krafthand.de\/truck\/kategorie\/fuhrpark\/"},{"@type":"ListItem","position":3,"name":"Neue Fahrzeuge","item":"https:\/\/www.krafthand.de\/truck\/kategorie\/fuhrpark\/neue-fahrzeuge\/"},{"@type":"ListItem","position":4,"name":"IAA Transportation: Mercedes-Benz Trucks zeigt den eActros LongHaul"}]},{"@type":"WebSite","@id":"https:\/\/www.krafthand.de\/truck\/#website","url":"https:\/\/www.krafthand.de\/truck\/","name":"Krafthand-Truck","description":"","potentialAction":[{"@type":"SearchAction","target":{"@type":"EntryPoint","urlTemplate":"https:\/\/www.krafthand.de\/truck\/?s={search_term_string}"},"query-input":{"@type":"PropertyValueSpecification","valueRequired":true,"valueName":"search_term_string"}}],"inLanguage":"de"},{"@type":"Person","@id":"https:\/\/www.krafthand.de\/truck\/#\/schema\/person\/51fa80b1c57034c4bf63f9f988fc24ce","name":"georg.blenk@krafthand-medien.de","image":{"@type":"ImageObject","inLanguage":"de","@id":"https:\/\/secure.gravatar.com\/avatar\/93713c30affe0aa95d3a4130e499bb1abee2eb31adbdd9ce2aa1543538490215?s=96&d=mm&r=g","url":"https:\/\/secure.gravatar.com\/avatar\/93713c30affe0aa95d3a4130e499bb1abee2eb31adbdd9ce2aa1543538490215?s=96&d=mm&r=g","contentUrl":"https:\/\/secure.gravatar.com\/avatar\/93713c30affe0aa95d3a4130e499bb1abee2eb31adbdd9ce2aa1543538490215?s=96&d=mm&r=g","caption":"georg.blenk@krafthand-medien.de"}}]}},"_links":{"self":[{"href":"https:\/\/www.krafthand.de\/truck\/wp-json\/wp\/v2\/posts\/32629","targetHints":{"allow":["GET"]}}],"collection":[{"href":"https:\/\/www.krafthand.de\/truck\/wp-json\/wp\/v2\/posts"}],"about":[{"href":"https:\/\/www.krafthand.de\/truck\/wp-json\/wp\/v2\/types\/post"}],"author":[{"embeddable":true,"href":"https:\/\/www.krafthand.de\/truck\/wp-json\/wp\/v2\/users\/9"}],"replies":[{"embeddable":true,"href":"https:\/\/www.krafthand.de\/truck\/wp-json\/wp\/v2\/comments?post=32629"}],"version-history":[{"count":11,"href":"https:\/\/www.krafthand.de\/truck\/wp-json\/wp\/v2\/posts\/32629\/revisions"}],"predecessor-version":[{"id":32643,"href":"https:\/\/www.krafthand.de\/truck\/wp-json\/wp\/v2\/posts\/32629\/revisions\/32643"}],"wp:featuredmedia":[{"embeddable":true,"href":"https:\/\/www.krafthand.de\/truck\/wp-json\/wp\/v2\/media\/32632"}],"wp:attachment":[{"href":"https:\/\/www.krafthand.de\/truck\/wp-json\/wp\/v2\/media?parent=32629"}],"wp:term":[{"taxonomy":"category","embeddable":true,"href":"https:\/\/www.krafthand.de\/truck\/wp-json\/wp\/v2\/categories?post=32629"},{"taxonomy":"post_tag","embeddable":true,"href":"https:\/\/www.krafthand.de\/truck\/wp-json\/wp\/v2\/tags?post=32629"},{"taxonomy":"settings","embeddable":true,"href":"https:\/\/www.krafthand.de\/truck\/wp-json\/wp\/v2\/settings?post=32629"}],"curies":[{"name":"wp","href":"https:\/\/api.w.org\/{rel}","templated":true}]}}