{"id":32612,"date":"2022-06-20T08:23:20","date_gmt":"2022-06-20T06:23:20","guid":{"rendered":"https:\/\/www.krafthand.de\/truck\/?p=32612"},"modified":"2022-06-20T08:26:07","modified_gmt":"2022-06-20T06:26:07","slug":"gva-fordert-technologieoffenheit-auch-e-fuels-tragen-zum-klimaneutralen-strassenverkehr-bei","status":"publish","type":"post","link":"https:\/\/www.krafthand.de\/truck\/artikel\/gva-fordert-technologieoffenheit-auch-e-fuels-tragen-zum-klimaneutralen-strassenverkehr-bei-32612\/","title":{"rendered":"GVA fordert Technologieoffenheit \u2013 Auch E-Fuels tragen zum klimaneutralen Stra\u00dfenverkehr bei"},"content":{"rendered":"<p>Der Gesamtverband Autoteile-Handel e.V. (<a href=\"https:\/\/www.gva.de\" target=\"_blank\" rel=\"noopener\">GVA<\/a>) bekennt sich zu den europ\u00e4ischen Klimaschutzzielen und unterst\u00fctzt das Vorhaben der Europ\u00e4ischen Kommission einen emissionsfreien Stra\u00dfenverkehr zu erreichen. Die Abstimmung des Europ\u00e4ischen Parlamentes am 8.Juni 2022, synthetische Kraftstoffe <strong>nicht<\/strong> positiv auf die neuen Flottengrenzwerte f\u00fcr Neuwagen anzurechnen, wird vom GVA jedoch kritisiert. Dies w\u00fcrde einem Verbrenner-Verbot f\u00fcr Pkw und leichten Nutzfahrzeugen ab 2035 gleichkommen.<\/p>\n<p><em>\u201eDer Gesamtverband Autoteile-Handel e.V. bekennt sich zu den europ\u00e4ischen Klimazielen. Die Dekarbonisierung des Stra\u00dfenverkehrs ist ein wichtiger Beitrag zum Klimaschutz. Dazu bedarf es mehrerer Technologien, die sich gegenseitig erg\u00e4nzen. Dabei wirbt der GVA weder f\u00fcr die eine noch f\u00fcr die andere Technologie, sondern f\u00fcr Technologieoffenheit. <strong>Jede Technologie sollte dort eingesetzt werden, wo sie den gr\u00f6\u00dften Beitrag zum Klimaschutz leisten kann.<\/strong> 99 Prozent des Fahrzeugbestandes an Pkw und Nkw werden in Deutschland mit einem Verbrennungsmotor angetrieben. F\u00fcr diesen gro\u00dfen Bestand an Verbrennern braucht es eine \u201esaubere\u201c L\u00f6sung, wie zum Beispiel den Einsatz klimaneutraler E-Fuels\/gr\u00fcnem Wasserstoff. Die E-Mobilit\u00e4t kann derzeit dem Klimaschutz alleine nicht gerecht werden. Das \u201ezweite Standbein\u201c bei der Dekarbonisierung des Stra\u00dfenverkehrs (Einsatz von synthetischen Kraftstoffen f\u00fcr Pkw und Nkw) betrachtet der GVA als notwendig zur Erreichung der Klimaziele&#8220;<\/em>, so GVA-Pr\u00e4sident Thomas Vollmar.<\/p>\n<p>Damit die Bem\u00fchungen zum Klimaschutz nicht in einer Sackgasse enden, fordert der GVA die R\u00fcckkehr zur Technologieoffenheit: \u201eEs bleibt zu hoffen, dass in den weiteren Verhandlungen zwischen Europ\u00e4ischen Parlament und den Mitgliedstaaten die Technologieoffenheit angemessen ber\u00fccksichtigt wird. Daf\u00fcr wird sich der GVA weiter einsetzen.\u201c, bekr\u00e4ftigt Thomas Vollmar.<\/p>\n","protected":false},"excerpt":{"rendered":"<p>Der Gesamtverband Autoteile-Handel e.V. (GVA) bekennt sich zu den europ\u00e4ischen Klimaschutzzielen und unterst\u00fctzt das Vorhaben der Europ\u00e4ischen Kommission einen emissionsfreien Stra\u00dfenverkehr zu erreichen. Die Abstimmung des Europ\u00e4ischen Parlamentes am 8.Juni 2022, synthetische Kraftstoffe nicht positiv auf die neuen Flottengrenzwerte f\u00fcr Neuwagen anzurechnen, wird vom GVA jedoch kritisiert. Dies w\u00fcrde einem Verbrenner-Verbot f\u00fcr Pkw und leichten <span class=\"excerpt-more__dots\">&#8230;<\/span> <a class=\"excerpt-more__link\" href=\"https:\/\/www.krafthand.de\/truck\/artikel\/gva-fordert-technologieoffenheit-auch-e-fuels-tragen-zum-klimaneutralen-strassenverkehr-bei-32612\/\" >weiter<\/a><\/p>\n","protected":false},"author":9,"featured_media":32616,"comment_status":"closed","ping_status":"closed","sticky":false,"template":"","format":"standard","meta":{"footnotes":""},"categories":[4245],"tags":[5236,4214,3793,4181],"settings":[],"class_list":["post-32612","post","type-post","status-publish","format-standard","has-post-thumbnail","hentry","category-verbaende","tag-e-fuel","tag-gva","tag-thomas-vollmar","tag-wasserstoff"],"yoast_head":"<!-- This site is optimized with the Yoast SEO plugin v27.3 - https:\/\/yoast.com\/product\/yoast-seo-wordpress\/ -->\n<title>GVA fordert Technologieoffenheit I Krafthand-Truck<\/title>\n<meta name=\"description\" content=\"GVA fordert Technologieoffenheit: Auch E-Fuels tragen zum klimaneutralen Stra\u00dfenverkehr bei.\" \/>\n<meta name=\"robots\" content=\"index, follow, max-snippet:-1, max-image-preview:large, max-video-preview:-1\" \/>\n<link rel=\"canonical\" href=\"https:\/\/www.krafthand.de\/truck\/artikel\/gva-fordert-technologieoffenheit-auch-e-fuels-tragen-zum-klimaneutralen-strassenverkehr-bei-32612\/\" \/>\n<meta property=\"og:locale\" content=\"de_DE\" \/>\n<meta property=\"og:type\" content=\"article\" \/>\n<meta property=\"og:title\" content=\"GVA fordert Technologieoffenheit I Krafthand-Truck\" \/>\n<meta property=\"og:description\" content=\"GVA fordert Technologieoffenheit: Auch E-Fuels tragen zum klimaneutralen Stra\u00dfenverkehr bei.\" \/>\n<meta property=\"og:url\" content=\"https:\/\/www.krafthand-truck.de\/artikel\/gva-fordert-technologieoffenheit-auch-e-fuels-tragen-zum-klimaneutralen-strassenverkehr-bei-32612\/\" \/>\n<meta property=\"og:site_name\" content=\"Krafthand-Truck\" \/>\n<meta property=\"article:published_time\" content=\"2022-06-20T06:23:20+00:00\" \/>\n<meta property=\"article:modified_time\" content=\"2022-06-20T06:26:07+00:00\" \/>\n<meta property=\"og:image\" content=\"https:\/\/static.krafthand-truck.de\/uploads\/2022\/06\/GVA_Logo.jpg\" \/>\n\t<meta property=\"og:image:width\" content=\"893\" \/>\n\t<meta property=\"og:image:height\" content=\"580\" \/>\n\t<meta property=\"og:image:type\" content=\"image\/jpeg\" \/>\n<meta name=\"author\" content=\"georg.blenk@krafthand-medien.de\" \/>\n<meta name=\"twitter:card\" content=\"summary_large_image\" \/>\n<meta name=\"twitter:label1\" content=\"Verfasst von\" \/>\n\t<meta name=\"twitter:data1\" content=\"georg.blenk@krafthand-medien.de\" \/>\n\t<meta name=\"twitter:label2\" content=\"Gesch\u00e4tzte Lesezeit\" \/>\n\t<meta name=\"twitter:data2\" content=\"1\u00a0Minute\" \/>\n<script type=\"application\/ld+json\" class=\"yoast-schema-graph\">{\"@context\":\"https:\\\/\\\/schema.org\",\"@graph\":[{\"@type\":\"Article\",\"@id\":\"https:\\\/\\\/www.krafthand.de\\\/truck\\\/artikel\\\/gva-fordert-technologieoffenheit-auch-e-fuels-tragen-zum-klimaneutralen-strassenverkehr-bei-32612\\\/#article\",\"isPartOf\":{\"@id\":\"https:\\\/\\\/www.krafthand.de\\\/truck\\\/artikel\\\/gva-fordert-technologieoffenheit-auch-e-fuels-tragen-zum-klimaneutralen-strassenverkehr-bei-32612\\\/\"},\"author\":{\"name\":\"georg.blenk@krafthand-medien.de\",\"@id\":\"https:\\\/\\\/www.krafthand.de\\\/truck\\\/#\\\/schema\\\/person\\\/51fa80b1c57034c4bf63f9f988fc24ce\"},\"headline\":\"GVA fordert Technologieoffenheit \u2013 Auch E-Fuels tragen zum klimaneutralen Stra\u00dfenverkehr bei\",\"datePublished\":\"2022-06-20T06:23:20+00:00\",\"dateModified\":\"2022-06-20T06:26:07+00:00\",\"mainEntityOfPage\":{\"@id\":\"https:\\\/\\\/www.krafthand.de\\\/truck\\\/artikel\\\/gva-fordert-technologieoffenheit-auch-e-fuels-tragen-zum-klimaneutralen-strassenverkehr-bei-32612\\\/\"},\"wordCount\":279,\"image\":{\"@id\":\"https:\\\/\\\/www.krafthand.de\\\/truck\\\/artikel\\\/gva-fordert-technologieoffenheit-auch-e-fuels-tragen-zum-klimaneutralen-strassenverkehr-bei-32612\\\/#primaryimage\"},\"thumbnailUrl\":\"https:\\\/\\\/static.krafthand-truck.de\\\/uploads\\\/2022\\\/06\\\/GVA_Logo.jpg\",\"keywords\":[\"E-Fuel\",\"GVA\",\"Thomas Vollmar\",\"Wasserstoff\"],\"articleSection\":[\"Verb\u00e4nde\\\/Politik\\\/Recht\"],\"inLanguage\":\"de\"},{\"@type\":\"WebPage\",\"@id\":\"https:\\\/\\\/www.krafthand.de\\\/truck\\\/artikel\\\/gva-fordert-technologieoffenheit-auch-e-fuels-tragen-zum-klimaneutralen-strassenverkehr-bei-32612\\\/\",\"url\":\"https:\\\/\\\/www.krafthand.de\\\/truck\\\/artikel\\\/gva-fordert-technologieoffenheit-auch-e-fuels-tragen-zum-klimaneutralen-strassenverkehr-bei-32612\\\/\",\"name\":\"GVA fordert Technologieoffenheit I Krafthand-Truck\",\"isPartOf\":{\"@id\":\"https:\\\/\\\/www.krafthand.de\\\/truck\\\/#website\"},\"primaryImageOfPage\":{\"@id\":\"https:\\\/\\\/www.krafthand.de\\\/truck\\\/artikel\\\/gva-fordert-technologieoffenheit-auch-e-fuels-tragen-zum-klimaneutralen-strassenverkehr-bei-32612\\\/#primaryimage\"},\"image\":{\"@id\":\"https:\\\/\\\/www.krafthand.de\\\/truck\\\/artikel\\\/gva-fordert-technologieoffenheit-auch-e-fuels-tragen-zum-klimaneutralen-strassenverkehr-bei-32612\\\/#primaryimage\"},\"thumbnailUrl\":\"https:\\\/\\\/static.krafthand-truck.de\\\/uploads\\\/2022\\\/06\\\/GVA_Logo.jpg\",\"datePublished\":\"2022-06-20T06:23:20+00:00\",\"dateModified\":\"2022-06-20T06:26:07+00:00\",\"author\":{\"@id\":\"https:\\\/\\\/www.krafthand.de\\\/truck\\\/#\\\/schema\\\/person\\\/51fa80b1c57034c4bf63f9f988fc24ce\"},\"description\":\"GVA fordert Technologieoffenheit: Auch E-Fuels tragen zum klimaneutralen Stra\u00dfenverkehr bei.\",\"breadcrumb\":{\"@id\":\"https:\\\/\\\/www.krafthand.de\\\/truck\\\/artikel\\\/gva-fordert-technologieoffenheit-auch-e-fuels-tragen-zum-klimaneutralen-strassenverkehr-bei-32612\\\/#breadcrumb\"},\"inLanguage\":\"de\",\"potentialAction\":[{\"@type\":\"ReadAction\",\"target\":[\"https:\\\/\\\/www.krafthand.de\\\/truck\\\/artikel\\\/gva-fordert-technologieoffenheit-auch-e-fuels-tragen-zum-klimaneutralen-strassenverkehr-bei-32612\\\/\"]}]},{\"@type\":\"ImageObject\",\"inLanguage\":\"de\",\"@id\":\"https:\\\/\\\/www.krafthand.de\\\/truck\\\/artikel\\\/gva-fordert-technologieoffenheit-auch-e-fuels-tragen-zum-klimaneutralen-strassenverkehr-bei-32612\\\/#primaryimage\",\"url\":\"https:\\\/\\\/static.krafthand-truck.de\\\/uploads\\\/2022\\\/06\\\/GVA_Logo.jpg\",\"contentUrl\":\"https:\\\/\\\/static.krafthand-truck.de\\\/uploads\\\/2022\\\/06\\\/GVA_Logo.jpg\",\"width\":893,\"height\":580},{\"@type\":\"BreadcrumbList\",\"@id\":\"https:\\\/\\\/www.krafthand.de\\\/truck\\\/artikel\\\/gva-fordert-technologieoffenheit-auch-e-fuels-tragen-zum-klimaneutralen-strassenverkehr-bei-32612\\\/#breadcrumb\",\"itemListElement\":[{\"@type\":\"ListItem\",\"position\":1,\"name\":\"Krafthand-Truck\",\"item\":\"https:\\\/\\\/www.krafthand.de\\\/truck\\\/\"},{\"@type\":\"ListItem\",\"position\":2,\"name\":\"Nfz-Branche\",\"item\":\"https:\\\/\\\/www.krafthand.de\\\/truck\\\/kategorie\\\/branche\\\/\"},{\"@type\":\"ListItem\",\"position\":3,\"name\":\"Verb\u00e4nde\\\/Politik\\\/Recht\",\"item\":\"https:\\\/\\\/www.krafthand.de\\\/truck\\\/kategorie\\\/branche\\\/verbaende\\\/\"},{\"@type\":\"ListItem\",\"position\":4,\"name\":\"GVA fordert Technologieoffenheit \u2013 Auch E-Fuels tragen zum klimaneutralen Stra\u00dfenverkehr bei\"}]},{\"@type\":\"WebSite\",\"@id\":\"https:\\\/\\\/www.krafthand.de\\\/truck\\\/#website\",\"url\":\"https:\\\/\\\/www.krafthand.de\\\/truck\\\/\",\"name\":\"Krafthand-Truck\",\"description\":\"\",\"potentialAction\":[{\"@type\":\"SearchAction\",\"target\":{\"@type\":\"EntryPoint\",\"urlTemplate\":\"https:\\\/\\\/www.krafthand.de\\\/truck\\\/?s={search_term_string}\"},\"query-input\":{\"@type\":\"PropertyValueSpecification\",\"valueRequired\":true,\"valueName\":\"search_term_string\"}}],\"inLanguage\":\"de\"},{\"@type\":\"Person\",\"@id\":\"https:\\\/\\\/www.krafthand.de\\\/truck\\\/#\\\/schema\\\/person\\\/51fa80b1c57034c4bf63f9f988fc24ce\",\"name\":\"georg.blenk@krafthand-medien.de\",\"image\":{\"@type\":\"ImageObject\",\"inLanguage\":\"de\",\"@id\":\"https:\\\/\\\/secure.gravatar.com\\\/avatar\\\/93713c30affe0aa95d3a4130e499bb1abee2eb31adbdd9ce2aa1543538490215?s=96&d=mm&r=g\",\"url\":\"https:\\\/\\\/secure.gravatar.com\\\/avatar\\\/93713c30affe0aa95d3a4130e499bb1abee2eb31adbdd9ce2aa1543538490215?s=96&d=mm&r=g\",\"contentUrl\":\"https:\\\/\\\/secure.gravatar.com\\\/avatar\\\/93713c30affe0aa95d3a4130e499bb1abee2eb31adbdd9ce2aa1543538490215?s=96&d=mm&r=g\",\"caption\":\"georg.blenk@krafthand-medien.de\"}}]}<\/script>\n<!-- \/ Yoast SEO plugin. -->","yoast_head_json":{"title":"GVA fordert Technologieoffenheit I Krafthand-Truck","description":"GVA fordert Technologieoffenheit: Auch E-Fuels tragen zum klimaneutralen Stra\u00dfenverkehr bei.","robots":{"index":"index","follow":"follow","max-snippet":"max-snippet:-1","max-image-preview":"max-image-preview:large","max-video-preview":"max-video-preview:-1"},"canonical":"https:\/\/www.krafthand.de\/truck\/artikel\/gva-fordert-technologieoffenheit-auch-e-fuels-tragen-zum-klimaneutralen-strassenverkehr-bei-32612\/","og_locale":"de_DE","og_type":"article","og_title":"GVA fordert Technologieoffenheit I Krafthand-Truck","og_description":"GVA fordert Technologieoffenheit: Auch E-Fuels tragen zum klimaneutralen Stra\u00dfenverkehr bei.","og_url":"https:\/\/www.krafthand-truck.de\/artikel\/gva-fordert-technologieoffenheit-auch-e-fuels-tragen-zum-klimaneutralen-strassenverkehr-bei-32612\/","og_site_name":"Krafthand-Truck","article_published_time":"2022-06-20T06:23:20+00:00","article_modified_time":"2022-06-20T06:26:07+00:00","og_image":[{"width":893,"height":580,"url":"https:\/\/static.krafthand-truck.de\/uploads\/2022\/06\/GVA_Logo.jpg","type":"image\/jpeg"}],"author":"georg.blenk@krafthand-medien.de","twitter_card":"summary_large_image","twitter_misc":{"Verfasst von":"georg.blenk@krafthand-medien.de","Gesch\u00e4tzte Lesezeit":"1\u00a0Minute"},"schema":{"@context":"https:\/\/schema.org","@graph":[{"@type":"Article","@id":"https:\/\/www.krafthand.de\/truck\/artikel\/gva-fordert-technologieoffenheit-auch-e-fuels-tragen-zum-klimaneutralen-strassenverkehr-bei-32612\/#article","isPartOf":{"@id":"https:\/\/www.krafthand.de\/truck\/artikel\/gva-fordert-technologieoffenheit-auch-e-fuels-tragen-zum-klimaneutralen-strassenverkehr-bei-32612\/"},"author":{"name":"georg.blenk@krafthand-medien.de","@id":"https:\/\/www.krafthand.de\/truck\/#\/schema\/person\/51fa80b1c57034c4bf63f9f988fc24ce"},"headline":"GVA fordert Technologieoffenheit \u2013 Auch E-Fuels tragen zum klimaneutralen Stra\u00dfenverkehr bei","datePublished":"2022-06-20T06:23:20+00:00","dateModified":"2022-06-20T06:26:07+00:00","mainEntityOfPage":{"@id":"https:\/\/www.krafthand.de\/truck\/artikel\/gva-fordert-technologieoffenheit-auch-e-fuels-tragen-zum-klimaneutralen-strassenverkehr-bei-32612\/"},"wordCount":279,"image":{"@id":"https:\/\/www.krafthand.de\/truck\/artikel\/gva-fordert-technologieoffenheit-auch-e-fuels-tragen-zum-klimaneutralen-strassenverkehr-bei-32612\/#primaryimage"},"thumbnailUrl":"https:\/\/static.krafthand-truck.de\/uploads\/2022\/06\/GVA_Logo.jpg","keywords":["E-Fuel","GVA","Thomas Vollmar","Wasserstoff"],"articleSection":["Verb\u00e4nde\/Politik\/Recht"],"inLanguage":"de"},{"@type":"WebPage","@id":"https:\/\/www.krafthand.de\/truck\/artikel\/gva-fordert-technologieoffenheit-auch-e-fuels-tragen-zum-klimaneutralen-strassenverkehr-bei-32612\/","url":"https:\/\/www.krafthand.de\/truck\/artikel\/gva-fordert-technologieoffenheit-auch-e-fuels-tragen-zum-klimaneutralen-strassenverkehr-bei-32612\/","name":"GVA fordert Technologieoffenheit I Krafthand-Truck","isPartOf":{"@id":"https:\/\/www.krafthand.de\/truck\/#website"},"primaryImageOfPage":{"@id":"https:\/\/www.krafthand.de\/truck\/artikel\/gva-fordert-technologieoffenheit-auch-e-fuels-tragen-zum-klimaneutralen-strassenverkehr-bei-32612\/#primaryimage"},"image":{"@id":"https:\/\/www.krafthand.de\/truck\/artikel\/gva-fordert-technologieoffenheit-auch-e-fuels-tragen-zum-klimaneutralen-strassenverkehr-bei-32612\/#primaryimage"},"thumbnailUrl":"https:\/\/static.krafthand-truck.de\/uploads\/2022\/06\/GVA_Logo.jpg","datePublished":"2022-06-20T06:23:20+00:00","dateModified":"2022-06-20T06:26:07+00:00","author":{"@id":"https:\/\/www.krafthand.de\/truck\/#\/schema\/person\/51fa80b1c57034c4bf63f9f988fc24ce"},"description":"GVA fordert Technologieoffenheit: Auch E-Fuels tragen zum klimaneutralen Stra\u00dfenverkehr bei.","breadcrumb":{"@id":"https:\/\/www.krafthand.de\/truck\/artikel\/gva-fordert-technologieoffenheit-auch-e-fuels-tragen-zum-klimaneutralen-strassenverkehr-bei-32612\/#breadcrumb"},"inLanguage":"de","potentialAction":[{"@type":"ReadAction","target":["https:\/\/www.krafthand.de\/truck\/artikel\/gva-fordert-technologieoffenheit-auch-e-fuels-tragen-zum-klimaneutralen-strassenverkehr-bei-32612\/"]}]},{"@type":"ImageObject","inLanguage":"de","@id":"https:\/\/www.krafthand.de\/truck\/artikel\/gva-fordert-technologieoffenheit-auch-e-fuels-tragen-zum-klimaneutralen-strassenverkehr-bei-32612\/#primaryimage","url":"https:\/\/static.krafthand-truck.de\/uploads\/2022\/06\/GVA_Logo.jpg","contentUrl":"https:\/\/static.krafthand-truck.de\/uploads\/2022\/06\/GVA_Logo.jpg","width":893,"height":580},{"@type":"BreadcrumbList","@id":"https:\/\/www.krafthand.de\/truck\/artikel\/gva-fordert-technologieoffenheit-auch-e-fuels-tragen-zum-klimaneutralen-strassenverkehr-bei-32612\/#breadcrumb","itemListElement":[{"@type":"ListItem","position":1,"name":"Krafthand-Truck","item":"https:\/\/www.krafthand.de\/truck\/"},{"@type":"ListItem","position":2,"name":"Nfz-Branche","item":"https:\/\/www.krafthand.de\/truck\/kategorie\/branche\/"},{"@type":"ListItem","position":3,"name":"Verb\u00e4nde\/Politik\/Recht","item":"https:\/\/www.krafthand.de\/truck\/kategorie\/branche\/verbaende\/"},{"@type":"ListItem","position":4,"name":"GVA fordert Technologieoffenheit \u2013 Auch E-Fuels tragen zum klimaneutralen Stra\u00dfenverkehr bei"}]},{"@type":"WebSite","@id":"https:\/\/www.krafthand.de\/truck\/#website","url":"https:\/\/www.krafthand.de\/truck\/","name":"Krafthand-Truck","description":"","potentialAction":[{"@type":"SearchAction","target":{"@type":"EntryPoint","urlTemplate":"https:\/\/www.krafthand.de\/truck\/?s={search_term_string}"},"query-input":{"@type":"PropertyValueSpecification","valueRequired":true,"valueName":"search_term_string"}}],"inLanguage":"de"},{"@type":"Person","@id":"https:\/\/www.krafthand.de\/truck\/#\/schema\/person\/51fa80b1c57034c4bf63f9f988fc24ce","name":"georg.blenk@krafthand-medien.de","image":{"@type":"ImageObject","inLanguage":"de","@id":"https:\/\/secure.gravatar.com\/avatar\/93713c30affe0aa95d3a4130e499bb1abee2eb31adbdd9ce2aa1543538490215?s=96&d=mm&r=g","url":"https:\/\/secure.gravatar.com\/avatar\/93713c30affe0aa95d3a4130e499bb1abee2eb31adbdd9ce2aa1543538490215?s=96&d=mm&r=g","contentUrl":"https:\/\/secure.gravatar.com\/avatar\/93713c30affe0aa95d3a4130e499bb1abee2eb31adbdd9ce2aa1543538490215?s=96&d=mm&r=g","caption":"georg.blenk@krafthand-medien.de"}}]}},"_links":{"self":[{"href":"https:\/\/www.krafthand.de\/truck\/wp-json\/wp\/v2\/posts\/32612","targetHints":{"allow":["GET"]}}],"collection":[{"href":"https:\/\/www.krafthand.de\/truck\/wp-json\/wp\/v2\/posts"}],"about":[{"href":"https:\/\/www.krafthand.de\/truck\/wp-json\/wp\/v2\/types\/post"}],"author":[{"embeddable":true,"href":"https:\/\/www.krafthand.de\/truck\/wp-json\/wp\/v2\/users\/9"}],"replies":[{"embeddable":true,"href":"https:\/\/www.krafthand.de\/truck\/wp-json\/wp\/v2\/comments?post=32612"}],"version-history":[{"count":4,"href":"https:\/\/www.krafthand.de\/truck\/wp-json\/wp\/v2\/posts\/32612\/revisions"}],"predecessor-version":[{"id":32617,"href":"https:\/\/www.krafthand.de\/truck\/wp-json\/wp\/v2\/posts\/32612\/revisions\/32617"}],"wp:featuredmedia":[{"embeddable":true,"href":"https:\/\/www.krafthand.de\/truck\/wp-json\/wp\/v2\/media\/32616"}],"wp:attachment":[{"href":"https:\/\/www.krafthand.de\/truck\/wp-json\/wp\/v2\/media?parent=32612"}],"wp:term":[{"taxonomy":"category","embeddable":true,"href":"https:\/\/www.krafthand.de\/truck\/wp-json\/wp\/v2\/categories?post=32612"},{"taxonomy":"post_tag","embeddable":true,"href":"https:\/\/www.krafthand.de\/truck\/wp-json\/wp\/v2\/tags?post=32612"},{"taxonomy":"settings","embeddable":true,"href":"https:\/\/www.krafthand.de\/truck\/wp-json\/wp\/v2\/settings?post=32612"}],"curies":[{"name":"wp","href":"https:\/\/api.w.org\/{rel}","templated":true}]}}