{"id":32604,"date":"2022-06-16T15:21:36","date_gmt":"2022-06-16T13:21:36","guid":{"rendered":"https:\/\/www.krafthand.de\/truck\/?p=32604"},"modified":"2022-06-16T15:30:36","modified_gmt":"2022-06-16T13:30:36","slug":"nutzfahrzeug-foerderung-geht-in-zweite-runde","status":"publish","type":"post","link":"https:\/\/www.krafthand.de\/truck\/artikel\/nutzfahrzeug-foerderung-geht-in-zweite-runde-32604\/","title":{"rendered":"Nutzfahrzeug-F\u00f6rderung geht in die zweite Runde"},"content":{"rendered":"<p>Das Bundesministerium f\u00fcr Digitales und Verkehr (<a href=\"https:\/\/www.bmvi.de\/DE\/Home\/home.html\" target=\"_blank\" rel=\"noopener\">BMDV<\/a>) hat den zweiten F\u00f6rderaufruf im Rahmen der Richtlinie \u00fcber die F\u00f6rderung von Nutzfahrzeugen mit alternativen, klimaschonenden Antrieben und dazugeh\u00f6riger Tank- und Ladeinfrastruktur (KsNI) ver\u00f6ffentlicht. Erg\u00e4nzt wird die zweite Runde des erfolgreichen F\u00f6rderprogramms durch einen zus\u00e4tzlichen Aufruf f\u00fcr Sonderfahrzeuge und Infrastruktur. Die Antragsstellung wird f\u00fcr beide Aufrufe <strong>ab dem 29.06.2022<\/strong> m\u00f6glich sein. Ferner besteht bei diesen F\u00f6rderaufrufen die M\u00f6glichkeit Wasserstoffinfrastruktur zu beantragen.<\/p>\n<blockquote><p>&#8222;Nach dem ersten F\u00f6rderaufruf mit rund 2.000 beantragten klimafreundlichen Nutzfahrzeugen aller Klassen und Antriebstechnologien, schreiben wir diese Erfolgsgeschichte mit dem zweiten F\u00f6rderaufruf sowie mit einem zus\u00e4tzlichen Aufruf f\u00fcr Sonderfahrzeuge und Infrastruktur fort. Mit den bereitgestellten Mitteln unterst\u00fctzen wir die Branche dabei, Verantwortung f\u00fcr den Klimaschutz zu \u00fcbernehmen und Emissionen im Stra\u00dfeng\u00fcterverkehr zu senken&#8220;, so Daniela Kluckert, Parlamentarische Staatssekret\u00e4rin beim Bundesminister f\u00fcr Digitales und Verkehr.<\/p><\/blockquote>\n<p>Nach der Genehmigung durch die Europ\u00e4ische Kommission steht f\u00fcr batterie-, brennstoffzellen- und (Oberleitungs-) hybridelektrische Fahrzeuge, entsprechende Tank- und Ladeinfrastruktur sowie Machbarkeitsstudien ein attraktives F\u00f6rderprogramm bereit.<\/p>\n<p>Im zweiten F\u00f6rderaufruf sowie dem zus\u00e4tzlichen Aufruf speziell f\u00fcr Sonderfahrzeuge werden laut BMDV jeweils drei Elemente gef\u00f6rdert:<\/p>\n<ul>\n<li>F\u00f6rderung der Anschaffung von neuen alternativen, klimaschonenden Nutzfahrzeugen der EG-Fahrzeugklassen N1, N2 und N3 sowie auf alternative Antriebe umger\u00fcsteter Nutzfahrzeuge der EG-Fahrzeugklassen N2 und N3 in H\u00f6he von 80 Prozent der Investitionsmehrausgaben im Vergleich zu einem konventionellen Dieselfahrzeug.<\/li>\n<li>F\u00f6rderung der f\u00fcr den Betrieb der klimafreundlichen Nutzfahrzeuge erforderlichen Tank- und Ladeinfrastruktur in H\u00f6he von 80 Prozent der zuwendungsf\u00e4higen projektbezogenen Gesamtausgaben.<\/li>\n<li>F\u00f6rderung der Erstellung von Machbarkeitsstudien zu Einsatzm\u00f6glichkeiten von klimafreundlichen Nutzfahrzeugen sowie der Errichtung bzw. Erweiterung entsprechender Infrastruktur in H\u00f6he von 50 Prozent der zuwendungsf\u00e4higen projektbezogenen Ausgaben.<\/li>\n<\/ul>\n<p>Bis zum Jahr 2024 stellt das BMDV insgesamt circa 1,6 Milliarden Euro f\u00fcr die F\u00f6rderung der Anschaffung klimafreundlicher Nutzfahrzeuge sowie circa 5 Milliarden Euro f\u00fcr den Aufbau der Tank- und Ladeinfrastruktur (Pkw und Lkw) bereit. Neben weiteren Ma\u00dfnahmen des BMDV zur F\u00f6rderung der Elektromobilit\u00e4t, wird auch die neue F\u00f6rderrichtlinie aus diesen Titeln gespeist.<\/p>\n<p>N\u00e4here Details der F\u00f6rderung regeln der Richtlinientext sowie der zweite F\u00f6rderaufruf und der Sonderaufruf vom 15.06.2022, abrufbar auf der Website der Bewilligungsbeh\u00f6rde Bundesamt f\u00fcr G\u00fcterverkehr (BAG) sowie auf <a href=\"https:\/\/www.klimafreundliche-nutzfahrzeuge.de\/\" target=\"_blank\" rel=\"noopener\">www.klimafreundliche-nutzfahrzeuge.de<\/a><\/p>\n<p>Die Antragsstellung wird f\u00fcr beide Aufrufe ab dem <strong>29.06.2022<\/strong> m\u00f6glich sein. Zus\u00e4tzlich besteht bei diesen F\u00f6rderaufrufen die M\u00f6glichkeit, Wasserstofftankinfrastruktur zu beantragen.<\/p>\n<p>Um offene Fragen zur Antragsstellung zu kl\u00e4ren, wird es am 27.06.2022 um 14 Uhr ein Webinar, durchgef\u00fchrt vom BAG, BMDV sowie der NOW, geben.<\/p>\n","protected":false},"excerpt":{"rendered":"<p>Das Bundesministerium f\u00fcr Digitales und Verkehr (BMDV) hat den zweiten F\u00f6rderaufruf im Rahmen der Richtlinie \u00fcber die F\u00f6rderung von Nutzfahrzeugen mit alternativen, klimaschonenden Antrieben und dazugeh\u00f6riger Tank- und Ladeinfrastruktur (KsNI) ver\u00f6ffentlicht. Erg\u00e4nzt wird die zweite Runde des erfolgreichen F\u00f6rderprogramms durch einen zus\u00e4tzlichen Aufruf f\u00fcr Sonderfahrzeuge und Infrastruktur. Die Antragsstellung wird f\u00fcr beide Aufrufe ab dem <span class=\"excerpt-more__dots\">&#8230;<\/span> <a class=\"excerpt-more__link\" href=\"https:\/\/www.krafthand.de\/truck\/artikel\/nutzfahrzeug-foerderung-geht-in-zweite-runde-32604\/\" >weiter<\/a><\/p>\n","protected":false},"author":9,"featured_media":32606,"comment_status":"closed","ping_status":"closed","sticky":false,"template":"","format":"standard","meta":{"footnotes":""},"categories":[4245],"tags":[5017,4476,5234,4181],"settings":[3524,4766,3523],"class_list":["post-32604","post","type-post","status-publish","format-standard","has-post-thumbnail","hentry","category-verbaende","tag-bmdv","tag-elkw","tag-foerderaufruf","tag-wasserstoff"],"yoast_head":"<!-- This site is optimized with the Yoast SEO plugin v27.3 - https:\/\/yoast.com\/product\/yoast-seo-wordpress\/ -->\n<title>Nutzfahrzeug-F\u00f6rderung, Runde Zwei I Krafthand-Truck<\/title>\n<meta name=\"description\" content=\"Das Bundesministerium f\u00fcr Digitales und Verkehr (BMDV) hat den zweiten F\u00f6rderaufruf im Rahmen der Richtlinie \u00fcber die F\u00f6rderung von Nutzfahrzeugen mit alternativen, klimaschonenden Antrieben und dazugeh\u00f6riger Tank- und Ladeinfrastruktur (KsNI) ver\u00f6ffentlicht.\" \/>\n<meta name=\"robots\" content=\"index, follow, max-snippet:-1, max-image-preview:large, max-video-preview:-1\" \/>\n<link rel=\"canonical\" href=\"https:\/\/www.krafthand.de\/truck\/artikel\/nutzfahrzeug-foerderung-geht-in-zweite-runde-32604\/\" \/>\n<meta property=\"og:locale\" content=\"de_DE\" \/>\n<meta property=\"og:type\" content=\"article\" \/>\n<meta property=\"og:title\" content=\"Nutzfahrzeug-F\u00f6rderung, Runde Zwei I Krafthand-Truck\" \/>\n<meta property=\"og:description\" content=\"Das Bundesministerium f\u00fcr Digitales und Verkehr (BMDV) hat den zweiten F\u00f6rderaufruf im Rahmen der Richtlinie \u00fcber die F\u00f6rderung von Nutzfahrzeugen mit alternativen, klimaschonenden Antrieben und dazugeh\u00f6riger Tank- und Ladeinfrastruktur (KsNI) ver\u00f6ffentlicht.\" \/>\n<meta property=\"og:url\" content=\"https:\/\/www.krafthand-truck.de\/artikel\/nutzfahrzeug-foerderung-geht-in-zweite-runde-32604\/\" \/>\n<meta property=\"og:site_name\" content=\"Krafthand-Truck\" \/>\n<meta property=\"article:published_time\" content=\"2022-06-16T13:21:36+00:00\" \/>\n<meta property=\"article:modified_time\" content=\"2022-06-16T13:30:36+00:00\" \/>\n<meta property=\"og:image\" content=\"https:\/\/static.krafthand-truck.de\/uploads\/2022\/06\/man-etruck-berlin-tempelhof-scaled.jpg\" \/>\n\t<meta property=\"og:image:width\" content=\"2560\" \/>\n\t<meta property=\"og:image:height\" content=\"1394\" \/>\n\t<meta property=\"og:image:type\" content=\"image\/jpeg\" \/>\n<meta name=\"author\" content=\"georg.blenk@krafthand-medien.de\" \/>\n<meta name=\"twitter:card\" content=\"summary_large_image\" \/>\n<meta name=\"twitter:label1\" content=\"Verfasst von\" \/>\n\t<meta name=\"twitter:data1\" content=\"georg.blenk@krafthand-medien.de\" \/>\n\t<meta name=\"twitter:label2\" content=\"Gesch\u00e4tzte Lesezeit\" \/>\n\t<meta name=\"twitter:data2\" content=\"3\u00a0Minuten\" \/>\n<script type=\"application\/ld+json\" class=\"yoast-schema-graph\">{\"@context\":\"https:\\\/\\\/schema.org\",\"@graph\":[{\"@type\":\"Article\",\"@id\":\"https:\\\/\\\/www.krafthand.de\\\/truck\\\/artikel\\\/nutzfahrzeug-foerderung-geht-in-zweite-runde-32604\\\/#article\",\"isPartOf\":{\"@id\":\"https:\\\/\\\/www.krafthand.de\\\/truck\\\/artikel\\\/nutzfahrzeug-foerderung-geht-in-zweite-runde-32604\\\/\"},\"author\":{\"name\":\"georg.blenk@krafthand-medien.de\",\"@id\":\"https:\\\/\\\/www.krafthand.de\\\/truck\\\/#\\\/schema\\\/person\\\/51fa80b1c57034c4bf63f9f988fc24ce\"},\"headline\":\"Nutzfahrzeug-F\u00f6rderung geht in die zweite Runde\",\"datePublished\":\"2022-06-16T13:21:36+00:00\",\"dateModified\":\"2022-06-16T13:30:36+00:00\",\"mainEntityOfPage\":{\"@id\":\"https:\\\/\\\/www.krafthand.de\\\/truck\\\/artikel\\\/nutzfahrzeug-foerderung-geht-in-zweite-runde-32604\\\/\"},\"wordCount\":444,\"image\":{\"@id\":\"https:\\\/\\\/www.krafthand.de\\\/truck\\\/artikel\\\/nutzfahrzeug-foerderung-geht-in-zweite-runde-32604\\\/#primaryimage\"},\"thumbnailUrl\":\"https:\\\/\\\/static.krafthand-truck.de\\\/uploads\\\/2022\\\/06\\\/man-etruck-berlin-tempelhof-scaled.jpg\",\"keywords\":[\"BMDV\",\"eLkw\",\"F\u00f6rderaufruf\",\"Wasserstoff\"],\"articleSection\":[\"Verb\u00e4nde\\\/Politik\\\/Recht\"],\"inLanguage\":\"de\"},{\"@type\":\"WebPage\",\"@id\":\"https:\\\/\\\/www.krafthand.de\\\/truck\\\/artikel\\\/nutzfahrzeug-foerderung-geht-in-zweite-runde-32604\\\/\",\"url\":\"https:\\\/\\\/www.krafthand.de\\\/truck\\\/artikel\\\/nutzfahrzeug-foerderung-geht-in-zweite-runde-32604\\\/\",\"name\":\"Nutzfahrzeug-F\u00f6rderung, Runde Zwei I Krafthand-Truck\",\"isPartOf\":{\"@id\":\"https:\\\/\\\/www.krafthand.de\\\/truck\\\/#website\"},\"primaryImageOfPage\":{\"@id\":\"https:\\\/\\\/www.krafthand.de\\\/truck\\\/artikel\\\/nutzfahrzeug-foerderung-geht-in-zweite-runde-32604\\\/#primaryimage\"},\"image\":{\"@id\":\"https:\\\/\\\/www.krafthand.de\\\/truck\\\/artikel\\\/nutzfahrzeug-foerderung-geht-in-zweite-runde-32604\\\/#primaryimage\"},\"thumbnailUrl\":\"https:\\\/\\\/static.krafthand-truck.de\\\/uploads\\\/2022\\\/06\\\/man-etruck-berlin-tempelhof-scaled.jpg\",\"datePublished\":\"2022-06-16T13:21:36+00:00\",\"dateModified\":\"2022-06-16T13:30:36+00:00\",\"author\":{\"@id\":\"https:\\\/\\\/www.krafthand.de\\\/truck\\\/#\\\/schema\\\/person\\\/51fa80b1c57034c4bf63f9f988fc24ce\"},\"description\":\"Das Bundesministerium f\u00fcr Digitales und Verkehr (BMDV) hat den zweiten F\u00f6rderaufruf im Rahmen der Richtlinie \u00fcber die F\u00f6rderung von Nutzfahrzeugen mit alternativen, klimaschonenden Antrieben und dazugeh\u00f6riger Tank- und Ladeinfrastruktur (KsNI) ver\u00f6ffentlicht.\",\"breadcrumb\":{\"@id\":\"https:\\\/\\\/www.krafthand.de\\\/truck\\\/artikel\\\/nutzfahrzeug-foerderung-geht-in-zweite-runde-32604\\\/#breadcrumb\"},\"inLanguage\":\"de\",\"potentialAction\":[{\"@type\":\"ReadAction\",\"target\":[\"https:\\\/\\\/www.krafthand.de\\\/truck\\\/artikel\\\/nutzfahrzeug-foerderung-geht-in-zweite-runde-32604\\\/\"]}]},{\"@type\":\"ImageObject\",\"inLanguage\":\"de\",\"@id\":\"https:\\\/\\\/www.krafthand.de\\\/truck\\\/artikel\\\/nutzfahrzeug-foerderung-geht-in-zweite-runde-32604\\\/#primaryimage\",\"url\":\"https:\\\/\\\/static.krafthand-truck.de\\\/uploads\\\/2022\\\/06\\\/man-etruck-berlin-tempelhof-scaled.jpg\",\"contentUrl\":\"https:\\\/\\\/static.krafthand-truck.de\\\/uploads\\\/2022\\\/06\\\/man-etruck-berlin-tempelhof-scaled.jpg\",\"width\":2560,\"height\":1394,\"caption\":\"MAN Berlin E-Truck\"},{\"@type\":\"BreadcrumbList\",\"@id\":\"https:\\\/\\\/www.krafthand.de\\\/truck\\\/artikel\\\/nutzfahrzeug-foerderung-geht-in-zweite-runde-32604\\\/#breadcrumb\",\"itemListElement\":[{\"@type\":\"ListItem\",\"position\":1,\"name\":\"Krafthand-Truck\",\"item\":\"https:\\\/\\\/www.krafthand.de\\\/truck\\\/\"},{\"@type\":\"ListItem\",\"position\":2,\"name\":\"Nfz-Branche\",\"item\":\"https:\\\/\\\/www.krafthand.de\\\/truck\\\/kategorie\\\/branche\\\/\"},{\"@type\":\"ListItem\",\"position\":3,\"name\":\"Verb\u00e4nde\\\/Politik\\\/Recht\",\"item\":\"https:\\\/\\\/www.krafthand.de\\\/truck\\\/kategorie\\\/branche\\\/verbaende\\\/\"},{\"@type\":\"ListItem\",\"position\":4,\"name\":\"Nutzfahrzeug-F\u00f6rderung geht in die zweite Runde\"}]},{\"@type\":\"WebSite\",\"@id\":\"https:\\\/\\\/www.krafthand.de\\\/truck\\\/#website\",\"url\":\"https:\\\/\\\/www.krafthand.de\\\/truck\\\/\",\"name\":\"Krafthand-Truck\",\"description\":\"\",\"potentialAction\":[{\"@type\":\"SearchAction\",\"target\":{\"@type\":\"EntryPoint\",\"urlTemplate\":\"https:\\\/\\\/www.krafthand.de\\\/truck\\\/?s={search_term_string}\"},\"query-input\":{\"@type\":\"PropertyValueSpecification\",\"valueRequired\":true,\"valueName\":\"search_term_string\"}}],\"inLanguage\":\"de\"},{\"@type\":\"Person\",\"@id\":\"https:\\\/\\\/www.krafthand.de\\\/truck\\\/#\\\/schema\\\/person\\\/51fa80b1c57034c4bf63f9f988fc24ce\",\"name\":\"georg.blenk@krafthand-medien.de\",\"image\":{\"@type\":\"ImageObject\",\"inLanguage\":\"de\",\"@id\":\"https:\\\/\\\/secure.gravatar.com\\\/avatar\\\/93713c30affe0aa95d3a4130e499bb1abee2eb31adbdd9ce2aa1543538490215?s=96&d=mm&r=g\",\"url\":\"https:\\\/\\\/secure.gravatar.com\\\/avatar\\\/93713c30affe0aa95d3a4130e499bb1abee2eb31adbdd9ce2aa1543538490215?s=96&d=mm&r=g\",\"contentUrl\":\"https:\\\/\\\/secure.gravatar.com\\\/avatar\\\/93713c30affe0aa95d3a4130e499bb1abee2eb31adbdd9ce2aa1543538490215?s=96&d=mm&r=g\",\"caption\":\"georg.blenk@krafthand-medien.de\"}}]}<\/script>\n<!-- \/ Yoast SEO plugin. -->","yoast_head_json":{"title":"Nutzfahrzeug-F\u00f6rderung, Runde Zwei I Krafthand-Truck","description":"Das Bundesministerium f\u00fcr Digitales und Verkehr (BMDV) hat den zweiten F\u00f6rderaufruf im Rahmen der Richtlinie \u00fcber die F\u00f6rderung von Nutzfahrzeugen mit alternativen, klimaschonenden Antrieben und dazugeh\u00f6riger Tank- und Ladeinfrastruktur (KsNI) ver\u00f6ffentlicht.","robots":{"index":"index","follow":"follow","max-snippet":"max-snippet:-1","max-image-preview":"max-image-preview:large","max-video-preview":"max-video-preview:-1"},"canonical":"https:\/\/www.krafthand.de\/truck\/artikel\/nutzfahrzeug-foerderung-geht-in-zweite-runde-32604\/","og_locale":"de_DE","og_type":"article","og_title":"Nutzfahrzeug-F\u00f6rderung, Runde Zwei I Krafthand-Truck","og_description":"Das Bundesministerium f\u00fcr Digitales und Verkehr (BMDV) hat den zweiten F\u00f6rderaufruf im Rahmen der Richtlinie \u00fcber die F\u00f6rderung von Nutzfahrzeugen mit alternativen, klimaschonenden Antrieben und dazugeh\u00f6riger Tank- und Ladeinfrastruktur (KsNI) ver\u00f6ffentlicht.","og_url":"https:\/\/www.krafthand-truck.de\/artikel\/nutzfahrzeug-foerderung-geht-in-zweite-runde-32604\/","og_site_name":"Krafthand-Truck","article_published_time":"2022-06-16T13:21:36+00:00","article_modified_time":"2022-06-16T13:30:36+00:00","og_image":[{"width":2560,"height":1394,"url":"https:\/\/static.krafthand-truck.de\/uploads\/2022\/06\/man-etruck-berlin-tempelhof-scaled.jpg","type":"image\/jpeg"}],"author":"georg.blenk@krafthand-medien.de","twitter_card":"summary_large_image","twitter_misc":{"Verfasst von":"georg.blenk@krafthand-medien.de","Gesch\u00e4tzte Lesezeit":"3\u00a0Minuten"},"schema":{"@context":"https:\/\/schema.org","@graph":[{"@type":"Article","@id":"https:\/\/www.krafthand.de\/truck\/artikel\/nutzfahrzeug-foerderung-geht-in-zweite-runde-32604\/#article","isPartOf":{"@id":"https:\/\/www.krafthand.de\/truck\/artikel\/nutzfahrzeug-foerderung-geht-in-zweite-runde-32604\/"},"author":{"name":"georg.blenk@krafthand-medien.de","@id":"https:\/\/www.krafthand.de\/truck\/#\/schema\/person\/51fa80b1c57034c4bf63f9f988fc24ce"},"headline":"Nutzfahrzeug-F\u00f6rderung geht in die zweite Runde","datePublished":"2022-06-16T13:21:36+00:00","dateModified":"2022-06-16T13:30:36+00:00","mainEntityOfPage":{"@id":"https:\/\/www.krafthand.de\/truck\/artikel\/nutzfahrzeug-foerderung-geht-in-zweite-runde-32604\/"},"wordCount":444,"image":{"@id":"https:\/\/www.krafthand.de\/truck\/artikel\/nutzfahrzeug-foerderung-geht-in-zweite-runde-32604\/#primaryimage"},"thumbnailUrl":"https:\/\/static.krafthand-truck.de\/uploads\/2022\/06\/man-etruck-berlin-tempelhof-scaled.jpg","keywords":["BMDV","eLkw","F\u00f6rderaufruf","Wasserstoff"],"articleSection":["Verb\u00e4nde\/Politik\/Recht"],"inLanguage":"de"},{"@type":"WebPage","@id":"https:\/\/www.krafthand.de\/truck\/artikel\/nutzfahrzeug-foerderung-geht-in-zweite-runde-32604\/","url":"https:\/\/www.krafthand.de\/truck\/artikel\/nutzfahrzeug-foerderung-geht-in-zweite-runde-32604\/","name":"Nutzfahrzeug-F\u00f6rderung, Runde Zwei I Krafthand-Truck","isPartOf":{"@id":"https:\/\/www.krafthand.de\/truck\/#website"},"primaryImageOfPage":{"@id":"https:\/\/www.krafthand.de\/truck\/artikel\/nutzfahrzeug-foerderung-geht-in-zweite-runde-32604\/#primaryimage"},"image":{"@id":"https:\/\/www.krafthand.de\/truck\/artikel\/nutzfahrzeug-foerderung-geht-in-zweite-runde-32604\/#primaryimage"},"thumbnailUrl":"https:\/\/static.krafthand-truck.de\/uploads\/2022\/06\/man-etruck-berlin-tempelhof-scaled.jpg","datePublished":"2022-06-16T13:21:36+00:00","dateModified":"2022-06-16T13:30:36+00:00","author":{"@id":"https:\/\/www.krafthand.de\/truck\/#\/schema\/person\/51fa80b1c57034c4bf63f9f988fc24ce"},"description":"Das Bundesministerium f\u00fcr Digitales und Verkehr (BMDV) hat den zweiten F\u00f6rderaufruf im Rahmen der Richtlinie \u00fcber die F\u00f6rderung von Nutzfahrzeugen mit alternativen, klimaschonenden Antrieben und dazugeh\u00f6riger Tank- und Ladeinfrastruktur (KsNI) ver\u00f6ffentlicht.","breadcrumb":{"@id":"https:\/\/www.krafthand.de\/truck\/artikel\/nutzfahrzeug-foerderung-geht-in-zweite-runde-32604\/#breadcrumb"},"inLanguage":"de","potentialAction":[{"@type":"ReadAction","target":["https:\/\/www.krafthand.de\/truck\/artikel\/nutzfahrzeug-foerderung-geht-in-zweite-runde-32604\/"]}]},{"@type":"ImageObject","inLanguage":"de","@id":"https:\/\/www.krafthand.de\/truck\/artikel\/nutzfahrzeug-foerderung-geht-in-zweite-runde-32604\/#primaryimage","url":"https:\/\/static.krafthand-truck.de\/uploads\/2022\/06\/man-etruck-berlin-tempelhof-scaled.jpg","contentUrl":"https:\/\/static.krafthand-truck.de\/uploads\/2022\/06\/man-etruck-berlin-tempelhof-scaled.jpg","width":2560,"height":1394,"caption":"MAN Berlin E-Truck"},{"@type":"BreadcrumbList","@id":"https:\/\/www.krafthand.de\/truck\/artikel\/nutzfahrzeug-foerderung-geht-in-zweite-runde-32604\/#breadcrumb","itemListElement":[{"@type":"ListItem","position":1,"name":"Krafthand-Truck","item":"https:\/\/www.krafthand.de\/truck\/"},{"@type":"ListItem","position":2,"name":"Nfz-Branche","item":"https:\/\/www.krafthand.de\/truck\/kategorie\/branche\/"},{"@type":"ListItem","position":3,"name":"Verb\u00e4nde\/Politik\/Recht","item":"https:\/\/www.krafthand.de\/truck\/kategorie\/branche\/verbaende\/"},{"@type":"ListItem","position":4,"name":"Nutzfahrzeug-F\u00f6rderung geht in die zweite Runde"}]},{"@type":"WebSite","@id":"https:\/\/www.krafthand.de\/truck\/#website","url":"https:\/\/www.krafthand.de\/truck\/","name":"Krafthand-Truck","description":"","potentialAction":[{"@type":"SearchAction","target":{"@type":"EntryPoint","urlTemplate":"https:\/\/www.krafthand.de\/truck\/?s={search_term_string}"},"query-input":{"@type":"PropertyValueSpecification","valueRequired":true,"valueName":"search_term_string"}}],"inLanguage":"de"},{"@type":"Person","@id":"https:\/\/www.krafthand.de\/truck\/#\/schema\/person\/51fa80b1c57034c4bf63f9f988fc24ce","name":"georg.blenk@krafthand-medien.de","image":{"@type":"ImageObject","inLanguage":"de","@id":"https:\/\/secure.gravatar.com\/avatar\/93713c30affe0aa95d3a4130e499bb1abee2eb31adbdd9ce2aa1543538490215?s=96&d=mm&r=g","url":"https:\/\/secure.gravatar.com\/avatar\/93713c30affe0aa95d3a4130e499bb1abee2eb31adbdd9ce2aa1543538490215?s=96&d=mm&r=g","contentUrl":"https:\/\/secure.gravatar.com\/avatar\/93713c30affe0aa95d3a4130e499bb1abee2eb31adbdd9ce2aa1543538490215?s=96&d=mm&r=g","caption":"georg.blenk@krafthand-medien.de"}}]}},"_links":{"self":[{"href":"https:\/\/www.krafthand.de\/truck\/wp-json\/wp\/v2\/posts\/32604","targetHints":{"allow":["GET"]}}],"collection":[{"href":"https:\/\/www.krafthand.de\/truck\/wp-json\/wp\/v2\/posts"}],"about":[{"href":"https:\/\/www.krafthand.de\/truck\/wp-json\/wp\/v2\/types\/post"}],"author":[{"embeddable":true,"href":"https:\/\/www.krafthand.de\/truck\/wp-json\/wp\/v2\/users\/9"}],"replies":[{"embeddable":true,"href":"https:\/\/www.krafthand.de\/truck\/wp-json\/wp\/v2\/comments?post=32604"}],"version-history":[{"count":4,"href":"https:\/\/www.krafthand.de\/truck\/wp-json\/wp\/v2\/posts\/32604\/revisions"}],"predecessor-version":[{"id":32609,"href":"https:\/\/www.krafthand.de\/truck\/wp-json\/wp\/v2\/posts\/32604\/revisions\/32609"}],"wp:featuredmedia":[{"embeddable":true,"href":"https:\/\/www.krafthand.de\/truck\/wp-json\/wp\/v2\/media\/32606"}],"wp:attachment":[{"href":"https:\/\/www.krafthand.de\/truck\/wp-json\/wp\/v2\/media?parent=32604"}],"wp:term":[{"taxonomy":"category","embeddable":true,"href":"https:\/\/www.krafthand.de\/truck\/wp-json\/wp\/v2\/categories?post=32604"},{"taxonomy":"post_tag","embeddable":true,"href":"https:\/\/www.krafthand.de\/truck\/wp-json\/wp\/v2\/tags?post=32604"},{"taxonomy":"settings","embeddable":true,"href":"https:\/\/www.krafthand.de\/truck\/wp-json\/wp\/v2\/settings?post=32604"}],"curies":[{"name":"wp","href":"https:\/\/api.w.org\/{rel}","templated":true}]}}