{"id":3260,"date":"2017-11-10T10:27:34","date_gmt":"2017-11-10T09:27:34","guid":{"rendered":"https:\/\/www.krafthand.de\/truck\/artikel\/neue-strukturen-bei-eberspaecher-3260\/"},"modified":"2017-11-10T10:27:34","modified_gmt":"2017-11-10T09:27:34","slug":"neue-strukturen-bei-eberspaecher","status":"publish","type":"post","link":"https:\/\/www.krafthand.de\/truck\/artikel\/neue-strukturen-bei-eberspaecher-3260\/","title":{"rendered":"Neue Strukturen bei Ebersp\u00e4cher"},"content":{"rendered":"<p class=\"text-colored\">Beim Esslinger Zulieferer und Thermomanagement-Spezialisten gab es k\u00fcrzlich einige Ver\u00e4nderungen: Dr. J\u00f6rg Schernikau (links) hat als Gesch\u00e4ftsf\u00fchrer die Leitung der beiden Gesch\u00e4ftsbereiche Climate Control Systems und Automotive Controls der Ebersp\u00e4cher Unternehmensgruppe \u00fcbernommen.<\/p>\n<p>Dr. Dirk Walliser (rechts), bislang Gesch\u00e4ftsf\u00fchrer der Sparte Automotive Controls, verantwortet nun die Geschicke des neu geschaffenen Bereichs Business Innovation. Mit dem neuen Gesch\u00e4ftsbereich will das Unternehmen nach eigenem Bekunden neue Marktchancen und Produktm\u00f6glichkeiten erschlie\u00dfen.<br \/>\nDazu soll Business Innovation die Entwicklung von Produkten und Gesch\u00e4ften in den Zukunftsfeldern E-Mobility, Autonomes Fahren und Connectivity zielgerichtet vorantreiben.<\/p>\n","protected":false},"excerpt":{"rendered":"<p>Beim Esslinger Zulieferer und Thermomanagement-Spezialisten gab es k\u00fcrzlich einige Ver\u00e4nderungen: Dr. J\u00f6rg Schernikau (links) hat als Gesch\u00e4ftsf\u00fchrer die Leitung der beiden Gesch\u00e4ftsbereiche Climate Control Systems und Automotive Controls der Ebersp\u00e4cher Unternehmensgruppe \u00fcbernommen. <span class=\"excerpt-more__dots\">&#8230;<\/span> <a class=\"excerpt-more__link\" href=\"https:\/\/www.krafthand.de\/truck\/artikel\/neue-strukturen-bei-eberspaecher-3260\/\" >weiter<\/a><\/p>\n","protected":false},"author":3,"featured_media":3261,"comment_status":"closed","ping_status":"closed","sticky":false,"template":"","format":"standard","meta":{"footnotes":""},"categories":[5],"tags":[3446,3445,434,3447,3444],"settings":[],"class_list":["post-3260","post","type-post","status-publish","format-standard","has-post-thumbnail","hentry","category-branche","tag-dr-dirk-walliser","tag-dr-joerg-schernikau","tag-eberspaecher","tag-sparte-automotive-controls","tag-thermomanagaement"],"yoast_head":"<!-- This site is optimized with the Yoast SEO plugin v27.3 - https:\/\/yoast.com\/product\/yoast-seo-wordpress\/ -->\n<title>Neue Strukturen bei Ebersp\u00e4cher - Krafthand-Truck<\/title>\n<meta name=\"robots\" content=\"index, follow, max-snippet:-1, max-image-preview:large, max-video-preview:-1\" \/>\n<link rel=\"canonical\" href=\"https:\/\/www.krafthand.de\/truck\/artikel\/neue-strukturen-bei-eberspaecher-3260\/\" \/>\n<meta property=\"og:locale\" content=\"de_DE\" \/>\n<meta property=\"og:type\" content=\"article\" \/>\n<meta property=\"og:title\" content=\"Neue Strukturen bei Ebersp\u00e4cher - Krafthand-Truck\" \/>\n<meta property=\"og:description\" content=\"Beim Esslinger Zulieferer und Thermomanagement-Spezialisten gab es k\u00fcrzlich einige Ver\u00e4nderungen: Dr. J\u00f6rg Schernikau (links) hat als Gesch\u00e4ftsf\u00fchrer die Leitung der beiden Gesch\u00e4ftsbereiche Climate Control Systems und Automotive Controls der Ebersp\u00e4cher Unternehmensgruppe \u00fcbernommen. ... weiter\" \/>\n<meta property=\"og:url\" content=\"https:\/\/www.krafthand-truck.de\/artikel\/neue-strukturen-bei-eberspaecher-3260\/\" \/>\n<meta property=\"og:site_name\" content=\"Krafthand-Truck\" \/>\n<meta property=\"article:published_time\" content=\"2017-11-10T09:27:34+00:00\" \/>\n<meta property=\"og:image\" content=\"https:\/\/www.krafthand.de\/truck\/wp-content\/uploads\/2017\/11\/Eberspaecher_Perso.jpg\" \/>\n\t<meta property=\"og:image:width\" content=\"800\" \/>\n\t<meta property=\"og:image:height\" content=\"626\" \/>\n\t<meta property=\"og:image:type\" content=\"image\/jpeg\" \/>\n<meta name=\"author\" content=\"katja.heid@krafthand.de\" \/>\n<meta name=\"twitter:card\" content=\"summary_large_image\" \/>\n<meta name=\"twitter:label1\" content=\"Verfasst von\" \/>\n\t<meta name=\"twitter:data1\" content=\"katja.heid@krafthand.de\" \/>\n\t<meta name=\"twitter:label2\" content=\"Gesch\u00e4tzte Lesezeit\" \/>\n\t<meta name=\"twitter:data2\" content=\"1\u00a0Minute\" \/>\n<script type=\"application\/ld+json\" class=\"yoast-schema-graph\">{\"@context\":\"https:\\\/\\\/schema.org\",\"@graph\":[{\"@type\":\"Article\",\"@id\":\"https:\\\/\\\/www.krafthand.de\\\/truck\\\/artikel\\\/neue-strukturen-bei-eberspaecher-3260\\\/#article\",\"isPartOf\":{\"@id\":\"https:\\\/\\\/www.krafthand.de\\\/truck\\\/artikel\\\/neue-strukturen-bei-eberspaecher-3260\\\/\"},\"author\":{\"name\":\"katja.heid@krafthand.de\",\"@id\":\"https:\\\/\\\/www.krafthand.de\\\/truck\\\/#\\\/schema\\\/person\\\/8e290c6d425b72d176adc7767a251001\"},\"headline\":\"Neue Strukturen bei Ebersp\u00e4cher\",\"datePublished\":\"2017-11-10T09:27:34+00:00\",\"mainEntityOfPage\":{\"@id\":\"https:\\\/\\\/www.krafthand.de\\\/truck\\\/artikel\\\/neue-strukturen-bei-eberspaecher-3260\\\/\"},\"wordCount\":107,\"image\":{\"@id\":\"https:\\\/\\\/www.krafthand.de\\\/truck\\\/artikel\\\/neue-strukturen-bei-eberspaecher-3260\\\/#primaryimage\"},\"thumbnailUrl\":\"https:\\\/\\\/static.krafthand-truck.de\\\/uploads\\\/2017\\\/11\\\/Eberspaecher_Perso.jpg\",\"keywords\":[\"Dr. Dirk Walliser\",\"Dr. J\u00f6rg Schernikau\",\"Ebersp\u00e4cher\",\"Sparte Automotive Controls\",\"Thermomanagaement\"],\"articleSection\":[\"Nfz-Branche\"],\"inLanguage\":\"de\"},{\"@type\":\"WebPage\",\"@id\":\"https:\\\/\\\/www.krafthand.de\\\/truck\\\/artikel\\\/neue-strukturen-bei-eberspaecher-3260\\\/\",\"url\":\"https:\\\/\\\/www.krafthand.de\\\/truck\\\/artikel\\\/neue-strukturen-bei-eberspaecher-3260\\\/\",\"name\":\"Neue Strukturen bei Ebersp\u00e4cher - Krafthand-Truck\",\"isPartOf\":{\"@id\":\"https:\\\/\\\/www.krafthand.de\\\/truck\\\/#website\"},\"primaryImageOfPage\":{\"@id\":\"https:\\\/\\\/www.krafthand.de\\\/truck\\\/artikel\\\/neue-strukturen-bei-eberspaecher-3260\\\/#primaryimage\"},\"image\":{\"@id\":\"https:\\\/\\\/www.krafthand.de\\\/truck\\\/artikel\\\/neue-strukturen-bei-eberspaecher-3260\\\/#primaryimage\"},\"thumbnailUrl\":\"https:\\\/\\\/static.krafthand-truck.de\\\/uploads\\\/2017\\\/11\\\/Eberspaecher_Perso.jpg\",\"datePublished\":\"2017-11-10T09:27:34+00:00\",\"author\":{\"@id\":\"https:\\\/\\\/www.krafthand.de\\\/truck\\\/#\\\/schema\\\/person\\\/8e290c6d425b72d176adc7767a251001\"},\"breadcrumb\":{\"@id\":\"https:\\\/\\\/www.krafthand.de\\\/truck\\\/artikel\\\/neue-strukturen-bei-eberspaecher-3260\\\/#breadcrumb\"},\"inLanguage\":\"de\",\"potentialAction\":[{\"@type\":\"ReadAction\",\"target\":[\"https:\\\/\\\/www.krafthand.de\\\/truck\\\/artikel\\\/neue-strukturen-bei-eberspaecher-3260\\\/\"]}]},{\"@type\":\"ImageObject\",\"inLanguage\":\"de\",\"@id\":\"https:\\\/\\\/www.krafthand.de\\\/truck\\\/artikel\\\/neue-strukturen-bei-eberspaecher-3260\\\/#primaryimage\",\"url\":\"https:\\\/\\\/static.krafthand-truck.de\\\/uploads\\\/2017\\\/11\\\/Eberspaecher_Perso.jpg\",\"contentUrl\":\"https:\\\/\\\/static.krafthand-truck.de\\\/uploads\\\/2017\\\/11\\\/Eberspaecher_Perso.jpg\",\"width\":800,\"height\":626,\"caption\":\"Dr. J\u00f6rg Schernikau (links) und Dr. Dirk Walliser. Bild:\"},{\"@type\":\"BreadcrumbList\",\"@id\":\"https:\\\/\\\/www.krafthand.de\\\/truck\\\/artikel\\\/neue-strukturen-bei-eberspaecher-3260\\\/#breadcrumb\",\"itemListElement\":[{\"@type\":\"ListItem\",\"position\":1,\"name\":\"Krafthand-Truck\",\"item\":\"https:\\\/\\\/www.krafthand.de\\\/truck\\\/\"},{\"@type\":\"ListItem\",\"position\":2,\"name\":\"Nfz-Branche\",\"item\":\"https:\\\/\\\/www.krafthand.de\\\/truck\\\/kategorie\\\/branche\\\/\"},{\"@type\":\"ListItem\",\"position\":3,\"name\":\"Neue Strukturen bei Ebersp\u00e4cher\"}]},{\"@type\":\"WebSite\",\"@id\":\"https:\\\/\\\/www.krafthand.de\\\/truck\\\/#website\",\"url\":\"https:\\\/\\\/www.krafthand.de\\\/truck\\\/\",\"name\":\"Krafthand-Truck\",\"description\":\"\",\"potentialAction\":[{\"@type\":\"SearchAction\",\"target\":{\"@type\":\"EntryPoint\",\"urlTemplate\":\"https:\\\/\\\/www.krafthand.de\\\/truck\\\/?s={search_term_string}\"},\"query-input\":{\"@type\":\"PropertyValueSpecification\",\"valueRequired\":true,\"valueName\":\"search_term_string\"}}],\"inLanguage\":\"de\"},{\"@type\":\"Person\",\"@id\":\"https:\\\/\\\/www.krafthand.de\\\/truck\\\/#\\\/schema\\\/person\\\/8e290c6d425b72d176adc7767a251001\",\"name\":\"katja.heid@krafthand.de\",\"image\":{\"@type\":\"ImageObject\",\"inLanguage\":\"de\",\"@id\":\"https:\\\/\\\/secure.gravatar.com\\\/avatar\\\/9a2930c54ede0e0a76c0f8abfb74704de273084f2aa0e3c6deb2c86704c7402b?s=96&d=mm&r=g\",\"url\":\"https:\\\/\\\/secure.gravatar.com\\\/avatar\\\/9a2930c54ede0e0a76c0f8abfb74704de273084f2aa0e3c6deb2c86704c7402b?s=96&d=mm&r=g\",\"contentUrl\":\"https:\\\/\\\/secure.gravatar.com\\\/avatar\\\/9a2930c54ede0e0a76c0f8abfb74704de273084f2aa0e3c6deb2c86704c7402b?s=96&d=mm&r=g\",\"caption\":\"katja.heid@krafthand.de\"}}]}<\/script>\n<!-- \/ Yoast SEO plugin. -->","yoast_head_json":{"title":"Neue Strukturen bei Ebersp\u00e4cher - Krafthand-Truck","robots":{"index":"index","follow":"follow","max-snippet":"max-snippet:-1","max-image-preview":"max-image-preview:large","max-video-preview":"max-video-preview:-1"},"canonical":"https:\/\/www.krafthand.de\/truck\/artikel\/neue-strukturen-bei-eberspaecher-3260\/","og_locale":"de_DE","og_type":"article","og_title":"Neue Strukturen bei Ebersp\u00e4cher - Krafthand-Truck","og_description":"Beim Esslinger Zulieferer und Thermomanagement-Spezialisten gab es k\u00fcrzlich einige Ver\u00e4nderungen: Dr. J\u00f6rg Schernikau (links) hat als Gesch\u00e4ftsf\u00fchrer die Leitung der beiden Gesch\u00e4ftsbereiche Climate Control Systems und Automotive Controls der Ebersp\u00e4cher Unternehmensgruppe \u00fcbernommen. ... weiter","og_url":"https:\/\/www.krafthand-truck.de\/artikel\/neue-strukturen-bei-eberspaecher-3260\/","og_site_name":"Krafthand-Truck","article_published_time":"2017-11-10T09:27:34+00:00","og_image":[{"width":800,"height":626,"url":"https:\/\/www.krafthand.de\/truck\/wp-content\/uploads\/2017\/11\/Eberspaecher_Perso.jpg","type":"image\/jpeg"}],"author":"katja.heid@krafthand.de","twitter_card":"summary_large_image","twitter_misc":{"Verfasst von":"katja.heid@krafthand.de","Gesch\u00e4tzte Lesezeit":"1\u00a0Minute"},"schema":{"@context":"https:\/\/schema.org","@graph":[{"@type":"Article","@id":"https:\/\/www.krafthand.de\/truck\/artikel\/neue-strukturen-bei-eberspaecher-3260\/#article","isPartOf":{"@id":"https:\/\/www.krafthand.de\/truck\/artikel\/neue-strukturen-bei-eberspaecher-3260\/"},"author":{"name":"katja.heid@krafthand.de","@id":"https:\/\/www.krafthand.de\/truck\/#\/schema\/person\/8e290c6d425b72d176adc7767a251001"},"headline":"Neue Strukturen bei Ebersp\u00e4cher","datePublished":"2017-11-10T09:27:34+00:00","mainEntityOfPage":{"@id":"https:\/\/www.krafthand.de\/truck\/artikel\/neue-strukturen-bei-eberspaecher-3260\/"},"wordCount":107,"image":{"@id":"https:\/\/www.krafthand.de\/truck\/artikel\/neue-strukturen-bei-eberspaecher-3260\/#primaryimage"},"thumbnailUrl":"https:\/\/static.krafthand-truck.de\/uploads\/2017\/11\/Eberspaecher_Perso.jpg","keywords":["Dr. Dirk Walliser","Dr. J\u00f6rg Schernikau","Ebersp\u00e4cher","Sparte Automotive Controls","Thermomanagaement"],"articleSection":["Nfz-Branche"],"inLanguage":"de"},{"@type":"WebPage","@id":"https:\/\/www.krafthand.de\/truck\/artikel\/neue-strukturen-bei-eberspaecher-3260\/","url":"https:\/\/www.krafthand.de\/truck\/artikel\/neue-strukturen-bei-eberspaecher-3260\/","name":"Neue Strukturen bei Ebersp\u00e4cher - Krafthand-Truck","isPartOf":{"@id":"https:\/\/www.krafthand.de\/truck\/#website"},"primaryImageOfPage":{"@id":"https:\/\/www.krafthand.de\/truck\/artikel\/neue-strukturen-bei-eberspaecher-3260\/#primaryimage"},"image":{"@id":"https:\/\/www.krafthand.de\/truck\/artikel\/neue-strukturen-bei-eberspaecher-3260\/#primaryimage"},"thumbnailUrl":"https:\/\/static.krafthand-truck.de\/uploads\/2017\/11\/Eberspaecher_Perso.jpg","datePublished":"2017-11-10T09:27:34+00:00","author":{"@id":"https:\/\/www.krafthand.de\/truck\/#\/schema\/person\/8e290c6d425b72d176adc7767a251001"},"breadcrumb":{"@id":"https:\/\/www.krafthand.de\/truck\/artikel\/neue-strukturen-bei-eberspaecher-3260\/#breadcrumb"},"inLanguage":"de","potentialAction":[{"@type":"ReadAction","target":["https:\/\/www.krafthand.de\/truck\/artikel\/neue-strukturen-bei-eberspaecher-3260\/"]}]},{"@type":"ImageObject","inLanguage":"de","@id":"https:\/\/www.krafthand.de\/truck\/artikel\/neue-strukturen-bei-eberspaecher-3260\/#primaryimage","url":"https:\/\/static.krafthand-truck.de\/uploads\/2017\/11\/Eberspaecher_Perso.jpg","contentUrl":"https:\/\/static.krafthand-truck.de\/uploads\/2017\/11\/Eberspaecher_Perso.jpg","width":800,"height":626,"caption":"Dr. J\u00f6rg Schernikau (links) und Dr. Dirk Walliser. Bild:"},{"@type":"BreadcrumbList","@id":"https:\/\/www.krafthand.de\/truck\/artikel\/neue-strukturen-bei-eberspaecher-3260\/#breadcrumb","itemListElement":[{"@type":"ListItem","position":1,"name":"Krafthand-Truck","item":"https:\/\/www.krafthand.de\/truck\/"},{"@type":"ListItem","position":2,"name":"Nfz-Branche","item":"https:\/\/www.krafthand.de\/truck\/kategorie\/branche\/"},{"@type":"ListItem","position":3,"name":"Neue Strukturen bei Ebersp\u00e4cher"}]},{"@type":"WebSite","@id":"https:\/\/www.krafthand.de\/truck\/#website","url":"https:\/\/www.krafthand.de\/truck\/","name":"Krafthand-Truck","description":"","potentialAction":[{"@type":"SearchAction","target":{"@type":"EntryPoint","urlTemplate":"https:\/\/www.krafthand.de\/truck\/?s={search_term_string}"},"query-input":{"@type":"PropertyValueSpecification","valueRequired":true,"valueName":"search_term_string"}}],"inLanguage":"de"},{"@type":"Person","@id":"https:\/\/www.krafthand.de\/truck\/#\/schema\/person\/8e290c6d425b72d176adc7767a251001","name":"katja.heid@krafthand.de","image":{"@type":"ImageObject","inLanguage":"de","@id":"https:\/\/secure.gravatar.com\/avatar\/9a2930c54ede0e0a76c0f8abfb74704de273084f2aa0e3c6deb2c86704c7402b?s=96&d=mm&r=g","url":"https:\/\/secure.gravatar.com\/avatar\/9a2930c54ede0e0a76c0f8abfb74704de273084f2aa0e3c6deb2c86704c7402b?s=96&d=mm&r=g","contentUrl":"https:\/\/secure.gravatar.com\/avatar\/9a2930c54ede0e0a76c0f8abfb74704de273084f2aa0e3c6deb2c86704c7402b?s=96&d=mm&r=g","caption":"katja.heid@krafthand.de"}}]}},"_links":{"self":[{"href":"https:\/\/www.krafthand.de\/truck\/wp-json\/wp\/v2\/posts\/3260","targetHints":{"allow":["GET"]}}],"collection":[{"href":"https:\/\/www.krafthand.de\/truck\/wp-json\/wp\/v2\/posts"}],"about":[{"href":"https:\/\/www.krafthand.de\/truck\/wp-json\/wp\/v2\/types\/post"}],"author":[{"embeddable":true,"href":"https:\/\/www.krafthand.de\/truck\/wp-json\/wp\/v2\/users\/3"}],"replies":[{"embeddable":true,"href":"https:\/\/www.krafthand.de\/truck\/wp-json\/wp\/v2\/comments?post=3260"}],"version-history":[{"count":0,"href":"https:\/\/www.krafthand.de\/truck\/wp-json\/wp\/v2\/posts\/3260\/revisions"}],"wp:featuredmedia":[{"embeddable":true,"href":"https:\/\/www.krafthand.de\/truck\/wp-json\/wp\/v2\/media\/3261"}],"wp:attachment":[{"href":"https:\/\/www.krafthand.de\/truck\/wp-json\/wp\/v2\/media?parent=3260"}],"wp:term":[{"taxonomy":"category","embeddable":true,"href":"https:\/\/www.krafthand.de\/truck\/wp-json\/wp\/v2\/categories?post=3260"},{"taxonomy":"post_tag","embeddable":true,"href":"https:\/\/www.krafthand.de\/truck\/wp-json\/wp\/v2\/tags?post=3260"},{"taxonomy":"settings","embeddable":true,"href":"https:\/\/www.krafthand.de\/truck\/wp-json\/wp\/v2\/settings?post=3260"}],"curies":[{"name":"wp","href":"https:\/\/api.w.org\/{rel}","templated":true}]}}