{"id":32593,"date":"2022-06-15T14:14:31","date_gmt":"2022-06-15T12:14:31","guid":{"rendered":"https:\/\/www.krafthand.de\/truck\/?p=32593"},"modified":"2022-06-15T14:22:00","modified_gmt":"2022-06-15T12:22:00","slug":"schwarzmueller-hochstaffl-neuer-exklusiver-handelspartner-im-osten","status":"publish","type":"post","link":"https:\/\/www.krafthand.de\/truck\/artikel\/schwarzmueller-hochstaffl-neuer-exklusiver-handelspartner-im-osten-32593\/","title":{"rendered":"Schwarzm\u00fcller: Hochstaffl neuer exklusiver Handelspartner im Osten"},"content":{"rendered":"<p>Die Schwarzm\u00fcller Gruppe (Freinberg\/Ober\u00f6sterreich) hat eine exklusive Partnerschaft mit der <a href=\"https:\/\/www.hochstaffl.com\" target=\"_blank\" rel=\"noopener\">Hochstaffl Nutzfahrzeug GmbH<\/a> (Kundl\/Tirol) abgeschlossen.<br \/>\nHochstaffl wird exklusiv zum 1. Juli den Vertrieb in Rum\u00e4nien und Kroatien sowie im th\u00fcringischen Schleiz \u00fcbernehmen. Beide Partner erwarten sich laut <a href=\"https:\/\/www.schwarzmueller.com\/de\/home\" target=\"_blank\" rel=\"noopener\">Schwarzm\u00fcller<\/a> von der Zusammenarbeit Impulse in den Zielm\u00e4rkten. Die Schwarzm\u00fcller Organisation in beiden L\u00e4ndern bleibt bestehen und konzentriert sich auf die Customer Services und das Werkst\u00e4ttengesch\u00e4ft. Das gaben Schwarzm\u00fcller-CEO Roland Hartwig und der Gesch\u00e4ftsf\u00fchrer von Hochstaffl Nutzfahrzeuge, Michael Hochstaffl, am 15. Juni bekannt.<\/p>\n<p>Die Hochstaffl Nutzfahrzeuge GmbH ist seit mehreren Jahrzehnten mit dem internationalen Verkauf von Nutzfahrzeugen erfolgreich. Zu ihrem Vollsortiment z\u00e4hlen auch Anh\u00e4nger und Aufbauten. Unter anderem ist das Unternehmen in Rum\u00e4nien und Kroatien seit Langem mit eigenen Standorten vertreten. <em>\u201eWir f\u00fchlen uns mit einem schlagkr\u00e4ftigen Partner, der auf die optimale Konfiguration von Fahrzeugen f\u00fcr jeden Kunden setzt, gut aufgehoben. Das entspricht unserer Nischenstrategie\u201c<\/em>, freut sich Hartwig auf die Zusammenarbeit. F\u00fcr Hochstaffl passt die Marke Schwarzm\u00fcller genau ins Portfolio seines Unternehmens: <em>\u201eWir werden mit unserem versierten Vertriebsteam genau jene Unternehmen ansprechen, f\u00fcr die Schwarzm\u00fcller Anh\u00e4nger die richtige L\u00f6sung sind. Durch unsere detaillierte Marktkenntnis wissen wir, wer zu dieser Zielgruppe geh\u00f6rt.\u201c<\/em><\/p>\n<h3>Gemeinsam Marktanteile gewinnen<\/h3>\n<p>In Kroatien und Rum\u00e4nien erwartet sich Roland Hartwig eine st\u00e4rkere Marktdurchdringung: <em>\u201eMit dem fl\u00e4chendeckenden Aktionsradius von Hochstaffl in den beiden L\u00e4ndern werden wir schneller Marktanteile gewinnen. Schwarzm\u00fcller selbst konzentriert sich dort auf den Ausbau der Customer Services und der Werkst\u00e4tten. Wir streben auch im Osten \u00fcberall eine fl\u00e4chendeckende Versorgung an. Denn der Bedarf an After Sales-Dienstleistungen steigt.\u201c<\/em> Kroatien ist ein kleiner Markt f\u00fcr Nutzfahrzeuge, der aber durch seine Lage eine gewisse Rolle spielt. Nicht nur f\u00fcr Neufahrzeuge, sondern auch Werkst\u00e4tten und Gebrauchtfahrzeuge gibt es hier gute Perspektiven. Der rum\u00e4nische Markt mit mehr als 4.000 zugelassenen Anh\u00e4ngern j\u00e4hrlich ist hoch interessant. Hier verf\u00fcgen die beiden Partner gemeinsam deutlich \u00fcber 10 Prozent und wollen diesen Marktanteil weiter steigern. Die Auftragseing\u00e4nge bei Schwarzm\u00fcller liegen aktuell auf einem Rekord-Niveau. Auch Customer Services werden stark nachgefragt.<\/p>\n<h3>Osteuropa produziert mehr als die H\u00e4lfte der Fahrzeuge<\/h3>\n<p>Osteuropa ist mit Verk\u00e4ufen in zehn L\u00e4ndern ein bedeutendes Segment f\u00fcr die Schwarzm\u00fcller Gruppe. Der \u00f6sterreichische Marktf\u00fchrer ist dort seit den 90er-Jahren pr\u00e4sent und produziert in Ungarn sowie Tschechien mehr als die H\u00e4lfte seiner Fahrzeuge. Beide Werke sind f\u00fcr die jeweiligen Fahrzeugtypen auch die Kompetenzzentren der Gruppe. Der Vertrieb wird \u00fcberwiegend mit der eigenen Organisation abgewickelt. Es gibt aber auch exklusive H\u00e4ndler-Partnerschaften, zum Beispiel in Bulgarien und der Slowakei.<\/p>\n","protected":false},"excerpt":{"rendered":"<p>Die \u00f6sterreichische Schwarzm\u00fcller Gruppe hat eine exklusive Partnerschaft mit der Hochstaffl Nutzfahrzeug GmbH abgeschlossen. Hochstaffl wird exklusiv zum 1. Juli den Vertrieb in Rum\u00e4nien und Kroatien sowie im th\u00fcringischen Schleiz \u00fcbernehmen.\u00a0 <span class=\"excerpt-more__dots\">&#8230;<\/span> <a class=\"excerpt-more__link\" href=\"https:\/\/www.krafthand.de\/truck\/artikel\/schwarzmueller-hochstaffl-neuer-exklusiver-handelspartner-im-osten-32593\/\" >weiter<\/a><\/p>\n","protected":false},"author":9,"featured_media":32594,"comment_status":"closed","ping_status":"closed","sticky":false,"template":"","format":"standard","meta":{"footnotes":""},"categories":[4914,4235],"tags":[5233,167,3881],"settings":[],"class_list":["post-32593","post","type-post","status-publish","format-standard","has-post-thumbnail","hentry","category-trailer-aufbauten","category-unternehmen","tag-hochstaffl","tag-kooperation","tag-schwarzmueller"],"yoast_head":"<!-- This site is optimized with the Yoast SEO plugin v27.3 - https:\/\/yoast.com\/product\/yoast-seo-wordpress\/ -->\n<title>Schwarzm\u00fcller kooperiert mit Hochstaffl I Krafthand-Truck<\/title>\n<meta name=\"description\" content=\"Schwarzm\u00fcller hat eine Partnerschaft mit Hochstaffl vereinbart. Hochstaffl \u00fcbernimmt den exklusiven Vertrieb in Rum\u00e4nien und Kroatien sowie im th\u00fcringischen Schleiz.\u00a0\" \/>\n<meta name=\"robots\" content=\"index, follow, max-snippet:-1, max-image-preview:large, max-video-preview:-1\" \/>\n<link rel=\"canonical\" href=\"https:\/\/www.krafthand.de\/truck\/artikel\/schwarzmueller-hochstaffl-neuer-exklusiver-handelspartner-im-osten-32593\/\" \/>\n<meta property=\"og:locale\" content=\"de_DE\" \/>\n<meta property=\"og:type\" content=\"article\" \/>\n<meta property=\"og:title\" content=\"Schwarzm\u00fcller kooperiert mit Hochstaffl I Krafthand-Truck\" \/>\n<meta property=\"og:description\" content=\"Schwarzm\u00fcller hat eine Partnerschaft mit Hochstaffl vereinbart. Hochstaffl \u00fcbernimmt den exklusiven Vertrieb in Rum\u00e4nien und Kroatien sowie im th\u00fcringischen Schleiz.\u00a0\" \/>\n<meta property=\"og:url\" content=\"https:\/\/www.krafthand-truck.de\/artikel\/schwarzmueller-hochstaffl-neuer-exklusiver-handelspartner-im-osten-32593\/\" \/>\n<meta property=\"og:site_name\" content=\"Krafthand-Truck\" \/>\n<meta property=\"article:published_time\" content=\"2022-06-15T12:14:31+00:00\" \/>\n<meta property=\"article:modified_time\" content=\"2022-06-15T12:22:00+00:00\" \/>\n<meta property=\"og:image\" content=\"https:\/\/static.krafthand-truck.de\/uploads\/2022\/06\/Schwarzmueller_Hochstaffl_Roland_Hartwig_Michael_Hochstaffl_Krafthand_Truck.jpg\" \/>\n\t<meta property=\"og:image:width\" content=\"1200\" \/>\n\t<meta property=\"og:image:height\" content=\"779\" \/>\n\t<meta property=\"og:image:type\" content=\"image\/jpeg\" \/>\n<meta name=\"author\" content=\"georg.blenk@krafthand-medien.de\" \/>\n<meta name=\"twitter:card\" content=\"summary_large_image\" \/>\n<meta name=\"twitter:label1\" content=\"Verfasst von\" \/>\n\t<meta name=\"twitter:data1\" content=\"georg.blenk@krafthand-medien.de\" \/>\n\t<meta name=\"twitter:label2\" content=\"Gesch\u00e4tzte Lesezeit\" \/>\n\t<meta name=\"twitter:data2\" content=\"2\u00a0Minuten\" \/>\n<script type=\"application\/ld+json\" class=\"yoast-schema-graph\">{\"@context\":\"https:\\\/\\\/schema.org\",\"@graph\":[{\"@type\":\"Article\",\"@id\":\"https:\\\/\\\/www.krafthand.de\\\/truck\\\/artikel\\\/schwarzmueller-hochstaffl-neuer-exklusiver-handelspartner-im-osten-32593\\\/#article\",\"isPartOf\":{\"@id\":\"https:\\\/\\\/www.krafthand.de\\\/truck\\\/artikel\\\/schwarzmueller-hochstaffl-neuer-exklusiver-handelspartner-im-osten-32593\\\/\"},\"author\":{\"name\":\"georg.blenk@krafthand-medien.de\",\"@id\":\"https:\\\/\\\/www.krafthand.de\\\/truck\\\/#\\\/schema\\\/person\\\/51fa80b1c57034c4bf63f9f988fc24ce\"},\"headline\":\"Schwarzm\u00fcller: Hochstaffl neuer exklusiver Handelspartner im Osten\",\"datePublished\":\"2022-06-15T12:14:31+00:00\",\"dateModified\":\"2022-06-15T12:22:00+00:00\",\"mainEntityOfPage\":{\"@id\":\"https:\\\/\\\/www.krafthand.de\\\/truck\\\/artikel\\\/schwarzmueller-hochstaffl-neuer-exklusiver-handelspartner-im-osten-32593\\\/\"},\"wordCount\":457,\"image\":{\"@id\":\"https:\\\/\\\/www.krafthand.de\\\/truck\\\/artikel\\\/schwarzmueller-hochstaffl-neuer-exklusiver-handelspartner-im-osten-32593\\\/#primaryimage\"},\"thumbnailUrl\":\"https:\\\/\\\/static.krafthand-truck.de\\\/uploads\\\/2022\\\/06\\\/Schwarzmueller_Hochstaffl_Roland_Hartwig_Michael_Hochstaffl_Krafthand_Truck.jpg\",\"keywords\":[\"Hochstaffl\",\"Kooperation\",\"Schwarzm\u00fcller\"],\"articleSection\":[\"Trailer\\\/Aufbauten\",\"Unternehmen\"],\"inLanguage\":\"de\"},{\"@type\":\"WebPage\",\"@id\":\"https:\\\/\\\/www.krafthand.de\\\/truck\\\/artikel\\\/schwarzmueller-hochstaffl-neuer-exklusiver-handelspartner-im-osten-32593\\\/\",\"url\":\"https:\\\/\\\/www.krafthand.de\\\/truck\\\/artikel\\\/schwarzmueller-hochstaffl-neuer-exklusiver-handelspartner-im-osten-32593\\\/\",\"name\":\"Schwarzm\u00fcller kooperiert mit Hochstaffl I Krafthand-Truck\",\"isPartOf\":{\"@id\":\"https:\\\/\\\/www.krafthand.de\\\/truck\\\/#website\"},\"primaryImageOfPage\":{\"@id\":\"https:\\\/\\\/www.krafthand.de\\\/truck\\\/artikel\\\/schwarzmueller-hochstaffl-neuer-exklusiver-handelspartner-im-osten-32593\\\/#primaryimage\"},\"image\":{\"@id\":\"https:\\\/\\\/www.krafthand.de\\\/truck\\\/artikel\\\/schwarzmueller-hochstaffl-neuer-exklusiver-handelspartner-im-osten-32593\\\/#primaryimage\"},\"thumbnailUrl\":\"https:\\\/\\\/static.krafthand-truck.de\\\/uploads\\\/2022\\\/06\\\/Schwarzmueller_Hochstaffl_Roland_Hartwig_Michael_Hochstaffl_Krafthand_Truck.jpg\",\"datePublished\":\"2022-06-15T12:14:31+00:00\",\"dateModified\":\"2022-06-15T12:22:00+00:00\",\"author\":{\"@id\":\"https:\\\/\\\/www.krafthand.de\\\/truck\\\/#\\\/schema\\\/person\\\/51fa80b1c57034c4bf63f9f988fc24ce\"},\"description\":\"Schwarzm\u00fcller hat eine Partnerschaft mit Hochstaffl vereinbart. Hochstaffl \u00fcbernimmt den exklusiven Vertrieb in Rum\u00e4nien und Kroatien sowie im th\u00fcringischen Schleiz.\u00a0\",\"breadcrumb\":{\"@id\":\"https:\\\/\\\/www.krafthand.de\\\/truck\\\/artikel\\\/schwarzmueller-hochstaffl-neuer-exklusiver-handelspartner-im-osten-32593\\\/#breadcrumb\"},\"inLanguage\":\"de\",\"potentialAction\":[{\"@type\":\"ReadAction\",\"target\":[\"https:\\\/\\\/www.krafthand.de\\\/truck\\\/artikel\\\/schwarzmueller-hochstaffl-neuer-exklusiver-handelspartner-im-osten-32593\\\/\"]}]},{\"@type\":\"ImageObject\",\"inLanguage\":\"de\",\"@id\":\"https:\\\/\\\/www.krafthand.de\\\/truck\\\/artikel\\\/schwarzmueller-hochstaffl-neuer-exklusiver-handelspartner-im-osten-32593\\\/#primaryimage\",\"url\":\"https:\\\/\\\/static.krafthand-truck.de\\\/uploads\\\/2022\\\/06\\\/Schwarzmueller_Hochstaffl_Roland_Hartwig_Michael_Hochstaffl_Krafthand_Truck.jpg\",\"contentUrl\":\"https:\\\/\\\/static.krafthand-truck.de\\\/uploads\\\/2022\\\/06\\\/Schwarzmueller_Hochstaffl_Roland_Hartwig_Michael_Hochstaffl_Krafthand_Truck.jpg\",\"width\":1200,\"height\":779},{\"@type\":\"BreadcrumbList\",\"@id\":\"https:\\\/\\\/www.krafthand.de\\\/truck\\\/artikel\\\/schwarzmueller-hochstaffl-neuer-exklusiver-handelspartner-im-osten-32593\\\/#breadcrumb\",\"itemListElement\":[{\"@type\":\"ListItem\",\"position\":1,\"name\":\"Krafthand-Truck\",\"item\":\"https:\\\/\\\/www.krafthand.de\\\/truck\\\/\"},{\"@type\":\"ListItem\",\"position\":2,\"name\":\"Nfz-Technik\",\"item\":\"https:\\\/\\\/www.krafthand.de\\\/truck\\\/kategorie\\\/nfz-technik\\\/\"},{\"@type\":\"ListItem\",\"position\":3,\"name\":\"Trailer\\\/Aufbauten\",\"item\":\"https:\\\/\\\/www.krafthand.de\\\/truck\\\/kategorie\\\/nfz-technik\\\/trailer-aufbauten\\\/\"},{\"@type\":\"ListItem\",\"position\":4,\"name\":\"Schwarzm\u00fcller: Hochstaffl neuer exklusiver Handelspartner im Osten\"}]},{\"@type\":\"WebSite\",\"@id\":\"https:\\\/\\\/www.krafthand.de\\\/truck\\\/#website\",\"url\":\"https:\\\/\\\/www.krafthand.de\\\/truck\\\/\",\"name\":\"Krafthand-Truck\",\"description\":\"\",\"potentialAction\":[{\"@type\":\"SearchAction\",\"target\":{\"@type\":\"EntryPoint\",\"urlTemplate\":\"https:\\\/\\\/www.krafthand.de\\\/truck\\\/?s={search_term_string}\"},\"query-input\":{\"@type\":\"PropertyValueSpecification\",\"valueRequired\":true,\"valueName\":\"search_term_string\"}}],\"inLanguage\":\"de\"},{\"@type\":\"Person\",\"@id\":\"https:\\\/\\\/www.krafthand.de\\\/truck\\\/#\\\/schema\\\/person\\\/51fa80b1c57034c4bf63f9f988fc24ce\",\"name\":\"georg.blenk@krafthand-medien.de\",\"image\":{\"@type\":\"ImageObject\",\"inLanguage\":\"de\",\"@id\":\"https:\\\/\\\/secure.gravatar.com\\\/avatar\\\/93713c30affe0aa95d3a4130e499bb1abee2eb31adbdd9ce2aa1543538490215?s=96&d=mm&r=g\",\"url\":\"https:\\\/\\\/secure.gravatar.com\\\/avatar\\\/93713c30affe0aa95d3a4130e499bb1abee2eb31adbdd9ce2aa1543538490215?s=96&d=mm&r=g\",\"contentUrl\":\"https:\\\/\\\/secure.gravatar.com\\\/avatar\\\/93713c30affe0aa95d3a4130e499bb1abee2eb31adbdd9ce2aa1543538490215?s=96&d=mm&r=g\",\"caption\":\"georg.blenk@krafthand-medien.de\"}}]}<\/script>\n<!-- \/ Yoast SEO plugin. -->","yoast_head_json":{"title":"Schwarzm\u00fcller kooperiert mit Hochstaffl I Krafthand-Truck","description":"Schwarzm\u00fcller hat eine Partnerschaft mit Hochstaffl vereinbart. Hochstaffl \u00fcbernimmt den exklusiven Vertrieb in Rum\u00e4nien und Kroatien sowie im th\u00fcringischen Schleiz.\u00a0","robots":{"index":"index","follow":"follow","max-snippet":"max-snippet:-1","max-image-preview":"max-image-preview:large","max-video-preview":"max-video-preview:-1"},"canonical":"https:\/\/www.krafthand.de\/truck\/artikel\/schwarzmueller-hochstaffl-neuer-exklusiver-handelspartner-im-osten-32593\/","og_locale":"de_DE","og_type":"article","og_title":"Schwarzm\u00fcller kooperiert mit Hochstaffl I Krafthand-Truck","og_description":"Schwarzm\u00fcller hat eine Partnerschaft mit Hochstaffl vereinbart. Hochstaffl \u00fcbernimmt den exklusiven Vertrieb in Rum\u00e4nien und Kroatien sowie im th\u00fcringischen Schleiz.\u00a0","og_url":"https:\/\/www.krafthand-truck.de\/artikel\/schwarzmueller-hochstaffl-neuer-exklusiver-handelspartner-im-osten-32593\/","og_site_name":"Krafthand-Truck","article_published_time":"2022-06-15T12:14:31+00:00","article_modified_time":"2022-06-15T12:22:00+00:00","og_image":[{"width":1200,"height":779,"url":"https:\/\/static.krafthand-truck.de\/uploads\/2022\/06\/Schwarzmueller_Hochstaffl_Roland_Hartwig_Michael_Hochstaffl_Krafthand_Truck.jpg","type":"image\/jpeg"}],"author":"georg.blenk@krafthand-medien.de","twitter_card":"summary_large_image","twitter_misc":{"Verfasst von":"georg.blenk@krafthand-medien.de","Gesch\u00e4tzte Lesezeit":"2\u00a0Minuten"},"schema":{"@context":"https:\/\/schema.org","@graph":[{"@type":"Article","@id":"https:\/\/www.krafthand.de\/truck\/artikel\/schwarzmueller-hochstaffl-neuer-exklusiver-handelspartner-im-osten-32593\/#article","isPartOf":{"@id":"https:\/\/www.krafthand.de\/truck\/artikel\/schwarzmueller-hochstaffl-neuer-exklusiver-handelspartner-im-osten-32593\/"},"author":{"name":"georg.blenk@krafthand-medien.de","@id":"https:\/\/www.krafthand.de\/truck\/#\/schema\/person\/51fa80b1c57034c4bf63f9f988fc24ce"},"headline":"Schwarzm\u00fcller: Hochstaffl neuer exklusiver Handelspartner im Osten","datePublished":"2022-06-15T12:14:31+00:00","dateModified":"2022-06-15T12:22:00+00:00","mainEntityOfPage":{"@id":"https:\/\/www.krafthand.de\/truck\/artikel\/schwarzmueller-hochstaffl-neuer-exklusiver-handelspartner-im-osten-32593\/"},"wordCount":457,"image":{"@id":"https:\/\/www.krafthand.de\/truck\/artikel\/schwarzmueller-hochstaffl-neuer-exklusiver-handelspartner-im-osten-32593\/#primaryimage"},"thumbnailUrl":"https:\/\/static.krafthand-truck.de\/uploads\/2022\/06\/Schwarzmueller_Hochstaffl_Roland_Hartwig_Michael_Hochstaffl_Krafthand_Truck.jpg","keywords":["Hochstaffl","Kooperation","Schwarzm\u00fcller"],"articleSection":["Trailer\/Aufbauten","Unternehmen"],"inLanguage":"de"},{"@type":"WebPage","@id":"https:\/\/www.krafthand.de\/truck\/artikel\/schwarzmueller-hochstaffl-neuer-exklusiver-handelspartner-im-osten-32593\/","url":"https:\/\/www.krafthand.de\/truck\/artikel\/schwarzmueller-hochstaffl-neuer-exklusiver-handelspartner-im-osten-32593\/","name":"Schwarzm\u00fcller kooperiert mit Hochstaffl I Krafthand-Truck","isPartOf":{"@id":"https:\/\/www.krafthand.de\/truck\/#website"},"primaryImageOfPage":{"@id":"https:\/\/www.krafthand.de\/truck\/artikel\/schwarzmueller-hochstaffl-neuer-exklusiver-handelspartner-im-osten-32593\/#primaryimage"},"image":{"@id":"https:\/\/www.krafthand.de\/truck\/artikel\/schwarzmueller-hochstaffl-neuer-exklusiver-handelspartner-im-osten-32593\/#primaryimage"},"thumbnailUrl":"https:\/\/static.krafthand-truck.de\/uploads\/2022\/06\/Schwarzmueller_Hochstaffl_Roland_Hartwig_Michael_Hochstaffl_Krafthand_Truck.jpg","datePublished":"2022-06-15T12:14:31+00:00","dateModified":"2022-06-15T12:22:00+00:00","author":{"@id":"https:\/\/www.krafthand.de\/truck\/#\/schema\/person\/51fa80b1c57034c4bf63f9f988fc24ce"},"description":"Schwarzm\u00fcller hat eine Partnerschaft mit Hochstaffl vereinbart. Hochstaffl \u00fcbernimmt den exklusiven Vertrieb in Rum\u00e4nien und Kroatien sowie im th\u00fcringischen Schleiz.\u00a0","breadcrumb":{"@id":"https:\/\/www.krafthand.de\/truck\/artikel\/schwarzmueller-hochstaffl-neuer-exklusiver-handelspartner-im-osten-32593\/#breadcrumb"},"inLanguage":"de","potentialAction":[{"@type":"ReadAction","target":["https:\/\/www.krafthand.de\/truck\/artikel\/schwarzmueller-hochstaffl-neuer-exklusiver-handelspartner-im-osten-32593\/"]}]},{"@type":"ImageObject","inLanguage":"de","@id":"https:\/\/www.krafthand.de\/truck\/artikel\/schwarzmueller-hochstaffl-neuer-exklusiver-handelspartner-im-osten-32593\/#primaryimage","url":"https:\/\/static.krafthand-truck.de\/uploads\/2022\/06\/Schwarzmueller_Hochstaffl_Roland_Hartwig_Michael_Hochstaffl_Krafthand_Truck.jpg","contentUrl":"https:\/\/static.krafthand-truck.de\/uploads\/2022\/06\/Schwarzmueller_Hochstaffl_Roland_Hartwig_Michael_Hochstaffl_Krafthand_Truck.jpg","width":1200,"height":779},{"@type":"BreadcrumbList","@id":"https:\/\/www.krafthand.de\/truck\/artikel\/schwarzmueller-hochstaffl-neuer-exklusiver-handelspartner-im-osten-32593\/#breadcrumb","itemListElement":[{"@type":"ListItem","position":1,"name":"Krafthand-Truck","item":"https:\/\/www.krafthand.de\/truck\/"},{"@type":"ListItem","position":2,"name":"Nfz-Technik","item":"https:\/\/www.krafthand.de\/truck\/kategorie\/nfz-technik\/"},{"@type":"ListItem","position":3,"name":"Trailer\/Aufbauten","item":"https:\/\/www.krafthand.de\/truck\/kategorie\/nfz-technik\/trailer-aufbauten\/"},{"@type":"ListItem","position":4,"name":"Schwarzm\u00fcller: Hochstaffl neuer exklusiver Handelspartner im Osten"}]},{"@type":"WebSite","@id":"https:\/\/www.krafthand.de\/truck\/#website","url":"https:\/\/www.krafthand.de\/truck\/","name":"Krafthand-Truck","description":"","potentialAction":[{"@type":"SearchAction","target":{"@type":"EntryPoint","urlTemplate":"https:\/\/www.krafthand.de\/truck\/?s={search_term_string}"},"query-input":{"@type":"PropertyValueSpecification","valueRequired":true,"valueName":"search_term_string"}}],"inLanguage":"de"},{"@type":"Person","@id":"https:\/\/www.krafthand.de\/truck\/#\/schema\/person\/51fa80b1c57034c4bf63f9f988fc24ce","name":"georg.blenk@krafthand-medien.de","image":{"@type":"ImageObject","inLanguage":"de","@id":"https:\/\/secure.gravatar.com\/avatar\/93713c30affe0aa95d3a4130e499bb1abee2eb31adbdd9ce2aa1543538490215?s=96&d=mm&r=g","url":"https:\/\/secure.gravatar.com\/avatar\/93713c30affe0aa95d3a4130e499bb1abee2eb31adbdd9ce2aa1543538490215?s=96&d=mm&r=g","contentUrl":"https:\/\/secure.gravatar.com\/avatar\/93713c30affe0aa95d3a4130e499bb1abee2eb31adbdd9ce2aa1543538490215?s=96&d=mm&r=g","caption":"georg.blenk@krafthand-medien.de"}}]}},"_links":{"self":[{"href":"https:\/\/www.krafthand.de\/truck\/wp-json\/wp\/v2\/posts\/32593","targetHints":{"allow":["GET"]}}],"collection":[{"href":"https:\/\/www.krafthand.de\/truck\/wp-json\/wp\/v2\/posts"}],"about":[{"href":"https:\/\/www.krafthand.de\/truck\/wp-json\/wp\/v2\/types\/post"}],"author":[{"embeddable":true,"href":"https:\/\/www.krafthand.de\/truck\/wp-json\/wp\/v2\/users\/9"}],"replies":[{"embeddable":true,"href":"https:\/\/www.krafthand.de\/truck\/wp-json\/wp\/v2\/comments?post=32593"}],"version-history":[{"count":9,"href":"https:\/\/www.krafthand.de\/truck\/wp-json\/wp\/v2\/posts\/32593\/revisions"}],"predecessor-version":[{"id":32603,"href":"https:\/\/www.krafthand.de\/truck\/wp-json\/wp\/v2\/posts\/32593\/revisions\/32603"}],"wp:featuredmedia":[{"embeddable":true,"href":"https:\/\/www.krafthand.de\/truck\/wp-json\/wp\/v2\/media\/32594"}],"wp:attachment":[{"href":"https:\/\/www.krafthand.de\/truck\/wp-json\/wp\/v2\/media?parent=32593"}],"wp:term":[{"taxonomy":"category","embeddable":true,"href":"https:\/\/www.krafthand.de\/truck\/wp-json\/wp\/v2\/categories?post=32593"},{"taxonomy":"post_tag","embeddable":true,"href":"https:\/\/www.krafthand.de\/truck\/wp-json\/wp\/v2\/tags?post=32593"},{"taxonomy":"settings","embeddable":true,"href":"https:\/\/www.krafthand.de\/truck\/wp-json\/wp\/v2\/settings?post=32593"}],"curies":[{"name":"wp","href":"https:\/\/api.w.org\/{rel}","templated":true}]}}