{"id":32519,"date":"2022-06-14T14:39:01","date_gmt":"2022-06-14T12:39:01","guid":{"rendered":"https:\/\/www.krafthand.de\/truck\/?p=32519"},"modified":"2022-06-14T15:00:13","modified_gmt":"2022-06-14T13:00:13","slug":"krone-und-alltrucks-truck-trailer-service-ziehen-positive-bilanz","status":"publish","type":"post","link":"https:\/\/www.krafthand.de\/truck\/artikel\/krone-und-alltrucks-truck-trailer-service-ziehen-positive-bilanz-32519\/","title":{"rendered":"Krone und Alltrucks Truck &#038; Trailer Service ziehen positive Bilanz"},"content":{"rendered":"<p>Nach gut einem Jahr blicken der Trailer-Hersteller <a href=\"https:\/\/www.krone-trailer.com\" target=\"_blank\" rel=\"noopener\">Krone<\/a> und das marken\u00fcbergreifende Full-Service Werkstattkonzept von <a href=\"https:\/\/www.alltrucks.com\" target=\"_blank\" rel=\"noopener\">Alltrucks<\/a> Truck &amp; Trailer Service auf eine sehr zufriedenstellende Entwicklung beim Ausbau des gemeinsamen Servicenetzes zur\u00fcck. Beim Start der Kooperation im Fr\u00fchjahr 2021 fokussierten beide Partner zun\u00e4chst die M\u00e4rkte Deutschland, \u00d6sterreich und Schweiz. Sukzessive wurden in den vergangenen zw\u00f6lf Monaten aber auch Servicest\u00fctzpunkte in Frankreich, Spanien und den Niederlanden implementiert. Die Ausweitung auf weitere europ\u00e4ische L\u00e4nder ist laut Krone geplant.<\/p>\n<h3>Celsineo-Servicenetzwerk<\/h3>\n<p>Ein weiterer, zentraler Bestandteil der Kooperation ist Krone zufolge der Service rund um die K\u00fchlaggregatmarke <a href=\"https:\/\/www.krafthand.de\/truck\/artikel\/kuehlaggregate-celsineo-servicenetz-und-schulungs-trailer-31376\/\" target=\"_blank\" rel=\"noopener\">Celsineo<\/a>, eine gemeinsame Entwicklung von Krone und Liebherr. Aktuell geh\u00f6ren schon mehr als 50 Alltrucks Partnerwerkst\u00e4tten in der DACH-Region zu den zertifizierten Celsineo-Werkst\u00e4tten, die Flottenkunden einen vollumf\u00e4nglichen Service f\u00fcr alle Krone Cool Liner bieten. Das mittelfristige Ziel ist eine vollst\u00e4ndige geografische Abdeckung in ganz Europa, um einen l\u00fcckenlosen Service entlang aller Haupttransportrouten zu erreichen.<\/p>\n<blockquote><p>\u201eWir verstehen uns als Dienstleister rund um den Trailer, dazu geh\u00f6rt selbstverst\u00e4ndlich ein kompetenter, fl\u00e4chendeckender Service in ganz Europa. Dank der Kooperation mit Alltrucks konnten wir \u2013 ganz im Sinne unserer Kunden \u2013 unser Servicenetz bereits ma\u00dfgeblich ausweiten. Diesen Weg werden wir gemeinsam konsequent fortf\u00fchren, und davon profitieren alle Fuhrparkunternehmen, die einen schnellen, zuverl\u00e4ssigen und fachkundigen Service zu sch\u00e4tzen wissen&#8220;, erkl\u00e4rt Ralf Faust, Krone Gesch\u00e4ftsf\u00fchrer Service &amp; Parts, zieht nach einem Jahr eine positive Bilanz.<\/p>\n<p>Auch Homer Smyrliadis, Gesch\u00e4ftsf\u00fchrer von Alltrucks sieht f\u00fcr beide Seiten einen unmittelbaren Mehrwert und f\u00fcgt hinzu: \u201eUnser Anspruch ist es, sowohl Werkstattpartnern als auch Flottenunternehmen einen werthaltigen Service zu bieten. Deshalb setzen wir auf die Entwicklung relevanter und nachhaltiger Konzepte und Dienstleistungen. Zusammen mit Krone konnten wir bereits einen entscheidenden Schritt vorankommen. Die positive Resonanz unserer Kunden auf unser gemeinsames Angebot mit Krone zeigt, dass wir uns auf dem richtigen Weg befinden. Bereits heute sehen wir, dass diese Kooperation unseren Werkstattpartnern die M\u00f6glichkeit gibt, schnell, europaweit und mit h\u00f6chster Qualit\u00e4t den Servicebedarf der Flotten zu decken.\u201c<\/p><\/blockquote>\n\r\n\t\t\t\t<div class=\"post-author\">\r\n\t\t\t\t\t<div class=\"khm-cp-author clearfix\">\r\n\t\t\t\t\t\t<div class=\"khm-cp-author__content\">\r\n\t\t\t\t\t\t\t\tKontakt zum Autor:<br \/>\r\n\t\t\t\t\t\t\t\t<strong>Georg Blenk<\/strong>, 08247 \/ 3007-45 |  <a href=\"mailto:georg.blenk@krafthand-medien.de\">georg.blenk@krafthand-medien.de<\/a>\r\n\t\t\t\t\t\t\t<div class=\"khm-cp-author__image\">\r\n\t\t\t\t\t\t<img src=\"https:\/\/static.krafthand-truck.de\/uploads\/2021\/01\/Blenk_6104-250x300-1-removebg-preview.png\" class=\"img-responsive\">\r\n\t\t\t\t\t<\/div>\r\n\t\t\t\t\t\t<\/div>\r\n\t\t\t\t\t<\/div>\r\n\t\t\t\t<\/div>\r\n\t\t\t\t","protected":false},"excerpt":{"rendered":"<p>Nach gut einem Jahr blicken der Trailer-Hersteller Krone und das marken\u00fcbergreifende Full-Service Werkstattkonzept von Alltrucks Truck &#038; Trailer Service auf eine sehr zufriedenstellende Entwicklung beim Ausbau des gemeinsamen Servicenetzes zur\u00fcck. <span class=\"excerpt-more__dots\">&#8230;<\/span> <a class=\"excerpt-more__link\" href=\"https:\/\/www.krafthand.de\/truck\/artikel\/krone-und-alltrucks-truck-trailer-service-ziehen-positive-bilanz-32519\/\" >weiter<\/a><\/p>\n","protected":false},"author":9,"featured_media":32526,"comment_status":"closed","ping_status":"closed","sticky":false,"template":"","format":"standard","meta":{"footnotes":""},"categories":[4914,4235],"tags":[182,4339,5226,388,4316],"settings":[3524,4766,3523],"class_list":["post-32519","post","type-post","status-publish","format-standard","has-post-thumbnail","hentry","category-trailer-aufbauten","category-unternehmen","tag-alltrucks","tag-celsineo","tag-homer-smyrliadis","tag-krone","tag-ralf-faust"],"yoast_head":"<!-- This site is optimized with the Yoast SEO plugin v27.3 - https:\/\/yoast.com\/product\/yoast-seo-wordpress\/ -->\n<title>Krone I Alltrucks I positive Entwicklung der Kooperation I Krafthand-Truck<\/title>\n<meta name=\"description\" content=\"Krone und Truck &amp; Trailer Service (Alltrucks) blicken auf eine positive Entwicklung beim Ausbau des gemeinsamen Servicenetzes zur\u00fcck.\" \/>\n<meta name=\"robots\" content=\"index, follow, max-snippet:-1, max-image-preview:large, max-video-preview:-1\" \/>\n<link rel=\"canonical\" href=\"https:\/\/www.krafthand.de\/truck\/artikel\/krone-und-alltrucks-truck-trailer-service-ziehen-positive-bilanz-32519\/\" \/>\n<meta property=\"og:locale\" content=\"de_DE\" \/>\n<meta property=\"og:type\" content=\"article\" \/>\n<meta property=\"og:title\" content=\"Krone I Alltrucks I positive Entwicklung der Kooperation I Krafthand-Truck\" \/>\n<meta property=\"og:description\" content=\"Krone und Truck &amp; Trailer Service (Alltrucks) blicken auf eine positive Entwicklung beim Ausbau des gemeinsamen Servicenetzes zur\u00fcck.\" \/>\n<meta property=\"og:url\" content=\"https:\/\/www.krafthand-truck.de\/artikel\/krone-und-alltrucks-truck-trailer-service-ziehen-positive-bilanz-32519\/\" \/>\n<meta property=\"og:site_name\" content=\"Krafthand-Truck\" \/>\n<meta property=\"article:published_time\" content=\"2022-06-14T12:39:01+00:00\" \/>\n<meta property=\"article:modified_time\" content=\"2022-06-14T13:00:13+00:00\" \/>\n<meta property=\"og:image\" content=\"https:\/\/static.krafthand-truck.de\/uploads\/2022\/06\/Krone_Alltrucks_Service_Werkstatt_Krafthand_Truck.jpg\" \/>\n\t<meta property=\"og:image:width\" content=\"1200\" \/>\n\t<meta property=\"og:image:height\" content=\"636\" \/>\n\t<meta property=\"og:image:type\" content=\"image\/jpeg\" \/>\n<meta name=\"author\" content=\"georg.blenk@krafthand-medien.de\" \/>\n<meta name=\"twitter:card\" content=\"summary_large_image\" \/>\n<meta name=\"twitter:label1\" content=\"Verfasst von\" \/>\n\t<meta name=\"twitter:data1\" content=\"georg.blenk@krafthand-medien.de\" \/>\n\t<meta name=\"twitter:label2\" content=\"Gesch\u00e4tzte Lesezeit\" \/>\n\t<meta name=\"twitter:data2\" content=\"2\u00a0Minuten\" \/>\n<script type=\"application\/ld+json\" class=\"yoast-schema-graph\">{\"@context\":\"https:\\\/\\\/schema.org\",\"@graph\":[{\"@type\":\"Article\",\"@id\":\"https:\\\/\\\/www.krafthand.de\\\/truck\\\/artikel\\\/krone-und-alltrucks-truck-trailer-service-ziehen-positive-bilanz-32519\\\/#article\",\"isPartOf\":{\"@id\":\"https:\\\/\\\/www.krafthand.de\\\/truck\\\/artikel\\\/krone-und-alltrucks-truck-trailer-service-ziehen-positive-bilanz-32519\\\/\"},\"author\":{\"name\":\"georg.blenk@krafthand-medien.de\",\"@id\":\"https:\\\/\\\/www.krafthand.de\\\/truck\\\/#\\\/schema\\\/person\\\/51fa80b1c57034c4bf63f9f988fc24ce\"},\"headline\":\"Krone und Alltrucks Truck &#038; Trailer Service ziehen positive Bilanz\",\"datePublished\":\"2022-06-14T12:39:01+00:00\",\"dateModified\":\"2022-06-14T13:00:13+00:00\",\"mainEntityOfPage\":{\"@id\":\"https:\\\/\\\/www.krafthand.de\\\/truck\\\/artikel\\\/krone-und-alltrucks-truck-trailer-service-ziehen-positive-bilanz-32519\\\/\"},\"wordCount\":354,\"image\":{\"@id\":\"https:\\\/\\\/www.krafthand.de\\\/truck\\\/artikel\\\/krone-und-alltrucks-truck-trailer-service-ziehen-positive-bilanz-32519\\\/#primaryimage\"},\"thumbnailUrl\":\"https:\\\/\\\/static.krafthand-truck.de\\\/uploads\\\/2022\\\/06\\\/Krone_Alltrucks_Service_Werkstatt_Krafthand_Truck.jpg\",\"keywords\":[\"Alltrucks\",\"Celsineo\",\"Homer Smyrliadis\",\"Krone\",\"Ralf Faust\"],\"articleSection\":[\"Trailer\\\/Aufbauten\",\"Unternehmen\"],\"inLanguage\":\"de\"},{\"@type\":\"WebPage\",\"@id\":\"https:\\\/\\\/www.krafthand.de\\\/truck\\\/artikel\\\/krone-und-alltrucks-truck-trailer-service-ziehen-positive-bilanz-32519\\\/\",\"url\":\"https:\\\/\\\/www.krafthand.de\\\/truck\\\/artikel\\\/krone-und-alltrucks-truck-trailer-service-ziehen-positive-bilanz-32519\\\/\",\"name\":\"Krone I Alltrucks I positive Entwicklung der Kooperation I Krafthand-Truck\",\"isPartOf\":{\"@id\":\"https:\\\/\\\/www.krafthand.de\\\/truck\\\/#website\"},\"primaryImageOfPage\":{\"@id\":\"https:\\\/\\\/www.krafthand.de\\\/truck\\\/artikel\\\/krone-und-alltrucks-truck-trailer-service-ziehen-positive-bilanz-32519\\\/#primaryimage\"},\"image\":{\"@id\":\"https:\\\/\\\/www.krafthand.de\\\/truck\\\/artikel\\\/krone-und-alltrucks-truck-trailer-service-ziehen-positive-bilanz-32519\\\/#primaryimage\"},\"thumbnailUrl\":\"https:\\\/\\\/static.krafthand-truck.de\\\/uploads\\\/2022\\\/06\\\/Krone_Alltrucks_Service_Werkstatt_Krafthand_Truck.jpg\",\"datePublished\":\"2022-06-14T12:39:01+00:00\",\"dateModified\":\"2022-06-14T13:00:13+00:00\",\"author\":{\"@id\":\"https:\\\/\\\/www.krafthand.de\\\/truck\\\/#\\\/schema\\\/person\\\/51fa80b1c57034c4bf63f9f988fc24ce\"},\"description\":\"Krone und Truck & Trailer Service (Alltrucks) blicken auf eine positive Entwicklung beim Ausbau des gemeinsamen Servicenetzes zur\u00fcck.\",\"breadcrumb\":{\"@id\":\"https:\\\/\\\/www.krafthand.de\\\/truck\\\/artikel\\\/krone-und-alltrucks-truck-trailer-service-ziehen-positive-bilanz-32519\\\/#breadcrumb\"},\"inLanguage\":\"de\",\"potentialAction\":[{\"@type\":\"ReadAction\",\"target\":[\"https:\\\/\\\/www.krafthand.de\\\/truck\\\/artikel\\\/krone-und-alltrucks-truck-trailer-service-ziehen-positive-bilanz-32519\\\/\"]}]},{\"@type\":\"ImageObject\",\"inLanguage\":\"de\",\"@id\":\"https:\\\/\\\/www.krafthand.de\\\/truck\\\/artikel\\\/krone-und-alltrucks-truck-trailer-service-ziehen-positive-bilanz-32519\\\/#primaryimage\",\"url\":\"https:\\\/\\\/static.krafthand-truck.de\\\/uploads\\\/2022\\\/06\\\/Krone_Alltrucks_Service_Werkstatt_Krafthand_Truck.jpg\",\"contentUrl\":\"https:\\\/\\\/static.krafthand-truck.de\\\/uploads\\\/2022\\\/06\\\/Krone_Alltrucks_Service_Werkstatt_Krafthand_Truck.jpg\",\"width\":1200,\"height\":636},{\"@type\":\"BreadcrumbList\",\"@id\":\"https:\\\/\\\/www.krafthand.de\\\/truck\\\/artikel\\\/krone-und-alltrucks-truck-trailer-service-ziehen-positive-bilanz-32519\\\/#breadcrumb\",\"itemListElement\":[{\"@type\":\"ListItem\",\"position\":1,\"name\":\"Krafthand-Truck\",\"item\":\"https:\\\/\\\/www.krafthand.de\\\/truck\\\/\"},{\"@type\":\"ListItem\",\"position\":2,\"name\":\"Nfz-Branche\",\"item\":\"https:\\\/\\\/www.krafthand.de\\\/truck\\\/kategorie\\\/branche\\\/\"},{\"@type\":\"ListItem\",\"position\":3,\"name\":\"Unternehmen\",\"item\":\"https:\\\/\\\/www.krafthand.de\\\/truck\\\/kategorie\\\/branche\\\/unternehmen\\\/\"},{\"@type\":\"ListItem\",\"position\":4,\"name\":\"Krone und Alltrucks Truck &#038; Trailer Service ziehen positive Bilanz\"}]},{\"@type\":\"WebSite\",\"@id\":\"https:\\\/\\\/www.krafthand.de\\\/truck\\\/#website\",\"url\":\"https:\\\/\\\/www.krafthand.de\\\/truck\\\/\",\"name\":\"Krafthand-Truck\",\"description\":\"\",\"potentialAction\":[{\"@type\":\"SearchAction\",\"target\":{\"@type\":\"EntryPoint\",\"urlTemplate\":\"https:\\\/\\\/www.krafthand.de\\\/truck\\\/?s={search_term_string}\"},\"query-input\":{\"@type\":\"PropertyValueSpecification\",\"valueRequired\":true,\"valueName\":\"search_term_string\"}}],\"inLanguage\":\"de\"},{\"@type\":\"Person\",\"@id\":\"https:\\\/\\\/www.krafthand.de\\\/truck\\\/#\\\/schema\\\/person\\\/51fa80b1c57034c4bf63f9f988fc24ce\",\"name\":\"georg.blenk@krafthand-medien.de\",\"image\":{\"@type\":\"ImageObject\",\"inLanguage\":\"de\",\"@id\":\"https:\\\/\\\/secure.gravatar.com\\\/avatar\\\/93713c30affe0aa95d3a4130e499bb1abee2eb31adbdd9ce2aa1543538490215?s=96&d=mm&r=g\",\"url\":\"https:\\\/\\\/secure.gravatar.com\\\/avatar\\\/93713c30affe0aa95d3a4130e499bb1abee2eb31adbdd9ce2aa1543538490215?s=96&d=mm&r=g\",\"contentUrl\":\"https:\\\/\\\/secure.gravatar.com\\\/avatar\\\/93713c30affe0aa95d3a4130e499bb1abee2eb31adbdd9ce2aa1543538490215?s=96&d=mm&r=g\",\"caption\":\"georg.blenk@krafthand-medien.de\"}}]}<\/script>\n<!-- \/ Yoast SEO plugin. -->","yoast_head_json":{"title":"Krone I Alltrucks I positive Entwicklung der Kooperation I Krafthand-Truck","description":"Krone und Truck & Trailer Service (Alltrucks) blicken auf eine positive Entwicklung beim Ausbau des gemeinsamen Servicenetzes zur\u00fcck.","robots":{"index":"index","follow":"follow","max-snippet":"max-snippet:-1","max-image-preview":"max-image-preview:large","max-video-preview":"max-video-preview:-1"},"canonical":"https:\/\/www.krafthand.de\/truck\/artikel\/krone-und-alltrucks-truck-trailer-service-ziehen-positive-bilanz-32519\/","og_locale":"de_DE","og_type":"article","og_title":"Krone I Alltrucks I positive Entwicklung der Kooperation I Krafthand-Truck","og_description":"Krone und Truck & Trailer Service (Alltrucks) blicken auf eine positive Entwicklung beim Ausbau des gemeinsamen Servicenetzes zur\u00fcck.","og_url":"https:\/\/www.krafthand-truck.de\/artikel\/krone-und-alltrucks-truck-trailer-service-ziehen-positive-bilanz-32519\/","og_site_name":"Krafthand-Truck","article_published_time":"2022-06-14T12:39:01+00:00","article_modified_time":"2022-06-14T13:00:13+00:00","og_image":[{"width":1200,"height":636,"url":"https:\/\/static.krafthand-truck.de\/uploads\/2022\/06\/Krone_Alltrucks_Service_Werkstatt_Krafthand_Truck.jpg","type":"image\/jpeg"}],"author":"georg.blenk@krafthand-medien.de","twitter_card":"summary_large_image","twitter_misc":{"Verfasst von":"georg.blenk@krafthand-medien.de","Gesch\u00e4tzte Lesezeit":"2\u00a0Minuten"},"schema":{"@context":"https:\/\/schema.org","@graph":[{"@type":"Article","@id":"https:\/\/www.krafthand.de\/truck\/artikel\/krone-und-alltrucks-truck-trailer-service-ziehen-positive-bilanz-32519\/#article","isPartOf":{"@id":"https:\/\/www.krafthand.de\/truck\/artikel\/krone-und-alltrucks-truck-trailer-service-ziehen-positive-bilanz-32519\/"},"author":{"name":"georg.blenk@krafthand-medien.de","@id":"https:\/\/www.krafthand.de\/truck\/#\/schema\/person\/51fa80b1c57034c4bf63f9f988fc24ce"},"headline":"Krone und Alltrucks Truck &#038; Trailer Service ziehen positive Bilanz","datePublished":"2022-06-14T12:39:01+00:00","dateModified":"2022-06-14T13:00:13+00:00","mainEntityOfPage":{"@id":"https:\/\/www.krafthand.de\/truck\/artikel\/krone-und-alltrucks-truck-trailer-service-ziehen-positive-bilanz-32519\/"},"wordCount":354,"image":{"@id":"https:\/\/www.krafthand.de\/truck\/artikel\/krone-und-alltrucks-truck-trailer-service-ziehen-positive-bilanz-32519\/#primaryimage"},"thumbnailUrl":"https:\/\/static.krafthand-truck.de\/uploads\/2022\/06\/Krone_Alltrucks_Service_Werkstatt_Krafthand_Truck.jpg","keywords":["Alltrucks","Celsineo","Homer Smyrliadis","Krone","Ralf Faust"],"articleSection":["Trailer\/Aufbauten","Unternehmen"],"inLanguage":"de"},{"@type":"WebPage","@id":"https:\/\/www.krafthand.de\/truck\/artikel\/krone-und-alltrucks-truck-trailer-service-ziehen-positive-bilanz-32519\/","url":"https:\/\/www.krafthand.de\/truck\/artikel\/krone-und-alltrucks-truck-trailer-service-ziehen-positive-bilanz-32519\/","name":"Krone I Alltrucks I positive Entwicklung der Kooperation I Krafthand-Truck","isPartOf":{"@id":"https:\/\/www.krafthand.de\/truck\/#website"},"primaryImageOfPage":{"@id":"https:\/\/www.krafthand.de\/truck\/artikel\/krone-und-alltrucks-truck-trailer-service-ziehen-positive-bilanz-32519\/#primaryimage"},"image":{"@id":"https:\/\/www.krafthand.de\/truck\/artikel\/krone-und-alltrucks-truck-trailer-service-ziehen-positive-bilanz-32519\/#primaryimage"},"thumbnailUrl":"https:\/\/static.krafthand-truck.de\/uploads\/2022\/06\/Krone_Alltrucks_Service_Werkstatt_Krafthand_Truck.jpg","datePublished":"2022-06-14T12:39:01+00:00","dateModified":"2022-06-14T13:00:13+00:00","author":{"@id":"https:\/\/www.krafthand.de\/truck\/#\/schema\/person\/51fa80b1c57034c4bf63f9f988fc24ce"},"description":"Krone und Truck & Trailer Service (Alltrucks) blicken auf eine positive Entwicklung beim Ausbau des gemeinsamen Servicenetzes zur\u00fcck.","breadcrumb":{"@id":"https:\/\/www.krafthand.de\/truck\/artikel\/krone-und-alltrucks-truck-trailer-service-ziehen-positive-bilanz-32519\/#breadcrumb"},"inLanguage":"de","potentialAction":[{"@type":"ReadAction","target":["https:\/\/www.krafthand.de\/truck\/artikel\/krone-und-alltrucks-truck-trailer-service-ziehen-positive-bilanz-32519\/"]}]},{"@type":"ImageObject","inLanguage":"de","@id":"https:\/\/www.krafthand.de\/truck\/artikel\/krone-und-alltrucks-truck-trailer-service-ziehen-positive-bilanz-32519\/#primaryimage","url":"https:\/\/static.krafthand-truck.de\/uploads\/2022\/06\/Krone_Alltrucks_Service_Werkstatt_Krafthand_Truck.jpg","contentUrl":"https:\/\/static.krafthand-truck.de\/uploads\/2022\/06\/Krone_Alltrucks_Service_Werkstatt_Krafthand_Truck.jpg","width":1200,"height":636},{"@type":"BreadcrumbList","@id":"https:\/\/www.krafthand.de\/truck\/artikel\/krone-und-alltrucks-truck-trailer-service-ziehen-positive-bilanz-32519\/#breadcrumb","itemListElement":[{"@type":"ListItem","position":1,"name":"Krafthand-Truck","item":"https:\/\/www.krafthand.de\/truck\/"},{"@type":"ListItem","position":2,"name":"Nfz-Branche","item":"https:\/\/www.krafthand.de\/truck\/kategorie\/branche\/"},{"@type":"ListItem","position":3,"name":"Unternehmen","item":"https:\/\/www.krafthand.de\/truck\/kategorie\/branche\/unternehmen\/"},{"@type":"ListItem","position":4,"name":"Krone und Alltrucks Truck &#038; Trailer Service ziehen positive Bilanz"}]},{"@type":"WebSite","@id":"https:\/\/www.krafthand.de\/truck\/#website","url":"https:\/\/www.krafthand.de\/truck\/","name":"Krafthand-Truck","description":"","potentialAction":[{"@type":"SearchAction","target":{"@type":"EntryPoint","urlTemplate":"https:\/\/www.krafthand.de\/truck\/?s={search_term_string}"},"query-input":{"@type":"PropertyValueSpecification","valueRequired":true,"valueName":"search_term_string"}}],"inLanguage":"de"},{"@type":"Person","@id":"https:\/\/www.krafthand.de\/truck\/#\/schema\/person\/51fa80b1c57034c4bf63f9f988fc24ce","name":"georg.blenk@krafthand-medien.de","image":{"@type":"ImageObject","inLanguage":"de","@id":"https:\/\/secure.gravatar.com\/avatar\/93713c30affe0aa95d3a4130e499bb1abee2eb31adbdd9ce2aa1543538490215?s=96&d=mm&r=g","url":"https:\/\/secure.gravatar.com\/avatar\/93713c30affe0aa95d3a4130e499bb1abee2eb31adbdd9ce2aa1543538490215?s=96&d=mm&r=g","contentUrl":"https:\/\/secure.gravatar.com\/avatar\/93713c30affe0aa95d3a4130e499bb1abee2eb31adbdd9ce2aa1543538490215?s=96&d=mm&r=g","caption":"georg.blenk@krafthand-medien.de"}}]}},"_links":{"self":[{"href":"https:\/\/www.krafthand.de\/truck\/wp-json\/wp\/v2\/posts\/32519","targetHints":{"allow":["GET"]}}],"collection":[{"href":"https:\/\/www.krafthand.de\/truck\/wp-json\/wp\/v2\/posts"}],"about":[{"href":"https:\/\/www.krafthand.de\/truck\/wp-json\/wp\/v2\/types\/post"}],"author":[{"embeddable":true,"href":"https:\/\/www.krafthand.de\/truck\/wp-json\/wp\/v2\/users\/9"}],"replies":[{"embeddable":true,"href":"https:\/\/www.krafthand.de\/truck\/wp-json\/wp\/v2\/comments?post=32519"}],"version-history":[{"count":6,"href":"https:\/\/www.krafthand.de\/truck\/wp-json\/wp\/v2\/posts\/32519\/revisions"}],"predecessor-version":[{"id":32541,"href":"https:\/\/www.krafthand.de\/truck\/wp-json\/wp\/v2\/posts\/32519\/revisions\/32541"}],"wp:featuredmedia":[{"embeddable":true,"href":"https:\/\/www.krafthand.de\/truck\/wp-json\/wp\/v2\/media\/32526"}],"wp:attachment":[{"href":"https:\/\/www.krafthand.de\/truck\/wp-json\/wp\/v2\/media?parent=32519"}],"wp:term":[{"taxonomy":"category","embeddable":true,"href":"https:\/\/www.krafthand.de\/truck\/wp-json\/wp\/v2\/categories?post=32519"},{"taxonomy":"post_tag","embeddable":true,"href":"https:\/\/www.krafthand.de\/truck\/wp-json\/wp\/v2\/tags?post=32519"},{"taxonomy":"settings","embeddable":true,"href":"https:\/\/www.krafthand.de\/truck\/wp-json\/wp\/v2\/settings?post=32519"}],"curies":[{"name":"wp","href":"https:\/\/api.w.org\/{rel}","templated":true}]}}